{"id":209154,"date":"2021-04-01T22:09:37","date_gmt":"2021-04-02T02:09:37","guid":{"rendered":"https:\/\/www.manaus.am.gov.br\/semasc\/semasc-ganha-iluminacao-azul-em-alusao-ao-dia-mundial-da-conscientizacao-do-autismo\/"},"modified":"2023-11-17T10:14:48","modified_gmt":"2023-11-17T14:14:48","slug":"semasc-ganha-iluminacao-azul-em-alusao-ao-dia-mundial-da-conscientizacao-do-autismo","status":"publish","type":"post","link":"https:\/\/www.manaus.am.gov.br\/semasc\/semasc-ganha-iluminacao-azul-em-alusao-ao-dia-mundial-da-conscientizacao-do-autismo\/","title":{"rendered":"Semasc ganha ilumina\u00e7\u00e3o azul em alus\u00e3o ao Dia Mundial da Conscientiza\u00e7\u00e3o do Autismo"},"content":{"rendered":"\n<p>A sede da Secretaria Municipal da Mulher, Assist\u00eancia Social e Cidadania (Semasc) ganhou ilumina\u00e7\u00e3o azul na noite desta quinta-feira, 1\u00ba\/4, em alus\u00e3o ao \u201cDia Mundial da Conscientiza\u00e7\u00e3o do Autismo\u201d, celebrado nesta sexta-feira, 2\/4. O evento deu in\u00edcio \u00e0 mobiliza\u00e7\u00e3o azul da Prefeitura de Manaus, que tem o objetivo de ampliar os debates e chamar a aten\u00e7\u00e3o para a causa do autismo.<\/p>\n\n\n\n<p>\u201cN\u00f3s abrimos o m\u00eas de abril com a tem\u00e1tica do Transtorno do Espectro do Autismo. Al\u00e9m desse ato de sensibiliza\u00e7\u00e3o com a ilumina\u00e7\u00e3o da sede, n\u00f3s vamos ter o lan\u00e7amento de um manual para orienta\u00e7\u00e3o das fam\u00edlias dos autistas, que s\u00e3o atendidas no Espa\u00e7o de Atendimento Multidisciplinar ao Autista Amigo Ruy, o Eamaar, lan\u00e7amento de um projeto que oferece apoio terap\u00eautico nas atividades que s\u00e3o realizadas em casa, entre outras iniciativas. Queremos trabalhar a inclus\u00e3o. Fazendo isso, as pe\u00e7as se encaixam\u201d, afirmou a subsecret\u00e1ria municipal de Pol\u00edticas Afirmativas para as Mulheres e Direitos Humanos da Semasc, Gra\u00e7a Prola.<\/p>\n\n\n\n<p>A Prefeitura de Manaus, por meio da Semasc, oferece pelo Eamaar, assist\u00eancia na \u00e1rea da Sa\u00fade para a realiza\u00e7\u00e3o de diagn\u00f3stico precoce, acompanhamentos psicopedag\u00f3gicos, terap\u00eautico, cl\u00ednico m\u00e9dico, entre outros.<\/p>\n\n\n\n<p>\u201cSeguindo orienta\u00e7\u00e3o do prefeito David Almeida, n\u00f3s temos atuado na humaniza\u00e7\u00e3o, cada vez maior, dos nossos atendimentos no Eamaar. Atendemos fam\u00edlias em extrema vulnerabilidade social, ent\u00e3o \u00e9 importante que o diagn\u00f3stico precoce seja realizado o quanto antes, para que as fam\u00edlias possam entender o processo de acompanhamento, de atendimento\u201d, declarou a secret\u00e1ria da Semasc, Jane Mara Moraes.<\/p>\n\n\n\n<p>Entre os sintomas mais comuns est\u00e3o dificuldades de comunica\u00e7\u00e3o, de intera\u00e7\u00f5es sociais, interesses obsessivos e comportamentos repetitivos. O diagn\u00f3stico precoce, assim como as terapias comportamentais, educacionais e familiares podem reduzir os sintomas, al\u00e9m de oferecer um pilar de apoio ao desenvolvimento e \u00e0 aprendizagem.<\/p>\n\n\n\n<p>\u201c\u00c9 o in\u00edcio de um m\u00eas importante para a nossa sociedade, para que os autistas n\u00e3o sejam esquecidos, que exista o respeito, a inclus\u00e3o e que as fam\u00edlias sejam acolhidas, pois sofrem muito preconceito, \u00e0s vezes, fruto do desconhecimento a respeito do autismo. Apesar do transtorno n\u00e3o ter cura, por meio do tratamento, h\u00e1 melhorias. Por isso \u00e9 importante conscientizar\u201d, concluiu a pediatra Adriana Loureiro.<\/p>\n\n\n\n<p>&#8212; &#8212; &#8212;<\/p>\n\n\n\n<p><strong>Texto &#8211; <\/strong>Leonardo Fierro \/ Semasc<br><strong>Fotos &#8211; <\/strong>Valdo Le\u00e3o \/ Semcom<br>Dispon\u00edveis em &#8211; <a href=\"https:\/\/flic.kr\/p\/2kQwPtQ\">https:\/\/flic.kr\/p\/2kQwPtQ<\/a><\/p>\n","protected":false},"excerpt":{"rendered":"","protected":false},"author":31,"featured_media":209155,"comment_status":"closed","ping_status":"closed","sticky":false,"template":"","format":"standard","meta":{"footnotes":""},"categories":[562],"tags":[563,564,565,18],"acf":[],"yoast_head":"<!-- This site is optimized with the Yoast SEO plugin v23.0 - https:\/\/yoast.com\/wordpress\/plugins\/seo\/ -->\n<title>Semasc ganha ilumina\u00e7\u00e3o azul em alus\u00e3o ao Dia Mundial da Conscientiza\u00e7\u00e3o do Autismo - SEMASC<\/title>\n<meta name=\"robots\" content=\"noindex, follow\" \/>\n<meta property=\"og:locale\" content=\"pt_BR\" \/>\n<meta property=\"og:type\" content=\"article\" \/>\n<meta property=\"og:title\" content=\"Semasc ganha ilumina\u00e7\u00e3o azul em alus\u00e3o ao Dia Mundial da Conscientiza\u00e7\u00e3o do Autismo - SEMASC\" \/>\n<meta property=\"og:url\" content=\"https:\/\/www.manaus.am.gov.br\/semasc\/semasc-ganha-iluminacao-azul-em-alusao-ao-dia-mundial-da-conscientizacao-do-autismo\/\" \/>\n<meta property=\"og:site_name\" content=\"SEMASC\" \/>\n<meta property=\"article:publisher\" content=\"https:\/\/www.facebook.com\/semascmanaus\" \/>\n<meta property=\"article:published_time\" content=\"2021-04-02T02:09:37+00:00\" \/>\n<meta property=\"article:modified_time\" content=\"2023-11-17T14:14:48+00:00\" \/>\n<meta property=\"og:image\" content=\"https:\/\/www.manaus.am.gov.br\/semasc\/wp-content\/uploads\/sites\/17\/2023\/11\/51088676026_11ffbe3086_c-1.jpg\" \/>\n\t<meta property=\"og:image:width\" content=\"800\" \/>\n\t<meta property=\"og:image:height\" content=\"534\" \/>\n\t<meta property=\"og:image:type\" content=\"image\/jpeg\" \/>\n<meta name=\"author\" content=\"Renata Felix\" \/>\n<meta name=\"twitter:card\" content=\"summary_large_image\" \/>\n<meta name=\"twitter:label1\" content=\"Written by\" \/>\n\t<meta name=\"twitter:data1\" content=\"Renata Felix\" \/>\n\t<meta name=\"twitter:label2\" content=\"Est. reading time\" \/>\n\t<meta name=\"twitter:data2\" content=\"3 minutos\" \/>\n<script type=\"application\/ld+json\" class=\"yoast-schema-graph\">{\"@context\":\"https:\/\/schema.org\",\"@graph\":[{\"@type\":\"Article\",\"@id\":\"https:\/\/www.manaus.am.gov.br\/semasc\/semasc-ganha-iluminacao-azul-em-alusao-ao-dia-mundial-da-conscientizacao-do-autismo\/#article\",\"isPartOf\":{\"@id\":\"https:\/\/www.manaus.am.gov.br\/semasc\/semasc-ganha-iluminacao-azul-em-alusao-ao-dia-mundial-da-conscientizacao-do-autismo\/\"},\"author\":{\"name\":\"Renata Felix\",\"@id\":\"https:\/\/www.manaus.am.gov.br\/semasc\/#\/schema\/person\/4eea2a8f78dc853097abb026f728aa06\"},\"headline\":\"Semasc ganha ilumina\u00e7\u00e3o azul em alus\u00e3o ao Dia Mundial da Conscientiza\u00e7\u00e3o do Autismo\",\"datePublished\":\"2021-04-02T02:09:37+00:00\",\"dateModified\":\"2023-11-17T14:14:48+00:00\",\"mainEntityOfPage\":{\"@id\":\"https:\/\/www.manaus.am.gov.br\/semasc\/semasc-ganha-iluminacao-azul-em-alusao-ao-dia-mundial-da-conscientizacao-do-autismo\/\"},\"wordCount\":439,\"publisher\":{\"@id\":\"https:\/\/www.manaus.am.gov.br\/semasc\/#organization\"},\"image\":{\"@id\":\"https:\/\/www.manaus.am.gov.br\/semasc\/semasc-ganha-iluminacao-azul-em-alusao-ao-dia-mundial-da-conscientizacao-do-autismo\/#primaryimage\"},\"thumbnailUrl\":\"https:\/\/www.manaus.am.gov.br\/semasc\/wp-content\/uploads\/sites\/17\/2023\/11\/51088676026_11ffbe3086_c-1.jpg\",\"keywords\":[\"autismo\",\"azul\",\"dia mundial\",\"Semasc\"],\"articleSection\":[\"Mobiliza\u00e7\u00e3o\"],\"inLanguage\":\"pt-BR\"},{\"@type\":\"WebPage\",\"@id\":\"https:\/\/www.manaus.am.gov.br\/semasc\/semasc-ganha-iluminacao-azul-em-alusao-ao-dia-mundial-da-conscientizacao-do-autismo\/\",\"url\":\"https:\/\/www.manaus.am.gov.br\/semasc\/semasc-ganha-iluminacao-azul-em-alusao-ao-dia-mundial-da-conscientizacao-do-autismo\/\",\"name\":\"Semasc ganha ilumina\u00e7\u00e3o azul em alus\u00e3o ao Dia Mundial da Conscientiza\u00e7\u00e3o do Autismo - SEMASC\",\"isPartOf\":{\"@id\":\"https:\/\/www.manaus.am.gov.br\/semasc\/#website\"},\"primaryImageOfPage\":{\"@id\":\"https:\/\/www.manaus.am.gov.br\/semasc\/semasc-ganha-iluminacao-azul-em-alusao-ao-dia-mundial-da-conscientizacao-do-autismo\/#primaryimage\"},\"image\":{\"@id\":\"https:\/\/www.manaus.am.gov.br\/semasc\/semasc-ganha-iluminacao-azul-em-alusao-ao-dia-mundial-da-conscientizacao-do-autismo\/#primaryimage\"},\"thumbnailUrl\":\"https:\/\/www.manaus.am.gov.br\/semasc\/wp-content\/uploads\/sites\/17\/2023\/11\/51088676026_11ffbe3086_c-1.jpg\",\"datePublished\":\"2021-04-02T02:09:37+00:00\",\"dateModified\":\"2023-11-17T14:14:48+00:00\",\"breadcrumb\":{\"@id\":\"https:\/\/www.manaus.am.gov.br\/semasc\/semasc-ganha-iluminacao-azul-em-alusao-ao-dia-mundial-da-conscientizacao-do-autismo\/#breadcrumb\"},\"inLanguage\":\"pt-BR\",\"potentialAction\":[{\"@type\":\"ReadAction\",\"target\":[\"https:\/\/www.manaus.am.gov.br\/semasc\/semasc-ganha-iluminacao-azul-em-alusao-ao-dia-mundial-da-conscientizacao-do-autismo\/\"]}]},{\"@type\":\"ImageObject\",\"inLanguage\":\"pt-BR\",\"@id\":\"https:\/\/www.manaus.am.gov.br\/semasc\/semasc-ganha-iluminacao-azul-em-alusao-ao-dia-mundial-da-conscientizacao-do-autismo\/#primaryimage\",\"url\":\"https:\/\/www.manaus.am.gov.br\/semasc\/wp-content\/uploads\/sites\/17\/2023\/11\/51088676026_11ffbe3086_c-1.jpg\",\"contentUrl\":\"https:\/\/www.manaus.am.gov.br\/semasc\/wp-content\/uploads\/sites\/17\/2023\/11\/51088676026_11ffbe3086_c-1.jpg\",\"width\":800,\"height\":534,\"caption\":\"Semasc ganha ilumina\u00e7\u00e3o azul em alus\u00e3o ao Dia Mundial da Conscientiza\u00e7\u00e3o do Autismo\"},{\"@type\":\"BreadcrumbList\",\"@id\":\"https:\/\/www.manaus.am.gov.br\/semasc\/semasc-ganha-iluminacao-azul-em-alusao-ao-dia-mundial-da-conscientizacao-do-autismo\/#breadcrumb\",\"itemListElement\":[{\"@type\":\"ListItem\",\"position\":1,\"name\":\"Home\",\"item\":\"https:\/\/www.manaus.am.gov.br\/semasc\/\"},{\"@type\":\"ListItem\",\"position\":2,\"name\":\"Semasc ganha ilumina\u00e7\u00e3o azul em alus\u00e3o ao Dia Mundial da Conscientiza\u00e7\u00e3o do Autismo\"}]},{\"@type\":\"WebSite\",\"@id\":\"https:\/\/www.manaus.am.gov.br\/semasc\/#website\",\"url\":\"https:\/\/www.manaus.am.gov.br\/semasc\/\",\"name\":\"SEMASC\",\"description\":\"Secretaria Municipal da Mulher, Assist\u00eancia Social e Cidadania.\",\"publisher\":{\"@id\":\"https:\/\/www.manaus.am.gov.br\/semasc\/#organization\"},\"alternateName\":\"Secretaria Municipal da Mulher, Assist\u00eancia Social e Cidadania\",\"potentialAction\":[{\"@type\":\"SearchAction\",\"target\":{\"@type\":\"EntryPoint\",\"urlTemplate\":\"https:\/\/www.manaus.am.gov.br\/semasc\/?s={search_term_string}\"},\"query-input\":\"required name=search_term_string\"}],\"inLanguage\":\"pt-BR\"},{\"@type\":\"Organization\",\"@id\":\"https:\/\/www.manaus.am.gov.br\/semasc\/#organization\",\"name\":\"Prefeitura de Manaus\",\"alternateName\":\"Prefeitura Municipal de Manaus\",\"url\":\"https:\/\/www.manaus.am.gov.br\/semasc\/\",\"logo\":{\"@type\":\"ImageObject\",\"inLanguage\":\"pt-BR\",\"@id\":\"https:\/\/www.manaus.am.gov.br\/semasc\/#\/schema\/logo\/image\/\",\"url\":\"https:\/\/www.manaus.am.gov.br\/semasc\/wp-content\/uploads\/sites\/17\/2024\/07\/favicon.png\",\"contentUrl\":\"https:\/\/www.manaus.am.gov.br\/semasc\/wp-content\/uploads\/sites\/17\/2024\/07\/favicon.png\",\"width\":300,\"height\":300,\"caption\":\"Prefeitura de Manaus\"},\"image\":{\"@id\":\"https:\/\/www.manaus.am.gov.br\/semasc\/#\/schema\/logo\/image\/\"},\"sameAs\":[\"https:\/\/www.facebook.com\/semascmanaus\",\"https:\/\/www.instagram.com\/semascmanaus\/\"]},{\"@type\":\"Person\",\"@id\":\"https:\/\/www.manaus.am.gov.br\/semasc\/#\/schema\/person\/4eea2a8f78dc853097abb026f728aa06\",\"name\":\"Renata Felix\",\"image\":{\"@type\":\"ImageObject\",\"inLanguage\":\"pt-BR\",\"@id\":\"https:\/\/www.manaus.am.gov.br\/semasc\/#\/schema\/person\/image\/\",\"url\":\"https:\/\/secure.gravatar.com\/avatar\/3c196cf9d3b837b24c8edb2c50fd8f29?s=96&d=mm&r=g\",\"contentUrl\":\"https:\/\/secure.gravatar.com\/avatar\/3c196cf9d3b837b24c8edb2c50fd8f29?s=96&d=mm&r=g\",\"caption\":\"Renata Felix\"}}]}<\/script>\n<!-- \/ Yoast SEO plugin. -->","yoast_head_json":{"title":"Semasc ganha ilumina\u00e7\u00e3o azul em alus\u00e3o ao Dia Mundial da Conscientiza\u00e7\u00e3o do Autismo - SEMASC","robots":{"index":"noindex","follow":"follow"},"og_locale":"pt_BR","og_type":"article","og_title":"Semasc ganha ilumina\u00e7\u00e3o azul em alus\u00e3o ao Dia Mundial da Conscientiza\u00e7\u00e3o do Autismo - SEMASC","og_url":"https:\/\/www.manaus.am.gov.br\/semasc\/semasc-ganha-iluminacao-azul-em-alusao-ao-dia-mundial-da-conscientizacao-do-autismo\/","og_site_name":"SEMASC","article_publisher":"https:\/\/www.facebook.com\/semascmanaus","article_published_time":"2021-04-02T02:09:37+00:00","article_modified_time":"2023-11-17T14:14:48+00:00","og_image":[{"width":800,"height":534,"url":"https:\/\/www.manaus.am.gov.br\/semasc\/wp-content\/uploads\/sites\/17\/2023\/11\/51088676026_11ffbe3086_c-1.jpg","type":"image\/jpeg"}],"author":"Renata Felix","twitter_card":"summary_large_image","twitter_misc":{"Written by":"Renata Felix","Est. reading time":"3 minutos"},"schema":{"@context":"https:\/\/schema.org","@graph":[{"@type":"Article","@id":"https:\/\/www.manaus.am.gov.br\/semasc\/semasc-ganha-iluminacao-azul-em-alusao-ao-dia-mundial-da-conscientizacao-do-autismo\/#article","isPartOf":{"@id":"https:\/\/www.manaus.am.gov.br\/semasc\/semasc-ganha-iluminacao-azul-em-alusao-ao-dia-mundial-da-conscientizacao-do-autismo\/"},"author":{"name":"Renata Felix","@id":"https:\/\/www.manaus.am.gov.br\/semasc\/#\/schema\/person\/4eea2a8f78dc853097abb026f728aa06"},"headline":"Semasc ganha ilumina\u00e7\u00e3o azul em alus\u00e3o ao Dia Mundial da Conscientiza\u00e7\u00e3o do Autismo","datePublished":"2021-04-02T02:09:37+00:00","dateModified":"2023-11-17T14:14:48+00:00","mainEntityOfPage":{"@id":"https:\/\/www.manaus.am.gov.br\/semasc\/semasc-ganha-iluminacao-azul-em-alusao-ao-dia-mundial-da-conscientizacao-do-autismo\/"},"wordCount":439,"publisher":{"@id":"https:\/\/www.manaus.am.gov.br\/semasc\/#organization"},"image":{"@id":"https:\/\/www.manaus.am.gov.br\/semasc\/semasc-ganha-iluminacao-azul-em-alusao-ao-dia-mundial-da-conscientizacao-do-autismo\/#primaryimage"},"thumbnailUrl":"https:\/\/www.manaus.am.gov.br\/semasc\/wp-content\/uploads\/sites\/17\/2023\/11\/51088676026_11ffbe3086_c-1.jpg","keywords":["autismo","azul","dia mundial","Semasc"],"articleSection":["Mobiliza\u00e7\u00e3o"],"inLanguage":"pt-BR"},{"@type":"WebPage","@id":"https:\/\/www.manaus.am.gov.br\/semasc\/semasc-ganha-iluminacao-azul-em-alusao-ao-dia-mundial-da-conscientizacao-do-autismo\/","url":"https:\/\/www.manaus.am.gov.br\/semasc\/semasc-ganha-iluminacao-azul-em-alusao-ao-dia-mundial-da-conscientizacao-do-autismo\/","name":"Semasc ganha ilumina\u00e7\u00e3o azul em alus\u00e3o ao Dia Mundial da Conscientiza\u00e7\u00e3o do Autismo - SEMASC","isPartOf":{"@id":"https:\/\/www.manaus.am.gov.br\/semasc\/#website"},"primaryImageOfPage":{"@id":"https:\/\/www.manaus.am.gov.br\/semasc\/semasc-ganha-iluminacao-azul-em-alusao-ao-dia-mundial-da-conscientizacao-do-autismo\/#primaryimage"},"image":{"@id":"https:\/\/www.manaus.am.gov.br\/semasc\/semasc-ganha-iluminacao-azul-em-alusao-ao-dia-mundial-da-conscientizacao-do-autismo\/#primaryimage"},"thumbnailUrl":"https:\/\/www.manaus.am.gov.br\/semasc\/wp-content\/uploads\/sites\/17\/2023\/11\/51088676026_11ffbe3086_c-1.jpg","datePublished":"2021-04-02T02:09:37+00:00","dateModified":"2023-11-17T14:14:48+00:00","breadcrumb":{"@id":"https:\/\/www.manaus.am.gov.br\/semasc\/semasc-ganha-iluminacao-azul-em-alusao-ao-dia-mundial-da-conscientizacao-do-autismo\/#breadcrumb"},"inLanguage":"pt-BR","potentialAction":[{"@type":"ReadAction","target":["https:\/\/www.manaus.am.gov.br\/semasc\/semasc-ganha-iluminacao-azul-em-alusao-ao-dia-mundial-da-conscientizacao-do-autismo\/"]}]},{"@type":"ImageObject","inLanguage":"pt-BR","@id":"https:\/\/www.manaus.am.gov.br\/semasc\/semasc-ganha-iluminacao-azul-em-alusao-ao-dia-mundial-da-conscientizacao-do-autismo\/#primaryimage","url":"https:\/\/www.manaus.am.gov.br\/semasc\/wp-content\/uploads\/sites\/17\/2023\/11\/51088676026_11ffbe3086_c-1.jpg","contentUrl":"https:\/\/www.manaus.am.gov.br\/semasc\/wp-content\/uploads\/sites\/17\/2023\/11\/51088676026_11ffbe3086_c-1.jpg","width":800,"height":534,"caption":"Semasc ganha ilumina\u00e7\u00e3o azul em alus\u00e3o ao Dia Mundial da Conscientiza\u00e7\u00e3o do Autismo"},{"@type":"BreadcrumbList","@id":"https:\/\/www.manaus.am.gov.br\/semasc\/semasc-ganha-iluminacao-azul-em-alusao-ao-dia-mundial-da-conscientizacao-do-autismo\/#breadcrumb","itemListElement":[{"@type":"ListItem","position":1,"name":"Home","item":"https:\/\/www.manaus.am.gov.br\/semasc\/"},{"@type":"ListItem","position":2,"name":"Semasc ganha ilumina\u00e7\u00e3o azul em alus\u00e3o ao Dia Mundial da Conscientiza\u00e7\u00e3o do Autismo"}]},{"@type":"WebSite","@id":"https:\/\/www.manaus.am.gov.br\/semasc\/#website","url":"https:\/\/www.manaus.am.gov.br\/semasc\/","name":"SEMASC","description":"Secretaria Municipal da Mulher, Assist\u00eancia Social e Cidadania.","publisher":{"@id":"https:\/\/www.manaus.am.gov.br\/semasc\/#organization"},"alternateName":"Secretaria Municipal da Mulher, Assist\u00eancia Social e Cidadania","potentialAction":[{"@type":"SearchAction","target":{"@type":"EntryPoint","urlTemplate":"https:\/\/www.manaus.am.gov.br\/semasc\/?s={search_term_string}"},"query-input":"required name=search_term_string"}],"inLanguage":"pt-BR"},{"@type":"Organization","@id":"https:\/\/www.manaus.am.gov.br\/semasc\/#organization","name":"Prefeitura de Manaus","alternateName":"Prefeitura Municipal de Manaus","url":"https:\/\/www.manaus.am.gov.br\/semasc\/","logo":{"@type":"ImageObject","inLanguage":"pt-BR","@id":"https:\/\/www.manaus.am.gov.br\/semasc\/#\/schema\/logo\/image\/","url":"https:\/\/www.manaus.am.gov.br\/semasc\/wp-content\/uploads\/sites\/17\/2024\/07\/favicon.png","contentUrl":"https:\/\/www.manaus.am.gov.br\/semasc\/wp-content\/uploads\/sites\/17\/2024\/07\/favicon.png","width":300,"height":300,"caption":"Prefeitura de Manaus"},"image":{"@id":"https:\/\/www.manaus.am.gov.br\/semasc\/#\/schema\/logo\/image\/"},"sameAs":["https:\/\/www.facebook.com\/semascmanaus","https:\/\/www.instagram.com\/semascmanaus\/"]},{"@type":"Person","@id":"https:\/\/www.manaus.am.gov.br\/semasc\/#\/schema\/person\/4eea2a8f78dc853097abb026f728aa06","name":"Renata Felix","image":{"@type":"ImageObject","inLanguage":"pt-BR","@id":"https:\/\/www.manaus.am.gov.br\/semasc\/#\/schema\/person\/image\/","url":"https:\/\/secure.gravatar.com\/avatar\/3c196cf9d3b837b24c8edb2c50fd8f29?s=96&d=mm&r=g","contentUrl":"https:\/\/secure.gravatar.com\/avatar\/3c196cf9d3b837b24c8edb2c50fd8f29?s=96&d=mm&r=g","caption":"Renata Felix"}}]}},"_links":{"self":[{"href":"https:\/\/www.manaus.am.gov.br\/semasc\/wp-json\/wp\/v2\/posts\/209154"}],"collection":[{"href":"https:\/\/www.manaus.am.gov.br\/semasc\/wp-json\/wp\/v2\/posts"}],"about":[{"href":"https:\/\/www.manaus.am.gov.br\/semasc\/wp-json\/wp\/v2\/types\/post"}],"author":[{"embeddable":true,"href":"https:\/\/www.manaus.am.gov.br\/semasc\/wp-json\/wp\/v2\/users\/31"}],"replies":[{"embeddable":true,"href":"https:\/\/www.manaus.am.gov.br\/semasc\/wp-json\/wp\/v2\/comments?post=209154"}],"version-history":[{"count":0,"href":"https:\/\/www.manaus.am.gov.br\/semasc\/wp-json\/wp\/v2\/posts\/209154\/revisions"}],"wp:featuredmedia":[{"embeddable":true,"href":"https:\/\/www.manaus.am.gov.br\/semasc\/wp-json\/wp\/v2\/media\/209155"}],"wp:attachment":[{"href":"https:\/\/www.manaus.am.gov.br\/semasc\/wp-json\/wp\/v2\/media?parent=209154"}],"wp:term":[{"taxonomy":"category","embeddable":true,"href":"https:\/\/www.manaus.am.gov.br\/semasc\/wp-json\/wp\/v2\/categories?post=209154"},{"taxonomy":"post_tag","embeddable":true,"href":"https:\/\/www.manaus.am.gov.br\/semasc\/wp-json\/wp\/v2\/tags?post=209154"}],"curies":[{"name":"wp","href":"https:\/\/api.w.org\/{rel}","templated":true}]}}