{"id":209152,"date":"2021-03-19T17:03:41","date_gmt":"2021-03-19T21:03:41","guid":{"rendered":"https:\/\/www.manaus.am.gov.br\/semasc\/semasc-suspende-teletrabalho-por-15-dias-para-realizar-atendimentos-agendados\/"},"modified":"2023-11-17T10:28:35","modified_gmt":"2023-11-17T14:28:35","slug":"semasc-suspende-teletrabalho-por-15-dias-para-realizar-atendimentos-agendados","status":"publish","type":"post","link":"https:\/\/www.manaus.am.gov.br\/semasc\/semasc-suspende-teletrabalho-por-15-dias-para-realizar-atendimentos-agendados\/","title":{"rendered":"Semasc suspende teletrabalho por 15 dias para realizar atendimentos agendados"},"content":{"rendered":"\n<p>O regime de teletrabalho nos 20 Centros de Refer\u00eancia de Assist\u00eancia Social (Cras), 5 Centros de Refer\u00eancia Especializado de Assist\u00eancia Social (Creas) e no Espa\u00e7o de Atendimento Multidisciplinar ao Autista Amigo Ruy (Eamaar), equipamentos socioassistenciais, da Prefeitura de Manaus, coordenados pela Secretaria Municipal da Mulher, Assist\u00eancia Social e Cidadania (Semasc), ser\u00e1 suspenso por 15 dias.<\/p>\n\n\n\n<p>As unidades estavam atendendo em regime de teletrabalho desde o ano passado, mas diante da necessidade da retomada dos atendimentos presenciais, a decis\u00e3o \u00e9 pelo retorno \u00e0s atividades, de forma agendada. Os servi\u00e7os oferecidos na sede da Semasc, na avenida Ayr\u00e3o, Centro, que estavam suspensos, tamb\u00e9m voltar\u00e3o \u00e0 normalidade.<\/p>\n\n\n\n<p>Como os casos de infec\u00e7\u00e3o pelo novo coronav\u00edrus ainda s\u00e3o altos na capital, as unidades estar\u00e3o funcionando em hor\u00e1rio especial, de 8h \u00e0s 14h, de segunda a sexta-feira. J\u00e1 na sede, o hor\u00e1rio de funcionamento ser\u00e1 de 8h \u00e0s 17h, tamb\u00e9m de segunda a sexta-feira. Os agendamentos devem ser feitos por e-mail e os endere\u00e7os est\u00e3o dispon\u00edveis no site&nbsp;<a href=\"https:\/\/semasc.manaus.am.gov.br\/\" data-saferedirecturl=\"https:\/\/www.google.com\/url?q=https:\/\/semasc.manaus.am.gov.br\/&amp;source=gmail&amp;ust=1616273912689000&amp;usg=AFQjCNHsx4MdtguzYTCBp3Ur9Zr49GSreA\">https:\/\/semasc.manaus.am.gov.br<\/a>, nas abas respectivas dos Cras e Creas. J\u00e1 o telefone de contato do Eamaar \u00e9 o 98842-1015.<\/p>\n\n\n\n<p>\u201cDesde o in\u00edcio da gest\u00e3o do prefeito David Almeida, os servi\u00e7os estavam funcionando de forma remota. N\u00f3s vamos continuar a atender por meio do agendamento eletr\u00f4nico, organizando a oferta dos servi\u00e7os, programas e benef\u00edcios socioassistenciais, preferencialmente, priorizando os atendimentos individualizados graves ou urgentes, evitando a aglomera\u00e7\u00e3o de pessoas nas salas de espera ou recep\u00e7\u00e3o das unidades\u201d, afirmou a secret\u00e1ria da Semasc, Jane Mara Moraes.<\/p>\n\n\n\n<p>No decreto, previsto para ser publicado no Di\u00e1rio Oficial do Munic\u00edpio (DOM), nesta sexta-feira, 19\/3, \u00e0 noite, permanece suspensa a realiza\u00e7\u00e3o de eventos, encontros, cursos de forma\u00e7\u00e3o, oficinas, entre outras atividades coletivas com os usu\u00e1rios que possam gerar aglomera\u00e7\u00f5es, com exce\u00e7\u00e3o \u00e0quelas atividades e eventos que s\u00e3o imprescind\u00edveis \u00e0 execu\u00e7\u00e3o do servi\u00e7o desenvolvido pela Semasc.<\/p>\n\n\n\n<p>Os hor\u00e1rios estabelecidos na portaria n\u00e3o se aplicam aos servidores que trabalham em regime de plant\u00e3o ou que trabalhem em servi\u00e7os e departamentos cont\u00ednuos ou essenciais.<\/p>\n\n\n\n<p>A suspens\u00e3o do teletrabalho aplica-se tamb\u00e9m \u00e0 Subsecretaria de Pol\u00edticas Afirmativas para as Mulheres e Direitos Humanos, \u00e0 Subsecretaria de Esporte e Lazer, aos Conselhos Tutelares e demais unidades vinculadas \u00e0 Semasc.<\/p>\n\n\n\n<h2 class=\"wp-block-heading\">Cadastro \u00danico<\/h2>\n\n\n\n<p>Para atender melhor o p\u00fablico, a Semasc est\u00e1 ampliando os n\u00fameros de atendimento para o Cadastro \u00danico. Al\u00e9m do 98842-2334 e o 98842-1439, a partir de segunda-feira, 22, estar\u00e3o dispon\u00edveis tamb\u00e9m os n\u00fameros 98842-2932 e o 98842-3232. O atendimento vai funcionar de segunda a sexta-feira, de 8h \u00e0s 16h, para tirar d\u00favidas a respeito do Cadastro \u00danico, como atualizar os dados, entre outras quest\u00f5es relacionadas aos benef\u00edcios sociais.<\/p>\n\n\n\n<p>&#8212; &#8212; &#8212;<\/p>\n\n\n\n<p><strong>Texto &#8211; <\/strong>Leonardo Fierro\/ Semasc<\/p>\n","protected":false},"excerpt":{"rendered":"","protected":false},"author":8,"featured_media":209153,"comment_status":"closed","ping_status":"closed","sticky":false,"template":"","format":"standard","meta":{"footnotes":""},"categories":[34],"tags":[74,121,57,503,18],"acf":[],"yoast_head":"<!-- This site is optimized with the Yoast SEO plugin v23.0 - https:\/\/yoast.com\/wordpress\/plugins\/seo\/ -->\n<title>Semasc suspende teletrabalho por 15 dias para realizar atendimentos agendados - SEMASC<\/title>\n<meta name=\"robots\" content=\"noindex, follow\" \/>\n<meta property=\"og:locale\" content=\"pt_BR\" \/>\n<meta property=\"og:type\" content=\"article\" \/>\n<meta property=\"og:title\" content=\"Semasc suspende teletrabalho por 15 dias para realizar atendimentos agendados - SEMASC\" \/>\n<meta property=\"og:url\" content=\"https:\/\/www.manaus.am.gov.br\/semasc\/semasc-suspende-teletrabalho-por-15-dias-para-realizar-atendimentos-agendados\/\" \/>\n<meta property=\"og:site_name\" content=\"SEMASC\" \/>\n<meta property=\"article:publisher\" content=\"https:\/\/www.facebook.com\/semascmanaus\" \/>\n<meta property=\"article:published_time\" content=\"2021-03-19T21:03:41+00:00\" \/>\n<meta property=\"article:modified_time\" content=\"2023-11-17T14:28:35+00:00\" \/>\n<meta property=\"og:image\" content=\"https:\/\/www.manaus.am.gov.br\/semasc\/wp-content\/uploads\/sites\/17\/2023\/11\/Assist\u00eancia-Social.png\" \/>\n\t<meta property=\"og:image:width\" content=\"900\" \/>\n\t<meta property=\"og:image:height\" content=\"509\" \/>\n\t<meta property=\"og:image:type\" content=\"image\/png\" \/>\n<meta name=\"author\" content=\"Glauber Farias\" \/>\n<meta name=\"twitter:card\" content=\"summary_large_image\" \/>\n<meta name=\"twitter:label1\" content=\"Written by\" \/>\n\t<meta name=\"twitter:data1\" content=\"Glauber Farias\" \/>\n\t<meta name=\"twitter:label2\" content=\"Est. reading time\" \/>\n\t<meta name=\"twitter:data2\" content=\"3 minutos\" \/>\n<script type=\"application\/ld+json\" class=\"yoast-schema-graph\">{\"@context\":\"https:\/\/schema.org\",\"@graph\":[{\"@type\":\"Article\",\"@id\":\"https:\/\/www.manaus.am.gov.br\/semasc\/semasc-suspende-teletrabalho-por-15-dias-para-realizar-atendimentos-agendados\/#article\",\"isPartOf\":{\"@id\":\"https:\/\/www.manaus.am.gov.br\/semasc\/semasc-suspende-teletrabalho-por-15-dias-para-realizar-atendimentos-agendados\/\"},\"author\":{\"name\":\"Glauber Farias\",\"@id\":\"https:\/\/www.manaus.am.gov.br\/semasc\/#\/schema\/person\/fe69d2249d78e7a3112d42bc34c44a58\"},\"headline\":\"Semasc suspende teletrabalho por 15 dias para realizar atendimentos agendados\",\"datePublished\":\"2021-03-19T21:03:41+00:00\",\"dateModified\":\"2023-11-17T14:28:35+00:00\",\"mainEntityOfPage\":{\"@id\":\"https:\/\/www.manaus.am.gov.br\/semasc\/semasc-suspende-teletrabalho-por-15-dias-para-realizar-atendimentos-agendados\/\"},\"wordCount\":498,\"publisher\":{\"@id\":\"https:\/\/www.manaus.am.gov.br\/semasc\/#organization\"},\"image\":{\"@id\":\"https:\/\/www.manaus.am.gov.br\/semasc\/semasc-suspende-teletrabalho-por-15-dias-para-realizar-atendimentos-agendados\/#primaryimage\"},\"thumbnailUrl\":\"https:\/\/www.manaus.am.gov.br\/semasc\/wp-content\/uploads\/sites\/17\/2023\/11\/Assist\u00eancia-Social.png\",\"keywords\":[\"Cadastro \u00danico\",\"cras\",\"Creas\",\"Eamaar\",\"Semasc\"],\"articleSection\":[\"Assist\u00eancia Social\"],\"inLanguage\":\"pt-BR\"},{\"@type\":\"WebPage\",\"@id\":\"https:\/\/www.manaus.am.gov.br\/semasc\/semasc-suspende-teletrabalho-por-15-dias-para-realizar-atendimentos-agendados\/\",\"url\":\"https:\/\/www.manaus.am.gov.br\/semasc\/semasc-suspende-teletrabalho-por-15-dias-para-realizar-atendimentos-agendados\/\",\"name\":\"Semasc suspende teletrabalho por 15 dias para realizar atendimentos agendados - SEMASC\",\"isPartOf\":{\"@id\":\"https:\/\/www.manaus.am.gov.br\/semasc\/#website\"},\"primaryImageOfPage\":{\"@id\":\"https:\/\/www.manaus.am.gov.br\/semasc\/semasc-suspende-teletrabalho-por-15-dias-para-realizar-atendimentos-agendados\/#primaryimage\"},\"image\":{\"@id\":\"https:\/\/www.manaus.am.gov.br\/semasc\/semasc-suspende-teletrabalho-por-15-dias-para-realizar-atendimentos-agendados\/#primaryimage\"},\"thumbnailUrl\":\"https:\/\/www.manaus.am.gov.br\/semasc\/wp-content\/uploads\/sites\/17\/2023\/11\/Assist\u00eancia-Social.png\",\"datePublished\":\"2021-03-19T21:03:41+00:00\",\"dateModified\":\"2023-11-17T14:28:35+00:00\",\"breadcrumb\":{\"@id\":\"https:\/\/www.manaus.am.gov.br\/semasc\/semasc-suspende-teletrabalho-por-15-dias-para-realizar-atendimentos-agendados\/#breadcrumb\"},\"inLanguage\":\"pt-BR\",\"potentialAction\":[{\"@type\":\"ReadAction\",\"target\":[\"https:\/\/www.manaus.am.gov.br\/semasc\/semasc-suspende-teletrabalho-por-15-dias-para-realizar-atendimentos-agendados\/\"]}]},{\"@type\":\"ImageObject\",\"inLanguage\":\"pt-BR\",\"@id\":\"https:\/\/www.manaus.am.gov.br\/semasc\/semasc-suspende-teletrabalho-por-15-dias-para-realizar-atendimentos-agendados\/#primaryimage\",\"url\":\"https:\/\/www.manaus.am.gov.br\/semasc\/wp-content\/uploads\/sites\/17\/2023\/11\/Assist\u00eancia-Social.png\",\"contentUrl\":\"https:\/\/www.manaus.am.gov.br\/semasc\/wp-content\/uploads\/sites\/17\/2023\/11\/Assist\u00eancia-Social.png\",\"width\":900,\"height\":509},{\"@type\":\"BreadcrumbList\",\"@id\":\"https:\/\/www.manaus.am.gov.br\/semasc\/semasc-suspende-teletrabalho-por-15-dias-para-realizar-atendimentos-agendados\/#breadcrumb\",\"itemListElement\":[{\"@type\":\"ListItem\",\"position\":1,\"name\":\"Home\",\"item\":\"https:\/\/www.manaus.am.gov.br\/semasc\/\"},{\"@type\":\"ListItem\",\"position\":2,\"name\":\"Semasc suspende teletrabalho por 15 dias para realizar atendimentos agendados\"}]},{\"@type\":\"WebSite\",\"@id\":\"https:\/\/www.manaus.am.gov.br\/semasc\/#website\",\"url\":\"https:\/\/www.manaus.am.gov.br\/semasc\/\",\"name\":\"SEMASC\",\"description\":\"Secretaria Municipal da Mulher, Assist\u00eancia Social e Cidadania.\",\"publisher\":{\"@id\":\"https:\/\/www.manaus.am.gov.br\/semasc\/#organization\"},\"alternateName\":\"Secretaria Municipal da Mulher, Assist\u00eancia Social e Cidadania\",\"potentialAction\":[{\"@type\":\"SearchAction\",\"target\":{\"@type\":\"EntryPoint\",\"urlTemplate\":\"https:\/\/www.manaus.am.gov.br\/semasc\/?s={search_term_string}\"},\"query-input\":\"required name=search_term_string\"}],\"inLanguage\":\"pt-BR\"},{\"@type\":\"Organization\",\"@id\":\"https:\/\/www.manaus.am.gov.br\/semasc\/#organization\",\"name\":\"Prefeitura de Manaus\",\"alternateName\":\"Prefeitura Municipal de Manaus\",\"url\":\"https:\/\/www.manaus.am.gov.br\/semasc\/\",\"logo\":{\"@type\":\"ImageObject\",\"inLanguage\":\"pt-BR\",\"@id\":\"https:\/\/www.manaus.am.gov.br\/semasc\/#\/schema\/logo\/image\/\",\"url\":\"https:\/\/www.manaus.am.gov.br\/semasc\/wp-content\/uploads\/sites\/17\/2024\/07\/favicon.png\",\"contentUrl\":\"https:\/\/www.manaus.am.gov.br\/semasc\/wp-content\/uploads\/sites\/17\/2024\/07\/favicon.png\",\"width\":300,\"height\":300,\"caption\":\"Prefeitura de Manaus\"},\"image\":{\"@id\":\"https:\/\/www.manaus.am.gov.br\/semasc\/#\/schema\/logo\/image\/\"},\"sameAs\":[\"https:\/\/www.facebook.com\/semascmanaus\",\"https:\/\/www.instagram.com\/semascmanaus\/\"]},{\"@type\":\"Person\",\"@id\":\"https:\/\/www.manaus.am.gov.br\/semasc\/#\/schema\/person\/fe69d2249d78e7a3112d42bc34c44a58\",\"name\":\"Glauber Farias\",\"image\":{\"@type\":\"ImageObject\",\"inLanguage\":\"pt-BR\",\"@id\":\"https:\/\/www.manaus.am.gov.br\/semasc\/#\/schema\/person\/image\/\",\"url\":\"https:\/\/secure.gravatar.com\/avatar\/eb33200ffd19538372f635b2165531c0?s=96&d=mm&r=g\",\"contentUrl\":\"https:\/\/secure.gravatar.com\/avatar\/eb33200ffd19538372f635b2165531c0?s=96&d=mm&r=g\",\"caption\":\"Glauber Farias\"}}]}<\/script>\n<!-- \/ Yoast SEO plugin. -->","yoast_head_json":{"title":"Semasc suspende teletrabalho por 15 dias para realizar atendimentos agendados - SEMASC","robots":{"index":"noindex","follow":"follow"},"og_locale":"pt_BR","og_type":"article","og_title":"Semasc suspende teletrabalho por 15 dias para realizar atendimentos agendados - SEMASC","og_url":"https:\/\/www.manaus.am.gov.br\/semasc\/semasc-suspende-teletrabalho-por-15-dias-para-realizar-atendimentos-agendados\/","og_site_name":"SEMASC","article_publisher":"https:\/\/www.facebook.com\/semascmanaus","article_published_time":"2021-03-19T21:03:41+00:00","article_modified_time":"2023-11-17T14:28:35+00:00","og_image":[{"width":900,"height":509,"url":"https:\/\/www.manaus.am.gov.br\/semasc\/wp-content\/uploads\/sites\/17\/2023\/11\/Assist\u00eancia-Social.png","type":"image\/png"}],"author":"Glauber Farias","twitter_card":"summary_large_image","twitter_misc":{"Written by":"Glauber Farias","Est. reading time":"3 minutos"},"schema":{"@context":"https:\/\/schema.org","@graph":[{"@type":"Article","@id":"https:\/\/www.manaus.am.gov.br\/semasc\/semasc-suspende-teletrabalho-por-15-dias-para-realizar-atendimentos-agendados\/#article","isPartOf":{"@id":"https:\/\/www.manaus.am.gov.br\/semasc\/semasc-suspende-teletrabalho-por-15-dias-para-realizar-atendimentos-agendados\/"},"author":{"name":"Glauber Farias","@id":"https:\/\/www.manaus.am.gov.br\/semasc\/#\/schema\/person\/fe69d2249d78e7a3112d42bc34c44a58"},"headline":"Semasc suspende teletrabalho por 15 dias para realizar atendimentos agendados","datePublished":"2021-03-19T21:03:41+00:00","dateModified":"2023-11-17T14:28:35+00:00","mainEntityOfPage":{"@id":"https:\/\/www.manaus.am.gov.br\/semasc\/semasc-suspende-teletrabalho-por-15-dias-para-realizar-atendimentos-agendados\/"},"wordCount":498,"publisher":{"@id":"https:\/\/www.manaus.am.gov.br\/semasc\/#organization"},"image":{"@id":"https:\/\/www.manaus.am.gov.br\/semasc\/semasc-suspende-teletrabalho-por-15-dias-para-realizar-atendimentos-agendados\/#primaryimage"},"thumbnailUrl":"https:\/\/www.manaus.am.gov.br\/semasc\/wp-content\/uploads\/sites\/17\/2023\/11\/Assist\u00eancia-Social.png","keywords":["Cadastro \u00danico","cras","Creas","Eamaar","Semasc"],"articleSection":["Assist\u00eancia Social"],"inLanguage":"pt-BR"},{"@type":"WebPage","@id":"https:\/\/www.manaus.am.gov.br\/semasc\/semasc-suspende-teletrabalho-por-15-dias-para-realizar-atendimentos-agendados\/","url":"https:\/\/www.manaus.am.gov.br\/semasc\/semasc-suspende-teletrabalho-por-15-dias-para-realizar-atendimentos-agendados\/","name":"Semasc suspende teletrabalho por 15 dias para realizar atendimentos agendados - SEMASC","isPartOf":{"@id":"https:\/\/www.manaus.am.gov.br\/semasc\/#website"},"primaryImageOfPage":{"@id":"https:\/\/www.manaus.am.gov.br\/semasc\/semasc-suspende-teletrabalho-por-15-dias-para-realizar-atendimentos-agendados\/#primaryimage"},"image":{"@id":"https:\/\/www.manaus.am.gov.br\/semasc\/semasc-suspende-teletrabalho-por-15-dias-para-realizar-atendimentos-agendados\/#primaryimage"},"thumbnailUrl":"https:\/\/www.manaus.am.gov.br\/semasc\/wp-content\/uploads\/sites\/17\/2023\/11\/Assist\u00eancia-Social.png","datePublished":"2021-03-19T21:03:41+00:00","dateModified":"2023-11-17T14:28:35+00:00","breadcrumb":{"@id":"https:\/\/www.manaus.am.gov.br\/semasc\/semasc-suspende-teletrabalho-por-15-dias-para-realizar-atendimentos-agendados\/#breadcrumb"},"inLanguage":"pt-BR","potentialAction":[{"@type":"ReadAction","target":["https:\/\/www.manaus.am.gov.br\/semasc\/semasc-suspende-teletrabalho-por-15-dias-para-realizar-atendimentos-agendados\/"]}]},{"@type":"ImageObject","inLanguage":"pt-BR","@id":"https:\/\/www.manaus.am.gov.br\/semasc\/semasc-suspende-teletrabalho-por-15-dias-para-realizar-atendimentos-agendados\/#primaryimage","url":"https:\/\/www.manaus.am.gov.br\/semasc\/wp-content\/uploads\/sites\/17\/2023\/11\/Assist\u00eancia-Social.png","contentUrl":"https:\/\/www.manaus.am.gov.br\/semasc\/wp-content\/uploads\/sites\/17\/2023\/11\/Assist\u00eancia-Social.png","width":900,"height":509},{"@type":"BreadcrumbList","@id":"https:\/\/www.manaus.am.gov.br\/semasc\/semasc-suspende-teletrabalho-por-15-dias-para-realizar-atendimentos-agendados\/#breadcrumb","itemListElement":[{"@type":"ListItem","position":1,"name":"Home","item":"https:\/\/www.manaus.am.gov.br\/semasc\/"},{"@type":"ListItem","position":2,"name":"Semasc suspende teletrabalho por 15 dias para realizar atendimentos agendados"}]},{"@type":"WebSite","@id":"https:\/\/www.manaus.am.gov.br\/semasc\/#website","url":"https:\/\/www.manaus.am.gov.br\/semasc\/","name":"SEMASC","description":"Secretaria Municipal da Mulher, Assist\u00eancia Social e Cidadania.","publisher":{"@id":"https:\/\/www.manaus.am.gov.br\/semasc\/#organization"},"alternateName":"Secretaria Municipal da Mulher, Assist\u00eancia Social e Cidadania","potentialAction":[{"@type":"SearchAction","target":{"@type":"EntryPoint","urlTemplate":"https:\/\/www.manaus.am.gov.br\/semasc\/?s={search_term_string}"},"query-input":"required name=search_term_string"}],"inLanguage":"pt-BR"},{"@type":"Organization","@id":"https:\/\/www.manaus.am.gov.br\/semasc\/#organization","name":"Prefeitura de Manaus","alternateName":"Prefeitura Municipal de Manaus","url":"https:\/\/www.manaus.am.gov.br\/semasc\/","logo":{"@type":"ImageObject","inLanguage":"pt-BR","@id":"https:\/\/www.manaus.am.gov.br\/semasc\/#\/schema\/logo\/image\/","url":"https:\/\/www.manaus.am.gov.br\/semasc\/wp-content\/uploads\/sites\/17\/2024\/07\/favicon.png","contentUrl":"https:\/\/www.manaus.am.gov.br\/semasc\/wp-content\/uploads\/sites\/17\/2024\/07\/favicon.png","width":300,"height":300,"caption":"Prefeitura de Manaus"},"image":{"@id":"https:\/\/www.manaus.am.gov.br\/semasc\/#\/schema\/logo\/image\/"},"sameAs":["https:\/\/www.facebook.com\/semascmanaus","https:\/\/www.instagram.com\/semascmanaus\/"]},{"@type":"Person","@id":"https:\/\/www.manaus.am.gov.br\/semasc\/#\/schema\/person\/fe69d2249d78e7a3112d42bc34c44a58","name":"Glauber Farias","image":{"@type":"ImageObject","inLanguage":"pt-BR","@id":"https:\/\/www.manaus.am.gov.br\/semasc\/#\/schema\/person\/image\/","url":"https:\/\/secure.gravatar.com\/avatar\/eb33200ffd19538372f635b2165531c0?s=96&d=mm&r=g","contentUrl":"https:\/\/secure.gravatar.com\/avatar\/eb33200ffd19538372f635b2165531c0?s=96&d=mm&r=g","caption":"Glauber Farias"}}]}},"_links":{"self":[{"href":"https:\/\/www.manaus.am.gov.br\/semasc\/wp-json\/wp\/v2\/posts\/209152"}],"collection":[{"href":"https:\/\/www.manaus.am.gov.br\/semasc\/wp-json\/wp\/v2\/posts"}],"about":[{"href":"https:\/\/www.manaus.am.gov.br\/semasc\/wp-json\/wp\/v2\/types\/post"}],"author":[{"embeddable":true,"href":"https:\/\/www.manaus.am.gov.br\/semasc\/wp-json\/wp\/v2\/users\/8"}],"replies":[{"embeddable":true,"href":"https:\/\/www.manaus.am.gov.br\/semasc\/wp-json\/wp\/v2\/comments?post=209152"}],"version-history":[{"count":1,"href":"https:\/\/www.manaus.am.gov.br\/semasc\/wp-json\/wp\/v2\/posts\/209152\/revisions"}],"predecessor-version":[{"id":209156,"href":"https:\/\/www.manaus.am.gov.br\/semasc\/wp-json\/wp\/v2\/posts\/209152\/revisions\/209156"}],"wp:featuredmedia":[{"embeddable":true,"href":"https:\/\/www.manaus.am.gov.br\/semasc\/wp-json\/wp\/v2\/media\/209153"}],"wp:attachment":[{"href":"https:\/\/www.manaus.am.gov.br\/semasc\/wp-json\/wp\/v2\/media?parent=209152"}],"wp:term":[{"taxonomy":"category","embeddable":true,"href":"https:\/\/www.manaus.am.gov.br\/semasc\/wp-json\/wp\/v2\/categories?post=209152"},{"taxonomy":"post_tag","embeddable":true,"href":"https:\/\/www.manaus.am.gov.br\/semasc\/wp-json\/wp\/v2\/tags?post=209152"}],"curies":[{"name":"wp","href":"https:\/\/api.w.org\/{rel}","templated":true}]}}