{"id":209147,"date":"2023-11-14T16:41:49","date_gmt":"2023-11-14T20:41:49","guid":{"rendered":"https:\/\/www.manaus.am.gov.br\/semasc\/credenciamento-organizacoes-sociedade-civil\/"},"modified":"2023-11-14T16:41:50","modified_gmt":"2023-11-14T20:41:50","slug":"credenciamento-organizacoes-sociedade-civil","status":"publish","type":"post","link":"https:\/\/www.manaus.am.gov.br\/semasc\/credenciamento-organizacoes-sociedade-civil\/","title":{"rendered":"Prefeitura de Manaus abre credenciamento para Organiza\u00e7\u00f5es da Sociedade Civil\u00a0"},"content":{"rendered":"\n<p>A Prefeitura de Manaus, por meio da Secretaria Municipal da Mulher, Assist\u00eancia Social e Cidadania (Semasc), tornou p\u00fablico, na \u00faltima segunda-feira, 13\/11, na edi\u00e7\u00e3o 5.705 do Di\u00e1rio Oficial do Munic\u00edpio (DOM), o edital para o credenciamento de institui\u00e7\u00f5es reconhecidas como Organiza\u00e7\u00f5es da Sociedade Civil (OSCs) e com atua\u00e7\u00e3o na pol\u00edtica de Assist\u00eancia Social do munic\u00edpio.<\/p>\n\n\n\n<p>De acordo com a publica\u00e7\u00e3o, o edital visa estabelecer o cumprimento das normas previstas na Lei n\u00b0 13.019 de 31 de julho de 2014 para o credenciamento dessas institui\u00e7\u00f5es para a viabiliza\u00e7\u00e3o de futuras parcerias com a gest\u00e3o municipal, por meio de Termos de Colabora\u00e7\u00e3o, Termos de Fomento e Acordos de Coopera\u00e7\u00e3o junto \u00e0 Semasc.<\/p>\n\n\n\n<p>\u201cUma vez que essas institui\u00e7\u00f5es se encontrem devidamente credenciadas pela Semasc, que neste caso \u00e9 o \u00f3rg\u00e3o gestor, conseguimos com muito mais facilidade repassar recursos financeiros por meio da dispensa de chamamento p\u00fablico. Isso beneficia a popula\u00e7\u00e3o manauara como um todo, qualificando os servi\u00e7os que muitos precisam no dia a dia\u201d, explicou Josias Martins, gerente de Presta\u00e7\u00e3o de Contas da secretaria.<\/p>\n\n\n\n<p>As institui\u00e7\u00f5es que atendam todas as exig\u00eancias da Lei n\u00b0 13.019\/2014 para o reconhecimento de OSCs, bem como os requisitos previstos no pr\u00f3prio edital, e que desejem participar do credenciamento precisam apresentar a documenta\u00e7\u00e3o necess\u00e1ria em m\u00eddia do tipo pen-drive, no formato PDF, presencialmente no setor de Presta\u00e7\u00e3o de Contas da Semasc, localizada na avenida Ayr\u00e3o, s\/n\u00b0, centro hist\u00f3rico de Manaus, at\u00e9 o dia 30\/11.<\/p>\n\n\n\n<p>O edital completo, as condi\u00e7\u00f5es para a participa\u00e7\u00e3o e a documenta\u00e7\u00e3o necess\u00e1ria para o credenciamento podem ser conferidos na p\u00e1gina 29 da edi\u00e7\u00e3o 5.705 do Di\u00e1rio Oficial do Munic\u00edpio, por meio do endere\u00e7o dom.manaus.am.gov.br.<br>&#8212; &#8212; &#8212;<\/p>\n\n\n\n<p><strong>Texto &#8211;&nbsp;<\/strong>Guilherme Pacheco \/ Semacc&nbsp;<\/p>\n\n\n\n<p><strong>Fotos &#8211;&nbsp;<\/strong>Diego Lima \/ Semasc&nbsp;<\/p>\n","protected":false},"excerpt":{"rendered":"","protected":false},"author":25,"featured_media":209148,"comment_status":"closed","ping_status":"closed","sticky":false,"template":"","format":"standard","meta":{"footnotes":""},"categories":[34],"tags":[72,556,18],"acf":[],"yoast_head":"<!-- This site is optimized with the Yoast SEO plugin v23.0 - https:\/\/yoast.com\/wordpress\/plugins\/seo\/ -->\n<title>Prefeitura de Manaus abre credenciamento para Organiza\u00e7\u00f5es da Sociedade Civil\u00a0<\/title>\n<meta name=\"description\" content=\"A Prefeitura de Manaus, por meio da Secretaria Municipal da Mulher, Assist\u00eancia Social e Cidadania (Semasc), tornou p\u00fablico, na \u00faltima segunda-feira, 13\/11\" \/>\n<meta name=\"robots\" content=\"noindex, follow\" \/>\n<meta property=\"og:locale\" content=\"pt_BR\" \/>\n<meta property=\"og:type\" content=\"article\" \/>\n<meta property=\"og:title\" content=\"Prefeitura de Manaus abre credenciamento para Organiza\u00e7\u00f5es da Sociedade Civil\u00a0\" \/>\n<meta property=\"og:description\" content=\"A Prefeitura de Manaus, por meio da Secretaria Municipal da Mulher, Assist\u00eancia Social e Cidadania (Semasc), tornou p\u00fablico, na \u00faltima segunda-feira, 13\/11\" \/>\n<meta property=\"og:url\" content=\"https:\/\/www.manaus.am.gov.br\/semasc\/credenciamento-organizacoes-sociedade-civil\/\" \/>\n<meta property=\"og:site_name\" content=\"SEMASC\" \/>\n<meta property=\"article:publisher\" content=\"https:\/\/www.facebook.com\/semascmanaus\" \/>\n<meta property=\"article:published_time\" content=\"2023-11-14T20:41:49+00:00\" \/>\n<meta property=\"article:modified_time\" content=\"2023-11-14T20:41:50+00:00\" \/>\n<meta property=\"og:image\" content=\"https:\/\/www.manaus.am.gov.br\/semasc\/wp-content\/uploads\/sites\/17\/2023\/11\/WhatsApp-Image-2023-11-14-at-16.39.02.jpeg\" \/>\n\t<meta property=\"og:image:width\" content=\"2560\" \/>\n\t<meta property=\"og:image:height\" content=\"1706\" \/>\n\t<meta property=\"og:image:type\" content=\"image\/jpeg\" \/>\n<meta name=\"author\" content=\"Maur\u00edcio Freire\" \/>\n<meta name=\"twitter:card\" content=\"summary_large_image\" \/>\n<meta name=\"twitter:label1\" content=\"Written by\" \/>\n\t<meta name=\"twitter:data1\" content=\"Maur\u00edcio Freire\" \/>\n\t<meta name=\"twitter:label2\" content=\"Est. reading time\" \/>\n\t<meta name=\"twitter:data2\" content=\"2 minutos\" \/>\n<script type=\"application\/ld+json\" class=\"yoast-schema-graph\">{\"@context\":\"https:\/\/schema.org\",\"@graph\":[{\"@type\":\"Article\",\"@id\":\"https:\/\/www.manaus.am.gov.br\/semasc\/credenciamento-organizacoes-sociedade-civil\/#article\",\"isPartOf\":{\"@id\":\"https:\/\/www.manaus.am.gov.br\/semasc\/credenciamento-organizacoes-sociedade-civil\/\"},\"author\":{\"name\":\"Maur\u00edcio Freire\",\"@id\":\"https:\/\/www.manaus.am.gov.br\/semasc\/#\/schema\/person\/587989a23a463cde5618e6a028977a9a\"},\"headline\":\"Prefeitura de Manaus abre credenciamento para Organiza\u00e7\u00f5es da Sociedade Civil\u00a0\",\"datePublished\":\"2023-11-14T20:41:49+00:00\",\"dateModified\":\"2023-11-14T20:41:50+00:00\",\"mainEntityOfPage\":{\"@id\":\"https:\/\/www.manaus.am.gov.br\/semasc\/credenciamento-organizacoes-sociedade-civil\/\"},\"wordCount\":333,\"publisher\":{\"@id\":\"https:\/\/www.manaus.am.gov.br\/semasc\/#organization\"},\"image\":{\"@id\":\"https:\/\/www.manaus.am.gov.br\/semasc\/credenciamento-organizacoes-sociedade-civil\/#primaryimage\"},\"thumbnailUrl\":\"https:\/\/www.manaus.am.gov.br\/semasc\/wp-content\/uploads\/sites\/17\/2023\/11\/WhatsApp-Image-2023-11-14-at-16.39.02.jpeg\",\"keywords\":[\"assist\u00eancia social\",\"Organiza\u00e7\u00e3o da Sociedade Civil\",\"Semasc\"],\"articleSection\":[\"Assist\u00eancia Social\"],\"inLanguage\":\"pt-BR\"},{\"@type\":\"WebPage\",\"@id\":\"https:\/\/www.manaus.am.gov.br\/semasc\/credenciamento-organizacoes-sociedade-civil\/\",\"url\":\"https:\/\/www.manaus.am.gov.br\/semasc\/credenciamento-organizacoes-sociedade-civil\/\",\"name\":\"Prefeitura de Manaus abre credenciamento para Organiza\u00e7\u00f5es da Sociedade Civil\u00a0\",\"isPartOf\":{\"@id\":\"https:\/\/www.manaus.am.gov.br\/semasc\/#website\"},\"primaryImageOfPage\":{\"@id\":\"https:\/\/www.manaus.am.gov.br\/semasc\/credenciamento-organizacoes-sociedade-civil\/#primaryimage\"},\"image\":{\"@id\":\"https:\/\/www.manaus.am.gov.br\/semasc\/credenciamento-organizacoes-sociedade-civil\/#primaryimage\"},\"thumbnailUrl\":\"https:\/\/www.manaus.am.gov.br\/semasc\/wp-content\/uploads\/sites\/17\/2023\/11\/WhatsApp-Image-2023-11-14-at-16.39.02.jpeg\",\"datePublished\":\"2023-11-14T20:41:49+00:00\",\"dateModified\":\"2023-11-14T20:41:50+00:00\",\"description\":\"A Prefeitura de Manaus, por meio da Secretaria Municipal da Mulher, Assist\u00eancia Social e Cidadania (Semasc), tornou p\u00fablico, na \u00faltima segunda-feira, 13\/11\",\"breadcrumb\":{\"@id\":\"https:\/\/www.manaus.am.gov.br\/semasc\/credenciamento-organizacoes-sociedade-civil\/#breadcrumb\"},\"inLanguage\":\"pt-BR\",\"potentialAction\":[{\"@type\":\"ReadAction\",\"target\":[\"https:\/\/www.manaus.am.gov.br\/semasc\/credenciamento-organizacoes-sociedade-civil\/\"]}]},{\"@type\":\"ImageObject\",\"inLanguage\":\"pt-BR\",\"@id\":\"https:\/\/www.manaus.am.gov.br\/semasc\/credenciamento-organizacoes-sociedade-civil\/#primaryimage\",\"url\":\"https:\/\/www.manaus.am.gov.br\/semasc\/wp-content\/uploads\/sites\/17\/2023\/11\/WhatsApp-Image-2023-11-14-at-16.39.02.jpeg\",\"contentUrl\":\"https:\/\/www.manaus.am.gov.br\/semasc\/wp-content\/uploads\/sites\/17\/2023\/11\/WhatsApp-Image-2023-11-14-at-16.39.02.jpeg\",\"width\":2560,\"height\":1706,\"caption\":\"#paratodosverem edital completo pode ser consultado no DOM\"},{\"@type\":\"BreadcrumbList\",\"@id\":\"https:\/\/www.manaus.am.gov.br\/semasc\/credenciamento-organizacoes-sociedade-civil\/#breadcrumb\",\"itemListElement\":[{\"@type\":\"ListItem\",\"position\":1,\"name\":\"Home\",\"item\":\"https:\/\/www.manaus.am.gov.br\/semasc\/\"},{\"@type\":\"ListItem\",\"position\":2,\"name\":\"Prefeitura de Manaus abre credenciamento para Organiza\u00e7\u00f5es da Sociedade Civil\u00a0\"}]},{\"@type\":\"WebSite\",\"@id\":\"https:\/\/www.manaus.am.gov.br\/semasc\/#website\",\"url\":\"https:\/\/www.manaus.am.gov.br\/semasc\/\",\"name\":\"SEMASC\",\"description\":\"Secretaria Municipal da Mulher, Assist\u00eancia Social e Cidadania.\",\"publisher\":{\"@id\":\"https:\/\/www.manaus.am.gov.br\/semasc\/#organization\"},\"alternateName\":\"Secretaria Municipal da Mulher, Assist\u00eancia Social e Cidadania\",\"potentialAction\":[{\"@type\":\"SearchAction\",\"target\":{\"@type\":\"EntryPoint\",\"urlTemplate\":\"https:\/\/www.manaus.am.gov.br\/semasc\/?s={search_term_string}\"},\"query-input\":\"required name=search_term_string\"}],\"inLanguage\":\"pt-BR\"},{\"@type\":\"Organization\",\"@id\":\"https:\/\/www.manaus.am.gov.br\/semasc\/#organization\",\"name\":\"Prefeitura de Manaus\",\"alternateName\":\"Prefeitura Municipal de Manaus\",\"url\":\"https:\/\/www.manaus.am.gov.br\/semasc\/\",\"logo\":{\"@type\":\"ImageObject\",\"inLanguage\":\"pt-BR\",\"@id\":\"https:\/\/www.manaus.am.gov.br\/semasc\/#\/schema\/logo\/image\/\",\"url\":\"https:\/\/www.manaus.am.gov.br\/semasc\/wp-content\/uploads\/sites\/17\/2024\/07\/favicon.png\",\"contentUrl\":\"https:\/\/www.manaus.am.gov.br\/semasc\/wp-content\/uploads\/sites\/17\/2024\/07\/favicon.png\",\"width\":300,\"height\":300,\"caption\":\"Prefeitura de Manaus\"},\"image\":{\"@id\":\"https:\/\/www.manaus.am.gov.br\/semasc\/#\/schema\/logo\/image\/\"},\"sameAs\":[\"https:\/\/www.facebook.com\/semascmanaus\",\"https:\/\/www.instagram.com\/semascmanaus\/\"]},{\"@type\":\"Person\",\"@id\":\"https:\/\/www.manaus.am.gov.br\/semasc\/#\/schema\/person\/587989a23a463cde5618e6a028977a9a\",\"name\":\"Maur\u00edcio Freire\",\"image\":{\"@type\":\"ImageObject\",\"inLanguage\":\"pt-BR\",\"@id\":\"https:\/\/www.manaus.am.gov.br\/semasc\/#\/schema\/person\/image\/\",\"url\":\"https:\/\/secure.gravatar.com\/avatar\/dc1481799a1f75c733ac3b2634cd6749?s=96&d=mm&r=g\",\"contentUrl\":\"https:\/\/secure.gravatar.com\/avatar\/dc1481799a1f75c733ac3b2634cd6749?s=96&d=mm&r=g\",\"caption\":\"Maur\u00edcio Freire\"}}]}<\/script>\n<!-- \/ Yoast SEO plugin. -->","yoast_head_json":{"title":"Prefeitura de Manaus abre credenciamento para Organiza\u00e7\u00f5es da Sociedade Civil\u00a0","description":"A Prefeitura de Manaus, por meio da Secretaria Municipal da Mulher, Assist\u00eancia Social e Cidadania (Semasc), tornou p\u00fablico, na \u00faltima segunda-feira, 13\/11","robots":{"index":"noindex","follow":"follow"},"og_locale":"pt_BR","og_type":"article","og_title":"Prefeitura de Manaus abre credenciamento para Organiza\u00e7\u00f5es da Sociedade Civil\u00a0","og_description":"A Prefeitura de Manaus, por meio da Secretaria Municipal da Mulher, Assist\u00eancia Social e Cidadania (Semasc), tornou p\u00fablico, na \u00faltima segunda-feira, 13\/11","og_url":"https:\/\/www.manaus.am.gov.br\/semasc\/credenciamento-organizacoes-sociedade-civil\/","og_site_name":"SEMASC","article_publisher":"https:\/\/www.facebook.com\/semascmanaus","article_published_time":"2023-11-14T20:41:49+00:00","article_modified_time":"2023-11-14T20:41:50+00:00","og_image":[{"width":2560,"height":1706,"url":"https:\/\/www.manaus.am.gov.br\/semasc\/wp-content\/uploads\/sites\/17\/2023\/11\/WhatsApp-Image-2023-11-14-at-16.39.02.jpeg","type":"image\/jpeg"}],"author":"Maur\u00edcio Freire","twitter_card":"summary_large_image","twitter_misc":{"Written by":"Maur\u00edcio Freire","Est. reading time":"2 minutos"},"schema":{"@context":"https:\/\/schema.org","@graph":[{"@type":"Article","@id":"https:\/\/www.manaus.am.gov.br\/semasc\/credenciamento-organizacoes-sociedade-civil\/#article","isPartOf":{"@id":"https:\/\/www.manaus.am.gov.br\/semasc\/credenciamento-organizacoes-sociedade-civil\/"},"author":{"name":"Maur\u00edcio Freire","@id":"https:\/\/www.manaus.am.gov.br\/semasc\/#\/schema\/person\/587989a23a463cde5618e6a028977a9a"},"headline":"Prefeitura de Manaus abre credenciamento para Organiza\u00e7\u00f5es da Sociedade Civil\u00a0","datePublished":"2023-11-14T20:41:49+00:00","dateModified":"2023-11-14T20:41:50+00:00","mainEntityOfPage":{"@id":"https:\/\/www.manaus.am.gov.br\/semasc\/credenciamento-organizacoes-sociedade-civil\/"},"wordCount":333,"publisher":{"@id":"https:\/\/www.manaus.am.gov.br\/semasc\/#organization"},"image":{"@id":"https:\/\/www.manaus.am.gov.br\/semasc\/credenciamento-organizacoes-sociedade-civil\/#primaryimage"},"thumbnailUrl":"https:\/\/www.manaus.am.gov.br\/semasc\/wp-content\/uploads\/sites\/17\/2023\/11\/WhatsApp-Image-2023-11-14-at-16.39.02.jpeg","keywords":["assist\u00eancia social","Organiza\u00e7\u00e3o da Sociedade Civil","Semasc"],"articleSection":["Assist\u00eancia Social"],"inLanguage":"pt-BR"},{"@type":"WebPage","@id":"https:\/\/www.manaus.am.gov.br\/semasc\/credenciamento-organizacoes-sociedade-civil\/","url":"https:\/\/www.manaus.am.gov.br\/semasc\/credenciamento-organizacoes-sociedade-civil\/","name":"Prefeitura de Manaus abre credenciamento para Organiza\u00e7\u00f5es da Sociedade Civil\u00a0","isPartOf":{"@id":"https:\/\/www.manaus.am.gov.br\/semasc\/#website"},"primaryImageOfPage":{"@id":"https:\/\/www.manaus.am.gov.br\/semasc\/credenciamento-organizacoes-sociedade-civil\/#primaryimage"},"image":{"@id":"https:\/\/www.manaus.am.gov.br\/semasc\/credenciamento-organizacoes-sociedade-civil\/#primaryimage"},"thumbnailUrl":"https:\/\/www.manaus.am.gov.br\/semasc\/wp-content\/uploads\/sites\/17\/2023\/11\/WhatsApp-Image-2023-11-14-at-16.39.02.jpeg","datePublished":"2023-11-14T20:41:49+00:00","dateModified":"2023-11-14T20:41:50+00:00","description":"A Prefeitura de Manaus, por meio da Secretaria Municipal da Mulher, Assist\u00eancia Social e Cidadania (Semasc), tornou p\u00fablico, na \u00faltima segunda-feira, 13\/11","breadcrumb":{"@id":"https:\/\/www.manaus.am.gov.br\/semasc\/credenciamento-organizacoes-sociedade-civil\/#breadcrumb"},"inLanguage":"pt-BR","potentialAction":[{"@type":"ReadAction","target":["https:\/\/www.manaus.am.gov.br\/semasc\/credenciamento-organizacoes-sociedade-civil\/"]}]},{"@type":"ImageObject","inLanguage":"pt-BR","@id":"https:\/\/www.manaus.am.gov.br\/semasc\/credenciamento-organizacoes-sociedade-civil\/#primaryimage","url":"https:\/\/www.manaus.am.gov.br\/semasc\/wp-content\/uploads\/sites\/17\/2023\/11\/WhatsApp-Image-2023-11-14-at-16.39.02.jpeg","contentUrl":"https:\/\/www.manaus.am.gov.br\/semasc\/wp-content\/uploads\/sites\/17\/2023\/11\/WhatsApp-Image-2023-11-14-at-16.39.02.jpeg","width":2560,"height":1706,"caption":"#paratodosverem edital completo pode ser consultado no DOM"},{"@type":"BreadcrumbList","@id":"https:\/\/www.manaus.am.gov.br\/semasc\/credenciamento-organizacoes-sociedade-civil\/#breadcrumb","itemListElement":[{"@type":"ListItem","position":1,"name":"Home","item":"https:\/\/www.manaus.am.gov.br\/semasc\/"},{"@type":"ListItem","position":2,"name":"Prefeitura de Manaus abre credenciamento para Organiza\u00e7\u00f5es da Sociedade Civil\u00a0"}]},{"@type":"WebSite","@id":"https:\/\/www.manaus.am.gov.br\/semasc\/#website","url":"https:\/\/www.manaus.am.gov.br\/semasc\/","name":"SEMASC","description":"Secretaria Municipal da Mulher, Assist\u00eancia Social e Cidadania.","publisher":{"@id":"https:\/\/www.manaus.am.gov.br\/semasc\/#organization"},"alternateName":"Secretaria Municipal da Mulher, Assist\u00eancia Social e Cidadania","potentialAction":[{"@type":"SearchAction","target":{"@type":"EntryPoint","urlTemplate":"https:\/\/www.manaus.am.gov.br\/semasc\/?s={search_term_string}"},"query-input":"required name=search_term_string"}],"inLanguage":"pt-BR"},{"@type":"Organization","@id":"https:\/\/www.manaus.am.gov.br\/semasc\/#organization","name":"Prefeitura de Manaus","alternateName":"Prefeitura Municipal de Manaus","url":"https:\/\/www.manaus.am.gov.br\/semasc\/","logo":{"@type":"ImageObject","inLanguage":"pt-BR","@id":"https:\/\/www.manaus.am.gov.br\/semasc\/#\/schema\/logo\/image\/","url":"https:\/\/www.manaus.am.gov.br\/semasc\/wp-content\/uploads\/sites\/17\/2024\/07\/favicon.png","contentUrl":"https:\/\/www.manaus.am.gov.br\/semasc\/wp-content\/uploads\/sites\/17\/2024\/07\/favicon.png","width":300,"height":300,"caption":"Prefeitura de Manaus"},"image":{"@id":"https:\/\/www.manaus.am.gov.br\/semasc\/#\/schema\/logo\/image\/"},"sameAs":["https:\/\/www.facebook.com\/semascmanaus","https:\/\/www.instagram.com\/semascmanaus\/"]},{"@type":"Person","@id":"https:\/\/www.manaus.am.gov.br\/semasc\/#\/schema\/person\/587989a23a463cde5618e6a028977a9a","name":"Maur\u00edcio Freire","image":{"@type":"ImageObject","inLanguage":"pt-BR","@id":"https:\/\/www.manaus.am.gov.br\/semasc\/#\/schema\/person\/image\/","url":"https:\/\/secure.gravatar.com\/avatar\/dc1481799a1f75c733ac3b2634cd6749?s=96&d=mm&r=g","contentUrl":"https:\/\/secure.gravatar.com\/avatar\/dc1481799a1f75c733ac3b2634cd6749?s=96&d=mm&r=g","caption":"Maur\u00edcio Freire"}}]}},"_links":{"self":[{"href":"https:\/\/www.manaus.am.gov.br\/semasc\/wp-json\/wp\/v2\/posts\/209147"}],"collection":[{"href":"https:\/\/www.manaus.am.gov.br\/semasc\/wp-json\/wp\/v2\/posts"}],"about":[{"href":"https:\/\/www.manaus.am.gov.br\/semasc\/wp-json\/wp\/v2\/types\/post"}],"author":[{"embeddable":true,"href":"https:\/\/www.manaus.am.gov.br\/semasc\/wp-json\/wp\/v2\/users\/25"}],"replies":[{"embeddable":true,"href":"https:\/\/www.manaus.am.gov.br\/semasc\/wp-json\/wp\/v2\/comments?post=209147"}],"version-history":[{"count":0,"href":"https:\/\/www.manaus.am.gov.br\/semasc\/wp-json\/wp\/v2\/posts\/209147\/revisions"}],"wp:featuredmedia":[{"embeddable":true,"href":"https:\/\/www.manaus.am.gov.br\/semasc\/wp-json\/wp\/v2\/media\/209148"}],"wp:attachment":[{"href":"https:\/\/www.manaus.am.gov.br\/semasc\/wp-json\/wp\/v2\/media?parent=209147"}],"wp:term":[{"taxonomy":"category","embeddable":true,"href":"https:\/\/www.manaus.am.gov.br\/semasc\/wp-json\/wp\/v2\/categories?post=209147"},{"taxonomy":"post_tag","embeddable":true,"href":"https:\/\/www.manaus.am.gov.br\/semasc\/wp-json\/wp\/v2\/tags?post=209147"}],"curies":[{"name":"wp","href":"https:\/\/api.w.org\/{rel}","templated":true}]}}