{"id":209054,"date":"2023-11-09T15:53:26","date_gmt":"2023-11-09T19:53:26","guid":{"rendered":"https:\/\/www.manaus.am.gov.br\/semasc\/prefeitura-de-manaus-participa-de-encontro-estadual-sobre-protecao-social-especial-e-trabalho-infantil\/"},"modified":"2023-11-09T15:53:26","modified_gmt":"2023-11-09T19:53:26","slug":"prefeitura-de-manaus-participa-de-encontro-estadual-sobre-protecao-social-especial-e-trabalho-infantil","status":"publish","type":"post","link":"https:\/\/www.manaus.am.gov.br\/semasc\/prefeitura-de-manaus-participa-de-encontro-estadual-sobre-protecao-social-especial-e-trabalho-infantil\/","title":{"rendered":"Prefeitura de Manaus participa de encontro estadual sobre Prote\u00e7\u00e3o Social Especial e Trabalho Infantil"},"content":{"rendered":"\n<p>A Prefeitura de Manaus, por meio da Secretaria Municipal da Mulher, Assist\u00eancia Social e Cidadania (Semasc), participou, nesta quinta-feira, 9\/11, do quarto dia de programa\u00e7\u00e3o do 2\u00b0 Encontro Estadual da Prote\u00e7\u00e3o Social Especial (DPSE) e do Programa de Erradica\u00e7\u00e3o do Trabalho Infantil (Peti), iniciado na \u00faltima segunda-feira, 6\/11, e promovido pela Secretaria de Estado de Assist\u00eancia Social (Seas), em parceria com a Secretaria de Estado de Justi\u00e7a, Direitos Humanos e Cidadania (Sejusc) e o Minist\u00e9rio P\u00fablico do Trabalho (MPT), com o objetivo de qualificar os servidores que atuam na Prote\u00e7\u00e3o Social Especial.<\/p>\n\n\n\n<p>Em parceria com o projeto \u201cEscravo, Nem Pensar!\u201d, programa educacional da Organiza\u00e7\u00e3o da Sociedade Civil (OSC) Rep\u00f3rter Brasil, as atividades desta quinta foram desenvolvidas com o objetivo de discutir e estudar os principais aspectos do trabalho escravo no Brasil contempor\u00e2neo e sua rela\u00e7\u00e3o com o trabalho infantojuvenil.<\/p>\n\n\n\n<p>\u201cO trabalho an\u00e1logo a escravid\u00e3o n\u00e3o \u00e9 uma situa\u00e7\u00e3o autodeclar\u00e1vel, sendo necess\u00e1rio que os t\u00e9cnicos que trabalham com grupos de conviv\u00eancia e escuta qualificada tenham a compet\u00eancia e a sensibilidade para identificar os ind\u00edcios de uma situa\u00e7\u00e3o de trabalho escravo para que possam articular, dentro da Rede de Prote\u00e7\u00e3o Social, a garantia de direitos do usu\u00e1rio atendido. Um evento como este \u00e9 fundamental para que as v\u00edtimas dessa condi\u00e7\u00e3o n\u00e3o continuem na invisibilidade\u201d, explicou a subsecret\u00e1ria de Pol\u00edticas Afirmativas para Mulheres e Direitos Humanos da Semasc, Gra\u00e7a Prola.<\/p>\n\n\n\n<p>Ao longo de todo o dia, foram discutidos com os servidores de 54 munic\u00edpios do Amazonas temas como a defini\u00e7\u00e3o do trabalho escravo na atualidade, o perfil do trabalhador resgatado, o processo de aliciamento desses trabalhadores, sistemas para den\u00fancia, al\u00e9m de, \u00e9 claro, do papel da assist\u00eancia social na erradica\u00e7\u00e3o do trabalho escravo e estudo desses casos.<\/p>\n\n\n\n<p>A coordenadora estadual do Programa de Erradica\u00e7\u00e3o do Trabalho Infantil (Peti), Daniela Toilza, destacou a import\u00e2ncia da iniciativa na continuidade dos trabalhos intersetoriais do Poder P\u00fablico amazonense no combate ao trabalho infantojuvenil e outras viola\u00e7\u00f5es de direitos perpetradas principalmente no interior do estado.<\/p>\n\n\n\n<figure class=\"wp-block-image size-full\"><img loading=\"lazy\" decoding=\"async\" width=\"799\" height=\"533\" src=\"https:\/\/www.manaus.am.gov.br\/semasc\/wp-content\/uploads\/sites\/17\/2023\/11\/53320064907_71a2a78b79_c.jpg\" alt=\"\" class=\"wp-image-209055\" srcset=\"https:\/\/www.manaus.am.gov.br\/semasc\/wp-content\/uploads\/sites\/17\/2023\/11\/53320064907_71a2a78b79_c.jpg 799w, https:\/\/www.manaus.am.gov.br\/semasc\/wp-content\/uploads\/sites\/17\/2023\/11\/53320064907_71a2a78b79_c-300x200.jpg 300w, https:\/\/www.manaus.am.gov.br\/semasc\/wp-content\/uploads\/sites\/17\/2023\/11\/53320064907_71a2a78b79_c-768x512.jpg 768w\" sizes=\"(max-width: 799px) 100vw, 799px\" \/><\/figure>\n\n\n\n<p>\u201c\u00c9 um trabalho muito importante para que os trabalhadores do Sistema \u00danico de Sa\u00fade (Suas) possam voltar para seus munic\u00edpios como multiplicadores das informa\u00e7\u00f5es aqui passadas e discutidas. Capacita\u00e7\u00e3o nunca \u00e9 demais, principalmente com a demanda que a assist\u00eancia social possui no Amazonas, fazendo da parceria entre o governo do estado, a prefeitura e a sociedade civil um sucesso em termos de relev\u00e2ncia e efic\u00e1cia\u201d, destacou.<\/p>\n\n\n\n<p>De acordo com Rodrigo Teruel, assessor de Projetos do programa \u201cEscravo, Nem Pensar!\u201d, a principal demanda identificada pela institui\u00e7\u00e3o no territ\u00f3rio amazonense \u00e9 a alta quantidade e variedade de pol\u00edticas p\u00fablicas de repress\u00e3o ao trabalho escravo, mas a falta de pol\u00edticas voltadas para a preven\u00e7\u00e3o e assist\u00eancia voltadas exclusivamente para as v\u00edtimas.<\/p>\n\n\n\n<p>\u201cOs eixos de preven\u00e7\u00e3o, de a\u00e7\u00f5es transformativas e de atendimento socioassistencial sempre foram historicamente conduzidos pela sociedade civil. Hoje, com o Suas se qualificando cada vez mais para se fazer presente nesse processo, entendemos que \u00e9 necess\u00e1rio contribuir com o conhecimento especializado para que o sistema possa se fortalecer ainda mais\u201d, afirmou.<\/p>\n\n\n\n<p>Entre os servidores presentes, a coordenadora do Centro de Refer\u00eancia Especializado de Assist\u00eancia Social (Creas) do munic\u00edpio de S\u00e3o Gabriel da Cachoeira, Luana Bezerra, ressaltou a import\u00e2ncia da programa\u00e7\u00e3o para ela e seus colegas do SUAS.<\/p>\n\n\n\n<p>\u201c\u00c9 uma ocasi\u00e3o muito importante para a atualiza\u00e7\u00e3o dos nossos conhecimentos, principalmente no enfrentamento de diversas causas e problem\u00e1ticas. \u00c9 uma experi\u00eancia muito boa, gratificante\u201d, concluiu.<\/p>\n\n\n\n<p>&#8212; &#8212; &#8212;<\/p>\n\n\n\n<p><strong>Texto &#8211;&nbsp;<\/strong>Guilherme Pacheco \/ Semasc<\/p>\n\n\n\n<p><strong>Fotos &#8211;&nbsp;<\/strong>Diego Lima \/ Semasc<\/p>\n\n\n\n<p>Publicado em &#8211; <a href=\"https:\/\/flic.kr\/s\/aHBqjB2Ext\">https:\/\/flic.kr\/s\/aHBqjB2Ext<\/a><\/p>\n","protected":false},"excerpt":{"rendered":"","protected":false},"author":31,"featured_media":209056,"comment_status":"closed","ping_status":"closed","sticky":false,"template":"","format":"standard","meta":{"footnotes":""},"categories":[195],"tags":[543,544,130],"acf":[],"yoast_head":"<!-- This site is optimized with the Yoast SEO plugin v23.0 - https:\/\/yoast.com\/wordpress\/plugins\/seo\/ -->\n<title>Prefeitura de Manaus participa de encontro estadual sobre Prote\u00e7\u00e3o Social Especial e Trabalho Infantil - SEMASC<\/title>\n<meta name=\"robots\" content=\"noindex, follow\" \/>\n<meta property=\"og:locale\" content=\"pt_BR\" \/>\n<meta property=\"og:type\" content=\"article\" \/>\n<meta property=\"og:title\" content=\"Prefeitura de Manaus participa de encontro estadual sobre Prote\u00e7\u00e3o Social Especial e Trabalho Infantil - SEMASC\" \/>\n<meta property=\"og:url\" content=\"https:\/\/www.manaus.am.gov.br\/semasc\/prefeitura-de-manaus-participa-de-encontro-estadual-sobre-protecao-social-especial-e-trabalho-infantil\/\" \/>\n<meta property=\"og:site_name\" content=\"SEMASC\" \/>\n<meta property=\"article:publisher\" content=\"https:\/\/www.facebook.com\/semascmanaus\" \/>\n<meta property=\"article:published_time\" content=\"2023-11-09T19:53:26+00:00\" \/>\n<meta property=\"og:image\" content=\"https:\/\/www.manaus.am.gov.br\/semasc\/wp-content\/uploads\/sites\/17\/2023\/11\/53321400300_76f8f83ca1_c.jpg\" \/>\n\t<meta property=\"og:image:width\" content=\"799\" \/>\n\t<meta property=\"og:image:height\" content=\"533\" \/>\n\t<meta property=\"og:image:type\" content=\"image\/jpeg\" \/>\n<meta name=\"author\" content=\"Renata Felix\" \/>\n<meta name=\"twitter:card\" content=\"summary_large_image\" \/>\n<meta name=\"twitter:label1\" content=\"Written by\" \/>\n\t<meta name=\"twitter:data1\" content=\"Renata Felix\" \/>\n\t<meta name=\"twitter:label2\" content=\"Est. reading time\" \/>\n\t<meta name=\"twitter:data2\" content=\"4 minutos\" \/>\n<script type=\"application\/ld+json\" class=\"yoast-schema-graph\">{\"@context\":\"https:\/\/schema.org\",\"@graph\":[{\"@type\":\"Article\",\"@id\":\"https:\/\/www.manaus.am.gov.br\/semasc\/prefeitura-de-manaus-participa-de-encontro-estadual-sobre-protecao-social-especial-e-trabalho-infantil\/#article\",\"isPartOf\":{\"@id\":\"https:\/\/www.manaus.am.gov.br\/semasc\/prefeitura-de-manaus-participa-de-encontro-estadual-sobre-protecao-social-especial-e-trabalho-infantil\/\"},\"author\":{\"name\":\"Renata Felix\",\"@id\":\"https:\/\/www.manaus.am.gov.br\/semasc\/#\/schema\/person\/4eea2a8f78dc853097abb026f728aa06\"},\"headline\":\"Prefeitura de Manaus participa de encontro estadual sobre Prote\u00e7\u00e3o Social Especial e Trabalho Infantil\",\"datePublished\":\"2023-11-09T19:53:26+00:00\",\"dateModified\":\"2023-11-09T19:53:26+00:00\",\"mainEntityOfPage\":{\"@id\":\"https:\/\/www.manaus.am.gov.br\/semasc\/prefeitura-de-manaus-participa-de-encontro-estadual-sobre-protecao-social-especial-e-trabalho-infantil\/\"},\"wordCount\":656,\"publisher\":{\"@id\":\"https:\/\/www.manaus.am.gov.br\/semasc\/#organization\"},\"image\":{\"@id\":\"https:\/\/www.manaus.am.gov.br\/semasc\/prefeitura-de-manaus-participa-de-encontro-estadual-sobre-protecao-social-especial-e-trabalho-infantil\/#primaryimage\"},\"thumbnailUrl\":\"https:\/\/www.manaus.am.gov.br\/semasc\/wp-content\/uploads\/sites\/17\/2023\/11\/53321400300_76f8f83ca1_c.jpg\",\"keywords\":[\"Programa de Erradica\u00e7\u00e3o\",\"Prote\u00e7\u00e3o Social Especial\",\"trabalho infantil\"],\"articleSection\":[\"Pol\u00edticas P\u00fablicas\"],\"inLanguage\":\"pt-BR\"},{\"@type\":\"WebPage\",\"@id\":\"https:\/\/www.manaus.am.gov.br\/semasc\/prefeitura-de-manaus-participa-de-encontro-estadual-sobre-protecao-social-especial-e-trabalho-infantil\/\",\"url\":\"https:\/\/www.manaus.am.gov.br\/semasc\/prefeitura-de-manaus-participa-de-encontro-estadual-sobre-protecao-social-especial-e-trabalho-infantil\/\",\"name\":\"Prefeitura de Manaus participa de encontro estadual sobre Prote\u00e7\u00e3o Social Especial e Trabalho Infantil - SEMASC\",\"isPartOf\":{\"@id\":\"https:\/\/www.manaus.am.gov.br\/semasc\/#website\"},\"primaryImageOfPage\":{\"@id\":\"https:\/\/www.manaus.am.gov.br\/semasc\/prefeitura-de-manaus-participa-de-encontro-estadual-sobre-protecao-social-especial-e-trabalho-infantil\/#primaryimage\"},\"image\":{\"@id\":\"https:\/\/www.manaus.am.gov.br\/semasc\/prefeitura-de-manaus-participa-de-encontro-estadual-sobre-protecao-social-especial-e-trabalho-infantil\/#primaryimage\"},\"thumbnailUrl\":\"https:\/\/www.manaus.am.gov.br\/semasc\/wp-content\/uploads\/sites\/17\/2023\/11\/53321400300_76f8f83ca1_c.jpg\",\"datePublished\":\"2023-11-09T19:53:26+00:00\",\"dateModified\":\"2023-11-09T19:53:26+00:00\",\"breadcrumb\":{\"@id\":\"https:\/\/www.manaus.am.gov.br\/semasc\/prefeitura-de-manaus-participa-de-encontro-estadual-sobre-protecao-social-especial-e-trabalho-infantil\/#breadcrumb\"},\"inLanguage\":\"pt-BR\",\"potentialAction\":[{\"@type\":\"ReadAction\",\"target\":[\"https:\/\/www.manaus.am.gov.br\/semasc\/prefeitura-de-manaus-participa-de-encontro-estadual-sobre-protecao-social-especial-e-trabalho-infantil\/\"]}]},{\"@type\":\"ImageObject\",\"inLanguage\":\"pt-BR\",\"@id\":\"https:\/\/www.manaus.am.gov.br\/semasc\/prefeitura-de-manaus-participa-de-encontro-estadual-sobre-protecao-social-especial-e-trabalho-infantil\/#primaryimage\",\"url\":\"https:\/\/www.manaus.am.gov.br\/semasc\/wp-content\/uploads\/sites\/17\/2023\/11\/53321400300_76f8f83ca1_c.jpg\",\"contentUrl\":\"https:\/\/www.manaus.am.gov.br\/semasc\/wp-content\/uploads\/sites\/17\/2023\/11\/53321400300_76f8f83ca1_c.jpg\",\"width\":799,\"height\":533,\"caption\":\"#paratodosverem - Quatro coordenadores do evento est\u00e3o na mesa com uma faixa sobre o encontro, e ao fundo h\u00e1 imagens da apresenta\u00e7\u00e3o que ser\u00e1 feita, e uma Carteira de Trabalho\"},{\"@type\":\"BreadcrumbList\",\"@id\":\"https:\/\/www.manaus.am.gov.br\/semasc\/prefeitura-de-manaus-participa-de-encontro-estadual-sobre-protecao-social-especial-e-trabalho-infantil\/#breadcrumb\",\"itemListElement\":[{\"@type\":\"ListItem\",\"position\":1,\"name\":\"Home\",\"item\":\"https:\/\/www.manaus.am.gov.br\/semasc\/\"},{\"@type\":\"ListItem\",\"position\":2,\"name\":\"Prefeitura de Manaus participa de encontro estadual sobre Prote\u00e7\u00e3o Social Especial e Trabalho Infantil\"}]},{\"@type\":\"WebSite\",\"@id\":\"https:\/\/www.manaus.am.gov.br\/semasc\/#website\",\"url\":\"https:\/\/www.manaus.am.gov.br\/semasc\/\",\"name\":\"SEMASC\",\"description\":\"Secretaria Municipal da Mulher, Assist\u00eancia Social e Cidadania.\",\"publisher\":{\"@id\":\"https:\/\/www.manaus.am.gov.br\/semasc\/#organization\"},\"alternateName\":\"Secretaria Municipal da Mulher, Assist\u00eancia Social e Cidadania\",\"potentialAction\":[{\"@type\":\"SearchAction\",\"target\":{\"@type\":\"EntryPoint\",\"urlTemplate\":\"https:\/\/www.manaus.am.gov.br\/semasc\/?s={search_term_string}\"},\"query-input\":\"required name=search_term_string\"}],\"inLanguage\":\"pt-BR\"},{\"@type\":\"Organization\",\"@id\":\"https:\/\/www.manaus.am.gov.br\/semasc\/#organization\",\"name\":\"Prefeitura de Manaus\",\"alternateName\":\"Prefeitura Municipal de Manaus\",\"url\":\"https:\/\/www.manaus.am.gov.br\/semasc\/\",\"logo\":{\"@type\":\"ImageObject\",\"inLanguage\":\"pt-BR\",\"@id\":\"https:\/\/www.manaus.am.gov.br\/semasc\/#\/schema\/logo\/image\/\",\"url\":\"https:\/\/www.manaus.am.gov.br\/semasc\/wp-content\/uploads\/sites\/17\/2024\/07\/favicon.png\",\"contentUrl\":\"https:\/\/www.manaus.am.gov.br\/semasc\/wp-content\/uploads\/sites\/17\/2024\/07\/favicon.png\",\"width\":300,\"height\":300,\"caption\":\"Prefeitura de Manaus\"},\"image\":{\"@id\":\"https:\/\/www.manaus.am.gov.br\/semasc\/#\/schema\/logo\/image\/\"},\"sameAs\":[\"https:\/\/www.facebook.com\/semascmanaus\",\"https:\/\/www.instagram.com\/semascmanaus\/\"]},{\"@type\":\"Person\",\"@id\":\"https:\/\/www.manaus.am.gov.br\/semasc\/#\/schema\/person\/4eea2a8f78dc853097abb026f728aa06\",\"name\":\"Renata Felix\",\"image\":{\"@type\":\"ImageObject\",\"inLanguage\":\"pt-BR\",\"@id\":\"https:\/\/www.manaus.am.gov.br\/semasc\/#\/schema\/person\/image\/\",\"url\":\"https:\/\/secure.gravatar.com\/avatar\/3c196cf9d3b837b24c8edb2c50fd8f29?s=96&d=mm&r=g\",\"contentUrl\":\"https:\/\/secure.gravatar.com\/avatar\/3c196cf9d3b837b24c8edb2c50fd8f29?s=96&d=mm&r=g\",\"caption\":\"Renata Felix\"}}]}<\/script>\n<!-- \/ Yoast SEO plugin. -->","yoast_head_json":{"title":"Prefeitura de Manaus participa de encontro estadual sobre Prote\u00e7\u00e3o Social Especial e Trabalho Infantil - SEMASC","robots":{"index":"noindex","follow":"follow"},"og_locale":"pt_BR","og_type":"article","og_title":"Prefeitura de Manaus participa de encontro estadual sobre Prote\u00e7\u00e3o Social Especial e Trabalho Infantil - SEMASC","og_url":"https:\/\/www.manaus.am.gov.br\/semasc\/prefeitura-de-manaus-participa-de-encontro-estadual-sobre-protecao-social-especial-e-trabalho-infantil\/","og_site_name":"SEMASC","article_publisher":"https:\/\/www.facebook.com\/semascmanaus","article_published_time":"2023-11-09T19:53:26+00:00","og_image":[{"width":799,"height":533,"url":"https:\/\/www.manaus.am.gov.br\/semasc\/wp-content\/uploads\/sites\/17\/2023\/11\/53321400300_76f8f83ca1_c.jpg","type":"image\/jpeg"}],"author":"Renata Felix","twitter_card":"summary_large_image","twitter_misc":{"Written by":"Renata Felix","Est. reading time":"4 minutos"},"schema":{"@context":"https:\/\/schema.org","@graph":[{"@type":"Article","@id":"https:\/\/www.manaus.am.gov.br\/semasc\/prefeitura-de-manaus-participa-de-encontro-estadual-sobre-protecao-social-especial-e-trabalho-infantil\/#article","isPartOf":{"@id":"https:\/\/www.manaus.am.gov.br\/semasc\/prefeitura-de-manaus-participa-de-encontro-estadual-sobre-protecao-social-especial-e-trabalho-infantil\/"},"author":{"name":"Renata Felix","@id":"https:\/\/www.manaus.am.gov.br\/semasc\/#\/schema\/person\/4eea2a8f78dc853097abb026f728aa06"},"headline":"Prefeitura de Manaus participa de encontro estadual sobre Prote\u00e7\u00e3o Social Especial e Trabalho Infantil","datePublished":"2023-11-09T19:53:26+00:00","dateModified":"2023-11-09T19:53:26+00:00","mainEntityOfPage":{"@id":"https:\/\/www.manaus.am.gov.br\/semasc\/prefeitura-de-manaus-participa-de-encontro-estadual-sobre-protecao-social-especial-e-trabalho-infantil\/"},"wordCount":656,"publisher":{"@id":"https:\/\/www.manaus.am.gov.br\/semasc\/#organization"},"image":{"@id":"https:\/\/www.manaus.am.gov.br\/semasc\/prefeitura-de-manaus-participa-de-encontro-estadual-sobre-protecao-social-especial-e-trabalho-infantil\/#primaryimage"},"thumbnailUrl":"https:\/\/www.manaus.am.gov.br\/semasc\/wp-content\/uploads\/sites\/17\/2023\/11\/53321400300_76f8f83ca1_c.jpg","keywords":["Programa de Erradica\u00e7\u00e3o","Prote\u00e7\u00e3o Social Especial","trabalho infantil"],"articleSection":["Pol\u00edticas P\u00fablicas"],"inLanguage":"pt-BR"},{"@type":"WebPage","@id":"https:\/\/www.manaus.am.gov.br\/semasc\/prefeitura-de-manaus-participa-de-encontro-estadual-sobre-protecao-social-especial-e-trabalho-infantil\/","url":"https:\/\/www.manaus.am.gov.br\/semasc\/prefeitura-de-manaus-participa-de-encontro-estadual-sobre-protecao-social-especial-e-trabalho-infantil\/","name":"Prefeitura de Manaus participa de encontro estadual sobre Prote\u00e7\u00e3o Social Especial e Trabalho Infantil - SEMASC","isPartOf":{"@id":"https:\/\/www.manaus.am.gov.br\/semasc\/#website"},"primaryImageOfPage":{"@id":"https:\/\/www.manaus.am.gov.br\/semasc\/prefeitura-de-manaus-participa-de-encontro-estadual-sobre-protecao-social-especial-e-trabalho-infantil\/#primaryimage"},"image":{"@id":"https:\/\/www.manaus.am.gov.br\/semasc\/prefeitura-de-manaus-participa-de-encontro-estadual-sobre-protecao-social-especial-e-trabalho-infantil\/#primaryimage"},"thumbnailUrl":"https:\/\/www.manaus.am.gov.br\/semasc\/wp-content\/uploads\/sites\/17\/2023\/11\/53321400300_76f8f83ca1_c.jpg","datePublished":"2023-11-09T19:53:26+00:00","dateModified":"2023-11-09T19:53:26+00:00","breadcrumb":{"@id":"https:\/\/www.manaus.am.gov.br\/semasc\/prefeitura-de-manaus-participa-de-encontro-estadual-sobre-protecao-social-especial-e-trabalho-infantil\/#breadcrumb"},"inLanguage":"pt-BR","potentialAction":[{"@type":"ReadAction","target":["https:\/\/www.manaus.am.gov.br\/semasc\/prefeitura-de-manaus-participa-de-encontro-estadual-sobre-protecao-social-especial-e-trabalho-infantil\/"]}]},{"@type":"ImageObject","inLanguage":"pt-BR","@id":"https:\/\/www.manaus.am.gov.br\/semasc\/prefeitura-de-manaus-participa-de-encontro-estadual-sobre-protecao-social-especial-e-trabalho-infantil\/#primaryimage","url":"https:\/\/www.manaus.am.gov.br\/semasc\/wp-content\/uploads\/sites\/17\/2023\/11\/53321400300_76f8f83ca1_c.jpg","contentUrl":"https:\/\/www.manaus.am.gov.br\/semasc\/wp-content\/uploads\/sites\/17\/2023\/11\/53321400300_76f8f83ca1_c.jpg","width":799,"height":533,"caption":"#paratodosverem - Quatro coordenadores do evento est\u00e3o na mesa com uma faixa sobre o encontro, e ao fundo h\u00e1 imagens da apresenta\u00e7\u00e3o que ser\u00e1 feita, e uma Carteira de Trabalho"},{"@type":"BreadcrumbList","@id":"https:\/\/www.manaus.am.gov.br\/semasc\/prefeitura-de-manaus-participa-de-encontro-estadual-sobre-protecao-social-especial-e-trabalho-infantil\/#breadcrumb","itemListElement":[{"@type":"ListItem","position":1,"name":"Home","item":"https:\/\/www.manaus.am.gov.br\/semasc\/"},{"@type":"ListItem","position":2,"name":"Prefeitura de Manaus participa de encontro estadual sobre Prote\u00e7\u00e3o Social Especial e Trabalho Infantil"}]},{"@type":"WebSite","@id":"https:\/\/www.manaus.am.gov.br\/semasc\/#website","url":"https:\/\/www.manaus.am.gov.br\/semasc\/","name":"SEMASC","description":"Secretaria Municipal da Mulher, Assist\u00eancia Social e Cidadania.","publisher":{"@id":"https:\/\/www.manaus.am.gov.br\/semasc\/#organization"},"alternateName":"Secretaria Municipal da Mulher, Assist\u00eancia Social e Cidadania","potentialAction":[{"@type":"SearchAction","target":{"@type":"EntryPoint","urlTemplate":"https:\/\/www.manaus.am.gov.br\/semasc\/?s={search_term_string}"},"query-input":"required name=search_term_string"}],"inLanguage":"pt-BR"},{"@type":"Organization","@id":"https:\/\/www.manaus.am.gov.br\/semasc\/#organization","name":"Prefeitura de Manaus","alternateName":"Prefeitura Municipal de Manaus","url":"https:\/\/www.manaus.am.gov.br\/semasc\/","logo":{"@type":"ImageObject","inLanguage":"pt-BR","@id":"https:\/\/www.manaus.am.gov.br\/semasc\/#\/schema\/logo\/image\/","url":"https:\/\/www.manaus.am.gov.br\/semasc\/wp-content\/uploads\/sites\/17\/2024\/07\/favicon.png","contentUrl":"https:\/\/www.manaus.am.gov.br\/semasc\/wp-content\/uploads\/sites\/17\/2024\/07\/favicon.png","width":300,"height":300,"caption":"Prefeitura de Manaus"},"image":{"@id":"https:\/\/www.manaus.am.gov.br\/semasc\/#\/schema\/logo\/image\/"},"sameAs":["https:\/\/www.facebook.com\/semascmanaus","https:\/\/www.instagram.com\/semascmanaus\/"]},{"@type":"Person","@id":"https:\/\/www.manaus.am.gov.br\/semasc\/#\/schema\/person\/4eea2a8f78dc853097abb026f728aa06","name":"Renata Felix","image":{"@type":"ImageObject","inLanguage":"pt-BR","@id":"https:\/\/www.manaus.am.gov.br\/semasc\/#\/schema\/person\/image\/","url":"https:\/\/secure.gravatar.com\/avatar\/3c196cf9d3b837b24c8edb2c50fd8f29?s=96&d=mm&r=g","contentUrl":"https:\/\/secure.gravatar.com\/avatar\/3c196cf9d3b837b24c8edb2c50fd8f29?s=96&d=mm&r=g","caption":"Renata Felix"}}]}},"_links":{"self":[{"href":"https:\/\/www.manaus.am.gov.br\/semasc\/wp-json\/wp\/v2\/posts\/209054"}],"collection":[{"href":"https:\/\/www.manaus.am.gov.br\/semasc\/wp-json\/wp\/v2\/posts"}],"about":[{"href":"https:\/\/www.manaus.am.gov.br\/semasc\/wp-json\/wp\/v2\/types\/post"}],"author":[{"embeddable":true,"href":"https:\/\/www.manaus.am.gov.br\/semasc\/wp-json\/wp\/v2\/users\/31"}],"replies":[{"embeddable":true,"href":"https:\/\/www.manaus.am.gov.br\/semasc\/wp-json\/wp\/v2\/comments?post=209054"}],"version-history":[{"count":1,"href":"https:\/\/www.manaus.am.gov.br\/semasc\/wp-json\/wp\/v2\/posts\/209054\/revisions"}],"predecessor-version":[{"id":209057,"href":"https:\/\/www.manaus.am.gov.br\/semasc\/wp-json\/wp\/v2\/posts\/209054\/revisions\/209057"}],"wp:featuredmedia":[{"embeddable":true,"href":"https:\/\/www.manaus.am.gov.br\/semasc\/wp-json\/wp\/v2\/media\/209056"}],"wp:attachment":[{"href":"https:\/\/www.manaus.am.gov.br\/semasc\/wp-json\/wp\/v2\/media?parent=209054"}],"wp:term":[{"taxonomy":"category","embeddable":true,"href":"https:\/\/www.manaus.am.gov.br\/semasc\/wp-json\/wp\/v2\/categories?post=209054"},{"taxonomy":"post_tag","embeddable":true,"href":"https:\/\/www.manaus.am.gov.br\/semasc\/wp-json\/wp\/v2\/tags?post=209054"}],"curies":[{"name":"wp","href":"https:\/\/api.w.org\/{rel}","templated":true}]}}