{"id":209046,"date":"2022-10-22T17:53:00","date_gmt":"2022-10-22T21:53:00","guid":{"rendered":"https:\/\/www.manaus.am.gov.br\/semasc\/prefeitura-de-manaus-realiza-mutirao-de-cadastro-unico-na-sede-da-semasc-neste-sabado\/"},"modified":"2023-11-07T16:08:09","modified_gmt":"2023-11-07T20:08:09","slug":"prefeitura-de-manaus-realiza-mutirao-de-cadastro-unico-na-sede-da-semasc-neste-sabado","status":"publish","type":"post","link":"https:\/\/www.manaus.am.gov.br\/semasc\/prefeitura-de-manaus-realiza-mutirao-de-cadastro-unico-na-sede-da-semasc-neste-sabado\/","title":{"rendered":"Prefeitura de Manaus realiza mutir\u00e3o de Cadastro \u00danico na sede da Semasc neste s\u00e1bado"},"content":{"rendered":"\n<p>A Prefeitura de Manaus, via Secretaria Municipal da Mulher, Assist\u00eancia Social e Cidadania (Semasc), realizou, na manh\u00e3 deste s\u00e1bado, 22\/10, a 18\u00b0 edi\u00e7\u00e3o do \u201cMutir\u00e3o de Cadastro \u00danico\u201d. A a\u00e7\u00e3o ocorreu na sede da secretaria, localizada na avenida Ayr\u00e3o, no Centro, zona Sul, onde mais de 800 fam\u00edlias com agendamento pr\u00e9vio puderam atualizar ou realizar novos cadastros.<\/p>\n\n\n\n<p>De acordo com o secret\u00e1rio da Semasc, Eduardo Lucas, a prioridade dos mutir\u00f5es continua sendo as fam\u00edlias cuja \u00faltima atualiza\u00e7\u00e3o foi feita nos anos de 2016 e 2017, que correm o risco de ter seus benef\u00edcios congelados em caso de n\u00e3o atualiza\u00e7\u00e3o.<\/p>\n\n\n\n<p>\u201cEssas pessoas possuem at\u00e9 o dia 11 de novembro para realizar a atualiza\u00e7\u00e3o sob o risco de ter seus benef\u00edcios cancelados, ent\u00e3o \u00e9 de extrema import\u00e2ncia que continuemos a realizar nossos mutir\u00f5es para que ningu\u00e9m perca o acesso a tudo que o Cadastro \u00danico oferece. \u00c9 em paralelo a isso que conseguimos tamb\u00e9m antecipar a realiza\u00e7\u00e3o de novos cadastrados, realizando agendamentos que antes estavam marcados para janeiro do ano que vem ainda este ano\u201d, explicou Eduardo.<\/p>\n\n\n\n<p>Com o encerramento anteriormente previsto para o dia 14\/10, o prazo para a atualiza\u00e7\u00e3o de cadastros pendentes precisou ser prorrogado at\u00e9 o dia 11\/11, devido \u00e0 alta demanda apresentada nas unidades dos Cras por todo o pa\u00eds.<\/p>\n\n\n\n<p>\u201cA prorroga\u00e7\u00e3o do prazo, como era de se esperar, foi uma \u00f3tima not\u00edcia para muitas fam\u00edlias que n\u00e3o tinham conseguido ser atendidas antes, por isso n\u00e3o podemos e nem iremos parar com os nossos mutir\u00f5es. Essa \u00e9 uma estrat\u00e9gia para atender todas as fam\u00edlias que realmente precisam e que n\u00e3o podem ter seus benef\u00edcios congelados\u201d, ressaltou ainda a diretora do Departamento de Prote\u00e7\u00e3o Social B\u00e1sica, Jucimaria Menezes.<\/p>\n\n\n\n<p>Desempregado, Ronaldo Braga, 42, foi um dos usu\u00e1rios a conseguir atualizar seu cadastro durante a a\u00e7\u00e3o. \u201cA gente espera poder melhorar nosso meio de vida, n\u00e9? As coisas v\u00eam ficando cada vez mais dif\u00edceis, mas felizmente o prefeito vem nos ajudando e dando apoio. A gente percebe a melhora de gest\u00e3o em compara\u00e7\u00e3o \u00e0s anteriores, onde t\u00ednhamos uma situa\u00e7\u00e3o prec\u00e1ria, e agora \u00e9 esperar e torcer para que a Prefeitura melhore ainda mais\u201d, concluiu.<\/p>\n\n\n\n<h2 class=\"wp-block-heading\">O Cadastro \u00danico<\/h2>\n\n\n\n<p>O Cadastro \u00danico \u00e9 um registro que permite ao governo saber quem s\u00e3o e como vivem as fam\u00edlias de baixa renda no Brasil. Ele foi criado pelo Governo Federal, mas \u00e9 operacionalizado e atualizado pelas prefeituras de forma gratuita. Ao se inscrever ou atualizar seus dados no Cadastro \u00danico, o cidad\u00e3o pode participar de v\u00e1rios programas sociais. Cada programa tem uma exig\u00eancia diferente, mas o primeiro passo \u00e9 ter sempre seu cadastro atualizado.<\/p>\n\n\n\n<p>A atualiza\u00e7\u00e3o, por sua vez, deve ser realizada a cada dois anos, processo esse que foi interrompido entre 2020 e 2021. Agora, as fam\u00edlias com a situa\u00e7\u00e3o cadastral pendente devem comparecer aos postos de atendimento at\u00e9 o dia 11\/11 para atualizar os dados do cadastro e n\u00e3o ter o acesso aos benef\u00edcios bloqueados.<\/p>\n\n\n\n<p>A Prefeitura de Manaus, por sua vez, realiza periodicamente mutir\u00f5es de atendimento em massa com o intuito de atender \u00e0s necessidades e demandas da popula\u00e7\u00e3o e dos 20 Centros de Refer\u00eancia de Assist\u00eancia Social presentes na capital e administrados pela Semasc.<\/p>\n\n\n\n<hr class=\"wp-block-separator has-alpha-channel-opacity\"\/>\n\n\n\n<p><strong>Texto \u2013<\/strong>&nbsp;Guilherme Ara\u00fajo Pacheco \/ Semasc<br><strong>Fotos \u2013&nbsp;<\/strong>Marcely Gomes \/ Semasc<\/p>\n","protected":false},"excerpt":{"rendered":"","protected":false},"author":27,"featured_media":209047,"comment_status":"closed","ping_status":"closed","sticky":false,"template":"","format":"standard","meta":{"footnotes":""},"categories":[539],"tags":[],"acf":[],"yoast_head":"<!-- This site is optimized with the Yoast SEO plugin v23.0 - https:\/\/yoast.com\/wordpress\/plugins\/seo\/ -->\n<title>Prefeitura de Manaus realiza mutir\u00e3o de Cadastro \u00danico na sede da Semasc neste s\u00e1bado - SEMASC<\/title>\n<meta name=\"robots\" content=\"noindex, follow\" \/>\n<meta property=\"og:locale\" content=\"pt_BR\" \/>\n<meta property=\"og:type\" content=\"article\" \/>\n<meta property=\"og:title\" content=\"Prefeitura de Manaus realiza mutir\u00e3o de Cadastro \u00danico na sede da Semasc neste s\u00e1bado - SEMASC\" \/>\n<meta property=\"og:url\" content=\"https:\/\/www.manaus.am.gov.br\/semasc\/prefeitura-de-manaus-realiza-mutirao-de-cadastro-unico-na-sede-da-semasc-neste-sabado\/\" \/>\n<meta property=\"og:site_name\" content=\"SEMASC\" \/>\n<meta property=\"article:publisher\" content=\"https:\/\/www.facebook.com\/semascmanaus\" \/>\n<meta property=\"article:published_time\" content=\"2022-10-22T21:53:00+00:00\" \/>\n<meta property=\"article:modified_time\" content=\"2023-11-07T20:08:09+00:00\" \/>\n<meta property=\"og:image\" content=\"https:\/\/www.manaus.am.gov.br\/semasc\/wp-content\/uploads\/sites\/17\/2023\/11\/Prefeitura-de-Manaus-realiza-mutirao-de-cadastro-unico-na-sede-da-Semasc-neste-sabado.jpg\" \/>\n\t<meta property=\"og:image:width\" content=\"1024\" \/>\n\t<meta property=\"og:image:height\" content=\"683\" \/>\n\t<meta property=\"og:image:type\" content=\"image\/jpeg\" \/>\n<meta name=\"author\" content=\"Imarketing Digital\" \/>\n<meta name=\"twitter:card\" content=\"summary_large_image\" \/>\n<meta name=\"twitter:label1\" content=\"Written by\" \/>\n\t<meta name=\"twitter:data1\" content=\"Imarketing Digital\" \/>\n\t<meta name=\"twitter:label2\" content=\"Est. reading time\" \/>\n\t<meta name=\"twitter:data2\" content=\"3 minutos\" \/>\n<script type=\"application\/ld+json\" class=\"yoast-schema-graph\">{\"@context\":\"https:\/\/schema.org\",\"@graph\":[{\"@type\":\"Article\",\"@id\":\"https:\/\/www.manaus.am.gov.br\/semasc\/prefeitura-de-manaus-realiza-mutirao-de-cadastro-unico-na-sede-da-semasc-neste-sabado\/#article\",\"isPartOf\":{\"@id\":\"https:\/\/www.manaus.am.gov.br\/semasc\/prefeitura-de-manaus-realiza-mutirao-de-cadastro-unico-na-sede-da-semasc-neste-sabado\/\"},\"author\":{\"name\":\"Imarketing Digital\",\"@id\":\"https:\/\/www.manaus.am.gov.br\/semasc\/#\/schema\/person\/79525a47ac5902f50493820d995728ee\"},\"headline\":\"Prefeitura de Manaus realiza mutir\u00e3o de Cadastro \u00danico na sede da Semasc neste s\u00e1bado\",\"datePublished\":\"2022-10-22T21:53:00+00:00\",\"dateModified\":\"2023-11-07T20:08:09+00:00\",\"mainEntityOfPage\":{\"@id\":\"https:\/\/www.manaus.am.gov.br\/semasc\/prefeitura-de-manaus-realiza-mutirao-de-cadastro-unico-na-sede-da-semasc-neste-sabado\/\"},\"wordCount\":590,\"publisher\":{\"@id\":\"https:\/\/www.manaus.am.gov.br\/semasc\/#organization\"},\"image\":{\"@id\":\"https:\/\/www.manaus.am.gov.br\/semasc\/prefeitura-de-manaus-realiza-mutirao-de-cadastro-unico-na-sede-da-semasc-neste-sabado\/#primaryimage\"},\"thumbnailUrl\":\"https:\/\/www.manaus.am.gov.br\/semasc\/wp-content\/uploads\/sites\/17\/2023\/11\/Prefeitura-de-Manaus-realiza-mutirao-de-cadastro-unico-na-sede-da-Semasc-neste-sabado.jpg\",\"articleSection\":[\"Atendimento\"],\"inLanguage\":\"pt-BR\"},{\"@type\":\"WebPage\",\"@id\":\"https:\/\/www.manaus.am.gov.br\/semasc\/prefeitura-de-manaus-realiza-mutirao-de-cadastro-unico-na-sede-da-semasc-neste-sabado\/\",\"url\":\"https:\/\/www.manaus.am.gov.br\/semasc\/prefeitura-de-manaus-realiza-mutirao-de-cadastro-unico-na-sede-da-semasc-neste-sabado\/\",\"name\":\"Prefeitura de Manaus realiza mutir\u00e3o de Cadastro \u00danico na sede da Semasc neste s\u00e1bado - SEMASC\",\"isPartOf\":{\"@id\":\"https:\/\/www.manaus.am.gov.br\/semasc\/#website\"},\"primaryImageOfPage\":{\"@id\":\"https:\/\/www.manaus.am.gov.br\/semasc\/prefeitura-de-manaus-realiza-mutirao-de-cadastro-unico-na-sede-da-semasc-neste-sabado\/#primaryimage\"},\"image\":{\"@id\":\"https:\/\/www.manaus.am.gov.br\/semasc\/prefeitura-de-manaus-realiza-mutirao-de-cadastro-unico-na-sede-da-semasc-neste-sabado\/#primaryimage\"},\"thumbnailUrl\":\"https:\/\/www.manaus.am.gov.br\/semasc\/wp-content\/uploads\/sites\/17\/2023\/11\/Prefeitura-de-Manaus-realiza-mutirao-de-cadastro-unico-na-sede-da-Semasc-neste-sabado.jpg\",\"datePublished\":\"2022-10-22T21:53:00+00:00\",\"dateModified\":\"2023-11-07T20:08:09+00:00\",\"breadcrumb\":{\"@id\":\"https:\/\/www.manaus.am.gov.br\/semasc\/prefeitura-de-manaus-realiza-mutirao-de-cadastro-unico-na-sede-da-semasc-neste-sabado\/#breadcrumb\"},\"inLanguage\":\"pt-BR\",\"potentialAction\":[{\"@type\":\"ReadAction\",\"target\":[\"https:\/\/www.manaus.am.gov.br\/semasc\/prefeitura-de-manaus-realiza-mutirao-de-cadastro-unico-na-sede-da-semasc-neste-sabado\/\"]}]},{\"@type\":\"ImageObject\",\"inLanguage\":\"pt-BR\",\"@id\":\"https:\/\/www.manaus.am.gov.br\/semasc\/prefeitura-de-manaus-realiza-mutirao-de-cadastro-unico-na-sede-da-semasc-neste-sabado\/#primaryimage\",\"url\":\"https:\/\/www.manaus.am.gov.br\/semasc\/wp-content\/uploads\/sites\/17\/2023\/11\/Prefeitura-de-Manaus-realiza-mutirao-de-cadastro-unico-na-sede-da-Semasc-neste-sabado.jpg\",\"contentUrl\":\"https:\/\/www.manaus.am.gov.br\/semasc\/wp-content\/uploads\/sites\/17\/2023\/11\/Prefeitura-de-Manaus-realiza-mutirao-de-cadastro-unico-na-sede-da-Semasc-neste-sabado.jpg\",\"width\":1024,\"height\":683,\"caption\":\"Prefeitura de Manaus realiza mutir\u00e3o de Cadastro \u00danico na sede da Semasc neste s\u00e1bado\"},{\"@type\":\"BreadcrumbList\",\"@id\":\"https:\/\/www.manaus.am.gov.br\/semasc\/prefeitura-de-manaus-realiza-mutirao-de-cadastro-unico-na-sede-da-semasc-neste-sabado\/#breadcrumb\",\"itemListElement\":[{\"@type\":\"ListItem\",\"position\":1,\"name\":\"Home\",\"item\":\"https:\/\/www.manaus.am.gov.br\/semasc\/\"},{\"@type\":\"ListItem\",\"position\":2,\"name\":\"Prefeitura de Manaus realiza mutir\u00e3o de Cadastro \u00danico na sede da Semasc neste s\u00e1bado\"}]},{\"@type\":\"WebSite\",\"@id\":\"https:\/\/www.manaus.am.gov.br\/semasc\/#website\",\"url\":\"https:\/\/www.manaus.am.gov.br\/semasc\/\",\"name\":\"SEMASC\",\"description\":\"Secretaria Municipal da Mulher, Assist\u00eancia Social e Cidadania.\",\"publisher\":{\"@id\":\"https:\/\/www.manaus.am.gov.br\/semasc\/#organization\"},\"alternateName\":\"Secretaria Municipal da Mulher, Assist\u00eancia Social e Cidadania\",\"potentialAction\":[{\"@type\":\"SearchAction\",\"target\":{\"@type\":\"EntryPoint\",\"urlTemplate\":\"https:\/\/www.manaus.am.gov.br\/semasc\/?s={search_term_string}\"},\"query-input\":\"required name=search_term_string\"}],\"inLanguage\":\"pt-BR\"},{\"@type\":\"Organization\",\"@id\":\"https:\/\/www.manaus.am.gov.br\/semasc\/#organization\",\"name\":\"Prefeitura de Manaus\",\"alternateName\":\"Prefeitura Municipal de Manaus\",\"url\":\"https:\/\/www.manaus.am.gov.br\/semasc\/\",\"logo\":{\"@type\":\"ImageObject\",\"inLanguage\":\"pt-BR\",\"@id\":\"https:\/\/www.manaus.am.gov.br\/semasc\/#\/schema\/logo\/image\/\",\"url\":\"https:\/\/www.manaus.am.gov.br\/semasc\/wp-content\/uploads\/sites\/17\/2024\/07\/favicon.png\",\"contentUrl\":\"https:\/\/www.manaus.am.gov.br\/semasc\/wp-content\/uploads\/sites\/17\/2024\/07\/favicon.png\",\"width\":300,\"height\":300,\"caption\":\"Prefeitura de Manaus\"},\"image\":{\"@id\":\"https:\/\/www.manaus.am.gov.br\/semasc\/#\/schema\/logo\/image\/\"},\"sameAs\":[\"https:\/\/www.facebook.com\/semascmanaus\",\"https:\/\/www.instagram.com\/semascmanaus\/\"]},{\"@type\":\"Person\",\"@id\":\"https:\/\/www.manaus.am.gov.br\/semasc\/#\/schema\/person\/79525a47ac5902f50493820d995728ee\",\"name\":\"Imarketing Digital\",\"image\":{\"@type\":\"ImageObject\",\"inLanguage\":\"pt-BR\",\"@id\":\"https:\/\/www.manaus.am.gov.br\/semasc\/#\/schema\/person\/image\/\",\"url\":\"https:\/\/secure.gravatar.com\/avatar\/03432d3c57b756ed9760f7019c815a3a?s=96&d=mm&r=g\",\"contentUrl\":\"https:\/\/secure.gravatar.com\/avatar\/03432d3c57b756ed9760f7019c815a3a?s=96&d=mm&r=g\",\"caption\":\"Imarketing Digital\"}}]}<\/script>\n<!-- \/ Yoast SEO plugin. -->","yoast_head_json":{"title":"Prefeitura de Manaus realiza mutir\u00e3o de Cadastro \u00danico na sede da Semasc neste s\u00e1bado - SEMASC","robots":{"index":"noindex","follow":"follow"},"og_locale":"pt_BR","og_type":"article","og_title":"Prefeitura de Manaus realiza mutir\u00e3o de Cadastro \u00danico na sede da Semasc neste s\u00e1bado - SEMASC","og_url":"https:\/\/www.manaus.am.gov.br\/semasc\/prefeitura-de-manaus-realiza-mutirao-de-cadastro-unico-na-sede-da-semasc-neste-sabado\/","og_site_name":"SEMASC","article_publisher":"https:\/\/www.facebook.com\/semascmanaus","article_published_time":"2022-10-22T21:53:00+00:00","article_modified_time":"2023-11-07T20:08:09+00:00","og_image":[{"width":1024,"height":683,"url":"https:\/\/www.manaus.am.gov.br\/semasc\/wp-content\/uploads\/sites\/17\/2023\/11\/Prefeitura-de-Manaus-realiza-mutirao-de-cadastro-unico-na-sede-da-Semasc-neste-sabado.jpg","type":"image\/jpeg"}],"author":"Imarketing Digital","twitter_card":"summary_large_image","twitter_misc":{"Written by":"Imarketing Digital","Est. reading time":"3 minutos"},"schema":{"@context":"https:\/\/schema.org","@graph":[{"@type":"Article","@id":"https:\/\/www.manaus.am.gov.br\/semasc\/prefeitura-de-manaus-realiza-mutirao-de-cadastro-unico-na-sede-da-semasc-neste-sabado\/#article","isPartOf":{"@id":"https:\/\/www.manaus.am.gov.br\/semasc\/prefeitura-de-manaus-realiza-mutirao-de-cadastro-unico-na-sede-da-semasc-neste-sabado\/"},"author":{"name":"Imarketing Digital","@id":"https:\/\/www.manaus.am.gov.br\/semasc\/#\/schema\/person\/79525a47ac5902f50493820d995728ee"},"headline":"Prefeitura de Manaus realiza mutir\u00e3o de Cadastro \u00danico na sede da Semasc neste s\u00e1bado","datePublished":"2022-10-22T21:53:00+00:00","dateModified":"2023-11-07T20:08:09+00:00","mainEntityOfPage":{"@id":"https:\/\/www.manaus.am.gov.br\/semasc\/prefeitura-de-manaus-realiza-mutirao-de-cadastro-unico-na-sede-da-semasc-neste-sabado\/"},"wordCount":590,"publisher":{"@id":"https:\/\/www.manaus.am.gov.br\/semasc\/#organization"},"image":{"@id":"https:\/\/www.manaus.am.gov.br\/semasc\/prefeitura-de-manaus-realiza-mutirao-de-cadastro-unico-na-sede-da-semasc-neste-sabado\/#primaryimage"},"thumbnailUrl":"https:\/\/www.manaus.am.gov.br\/semasc\/wp-content\/uploads\/sites\/17\/2023\/11\/Prefeitura-de-Manaus-realiza-mutirao-de-cadastro-unico-na-sede-da-Semasc-neste-sabado.jpg","articleSection":["Atendimento"],"inLanguage":"pt-BR"},{"@type":"WebPage","@id":"https:\/\/www.manaus.am.gov.br\/semasc\/prefeitura-de-manaus-realiza-mutirao-de-cadastro-unico-na-sede-da-semasc-neste-sabado\/","url":"https:\/\/www.manaus.am.gov.br\/semasc\/prefeitura-de-manaus-realiza-mutirao-de-cadastro-unico-na-sede-da-semasc-neste-sabado\/","name":"Prefeitura de Manaus realiza mutir\u00e3o de Cadastro \u00danico na sede da Semasc neste s\u00e1bado - SEMASC","isPartOf":{"@id":"https:\/\/www.manaus.am.gov.br\/semasc\/#website"},"primaryImageOfPage":{"@id":"https:\/\/www.manaus.am.gov.br\/semasc\/prefeitura-de-manaus-realiza-mutirao-de-cadastro-unico-na-sede-da-semasc-neste-sabado\/#primaryimage"},"image":{"@id":"https:\/\/www.manaus.am.gov.br\/semasc\/prefeitura-de-manaus-realiza-mutirao-de-cadastro-unico-na-sede-da-semasc-neste-sabado\/#primaryimage"},"thumbnailUrl":"https:\/\/www.manaus.am.gov.br\/semasc\/wp-content\/uploads\/sites\/17\/2023\/11\/Prefeitura-de-Manaus-realiza-mutirao-de-cadastro-unico-na-sede-da-Semasc-neste-sabado.jpg","datePublished":"2022-10-22T21:53:00+00:00","dateModified":"2023-11-07T20:08:09+00:00","breadcrumb":{"@id":"https:\/\/www.manaus.am.gov.br\/semasc\/prefeitura-de-manaus-realiza-mutirao-de-cadastro-unico-na-sede-da-semasc-neste-sabado\/#breadcrumb"},"inLanguage":"pt-BR","potentialAction":[{"@type":"ReadAction","target":["https:\/\/www.manaus.am.gov.br\/semasc\/prefeitura-de-manaus-realiza-mutirao-de-cadastro-unico-na-sede-da-semasc-neste-sabado\/"]}]},{"@type":"ImageObject","inLanguage":"pt-BR","@id":"https:\/\/www.manaus.am.gov.br\/semasc\/prefeitura-de-manaus-realiza-mutirao-de-cadastro-unico-na-sede-da-semasc-neste-sabado\/#primaryimage","url":"https:\/\/www.manaus.am.gov.br\/semasc\/wp-content\/uploads\/sites\/17\/2023\/11\/Prefeitura-de-Manaus-realiza-mutirao-de-cadastro-unico-na-sede-da-Semasc-neste-sabado.jpg","contentUrl":"https:\/\/www.manaus.am.gov.br\/semasc\/wp-content\/uploads\/sites\/17\/2023\/11\/Prefeitura-de-Manaus-realiza-mutirao-de-cadastro-unico-na-sede-da-Semasc-neste-sabado.jpg","width":1024,"height":683,"caption":"Prefeitura de Manaus realiza mutir\u00e3o de Cadastro \u00danico na sede da Semasc neste s\u00e1bado"},{"@type":"BreadcrumbList","@id":"https:\/\/www.manaus.am.gov.br\/semasc\/prefeitura-de-manaus-realiza-mutirao-de-cadastro-unico-na-sede-da-semasc-neste-sabado\/#breadcrumb","itemListElement":[{"@type":"ListItem","position":1,"name":"Home","item":"https:\/\/www.manaus.am.gov.br\/semasc\/"},{"@type":"ListItem","position":2,"name":"Prefeitura de Manaus realiza mutir\u00e3o de Cadastro \u00danico na sede da Semasc neste s\u00e1bado"}]},{"@type":"WebSite","@id":"https:\/\/www.manaus.am.gov.br\/semasc\/#website","url":"https:\/\/www.manaus.am.gov.br\/semasc\/","name":"SEMASC","description":"Secretaria Municipal da Mulher, Assist\u00eancia Social e Cidadania.","publisher":{"@id":"https:\/\/www.manaus.am.gov.br\/semasc\/#organization"},"alternateName":"Secretaria Municipal da Mulher, Assist\u00eancia Social e Cidadania","potentialAction":[{"@type":"SearchAction","target":{"@type":"EntryPoint","urlTemplate":"https:\/\/www.manaus.am.gov.br\/semasc\/?s={search_term_string}"},"query-input":"required name=search_term_string"}],"inLanguage":"pt-BR"},{"@type":"Organization","@id":"https:\/\/www.manaus.am.gov.br\/semasc\/#organization","name":"Prefeitura de Manaus","alternateName":"Prefeitura Municipal de Manaus","url":"https:\/\/www.manaus.am.gov.br\/semasc\/","logo":{"@type":"ImageObject","inLanguage":"pt-BR","@id":"https:\/\/www.manaus.am.gov.br\/semasc\/#\/schema\/logo\/image\/","url":"https:\/\/www.manaus.am.gov.br\/semasc\/wp-content\/uploads\/sites\/17\/2024\/07\/favicon.png","contentUrl":"https:\/\/www.manaus.am.gov.br\/semasc\/wp-content\/uploads\/sites\/17\/2024\/07\/favicon.png","width":300,"height":300,"caption":"Prefeitura de Manaus"},"image":{"@id":"https:\/\/www.manaus.am.gov.br\/semasc\/#\/schema\/logo\/image\/"},"sameAs":["https:\/\/www.facebook.com\/semascmanaus","https:\/\/www.instagram.com\/semascmanaus\/"]},{"@type":"Person","@id":"https:\/\/www.manaus.am.gov.br\/semasc\/#\/schema\/person\/79525a47ac5902f50493820d995728ee","name":"Imarketing Digital","image":{"@type":"ImageObject","inLanguage":"pt-BR","@id":"https:\/\/www.manaus.am.gov.br\/semasc\/#\/schema\/person\/image\/","url":"https:\/\/secure.gravatar.com\/avatar\/03432d3c57b756ed9760f7019c815a3a?s=96&d=mm&r=g","contentUrl":"https:\/\/secure.gravatar.com\/avatar\/03432d3c57b756ed9760f7019c815a3a?s=96&d=mm&r=g","caption":"Imarketing Digital"}}]}},"_links":{"self":[{"href":"https:\/\/www.manaus.am.gov.br\/semasc\/wp-json\/wp\/v2\/posts\/209046"}],"collection":[{"href":"https:\/\/www.manaus.am.gov.br\/semasc\/wp-json\/wp\/v2\/posts"}],"about":[{"href":"https:\/\/www.manaus.am.gov.br\/semasc\/wp-json\/wp\/v2\/types\/post"}],"author":[{"embeddable":true,"href":"https:\/\/www.manaus.am.gov.br\/semasc\/wp-json\/wp\/v2\/users\/27"}],"replies":[{"embeddable":true,"href":"https:\/\/www.manaus.am.gov.br\/semasc\/wp-json\/wp\/v2\/comments?post=209046"}],"version-history":[{"count":0,"href":"https:\/\/www.manaus.am.gov.br\/semasc\/wp-json\/wp\/v2\/posts\/209046\/revisions"}],"wp:featuredmedia":[{"embeddable":true,"href":"https:\/\/www.manaus.am.gov.br\/semasc\/wp-json\/wp\/v2\/media\/209047"}],"wp:attachment":[{"href":"https:\/\/www.manaus.am.gov.br\/semasc\/wp-json\/wp\/v2\/media?parent=209046"}],"wp:term":[{"taxonomy":"category","embeddable":true,"href":"https:\/\/www.manaus.am.gov.br\/semasc\/wp-json\/wp\/v2\/categories?post=209046"},{"taxonomy":"post_tag","embeddable":true,"href":"https:\/\/www.manaus.am.gov.br\/semasc\/wp-json\/wp\/v2\/tags?post=209046"}],"curies":[{"name":"wp","href":"https:\/\/api.w.org\/{rel}","templated":true}]}}