{"id":209044,"date":"2023-02-09T17:28:25","date_gmt":"2023-02-09T21:28:25","guid":{"rendered":"https:\/\/www.manaus.am.gov.br\/semasc\/servidores-da-semasc-participam-de-capacitacao-sobre-relacoes-interpessoais-da-prefeitura\/"},"modified":"2023-11-07T16:08:01","modified_gmt":"2023-11-07T20:08:01","slug":"servidores-da-semasc-participam-de-capacitacao-sobre-relacoes-interpessoais-da-prefeitura","status":"publish","type":"post","link":"https:\/\/www.manaus.am.gov.br\/semasc\/servidores-da-semasc-participam-de-capacitacao-sobre-relacoes-interpessoais-da-prefeitura\/","title":{"rendered":"Servidores da Semasc participam de capacita\u00e7\u00e3o sobre rela\u00e7\u00f5es interpessoais da prefeitura"},"content":{"rendered":"\n<p>A Prefeitura de Manaus, por meio da Secretaria Municipal da Mulher, Assist\u00eancia Social e Cidadania (Semasc), realizou nesta quinta-feira, 9\/2, a capacita\u00e7\u00e3o \u201cComportamento Social: Habilidades Sociais e Compet\u00eancia Social\u201d, voltada aos servidores e prestadores de servi\u00e7o da secretaria.<\/p>\n\n\n\n<p>Com apoio da Secretaria Estadual de Assist\u00eancia Social (Seas), a a\u00e7\u00e3o contou com a participa\u00e7\u00e3o de mais 500 servidores de todos os departamentos envolvidos diretamente no atendimento de usu\u00e1rios do Sistema \u00danico de Assist\u00eancia Social (Suas), como t\u00e9cnicos de cadastro, psic\u00f3logos, entrevistadores sociais, conselheiros tutelares e coordenadores dos Centros de Refer\u00eancia de Assist\u00eancia Social (Cras) e dos Centros de Refer\u00eancia Especializada de Assist\u00eancia Social (Creas). O evento foi realizado na sede da Semasc, no Centro de Manaus.<\/p>\n\n\n\n<p>De acordo com o secret\u00e1rio da Semasc, Eduardo Lucas, o treinamento tamb\u00e9m faz parte do processo de humaniza\u00e7\u00e3o do atendimento \u00e0 popula\u00e7\u00e3o prestado pelos equipamentos socioassistenciais da Prefeitura de Manaus, que teve in\u00edcio no ano passado com o processo de revitaliza\u00e7\u00e3o de 18 unidades de assist\u00eancia social da capital.<\/p>\n\n\n\n<p>\u201cN\u00e3o queremos simplesmente atender, n\u00f3s queremos atender com qualidade e acolher as pessoas que v\u00eam at\u00e9 n\u00f3s, pessoas que est\u00e3o em situa\u00e7\u00e3o de extrema vulnerabilidade e que precisam ser bem recebidas, acolhidas e atendidas para que assim possam receber as melhores respostas da Prefeitura de Manaus\u201d, concluiu o secret\u00e1rio.<\/p>\n\n\n\n<p>Segundo Aninha Nascimento, diretora de \u00c1rea de Prote\u00e7\u00e3o Social, o evento \u00e9 pioneiro e assertivo ao reunir tantos profissionais, p\u00fablicos e privados, para garantir o alinhamento de ideias na hora de lidar com o usu\u00e1rio. \u201cA ideia \u00e9 que todos se unam e realizem um trabalho coletivo, organizado. Isso \u00e9 fundamental, justamente porque se voc\u00ea n\u00e3o est\u00e1 bem relacionado e coeso dentro de um grupo, n\u00e3o se chega a lugar algum\u201d.<\/p>\n\n\n\n<p>Al\u00e9m do trabalho de rela\u00e7\u00f5es interpessoais e acolhimento, o treinamento ainda trouxe orienta\u00e7\u00f5es t\u00e9cnicas quanto ao Cadastro \u00danico, benef\u00edcios socioassistenciais, legisla\u00e7\u00e3o e aplica\u00e7\u00e3o.<\/p>\n\n\n\n<p>\u201cS\u00f3 assim n\u00f3s vamos divulgar a legisla\u00e7\u00e3o de maneira correta. Se todos n\u00f3s possu\u00edmos as informa\u00e7\u00f5es corretas, consequentemente passamos as informa\u00e7\u00f5es corretas e alinhadas ao p\u00fablico que precisa desses programas\u201d, explicou a coordenadora do Programa Aux\u00edlio Brasil e Cadastro \u00danico no estado do Amazonas, Ana Cl\u00e1udia Soares.<\/p>\n\n\n\n<p>\u201cEsse primeiro encontro est\u00e1 sendo primordial para que sejam alinhados os servi\u00e7os e o atendimento oferecidos \u00e0 popula\u00e7\u00e3o. Como temos 20 Cras em Manaus e cada um possui um perfil diferente a se trabalhar, com diversos tipos de profissionais, \u00e9 interessante que ocorra esse alinhamento a fim de priorizar a humaniza\u00e7\u00e3o do atendimento. Quando a equipe toda consegue se organizar dentro de uma \u00fanica linha de pensamento quem ganha \u00e9 o usu\u00e1rio\u201d, completou ainda a coordenadora do Cras Compensa, Zilmara Batista.<\/p>\n\n\n\n<p>&#8212; &#8212; &#8212;<\/p>\n\n\n\n<p><strong>Texto &#8211;<\/strong> Guilherme Ara\u00fajo Pacheco \/ Semasc<\/p>\n\n\n\n<p><strong>Fotos &#8211;<\/strong> Marcely Gomes \/ Semasc<\/p>\n\n\n\n<p><strong>Dispon\u00edveis em<\/strong> &#8211; <a href=\"https:\/\/flic.kr\/s\/aHBqjArA6T\">https:\/\/flic.kr\/s\/aHBqjArA6T<\/a><\/p>\n","protected":false},"excerpt":{"rendered":"","protected":false},"author":39,"featured_media":209045,"comment_status":"closed","ping_status":"closed","sticky":false,"template":"","format":"standard","meta":{"footnotes":""},"categories":[76],"tags":[77,537,18,538],"acf":[],"yoast_head":"<!-- This site is optimized with the Yoast SEO plugin v23.0 - https:\/\/yoast.com\/wordpress\/plugins\/seo\/ -->\n<title>Servidores da Semasc participam de capacita\u00e7\u00e3o da prefeitura<\/title>\n<meta name=\"description\" content=\"A prefeitura de Manaus, por meio da Semasc, realizou a capacita\u00e7\u00e3o \u201cComportamento Social: Habilidades Sociais e Compet\u00eancia Social\u201d.\" \/>\n<meta name=\"robots\" content=\"noindex, follow\" \/>\n<meta property=\"og:locale\" content=\"pt_BR\" \/>\n<meta property=\"og:type\" content=\"article\" \/>\n<meta property=\"og:title\" content=\"Servidores da Semasc participam de capacita\u00e7\u00e3o da prefeitura\" \/>\n<meta property=\"og:description\" content=\"A prefeitura de Manaus, por meio da Semasc, realizou a capacita\u00e7\u00e3o \u201cComportamento Social: Habilidades Sociais e Compet\u00eancia Social\u201d.\" \/>\n<meta property=\"og:url\" content=\"https:\/\/www.manaus.am.gov.br\/semasc\/servidores-da-semasc-participam-de-capacitacao-sobre-relacoes-interpessoais-da-prefeitura\/\" \/>\n<meta property=\"og:site_name\" content=\"SEMASC\" \/>\n<meta property=\"article:publisher\" content=\"https:\/\/www.facebook.com\/semascmanaus\" \/>\n<meta property=\"article:published_time\" content=\"2023-02-09T21:28:25+00:00\" \/>\n<meta property=\"article:modified_time\" content=\"2023-11-07T20:08:01+00:00\" \/>\n<meta property=\"og:image\" content=\"https:\/\/www.manaus.am.gov.br\/semasc\/wp-content\/uploads\/sites\/17\/2023\/11\/Prefeitura-conclui-territorializacao-na-BR-174-para-ampliar-acoes-de-saude-a-moradores-da-zona-Rural.jpg\" \/>\n\t<meta property=\"og:image:width\" content=\"2048\" \/>\n\t<meta property=\"og:image:height\" content=\"1365\" \/>\n\t<meta property=\"og:image:type\" content=\"image\/jpeg\" \/>\n<meta name=\"author\" content=\"Bruna Greco\" \/>\n<meta name=\"twitter:card\" content=\"summary_large_image\" \/>\n<meta name=\"twitter:label1\" content=\"Written by\" \/>\n\t<meta name=\"twitter:data1\" content=\"Bruna Greco\" \/>\n\t<meta name=\"twitter:label2\" content=\"Est. reading time\" \/>\n\t<meta name=\"twitter:data2\" content=\"3 minutos\" \/>\n<script type=\"application\/ld+json\" class=\"yoast-schema-graph\">{\"@context\":\"https:\/\/schema.org\",\"@graph\":[{\"@type\":\"Article\",\"@id\":\"https:\/\/www.manaus.am.gov.br\/semasc\/servidores-da-semasc-participam-de-capacitacao-sobre-relacoes-interpessoais-da-prefeitura\/#article\",\"isPartOf\":{\"@id\":\"https:\/\/www.manaus.am.gov.br\/semasc\/servidores-da-semasc-participam-de-capacitacao-sobre-relacoes-interpessoais-da-prefeitura\/\"},\"author\":{\"name\":\"Bruna Greco\",\"@id\":\"https:\/\/www.manaus.am.gov.br\/semasc\/#\/schema\/person\/05d223aea2bf115f9883a6ff3683d81b\"},\"headline\":\"Servidores da Semasc participam de capacita\u00e7\u00e3o sobre rela\u00e7\u00f5es interpessoais da prefeitura\",\"datePublished\":\"2023-02-09T21:28:25+00:00\",\"dateModified\":\"2023-11-07T20:08:01+00:00\",\"mainEntityOfPage\":{\"@id\":\"https:\/\/www.manaus.am.gov.br\/semasc\/servidores-da-semasc-participam-de-capacitacao-sobre-relacoes-interpessoais-da-prefeitura\/\"},\"wordCount\":516,\"publisher\":{\"@id\":\"https:\/\/www.manaus.am.gov.br\/semasc\/#organization\"},\"image\":{\"@id\":\"https:\/\/www.manaus.am.gov.br\/semasc\/servidores-da-semasc-participam-de-capacitacao-sobre-relacoes-interpessoais-da-prefeitura\/#primaryimage\"},\"thumbnailUrl\":\"https:\/\/www.manaus.am.gov.br\/semasc\/wp-content\/uploads\/sites\/17\/2023\/11\/Prefeitura-conclui-territorializacao-na-BR-174-para-ampliar-acoes-de-saude-a-moradores-da-zona-Rural.jpg\",\"keywords\":[\"capacita\u00e7\u00e3o\",\"rela\u00e7\u00f5es interpessoais\",\"Semasc\",\"servidores\"],\"articleSection\":[\"Capacita\u00e7\u00e3o\"],\"inLanguage\":\"pt-BR\"},{\"@type\":\"WebPage\",\"@id\":\"https:\/\/www.manaus.am.gov.br\/semasc\/servidores-da-semasc-participam-de-capacitacao-sobre-relacoes-interpessoais-da-prefeitura\/\",\"url\":\"https:\/\/www.manaus.am.gov.br\/semasc\/servidores-da-semasc-participam-de-capacitacao-sobre-relacoes-interpessoais-da-prefeitura\/\",\"name\":\"Servidores da Semasc participam de capacita\u00e7\u00e3o da prefeitura\",\"isPartOf\":{\"@id\":\"https:\/\/www.manaus.am.gov.br\/semasc\/#website\"},\"primaryImageOfPage\":{\"@id\":\"https:\/\/www.manaus.am.gov.br\/semasc\/servidores-da-semasc-participam-de-capacitacao-sobre-relacoes-interpessoais-da-prefeitura\/#primaryimage\"},\"image\":{\"@id\":\"https:\/\/www.manaus.am.gov.br\/semasc\/servidores-da-semasc-participam-de-capacitacao-sobre-relacoes-interpessoais-da-prefeitura\/#primaryimage\"},\"thumbnailUrl\":\"https:\/\/www.manaus.am.gov.br\/semasc\/wp-content\/uploads\/sites\/17\/2023\/11\/Prefeitura-conclui-territorializacao-na-BR-174-para-ampliar-acoes-de-saude-a-moradores-da-zona-Rural.jpg\",\"datePublished\":\"2023-02-09T21:28:25+00:00\",\"dateModified\":\"2023-11-07T20:08:01+00:00\",\"description\":\"A prefeitura de Manaus, por meio da Semasc, realizou a capacita\u00e7\u00e3o \u201cComportamento Social: Habilidades Sociais e Compet\u00eancia Social\u201d.\",\"breadcrumb\":{\"@id\":\"https:\/\/www.manaus.am.gov.br\/semasc\/servidores-da-semasc-participam-de-capacitacao-sobre-relacoes-interpessoais-da-prefeitura\/#breadcrumb\"},\"inLanguage\":\"pt-BR\",\"potentialAction\":[{\"@type\":\"ReadAction\",\"target\":[\"https:\/\/www.manaus.am.gov.br\/semasc\/servidores-da-semasc-participam-de-capacitacao-sobre-relacoes-interpessoais-da-prefeitura\/\"]}]},{\"@type\":\"ImageObject\",\"inLanguage\":\"pt-BR\",\"@id\":\"https:\/\/www.manaus.am.gov.br\/semasc\/servidores-da-semasc-participam-de-capacitacao-sobre-relacoes-interpessoais-da-prefeitura\/#primaryimage\",\"url\":\"https:\/\/www.manaus.am.gov.br\/semasc\/wp-content\/uploads\/sites\/17\/2023\/11\/Prefeitura-conclui-territorializacao-na-BR-174-para-ampliar-acoes-de-saude-a-moradores-da-zona-Rural.jpg\",\"contentUrl\":\"https:\/\/www.manaus.am.gov.br\/semasc\/wp-content\/uploads\/sites\/17\/2023\/11\/Prefeitura-conclui-territorializacao-na-BR-174-para-ampliar-acoes-de-saude-a-moradores-da-zona-Rural.jpg\",\"width\":2048,\"height\":1365},{\"@type\":\"BreadcrumbList\",\"@id\":\"https:\/\/www.manaus.am.gov.br\/semasc\/servidores-da-semasc-participam-de-capacitacao-sobre-relacoes-interpessoais-da-prefeitura\/#breadcrumb\",\"itemListElement\":[{\"@type\":\"ListItem\",\"position\":1,\"name\":\"Home\",\"item\":\"https:\/\/www.manaus.am.gov.br\/semasc\/\"},{\"@type\":\"ListItem\",\"position\":2,\"name\":\"Servidores da Semasc participam de capacita\u00e7\u00e3o sobre rela\u00e7\u00f5es interpessoais da prefeitura\"}]},{\"@type\":\"WebSite\",\"@id\":\"https:\/\/www.manaus.am.gov.br\/semasc\/#website\",\"url\":\"https:\/\/www.manaus.am.gov.br\/semasc\/\",\"name\":\"SEMASC\",\"description\":\"Secretaria Municipal da Mulher, Assist\u00eancia Social e Cidadania.\",\"publisher\":{\"@id\":\"https:\/\/www.manaus.am.gov.br\/semasc\/#organization\"},\"alternateName\":\"Secretaria Municipal da Mulher, Assist\u00eancia Social e Cidadania\",\"potentialAction\":[{\"@type\":\"SearchAction\",\"target\":{\"@type\":\"EntryPoint\",\"urlTemplate\":\"https:\/\/www.manaus.am.gov.br\/semasc\/?s={search_term_string}\"},\"query-input\":\"required name=search_term_string\"}],\"inLanguage\":\"pt-BR\"},{\"@type\":\"Organization\",\"@id\":\"https:\/\/www.manaus.am.gov.br\/semasc\/#organization\",\"name\":\"Prefeitura de Manaus\",\"alternateName\":\"Prefeitura Municipal de Manaus\",\"url\":\"https:\/\/www.manaus.am.gov.br\/semasc\/\",\"logo\":{\"@type\":\"ImageObject\",\"inLanguage\":\"pt-BR\",\"@id\":\"https:\/\/www.manaus.am.gov.br\/semasc\/#\/schema\/logo\/image\/\",\"url\":\"https:\/\/www.manaus.am.gov.br\/semasc\/wp-content\/uploads\/sites\/17\/2024\/07\/favicon.png\",\"contentUrl\":\"https:\/\/www.manaus.am.gov.br\/semasc\/wp-content\/uploads\/sites\/17\/2024\/07\/favicon.png\",\"width\":300,\"height\":300,\"caption\":\"Prefeitura de Manaus\"},\"image\":{\"@id\":\"https:\/\/www.manaus.am.gov.br\/semasc\/#\/schema\/logo\/image\/\"},\"sameAs\":[\"https:\/\/www.facebook.com\/semascmanaus\",\"https:\/\/www.instagram.com\/semascmanaus\/\"]},{\"@type\":\"Person\",\"@id\":\"https:\/\/www.manaus.am.gov.br\/semasc\/#\/schema\/person\/05d223aea2bf115f9883a6ff3683d81b\",\"name\":\"Bruna Greco\",\"image\":{\"@type\":\"ImageObject\",\"inLanguage\":\"pt-BR\",\"@id\":\"https:\/\/www.manaus.am.gov.br\/semasc\/#\/schema\/person\/image\/\",\"url\":\"https:\/\/secure.gravatar.com\/avatar\/9c877d1a6adc2a055330e5c09a8653ce?s=96&d=mm&r=g\",\"contentUrl\":\"https:\/\/secure.gravatar.com\/avatar\/9c877d1a6adc2a055330e5c09a8653ce?s=96&d=mm&r=g\",\"caption\":\"Bruna Greco\"}}]}<\/script>\n<!-- \/ Yoast SEO plugin. -->","yoast_head_json":{"title":"Servidores da Semasc participam de capacita\u00e7\u00e3o da prefeitura","description":"A prefeitura de Manaus, por meio da Semasc, realizou a capacita\u00e7\u00e3o \u201cComportamento Social: Habilidades Sociais e Compet\u00eancia Social\u201d.","robots":{"index":"noindex","follow":"follow"},"og_locale":"pt_BR","og_type":"article","og_title":"Servidores da Semasc participam de capacita\u00e7\u00e3o da prefeitura","og_description":"A prefeitura de Manaus, por meio da Semasc, realizou a capacita\u00e7\u00e3o \u201cComportamento Social: Habilidades Sociais e Compet\u00eancia Social\u201d.","og_url":"https:\/\/www.manaus.am.gov.br\/semasc\/servidores-da-semasc-participam-de-capacitacao-sobre-relacoes-interpessoais-da-prefeitura\/","og_site_name":"SEMASC","article_publisher":"https:\/\/www.facebook.com\/semascmanaus","article_published_time":"2023-02-09T21:28:25+00:00","article_modified_time":"2023-11-07T20:08:01+00:00","og_image":[{"width":2048,"height":1365,"url":"https:\/\/www.manaus.am.gov.br\/semasc\/wp-content\/uploads\/sites\/17\/2023\/11\/Prefeitura-conclui-territorializacao-na-BR-174-para-ampliar-acoes-de-saude-a-moradores-da-zona-Rural.jpg","type":"image\/jpeg"}],"author":"Bruna Greco","twitter_card":"summary_large_image","twitter_misc":{"Written by":"Bruna Greco","Est. reading time":"3 minutos"},"schema":{"@context":"https:\/\/schema.org","@graph":[{"@type":"Article","@id":"https:\/\/www.manaus.am.gov.br\/semasc\/servidores-da-semasc-participam-de-capacitacao-sobre-relacoes-interpessoais-da-prefeitura\/#article","isPartOf":{"@id":"https:\/\/www.manaus.am.gov.br\/semasc\/servidores-da-semasc-participam-de-capacitacao-sobre-relacoes-interpessoais-da-prefeitura\/"},"author":{"name":"Bruna Greco","@id":"https:\/\/www.manaus.am.gov.br\/semasc\/#\/schema\/person\/05d223aea2bf115f9883a6ff3683d81b"},"headline":"Servidores da Semasc participam de capacita\u00e7\u00e3o sobre rela\u00e7\u00f5es interpessoais da prefeitura","datePublished":"2023-02-09T21:28:25+00:00","dateModified":"2023-11-07T20:08:01+00:00","mainEntityOfPage":{"@id":"https:\/\/www.manaus.am.gov.br\/semasc\/servidores-da-semasc-participam-de-capacitacao-sobre-relacoes-interpessoais-da-prefeitura\/"},"wordCount":516,"publisher":{"@id":"https:\/\/www.manaus.am.gov.br\/semasc\/#organization"},"image":{"@id":"https:\/\/www.manaus.am.gov.br\/semasc\/servidores-da-semasc-participam-de-capacitacao-sobre-relacoes-interpessoais-da-prefeitura\/#primaryimage"},"thumbnailUrl":"https:\/\/www.manaus.am.gov.br\/semasc\/wp-content\/uploads\/sites\/17\/2023\/11\/Prefeitura-conclui-territorializacao-na-BR-174-para-ampliar-acoes-de-saude-a-moradores-da-zona-Rural.jpg","keywords":["capacita\u00e7\u00e3o","rela\u00e7\u00f5es interpessoais","Semasc","servidores"],"articleSection":["Capacita\u00e7\u00e3o"],"inLanguage":"pt-BR"},{"@type":"WebPage","@id":"https:\/\/www.manaus.am.gov.br\/semasc\/servidores-da-semasc-participam-de-capacitacao-sobre-relacoes-interpessoais-da-prefeitura\/","url":"https:\/\/www.manaus.am.gov.br\/semasc\/servidores-da-semasc-participam-de-capacitacao-sobre-relacoes-interpessoais-da-prefeitura\/","name":"Servidores da Semasc participam de capacita\u00e7\u00e3o da prefeitura","isPartOf":{"@id":"https:\/\/www.manaus.am.gov.br\/semasc\/#website"},"primaryImageOfPage":{"@id":"https:\/\/www.manaus.am.gov.br\/semasc\/servidores-da-semasc-participam-de-capacitacao-sobre-relacoes-interpessoais-da-prefeitura\/#primaryimage"},"image":{"@id":"https:\/\/www.manaus.am.gov.br\/semasc\/servidores-da-semasc-participam-de-capacitacao-sobre-relacoes-interpessoais-da-prefeitura\/#primaryimage"},"thumbnailUrl":"https:\/\/www.manaus.am.gov.br\/semasc\/wp-content\/uploads\/sites\/17\/2023\/11\/Prefeitura-conclui-territorializacao-na-BR-174-para-ampliar-acoes-de-saude-a-moradores-da-zona-Rural.jpg","datePublished":"2023-02-09T21:28:25+00:00","dateModified":"2023-11-07T20:08:01+00:00","description":"A prefeitura de Manaus, por meio da Semasc, realizou a capacita\u00e7\u00e3o \u201cComportamento Social: Habilidades Sociais e Compet\u00eancia Social\u201d.","breadcrumb":{"@id":"https:\/\/www.manaus.am.gov.br\/semasc\/servidores-da-semasc-participam-de-capacitacao-sobre-relacoes-interpessoais-da-prefeitura\/#breadcrumb"},"inLanguage":"pt-BR","potentialAction":[{"@type":"ReadAction","target":["https:\/\/www.manaus.am.gov.br\/semasc\/servidores-da-semasc-participam-de-capacitacao-sobre-relacoes-interpessoais-da-prefeitura\/"]}]},{"@type":"ImageObject","inLanguage":"pt-BR","@id":"https:\/\/www.manaus.am.gov.br\/semasc\/servidores-da-semasc-participam-de-capacitacao-sobre-relacoes-interpessoais-da-prefeitura\/#primaryimage","url":"https:\/\/www.manaus.am.gov.br\/semasc\/wp-content\/uploads\/sites\/17\/2023\/11\/Prefeitura-conclui-territorializacao-na-BR-174-para-ampliar-acoes-de-saude-a-moradores-da-zona-Rural.jpg","contentUrl":"https:\/\/www.manaus.am.gov.br\/semasc\/wp-content\/uploads\/sites\/17\/2023\/11\/Prefeitura-conclui-territorializacao-na-BR-174-para-ampliar-acoes-de-saude-a-moradores-da-zona-Rural.jpg","width":2048,"height":1365},{"@type":"BreadcrumbList","@id":"https:\/\/www.manaus.am.gov.br\/semasc\/servidores-da-semasc-participam-de-capacitacao-sobre-relacoes-interpessoais-da-prefeitura\/#breadcrumb","itemListElement":[{"@type":"ListItem","position":1,"name":"Home","item":"https:\/\/www.manaus.am.gov.br\/semasc\/"},{"@type":"ListItem","position":2,"name":"Servidores da Semasc participam de capacita\u00e7\u00e3o sobre rela\u00e7\u00f5es interpessoais da prefeitura"}]},{"@type":"WebSite","@id":"https:\/\/www.manaus.am.gov.br\/semasc\/#website","url":"https:\/\/www.manaus.am.gov.br\/semasc\/","name":"SEMASC","description":"Secretaria Municipal da Mulher, Assist\u00eancia Social e Cidadania.","publisher":{"@id":"https:\/\/www.manaus.am.gov.br\/semasc\/#organization"},"alternateName":"Secretaria Municipal da Mulher, Assist\u00eancia Social e Cidadania","potentialAction":[{"@type":"SearchAction","target":{"@type":"EntryPoint","urlTemplate":"https:\/\/www.manaus.am.gov.br\/semasc\/?s={search_term_string}"},"query-input":"required name=search_term_string"}],"inLanguage":"pt-BR"},{"@type":"Organization","@id":"https:\/\/www.manaus.am.gov.br\/semasc\/#organization","name":"Prefeitura de Manaus","alternateName":"Prefeitura Municipal de Manaus","url":"https:\/\/www.manaus.am.gov.br\/semasc\/","logo":{"@type":"ImageObject","inLanguage":"pt-BR","@id":"https:\/\/www.manaus.am.gov.br\/semasc\/#\/schema\/logo\/image\/","url":"https:\/\/www.manaus.am.gov.br\/semasc\/wp-content\/uploads\/sites\/17\/2024\/07\/favicon.png","contentUrl":"https:\/\/www.manaus.am.gov.br\/semasc\/wp-content\/uploads\/sites\/17\/2024\/07\/favicon.png","width":300,"height":300,"caption":"Prefeitura de Manaus"},"image":{"@id":"https:\/\/www.manaus.am.gov.br\/semasc\/#\/schema\/logo\/image\/"},"sameAs":["https:\/\/www.facebook.com\/semascmanaus","https:\/\/www.instagram.com\/semascmanaus\/"]},{"@type":"Person","@id":"https:\/\/www.manaus.am.gov.br\/semasc\/#\/schema\/person\/05d223aea2bf115f9883a6ff3683d81b","name":"Bruna Greco","image":{"@type":"ImageObject","inLanguage":"pt-BR","@id":"https:\/\/www.manaus.am.gov.br\/semasc\/#\/schema\/person\/image\/","url":"https:\/\/secure.gravatar.com\/avatar\/9c877d1a6adc2a055330e5c09a8653ce?s=96&d=mm&r=g","contentUrl":"https:\/\/secure.gravatar.com\/avatar\/9c877d1a6adc2a055330e5c09a8653ce?s=96&d=mm&r=g","caption":"Bruna Greco"}}]}},"_links":{"self":[{"href":"https:\/\/www.manaus.am.gov.br\/semasc\/wp-json\/wp\/v2\/posts\/209044"}],"collection":[{"href":"https:\/\/www.manaus.am.gov.br\/semasc\/wp-json\/wp\/v2\/posts"}],"about":[{"href":"https:\/\/www.manaus.am.gov.br\/semasc\/wp-json\/wp\/v2\/types\/post"}],"author":[{"embeddable":true,"href":"https:\/\/www.manaus.am.gov.br\/semasc\/wp-json\/wp\/v2\/users\/39"}],"replies":[{"embeddable":true,"href":"https:\/\/www.manaus.am.gov.br\/semasc\/wp-json\/wp\/v2\/comments?post=209044"}],"version-history":[{"count":0,"href":"https:\/\/www.manaus.am.gov.br\/semasc\/wp-json\/wp\/v2\/posts\/209044\/revisions"}],"wp:featuredmedia":[{"embeddable":true,"href":"https:\/\/www.manaus.am.gov.br\/semasc\/wp-json\/wp\/v2\/media\/209045"}],"wp:attachment":[{"href":"https:\/\/www.manaus.am.gov.br\/semasc\/wp-json\/wp\/v2\/media?parent=209044"}],"wp:term":[{"taxonomy":"category","embeddable":true,"href":"https:\/\/www.manaus.am.gov.br\/semasc\/wp-json\/wp\/v2\/categories?post=209044"},{"taxonomy":"post_tag","embeddable":true,"href":"https:\/\/www.manaus.am.gov.br\/semasc\/wp-json\/wp\/v2\/tags?post=209044"}],"curies":[{"name":"wp","href":"https:\/\/api.w.org\/{rel}","templated":true}]}}