{"id":209040,"date":"2023-04-19T14:42:40","date_gmt":"2023-04-19T18:42:40","guid":{"rendered":"https:\/\/www.manaus.am.gov.br\/semasc\/disque-direitos-humanos-da-semasc-ficara-fora-do-ar-para-manutencao\/"},"modified":"2023-11-07T16:07:47","modified_gmt":"2023-11-07T20:07:47","slug":"disque-direitos-humanos-da-semasc-ficara-fora-do-ar-para-manutencao","status":"publish","type":"post","link":"https:\/\/www.manaus.am.gov.br\/semasc\/disque-direitos-humanos-da-semasc-ficara-fora-do-ar-para-manutencao\/","title":{"rendered":"Disque Direitos Humanos da Semasc ficar\u00e1 fora do ar para manuten\u00e7\u00e3o"},"content":{"rendered":"\n<p>A Prefeitura de Manaus, por meio da Secretaria Municipal da Mulher, Assist\u00eancia Social e Cidadania (Semasc), informa que, por um per\u00edodo de 60 a 90 dias, o servi\u00e7o \u201cDisque Direitos Humanos\u201d (0800 092 6644) estar\u00e1 suspenso para manuten\u00e7\u00e3o e atualiza\u00e7\u00e3o. Durante esse per\u00edodo, os cidad\u00e3os poder\u00e3o registrar suas den\u00fancias de viola\u00e7\u00e3o de direitos por meio do n\u00famero 0800 092 1407.<\/p>\n\n\n\n<p>O canal recebe den\u00fancias relacionadas \u00e0 viola\u00e7\u00e3o de direitos de crian\u00e7as e adolescentes, mulheres, pessoas idosas, com defici\u00eancia, LGBTQIA+, racismo, intoler\u00e2ncia religiosa, entre outros.<\/p>\n\n\n\n<p>A Prefeitura de Manaus refor\u00e7a seu compromisso em atender a popula\u00e7\u00e3o de forma \u00e1gil e eficiente, e ressalta que a suspens\u00e3o tempor\u00e1ria do servi\u00e7o de disque den\u00fancia \u00e9 uma medida necess\u00e1ria para garantir a qualidade do atendimento prestado. O servi\u00e7o ser\u00e1 retomado assim que as atualiza\u00e7\u00f5es e manuten\u00e7\u00f5es forem conclu\u00eddas, garantindo a continuidade do trabalho de fiscaliza\u00e7\u00e3o e combate aos problemas urbanos em nossa cidade.<\/p>\n\n\n\n<p>&#8212; &#8212; &#8212;<\/p>\n\n\n\n<p><strong>Texto &#8211;&nbsp;<\/strong>Leonardo Fierro \/ Semasc<\/p>\n","protected":false},"excerpt":{"rendered":"","protected":false},"author":24,"featured_media":207692,"comment_status":"closed","ping_status":"closed","sticky":false,"template":"","format":"standard","meta":{"footnotes":""},"categories":[156],"tags":[530,531,532,7,18,291,533,534],"acf":[],"yoast_head":"<!-- This site is optimized with the Yoast SEO plugin v23.0 - https:\/\/yoast.com\/wordpress\/plugins\/seo\/ -->\n<title>Disque Direitos Humanos da Semasc ficar\u00e1 fora do ar para manuten\u00e7\u00e3o<\/title>\n<meta name=\"description\" content=\"A Prefeitura de Manaus, por meio da Secretaria Municipal da Mulher, Assist\u00eancia Social e Cidadania (Semasc), informa que, por um per\u00edodo de 60 a 90 dias, o servi\u00e7o \u201cDisque Direitos Humanos\u201d (0800 092 6644) estar\u00e1 suspenso para manuten\u00e7\u00e3o e atualiza\u00e7\u00e3o.\" \/>\n<meta name=\"robots\" content=\"noindex, follow\" \/>\n<meta property=\"og:locale\" content=\"pt_BR\" \/>\n<meta property=\"og:type\" content=\"article\" \/>\n<meta property=\"og:title\" content=\"Disque Direitos Humanos da Semasc ficar\u00e1 fora do ar para manuten\u00e7\u00e3o\" \/>\n<meta property=\"og:description\" content=\"A Prefeitura de Manaus, por meio da Secretaria Municipal da Mulher, Assist\u00eancia Social e Cidadania (Semasc), informa que, por um per\u00edodo de 60 a 90 dias, o servi\u00e7o \u201cDisque Direitos Humanos\u201d (0800 092 6644) estar\u00e1 suspenso para manuten\u00e7\u00e3o e atualiza\u00e7\u00e3o.\" \/>\n<meta property=\"og:url\" content=\"https:\/\/www.manaus.am.gov.br\/semasc\/disque-direitos-humanos-da-semasc-ficara-fora-do-ar-para-manutencao\/\" \/>\n<meta property=\"og:site_name\" content=\"SEMASC\" \/>\n<meta property=\"article:publisher\" content=\"https:\/\/www.facebook.com\/semascmanaus\" \/>\n<meta property=\"article:published_time\" content=\"2023-04-19T18:42:40+00:00\" \/>\n<meta property=\"article:modified_time\" content=\"2023-11-07T20:07:47+00:00\" \/>\n<meta property=\"og:image\" content=\"https:\/\/www.manaus.am.gov.br\/semasc\/wp-content\/uploads\/sites\/17\/2023\/06\/Nota.png\" \/>\n\t<meta property=\"og:image:width\" content=\"900\" \/>\n\t<meta property=\"og:image:height\" content=\"509\" \/>\n\t<meta property=\"og:image:type\" content=\"image\/png\" \/>\n<meta name=\"author\" content=\"Cl\u00e1udia Barbosa\" \/>\n<meta name=\"twitter:card\" content=\"summary_large_image\" \/>\n<meta name=\"twitter:label1\" content=\"Written by\" \/>\n\t<meta name=\"twitter:data1\" content=\"Cl\u00e1udia Barbosa\" \/>\n\t<meta name=\"twitter:label2\" content=\"Est. reading time\" \/>\n\t<meta name=\"twitter:data2\" content=\"1 minuto\" \/>\n<script type=\"application\/ld+json\" class=\"yoast-schema-graph\">{\"@context\":\"https:\/\/schema.org\",\"@graph\":[{\"@type\":\"Article\",\"@id\":\"https:\/\/www.manaus.am.gov.br\/semasc\/disque-direitos-humanos-da-semasc-ficara-fora-do-ar-para-manutencao\/#article\",\"isPartOf\":{\"@id\":\"https:\/\/www.manaus.am.gov.br\/semasc\/disque-direitos-humanos-da-semasc-ficara-fora-do-ar-para-manutencao\/\"},\"author\":{\"name\":\"Cl\u00e1udia Barbosa\",\"@id\":\"https:\/\/www.manaus.am.gov.br\/semasc\/#\/schema\/person\/d0a166b5031154c33c77794ddc9a827e\"},\"headline\":\"Disque Direitos Humanos da Semasc ficar\u00e1 fora do ar para manuten\u00e7\u00e3o\",\"datePublished\":\"2023-04-19T18:42:40+00:00\",\"dateModified\":\"2023-11-07T20:07:47+00:00\",\"mainEntityOfPage\":{\"@id\":\"https:\/\/www.manaus.am.gov.br\/semasc\/disque-direitos-humanos-da-semasc-ficara-fora-do-ar-para-manutencao\/\"},\"wordCount\":188,\"publisher\":{\"@id\":\"https:\/\/www.manaus.am.gov.br\/semasc\/#organization\"},\"image\":{\"@id\":\"https:\/\/www.manaus.am.gov.br\/semasc\/disque-direitos-humanos-da-semasc-ficara-fora-do-ar-para-manutencao\/#primaryimage\"},\"thumbnailUrl\":\"https:\/\/www.manaus.am.gov.br\/semasc\/wp-content\/uploads\/sites\/17\/2023\/06\/Nota.png\",\"keywords\":[\"canal\",\"den\u00fancias\",\"Disque Direitos Humanos\",\"prefeitura de manaus\",\"Semasc\",\"servi\u00e7os\",\"suspenso\",\"viola\u00e7\u00e3o de direitos\"],\"articleSection\":[\"Nota\"],\"inLanguage\":\"pt-BR\"},{\"@type\":\"WebPage\",\"@id\":\"https:\/\/www.manaus.am.gov.br\/semasc\/disque-direitos-humanos-da-semasc-ficara-fora-do-ar-para-manutencao\/\",\"url\":\"https:\/\/www.manaus.am.gov.br\/semasc\/disque-direitos-humanos-da-semasc-ficara-fora-do-ar-para-manutencao\/\",\"name\":\"Disque Direitos Humanos da Semasc ficar\u00e1 fora do ar para manuten\u00e7\u00e3o\",\"isPartOf\":{\"@id\":\"https:\/\/www.manaus.am.gov.br\/semasc\/#website\"},\"primaryImageOfPage\":{\"@id\":\"https:\/\/www.manaus.am.gov.br\/semasc\/disque-direitos-humanos-da-semasc-ficara-fora-do-ar-para-manutencao\/#primaryimage\"},\"image\":{\"@id\":\"https:\/\/www.manaus.am.gov.br\/semasc\/disque-direitos-humanos-da-semasc-ficara-fora-do-ar-para-manutencao\/#primaryimage\"},\"thumbnailUrl\":\"https:\/\/www.manaus.am.gov.br\/semasc\/wp-content\/uploads\/sites\/17\/2023\/06\/Nota.png\",\"datePublished\":\"2023-04-19T18:42:40+00:00\",\"dateModified\":\"2023-11-07T20:07:47+00:00\",\"description\":\"A Prefeitura de Manaus, por meio da Secretaria Municipal da Mulher, Assist\u00eancia Social e Cidadania (Semasc), informa que, por um per\u00edodo de 60 a 90 dias, o servi\u00e7o \u201cDisque Direitos Humanos\u201d (0800 092 6644) estar\u00e1 suspenso para manuten\u00e7\u00e3o e atualiza\u00e7\u00e3o.\",\"breadcrumb\":{\"@id\":\"https:\/\/www.manaus.am.gov.br\/semasc\/disque-direitos-humanos-da-semasc-ficara-fora-do-ar-para-manutencao\/#breadcrumb\"},\"inLanguage\":\"pt-BR\",\"potentialAction\":[{\"@type\":\"ReadAction\",\"target\":[\"https:\/\/www.manaus.am.gov.br\/semasc\/disque-direitos-humanos-da-semasc-ficara-fora-do-ar-para-manutencao\/\"]}]},{\"@type\":\"ImageObject\",\"inLanguage\":\"pt-BR\",\"@id\":\"https:\/\/www.manaus.am.gov.br\/semasc\/disque-direitos-humanos-da-semasc-ficara-fora-do-ar-para-manutencao\/#primaryimage\",\"url\":\"https:\/\/www.manaus.am.gov.br\/semasc\/wp-content\/uploads\/sites\/17\/2023\/06\/Nota.png\",\"contentUrl\":\"https:\/\/www.manaus.am.gov.br\/semasc\/wp-content\/uploads\/sites\/17\/2023\/06\/Nota.png\",\"width\":900,\"height\":509},{\"@type\":\"BreadcrumbList\",\"@id\":\"https:\/\/www.manaus.am.gov.br\/semasc\/disque-direitos-humanos-da-semasc-ficara-fora-do-ar-para-manutencao\/#breadcrumb\",\"itemListElement\":[{\"@type\":\"ListItem\",\"position\":1,\"name\":\"Home\",\"item\":\"https:\/\/www.manaus.am.gov.br\/semasc\/\"},{\"@type\":\"ListItem\",\"position\":2,\"name\":\"Disque Direitos Humanos da Semasc ficar\u00e1 fora do ar para manuten\u00e7\u00e3o\"}]},{\"@type\":\"WebSite\",\"@id\":\"https:\/\/www.manaus.am.gov.br\/semasc\/#website\",\"url\":\"https:\/\/www.manaus.am.gov.br\/semasc\/\",\"name\":\"SEMASC\",\"description\":\"Secretaria Municipal da Mulher, Assist\u00eancia Social e Cidadania.\",\"publisher\":{\"@id\":\"https:\/\/www.manaus.am.gov.br\/semasc\/#organization\"},\"alternateName\":\"Secretaria Municipal da Mulher, Assist\u00eancia Social e Cidadania\",\"potentialAction\":[{\"@type\":\"SearchAction\",\"target\":{\"@type\":\"EntryPoint\",\"urlTemplate\":\"https:\/\/www.manaus.am.gov.br\/semasc\/?s={search_term_string}\"},\"query-input\":\"required name=search_term_string\"}],\"inLanguage\":\"pt-BR\"},{\"@type\":\"Organization\",\"@id\":\"https:\/\/www.manaus.am.gov.br\/semasc\/#organization\",\"name\":\"Prefeitura de Manaus\",\"alternateName\":\"Prefeitura Municipal de Manaus\",\"url\":\"https:\/\/www.manaus.am.gov.br\/semasc\/\",\"logo\":{\"@type\":\"ImageObject\",\"inLanguage\":\"pt-BR\",\"@id\":\"https:\/\/www.manaus.am.gov.br\/semasc\/#\/schema\/logo\/image\/\",\"url\":\"https:\/\/www.manaus.am.gov.br\/semasc\/wp-content\/uploads\/sites\/17\/2024\/07\/favicon.png\",\"contentUrl\":\"https:\/\/www.manaus.am.gov.br\/semasc\/wp-content\/uploads\/sites\/17\/2024\/07\/favicon.png\",\"width\":300,\"height\":300,\"caption\":\"Prefeitura de Manaus\"},\"image\":{\"@id\":\"https:\/\/www.manaus.am.gov.br\/semasc\/#\/schema\/logo\/image\/\"},\"sameAs\":[\"https:\/\/www.facebook.com\/semascmanaus\",\"https:\/\/www.instagram.com\/semascmanaus\/\"]},{\"@type\":\"Person\",\"@id\":\"https:\/\/www.manaus.am.gov.br\/semasc\/#\/schema\/person\/d0a166b5031154c33c77794ddc9a827e\",\"name\":\"Cl\u00e1udia Barbosa\",\"image\":{\"@type\":\"ImageObject\",\"inLanguage\":\"pt-BR\",\"@id\":\"https:\/\/www.manaus.am.gov.br\/semasc\/#\/schema\/person\/image\/\",\"url\":\"https:\/\/secure.gravatar.com\/avatar\/42958a1cf007f1a00534009218c72590?s=96&d=mm&r=g\",\"contentUrl\":\"https:\/\/secure.gravatar.com\/avatar\/42958a1cf007f1a00534009218c72590?s=96&d=mm&r=g\",\"caption\":\"Cl\u00e1udia Barbosa\"}}]}<\/script>\n<!-- \/ Yoast SEO plugin. -->","yoast_head_json":{"title":"Disque Direitos Humanos da Semasc ficar\u00e1 fora do ar para manuten\u00e7\u00e3o","description":"A Prefeitura de Manaus, por meio da Secretaria Municipal da Mulher, Assist\u00eancia Social e Cidadania (Semasc), informa que, por um per\u00edodo de 60 a 90 dias, o servi\u00e7o \u201cDisque Direitos Humanos\u201d (0800 092 6644) estar\u00e1 suspenso para manuten\u00e7\u00e3o e atualiza\u00e7\u00e3o.","robots":{"index":"noindex","follow":"follow"},"og_locale":"pt_BR","og_type":"article","og_title":"Disque Direitos Humanos da Semasc ficar\u00e1 fora do ar para manuten\u00e7\u00e3o","og_description":"A Prefeitura de Manaus, por meio da Secretaria Municipal da Mulher, Assist\u00eancia Social e Cidadania (Semasc), informa que, por um per\u00edodo de 60 a 90 dias, o servi\u00e7o \u201cDisque Direitos Humanos\u201d (0800 092 6644) estar\u00e1 suspenso para manuten\u00e7\u00e3o e atualiza\u00e7\u00e3o.","og_url":"https:\/\/www.manaus.am.gov.br\/semasc\/disque-direitos-humanos-da-semasc-ficara-fora-do-ar-para-manutencao\/","og_site_name":"SEMASC","article_publisher":"https:\/\/www.facebook.com\/semascmanaus","article_published_time":"2023-04-19T18:42:40+00:00","article_modified_time":"2023-11-07T20:07:47+00:00","og_image":[{"width":900,"height":509,"url":"https:\/\/www.manaus.am.gov.br\/semasc\/wp-content\/uploads\/sites\/17\/2023\/06\/Nota.png","type":"image\/png"}],"author":"Cl\u00e1udia Barbosa","twitter_card":"summary_large_image","twitter_misc":{"Written by":"Cl\u00e1udia Barbosa","Est. reading time":"1 minuto"},"schema":{"@context":"https:\/\/schema.org","@graph":[{"@type":"Article","@id":"https:\/\/www.manaus.am.gov.br\/semasc\/disque-direitos-humanos-da-semasc-ficara-fora-do-ar-para-manutencao\/#article","isPartOf":{"@id":"https:\/\/www.manaus.am.gov.br\/semasc\/disque-direitos-humanos-da-semasc-ficara-fora-do-ar-para-manutencao\/"},"author":{"name":"Cl\u00e1udia Barbosa","@id":"https:\/\/www.manaus.am.gov.br\/semasc\/#\/schema\/person\/d0a166b5031154c33c77794ddc9a827e"},"headline":"Disque Direitos Humanos da Semasc ficar\u00e1 fora do ar para manuten\u00e7\u00e3o","datePublished":"2023-04-19T18:42:40+00:00","dateModified":"2023-11-07T20:07:47+00:00","mainEntityOfPage":{"@id":"https:\/\/www.manaus.am.gov.br\/semasc\/disque-direitos-humanos-da-semasc-ficara-fora-do-ar-para-manutencao\/"},"wordCount":188,"publisher":{"@id":"https:\/\/www.manaus.am.gov.br\/semasc\/#organization"},"image":{"@id":"https:\/\/www.manaus.am.gov.br\/semasc\/disque-direitos-humanos-da-semasc-ficara-fora-do-ar-para-manutencao\/#primaryimage"},"thumbnailUrl":"https:\/\/www.manaus.am.gov.br\/semasc\/wp-content\/uploads\/sites\/17\/2023\/06\/Nota.png","keywords":["canal","den\u00fancias","Disque Direitos Humanos","prefeitura de manaus","Semasc","servi\u00e7os","suspenso","viola\u00e7\u00e3o de direitos"],"articleSection":["Nota"],"inLanguage":"pt-BR"},{"@type":"WebPage","@id":"https:\/\/www.manaus.am.gov.br\/semasc\/disque-direitos-humanos-da-semasc-ficara-fora-do-ar-para-manutencao\/","url":"https:\/\/www.manaus.am.gov.br\/semasc\/disque-direitos-humanos-da-semasc-ficara-fora-do-ar-para-manutencao\/","name":"Disque Direitos Humanos da Semasc ficar\u00e1 fora do ar para manuten\u00e7\u00e3o","isPartOf":{"@id":"https:\/\/www.manaus.am.gov.br\/semasc\/#website"},"primaryImageOfPage":{"@id":"https:\/\/www.manaus.am.gov.br\/semasc\/disque-direitos-humanos-da-semasc-ficara-fora-do-ar-para-manutencao\/#primaryimage"},"image":{"@id":"https:\/\/www.manaus.am.gov.br\/semasc\/disque-direitos-humanos-da-semasc-ficara-fora-do-ar-para-manutencao\/#primaryimage"},"thumbnailUrl":"https:\/\/www.manaus.am.gov.br\/semasc\/wp-content\/uploads\/sites\/17\/2023\/06\/Nota.png","datePublished":"2023-04-19T18:42:40+00:00","dateModified":"2023-11-07T20:07:47+00:00","description":"A Prefeitura de Manaus, por meio da Secretaria Municipal da Mulher, Assist\u00eancia Social e Cidadania (Semasc), informa que, por um per\u00edodo de 60 a 90 dias, o servi\u00e7o \u201cDisque Direitos Humanos\u201d (0800 092 6644) estar\u00e1 suspenso para manuten\u00e7\u00e3o e atualiza\u00e7\u00e3o.","breadcrumb":{"@id":"https:\/\/www.manaus.am.gov.br\/semasc\/disque-direitos-humanos-da-semasc-ficara-fora-do-ar-para-manutencao\/#breadcrumb"},"inLanguage":"pt-BR","potentialAction":[{"@type":"ReadAction","target":["https:\/\/www.manaus.am.gov.br\/semasc\/disque-direitos-humanos-da-semasc-ficara-fora-do-ar-para-manutencao\/"]}]},{"@type":"ImageObject","inLanguage":"pt-BR","@id":"https:\/\/www.manaus.am.gov.br\/semasc\/disque-direitos-humanos-da-semasc-ficara-fora-do-ar-para-manutencao\/#primaryimage","url":"https:\/\/www.manaus.am.gov.br\/semasc\/wp-content\/uploads\/sites\/17\/2023\/06\/Nota.png","contentUrl":"https:\/\/www.manaus.am.gov.br\/semasc\/wp-content\/uploads\/sites\/17\/2023\/06\/Nota.png","width":900,"height":509},{"@type":"BreadcrumbList","@id":"https:\/\/www.manaus.am.gov.br\/semasc\/disque-direitos-humanos-da-semasc-ficara-fora-do-ar-para-manutencao\/#breadcrumb","itemListElement":[{"@type":"ListItem","position":1,"name":"Home","item":"https:\/\/www.manaus.am.gov.br\/semasc\/"},{"@type":"ListItem","position":2,"name":"Disque Direitos Humanos da Semasc ficar\u00e1 fora do ar para manuten\u00e7\u00e3o"}]},{"@type":"WebSite","@id":"https:\/\/www.manaus.am.gov.br\/semasc\/#website","url":"https:\/\/www.manaus.am.gov.br\/semasc\/","name":"SEMASC","description":"Secretaria Municipal da Mulher, Assist\u00eancia Social e Cidadania.","publisher":{"@id":"https:\/\/www.manaus.am.gov.br\/semasc\/#organization"},"alternateName":"Secretaria Municipal da Mulher, Assist\u00eancia Social e Cidadania","potentialAction":[{"@type":"SearchAction","target":{"@type":"EntryPoint","urlTemplate":"https:\/\/www.manaus.am.gov.br\/semasc\/?s={search_term_string}"},"query-input":"required name=search_term_string"}],"inLanguage":"pt-BR"},{"@type":"Organization","@id":"https:\/\/www.manaus.am.gov.br\/semasc\/#organization","name":"Prefeitura de Manaus","alternateName":"Prefeitura Municipal de Manaus","url":"https:\/\/www.manaus.am.gov.br\/semasc\/","logo":{"@type":"ImageObject","inLanguage":"pt-BR","@id":"https:\/\/www.manaus.am.gov.br\/semasc\/#\/schema\/logo\/image\/","url":"https:\/\/www.manaus.am.gov.br\/semasc\/wp-content\/uploads\/sites\/17\/2024\/07\/favicon.png","contentUrl":"https:\/\/www.manaus.am.gov.br\/semasc\/wp-content\/uploads\/sites\/17\/2024\/07\/favicon.png","width":300,"height":300,"caption":"Prefeitura de Manaus"},"image":{"@id":"https:\/\/www.manaus.am.gov.br\/semasc\/#\/schema\/logo\/image\/"},"sameAs":["https:\/\/www.facebook.com\/semascmanaus","https:\/\/www.instagram.com\/semascmanaus\/"]},{"@type":"Person","@id":"https:\/\/www.manaus.am.gov.br\/semasc\/#\/schema\/person\/d0a166b5031154c33c77794ddc9a827e","name":"Cl\u00e1udia Barbosa","image":{"@type":"ImageObject","inLanguage":"pt-BR","@id":"https:\/\/www.manaus.am.gov.br\/semasc\/#\/schema\/person\/image\/","url":"https:\/\/secure.gravatar.com\/avatar\/42958a1cf007f1a00534009218c72590?s=96&d=mm&r=g","contentUrl":"https:\/\/secure.gravatar.com\/avatar\/42958a1cf007f1a00534009218c72590?s=96&d=mm&r=g","caption":"Cl\u00e1udia Barbosa"}}]}},"_links":{"self":[{"href":"https:\/\/www.manaus.am.gov.br\/semasc\/wp-json\/wp\/v2\/posts\/209040"}],"collection":[{"href":"https:\/\/www.manaus.am.gov.br\/semasc\/wp-json\/wp\/v2\/posts"}],"about":[{"href":"https:\/\/www.manaus.am.gov.br\/semasc\/wp-json\/wp\/v2\/types\/post"}],"author":[{"embeddable":true,"href":"https:\/\/www.manaus.am.gov.br\/semasc\/wp-json\/wp\/v2\/users\/24"}],"replies":[{"embeddable":true,"href":"https:\/\/www.manaus.am.gov.br\/semasc\/wp-json\/wp\/v2\/comments?post=209040"}],"version-history":[{"count":0,"href":"https:\/\/www.manaus.am.gov.br\/semasc\/wp-json\/wp\/v2\/posts\/209040\/revisions"}],"wp:featuredmedia":[{"embeddable":true,"href":"https:\/\/www.manaus.am.gov.br\/semasc\/wp-json\/wp\/v2\/media\/207692"}],"wp:attachment":[{"href":"https:\/\/www.manaus.am.gov.br\/semasc\/wp-json\/wp\/v2\/media?parent=209040"}],"wp:term":[{"taxonomy":"category","embeddable":true,"href":"https:\/\/www.manaus.am.gov.br\/semasc\/wp-json\/wp\/v2\/categories?post=209040"},{"taxonomy":"post_tag","embeddable":true,"href":"https:\/\/www.manaus.am.gov.br\/semasc\/wp-json\/wp\/v2\/tags?post=209040"}],"curies":[{"name":"wp","href":"https:\/\/api.w.org\/{rel}","templated":true}]}}