{"id":209033,"date":"2023-10-31T18:54:08","date_gmt":"2023-10-31T22:54:08","guid":{"rendered":"https:\/\/www.manaus.am.gov.br\/semasc\/prefeitura-de-manaus-entrega-cras-redencao-totalmente-revitalizado-a-populacao\/"},"modified":"2023-10-31T18:54:08","modified_gmt":"2023-10-31T22:54:08","slug":"prefeitura-de-manaus-entrega-cras-redencao-totalmente-revitalizado-a-populacao","status":"publish","type":"post","link":"https:\/\/www.manaus.am.gov.br\/semasc\/prefeitura-de-manaus-entrega-cras-redencao-totalmente-revitalizado-a-populacao\/","title":{"rendered":"<strong>Prefeitura de Manaus entrega Cras Reden\u00e7\u00e3o totalmente revitalizado \u00e0 popula\u00e7\u00e3o<\/strong>"},"content":{"rendered":"\n<p>O prefeito de Manaus, David Almeida, entregou, nesta ter\u00e7a-feira, 31\/10, o Centro de Refer\u00eancia de Assist\u00eancia Social (Cras) totalmente revitalizado. Uma importante etapa foi conclu\u00edda no equipamento localizado no cruzamento entre as ruas Olinda e Bag\u00e9, no bairro Reden\u00e7\u00e3o, zona Centro-Oeste. Ap\u00f3s um meticuloso processo de manuten\u00e7\u00e3o, tanto os ambientes internos quanto as \u00e1reas externas foram revitalizadas, trazendo melhorias essenciais para promover maior seguran\u00e7a e conforto aos frequentadores.<\/p>\n\n\n\n<p>\u201cTodos os servidores da prefeitura est\u00e3o envolvidos nesse trabalho de mudan\u00e7a da cidade, de transforma\u00e7\u00e3o na cidade. Essa mudan\u00e7a s\u00f3 \u00e9 poss\u00edvel gra\u00e7as \u00e0s emendas parlamentares destinadas a Manaus pelo deputado federal Marcelo Ramos. Eu sou daqueles que reconhecem a ajuda, o trabalho, e o que os parlamentares est\u00e3o fazendo\u201d, afirmou.<\/p>\n\n\n\n<p>Durante a revitaliza\u00e7\u00e3o, uma s\u00e9rie de interven\u00e7\u00f5es foram realizadas, visando aprimorar a estrutura do local. A cobertura em telhas galvanizadas passou por uma revis\u00e3o completa, garantindo um sistema adequado de prote\u00e7\u00e3o contra intemp\u00e9ries. Al\u00e9m disso, divis\u00f3rias de gesso acartonado foram instaladas, proporcionando uma melhor distribui\u00e7\u00e3o dos espa\u00e7os internos. O forro em madeira foi substitu\u00eddo por l\u00e2minas de PVC frisado, oferecendo um ambiente mais agrad\u00e1vel em termos ac\u00fasticos e ambientais.<\/p>\n\n\n\n<p>As esquadrias met\u00e1licas foram revisadas, trazendo maior durabilidade e seguran\u00e7a para o equipamento. Os banheiros passaram por uma revitaliza\u00e7\u00e3o, com a troca de pisos e revestimentos cer\u00e2micos, garantindo conforto e higiene aos usu\u00e1rios. Os ambientes foram equipados com condicionadores de ar split, proporcionando um ambiente climatizado e mais agrad\u00e1vel.<\/p>\n\n\n\n<figure class=\"wp-block-gallery has-nested-images columns-default is-cropped wp-block-gallery-1 is-layout-flex wp-block-gallery-is-layout-flex\">\n<figure class=\"wp-block-image size-large\"><img loading=\"lazy\" decoding=\"async\" width=\"799\" height=\"533\" data-id=\"209034\" src=\"https:\/\/www.manaus.am.gov.br\/semasc\/wp-content\/uploads\/sites\/17\/2023\/10\/53300011147_f2f4391b8f_c.jpg\" alt=\"\" class=\"wp-image-209034\" srcset=\"https:\/\/www.manaus.am.gov.br\/semasc\/wp-content\/uploads\/sites\/17\/2023\/10\/53300011147_f2f4391b8f_c.jpg 799w, https:\/\/www.manaus.am.gov.br\/semasc\/wp-content\/uploads\/sites\/17\/2023\/10\/53300011147_f2f4391b8f_c-300x200.jpg 300w, https:\/\/www.manaus.am.gov.br\/semasc\/wp-content\/uploads\/sites\/17\/2023\/10\/53300011147_f2f4391b8f_c-768x512.jpg 768w\" sizes=\"(max-width: 799px) 100vw, 799px\" \/><\/figure>\n<\/figure>\n\n\n\n<p>Uma aten\u00e7\u00e3o especial foi dada \u00e0 seguran\u00e7a. Novos equipamentos de combate a inc\u00eandios foram instalados, garantindo a prote\u00e7\u00e3o dos frequentadores em casos de emerg\u00eancia. Portas em madeira foram substitu\u00eddas, trazendo mais seguran\u00e7a e durabilidade. A cobertura com telhas de policarbonato, assim como os port\u00f5es e gradis externos, foi devidamente restaurada.<\/p>\n\n\n\n<p>N\u00e3o menos importante, todas as instala\u00e7\u00f5es el\u00e9tricas, hidr\u00e1ulicas, sanit\u00e1rias e de l\u00f3gica passaram por uma revis\u00e3o geral, assegurando o pleno funcionamento do equipamento.<\/p>\n\n\n\n<p>Vale ressaltar que essa \u00e9 a 11\u00aa revitaliza\u00e7\u00e3o realizada gra\u00e7as \u00e0s emendas parlamentares destinadas pelo ent\u00e3o deputado federal Marcelo Ramos, que totalizaram um investimento aproximado de R$ 5 milh\u00f5es. Al\u00e9m dos dez Centros de Refer\u00eancia de Assist\u00eancia Social (Cras) j\u00e1 inaugurados, uma unidade do Centro de Refer\u00eancia Especializado de Assist\u00eancia Social (Creas) tamb\u00e9m passou por um processo de revitaliza\u00e7\u00e3o, beneficiando a popula\u00e7\u00e3o local.<\/p>\n\n\n\n<p>Com mais essa revitaliza\u00e7\u00e3o conclu\u00edda, a regi\u00e3o fortalece sua infraestrutura e reafirma o compromisso de oferecer espa\u00e7os de qualidade e acolhimento para a comunidade.<\/p>\n\n\n\n<p>&#8212; &#8212; &#8212;<\/p>\n\n\n\n<p><strong>Texto<\/strong>&nbsp;\u2013 La\u00eds Fernandes \/ Semcom<\/p>\n\n\n\n<p><strong>Fotos<\/strong>&nbsp;\u2013 Cl\u00f3vis Miranda e Ruan Souza \/ Semcom<\/p>\n\n\n\n<p>Dispon\u00edveis em &#8211;&nbsp;<a href=\"https:\/\/flic.kr\/s\/aHBqjB1JCm\" target=\"_blank\" rel=\"noreferrer noopener\">https:\/\/flic.kr\/s\/aHBqjB1JCm<\/a><\/p>\n","protected":false},"excerpt":{"rendered":"","protected":false},"author":31,"featured_media":209035,"comment_status":"closed","ping_status":"closed","sticky":false,"template":"","format":"standard","meta":{"footnotes":""},"categories":[194],"tags":[522,524,525,526],"acf":[],"yoast_head":"<!-- This site is optimized with the Yoast SEO plugin v23.0 - https:\/\/yoast.com\/wordpress\/plugins\/seo\/ -->\n<title>Prefeitura de Manaus entrega Cras Reden\u00e7\u00e3o totalmente revitalizado \u00e0 popula\u00e7\u00e3o - SEMASC<\/title>\n<meta name=\"robots\" content=\"noindex, follow\" \/>\n<meta property=\"og:locale\" content=\"pt_BR\" \/>\n<meta property=\"og:type\" content=\"article\" \/>\n<meta property=\"og:title\" content=\"Prefeitura de Manaus entrega Cras Reden\u00e7\u00e3o totalmente revitalizado \u00e0 popula\u00e7\u00e3o - SEMASC\" \/>\n<meta property=\"og:url\" content=\"https:\/\/www.manaus.am.gov.br\/semasc\/prefeitura-de-manaus-entrega-cras-redencao-totalmente-revitalizado-a-populacao\/\" \/>\n<meta property=\"og:site_name\" content=\"SEMASC\" \/>\n<meta property=\"article:publisher\" content=\"https:\/\/www.facebook.com\/semascmanaus\" \/>\n<meta property=\"article:published_time\" content=\"2023-10-31T22:54:08+00:00\" \/>\n<meta property=\"og:image\" content=\"https:\/\/www.manaus.am.gov.br\/semasc\/wp-content\/uploads\/sites\/17\/2023\/10\/53301240659_357d79f412_c.jpg\" \/>\n\t<meta property=\"og:image:width\" content=\"799\" \/>\n\t<meta property=\"og:image:height\" content=\"533\" \/>\n\t<meta property=\"og:image:type\" content=\"image\/jpeg\" \/>\n<meta name=\"author\" content=\"Renata Felix\" \/>\n<meta name=\"twitter:card\" content=\"summary_large_image\" \/>\n<meta name=\"twitter:label1\" content=\"Written by\" \/>\n\t<meta name=\"twitter:data1\" content=\"Renata Felix\" \/>\n\t<meta name=\"twitter:label2\" content=\"Est. reading time\" \/>\n\t<meta name=\"twitter:data2\" content=\"3 minutos\" \/>\n<script type=\"application\/ld+json\" class=\"yoast-schema-graph\">{\"@context\":\"https:\/\/schema.org\",\"@graph\":[{\"@type\":\"Article\",\"@id\":\"https:\/\/www.manaus.am.gov.br\/semasc\/prefeitura-de-manaus-entrega-cras-redencao-totalmente-revitalizado-a-populacao\/#article\",\"isPartOf\":{\"@id\":\"https:\/\/www.manaus.am.gov.br\/semasc\/prefeitura-de-manaus-entrega-cras-redencao-totalmente-revitalizado-a-populacao\/\"},\"author\":{\"name\":\"Renata Felix\",\"@id\":\"https:\/\/www.manaus.am.gov.br\/semasc\/#\/schema\/person\/4eea2a8f78dc853097abb026f728aa06\"},\"headline\":\"Prefeitura de Manaus entrega Cras Reden\u00e7\u00e3o totalmente revitalizado \u00e0 popula\u00e7\u00e3o\",\"datePublished\":\"2023-10-31T22:54:08+00:00\",\"dateModified\":\"2023-10-31T22:54:08+00:00\",\"mainEntityOfPage\":{\"@id\":\"https:\/\/www.manaus.am.gov.br\/semasc\/prefeitura-de-manaus-entrega-cras-redencao-totalmente-revitalizado-a-populacao\/\"},\"wordCount\":497,\"publisher\":{\"@id\":\"https:\/\/www.manaus.am.gov.br\/semasc\/#organization\"},\"image\":{\"@id\":\"https:\/\/www.manaus.am.gov.br\/semasc\/prefeitura-de-manaus-entrega-cras-redencao-totalmente-revitalizado-a-populacao\/#primaryimage\"},\"thumbnailUrl\":\"https:\/\/www.manaus.am.gov.br\/semasc\/wp-content\/uploads\/sites\/17\/2023\/10\/53301240659_357d79f412_c.jpg\",\"keywords\":[\"assist\u00eancia\",\"cras reden\u00e7\u00e3o\",\"entrega\",\"revitaliza\u00e7\u00e3o\"],\"articleSection\":[\"Assist\u00eancia\"],\"inLanguage\":\"pt-BR\"},{\"@type\":\"WebPage\",\"@id\":\"https:\/\/www.manaus.am.gov.br\/semasc\/prefeitura-de-manaus-entrega-cras-redencao-totalmente-revitalizado-a-populacao\/\",\"url\":\"https:\/\/www.manaus.am.gov.br\/semasc\/prefeitura-de-manaus-entrega-cras-redencao-totalmente-revitalizado-a-populacao\/\",\"name\":\"Prefeitura de Manaus entrega Cras Reden\u00e7\u00e3o totalmente revitalizado \u00e0 popula\u00e7\u00e3o - SEMASC\",\"isPartOf\":{\"@id\":\"https:\/\/www.manaus.am.gov.br\/semasc\/#website\"},\"primaryImageOfPage\":{\"@id\":\"https:\/\/www.manaus.am.gov.br\/semasc\/prefeitura-de-manaus-entrega-cras-redencao-totalmente-revitalizado-a-populacao\/#primaryimage\"},\"image\":{\"@id\":\"https:\/\/www.manaus.am.gov.br\/semasc\/prefeitura-de-manaus-entrega-cras-redencao-totalmente-revitalizado-a-populacao\/#primaryimage\"},\"thumbnailUrl\":\"https:\/\/www.manaus.am.gov.br\/semasc\/wp-content\/uploads\/sites\/17\/2023\/10\/53301240659_357d79f412_c.jpg\",\"datePublished\":\"2023-10-31T22:54:08+00:00\",\"dateModified\":\"2023-10-31T22:54:08+00:00\",\"breadcrumb\":{\"@id\":\"https:\/\/www.manaus.am.gov.br\/semasc\/prefeitura-de-manaus-entrega-cras-redencao-totalmente-revitalizado-a-populacao\/#breadcrumb\"},\"inLanguage\":\"pt-BR\",\"potentialAction\":[{\"@type\":\"ReadAction\",\"target\":[\"https:\/\/www.manaus.am.gov.br\/semasc\/prefeitura-de-manaus-entrega-cras-redencao-totalmente-revitalizado-a-populacao\/\"]}]},{\"@type\":\"ImageObject\",\"inLanguage\":\"pt-BR\",\"@id\":\"https:\/\/www.manaus.am.gov.br\/semasc\/prefeitura-de-manaus-entrega-cras-redencao-totalmente-revitalizado-a-populacao\/#primaryimage\",\"url\":\"https:\/\/www.manaus.am.gov.br\/semasc\/wp-content\/uploads\/sites\/17\/2023\/10\/53301240659_357d79f412_c.jpg\",\"contentUrl\":\"https:\/\/www.manaus.am.gov.br\/semasc\/wp-content\/uploads\/sites\/17\/2023\/10\/53301240659_357d79f412_c.jpg\",\"width\":799,\"height\":533,\"caption\":\"#paratodosverem - Prefeito David Almeida com a m\u00e3o esquerda espalmada na placa de inaugura\u00e7\u00e3o do Cras\"},{\"@type\":\"BreadcrumbList\",\"@id\":\"https:\/\/www.manaus.am.gov.br\/semasc\/prefeitura-de-manaus-entrega-cras-redencao-totalmente-revitalizado-a-populacao\/#breadcrumb\",\"itemListElement\":[{\"@type\":\"ListItem\",\"position\":1,\"name\":\"Home\",\"item\":\"https:\/\/www.manaus.am.gov.br\/semasc\/\"},{\"@type\":\"ListItem\",\"position\":2,\"name\":\"Prefeitura de Manaus entrega Cras Reden\u00e7\u00e3o totalmente revitalizado \u00e0 popula\u00e7\u00e3o\"}]},{\"@type\":\"WebSite\",\"@id\":\"https:\/\/www.manaus.am.gov.br\/semasc\/#website\",\"url\":\"https:\/\/www.manaus.am.gov.br\/semasc\/\",\"name\":\"SEMASC\",\"description\":\"Secretaria Municipal da Mulher, Assist\u00eancia Social e Cidadania.\",\"publisher\":{\"@id\":\"https:\/\/www.manaus.am.gov.br\/semasc\/#organization\"},\"alternateName\":\"Secretaria Municipal da Mulher, Assist\u00eancia Social e Cidadania\",\"potentialAction\":[{\"@type\":\"SearchAction\",\"target\":{\"@type\":\"EntryPoint\",\"urlTemplate\":\"https:\/\/www.manaus.am.gov.br\/semasc\/?s={search_term_string}\"},\"query-input\":\"required name=search_term_string\"}],\"inLanguage\":\"pt-BR\"},{\"@type\":\"Organization\",\"@id\":\"https:\/\/www.manaus.am.gov.br\/semasc\/#organization\",\"name\":\"Prefeitura de Manaus\",\"alternateName\":\"Prefeitura Municipal de Manaus\",\"url\":\"https:\/\/www.manaus.am.gov.br\/semasc\/\",\"logo\":{\"@type\":\"ImageObject\",\"inLanguage\":\"pt-BR\",\"@id\":\"https:\/\/www.manaus.am.gov.br\/semasc\/#\/schema\/logo\/image\/\",\"url\":\"https:\/\/www.manaus.am.gov.br\/semasc\/wp-content\/uploads\/sites\/17\/2024\/07\/favicon.png\",\"contentUrl\":\"https:\/\/www.manaus.am.gov.br\/semasc\/wp-content\/uploads\/sites\/17\/2024\/07\/favicon.png\",\"width\":300,\"height\":300,\"caption\":\"Prefeitura de Manaus\"},\"image\":{\"@id\":\"https:\/\/www.manaus.am.gov.br\/semasc\/#\/schema\/logo\/image\/\"},\"sameAs\":[\"https:\/\/www.facebook.com\/semascmanaus\",\"https:\/\/www.instagram.com\/semascmanaus\/\"]},{\"@type\":\"Person\",\"@id\":\"https:\/\/www.manaus.am.gov.br\/semasc\/#\/schema\/person\/4eea2a8f78dc853097abb026f728aa06\",\"name\":\"Renata Felix\",\"image\":{\"@type\":\"ImageObject\",\"inLanguage\":\"pt-BR\",\"@id\":\"https:\/\/www.manaus.am.gov.br\/semasc\/#\/schema\/person\/image\/\",\"url\":\"https:\/\/secure.gravatar.com\/avatar\/3c196cf9d3b837b24c8edb2c50fd8f29?s=96&d=mm&r=g\",\"contentUrl\":\"https:\/\/secure.gravatar.com\/avatar\/3c196cf9d3b837b24c8edb2c50fd8f29?s=96&d=mm&r=g\",\"caption\":\"Renata Felix\"}}]}<\/script>\n<!-- \/ Yoast SEO plugin. -->","yoast_head_json":{"title":"Prefeitura de Manaus entrega Cras Reden\u00e7\u00e3o totalmente revitalizado \u00e0 popula\u00e7\u00e3o - SEMASC","robots":{"index":"noindex","follow":"follow"},"og_locale":"pt_BR","og_type":"article","og_title":"Prefeitura de Manaus entrega Cras Reden\u00e7\u00e3o totalmente revitalizado \u00e0 popula\u00e7\u00e3o - SEMASC","og_url":"https:\/\/www.manaus.am.gov.br\/semasc\/prefeitura-de-manaus-entrega-cras-redencao-totalmente-revitalizado-a-populacao\/","og_site_name":"SEMASC","article_publisher":"https:\/\/www.facebook.com\/semascmanaus","article_published_time":"2023-10-31T22:54:08+00:00","og_image":[{"width":799,"height":533,"url":"https:\/\/www.manaus.am.gov.br\/semasc\/wp-content\/uploads\/sites\/17\/2023\/10\/53301240659_357d79f412_c.jpg","type":"image\/jpeg"}],"author":"Renata Felix","twitter_card":"summary_large_image","twitter_misc":{"Written by":"Renata Felix","Est. reading time":"3 minutos"},"schema":{"@context":"https:\/\/schema.org","@graph":[{"@type":"Article","@id":"https:\/\/www.manaus.am.gov.br\/semasc\/prefeitura-de-manaus-entrega-cras-redencao-totalmente-revitalizado-a-populacao\/#article","isPartOf":{"@id":"https:\/\/www.manaus.am.gov.br\/semasc\/prefeitura-de-manaus-entrega-cras-redencao-totalmente-revitalizado-a-populacao\/"},"author":{"name":"Renata Felix","@id":"https:\/\/www.manaus.am.gov.br\/semasc\/#\/schema\/person\/4eea2a8f78dc853097abb026f728aa06"},"headline":"Prefeitura de Manaus entrega Cras Reden\u00e7\u00e3o totalmente revitalizado \u00e0 popula\u00e7\u00e3o","datePublished":"2023-10-31T22:54:08+00:00","dateModified":"2023-10-31T22:54:08+00:00","mainEntityOfPage":{"@id":"https:\/\/www.manaus.am.gov.br\/semasc\/prefeitura-de-manaus-entrega-cras-redencao-totalmente-revitalizado-a-populacao\/"},"wordCount":497,"publisher":{"@id":"https:\/\/www.manaus.am.gov.br\/semasc\/#organization"},"image":{"@id":"https:\/\/www.manaus.am.gov.br\/semasc\/prefeitura-de-manaus-entrega-cras-redencao-totalmente-revitalizado-a-populacao\/#primaryimage"},"thumbnailUrl":"https:\/\/www.manaus.am.gov.br\/semasc\/wp-content\/uploads\/sites\/17\/2023\/10\/53301240659_357d79f412_c.jpg","keywords":["assist\u00eancia","cras reden\u00e7\u00e3o","entrega","revitaliza\u00e7\u00e3o"],"articleSection":["Assist\u00eancia"],"inLanguage":"pt-BR"},{"@type":"WebPage","@id":"https:\/\/www.manaus.am.gov.br\/semasc\/prefeitura-de-manaus-entrega-cras-redencao-totalmente-revitalizado-a-populacao\/","url":"https:\/\/www.manaus.am.gov.br\/semasc\/prefeitura-de-manaus-entrega-cras-redencao-totalmente-revitalizado-a-populacao\/","name":"Prefeitura de Manaus entrega Cras Reden\u00e7\u00e3o totalmente revitalizado \u00e0 popula\u00e7\u00e3o - SEMASC","isPartOf":{"@id":"https:\/\/www.manaus.am.gov.br\/semasc\/#website"},"primaryImageOfPage":{"@id":"https:\/\/www.manaus.am.gov.br\/semasc\/prefeitura-de-manaus-entrega-cras-redencao-totalmente-revitalizado-a-populacao\/#primaryimage"},"image":{"@id":"https:\/\/www.manaus.am.gov.br\/semasc\/prefeitura-de-manaus-entrega-cras-redencao-totalmente-revitalizado-a-populacao\/#primaryimage"},"thumbnailUrl":"https:\/\/www.manaus.am.gov.br\/semasc\/wp-content\/uploads\/sites\/17\/2023\/10\/53301240659_357d79f412_c.jpg","datePublished":"2023-10-31T22:54:08+00:00","dateModified":"2023-10-31T22:54:08+00:00","breadcrumb":{"@id":"https:\/\/www.manaus.am.gov.br\/semasc\/prefeitura-de-manaus-entrega-cras-redencao-totalmente-revitalizado-a-populacao\/#breadcrumb"},"inLanguage":"pt-BR","potentialAction":[{"@type":"ReadAction","target":["https:\/\/www.manaus.am.gov.br\/semasc\/prefeitura-de-manaus-entrega-cras-redencao-totalmente-revitalizado-a-populacao\/"]}]},{"@type":"ImageObject","inLanguage":"pt-BR","@id":"https:\/\/www.manaus.am.gov.br\/semasc\/prefeitura-de-manaus-entrega-cras-redencao-totalmente-revitalizado-a-populacao\/#primaryimage","url":"https:\/\/www.manaus.am.gov.br\/semasc\/wp-content\/uploads\/sites\/17\/2023\/10\/53301240659_357d79f412_c.jpg","contentUrl":"https:\/\/www.manaus.am.gov.br\/semasc\/wp-content\/uploads\/sites\/17\/2023\/10\/53301240659_357d79f412_c.jpg","width":799,"height":533,"caption":"#paratodosverem - Prefeito David Almeida com a m\u00e3o esquerda espalmada na placa de inaugura\u00e7\u00e3o do Cras"},{"@type":"BreadcrumbList","@id":"https:\/\/www.manaus.am.gov.br\/semasc\/prefeitura-de-manaus-entrega-cras-redencao-totalmente-revitalizado-a-populacao\/#breadcrumb","itemListElement":[{"@type":"ListItem","position":1,"name":"Home","item":"https:\/\/www.manaus.am.gov.br\/semasc\/"},{"@type":"ListItem","position":2,"name":"Prefeitura de Manaus entrega Cras Reden\u00e7\u00e3o totalmente revitalizado \u00e0 popula\u00e7\u00e3o"}]},{"@type":"WebSite","@id":"https:\/\/www.manaus.am.gov.br\/semasc\/#website","url":"https:\/\/www.manaus.am.gov.br\/semasc\/","name":"SEMASC","description":"Secretaria Municipal da Mulher, Assist\u00eancia Social e Cidadania.","publisher":{"@id":"https:\/\/www.manaus.am.gov.br\/semasc\/#organization"},"alternateName":"Secretaria Municipal da Mulher, Assist\u00eancia Social e Cidadania","potentialAction":[{"@type":"SearchAction","target":{"@type":"EntryPoint","urlTemplate":"https:\/\/www.manaus.am.gov.br\/semasc\/?s={search_term_string}"},"query-input":"required name=search_term_string"}],"inLanguage":"pt-BR"},{"@type":"Organization","@id":"https:\/\/www.manaus.am.gov.br\/semasc\/#organization","name":"Prefeitura de Manaus","alternateName":"Prefeitura Municipal de Manaus","url":"https:\/\/www.manaus.am.gov.br\/semasc\/","logo":{"@type":"ImageObject","inLanguage":"pt-BR","@id":"https:\/\/www.manaus.am.gov.br\/semasc\/#\/schema\/logo\/image\/","url":"https:\/\/www.manaus.am.gov.br\/semasc\/wp-content\/uploads\/sites\/17\/2024\/07\/favicon.png","contentUrl":"https:\/\/www.manaus.am.gov.br\/semasc\/wp-content\/uploads\/sites\/17\/2024\/07\/favicon.png","width":300,"height":300,"caption":"Prefeitura de Manaus"},"image":{"@id":"https:\/\/www.manaus.am.gov.br\/semasc\/#\/schema\/logo\/image\/"},"sameAs":["https:\/\/www.facebook.com\/semascmanaus","https:\/\/www.instagram.com\/semascmanaus\/"]},{"@type":"Person","@id":"https:\/\/www.manaus.am.gov.br\/semasc\/#\/schema\/person\/4eea2a8f78dc853097abb026f728aa06","name":"Renata Felix","image":{"@type":"ImageObject","inLanguage":"pt-BR","@id":"https:\/\/www.manaus.am.gov.br\/semasc\/#\/schema\/person\/image\/","url":"https:\/\/secure.gravatar.com\/avatar\/3c196cf9d3b837b24c8edb2c50fd8f29?s=96&d=mm&r=g","contentUrl":"https:\/\/secure.gravatar.com\/avatar\/3c196cf9d3b837b24c8edb2c50fd8f29?s=96&d=mm&r=g","caption":"Renata Felix"}}]}},"_links":{"self":[{"href":"https:\/\/www.manaus.am.gov.br\/semasc\/wp-json\/wp\/v2\/posts\/209033"}],"collection":[{"href":"https:\/\/www.manaus.am.gov.br\/semasc\/wp-json\/wp\/v2\/posts"}],"about":[{"href":"https:\/\/www.manaus.am.gov.br\/semasc\/wp-json\/wp\/v2\/types\/post"}],"author":[{"embeddable":true,"href":"https:\/\/www.manaus.am.gov.br\/semasc\/wp-json\/wp\/v2\/users\/31"}],"replies":[{"embeddable":true,"href":"https:\/\/www.manaus.am.gov.br\/semasc\/wp-json\/wp\/v2\/comments?post=209033"}],"version-history":[{"count":1,"href":"https:\/\/www.manaus.am.gov.br\/semasc\/wp-json\/wp\/v2\/posts\/209033\/revisions"}],"predecessor-version":[{"id":209036,"href":"https:\/\/www.manaus.am.gov.br\/semasc\/wp-json\/wp\/v2\/posts\/209033\/revisions\/209036"}],"wp:featuredmedia":[{"embeddable":true,"href":"https:\/\/www.manaus.am.gov.br\/semasc\/wp-json\/wp\/v2\/media\/209035"}],"wp:attachment":[{"href":"https:\/\/www.manaus.am.gov.br\/semasc\/wp-json\/wp\/v2\/media?parent=209033"}],"wp:term":[{"taxonomy":"category","embeddable":true,"href":"https:\/\/www.manaus.am.gov.br\/semasc\/wp-json\/wp\/v2\/categories?post=209033"},{"taxonomy":"post_tag","embeddable":true,"href":"https:\/\/www.manaus.am.gov.br\/semasc\/wp-json\/wp\/v2\/tags?post=209033"}],"curies":[{"name":"wp","href":"https:\/\/api.w.org\/{rel}","templated":true}]}}