{"id":209024,"date":"2023-10-19T14:50:40","date_gmt":"2023-10-19T18:50:40","guid":{"rendered":"https:\/\/www.manaus.am.gov.br\/semasc\/prefeitura-promove-passeio-no-bosque-da-ciencia-a-criancas-atendidas-pelo-creas\/"},"modified":"2023-11-24T17:01:51","modified_gmt":"2023-11-24T21:01:51","slug":"prefeitura-promove-passeio-no-bosque-da-ciencia-a-criancas-atendidas-pelo-creas","status":"publish","type":"post","link":"https:\/\/www.manaus.am.gov.br\/semasc\/prefeitura-promove-passeio-no-bosque-da-ciencia-a-criancas-atendidas-pelo-creas\/","title":{"rendered":"Prefeitura promove passeio no Bosque da Ci\u00eancia a crian\u00e7as atendidas pelo Creas"},"content":{"rendered":"\n<p>Buscando promover atividades e experi\u00eancias que estimulem a intera\u00e7\u00e3o social e o fortalecimento de v\u00ednculos a fam\u00edlias atendidas pela Rede de Prote\u00e7\u00e3o Social do munic\u00edpio, a Prefeitura de Manaus, por meio da Secretaria Municipal da Mulher, Assist\u00eancia Social e Cidadania (Semasc), promoveu, nesta quinta-feira, 19\/10, em alus\u00e3o ao Dia das Crian\u00e7as, um passeio pelo Bosque da Ci\u00eancia, na zona Sul, com fam\u00edlias atendidas pelo Servi\u00e7o de Prote\u00e7\u00e3o e Atendimento Especializado a Fam\u00edlias e Indiv\u00edduos (Paefi) do Centro de Refer\u00eancia Especializado de Assist\u00eancia Social (Creas) Centro-Oeste.&nbsp;<\/p>\n\n\n\n<p>Ao longo da manh\u00e3, o grupo, formado por crian\u00e7as e seus respons\u00e1veis, p\u00f4de conhecer os diversos espa\u00e7os dedicados \u00e0 divulga\u00e7\u00e3o e populariza\u00e7\u00e3o cient\u00edfica, educa\u00e7\u00e3o e lazer administrados pelo Instituto Nacional de Pesquisas da Amaz\u00f4nia (Inpa), bem como as diferentes esp\u00e9cies da fauna amaz\u00f4nica e de vegeta\u00e7\u00e3o florestal presentes no local.&nbsp;<\/p>\n\n\n\n<p>\u201cEscolhemos o Bosque da Ci\u00eancia como destino para o passeio, porque \u00e9 um espa\u00e7o extremamente rico em educa\u00e7\u00e3o ambiental, cultural e atividades de lazer para nossas crian\u00e7as. Entendemos que essas programa\u00e7\u00f5es s\u00e3o fundamentais para a socializa\u00e7\u00e3o e o acesso a direitos dessas fam\u00edlias atendidas pelo Creas e seus servi\u00e7os, ent\u00e3o n\u00e3o poder\u00edamos deixar de traz\u00ea-los aqui, muitos pela primeira vez\u201d, explicou a assistente social Karina Gondin.<\/p>\n\n\n\n<p>De acordo com a psic\u00f3loga do servi\u00e7o, Diana Barroso, al\u00e9m do acesso e da garantia de direitos fundamentais, o passeio ainda \u00e9 importante por representar um momento importante para o desenvolvimento cognitivo e emocional das crian\u00e7as e de seus n\u00facleos familiares.<\/p>\n\n\n\n<p>\u201cO aspecto emocional \u00e9 muito importante dado os contextos em que essas fam\u00edlias chegam ao equipamento para serem acompanhadas, al\u00e9m de que, como qualquer cidad\u00e3o, essas crian\u00e7as tamb\u00e9m possuem o direito a lazer, de estar pr\u00f3ximo \u00e0 fam\u00edlia em momentos culturais e educacionais, de brincar e afins. \u00c9 mais que uma manh\u00e3 de conviv\u00eancia ou um momento de lazer, \u00e9 o fortalecimento emocional, dos v\u00ednculos familiares e do desenvolvimento cognitivo dessas crian\u00e7as\u201d, destacou.<\/p>\n\n\n\n<p>Acompanhando os tr\u00eas sobrinhos durante o passeio, a dona de casa&nbsp;D. G. S., 36, definiu o momento como \u201creconfortante\u201d e destacou a satisfa\u00e7\u00e3o ao poder compartilhar um tempo de qualidade ao lado dos pequenos.<\/p>\n\n\n\n<p>\u201c\u00c9 muito bacana poder sair um pouco da rotina e mostrar para as crian\u00e7as um lugar diferente e ainda ter a oportunidade de relaxar um pouco a cabe\u00e7a perto delas. Havia muito tempo que n\u00e3o sa\u00edamos juntos, ent\u00e3o acaba sendo muito importante para a nossa sa\u00fade mental tamb\u00e9m\u201d, afirmou.<\/p>\n\n\n\n<p>&#8212; &#8212; &#8212;<\/p>\n\n\n\n<p><strong>Texto &#8211;&nbsp;<\/strong>Guilherme Pacheco \/ Semasc<\/p>\n\n\n\n<p><strong>Fotos &#8211;&nbsp;<\/strong>Diego Lima \/ Semasc<\/p>\n","protected":false},"excerpt":{"rendered":"","protected":false},"author":23,"featured_media":209025,"comment_status":"closed","ping_status":"closed","sticky":false,"template":"","format":"standard","meta":{"footnotes":""},"categories":[34],"tags":[55,57,224,491,500,7,18],"acf":[],"yoast_head":"<!-- This site is optimized with the Yoast SEO plugin v23.0 - https:\/\/yoast.com\/wordpress\/plugins\/seo\/ -->\n<title>Prefeitura promove passeio no Bosque da Ci\u00eancia a crian\u00e7as atendidas pelo Creas<\/title>\n<meta name=\"description\" content=\"Buscando promover atividades e experi\u00eancias que estimulem a intera\u00e7\u00e3o social e o fortalecimento de v\u00ednculos a fam\u00edlias atendidas pela Rede de Prote\u00e7\u00e3o Social do munic\u00edpio, a Prefeitura de Manaus, por meio da Secretaria Municipal da Mulher, Assist\u00eancia Social e Cidadania (Semasc), promoveu, nesta quinta-feira, 19\/10, em alus\u00e3o ao Dia das Crian\u00e7as, um passeio pelo Bosque da Ci\u00eancia, na zona Sul, com fam\u00edlias atendidas pelo Servi\u00e7o de Prote\u00e7\u00e3o e Atendimento Especializado a Fam\u00edlias e Indiv\u00edduos (Paefi) do Centro de Refer\u00eancia Especializado de Assist\u00eancia Social (Creas) Centro-Oeste.\u00a0\" \/>\n<meta name=\"robots\" content=\"noindex, follow\" \/>\n<meta property=\"og:locale\" content=\"pt_BR\" \/>\n<meta property=\"og:type\" content=\"article\" \/>\n<meta property=\"og:title\" content=\"Prefeitura promove passeio no Bosque da Ci\u00eancia a crian\u00e7as atendidas pelo Creas\" \/>\n<meta property=\"og:description\" content=\"Buscando promover atividades e experi\u00eancias que estimulem a intera\u00e7\u00e3o social e o fortalecimento de v\u00ednculos a fam\u00edlias atendidas pela Rede de Prote\u00e7\u00e3o Social do munic\u00edpio, a Prefeitura de Manaus, por meio da Secretaria Municipal da Mulher, Assist\u00eancia Social e Cidadania (Semasc), promoveu, nesta quinta-feira, 19\/10, em alus\u00e3o ao Dia das Crian\u00e7as, um passeio pelo Bosque da Ci\u00eancia, na zona Sul, com fam\u00edlias atendidas pelo Servi\u00e7o de Prote\u00e7\u00e3o e Atendimento Especializado a Fam\u00edlias e Indiv\u00edduos (Paefi) do Centro de Refer\u00eancia Especializado de Assist\u00eancia Social (Creas) Centro-Oeste.\u00a0\" \/>\n<meta property=\"og:url\" content=\"https:\/\/www.manaus.am.gov.br\/semasc\/prefeitura-promove-passeio-no-bosque-da-ciencia-a-criancas-atendidas-pelo-creas\/\" \/>\n<meta property=\"og:site_name\" content=\"SEMASC\" \/>\n<meta property=\"article:publisher\" content=\"https:\/\/www.facebook.com\/semascmanaus\" \/>\n<meta property=\"article:published_time\" content=\"2023-10-19T18:50:40+00:00\" \/>\n<meta property=\"article:modified_time\" content=\"2023-11-24T21:01:51+00:00\" \/>\n<meta property=\"og:image\" content=\"https:\/\/www.manaus.am.gov.br\/semasc\/wp-content\/uploads\/sites\/17\/2023\/10\/WhatsApp-Image-2023-10-19-at-14.41.02-1.jpeg\" \/>\n\t<meta property=\"og:image:width\" content=\"1600\" \/>\n\t<meta property=\"og:image:height\" content=\"1088\" \/>\n\t<meta property=\"og:image:type\" content=\"image\/jpeg\" \/>\n<meta name=\"author\" content=\"Adriana Costa\" \/>\n<meta name=\"twitter:card\" content=\"summary_large_image\" \/>\n<meta name=\"twitter:label1\" content=\"Written by\" \/>\n\t<meta name=\"twitter:data1\" content=\"Adriana Costa\" \/>\n\t<meta name=\"twitter:label2\" content=\"Est. reading time\" \/>\n\t<meta name=\"twitter:data2\" content=\"3 minutos\" \/>\n<script type=\"application\/ld+json\" class=\"yoast-schema-graph\">{\"@context\":\"https:\/\/schema.org\",\"@graph\":[{\"@type\":\"Article\",\"@id\":\"https:\/\/www.manaus.am.gov.br\/semasc\/prefeitura-promove-passeio-no-bosque-da-ciencia-a-criancas-atendidas-pelo-creas\/#article\",\"isPartOf\":{\"@id\":\"https:\/\/www.manaus.am.gov.br\/semasc\/prefeitura-promove-passeio-no-bosque-da-ciencia-a-criancas-atendidas-pelo-creas\/\"},\"author\":{\"name\":\"Adriana Costa\",\"@id\":\"https:\/\/www.manaus.am.gov.br\/semasc\/#\/schema\/person\/4e49f4e267757a06ca072ec61b2b9968\"},\"headline\":\"Prefeitura promove passeio no Bosque da Ci\u00eancia a crian\u00e7as atendidas pelo Creas\",\"datePublished\":\"2023-10-19T18:50:40+00:00\",\"dateModified\":\"2023-11-24T21:01:51+00:00\",\"mainEntityOfPage\":{\"@id\":\"https:\/\/www.manaus.am.gov.br\/semasc\/prefeitura-promove-passeio-no-bosque-da-ciencia-a-criancas-atendidas-pelo-creas\/\"},\"wordCount\":487,\"publisher\":{\"@id\":\"https:\/\/www.manaus.am.gov.br\/semasc\/#organization\"},\"image\":{\"@id\":\"https:\/\/www.manaus.am.gov.br\/semasc\/prefeitura-promove-passeio-no-bosque-da-ciencia-a-criancas-atendidas-pelo-creas\/#primaryimage\"},\"thumbnailUrl\":\"https:\/\/www.manaus.am.gov.br\/semasc\/wp-content\/uploads\/sites\/17\/2023\/10\/WhatsApp-Image-2023-10-19-at-14.41.02-1.jpeg\",\"keywords\":[\"Bosque da Ci\u00eancia\",\"Creas\",\"crian\u00e7as\",\"dia das crian\u00e7as\",\"passeio\",\"prefeitura de manaus\",\"Semasc\"],\"articleSection\":[\"Assist\u00eancia Social\"],\"inLanguage\":\"pt-BR\"},{\"@type\":\"WebPage\",\"@id\":\"https:\/\/www.manaus.am.gov.br\/semasc\/prefeitura-promove-passeio-no-bosque-da-ciencia-a-criancas-atendidas-pelo-creas\/\",\"url\":\"https:\/\/www.manaus.am.gov.br\/semasc\/prefeitura-promove-passeio-no-bosque-da-ciencia-a-criancas-atendidas-pelo-creas\/\",\"name\":\"Prefeitura promove passeio no Bosque da Ci\u00eancia a crian\u00e7as atendidas pelo Creas\",\"isPartOf\":{\"@id\":\"https:\/\/www.manaus.am.gov.br\/semasc\/#website\"},\"primaryImageOfPage\":{\"@id\":\"https:\/\/www.manaus.am.gov.br\/semasc\/prefeitura-promove-passeio-no-bosque-da-ciencia-a-criancas-atendidas-pelo-creas\/#primaryimage\"},\"image\":{\"@id\":\"https:\/\/www.manaus.am.gov.br\/semasc\/prefeitura-promove-passeio-no-bosque-da-ciencia-a-criancas-atendidas-pelo-creas\/#primaryimage\"},\"thumbnailUrl\":\"https:\/\/www.manaus.am.gov.br\/semasc\/wp-content\/uploads\/sites\/17\/2023\/10\/WhatsApp-Image-2023-10-19-at-14.41.02-1.jpeg\",\"datePublished\":\"2023-10-19T18:50:40+00:00\",\"dateModified\":\"2023-11-24T21:01:51+00:00\",\"description\":\"Buscando promover atividades e experi\u00eancias que estimulem a intera\u00e7\u00e3o social e o fortalecimento de v\u00ednculos a fam\u00edlias atendidas pela Rede de Prote\u00e7\u00e3o Social do munic\u00edpio, a Prefeitura de Manaus, por meio da Secretaria Municipal da Mulher, Assist\u00eancia Social e Cidadania (Semasc), promoveu, nesta quinta-feira, 19\/10, em alus\u00e3o ao Dia das Crian\u00e7as, um passeio pelo Bosque da Ci\u00eancia, na zona Sul, com fam\u00edlias atendidas pelo Servi\u00e7o de Prote\u00e7\u00e3o e Atendimento Especializado a Fam\u00edlias e Indiv\u00edduos (Paefi) do Centro de Refer\u00eancia Especializado de Assist\u00eancia Social (Creas) Centro-Oeste.\u00a0\",\"breadcrumb\":{\"@id\":\"https:\/\/www.manaus.am.gov.br\/semasc\/prefeitura-promove-passeio-no-bosque-da-ciencia-a-criancas-atendidas-pelo-creas\/#breadcrumb\"},\"inLanguage\":\"pt-BR\",\"potentialAction\":[{\"@type\":\"ReadAction\",\"target\":[\"https:\/\/www.manaus.am.gov.br\/semasc\/prefeitura-promove-passeio-no-bosque-da-ciencia-a-criancas-atendidas-pelo-creas\/\"]}]},{\"@type\":\"ImageObject\",\"inLanguage\":\"pt-BR\",\"@id\":\"https:\/\/www.manaus.am.gov.br\/semasc\/prefeitura-promove-passeio-no-bosque-da-ciencia-a-criancas-atendidas-pelo-creas\/#primaryimage\",\"url\":\"https:\/\/www.manaus.am.gov.br\/semasc\/wp-content\/uploads\/sites\/17\/2023\/10\/WhatsApp-Image-2023-10-19-at-14.41.02-1.jpeg\",\"contentUrl\":\"https:\/\/www.manaus.am.gov.br\/semasc\/wp-content\/uploads\/sites\/17\/2023\/10\/WhatsApp-Image-2023-10-19-at-14.41.02-1.jpeg\",\"width\":1600,\"height\":1088},{\"@type\":\"BreadcrumbList\",\"@id\":\"https:\/\/www.manaus.am.gov.br\/semasc\/prefeitura-promove-passeio-no-bosque-da-ciencia-a-criancas-atendidas-pelo-creas\/#breadcrumb\",\"itemListElement\":[{\"@type\":\"ListItem\",\"position\":1,\"name\":\"Home\",\"item\":\"https:\/\/www.manaus.am.gov.br\/semasc\/\"},{\"@type\":\"ListItem\",\"position\":2,\"name\":\"Prefeitura promove passeio no Bosque da Ci\u00eancia a crian\u00e7as atendidas pelo Creas\"}]},{\"@type\":\"WebSite\",\"@id\":\"https:\/\/www.manaus.am.gov.br\/semasc\/#website\",\"url\":\"https:\/\/www.manaus.am.gov.br\/semasc\/\",\"name\":\"SEMASC\",\"description\":\"Secretaria Municipal da Mulher, Assist\u00eancia Social e Cidadania.\",\"publisher\":{\"@id\":\"https:\/\/www.manaus.am.gov.br\/semasc\/#organization\"},\"alternateName\":\"Secretaria Municipal da Mulher, Assist\u00eancia Social e Cidadania\",\"potentialAction\":[{\"@type\":\"SearchAction\",\"target\":{\"@type\":\"EntryPoint\",\"urlTemplate\":\"https:\/\/www.manaus.am.gov.br\/semasc\/?s={search_term_string}\"},\"query-input\":\"required name=search_term_string\"}],\"inLanguage\":\"pt-BR\"},{\"@type\":\"Organization\",\"@id\":\"https:\/\/www.manaus.am.gov.br\/semasc\/#organization\",\"name\":\"Prefeitura de Manaus\",\"alternateName\":\"Prefeitura Municipal de Manaus\",\"url\":\"https:\/\/www.manaus.am.gov.br\/semasc\/\",\"logo\":{\"@type\":\"ImageObject\",\"inLanguage\":\"pt-BR\",\"@id\":\"https:\/\/www.manaus.am.gov.br\/semasc\/#\/schema\/logo\/image\/\",\"url\":\"https:\/\/www.manaus.am.gov.br\/semasc\/wp-content\/uploads\/sites\/17\/2024\/07\/favicon.png\",\"contentUrl\":\"https:\/\/www.manaus.am.gov.br\/semasc\/wp-content\/uploads\/sites\/17\/2024\/07\/favicon.png\",\"width\":300,\"height\":300,\"caption\":\"Prefeitura de Manaus\"},\"image\":{\"@id\":\"https:\/\/www.manaus.am.gov.br\/semasc\/#\/schema\/logo\/image\/\"},\"sameAs\":[\"https:\/\/www.facebook.com\/semascmanaus\",\"https:\/\/www.instagram.com\/semascmanaus\/\"]},{\"@type\":\"Person\",\"@id\":\"https:\/\/www.manaus.am.gov.br\/semasc\/#\/schema\/person\/4e49f4e267757a06ca072ec61b2b9968\",\"name\":\"Adriana Costa\",\"image\":{\"@type\":\"ImageObject\",\"inLanguage\":\"pt-BR\",\"@id\":\"https:\/\/www.manaus.am.gov.br\/semasc\/#\/schema\/person\/image\/\",\"url\":\"https:\/\/secure.gravatar.com\/avatar\/576258617ef7194f718179e766d57bd4?s=96&d=mm&r=g\",\"contentUrl\":\"https:\/\/secure.gravatar.com\/avatar\/576258617ef7194f718179e766d57bd4?s=96&d=mm&r=g\",\"caption\":\"Adriana Costa\"}}]}<\/script>\n<!-- \/ Yoast SEO plugin. -->","yoast_head_json":{"title":"Prefeitura promove passeio no Bosque da Ci\u00eancia a crian\u00e7as atendidas pelo Creas","description":"Buscando promover atividades e experi\u00eancias que estimulem a intera\u00e7\u00e3o social e o fortalecimento de v\u00ednculos a fam\u00edlias atendidas pela Rede de Prote\u00e7\u00e3o Social do munic\u00edpio, a Prefeitura de Manaus, por meio da Secretaria Municipal da Mulher, Assist\u00eancia Social e Cidadania (Semasc), promoveu, nesta quinta-feira, 19\/10, em alus\u00e3o ao Dia das Crian\u00e7as, um passeio pelo Bosque da Ci\u00eancia, na zona Sul, com fam\u00edlias atendidas pelo Servi\u00e7o de Prote\u00e7\u00e3o e Atendimento Especializado a Fam\u00edlias e Indiv\u00edduos (Paefi) do Centro de Refer\u00eancia Especializado de Assist\u00eancia Social (Creas) Centro-Oeste.\u00a0","robots":{"index":"noindex","follow":"follow"},"og_locale":"pt_BR","og_type":"article","og_title":"Prefeitura promove passeio no Bosque da Ci\u00eancia a crian\u00e7as atendidas pelo Creas","og_description":"Buscando promover atividades e experi\u00eancias que estimulem a intera\u00e7\u00e3o social e o fortalecimento de v\u00ednculos a fam\u00edlias atendidas pela Rede de Prote\u00e7\u00e3o Social do munic\u00edpio, a Prefeitura de Manaus, por meio da Secretaria Municipal da Mulher, Assist\u00eancia Social e Cidadania (Semasc), promoveu, nesta quinta-feira, 19\/10, em alus\u00e3o ao Dia das Crian\u00e7as, um passeio pelo Bosque da Ci\u00eancia, na zona Sul, com fam\u00edlias atendidas pelo Servi\u00e7o de Prote\u00e7\u00e3o e Atendimento Especializado a Fam\u00edlias e Indiv\u00edduos (Paefi) do Centro de Refer\u00eancia Especializado de Assist\u00eancia Social (Creas) Centro-Oeste.\u00a0","og_url":"https:\/\/www.manaus.am.gov.br\/semasc\/prefeitura-promove-passeio-no-bosque-da-ciencia-a-criancas-atendidas-pelo-creas\/","og_site_name":"SEMASC","article_publisher":"https:\/\/www.facebook.com\/semascmanaus","article_published_time":"2023-10-19T18:50:40+00:00","article_modified_time":"2023-11-24T21:01:51+00:00","og_image":[{"width":1600,"height":1088,"url":"https:\/\/www.manaus.am.gov.br\/semasc\/wp-content\/uploads\/sites\/17\/2023\/10\/WhatsApp-Image-2023-10-19-at-14.41.02-1.jpeg","type":"image\/jpeg"}],"author":"Adriana Costa","twitter_card":"summary_large_image","twitter_misc":{"Written by":"Adriana Costa","Est. reading time":"3 minutos"},"schema":{"@context":"https:\/\/schema.org","@graph":[{"@type":"Article","@id":"https:\/\/www.manaus.am.gov.br\/semasc\/prefeitura-promove-passeio-no-bosque-da-ciencia-a-criancas-atendidas-pelo-creas\/#article","isPartOf":{"@id":"https:\/\/www.manaus.am.gov.br\/semasc\/prefeitura-promove-passeio-no-bosque-da-ciencia-a-criancas-atendidas-pelo-creas\/"},"author":{"name":"Adriana Costa","@id":"https:\/\/www.manaus.am.gov.br\/semasc\/#\/schema\/person\/4e49f4e267757a06ca072ec61b2b9968"},"headline":"Prefeitura promove passeio no Bosque da Ci\u00eancia a crian\u00e7as atendidas pelo Creas","datePublished":"2023-10-19T18:50:40+00:00","dateModified":"2023-11-24T21:01:51+00:00","mainEntityOfPage":{"@id":"https:\/\/www.manaus.am.gov.br\/semasc\/prefeitura-promove-passeio-no-bosque-da-ciencia-a-criancas-atendidas-pelo-creas\/"},"wordCount":487,"publisher":{"@id":"https:\/\/www.manaus.am.gov.br\/semasc\/#organization"},"image":{"@id":"https:\/\/www.manaus.am.gov.br\/semasc\/prefeitura-promove-passeio-no-bosque-da-ciencia-a-criancas-atendidas-pelo-creas\/#primaryimage"},"thumbnailUrl":"https:\/\/www.manaus.am.gov.br\/semasc\/wp-content\/uploads\/sites\/17\/2023\/10\/WhatsApp-Image-2023-10-19-at-14.41.02-1.jpeg","keywords":["Bosque da Ci\u00eancia","Creas","crian\u00e7as","dia das crian\u00e7as","passeio","prefeitura de manaus","Semasc"],"articleSection":["Assist\u00eancia Social"],"inLanguage":"pt-BR"},{"@type":"WebPage","@id":"https:\/\/www.manaus.am.gov.br\/semasc\/prefeitura-promove-passeio-no-bosque-da-ciencia-a-criancas-atendidas-pelo-creas\/","url":"https:\/\/www.manaus.am.gov.br\/semasc\/prefeitura-promove-passeio-no-bosque-da-ciencia-a-criancas-atendidas-pelo-creas\/","name":"Prefeitura promove passeio no Bosque da Ci\u00eancia a crian\u00e7as atendidas pelo Creas","isPartOf":{"@id":"https:\/\/www.manaus.am.gov.br\/semasc\/#website"},"primaryImageOfPage":{"@id":"https:\/\/www.manaus.am.gov.br\/semasc\/prefeitura-promove-passeio-no-bosque-da-ciencia-a-criancas-atendidas-pelo-creas\/#primaryimage"},"image":{"@id":"https:\/\/www.manaus.am.gov.br\/semasc\/prefeitura-promove-passeio-no-bosque-da-ciencia-a-criancas-atendidas-pelo-creas\/#primaryimage"},"thumbnailUrl":"https:\/\/www.manaus.am.gov.br\/semasc\/wp-content\/uploads\/sites\/17\/2023\/10\/WhatsApp-Image-2023-10-19-at-14.41.02-1.jpeg","datePublished":"2023-10-19T18:50:40+00:00","dateModified":"2023-11-24T21:01:51+00:00","description":"Buscando promover atividades e experi\u00eancias que estimulem a intera\u00e7\u00e3o social e o fortalecimento de v\u00ednculos a fam\u00edlias atendidas pela Rede de Prote\u00e7\u00e3o Social do munic\u00edpio, a Prefeitura de Manaus, por meio da Secretaria Municipal da Mulher, Assist\u00eancia Social e Cidadania (Semasc), promoveu, nesta quinta-feira, 19\/10, em alus\u00e3o ao Dia das Crian\u00e7as, um passeio pelo Bosque da Ci\u00eancia, na zona Sul, com fam\u00edlias atendidas pelo Servi\u00e7o de Prote\u00e7\u00e3o e Atendimento Especializado a Fam\u00edlias e Indiv\u00edduos (Paefi) do Centro de Refer\u00eancia Especializado de Assist\u00eancia Social (Creas) Centro-Oeste.\u00a0","breadcrumb":{"@id":"https:\/\/www.manaus.am.gov.br\/semasc\/prefeitura-promove-passeio-no-bosque-da-ciencia-a-criancas-atendidas-pelo-creas\/#breadcrumb"},"inLanguage":"pt-BR","potentialAction":[{"@type":"ReadAction","target":["https:\/\/www.manaus.am.gov.br\/semasc\/prefeitura-promove-passeio-no-bosque-da-ciencia-a-criancas-atendidas-pelo-creas\/"]}]},{"@type":"ImageObject","inLanguage":"pt-BR","@id":"https:\/\/www.manaus.am.gov.br\/semasc\/prefeitura-promove-passeio-no-bosque-da-ciencia-a-criancas-atendidas-pelo-creas\/#primaryimage","url":"https:\/\/www.manaus.am.gov.br\/semasc\/wp-content\/uploads\/sites\/17\/2023\/10\/WhatsApp-Image-2023-10-19-at-14.41.02-1.jpeg","contentUrl":"https:\/\/www.manaus.am.gov.br\/semasc\/wp-content\/uploads\/sites\/17\/2023\/10\/WhatsApp-Image-2023-10-19-at-14.41.02-1.jpeg","width":1600,"height":1088},{"@type":"BreadcrumbList","@id":"https:\/\/www.manaus.am.gov.br\/semasc\/prefeitura-promove-passeio-no-bosque-da-ciencia-a-criancas-atendidas-pelo-creas\/#breadcrumb","itemListElement":[{"@type":"ListItem","position":1,"name":"Home","item":"https:\/\/www.manaus.am.gov.br\/semasc\/"},{"@type":"ListItem","position":2,"name":"Prefeitura promove passeio no Bosque da Ci\u00eancia a crian\u00e7as atendidas pelo Creas"}]},{"@type":"WebSite","@id":"https:\/\/www.manaus.am.gov.br\/semasc\/#website","url":"https:\/\/www.manaus.am.gov.br\/semasc\/","name":"SEMASC","description":"Secretaria Municipal da Mulher, Assist\u00eancia Social e Cidadania.","publisher":{"@id":"https:\/\/www.manaus.am.gov.br\/semasc\/#organization"},"alternateName":"Secretaria Municipal da Mulher, Assist\u00eancia Social e Cidadania","potentialAction":[{"@type":"SearchAction","target":{"@type":"EntryPoint","urlTemplate":"https:\/\/www.manaus.am.gov.br\/semasc\/?s={search_term_string}"},"query-input":"required name=search_term_string"}],"inLanguage":"pt-BR"},{"@type":"Organization","@id":"https:\/\/www.manaus.am.gov.br\/semasc\/#organization","name":"Prefeitura de Manaus","alternateName":"Prefeitura Municipal de Manaus","url":"https:\/\/www.manaus.am.gov.br\/semasc\/","logo":{"@type":"ImageObject","inLanguage":"pt-BR","@id":"https:\/\/www.manaus.am.gov.br\/semasc\/#\/schema\/logo\/image\/","url":"https:\/\/www.manaus.am.gov.br\/semasc\/wp-content\/uploads\/sites\/17\/2024\/07\/favicon.png","contentUrl":"https:\/\/www.manaus.am.gov.br\/semasc\/wp-content\/uploads\/sites\/17\/2024\/07\/favicon.png","width":300,"height":300,"caption":"Prefeitura de Manaus"},"image":{"@id":"https:\/\/www.manaus.am.gov.br\/semasc\/#\/schema\/logo\/image\/"},"sameAs":["https:\/\/www.facebook.com\/semascmanaus","https:\/\/www.instagram.com\/semascmanaus\/"]},{"@type":"Person","@id":"https:\/\/www.manaus.am.gov.br\/semasc\/#\/schema\/person\/4e49f4e267757a06ca072ec61b2b9968","name":"Adriana Costa","image":{"@type":"ImageObject","inLanguage":"pt-BR","@id":"https:\/\/www.manaus.am.gov.br\/semasc\/#\/schema\/person\/image\/","url":"https:\/\/secure.gravatar.com\/avatar\/576258617ef7194f718179e766d57bd4?s=96&d=mm&r=g","contentUrl":"https:\/\/secure.gravatar.com\/avatar\/576258617ef7194f718179e766d57bd4?s=96&d=mm&r=g","caption":"Adriana Costa"}}]}},"_links":{"self":[{"href":"https:\/\/www.manaus.am.gov.br\/semasc\/wp-json\/wp\/v2\/posts\/209024"}],"collection":[{"href":"https:\/\/www.manaus.am.gov.br\/semasc\/wp-json\/wp\/v2\/posts"}],"about":[{"href":"https:\/\/www.manaus.am.gov.br\/semasc\/wp-json\/wp\/v2\/types\/post"}],"author":[{"embeddable":true,"href":"https:\/\/www.manaus.am.gov.br\/semasc\/wp-json\/wp\/v2\/users\/23"}],"replies":[{"embeddable":true,"href":"https:\/\/www.manaus.am.gov.br\/semasc\/wp-json\/wp\/v2\/comments?post=209024"}],"version-history":[{"count":2,"href":"https:\/\/www.manaus.am.gov.br\/semasc\/wp-json\/wp\/v2\/posts\/209024\/revisions"}],"predecessor-version":[{"id":209301,"href":"https:\/\/www.manaus.am.gov.br\/semasc\/wp-json\/wp\/v2\/posts\/209024\/revisions\/209301"}],"wp:featuredmedia":[{"embeddable":true,"href":"https:\/\/www.manaus.am.gov.br\/semasc\/wp-json\/wp\/v2\/media\/209025"}],"wp:attachment":[{"href":"https:\/\/www.manaus.am.gov.br\/semasc\/wp-json\/wp\/v2\/media?parent=209024"}],"wp:term":[{"taxonomy":"category","embeddable":true,"href":"https:\/\/www.manaus.am.gov.br\/semasc\/wp-json\/wp\/v2\/categories?post=209024"},{"taxonomy":"post_tag","embeddable":true,"href":"https:\/\/www.manaus.am.gov.br\/semasc\/wp-json\/wp\/v2\/tags?post=209024"}],"curies":[{"name":"wp","href":"https:\/\/api.w.org\/{rel}","templated":true}]}}