{"id":209015,"date":"2023-10-18T14:14:24","date_gmt":"2023-10-18T18:14:24","guid":{"rendered":"https:\/\/www.manaus.am.gov.br\/semasc\/prefeitura-de-manaus-realiza-workshop-para-idosos-atendidos-pelo-cras\/"},"modified":"2023-10-18T14:14:25","modified_gmt":"2023-10-18T18:14:25","slug":"prefeitura-de-manaus-realiza-workshop-para-idosos-atendidos-pelo-cras","status":"publish","type":"post","link":"https:\/\/www.manaus.am.gov.br\/semasc\/prefeitura-de-manaus-realiza-workshop-para-idosos-atendidos-pelo-cras\/","title":{"rendered":"<strong>Prefeitura de Manaus realiza workshop para idosos atendidos pelo Cras<\/strong>"},"content":{"rendered":"\n<p>Em alus\u00e3o ao Dia Internacional da Pessoa Idosa, celebrado no dia 1\u00ba\/10, a Prefeitura de Manaus, por meio da Secretaria Municipal da Mulher, Assist\u00eancia Social e Cidadania (Semasc), deu continuidade, nesta quarta-feira, 18\/10, \u00e0s atividades do 1\u00ba Workshop do Servi\u00e7o de Conviv\u00eancia e Fortalecimento de V\u00ednculos, com oficinas e atra\u00e7\u00f5es musicais sendo oferecidas \u00e0 popula\u00e7\u00e3o idosa atendida pelos Centros de Refer\u00eancia de Assist\u00eancia Social (Cras) das zonas Centro-Sul e Sul da capital.<\/p>\n\n\n\n<p>Iniciado na ter\u00e7a-feira, 17\/10, o workshop tem o objetivo de promover uma programa\u00e7\u00e3o rica em qualifica\u00e7\u00e3o e lazer aos grupos do servi\u00e7o de conviv\u00eancia atendidos pelos 20 Cras administrados pela gest\u00e3o municipal em todas as zonas da cidade. O segundo dia do evento ocorreu no Centro Estadual de Conviv\u00eancia do Idoso (Ceci), do bairro Aparecida, na zona Centro-Sul.<\/p>\n\n\n\n<p>\u201cEsse \u00e9 um projeto fundamental para a Prefeitura de Manaus, no que diz respeito a demonstrar para a popula\u00e7\u00e3o a preocupa\u00e7\u00e3o da gest\u00e3o com as mulheres, as crian\u00e7as e os idosos atendidos pelo nosso Servi\u00e7o de Conviv\u00eancia e Fortalecimento de V\u00ednculos. Passamos pouco mais de dois anos em uma pandemia que for\u00e7ou muitos a permanecerem dentro de suas casas, de suas realidades, muitas vezes, marcadas pela vulnerabilidade social, ent\u00e3o \u00e9 muito importante que retornemos ao nosso fluxo de trabalho e o intensifiquemos em prol dessas fam\u00edlias\u201d, afirmou a diretora de \u00c1rea de Prote\u00e7\u00e3o Social da Semasc, Aninha Nascimento.<\/p>\n\n\n\n<p>Durante a manh\u00e3 de atividades, foram realizadas oficinas de artesanato, confec\u00e7\u00e3o de bijuterias e aulas de dan\u00e7a, al\u00e9m de uma apresenta\u00e7\u00e3o musical, comandada pela cantora Maria Vanessa. De acordo com Josieth Ara\u00fajo, gerente do Servi\u00e7o de Conviv\u00eancia e Fortalecimento de V\u00ednculos, a iniciativa, al\u00e9m de pioneira, consolida o trabalho j\u00e1 realizado pelo servi\u00e7o dentro da Prote\u00e7\u00e3o Social B\u00e1sica do munic\u00edpio.<\/p>\n\n\n\n<p>\u201c\u00c9 uma programa\u00e7\u00e3o pensada especialmente com o lazer e a intera\u00e7\u00e3o social desses idosos em mente, trazendo tamb\u00e9m a quest\u00e3o da qualifica\u00e7\u00e3o em \u00fanico espa\u00e7o de f\u00e1cil acesso. O que estamos fazendo com esse workshop \u00e9 pegar o trabalho que j\u00e1 realizamos, diariamente, com os grupos do servi\u00e7o de conviv\u00eancia e aumentar seu escopo, reunindo diferentes grupos, suas diferentes viv\u00eancias, e estimulando, ainda mais, a socializa\u00e7\u00e3o e o fortalecimento de v\u00ednculos dessas pessoas\u201d, explicou. &nbsp;&nbsp;<\/p>\n\n\n\n<p>Aposentada referenciada no Cras Cachoeirinha, Gra\u00e7a Benedeto, de 72 anos, participou do workshop e agradeceu \u00e0 prefeitura pela realiza\u00e7\u00e3o do evento. \u201cEstou achando tudo maravilhoso e creio que deveriam realizar mais eventos como este ao longo do ano, pois \u00e9 muito legal mesmo! J\u00e1 dancei bastante e j\u00e1 conversei muito com as minhas amigas, ent\u00e3o \u00e9 tudo de bom, s\u00f3 tenho a agradecer\u201d, destacou.<\/p>\n\n\n\n<p>A programa\u00e7\u00e3o do 1\u00ba Workshop do Servi\u00e7o de Conviv\u00eancia e Fortalecimento de V\u00ednculos continua nos dias 19 e 20\/10, nos Centros de Conviv\u00eancia da Fam\u00edlia Magdalena Arce Daou, na zona Oeste, e Padre Pedro Vignola, na zona Norte, oferecendo mais oficinas e atividades l\u00fadicas aos grupos atendidos pelos equipamentos socioassistenciais de cada zona.<\/p>\n\n\n\n<p>&#8212; &#8212; &#8212;<\/p>\n\n\n\n<p><strong>Texto &#8211;&nbsp;<\/strong>Guilherme Pacheco\/Semasc<\/p>\n\n\n\n<p><strong>Fotos &#8211;&nbsp;<\/strong>Diego Lima\/Semasc<\/p>\n\n\n\n<p><strong>Dispon\u00edvel em<\/strong>&nbsp;&#8211; <a href=\"https:\/\/flic.kr\/s\/aHBqjAZ3vj\">https:\/\/flic.kr\/s\/aHBqjAZ3vj<\/a><\/p>\n","protected":false},"excerpt":{"rendered":"","protected":false},"author":23,"featured_media":209016,"comment_status":"closed","ping_status":"closed","sticky":false,"template":"","format":"standard","meta":{"footnotes":""},"categories":[34],"tags":[121,133,7,18,509],"acf":[],"yoast_head":"<!-- This site is optimized with the Yoast SEO plugin v23.0 - https:\/\/yoast.com\/wordpress\/plugins\/seo\/ -->\n<title>Prefeitura de Manaus realiza workshop para idosos atendidos pelo Cras<\/title>\n<meta name=\"description\" content=\"Em alus\u00e3o ao Dia Internacional da Pessoa Idosa, celebrado no dia 1\u00ba\/10, a Prefeitura de Manaus, por meio da Secretaria Municipal da Mulher, Assist\u00eancia Social e Cidadania (Semasc), deu continuidade, nesta quarta-feira, 18\/10, \u00e0s atividades do 1\u00ba Workshop do Servi\u00e7o de Conviv\u00eancia e Fortalecimento de V\u00ednculos, com oficinas e atra\u00e7\u00f5es musicais sendo oferecidas \u00e0 popula\u00e7\u00e3o idosa atendida pelos Centros de Refer\u00eancia de Assist\u00eancia Social (Cras) das zonas Centro-Sul e Sul da capital.\" \/>\n<meta name=\"robots\" content=\"noindex, follow\" \/>\n<meta property=\"og:locale\" content=\"pt_BR\" \/>\n<meta property=\"og:type\" content=\"article\" \/>\n<meta property=\"og:title\" content=\"Prefeitura de Manaus realiza workshop para idosos atendidos pelo Cras\" \/>\n<meta property=\"og:description\" content=\"Em alus\u00e3o ao Dia Internacional da Pessoa Idosa, celebrado no dia 1\u00ba\/10, a Prefeitura de Manaus, por meio da Secretaria Municipal da Mulher, Assist\u00eancia Social e Cidadania (Semasc), deu continuidade, nesta quarta-feira, 18\/10, \u00e0s atividades do 1\u00ba Workshop do Servi\u00e7o de Conviv\u00eancia e Fortalecimento de V\u00ednculos, com oficinas e atra\u00e7\u00f5es musicais sendo oferecidas \u00e0 popula\u00e7\u00e3o idosa atendida pelos Centros de Refer\u00eancia de Assist\u00eancia Social (Cras) das zonas Centro-Sul e Sul da capital.\" \/>\n<meta property=\"og:url\" content=\"https:\/\/www.manaus.am.gov.br\/semasc\/prefeitura-de-manaus-realiza-workshop-para-idosos-atendidos-pelo-cras\/\" \/>\n<meta property=\"og:site_name\" content=\"SEMASC\" \/>\n<meta property=\"article:publisher\" content=\"https:\/\/www.facebook.com\/semascmanaus\" \/>\n<meta property=\"article:published_time\" content=\"2023-10-18T18:14:24+00:00\" \/>\n<meta property=\"article:modified_time\" content=\"2023-10-18T18:14:25+00:00\" \/>\n<meta property=\"og:image\" content=\"https:\/\/www.manaus.am.gov.br\/semasc\/wp-content\/uploads\/sites\/17\/2023\/10\/53267069567_239a817a09_c.jpg\" \/>\n\t<meta property=\"og:image:width\" content=\"799\" \/>\n\t<meta property=\"og:image:height\" content=\"533\" \/>\n\t<meta property=\"og:image:type\" content=\"image\/jpeg\" \/>\n<meta name=\"author\" content=\"Adriana Costa\" \/>\n<meta name=\"twitter:card\" content=\"summary_large_image\" \/>\n<meta name=\"twitter:label1\" content=\"Written by\" \/>\n\t<meta name=\"twitter:data1\" content=\"Adriana Costa\" \/>\n\t<meta name=\"twitter:label2\" content=\"Est. reading time\" \/>\n\t<meta name=\"twitter:data2\" content=\"3 minutos\" \/>\n<script type=\"application\/ld+json\" class=\"yoast-schema-graph\">{\"@context\":\"https:\/\/schema.org\",\"@graph\":[{\"@type\":\"Article\",\"@id\":\"https:\/\/www.manaus.am.gov.br\/semasc\/prefeitura-de-manaus-realiza-workshop-para-idosos-atendidos-pelo-cras\/#article\",\"isPartOf\":{\"@id\":\"https:\/\/www.manaus.am.gov.br\/semasc\/prefeitura-de-manaus-realiza-workshop-para-idosos-atendidos-pelo-cras\/\"},\"author\":{\"name\":\"Adriana Costa\",\"@id\":\"https:\/\/www.manaus.am.gov.br\/semasc\/#\/schema\/person\/4e49f4e267757a06ca072ec61b2b9968\"},\"headline\":\"Prefeitura de Manaus realiza workshop para idosos atendidos pelo Cras\",\"datePublished\":\"2023-10-18T18:14:24+00:00\",\"dateModified\":\"2023-10-18T18:14:25+00:00\",\"mainEntityOfPage\":{\"@id\":\"https:\/\/www.manaus.am.gov.br\/semasc\/prefeitura-de-manaus-realiza-workshop-para-idosos-atendidos-pelo-cras\/\"},\"wordCount\":562,\"publisher\":{\"@id\":\"https:\/\/www.manaus.am.gov.br\/semasc\/#organization\"},\"image\":{\"@id\":\"https:\/\/www.manaus.am.gov.br\/semasc\/prefeitura-de-manaus-realiza-workshop-para-idosos-atendidos-pelo-cras\/#primaryimage\"},\"thumbnailUrl\":\"https:\/\/www.manaus.am.gov.br\/semasc\/wp-content\/uploads\/sites\/17\/2023\/10\/53267069567_239a817a09_c.jpg\",\"keywords\":[\"cras\",\"idosos\",\"prefeitura de manaus\",\"Semasc\",\"workshop\"],\"articleSection\":[\"Assist\u00eancia Social\"],\"inLanguage\":\"pt-BR\"},{\"@type\":\"WebPage\",\"@id\":\"https:\/\/www.manaus.am.gov.br\/semasc\/prefeitura-de-manaus-realiza-workshop-para-idosos-atendidos-pelo-cras\/\",\"url\":\"https:\/\/www.manaus.am.gov.br\/semasc\/prefeitura-de-manaus-realiza-workshop-para-idosos-atendidos-pelo-cras\/\",\"name\":\"Prefeitura de Manaus realiza workshop para idosos atendidos pelo Cras\",\"isPartOf\":{\"@id\":\"https:\/\/www.manaus.am.gov.br\/semasc\/#website\"},\"primaryImageOfPage\":{\"@id\":\"https:\/\/www.manaus.am.gov.br\/semasc\/prefeitura-de-manaus-realiza-workshop-para-idosos-atendidos-pelo-cras\/#primaryimage\"},\"image\":{\"@id\":\"https:\/\/www.manaus.am.gov.br\/semasc\/prefeitura-de-manaus-realiza-workshop-para-idosos-atendidos-pelo-cras\/#primaryimage\"},\"thumbnailUrl\":\"https:\/\/www.manaus.am.gov.br\/semasc\/wp-content\/uploads\/sites\/17\/2023\/10\/53267069567_239a817a09_c.jpg\",\"datePublished\":\"2023-10-18T18:14:24+00:00\",\"dateModified\":\"2023-10-18T18:14:25+00:00\",\"description\":\"Em alus\u00e3o ao Dia Internacional da Pessoa Idosa, celebrado no dia 1\u00ba\/10, a Prefeitura de Manaus, por meio da Secretaria Municipal da Mulher, Assist\u00eancia Social e Cidadania (Semasc), deu continuidade, nesta quarta-feira, 18\/10, \u00e0s atividades do 1\u00ba Workshop do Servi\u00e7o de Conviv\u00eancia e Fortalecimento de V\u00ednculos, com oficinas e atra\u00e7\u00f5es musicais sendo oferecidas \u00e0 popula\u00e7\u00e3o idosa atendida pelos Centros de Refer\u00eancia de Assist\u00eancia Social (Cras) das zonas Centro-Sul e Sul da capital.\",\"breadcrumb\":{\"@id\":\"https:\/\/www.manaus.am.gov.br\/semasc\/prefeitura-de-manaus-realiza-workshop-para-idosos-atendidos-pelo-cras\/#breadcrumb\"},\"inLanguage\":\"pt-BR\",\"potentialAction\":[{\"@type\":\"ReadAction\",\"target\":[\"https:\/\/www.manaus.am.gov.br\/semasc\/prefeitura-de-manaus-realiza-workshop-para-idosos-atendidos-pelo-cras\/\"]}]},{\"@type\":\"ImageObject\",\"inLanguage\":\"pt-BR\",\"@id\":\"https:\/\/www.manaus.am.gov.br\/semasc\/prefeitura-de-manaus-realiza-workshop-para-idosos-atendidos-pelo-cras\/#primaryimage\",\"url\":\"https:\/\/www.manaus.am.gov.br\/semasc\/wp-content\/uploads\/sites\/17\/2023\/10\/53267069567_239a817a09_c.jpg\",\"contentUrl\":\"https:\/\/www.manaus.am.gov.br\/semasc\/wp-content\/uploads\/sites\/17\/2023\/10\/53267069567_239a817a09_c.jpg\",\"width\":799,\"height\":533},{\"@type\":\"BreadcrumbList\",\"@id\":\"https:\/\/www.manaus.am.gov.br\/semasc\/prefeitura-de-manaus-realiza-workshop-para-idosos-atendidos-pelo-cras\/#breadcrumb\",\"itemListElement\":[{\"@type\":\"ListItem\",\"position\":1,\"name\":\"Home\",\"item\":\"https:\/\/www.manaus.am.gov.br\/semasc\/\"},{\"@type\":\"ListItem\",\"position\":2,\"name\":\"Prefeitura de Manaus realiza workshop para idosos atendidos pelo Cras\"}]},{\"@type\":\"WebSite\",\"@id\":\"https:\/\/www.manaus.am.gov.br\/semasc\/#website\",\"url\":\"https:\/\/www.manaus.am.gov.br\/semasc\/\",\"name\":\"SEMASC\",\"description\":\"Secretaria Municipal da Mulher, Assist\u00eancia Social e Cidadania.\",\"publisher\":{\"@id\":\"https:\/\/www.manaus.am.gov.br\/semasc\/#organization\"},\"alternateName\":\"Secretaria Municipal da Mulher, Assist\u00eancia Social e Cidadania\",\"potentialAction\":[{\"@type\":\"SearchAction\",\"target\":{\"@type\":\"EntryPoint\",\"urlTemplate\":\"https:\/\/www.manaus.am.gov.br\/semasc\/?s={search_term_string}\"},\"query-input\":\"required name=search_term_string\"}],\"inLanguage\":\"pt-BR\"},{\"@type\":\"Organization\",\"@id\":\"https:\/\/www.manaus.am.gov.br\/semasc\/#organization\",\"name\":\"Prefeitura de Manaus\",\"alternateName\":\"Prefeitura Municipal de Manaus\",\"url\":\"https:\/\/www.manaus.am.gov.br\/semasc\/\",\"logo\":{\"@type\":\"ImageObject\",\"inLanguage\":\"pt-BR\",\"@id\":\"https:\/\/www.manaus.am.gov.br\/semasc\/#\/schema\/logo\/image\/\",\"url\":\"https:\/\/www.manaus.am.gov.br\/semasc\/wp-content\/uploads\/sites\/17\/2024\/07\/favicon.png\",\"contentUrl\":\"https:\/\/www.manaus.am.gov.br\/semasc\/wp-content\/uploads\/sites\/17\/2024\/07\/favicon.png\",\"width\":300,\"height\":300,\"caption\":\"Prefeitura de Manaus\"},\"image\":{\"@id\":\"https:\/\/www.manaus.am.gov.br\/semasc\/#\/schema\/logo\/image\/\"},\"sameAs\":[\"https:\/\/www.facebook.com\/semascmanaus\",\"https:\/\/www.instagram.com\/semascmanaus\/\"]},{\"@type\":\"Person\",\"@id\":\"https:\/\/www.manaus.am.gov.br\/semasc\/#\/schema\/person\/4e49f4e267757a06ca072ec61b2b9968\",\"name\":\"Adriana Costa\",\"image\":{\"@type\":\"ImageObject\",\"inLanguage\":\"pt-BR\",\"@id\":\"https:\/\/www.manaus.am.gov.br\/semasc\/#\/schema\/person\/image\/\",\"url\":\"https:\/\/secure.gravatar.com\/avatar\/576258617ef7194f718179e766d57bd4?s=96&d=mm&r=g\",\"contentUrl\":\"https:\/\/secure.gravatar.com\/avatar\/576258617ef7194f718179e766d57bd4?s=96&d=mm&r=g\",\"caption\":\"Adriana Costa\"}}]}<\/script>\n<!-- \/ Yoast SEO plugin. -->","yoast_head_json":{"title":"Prefeitura de Manaus realiza workshop para idosos atendidos pelo Cras","description":"Em alus\u00e3o ao Dia Internacional da Pessoa Idosa, celebrado no dia 1\u00ba\/10, a Prefeitura de Manaus, por meio da Secretaria Municipal da Mulher, Assist\u00eancia Social e Cidadania (Semasc), deu continuidade, nesta quarta-feira, 18\/10, \u00e0s atividades do 1\u00ba Workshop do Servi\u00e7o de Conviv\u00eancia e Fortalecimento de V\u00ednculos, com oficinas e atra\u00e7\u00f5es musicais sendo oferecidas \u00e0 popula\u00e7\u00e3o idosa atendida pelos Centros de Refer\u00eancia de Assist\u00eancia Social (Cras) das zonas Centro-Sul e Sul da capital.","robots":{"index":"noindex","follow":"follow"},"og_locale":"pt_BR","og_type":"article","og_title":"Prefeitura de Manaus realiza workshop para idosos atendidos pelo Cras","og_description":"Em alus\u00e3o ao Dia Internacional da Pessoa Idosa, celebrado no dia 1\u00ba\/10, a Prefeitura de Manaus, por meio da Secretaria Municipal da Mulher, Assist\u00eancia Social e Cidadania (Semasc), deu continuidade, nesta quarta-feira, 18\/10, \u00e0s atividades do 1\u00ba Workshop do Servi\u00e7o de Conviv\u00eancia e Fortalecimento de V\u00ednculos, com oficinas e atra\u00e7\u00f5es musicais sendo oferecidas \u00e0 popula\u00e7\u00e3o idosa atendida pelos Centros de Refer\u00eancia de Assist\u00eancia Social (Cras) das zonas Centro-Sul e Sul da capital.","og_url":"https:\/\/www.manaus.am.gov.br\/semasc\/prefeitura-de-manaus-realiza-workshop-para-idosos-atendidos-pelo-cras\/","og_site_name":"SEMASC","article_publisher":"https:\/\/www.facebook.com\/semascmanaus","article_published_time":"2023-10-18T18:14:24+00:00","article_modified_time":"2023-10-18T18:14:25+00:00","og_image":[{"width":799,"height":533,"url":"https:\/\/www.manaus.am.gov.br\/semasc\/wp-content\/uploads\/sites\/17\/2023\/10\/53267069567_239a817a09_c.jpg","type":"image\/jpeg"}],"author":"Adriana Costa","twitter_card":"summary_large_image","twitter_misc":{"Written by":"Adriana Costa","Est. reading time":"3 minutos"},"schema":{"@context":"https:\/\/schema.org","@graph":[{"@type":"Article","@id":"https:\/\/www.manaus.am.gov.br\/semasc\/prefeitura-de-manaus-realiza-workshop-para-idosos-atendidos-pelo-cras\/#article","isPartOf":{"@id":"https:\/\/www.manaus.am.gov.br\/semasc\/prefeitura-de-manaus-realiza-workshop-para-idosos-atendidos-pelo-cras\/"},"author":{"name":"Adriana Costa","@id":"https:\/\/www.manaus.am.gov.br\/semasc\/#\/schema\/person\/4e49f4e267757a06ca072ec61b2b9968"},"headline":"Prefeitura de Manaus realiza workshop para idosos atendidos pelo Cras","datePublished":"2023-10-18T18:14:24+00:00","dateModified":"2023-10-18T18:14:25+00:00","mainEntityOfPage":{"@id":"https:\/\/www.manaus.am.gov.br\/semasc\/prefeitura-de-manaus-realiza-workshop-para-idosos-atendidos-pelo-cras\/"},"wordCount":562,"publisher":{"@id":"https:\/\/www.manaus.am.gov.br\/semasc\/#organization"},"image":{"@id":"https:\/\/www.manaus.am.gov.br\/semasc\/prefeitura-de-manaus-realiza-workshop-para-idosos-atendidos-pelo-cras\/#primaryimage"},"thumbnailUrl":"https:\/\/www.manaus.am.gov.br\/semasc\/wp-content\/uploads\/sites\/17\/2023\/10\/53267069567_239a817a09_c.jpg","keywords":["cras","idosos","prefeitura de manaus","Semasc","workshop"],"articleSection":["Assist\u00eancia Social"],"inLanguage":"pt-BR"},{"@type":"WebPage","@id":"https:\/\/www.manaus.am.gov.br\/semasc\/prefeitura-de-manaus-realiza-workshop-para-idosos-atendidos-pelo-cras\/","url":"https:\/\/www.manaus.am.gov.br\/semasc\/prefeitura-de-manaus-realiza-workshop-para-idosos-atendidos-pelo-cras\/","name":"Prefeitura de Manaus realiza workshop para idosos atendidos pelo Cras","isPartOf":{"@id":"https:\/\/www.manaus.am.gov.br\/semasc\/#website"},"primaryImageOfPage":{"@id":"https:\/\/www.manaus.am.gov.br\/semasc\/prefeitura-de-manaus-realiza-workshop-para-idosos-atendidos-pelo-cras\/#primaryimage"},"image":{"@id":"https:\/\/www.manaus.am.gov.br\/semasc\/prefeitura-de-manaus-realiza-workshop-para-idosos-atendidos-pelo-cras\/#primaryimage"},"thumbnailUrl":"https:\/\/www.manaus.am.gov.br\/semasc\/wp-content\/uploads\/sites\/17\/2023\/10\/53267069567_239a817a09_c.jpg","datePublished":"2023-10-18T18:14:24+00:00","dateModified":"2023-10-18T18:14:25+00:00","description":"Em alus\u00e3o ao Dia Internacional da Pessoa Idosa, celebrado no dia 1\u00ba\/10, a Prefeitura de Manaus, por meio da Secretaria Municipal da Mulher, Assist\u00eancia Social e Cidadania (Semasc), deu continuidade, nesta quarta-feira, 18\/10, \u00e0s atividades do 1\u00ba Workshop do Servi\u00e7o de Conviv\u00eancia e Fortalecimento de V\u00ednculos, com oficinas e atra\u00e7\u00f5es musicais sendo oferecidas \u00e0 popula\u00e7\u00e3o idosa atendida pelos Centros de Refer\u00eancia de Assist\u00eancia Social (Cras) das zonas Centro-Sul e Sul da capital.","breadcrumb":{"@id":"https:\/\/www.manaus.am.gov.br\/semasc\/prefeitura-de-manaus-realiza-workshop-para-idosos-atendidos-pelo-cras\/#breadcrumb"},"inLanguage":"pt-BR","potentialAction":[{"@type":"ReadAction","target":["https:\/\/www.manaus.am.gov.br\/semasc\/prefeitura-de-manaus-realiza-workshop-para-idosos-atendidos-pelo-cras\/"]}]},{"@type":"ImageObject","inLanguage":"pt-BR","@id":"https:\/\/www.manaus.am.gov.br\/semasc\/prefeitura-de-manaus-realiza-workshop-para-idosos-atendidos-pelo-cras\/#primaryimage","url":"https:\/\/www.manaus.am.gov.br\/semasc\/wp-content\/uploads\/sites\/17\/2023\/10\/53267069567_239a817a09_c.jpg","contentUrl":"https:\/\/www.manaus.am.gov.br\/semasc\/wp-content\/uploads\/sites\/17\/2023\/10\/53267069567_239a817a09_c.jpg","width":799,"height":533},{"@type":"BreadcrumbList","@id":"https:\/\/www.manaus.am.gov.br\/semasc\/prefeitura-de-manaus-realiza-workshop-para-idosos-atendidos-pelo-cras\/#breadcrumb","itemListElement":[{"@type":"ListItem","position":1,"name":"Home","item":"https:\/\/www.manaus.am.gov.br\/semasc\/"},{"@type":"ListItem","position":2,"name":"Prefeitura de Manaus realiza workshop para idosos atendidos pelo Cras"}]},{"@type":"WebSite","@id":"https:\/\/www.manaus.am.gov.br\/semasc\/#website","url":"https:\/\/www.manaus.am.gov.br\/semasc\/","name":"SEMASC","description":"Secretaria Municipal da Mulher, Assist\u00eancia Social e Cidadania.","publisher":{"@id":"https:\/\/www.manaus.am.gov.br\/semasc\/#organization"},"alternateName":"Secretaria Municipal da Mulher, Assist\u00eancia Social e Cidadania","potentialAction":[{"@type":"SearchAction","target":{"@type":"EntryPoint","urlTemplate":"https:\/\/www.manaus.am.gov.br\/semasc\/?s={search_term_string}"},"query-input":"required name=search_term_string"}],"inLanguage":"pt-BR"},{"@type":"Organization","@id":"https:\/\/www.manaus.am.gov.br\/semasc\/#organization","name":"Prefeitura de Manaus","alternateName":"Prefeitura Municipal de Manaus","url":"https:\/\/www.manaus.am.gov.br\/semasc\/","logo":{"@type":"ImageObject","inLanguage":"pt-BR","@id":"https:\/\/www.manaus.am.gov.br\/semasc\/#\/schema\/logo\/image\/","url":"https:\/\/www.manaus.am.gov.br\/semasc\/wp-content\/uploads\/sites\/17\/2024\/07\/favicon.png","contentUrl":"https:\/\/www.manaus.am.gov.br\/semasc\/wp-content\/uploads\/sites\/17\/2024\/07\/favicon.png","width":300,"height":300,"caption":"Prefeitura de Manaus"},"image":{"@id":"https:\/\/www.manaus.am.gov.br\/semasc\/#\/schema\/logo\/image\/"},"sameAs":["https:\/\/www.facebook.com\/semascmanaus","https:\/\/www.instagram.com\/semascmanaus\/"]},{"@type":"Person","@id":"https:\/\/www.manaus.am.gov.br\/semasc\/#\/schema\/person\/4e49f4e267757a06ca072ec61b2b9968","name":"Adriana Costa","image":{"@type":"ImageObject","inLanguage":"pt-BR","@id":"https:\/\/www.manaus.am.gov.br\/semasc\/#\/schema\/person\/image\/","url":"https:\/\/secure.gravatar.com\/avatar\/576258617ef7194f718179e766d57bd4?s=96&d=mm&r=g","contentUrl":"https:\/\/secure.gravatar.com\/avatar\/576258617ef7194f718179e766d57bd4?s=96&d=mm&r=g","caption":"Adriana Costa"}}]}},"_links":{"self":[{"href":"https:\/\/www.manaus.am.gov.br\/semasc\/wp-json\/wp\/v2\/posts\/209015"}],"collection":[{"href":"https:\/\/www.manaus.am.gov.br\/semasc\/wp-json\/wp\/v2\/posts"}],"about":[{"href":"https:\/\/www.manaus.am.gov.br\/semasc\/wp-json\/wp\/v2\/types\/post"}],"author":[{"embeddable":true,"href":"https:\/\/www.manaus.am.gov.br\/semasc\/wp-json\/wp\/v2\/users\/23"}],"replies":[{"embeddable":true,"href":"https:\/\/www.manaus.am.gov.br\/semasc\/wp-json\/wp\/v2\/comments?post=209015"}],"version-history":[{"count":0,"href":"https:\/\/www.manaus.am.gov.br\/semasc\/wp-json\/wp\/v2\/posts\/209015\/revisions"}],"wp:featuredmedia":[{"embeddable":true,"href":"https:\/\/www.manaus.am.gov.br\/semasc\/wp-json\/wp\/v2\/media\/209016"}],"wp:attachment":[{"href":"https:\/\/www.manaus.am.gov.br\/semasc\/wp-json\/wp\/v2\/media?parent=209015"}],"wp:term":[{"taxonomy":"category","embeddable":true,"href":"https:\/\/www.manaus.am.gov.br\/semasc\/wp-json\/wp\/v2\/categories?post=209015"},{"taxonomy":"post_tag","embeddable":true,"href":"https:\/\/www.manaus.am.gov.br\/semasc\/wp-json\/wp\/v2\/tags?post=209015"}],"curies":[{"name":"wp","href":"https:\/\/api.w.org\/{rel}","templated":true}]}}