{"id":209013,"date":"2023-10-17T16:58:07","date_gmt":"2023-10-17T20:58:07","guid":{"rendered":"https:\/\/www.manaus.am.gov.br\/semasc\/prefeitura-de-manaus-divulga-calendario-eleitoral-para-o-conselho-municipal-de-assistencia-social\/"},"modified":"2023-10-17T16:58:08","modified_gmt":"2023-10-17T20:58:08","slug":"prefeitura-de-manaus-divulga-calendario-eleitoral-para-o-conselho-municipal-de-assistencia-social","status":"publish","type":"post","link":"https:\/\/www.manaus.am.gov.br\/semasc\/prefeitura-de-manaus-divulga-calendario-eleitoral-para-o-conselho-municipal-de-assistencia-social\/","title":{"rendered":"<strong>Prefeitura de Manaus divulga calend\u00e1rio eleitoral para o Conselho Municipal de Assist\u00eancia Social<\/strong>"},"content":{"rendered":"\n<p>A Prefeitura de Manaus, por meio do Conselho Municipal de Assist\u00eancia Social (CMAS), anunciou, no Di\u00e1rio Oficial do Munic\u00edpio (DOM), edi\u00e7\u00e3o n\u00ba 5.689, 16\/10, o calend\u00e1rio eleitoral para a escolha dos novos representantes da sociedade civil para compor a gest\u00e3o do conselho no bi\u00eanio 2024-2025. A elei\u00e7\u00e3o reafirma o compromisso da cidade em manter processos democr\u00e1ticos e transparentes, possibilitando a atua\u00e7\u00e3o conjunta de cidad\u00e3os e entidades na tomada de decis\u00f5es relativas \u00e0 assist\u00eancia social.<\/p>\n\n\n\n<p>O prazo para apresentar o pedido de habilita\u00e7\u00e3o segue at\u00e9 o dia 31 de outubro. As Organiza\u00e7\u00f5es da Sociedade Civil dever\u00e3o, no momento da apresenta\u00e7\u00e3o do pedido, indicar a condi\u00e7\u00e3o de seu representante como candidato, bem como o segmento a que pertencem, observado seu estatuto, conforme Resolu\u00e7\u00e3o CMAS n\u00ba 057 de 11 de outubro de 2023.<\/p>\n\n\n\n<p>A ficha de inscri\u00e7\u00e3o e documentos comprobat\u00f3rios dever\u00e3o ser entregues de forma presencial na sede do CMAS, localizada na avenida Constantino Nery, Parque dos Bilhares, no hor\u00e1rio das 8h \u00e0s 16h.<\/p>\n\n\n\n<p>As vagas ser\u00e3o distribu\u00eddas da seguinte forma: tr\u00eas representantes dos usu\u00e1rios do Suas ou de organiza\u00e7\u00f5es de usu\u00e1rios do Suas, tr\u00eas representantes das institui\u00e7\u00f5es e organiza\u00e7\u00f5es da assist\u00eancia social e tr\u00eas representantes dos trabalhadores da \u00e1rea da assist\u00eancia social.<\/p>\n\n\n\n<p>A assembleia para escolha dos representantes acontecer\u00e1 no dia 17 de novembro, das 9h \u00e0s 13h, na sede do CMAS, e a posse dos conselheiros eleitos ser\u00e1 no dia 1\u00ba de janeiro de 2024.<\/p>\n\n\n\n<p>Outras informa\u00e7\u00f5es podem ser obtidas na Secretaria Executiva do CMAS pelo telefone (92) 98844-5569 ou pelo endere\u00e7o eletr\u00f4nico&nbsp;<a href=\"mailto:cmasmanaus2021@gmail.com\" target=\"_blank\" rel=\"noreferrer noopener\">cmasmanaus2021@gmail.com<\/a>.<\/p>\n\n\n\n<p>&#8212; &#8212; &#8212;<\/p>\n\n\n\n<p><strong>Texto &#8211;&nbsp;<\/strong>Leonardo Fierro \/ Semasc<\/p>\n\n\n\n<p><strong>Foto \u2013&nbsp;<\/strong>Semasc \/ Arquivo<\/p>\n","protected":false},"excerpt":{"rendered":"","protected":false},"author":31,"featured_media":209014,"comment_status":"closed","ping_status":"closed","sticky":false,"template":"","format":"standard","meta":{"footnotes":""},"categories":[353],"tags":[507,508,111],"acf":[],"yoast_head":"<!-- This site is optimized with the Yoast SEO plugin v23.0 - https:\/\/yoast.com\/wordpress\/plugins\/seo\/ -->\n<title>Prefeitura de Manaus divulga calend\u00e1rio eleitoral para o Conselho Municipal de Assist\u00eancia Social - SEMASC<\/title>\n<meta name=\"robots\" content=\"noindex, follow\" \/>\n<meta property=\"og:locale\" content=\"pt_BR\" \/>\n<meta property=\"og:type\" content=\"article\" \/>\n<meta property=\"og:title\" content=\"Prefeitura de Manaus divulga calend\u00e1rio eleitoral para o Conselho Municipal de Assist\u00eancia Social - SEMASC\" \/>\n<meta property=\"og:url\" content=\"https:\/\/www.manaus.am.gov.br\/semasc\/prefeitura-de-manaus-divulga-calendario-eleitoral-para-o-conselho-municipal-de-assistencia-social\/\" \/>\n<meta property=\"og:site_name\" content=\"SEMASC\" \/>\n<meta property=\"article:publisher\" content=\"https:\/\/www.facebook.com\/semascmanaus\" \/>\n<meta property=\"article:published_time\" content=\"2023-10-17T20:58:07+00:00\" \/>\n<meta property=\"article:modified_time\" content=\"2023-10-17T20:58:08+00:00\" \/>\n<meta property=\"og:image\" content=\"https:\/\/www.manaus.am.gov.br\/semasc\/wp-content\/uploads\/sites\/17\/2023\/10\/IMG_7471-1024x683.jpg\" \/>\n\t<meta property=\"og:image:width\" content=\"1024\" \/>\n\t<meta property=\"og:image:height\" content=\"683\" \/>\n\t<meta property=\"og:image:type\" content=\"image\/jpeg\" \/>\n<meta name=\"author\" content=\"Renata Felix\" \/>\n<meta name=\"twitter:card\" content=\"summary_large_image\" \/>\n<meta name=\"twitter:label1\" content=\"Written by\" \/>\n\t<meta name=\"twitter:data1\" content=\"Renata Felix\" \/>\n\t<meta name=\"twitter:label2\" content=\"Est. reading time\" \/>\n\t<meta name=\"twitter:data2\" content=\"2 minutos\" \/>\n<script type=\"application\/ld+json\" class=\"yoast-schema-graph\">{\"@context\":\"https:\/\/schema.org\",\"@graph\":[{\"@type\":\"Article\",\"@id\":\"https:\/\/www.manaus.am.gov.br\/semasc\/prefeitura-de-manaus-divulga-calendario-eleitoral-para-o-conselho-municipal-de-assistencia-social\/#article\",\"isPartOf\":{\"@id\":\"https:\/\/www.manaus.am.gov.br\/semasc\/prefeitura-de-manaus-divulga-calendario-eleitoral-para-o-conselho-municipal-de-assistencia-social\/\"},\"author\":{\"name\":\"Renata Felix\",\"@id\":\"https:\/\/www.manaus.am.gov.br\/semasc\/#\/schema\/person\/4eea2a8f78dc853097abb026f728aa06\"},\"headline\":\"Prefeitura de Manaus divulga calend\u00e1rio eleitoral para o Conselho Municipal de Assist\u00eancia Social\",\"datePublished\":\"2023-10-17T20:58:07+00:00\",\"dateModified\":\"2023-10-17T20:58:08+00:00\",\"mainEntityOfPage\":{\"@id\":\"https:\/\/www.manaus.am.gov.br\/semasc\/prefeitura-de-manaus-divulga-calendario-eleitoral-para-o-conselho-municipal-de-assistencia-social\/\"},\"wordCount\":311,\"publisher\":{\"@id\":\"https:\/\/www.manaus.am.gov.br\/semasc\/#organization\"},\"image\":{\"@id\":\"https:\/\/www.manaus.am.gov.br\/semasc\/prefeitura-de-manaus-divulga-calendario-eleitoral-para-o-conselho-municipal-de-assistencia-social\/#primaryimage\"},\"thumbnailUrl\":\"https:\/\/www.manaus.am.gov.br\/semasc\/wp-content\/uploads\/sites\/17\/2023\/10\/IMG_7471.jpg\",\"keywords\":[\"calend\u00e1rio eleitoral\",\"Conselho Municipal de Assist\u00eancia Social\",\"elei\u00e7\u00e3o\"],\"articleSection\":[\"Elei\u00e7\u00e3o\"],\"inLanguage\":\"pt-BR\"},{\"@type\":\"WebPage\",\"@id\":\"https:\/\/www.manaus.am.gov.br\/semasc\/prefeitura-de-manaus-divulga-calendario-eleitoral-para-o-conselho-municipal-de-assistencia-social\/\",\"url\":\"https:\/\/www.manaus.am.gov.br\/semasc\/prefeitura-de-manaus-divulga-calendario-eleitoral-para-o-conselho-municipal-de-assistencia-social\/\",\"name\":\"Prefeitura de Manaus divulga calend\u00e1rio eleitoral para o Conselho Municipal de Assist\u00eancia Social - SEMASC\",\"isPartOf\":{\"@id\":\"https:\/\/www.manaus.am.gov.br\/semasc\/#website\"},\"primaryImageOfPage\":{\"@id\":\"https:\/\/www.manaus.am.gov.br\/semasc\/prefeitura-de-manaus-divulga-calendario-eleitoral-para-o-conselho-municipal-de-assistencia-social\/#primaryimage\"},\"image\":{\"@id\":\"https:\/\/www.manaus.am.gov.br\/semasc\/prefeitura-de-manaus-divulga-calendario-eleitoral-para-o-conselho-municipal-de-assistencia-social\/#primaryimage\"},\"thumbnailUrl\":\"https:\/\/www.manaus.am.gov.br\/semasc\/wp-content\/uploads\/sites\/17\/2023\/10\/IMG_7471.jpg\",\"datePublished\":\"2023-10-17T20:58:07+00:00\",\"dateModified\":\"2023-10-17T20:58:08+00:00\",\"breadcrumb\":{\"@id\":\"https:\/\/www.manaus.am.gov.br\/semasc\/prefeitura-de-manaus-divulga-calendario-eleitoral-para-o-conselho-municipal-de-assistencia-social\/#breadcrumb\"},\"inLanguage\":\"pt-BR\",\"potentialAction\":[{\"@type\":\"ReadAction\",\"target\":[\"https:\/\/www.manaus.am.gov.br\/semasc\/prefeitura-de-manaus-divulga-calendario-eleitoral-para-o-conselho-municipal-de-assistencia-social\/\"]}]},{\"@type\":\"ImageObject\",\"inLanguage\":\"pt-BR\",\"@id\":\"https:\/\/www.manaus.am.gov.br\/semasc\/prefeitura-de-manaus-divulga-calendario-eleitoral-para-o-conselho-municipal-de-assistencia-social\/#primaryimage\",\"url\":\"https:\/\/www.manaus.am.gov.br\/semasc\/wp-content\/uploads\/sites\/17\/2023\/10\/IMG_7471.jpg\",\"contentUrl\":\"https:\/\/www.manaus.am.gov.br\/semasc\/wp-content\/uploads\/sites\/17\/2023\/10\/IMG_7471.jpg\",\"width\":3984,\"height\":2656},{\"@type\":\"BreadcrumbList\",\"@id\":\"https:\/\/www.manaus.am.gov.br\/semasc\/prefeitura-de-manaus-divulga-calendario-eleitoral-para-o-conselho-municipal-de-assistencia-social\/#breadcrumb\",\"itemListElement\":[{\"@type\":\"ListItem\",\"position\":1,\"name\":\"Home\",\"item\":\"https:\/\/www.manaus.am.gov.br\/semasc\/\"},{\"@type\":\"ListItem\",\"position\":2,\"name\":\"Prefeitura de Manaus divulga calend\u00e1rio eleitoral para o Conselho Municipal de Assist\u00eancia Social\"}]},{\"@type\":\"WebSite\",\"@id\":\"https:\/\/www.manaus.am.gov.br\/semasc\/#website\",\"url\":\"https:\/\/www.manaus.am.gov.br\/semasc\/\",\"name\":\"SEMASC\",\"description\":\"Secretaria Municipal da Mulher, Assist\u00eancia Social e Cidadania.\",\"publisher\":{\"@id\":\"https:\/\/www.manaus.am.gov.br\/semasc\/#organization\"},\"alternateName\":\"Secretaria Municipal da Mulher, Assist\u00eancia Social e Cidadania\",\"potentialAction\":[{\"@type\":\"SearchAction\",\"target\":{\"@type\":\"EntryPoint\",\"urlTemplate\":\"https:\/\/www.manaus.am.gov.br\/semasc\/?s={search_term_string}\"},\"query-input\":\"required name=search_term_string\"}],\"inLanguage\":\"pt-BR\"},{\"@type\":\"Organization\",\"@id\":\"https:\/\/www.manaus.am.gov.br\/semasc\/#organization\",\"name\":\"Prefeitura de Manaus\",\"alternateName\":\"Prefeitura Municipal de Manaus\",\"url\":\"https:\/\/www.manaus.am.gov.br\/semasc\/\",\"logo\":{\"@type\":\"ImageObject\",\"inLanguage\":\"pt-BR\",\"@id\":\"https:\/\/www.manaus.am.gov.br\/semasc\/#\/schema\/logo\/image\/\",\"url\":\"https:\/\/www.manaus.am.gov.br\/semasc\/wp-content\/uploads\/sites\/17\/2024\/07\/favicon.png\",\"contentUrl\":\"https:\/\/www.manaus.am.gov.br\/semasc\/wp-content\/uploads\/sites\/17\/2024\/07\/favicon.png\",\"width\":300,\"height\":300,\"caption\":\"Prefeitura de Manaus\"},\"image\":{\"@id\":\"https:\/\/www.manaus.am.gov.br\/semasc\/#\/schema\/logo\/image\/\"},\"sameAs\":[\"https:\/\/www.facebook.com\/semascmanaus\",\"https:\/\/www.instagram.com\/semascmanaus\/\"]},{\"@type\":\"Person\",\"@id\":\"https:\/\/www.manaus.am.gov.br\/semasc\/#\/schema\/person\/4eea2a8f78dc853097abb026f728aa06\",\"name\":\"Renata Felix\",\"image\":{\"@type\":\"ImageObject\",\"inLanguage\":\"pt-BR\",\"@id\":\"https:\/\/www.manaus.am.gov.br\/semasc\/#\/schema\/person\/image\/\",\"url\":\"https:\/\/secure.gravatar.com\/avatar\/3c196cf9d3b837b24c8edb2c50fd8f29?s=96&d=mm&r=g\",\"contentUrl\":\"https:\/\/secure.gravatar.com\/avatar\/3c196cf9d3b837b24c8edb2c50fd8f29?s=96&d=mm&r=g\",\"caption\":\"Renata Felix\"}}]}<\/script>\n<!-- \/ Yoast SEO plugin. -->","yoast_head_json":{"title":"Prefeitura de Manaus divulga calend\u00e1rio eleitoral para o Conselho Municipal de Assist\u00eancia Social - SEMASC","robots":{"index":"noindex","follow":"follow"},"og_locale":"pt_BR","og_type":"article","og_title":"Prefeitura de Manaus divulga calend\u00e1rio eleitoral para o Conselho Municipal de Assist\u00eancia Social - SEMASC","og_url":"https:\/\/www.manaus.am.gov.br\/semasc\/prefeitura-de-manaus-divulga-calendario-eleitoral-para-o-conselho-municipal-de-assistencia-social\/","og_site_name":"SEMASC","article_publisher":"https:\/\/www.facebook.com\/semascmanaus","article_published_time":"2023-10-17T20:58:07+00:00","article_modified_time":"2023-10-17T20:58:08+00:00","og_image":[{"width":1024,"height":683,"url":"https:\/\/www.manaus.am.gov.br\/semasc\/wp-content\/uploads\/sites\/17\/2023\/10\/IMG_7471-1024x683.jpg","type":"image\/jpeg"}],"author":"Renata Felix","twitter_card":"summary_large_image","twitter_misc":{"Written by":"Renata Felix","Est. reading time":"2 minutos"},"schema":{"@context":"https:\/\/schema.org","@graph":[{"@type":"Article","@id":"https:\/\/www.manaus.am.gov.br\/semasc\/prefeitura-de-manaus-divulga-calendario-eleitoral-para-o-conselho-municipal-de-assistencia-social\/#article","isPartOf":{"@id":"https:\/\/www.manaus.am.gov.br\/semasc\/prefeitura-de-manaus-divulga-calendario-eleitoral-para-o-conselho-municipal-de-assistencia-social\/"},"author":{"name":"Renata Felix","@id":"https:\/\/www.manaus.am.gov.br\/semasc\/#\/schema\/person\/4eea2a8f78dc853097abb026f728aa06"},"headline":"Prefeitura de Manaus divulga calend\u00e1rio eleitoral para o Conselho Municipal de Assist\u00eancia Social","datePublished":"2023-10-17T20:58:07+00:00","dateModified":"2023-10-17T20:58:08+00:00","mainEntityOfPage":{"@id":"https:\/\/www.manaus.am.gov.br\/semasc\/prefeitura-de-manaus-divulga-calendario-eleitoral-para-o-conselho-municipal-de-assistencia-social\/"},"wordCount":311,"publisher":{"@id":"https:\/\/www.manaus.am.gov.br\/semasc\/#organization"},"image":{"@id":"https:\/\/www.manaus.am.gov.br\/semasc\/prefeitura-de-manaus-divulga-calendario-eleitoral-para-o-conselho-municipal-de-assistencia-social\/#primaryimage"},"thumbnailUrl":"https:\/\/www.manaus.am.gov.br\/semasc\/wp-content\/uploads\/sites\/17\/2023\/10\/IMG_7471.jpg","keywords":["calend\u00e1rio eleitoral","Conselho Municipal de Assist\u00eancia Social","elei\u00e7\u00e3o"],"articleSection":["Elei\u00e7\u00e3o"],"inLanguage":"pt-BR"},{"@type":"WebPage","@id":"https:\/\/www.manaus.am.gov.br\/semasc\/prefeitura-de-manaus-divulga-calendario-eleitoral-para-o-conselho-municipal-de-assistencia-social\/","url":"https:\/\/www.manaus.am.gov.br\/semasc\/prefeitura-de-manaus-divulga-calendario-eleitoral-para-o-conselho-municipal-de-assistencia-social\/","name":"Prefeitura de Manaus divulga calend\u00e1rio eleitoral para o Conselho Municipal de Assist\u00eancia Social - SEMASC","isPartOf":{"@id":"https:\/\/www.manaus.am.gov.br\/semasc\/#website"},"primaryImageOfPage":{"@id":"https:\/\/www.manaus.am.gov.br\/semasc\/prefeitura-de-manaus-divulga-calendario-eleitoral-para-o-conselho-municipal-de-assistencia-social\/#primaryimage"},"image":{"@id":"https:\/\/www.manaus.am.gov.br\/semasc\/prefeitura-de-manaus-divulga-calendario-eleitoral-para-o-conselho-municipal-de-assistencia-social\/#primaryimage"},"thumbnailUrl":"https:\/\/www.manaus.am.gov.br\/semasc\/wp-content\/uploads\/sites\/17\/2023\/10\/IMG_7471.jpg","datePublished":"2023-10-17T20:58:07+00:00","dateModified":"2023-10-17T20:58:08+00:00","breadcrumb":{"@id":"https:\/\/www.manaus.am.gov.br\/semasc\/prefeitura-de-manaus-divulga-calendario-eleitoral-para-o-conselho-municipal-de-assistencia-social\/#breadcrumb"},"inLanguage":"pt-BR","potentialAction":[{"@type":"ReadAction","target":["https:\/\/www.manaus.am.gov.br\/semasc\/prefeitura-de-manaus-divulga-calendario-eleitoral-para-o-conselho-municipal-de-assistencia-social\/"]}]},{"@type":"ImageObject","inLanguage":"pt-BR","@id":"https:\/\/www.manaus.am.gov.br\/semasc\/prefeitura-de-manaus-divulga-calendario-eleitoral-para-o-conselho-municipal-de-assistencia-social\/#primaryimage","url":"https:\/\/www.manaus.am.gov.br\/semasc\/wp-content\/uploads\/sites\/17\/2023\/10\/IMG_7471.jpg","contentUrl":"https:\/\/www.manaus.am.gov.br\/semasc\/wp-content\/uploads\/sites\/17\/2023\/10\/IMG_7471.jpg","width":3984,"height":2656},{"@type":"BreadcrumbList","@id":"https:\/\/www.manaus.am.gov.br\/semasc\/prefeitura-de-manaus-divulga-calendario-eleitoral-para-o-conselho-municipal-de-assistencia-social\/#breadcrumb","itemListElement":[{"@type":"ListItem","position":1,"name":"Home","item":"https:\/\/www.manaus.am.gov.br\/semasc\/"},{"@type":"ListItem","position":2,"name":"Prefeitura de Manaus divulga calend\u00e1rio eleitoral para o Conselho Municipal de Assist\u00eancia Social"}]},{"@type":"WebSite","@id":"https:\/\/www.manaus.am.gov.br\/semasc\/#website","url":"https:\/\/www.manaus.am.gov.br\/semasc\/","name":"SEMASC","description":"Secretaria Municipal da Mulher, Assist\u00eancia Social e Cidadania.","publisher":{"@id":"https:\/\/www.manaus.am.gov.br\/semasc\/#organization"},"alternateName":"Secretaria Municipal da Mulher, Assist\u00eancia Social e Cidadania","potentialAction":[{"@type":"SearchAction","target":{"@type":"EntryPoint","urlTemplate":"https:\/\/www.manaus.am.gov.br\/semasc\/?s={search_term_string}"},"query-input":"required name=search_term_string"}],"inLanguage":"pt-BR"},{"@type":"Organization","@id":"https:\/\/www.manaus.am.gov.br\/semasc\/#organization","name":"Prefeitura de Manaus","alternateName":"Prefeitura Municipal de Manaus","url":"https:\/\/www.manaus.am.gov.br\/semasc\/","logo":{"@type":"ImageObject","inLanguage":"pt-BR","@id":"https:\/\/www.manaus.am.gov.br\/semasc\/#\/schema\/logo\/image\/","url":"https:\/\/www.manaus.am.gov.br\/semasc\/wp-content\/uploads\/sites\/17\/2024\/07\/favicon.png","contentUrl":"https:\/\/www.manaus.am.gov.br\/semasc\/wp-content\/uploads\/sites\/17\/2024\/07\/favicon.png","width":300,"height":300,"caption":"Prefeitura de Manaus"},"image":{"@id":"https:\/\/www.manaus.am.gov.br\/semasc\/#\/schema\/logo\/image\/"},"sameAs":["https:\/\/www.facebook.com\/semascmanaus","https:\/\/www.instagram.com\/semascmanaus\/"]},{"@type":"Person","@id":"https:\/\/www.manaus.am.gov.br\/semasc\/#\/schema\/person\/4eea2a8f78dc853097abb026f728aa06","name":"Renata Felix","image":{"@type":"ImageObject","inLanguage":"pt-BR","@id":"https:\/\/www.manaus.am.gov.br\/semasc\/#\/schema\/person\/image\/","url":"https:\/\/secure.gravatar.com\/avatar\/3c196cf9d3b837b24c8edb2c50fd8f29?s=96&d=mm&r=g","contentUrl":"https:\/\/secure.gravatar.com\/avatar\/3c196cf9d3b837b24c8edb2c50fd8f29?s=96&d=mm&r=g","caption":"Renata Felix"}}]}},"_links":{"self":[{"href":"https:\/\/www.manaus.am.gov.br\/semasc\/wp-json\/wp\/v2\/posts\/209013"}],"collection":[{"href":"https:\/\/www.manaus.am.gov.br\/semasc\/wp-json\/wp\/v2\/posts"}],"about":[{"href":"https:\/\/www.manaus.am.gov.br\/semasc\/wp-json\/wp\/v2\/types\/post"}],"author":[{"embeddable":true,"href":"https:\/\/www.manaus.am.gov.br\/semasc\/wp-json\/wp\/v2\/users\/31"}],"replies":[{"embeddable":true,"href":"https:\/\/www.manaus.am.gov.br\/semasc\/wp-json\/wp\/v2\/comments?post=209013"}],"version-history":[{"count":0,"href":"https:\/\/www.manaus.am.gov.br\/semasc\/wp-json\/wp\/v2\/posts\/209013\/revisions"}],"wp:featuredmedia":[{"embeddable":true,"href":"https:\/\/www.manaus.am.gov.br\/semasc\/wp-json\/wp\/v2\/media\/209014"}],"wp:attachment":[{"href":"https:\/\/www.manaus.am.gov.br\/semasc\/wp-json\/wp\/v2\/media?parent=209013"}],"wp:term":[{"taxonomy":"category","embeddable":true,"href":"https:\/\/www.manaus.am.gov.br\/semasc\/wp-json\/wp\/v2\/categories?post=209013"},{"taxonomy":"post_tag","embeddable":true,"href":"https:\/\/www.manaus.am.gov.br\/semasc\/wp-json\/wp\/v2\/tags?post=209013"}],"curies":[{"name":"wp","href":"https:\/\/api.w.org\/{rel}","templated":true}]}}