{"id":209011,"date":"2023-10-17T15:05:01","date_gmt":"2023-10-17T19:05:01","guid":{"rendered":"https:\/\/www.manaus.am.gov.br\/semasc\/prefeitura-e-unicef-apresentam-plano-de-trabalho-da-agendacidadeunicef-para-o-bairro-colonia-antonio-aleixo\/"},"modified":"2023-10-17T15:05:02","modified_gmt":"2023-10-17T19:05:02","slug":"prefeitura-e-unicef-apresentam-plano-de-trabalho-da-agendacidadeunicef-para-o-bairro-colonia-antonio-aleixo","status":"publish","type":"post","link":"https:\/\/www.manaus.am.gov.br\/semasc\/prefeitura-e-unicef-apresentam-plano-de-trabalho-da-agendacidadeunicef-para-o-bairro-colonia-antonio-aleixo\/","title":{"rendered":"<strong>Prefeitura e Unicef apresentam Plano de Trabalho da #AgendaCidadeUnicef para o bairro Col\u00f4nia Ant\u00f4nio Aleixo<\/strong>"},"content":{"rendered":"\n<p>Em pouco menos de um ano ap\u00f3s&nbsp;a parceria, a Prefeitura de Manaus e o Fundo das Na\u00e7\u00f5es Unidas para a Inf\u00e2ncia (Unicef) realizaram, nesta ter\u00e7a-feira, 17\/10, a apresenta\u00e7\u00e3o do Plano de Trabalho com a\u00e7\u00f5es da #AgendaCidadeUnicef &#8211; Manaus voltadas para o p\u00fablico infantojuvenil em estado de vulnerabilidade social do bairro Col\u00f4nia Ant\u00f4nio Aleixo, na zona Leste da capital amazonense.<\/p>\n\n\n\n<p>A solenidade foi realizada na quadra poliesportiva do bairro Col\u00f4nia Ant\u00f4nio Aleixo, contando com a presen\u00e7a de representantes da gest\u00e3o municipal nas \u00e1reas da assist\u00eancia social, educa\u00e7\u00e3o, sa\u00fade, empregabilidade, esporte e cultura, secretarias de Estado e Organiza\u00e7\u00f5es da Sociedade Civil (OSCs) atuantes na comunidade.<\/p>\n\n\n\n<p>\u201cEm novembro do ano passado, firmamos uma parceria com o Unicef para que Manaus pudesse dar in\u00edcio \u00e0s atividades da #AgendaCidadeUnicef, para que pud\u00e9ssemos trabalhar de forma ainda mais \u00e1rdua por uma cidade que acolha cada crian\u00e7a e adolescente em estado de vulnerabilidade social. Hoje, depois de incont\u00e1veis reuni\u00f5es e atividades realizadas dentro do territ\u00f3rio-alvo, apresentamos aos comunit\u00e1rios nosso Plano de Trabalho e reafirmamos nosso compromisso no combate \u00e0 evas\u00e3o escolar, \u00e0 inseguran\u00e7a alimentar, \u00e0 falta de emprego e muito mais\u201d, destacou a subsecret\u00e1ria de Pol\u00edticas Afirmativas para Mulheres e Direitos Humanos da Secretaria Municipal da Mulher, Assist\u00eancia Social e Cidadania (Semasc), Gra\u00e7a Prola.<\/p>\n\n\n\n<p>A #AgendaCidadeUnicef \u00e9 uma iniciativa do&nbsp;Unicef, em parceria com prefeituras municipais de oito grandes centros urbanos brasileiros, para promover direitos e oportunidades das crian\u00e7as e dos adolescentes mais vulner\u00e1veis, contribuindo com a preven\u00e7\u00e3o de viol\u00eancias em sua vida por meio de metodologias de diferentes \u00e1reas (Educa\u00e7\u00e3o, Sa\u00fade, Prote\u00e7\u00e3o e Inclus\u00e3o Socioprodutiva) e do monitoramento de indicadores relacionados \u00e0 \u00e1rea da inf\u00e2ncia e da adolesc\u00eancia.<\/p>\n\n\n\n<p>Em Manaus, a parceria tem como foco de atua\u00e7\u00e3o o bairro Col\u00f4nia Ant\u00f4nio Aleixo pois, de acordo com dados coletados pela gest\u00e3o municipal, o territ\u00f3rio abriga mais de 80% das crian\u00e7as em situa\u00e7\u00e3o de trabalho infantil identificadas no munic\u00edpio.<\/p>\n\n\n\n<p>Oficial de Participa\u00e7\u00e3o e Desenvolvimento de Adolescentes do Unicef no Brasil, Rayanne Fran\u00e7a ressaltou a import\u00e2ncia da iniciativa na identifica\u00e7\u00e3o e avalia\u00e7\u00e3o das demandas espec\u00edficas do bairro sob a perspectiva de n\u00e3o apenas uma, mas de diversas pol\u00edticas p\u00fablicas desenvolvidas pela gest\u00e3o municipal para a garantia de direitos das crian\u00e7as e adolescentes presentes na \u00e1rea.<\/p>\n\n\n\n<p>\u201cNosso plano com a #AgendaCidadeUnicef \u00e9 estruturado sob a perspectiva de secretarias e institui\u00e7\u00f5es de diversas \u00e1reas para que possamos olhar para esses indicadores sociais e nos questionar sobre o que podemos fazer para melhorar esse cen\u00e1rio. Com um plano de trabalho aprovado e em m\u00e3os, conseguimos determinar com mais precis\u00e3o os pr\u00f3ximos passos do nosso trabalho aqui\u201d, explicou.<\/p>\n\n\n\n<p>De acordo com o coordenador estadual do Movimento de Reintegra\u00e7\u00e3o das Pessoas Atingidas pela Hansen\u00edase no Amazonas (Morhan-AM), Pedro Borges, a apresenta\u00e7\u00e3o do Plano de Trabalho, junto a todas as a\u00e7\u00f5es desenvolvidas no bairro desde o firmamento da parceria, \u00e9 um divisor de \u00e1guas para a comunidade.<\/p>\n\n\n\n<p>\u201c\u00c9 algo que muda o perfil de forma\u00e7\u00e3o dos futuros cidad\u00e3os e cidad\u00e3s que ser\u00e3o as crian\u00e7as e adolescentes do bairro Col\u00f4nia Ant\u00f4nio Aleixo. Conseguimos ver mais cidadania e mais conhecimento sendo injetados em nossa comunidade, conseguimos ver novos profissionais sendo formados neste momento, conseguimos perceber um bem-estar social muito maior sendo desenvolvido e isso \u00e9 algo maravilhoso. Moro aqui desde 1962 e muita coisa mudou desde ent\u00e3o, mas essa parceria \u00e9 algo realmente diferenciado e que s\u00f3 temos a agradecer\u201d, afirmou.<\/p>\n\n\n\n<p><strong>Parceiros<\/strong><\/p>\n\n\n\n<p>Coordenada na cidade de Manaus pelo Unicef, com apoio da Secretaria Municipal da Mulher, Assist\u00eancia Social e Cidadania (Semasc), a #AgendaCidadeUnicef conta ainda com a participa\u00e7\u00e3o das secretarias municipais de Sa\u00fade (Semsa), Educa\u00e7\u00e3o (Semed), Trabalho, Empreendedorismo e Inova\u00e7\u00e3o (Semtepi), Seguran\u00e7a P\u00fablica e Defesa Social (Semseg), a Funda\u00e7\u00e3o Manaus Esporte (FME), a Funda\u00e7\u00e3o Municipal de Cultura, Eventos e Turismo (Manauscult), o Conselho Municipal dos Direitos da Crian\u00e7a e do Adolescente (CMDCA), secretarias de Estado e Organiza\u00e7\u00f5es da Sociedade Civil (OSCs).<\/p>\n\n\n\n<p>&#8212; &#8212; &#8212;<\/p>\n\n\n\n<p><strong>Texto &#8211; <\/strong>Guilherme Pacheco \/ Semasc<\/p>\n\n\n\n<p><strong>Fotos &#8211; <\/strong>Jo\u00e3o Viana \/ Semcom<\/p>\n\n\n\n<p><strong>Dispon\u00edveis em &#8211; <\/strong><a href=\"https:\/\/flic.kr\/s\/aHBqjAYR2M\">https:\/\/flic.kr\/s\/aHBqjAYR2M<\/a><\/p>\n","protected":false},"excerpt":{"rendered":"","protected":false},"author":39,"featured_media":209012,"comment_status":"closed","ping_status":"closed","sticky":false,"template":"","format":"standard","meta":{"footnotes":""},"categories":[34],"tags":[72,428,505,506,7,18],"acf":[],"yoast_head":"<!-- This site is optimized with the Yoast SEO plugin v23.0 - https:\/\/yoast.com\/wordpress\/plugins\/seo\/ -->\n<title>Prefeitura e Unicef apresentam Plano de Trabalho da #AgendaCidadeUnicef para o bairro Col\u00f4nia Ant\u00f4nio Aleixo<\/title>\n<meta name=\"description\" content=\"Em pouco menos de um ano ap\u00f3s a parceria, a Prefeitura de Manaus e o Fundo das Na\u00e7\u00f5es Unidas para a Inf\u00e2ncia (Unicef) realizaram, nesta ter\u00e7a-feira, 17\/10, a apresenta\u00e7\u00e3o do Plano de Trabalho com a\u00e7\u00f5es da #AgendaCidadeUnicef - Manaus voltadas para o p\u00fablico infantojuvenil em estado de vulnerabilidade social do bairro Col\u00f4nia Ant\u00f4nio Aleixo, na zona Leste da capital amazonense.\" \/>\n<meta name=\"robots\" content=\"noindex, follow\" \/>\n<meta property=\"og:locale\" content=\"pt_BR\" \/>\n<meta property=\"og:type\" content=\"article\" \/>\n<meta property=\"og:title\" content=\"Prefeitura e Unicef apresentam Plano de Trabalho da #AgendaCidadeUnicef para o bairro Col\u00f4nia Ant\u00f4nio Aleixo\" \/>\n<meta property=\"og:description\" content=\"Em pouco menos de um ano ap\u00f3s a parceria, a Prefeitura de Manaus e o Fundo das Na\u00e7\u00f5es Unidas para a Inf\u00e2ncia (Unicef) realizaram, nesta ter\u00e7a-feira, 17\/10, a apresenta\u00e7\u00e3o do Plano de Trabalho com a\u00e7\u00f5es da #AgendaCidadeUnicef - Manaus voltadas para o p\u00fablico infantojuvenil em estado de vulnerabilidade social do bairro Col\u00f4nia Ant\u00f4nio Aleixo, na zona Leste da capital amazonense.\" \/>\n<meta property=\"og:url\" content=\"https:\/\/www.manaus.am.gov.br\/semasc\/prefeitura-e-unicef-apresentam-plano-de-trabalho-da-agendacidadeunicef-para-o-bairro-colonia-antonio-aleixo\/\" \/>\n<meta property=\"og:site_name\" content=\"SEMASC\" \/>\n<meta property=\"article:publisher\" content=\"https:\/\/www.facebook.com\/semascmanaus\" \/>\n<meta property=\"article:published_time\" content=\"2023-10-17T19:05:01+00:00\" \/>\n<meta property=\"article:modified_time\" content=\"2023-10-17T19:05:02+00:00\" \/>\n<meta property=\"og:image\" content=\"https:\/\/www.manaus.am.gov.br\/semasc\/wp-content\/uploads\/sites\/17\/2023\/10\/53264558652_a3f8388b6b_k.jpg\" \/>\n\t<meta property=\"og:image:width\" content=\"2047\" \/>\n\t<meta property=\"og:image:height\" content=\"1365\" \/>\n\t<meta property=\"og:image:type\" content=\"image\/jpeg\" \/>\n<meta name=\"author\" content=\"Bruna Greco\" \/>\n<meta name=\"twitter:card\" content=\"summary_large_image\" \/>\n<meta name=\"twitter:label1\" content=\"Written by\" \/>\n\t<meta name=\"twitter:data1\" content=\"Bruna Greco\" \/>\n\t<meta name=\"twitter:label2\" content=\"Est. reading time\" \/>\n\t<meta name=\"twitter:data2\" content=\"4 minutos\" \/>\n<script type=\"application\/ld+json\" class=\"yoast-schema-graph\">{\"@context\":\"https:\/\/schema.org\",\"@graph\":[{\"@type\":\"Article\",\"@id\":\"https:\/\/www.manaus.am.gov.br\/semasc\/prefeitura-e-unicef-apresentam-plano-de-trabalho-da-agendacidadeunicef-para-o-bairro-colonia-antonio-aleixo\/#article\",\"isPartOf\":{\"@id\":\"https:\/\/www.manaus.am.gov.br\/semasc\/prefeitura-e-unicef-apresentam-plano-de-trabalho-da-agendacidadeunicef-para-o-bairro-colonia-antonio-aleixo\/\"},\"author\":{\"name\":\"Bruna Greco\",\"@id\":\"https:\/\/www.manaus.am.gov.br\/semasc\/#\/schema\/person\/05d223aea2bf115f9883a6ff3683d81b\"},\"headline\":\"Prefeitura e Unicef apresentam Plano de Trabalho da #AgendaCidadeUnicef para o bairro Col\u00f4nia Ant\u00f4nio Aleixo\",\"datePublished\":\"2023-10-17T19:05:01+00:00\",\"dateModified\":\"2023-10-17T19:05:02+00:00\",\"mainEntityOfPage\":{\"@id\":\"https:\/\/www.manaus.am.gov.br\/semasc\/prefeitura-e-unicef-apresentam-plano-de-trabalho-da-agendacidadeunicef-para-o-bairro-colonia-antonio-aleixo\/\"},\"wordCount\":752,\"publisher\":{\"@id\":\"https:\/\/www.manaus.am.gov.br\/semasc\/#organization\"},\"image\":{\"@id\":\"https:\/\/www.manaus.am.gov.br\/semasc\/prefeitura-e-unicef-apresentam-plano-de-trabalho-da-agendacidadeunicef-para-o-bairro-colonia-antonio-aleixo\/#primaryimage\"},\"thumbnailUrl\":\"https:\/\/www.manaus.am.gov.br\/semasc\/wp-content\/uploads\/sites\/17\/2023\/10\/53264558652_a3f8388b6b_k.jpg\",\"keywords\":[\"assist\u00eancia social\",\"bairro Col\u00f4nia Ant\u00f4nio Aleixo\",\"Fundo das Na\u00e7\u00f5es Unidas para a Inf\u00e2ncia (Unicef)\",\"Plano de Trabalho da #AgendaCidadeUnicef\",\"prefeitura de manaus\",\"Semasc\"],\"articleSection\":[\"Assist\u00eancia Social\"],\"inLanguage\":\"pt-BR\"},{\"@type\":\"WebPage\",\"@id\":\"https:\/\/www.manaus.am.gov.br\/semasc\/prefeitura-e-unicef-apresentam-plano-de-trabalho-da-agendacidadeunicef-para-o-bairro-colonia-antonio-aleixo\/\",\"url\":\"https:\/\/www.manaus.am.gov.br\/semasc\/prefeitura-e-unicef-apresentam-plano-de-trabalho-da-agendacidadeunicef-para-o-bairro-colonia-antonio-aleixo\/\",\"name\":\"Prefeitura e Unicef apresentam Plano de Trabalho da #AgendaCidadeUnicef para o bairro Col\u00f4nia Ant\u00f4nio Aleixo\",\"isPartOf\":{\"@id\":\"https:\/\/www.manaus.am.gov.br\/semasc\/#website\"},\"primaryImageOfPage\":{\"@id\":\"https:\/\/www.manaus.am.gov.br\/semasc\/prefeitura-e-unicef-apresentam-plano-de-trabalho-da-agendacidadeunicef-para-o-bairro-colonia-antonio-aleixo\/#primaryimage\"},\"image\":{\"@id\":\"https:\/\/www.manaus.am.gov.br\/semasc\/prefeitura-e-unicef-apresentam-plano-de-trabalho-da-agendacidadeunicef-para-o-bairro-colonia-antonio-aleixo\/#primaryimage\"},\"thumbnailUrl\":\"https:\/\/www.manaus.am.gov.br\/semasc\/wp-content\/uploads\/sites\/17\/2023\/10\/53264558652_a3f8388b6b_k.jpg\",\"datePublished\":\"2023-10-17T19:05:01+00:00\",\"dateModified\":\"2023-10-17T19:05:02+00:00\",\"description\":\"Em pouco menos de um ano ap\u00f3s a parceria, a Prefeitura de Manaus e o Fundo das Na\u00e7\u00f5es Unidas para a Inf\u00e2ncia (Unicef) realizaram, nesta ter\u00e7a-feira, 17\/10, a apresenta\u00e7\u00e3o do Plano de Trabalho com a\u00e7\u00f5es da #AgendaCidadeUnicef - Manaus voltadas para o p\u00fablico infantojuvenil em estado de vulnerabilidade social do bairro Col\u00f4nia Ant\u00f4nio Aleixo, na zona Leste da capital amazonense.\",\"breadcrumb\":{\"@id\":\"https:\/\/www.manaus.am.gov.br\/semasc\/prefeitura-e-unicef-apresentam-plano-de-trabalho-da-agendacidadeunicef-para-o-bairro-colonia-antonio-aleixo\/#breadcrumb\"},\"inLanguage\":\"pt-BR\",\"potentialAction\":[{\"@type\":\"ReadAction\",\"target\":[\"https:\/\/www.manaus.am.gov.br\/semasc\/prefeitura-e-unicef-apresentam-plano-de-trabalho-da-agendacidadeunicef-para-o-bairro-colonia-antonio-aleixo\/\"]}]},{\"@type\":\"ImageObject\",\"inLanguage\":\"pt-BR\",\"@id\":\"https:\/\/www.manaus.am.gov.br\/semasc\/prefeitura-e-unicef-apresentam-plano-de-trabalho-da-agendacidadeunicef-para-o-bairro-colonia-antonio-aleixo\/#primaryimage\",\"url\":\"https:\/\/www.manaus.am.gov.br\/semasc\/wp-content\/uploads\/sites\/17\/2023\/10\/53264558652_a3f8388b6b_k.jpg\",\"contentUrl\":\"https:\/\/www.manaus.am.gov.br\/semasc\/wp-content\/uploads\/sites\/17\/2023\/10\/53264558652_a3f8388b6b_k.jpg\",\"width\":2047,\"height\":1365},{\"@type\":\"BreadcrumbList\",\"@id\":\"https:\/\/www.manaus.am.gov.br\/semasc\/prefeitura-e-unicef-apresentam-plano-de-trabalho-da-agendacidadeunicef-para-o-bairro-colonia-antonio-aleixo\/#breadcrumb\",\"itemListElement\":[{\"@type\":\"ListItem\",\"position\":1,\"name\":\"Home\",\"item\":\"https:\/\/www.manaus.am.gov.br\/semasc\/\"},{\"@type\":\"ListItem\",\"position\":2,\"name\":\"Prefeitura e Unicef apresentam Plano de Trabalho da #AgendaCidadeUnicef para o bairro Col\u00f4nia Ant\u00f4nio Aleixo\"}]},{\"@type\":\"WebSite\",\"@id\":\"https:\/\/www.manaus.am.gov.br\/semasc\/#website\",\"url\":\"https:\/\/www.manaus.am.gov.br\/semasc\/\",\"name\":\"SEMASC\",\"description\":\"Secretaria Municipal da Mulher, Assist\u00eancia Social e Cidadania.\",\"publisher\":{\"@id\":\"https:\/\/www.manaus.am.gov.br\/semasc\/#organization\"},\"alternateName\":\"Secretaria Municipal da Mulher, Assist\u00eancia Social e Cidadania\",\"potentialAction\":[{\"@type\":\"SearchAction\",\"target\":{\"@type\":\"EntryPoint\",\"urlTemplate\":\"https:\/\/www.manaus.am.gov.br\/semasc\/?s={search_term_string}\"},\"query-input\":\"required name=search_term_string\"}],\"inLanguage\":\"pt-BR\"},{\"@type\":\"Organization\",\"@id\":\"https:\/\/www.manaus.am.gov.br\/semasc\/#organization\",\"name\":\"Prefeitura de Manaus\",\"alternateName\":\"Prefeitura Municipal de Manaus\",\"url\":\"https:\/\/www.manaus.am.gov.br\/semasc\/\",\"logo\":{\"@type\":\"ImageObject\",\"inLanguage\":\"pt-BR\",\"@id\":\"https:\/\/www.manaus.am.gov.br\/semasc\/#\/schema\/logo\/image\/\",\"url\":\"https:\/\/www.manaus.am.gov.br\/semasc\/wp-content\/uploads\/sites\/17\/2024\/07\/favicon.png\",\"contentUrl\":\"https:\/\/www.manaus.am.gov.br\/semasc\/wp-content\/uploads\/sites\/17\/2024\/07\/favicon.png\",\"width\":300,\"height\":300,\"caption\":\"Prefeitura de Manaus\"},\"image\":{\"@id\":\"https:\/\/www.manaus.am.gov.br\/semasc\/#\/schema\/logo\/image\/\"},\"sameAs\":[\"https:\/\/www.facebook.com\/semascmanaus\",\"https:\/\/www.instagram.com\/semascmanaus\/\"]},{\"@type\":\"Person\",\"@id\":\"https:\/\/www.manaus.am.gov.br\/semasc\/#\/schema\/person\/05d223aea2bf115f9883a6ff3683d81b\",\"name\":\"Bruna Greco\",\"image\":{\"@type\":\"ImageObject\",\"inLanguage\":\"pt-BR\",\"@id\":\"https:\/\/www.manaus.am.gov.br\/semasc\/#\/schema\/person\/image\/\",\"url\":\"https:\/\/secure.gravatar.com\/avatar\/9c877d1a6adc2a055330e5c09a8653ce?s=96&d=mm&r=g\",\"contentUrl\":\"https:\/\/secure.gravatar.com\/avatar\/9c877d1a6adc2a055330e5c09a8653ce?s=96&d=mm&r=g\",\"caption\":\"Bruna Greco\"}}]}<\/script>\n<!-- \/ Yoast SEO plugin. -->","yoast_head_json":{"title":"Prefeitura e Unicef apresentam Plano de Trabalho da #AgendaCidadeUnicef para o bairro Col\u00f4nia Ant\u00f4nio Aleixo","description":"Em pouco menos de um ano ap\u00f3s a parceria, a Prefeitura de Manaus e o Fundo das Na\u00e7\u00f5es Unidas para a Inf\u00e2ncia (Unicef) realizaram, nesta ter\u00e7a-feira, 17\/10, a apresenta\u00e7\u00e3o do Plano de Trabalho com a\u00e7\u00f5es da #AgendaCidadeUnicef - Manaus voltadas para o p\u00fablico infantojuvenil em estado de vulnerabilidade social do bairro Col\u00f4nia Ant\u00f4nio Aleixo, na zona Leste da capital amazonense.","robots":{"index":"noindex","follow":"follow"},"og_locale":"pt_BR","og_type":"article","og_title":"Prefeitura e Unicef apresentam Plano de Trabalho da #AgendaCidadeUnicef para o bairro Col\u00f4nia Ant\u00f4nio Aleixo","og_description":"Em pouco menos de um ano ap\u00f3s a parceria, a Prefeitura de Manaus e o Fundo das Na\u00e7\u00f5es Unidas para a Inf\u00e2ncia (Unicef) realizaram, nesta ter\u00e7a-feira, 17\/10, a apresenta\u00e7\u00e3o do Plano de Trabalho com a\u00e7\u00f5es da #AgendaCidadeUnicef - Manaus voltadas para o p\u00fablico infantojuvenil em estado de vulnerabilidade social do bairro Col\u00f4nia Ant\u00f4nio Aleixo, na zona Leste da capital amazonense.","og_url":"https:\/\/www.manaus.am.gov.br\/semasc\/prefeitura-e-unicef-apresentam-plano-de-trabalho-da-agendacidadeunicef-para-o-bairro-colonia-antonio-aleixo\/","og_site_name":"SEMASC","article_publisher":"https:\/\/www.facebook.com\/semascmanaus","article_published_time":"2023-10-17T19:05:01+00:00","article_modified_time":"2023-10-17T19:05:02+00:00","og_image":[{"width":2047,"height":1365,"url":"https:\/\/www.manaus.am.gov.br\/semasc\/wp-content\/uploads\/sites\/17\/2023\/10\/53264558652_a3f8388b6b_k.jpg","type":"image\/jpeg"}],"author":"Bruna Greco","twitter_card":"summary_large_image","twitter_misc":{"Written by":"Bruna Greco","Est. reading time":"4 minutos"},"schema":{"@context":"https:\/\/schema.org","@graph":[{"@type":"Article","@id":"https:\/\/www.manaus.am.gov.br\/semasc\/prefeitura-e-unicef-apresentam-plano-de-trabalho-da-agendacidadeunicef-para-o-bairro-colonia-antonio-aleixo\/#article","isPartOf":{"@id":"https:\/\/www.manaus.am.gov.br\/semasc\/prefeitura-e-unicef-apresentam-plano-de-trabalho-da-agendacidadeunicef-para-o-bairro-colonia-antonio-aleixo\/"},"author":{"name":"Bruna Greco","@id":"https:\/\/www.manaus.am.gov.br\/semasc\/#\/schema\/person\/05d223aea2bf115f9883a6ff3683d81b"},"headline":"Prefeitura e Unicef apresentam Plano de Trabalho da #AgendaCidadeUnicef para o bairro Col\u00f4nia Ant\u00f4nio Aleixo","datePublished":"2023-10-17T19:05:01+00:00","dateModified":"2023-10-17T19:05:02+00:00","mainEntityOfPage":{"@id":"https:\/\/www.manaus.am.gov.br\/semasc\/prefeitura-e-unicef-apresentam-plano-de-trabalho-da-agendacidadeunicef-para-o-bairro-colonia-antonio-aleixo\/"},"wordCount":752,"publisher":{"@id":"https:\/\/www.manaus.am.gov.br\/semasc\/#organization"},"image":{"@id":"https:\/\/www.manaus.am.gov.br\/semasc\/prefeitura-e-unicef-apresentam-plano-de-trabalho-da-agendacidadeunicef-para-o-bairro-colonia-antonio-aleixo\/#primaryimage"},"thumbnailUrl":"https:\/\/www.manaus.am.gov.br\/semasc\/wp-content\/uploads\/sites\/17\/2023\/10\/53264558652_a3f8388b6b_k.jpg","keywords":["assist\u00eancia social","bairro Col\u00f4nia Ant\u00f4nio Aleixo","Fundo das Na\u00e7\u00f5es Unidas para a Inf\u00e2ncia (Unicef)","Plano de Trabalho da #AgendaCidadeUnicef","prefeitura de manaus","Semasc"],"articleSection":["Assist\u00eancia Social"],"inLanguage":"pt-BR"},{"@type":"WebPage","@id":"https:\/\/www.manaus.am.gov.br\/semasc\/prefeitura-e-unicef-apresentam-plano-de-trabalho-da-agendacidadeunicef-para-o-bairro-colonia-antonio-aleixo\/","url":"https:\/\/www.manaus.am.gov.br\/semasc\/prefeitura-e-unicef-apresentam-plano-de-trabalho-da-agendacidadeunicef-para-o-bairro-colonia-antonio-aleixo\/","name":"Prefeitura e Unicef apresentam Plano de Trabalho da #AgendaCidadeUnicef para o bairro Col\u00f4nia Ant\u00f4nio Aleixo","isPartOf":{"@id":"https:\/\/www.manaus.am.gov.br\/semasc\/#website"},"primaryImageOfPage":{"@id":"https:\/\/www.manaus.am.gov.br\/semasc\/prefeitura-e-unicef-apresentam-plano-de-trabalho-da-agendacidadeunicef-para-o-bairro-colonia-antonio-aleixo\/#primaryimage"},"image":{"@id":"https:\/\/www.manaus.am.gov.br\/semasc\/prefeitura-e-unicef-apresentam-plano-de-trabalho-da-agendacidadeunicef-para-o-bairro-colonia-antonio-aleixo\/#primaryimage"},"thumbnailUrl":"https:\/\/www.manaus.am.gov.br\/semasc\/wp-content\/uploads\/sites\/17\/2023\/10\/53264558652_a3f8388b6b_k.jpg","datePublished":"2023-10-17T19:05:01+00:00","dateModified":"2023-10-17T19:05:02+00:00","description":"Em pouco menos de um ano ap\u00f3s a parceria, a Prefeitura de Manaus e o Fundo das Na\u00e7\u00f5es Unidas para a Inf\u00e2ncia (Unicef) realizaram, nesta ter\u00e7a-feira, 17\/10, a apresenta\u00e7\u00e3o do Plano de Trabalho com a\u00e7\u00f5es da #AgendaCidadeUnicef - Manaus voltadas para o p\u00fablico infantojuvenil em estado de vulnerabilidade social do bairro Col\u00f4nia Ant\u00f4nio Aleixo, na zona Leste da capital amazonense.","breadcrumb":{"@id":"https:\/\/www.manaus.am.gov.br\/semasc\/prefeitura-e-unicef-apresentam-plano-de-trabalho-da-agendacidadeunicef-para-o-bairro-colonia-antonio-aleixo\/#breadcrumb"},"inLanguage":"pt-BR","potentialAction":[{"@type":"ReadAction","target":["https:\/\/www.manaus.am.gov.br\/semasc\/prefeitura-e-unicef-apresentam-plano-de-trabalho-da-agendacidadeunicef-para-o-bairro-colonia-antonio-aleixo\/"]}]},{"@type":"ImageObject","inLanguage":"pt-BR","@id":"https:\/\/www.manaus.am.gov.br\/semasc\/prefeitura-e-unicef-apresentam-plano-de-trabalho-da-agendacidadeunicef-para-o-bairro-colonia-antonio-aleixo\/#primaryimage","url":"https:\/\/www.manaus.am.gov.br\/semasc\/wp-content\/uploads\/sites\/17\/2023\/10\/53264558652_a3f8388b6b_k.jpg","contentUrl":"https:\/\/www.manaus.am.gov.br\/semasc\/wp-content\/uploads\/sites\/17\/2023\/10\/53264558652_a3f8388b6b_k.jpg","width":2047,"height":1365},{"@type":"BreadcrumbList","@id":"https:\/\/www.manaus.am.gov.br\/semasc\/prefeitura-e-unicef-apresentam-plano-de-trabalho-da-agendacidadeunicef-para-o-bairro-colonia-antonio-aleixo\/#breadcrumb","itemListElement":[{"@type":"ListItem","position":1,"name":"Home","item":"https:\/\/www.manaus.am.gov.br\/semasc\/"},{"@type":"ListItem","position":2,"name":"Prefeitura e Unicef apresentam Plano de Trabalho da #AgendaCidadeUnicef para o bairro Col\u00f4nia Ant\u00f4nio Aleixo"}]},{"@type":"WebSite","@id":"https:\/\/www.manaus.am.gov.br\/semasc\/#website","url":"https:\/\/www.manaus.am.gov.br\/semasc\/","name":"SEMASC","description":"Secretaria Municipal da Mulher, Assist\u00eancia Social e Cidadania.","publisher":{"@id":"https:\/\/www.manaus.am.gov.br\/semasc\/#organization"},"alternateName":"Secretaria Municipal da Mulher, Assist\u00eancia Social e Cidadania","potentialAction":[{"@type":"SearchAction","target":{"@type":"EntryPoint","urlTemplate":"https:\/\/www.manaus.am.gov.br\/semasc\/?s={search_term_string}"},"query-input":"required name=search_term_string"}],"inLanguage":"pt-BR"},{"@type":"Organization","@id":"https:\/\/www.manaus.am.gov.br\/semasc\/#organization","name":"Prefeitura de Manaus","alternateName":"Prefeitura Municipal de Manaus","url":"https:\/\/www.manaus.am.gov.br\/semasc\/","logo":{"@type":"ImageObject","inLanguage":"pt-BR","@id":"https:\/\/www.manaus.am.gov.br\/semasc\/#\/schema\/logo\/image\/","url":"https:\/\/www.manaus.am.gov.br\/semasc\/wp-content\/uploads\/sites\/17\/2024\/07\/favicon.png","contentUrl":"https:\/\/www.manaus.am.gov.br\/semasc\/wp-content\/uploads\/sites\/17\/2024\/07\/favicon.png","width":300,"height":300,"caption":"Prefeitura de Manaus"},"image":{"@id":"https:\/\/www.manaus.am.gov.br\/semasc\/#\/schema\/logo\/image\/"},"sameAs":["https:\/\/www.facebook.com\/semascmanaus","https:\/\/www.instagram.com\/semascmanaus\/"]},{"@type":"Person","@id":"https:\/\/www.manaus.am.gov.br\/semasc\/#\/schema\/person\/05d223aea2bf115f9883a6ff3683d81b","name":"Bruna Greco","image":{"@type":"ImageObject","inLanguage":"pt-BR","@id":"https:\/\/www.manaus.am.gov.br\/semasc\/#\/schema\/person\/image\/","url":"https:\/\/secure.gravatar.com\/avatar\/9c877d1a6adc2a055330e5c09a8653ce?s=96&d=mm&r=g","contentUrl":"https:\/\/secure.gravatar.com\/avatar\/9c877d1a6adc2a055330e5c09a8653ce?s=96&d=mm&r=g","caption":"Bruna Greco"}}]}},"_links":{"self":[{"href":"https:\/\/www.manaus.am.gov.br\/semasc\/wp-json\/wp\/v2\/posts\/209011"}],"collection":[{"href":"https:\/\/www.manaus.am.gov.br\/semasc\/wp-json\/wp\/v2\/posts"}],"about":[{"href":"https:\/\/www.manaus.am.gov.br\/semasc\/wp-json\/wp\/v2\/types\/post"}],"author":[{"embeddable":true,"href":"https:\/\/www.manaus.am.gov.br\/semasc\/wp-json\/wp\/v2\/users\/39"}],"replies":[{"embeddable":true,"href":"https:\/\/www.manaus.am.gov.br\/semasc\/wp-json\/wp\/v2\/comments?post=209011"}],"version-history":[{"count":0,"href":"https:\/\/www.manaus.am.gov.br\/semasc\/wp-json\/wp\/v2\/posts\/209011\/revisions"}],"wp:featuredmedia":[{"embeddable":true,"href":"https:\/\/www.manaus.am.gov.br\/semasc\/wp-json\/wp\/v2\/media\/209012"}],"wp:attachment":[{"href":"https:\/\/www.manaus.am.gov.br\/semasc\/wp-json\/wp\/v2\/media?parent=209011"}],"wp:term":[{"taxonomy":"category","embeddable":true,"href":"https:\/\/www.manaus.am.gov.br\/semasc\/wp-json\/wp\/v2\/categories?post=209011"},{"taxonomy":"post_tag","embeddable":true,"href":"https:\/\/www.manaus.am.gov.br\/semasc\/wp-json\/wp\/v2\/tags?post=209011"}],"curies":[{"name":"wp","href":"https:\/\/api.w.org\/{rel}","templated":true}]}}