{"id":209009,"date":"2023-10-13T15:18:04","date_gmt":"2023-10-13T19:18:04","guid":{"rendered":"https:\/\/www.manaus.am.gov.br\/semasc\/prefeitura-realiza-abordagem-social-a-familias-em-situacao-de-trabalho-infantojuvenil\/"},"modified":"2023-11-24T17:01:42","modified_gmt":"2023-11-24T21:01:42","slug":"prefeitura-realiza-abordagem-social-a-familias-em-situacao-de-trabalho-infantojuvenil","status":"publish","type":"post","link":"https:\/\/www.manaus.am.gov.br\/semasc\/prefeitura-realiza-abordagem-social-a-familias-em-situacao-de-trabalho-infantojuvenil\/","title":{"rendered":"Prefeitura realiza abordagem social a fam\u00edlias em situa\u00e7\u00e3o de trabalho infantojuvenil"},"content":{"rendered":"\n<p>Como parte das atividades da &#8220;Campanha de Combate \u00e0 Explora\u00e7\u00e3o do Trabalho Infantojuvenil nas Ruas de Manaus&#8221;, a Prefeitura de Manaus, por meio da Secretaria Municipal da Mulher, Assist\u00eancia Social e Cidadania (Semasc), realizou, nesta sexta-feira, 13\/10, uma opera\u00e7\u00e3o de abordagem social a fam\u00edlias presentes nos sem\u00e1foros das principais vias da zona Centro-Sul da capital.<\/p>\n\n\n\n<p>Realizada um dia ap\u00f3s as celebra\u00e7\u00f5es do Dia das Crian\u00e7as, a a\u00e7\u00e3o identificou, ao todo, 15 fam\u00edlias e 30 crian\u00e7as em situa\u00e7\u00e3o de trabalho infantojuvenil, que receberam atendimento socioassistencial&nbsp;<em>in loco<\/em>&nbsp;e encaminhamentos a outros servi\u00e7os necess\u00e1rios para a garantia de seus direitos.<\/p>\n\n\n\n<p>&#8220;Infelizmente, muitas fam\u00edlias em estado de vulnerabilidade social enxergam no Dia das Crian\u00e7as uma oportunidade de estar nas ruas para buscar brinquedos e outros atrativos. S\u00e3o em dias at\u00edpicos assim, como tamb\u00e9m ocorre no Natal, por exemplo, que identificamos n\u00fameros alarmantes de fam\u00edlias nas ruas com seus filhos, o que nos traz at\u00e9 aqui para conversarmos um pouco e entendermos melhor a realidade dessas pessoas, de forma a tentar sanar suas principais demandas&#8221;, explicou a gerente de A\u00e7\u00f5es Estrat\u00e9gicas do Programa de Erradica\u00e7\u00e3o do Trabalho Infantil (Peti) da Semasc, Geszimar da Silva.<\/p>\n\n\n\n<p>De acordo Clicia Simone, gerente do Servi\u00e7o Especializado em Abordagem Social, a continuidade das a\u00e7\u00f5es da \u201cCampanha de Combate \u00e0 Explora\u00e7\u00e3o do Trabalho Infantojuvenil nas Ruas de Manaus\u201d \u00e9 uma luta di\u00e1ria travada em nome dos direitos das crian\u00e7as e adolescentes do munic\u00edpio, uma vez que muitas fam\u00edlias ainda sentem receio ante o poder p\u00fablico.<\/p>\n\n\n\n<p>\u201cN\u00f3s temos muita dificuldade em todas as nossas a\u00e7\u00f5es de abordagem. Muitos acabam sentindo medo de fornecer as informa\u00e7\u00f5es necess\u00e1rias para o atendimento. Ent\u00e3o, \u00e9 fundamental que ainda continuemos este trabalho iniciado em fevereiro e que n\u00e3o tem data para terminar\u201d, destacou.<\/p>\n\n\n\n<p><strong>Sobre a campanha<\/strong><\/p>\n\n\n\n<p>Com mais de 20 secretarias, entidades e \u00f3rg\u00e3os parceiros, a \u201cCampanha de Combate \u00e0 Explora\u00e7\u00e3o do Trabalho Infantil nas Ruas de Manaus\u201d \u00e9 a maior j\u00e1 desenvolvida pela Prefeitura de Manaus no combate ao trabalho infantil e uma das mais importantes campanhas socioassistenciais j\u00e1 desenvolvidas pelo poder p\u00fablico municipal.<\/p>\n\n\n\n<p>&#8212;-<\/p>\n\n\n\n<p><strong>Texto<\/strong>&nbsp;&#8211; Guilherme Pacheco \/ Semasc<\/p>\n\n\n\n<p><strong>Fotos<\/strong>&nbsp;&#8211; Diego Lima \/ Semasc<\/p>\n\n\n\n<p><\/p>\n","protected":false},"excerpt":{"rendered":"","protected":false},"author":52,"featured_media":209010,"comment_status":"closed","ping_status":"closed","sticky":false,"template":"","format":"standard","meta":{"footnotes":""},"categories":[194],"tags":[72,7,18,504],"acf":[],"yoast_head":"<!-- This site is optimized with the Yoast SEO plugin v23.0 - https:\/\/yoast.com\/wordpress\/plugins\/seo\/ -->\n<title>Prefeitura realiza abordagem social a fam\u00edlias em situa\u00e7\u00e3o de trabalho infantojuvenil<\/title>\n<meta name=\"description\" content=\"Como parte das atividades da &quot;Campanha de Combate \u00e0 Explora\u00e7\u00e3o do Trabalho Infantojuvenil nas Ruas de Manaus&quot;, a Prefeitura de Manaus.\" \/>\n<meta name=\"robots\" content=\"noindex, follow\" \/>\n<meta property=\"og:locale\" content=\"pt_BR\" \/>\n<meta property=\"og:type\" content=\"article\" \/>\n<meta property=\"og:title\" content=\"Prefeitura realiza abordagem social a fam\u00edlias em situa\u00e7\u00e3o de trabalho infantojuvenil\" \/>\n<meta property=\"og:description\" content=\"Como parte das atividades da &quot;Campanha de Combate \u00e0 Explora\u00e7\u00e3o do Trabalho Infantojuvenil nas Ruas de Manaus&quot;, a Prefeitura de Manaus.\" \/>\n<meta property=\"og:url\" content=\"https:\/\/www.manaus.am.gov.br\/semasc\/prefeitura-realiza-abordagem-social-a-familias-em-situacao-de-trabalho-infantojuvenil\/\" \/>\n<meta property=\"og:site_name\" content=\"SEMASC\" \/>\n<meta property=\"article:publisher\" content=\"https:\/\/www.facebook.com\/semascmanaus\" \/>\n<meta property=\"article:published_time\" content=\"2023-10-13T19:18:04+00:00\" \/>\n<meta property=\"article:modified_time\" content=\"2023-11-24T21:01:42+00:00\" \/>\n<meta property=\"og:image\" content=\"https:\/\/www.manaus.am.gov.br\/semasc\/wp-content\/uploads\/sites\/17\/2023\/10\/Abordagem_familias_criancas_Semasc.jpeg\" \/>\n\t<meta property=\"og:image:width\" content=\"3456\" \/>\n\t<meta property=\"og:image:height\" content=\"2304\" \/>\n\t<meta property=\"og:image:type\" content=\"image\/jpeg\" \/>\n<meta name=\"author\" content=\"csilveira\" \/>\n<meta name=\"twitter:card\" content=\"summary_large_image\" \/>\n<meta name=\"twitter:label1\" content=\"Written by\" \/>\n\t<meta name=\"twitter:data1\" content=\"csilveira\" \/>\n\t<meta name=\"twitter:label2\" content=\"Est. reading time\" \/>\n\t<meta name=\"twitter:data2\" content=\"2 minutos\" \/>\n<script type=\"application\/ld+json\" class=\"yoast-schema-graph\">{\"@context\":\"https:\/\/schema.org\",\"@graph\":[{\"@type\":\"Article\",\"@id\":\"https:\/\/www.manaus.am.gov.br\/semasc\/prefeitura-realiza-abordagem-social-a-familias-em-situacao-de-trabalho-infantojuvenil\/#article\",\"isPartOf\":{\"@id\":\"https:\/\/www.manaus.am.gov.br\/semasc\/prefeitura-realiza-abordagem-social-a-familias-em-situacao-de-trabalho-infantojuvenil\/\"},\"author\":{\"name\":\"csilveira\",\"@id\":\"https:\/\/www.manaus.am.gov.br\/semasc\/#\/schema\/person\/bfafc779be2e19b3d3ef4a59d418b606\"},\"headline\":\"Prefeitura realiza abordagem social a fam\u00edlias em situa\u00e7\u00e3o de trabalho infantojuvenil\",\"datePublished\":\"2023-10-13T19:18:04+00:00\",\"dateModified\":\"2023-11-24T21:01:42+00:00\",\"mainEntityOfPage\":{\"@id\":\"https:\/\/www.manaus.am.gov.br\/semasc\/prefeitura-realiza-abordagem-social-a-familias-em-situacao-de-trabalho-infantojuvenil\/\"},\"wordCount\":398,\"publisher\":{\"@id\":\"https:\/\/www.manaus.am.gov.br\/semasc\/#organization\"},\"image\":{\"@id\":\"https:\/\/www.manaus.am.gov.br\/semasc\/prefeitura-realiza-abordagem-social-a-familias-em-situacao-de-trabalho-infantojuvenil\/#primaryimage\"},\"thumbnailUrl\":\"https:\/\/www.manaus.am.gov.br\/semasc\/wp-content\/uploads\/sites\/17\/2023\/10\/Abordagem_familias_criancas_Semasc.jpeg\",\"keywords\":[\"assist\u00eancia social\",\"prefeitura de manaus\",\"Semasc\",\"Trabalho Infantojuvenil\"],\"articleSection\":[\"Assist\u00eancia\"],\"inLanguage\":\"pt-BR\"},{\"@type\":\"WebPage\",\"@id\":\"https:\/\/www.manaus.am.gov.br\/semasc\/prefeitura-realiza-abordagem-social-a-familias-em-situacao-de-trabalho-infantojuvenil\/\",\"url\":\"https:\/\/www.manaus.am.gov.br\/semasc\/prefeitura-realiza-abordagem-social-a-familias-em-situacao-de-trabalho-infantojuvenil\/\",\"name\":\"Prefeitura realiza abordagem social a fam\u00edlias em situa\u00e7\u00e3o de trabalho infantojuvenil\",\"isPartOf\":{\"@id\":\"https:\/\/www.manaus.am.gov.br\/semasc\/#website\"},\"primaryImageOfPage\":{\"@id\":\"https:\/\/www.manaus.am.gov.br\/semasc\/prefeitura-realiza-abordagem-social-a-familias-em-situacao-de-trabalho-infantojuvenil\/#primaryimage\"},\"image\":{\"@id\":\"https:\/\/www.manaus.am.gov.br\/semasc\/prefeitura-realiza-abordagem-social-a-familias-em-situacao-de-trabalho-infantojuvenil\/#primaryimage\"},\"thumbnailUrl\":\"https:\/\/www.manaus.am.gov.br\/semasc\/wp-content\/uploads\/sites\/17\/2023\/10\/Abordagem_familias_criancas_Semasc.jpeg\",\"datePublished\":\"2023-10-13T19:18:04+00:00\",\"dateModified\":\"2023-11-24T21:01:42+00:00\",\"description\":\"Como parte das atividades da \\\"Campanha de Combate \u00e0 Explora\u00e7\u00e3o do Trabalho Infantojuvenil nas Ruas de Manaus\\\", a Prefeitura de Manaus.\",\"breadcrumb\":{\"@id\":\"https:\/\/www.manaus.am.gov.br\/semasc\/prefeitura-realiza-abordagem-social-a-familias-em-situacao-de-trabalho-infantojuvenil\/#breadcrumb\"},\"inLanguage\":\"pt-BR\",\"potentialAction\":[{\"@type\":\"ReadAction\",\"target\":[\"https:\/\/www.manaus.am.gov.br\/semasc\/prefeitura-realiza-abordagem-social-a-familias-em-situacao-de-trabalho-infantojuvenil\/\"]}]},{\"@type\":\"ImageObject\",\"inLanguage\":\"pt-BR\",\"@id\":\"https:\/\/www.manaus.am.gov.br\/semasc\/prefeitura-realiza-abordagem-social-a-familias-em-situacao-de-trabalho-infantojuvenil\/#primaryimage\",\"url\":\"https:\/\/www.manaus.am.gov.br\/semasc\/wp-content\/uploads\/sites\/17\/2023\/10\/Abordagem_familias_criancas_Semasc.jpeg\",\"contentUrl\":\"https:\/\/www.manaus.am.gov.br\/semasc\/wp-content\/uploads\/sites\/17\/2023\/10\/Abordagem_familias_criancas_Semasc.jpeg\",\"width\":3456,\"height\":2304},{\"@type\":\"BreadcrumbList\",\"@id\":\"https:\/\/www.manaus.am.gov.br\/semasc\/prefeitura-realiza-abordagem-social-a-familias-em-situacao-de-trabalho-infantojuvenil\/#breadcrumb\",\"itemListElement\":[{\"@type\":\"ListItem\",\"position\":1,\"name\":\"Home\",\"item\":\"https:\/\/www.manaus.am.gov.br\/semasc\/\"},{\"@type\":\"ListItem\",\"position\":2,\"name\":\"Prefeitura realiza abordagem social a fam\u00edlias em situa\u00e7\u00e3o de trabalho infantojuvenil\"}]},{\"@type\":\"WebSite\",\"@id\":\"https:\/\/www.manaus.am.gov.br\/semasc\/#website\",\"url\":\"https:\/\/www.manaus.am.gov.br\/semasc\/\",\"name\":\"SEMASC\",\"description\":\"Secretaria Municipal da Mulher, Assist\u00eancia Social e Cidadania.\",\"publisher\":{\"@id\":\"https:\/\/www.manaus.am.gov.br\/semasc\/#organization\"},\"alternateName\":\"Secretaria Municipal da Mulher, Assist\u00eancia Social e Cidadania\",\"potentialAction\":[{\"@type\":\"SearchAction\",\"target\":{\"@type\":\"EntryPoint\",\"urlTemplate\":\"https:\/\/www.manaus.am.gov.br\/semasc\/?s={search_term_string}\"},\"query-input\":\"required name=search_term_string\"}],\"inLanguage\":\"pt-BR\"},{\"@type\":\"Organization\",\"@id\":\"https:\/\/www.manaus.am.gov.br\/semasc\/#organization\",\"name\":\"Prefeitura de Manaus\",\"alternateName\":\"Prefeitura Municipal de Manaus\",\"url\":\"https:\/\/www.manaus.am.gov.br\/semasc\/\",\"logo\":{\"@type\":\"ImageObject\",\"inLanguage\":\"pt-BR\",\"@id\":\"https:\/\/www.manaus.am.gov.br\/semasc\/#\/schema\/logo\/image\/\",\"url\":\"https:\/\/www.manaus.am.gov.br\/semasc\/wp-content\/uploads\/sites\/17\/2024\/07\/favicon.png\",\"contentUrl\":\"https:\/\/www.manaus.am.gov.br\/semasc\/wp-content\/uploads\/sites\/17\/2024\/07\/favicon.png\",\"width\":300,\"height\":300,\"caption\":\"Prefeitura de Manaus\"},\"image\":{\"@id\":\"https:\/\/www.manaus.am.gov.br\/semasc\/#\/schema\/logo\/image\/\"},\"sameAs\":[\"https:\/\/www.facebook.com\/semascmanaus\",\"https:\/\/www.instagram.com\/semascmanaus\/\"]},{\"@type\":\"Person\",\"@id\":\"https:\/\/www.manaus.am.gov.br\/semasc\/#\/schema\/person\/bfafc779be2e19b3d3ef4a59d418b606\",\"name\":\"csilveira\",\"image\":{\"@type\":\"ImageObject\",\"inLanguage\":\"pt-BR\",\"@id\":\"https:\/\/www.manaus.am.gov.br\/semasc\/#\/schema\/person\/image\/\",\"url\":\"https:\/\/secure.gravatar.com\/avatar\/9c2e2f00138fcd35401c748bd030d3b5?s=96&d=mm&r=g\",\"contentUrl\":\"https:\/\/secure.gravatar.com\/avatar\/9c2e2f00138fcd35401c748bd030d3b5?s=96&d=mm&r=g\",\"caption\":\"csilveira\"}}]}<\/script>\n<!-- \/ Yoast SEO plugin. -->","yoast_head_json":{"title":"Prefeitura realiza abordagem social a fam\u00edlias em situa\u00e7\u00e3o de trabalho infantojuvenil","description":"Como parte das atividades da \"Campanha de Combate \u00e0 Explora\u00e7\u00e3o do Trabalho Infantojuvenil nas Ruas de Manaus\", a Prefeitura de Manaus.","robots":{"index":"noindex","follow":"follow"},"og_locale":"pt_BR","og_type":"article","og_title":"Prefeitura realiza abordagem social a fam\u00edlias em situa\u00e7\u00e3o de trabalho infantojuvenil","og_description":"Como parte das atividades da \"Campanha de Combate \u00e0 Explora\u00e7\u00e3o do Trabalho Infantojuvenil nas Ruas de Manaus\", a Prefeitura de Manaus.","og_url":"https:\/\/www.manaus.am.gov.br\/semasc\/prefeitura-realiza-abordagem-social-a-familias-em-situacao-de-trabalho-infantojuvenil\/","og_site_name":"SEMASC","article_publisher":"https:\/\/www.facebook.com\/semascmanaus","article_published_time":"2023-10-13T19:18:04+00:00","article_modified_time":"2023-11-24T21:01:42+00:00","og_image":[{"width":3456,"height":2304,"url":"https:\/\/www.manaus.am.gov.br\/semasc\/wp-content\/uploads\/sites\/17\/2023\/10\/Abordagem_familias_criancas_Semasc.jpeg","type":"image\/jpeg"}],"author":"csilveira","twitter_card":"summary_large_image","twitter_misc":{"Written by":"csilveira","Est. reading time":"2 minutos"},"schema":{"@context":"https:\/\/schema.org","@graph":[{"@type":"Article","@id":"https:\/\/www.manaus.am.gov.br\/semasc\/prefeitura-realiza-abordagem-social-a-familias-em-situacao-de-trabalho-infantojuvenil\/#article","isPartOf":{"@id":"https:\/\/www.manaus.am.gov.br\/semasc\/prefeitura-realiza-abordagem-social-a-familias-em-situacao-de-trabalho-infantojuvenil\/"},"author":{"name":"csilveira","@id":"https:\/\/www.manaus.am.gov.br\/semasc\/#\/schema\/person\/bfafc779be2e19b3d3ef4a59d418b606"},"headline":"Prefeitura realiza abordagem social a fam\u00edlias em situa\u00e7\u00e3o de trabalho infantojuvenil","datePublished":"2023-10-13T19:18:04+00:00","dateModified":"2023-11-24T21:01:42+00:00","mainEntityOfPage":{"@id":"https:\/\/www.manaus.am.gov.br\/semasc\/prefeitura-realiza-abordagem-social-a-familias-em-situacao-de-trabalho-infantojuvenil\/"},"wordCount":398,"publisher":{"@id":"https:\/\/www.manaus.am.gov.br\/semasc\/#organization"},"image":{"@id":"https:\/\/www.manaus.am.gov.br\/semasc\/prefeitura-realiza-abordagem-social-a-familias-em-situacao-de-trabalho-infantojuvenil\/#primaryimage"},"thumbnailUrl":"https:\/\/www.manaus.am.gov.br\/semasc\/wp-content\/uploads\/sites\/17\/2023\/10\/Abordagem_familias_criancas_Semasc.jpeg","keywords":["assist\u00eancia social","prefeitura de manaus","Semasc","Trabalho Infantojuvenil"],"articleSection":["Assist\u00eancia"],"inLanguage":"pt-BR"},{"@type":"WebPage","@id":"https:\/\/www.manaus.am.gov.br\/semasc\/prefeitura-realiza-abordagem-social-a-familias-em-situacao-de-trabalho-infantojuvenil\/","url":"https:\/\/www.manaus.am.gov.br\/semasc\/prefeitura-realiza-abordagem-social-a-familias-em-situacao-de-trabalho-infantojuvenil\/","name":"Prefeitura realiza abordagem social a fam\u00edlias em situa\u00e7\u00e3o de trabalho infantojuvenil","isPartOf":{"@id":"https:\/\/www.manaus.am.gov.br\/semasc\/#website"},"primaryImageOfPage":{"@id":"https:\/\/www.manaus.am.gov.br\/semasc\/prefeitura-realiza-abordagem-social-a-familias-em-situacao-de-trabalho-infantojuvenil\/#primaryimage"},"image":{"@id":"https:\/\/www.manaus.am.gov.br\/semasc\/prefeitura-realiza-abordagem-social-a-familias-em-situacao-de-trabalho-infantojuvenil\/#primaryimage"},"thumbnailUrl":"https:\/\/www.manaus.am.gov.br\/semasc\/wp-content\/uploads\/sites\/17\/2023\/10\/Abordagem_familias_criancas_Semasc.jpeg","datePublished":"2023-10-13T19:18:04+00:00","dateModified":"2023-11-24T21:01:42+00:00","description":"Como parte das atividades da \"Campanha de Combate \u00e0 Explora\u00e7\u00e3o do Trabalho Infantojuvenil nas Ruas de Manaus\", a Prefeitura de Manaus.","breadcrumb":{"@id":"https:\/\/www.manaus.am.gov.br\/semasc\/prefeitura-realiza-abordagem-social-a-familias-em-situacao-de-trabalho-infantojuvenil\/#breadcrumb"},"inLanguage":"pt-BR","potentialAction":[{"@type":"ReadAction","target":["https:\/\/www.manaus.am.gov.br\/semasc\/prefeitura-realiza-abordagem-social-a-familias-em-situacao-de-trabalho-infantojuvenil\/"]}]},{"@type":"ImageObject","inLanguage":"pt-BR","@id":"https:\/\/www.manaus.am.gov.br\/semasc\/prefeitura-realiza-abordagem-social-a-familias-em-situacao-de-trabalho-infantojuvenil\/#primaryimage","url":"https:\/\/www.manaus.am.gov.br\/semasc\/wp-content\/uploads\/sites\/17\/2023\/10\/Abordagem_familias_criancas_Semasc.jpeg","contentUrl":"https:\/\/www.manaus.am.gov.br\/semasc\/wp-content\/uploads\/sites\/17\/2023\/10\/Abordagem_familias_criancas_Semasc.jpeg","width":3456,"height":2304},{"@type":"BreadcrumbList","@id":"https:\/\/www.manaus.am.gov.br\/semasc\/prefeitura-realiza-abordagem-social-a-familias-em-situacao-de-trabalho-infantojuvenil\/#breadcrumb","itemListElement":[{"@type":"ListItem","position":1,"name":"Home","item":"https:\/\/www.manaus.am.gov.br\/semasc\/"},{"@type":"ListItem","position":2,"name":"Prefeitura realiza abordagem social a fam\u00edlias em situa\u00e7\u00e3o de trabalho infantojuvenil"}]},{"@type":"WebSite","@id":"https:\/\/www.manaus.am.gov.br\/semasc\/#website","url":"https:\/\/www.manaus.am.gov.br\/semasc\/","name":"SEMASC","description":"Secretaria Municipal da Mulher, Assist\u00eancia Social e Cidadania.","publisher":{"@id":"https:\/\/www.manaus.am.gov.br\/semasc\/#organization"},"alternateName":"Secretaria Municipal da Mulher, Assist\u00eancia Social e Cidadania","potentialAction":[{"@type":"SearchAction","target":{"@type":"EntryPoint","urlTemplate":"https:\/\/www.manaus.am.gov.br\/semasc\/?s={search_term_string}"},"query-input":"required name=search_term_string"}],"inLanguage":"pt-BR"},{"@type":"Organization","@id":"https:\/\/www.manaus.am.gov.br\/semasc\/#organization","name":"Prefeitura de Manaus","alternateName":"Prefeitura Municipal de Manaus","url":"https:\/\/www.manaus.am.gov.br\/semasc\/","logo":{"@type":"ImageObject","inLanguage":"pt-BR","@id":"https:\/\/www.manaus.am.gov.br\/semasc\/#\/schema\/logo\/image\/","url":"https:\/\/www.manaus.am.gov.br\/semasc\/wp-content\/uploads\/sites\/17\/2024\/07\/favicon.png","contentUrl":"https:\/\/www.manaus.am.gov.br\/semasc\/wp-content\/uploads\/sites\/17\/2024\/07\/favicon.png","width":300,"height":300,"caption":"Prefeitura de Manaus"},"image":{"@id":"https:\/\/www.manaus.am.gov.br\/semasc\/#\/schema\/logo\/image\/"},"sameAs":["https:\/\/www.facebook.com\/semascmanaus","https:\/\/www.instagram.com\/semascmanaus\/"]},{"@type":"Person","@id":"https:\/\/www.manaus.am.gov.br\/semasc\/#\/schema\/person\/bfafc779be2e19b3d3ef4a59d418b606","name":"csilveira","image":{"@type":"ImageObject","inLanguage":"pt-BR","@id":"https:\/\/www.manaus.am.gov.br\/semasc\/#\/schema\/person\/image\/","url":"https:\/\/secure.gravatar.com\/avatar\/9c2e2f00138fcd35401c748bd030d3b5?s=96&d=mm&r=g","contentUrl":"https:\/\/secure.gravatar.com\/avatar\/9c2e2f00138fcd35401c748bd030d3b5?s=96&d=mm&r=g","caption":"csilveira"}}]}},"_links":{"self":[{"href":"https:\/\/www.manaus.am.gov.br\/semasc\/wp-json\/wp\/v2\/posts\/209009"}],"collection":[{"href":"https:\/\/www.manaus.am.gov.br\/semasc\/wp-json\/wp\/v2\/posts"}],"about":[{"href":"https:\/\/www.manaus.am.gov.br\/semasc\/wp-json\/wp\/v2\/types\/post"}],"author":[{"embeddable":true,"href":"https:\/\/www.manaus.am.gov.br\/semasc\/wp-json\/wp\/v2\/users\/52"}],"replies":[{"embeddable":true,"href":"https:\/\/www.manaus.am.gov.br\/semasc\/wp-json\/wp\/v2\/comments?post=209009"}],"version-history":[{"count":1,"href":"https:\/\/www.manaus.am.gov.br\/semasc\/wp-json\/wp\/v2\/posts\/209009\/revisions"}],"predecessor-version":[{"id":209300,"href":"https:\/\/www.manaus.am.gov.br\/semasc\/wp-json\/wp\/v2\/posts\/209009\/revisions\/209300"}],"wp:featuredmedia":[{"embeddable":true,"href":"https:\/\/www.manaus.am.gov.br\/semasc\/wp-json\/wp\/v2\/media\/209010"}],"wp:attachment":[{"href":"https:\/\/www.manaus.am.gov.br\/semasc\/wp-json\/wp\/v2\/media?parent=209009"}],"wp:term":[{"taxonomy":"category","embeddable":true,"href":"https:\/\/www.manaus.am.gov.br\/semasc\/wp-json\/wp\/v2\/categories?post=209009"},{"taxonomy":"post_tag","embeddable":true,"href":"https:\/\/www.manaus.am.gov.br\/semasc\/wp-json\/wp\/v2\/tags?post=209009"}],"curies":[{"name":"wp","href":"https:\/\/api.w.org\/{rel}","templated":true}]}}