{"id":209007,"date":"2023-10-11T21:27:12","date_gmt":"2023-10-12T01:27:12","guid":{"rendered":"https:\/\/www.manaus.am.gov.br\/semasc\/prefeitura-de-manaus-realiza-celebracao-do-dia-das-criancas-a-familias-atendidas-pelo-eamaar\/"},"modified":"2023-10-11T21:27:13","modified_gmt":"2023-10-12T01:27:13","slug":"prefeitura-de-manaus-realiza-celebracao-do-dia-das-criancas-a-familias-atendidas-pelo-eamaar","status":"publish","type":"post","link":"https:\/\/www.manaus.am.gov.br\/semasc\/prefeitura-de-manaus-realiza-celebracao-do-dia-das-criancas-a-familias-atendidas-pelo-eamaar\/","title":{"rendered":"<strong>Prefeitura de Manaus realiza celebra\u00e7\u00e3o do Dia das Crian\u00e7as a fam\u00edlias atendidas pelo EAMAAR<\/strong>"},"content":{"rendered":"\n<p>A Prefeitura de Manaus, por meio Espa\u00e7o de Atendimento Multidisciplinar ao Autista Amigo Ruy (EAMAAR), gerenciado pela Secretaria Municipal da Mulher, Assist\u00eancia Social e Cidadania (Semasc), realizou, nesta quarta-feira, 11\/10, uma festa em celebra\u00e7\u00e3o ao Dia das Crian\u00e7as, especialmente voltada \u00e0s crian\u00e7as autistas atendidas pela unidade.<\/p>\n\n\n\n<p>Contando com apoio das secretarias municipais de Educa\u00e7\u00e3o (Semed) e Sa\u00fade (Semsa), o evento foi idealizado como algo al\u00e9m da comemora\u00e7\u00e3o \u00e0 data, como uma forma refor\u00e7ar a import\u00e2ncia da inclus\u00e3o e do reconhecimento das necessidades e potencialidades dos pequenos por meio de atividades recreativas, l\u00fadicas e educacionais, al\u00e9m de oficinas de arte, m\u00fasica, brincadeiras sensoriais, entre outras. Mais 500 crian\u00e7as participaram do evento junto a seus familiares.<\/p>\n\n\n\n<p>\u201cFoi na gest\u00e3o do prefeito David Almeida que fomos capazes de transformar uma festa linda dessas em uma tradi\u00e7\u00e3o anual dentro do EAMAAR. \u00c9 um momento em que qualquer pessoa consegue perceber o qu\u00e3o acolhidos nossos autistas se sentem dentro da institui\u00e7\u00e3o, como se sentem bem-vindos e amados pela nossa equipe\u201d, destacou o diretor do EAMAAR, Alexandre Gald.<\/p>\n\n\n\n<p>De acordo com a psic\u00f3loga do espa\u00e7o, Patr\u00edcia Soprano, a festividade tamb\u00e9m exerce um papel fundamental dentro do fluxo de trabalho realizado pelo EAMAAR, ampliando a intera\u00e7\u00e3o social das crian\u00e7as atendidas junto a familiares e amigos em um momento de descontra\u00e7\u00e3o e carinho.<\/p>\n\n\n\n<p>\u201cA intera\u00e7\u00e3o social \u00e9 muito importante para eles, pois muitas vezes foram do ambiente do EAMAAR, essas crian\u00e7as n\u00e3o possuem oportunidades de intera\u00e7\u00e3o pensadas especialmente a elas, levando em conta suas especificidades. Quando realizamos um evento como este, possibilitamos uma maior qualidade de vida a essas crian\u00e7as e suas fam\u00edlias\u201d, explicou.<\/p>\n\n\n\n<p>M\u00e3e do pequeno Ghael Ben\u00edcio, de 3 anos, a dona de casa Josilene Paes, 36, participou da \u201cfestinha\u201d pela primeira vez e n\u00e3o poupou elogios \u00e0 iniciativa e ao apoio prestado pelo EAMAAR a ela e sua fam\u00edlia.<\/p>\n\n\n\n<p>\u201c\u00c9 a primeira festinha de Dia das Crian\u00e7as que eu levo meu filho e \u00e9 maravilhoso poder v\u00ea-lo interagir com outras crian\u00e7as em um espa\u00e7o que o acolhe e o entende. Esse \u00e9 um lugar muito especial para n\u00f3s, pois sabemos que \u00e9 muito dif\u00edcil conseguir um atendimento adequado para crian\u00e7as com autismo, ent\u00e3o somos muito gratos a tudo\u201d, afirmou.<\/p>\n\n\n\n<p>&#8212; &#8212; &#8212;<\/p>\n\n\n\n<p><strong>Texto &#8211;&nbsp;<\/strong>Guilherme Pacheco \/ Semasc<\/p>\n\n\n\n<p><strong>Fotos &#8211;&nbsp;<\/strong>Diego Lima \/ Semasc<\/p>\n\n\n\n<p>Dispon\u00edveis em \u2013&nbsp;<a href=\"https:\/\/we.tl\/t-hJSTlmx49h\" target=\"_blank\" rel=\"noreferrer noopener\">https:\/\/we.tl\/t-hJSTlmx49h<\/a><\/p>\n","protected":false},"excerpt":{"rendered":"","protected":false},"author":31,"featured_media":209008,"comment_status":"closed","ping_status":"closed","sticky":false,"template":"","format":"standard","meta":{"footnotes":""},"categories":[91],"tags":[502,491,503],"acf":[],"yoast_head":"<!-- This site is optimized with the Yoast SEO plugin v23.0 - https:\/\/yoast.com\/wordpress\/plugins\/seo\/ -->\n<title>Prefeitura de Manaus realiza celebra\u00e7\u00e3o do Dia das Crian\u00e7as a fam\u00edlias atendidas pelo EAMAAR - SEMASC<\/title>\n<meta name=\"robots\" content=\"noindex, follow\" \/>\n<meta property=\"og:locale\" content=\"pt_BR\" \/>\n<meta property=\"og:type\" content=\"article\" \/>\n<meta property=\"og:title\" content=\"Prefeitura de Manaus realiza celebra\u00e7\u00e3o do Dia das Crian\u00e7as a fam\u00edlias atendidas pelo EAMAAR - SEMASC\" \/>\n<meta property=\"og:url\" content=\"https:\/\/www.manaus.am.gov.br\/semasc\/prefeitura-de-manaus-realiza-celebracao-do-dia-das-criancas-a-familias-atendidas-pelo-eamaar\/\" \/>\n<meta property=\"og:site_name\" content=\"SEMASC\" \/>\n<meta property=\"article:publisher\" content=\"https:\/\/www.facebook.com\/semascmanaus\" \/>\n<meta property=\"article:published_time\" content=\"2023-10-12T01:27:12+00:00\" \/>\n<meta property=\"article:modified_time\" content=\"2023-10-12T01:27:13+00:00\" \/>\n<meta property=\"og:image\" content=\"https:\/\/www.manaus.am.gov.br\/semasc\/wp-content\/uploads\/sites\/17\/2023\/10\/IMG_6175-1024x683.jpg\" \/>\n\t<meta property=\"og:image:width\" content=\"1024\" \/>\n\t<meta property=\"og:image:height\" content=\"683\" \/>\n\t<meta property=\"og:image:type\" content=\"image\/jpeg\" \/>\n<meta name=\"author\" content=\"Renata Felix\" \/>\n<meta name=\"twitter:card\" content=\"summary_large_image\" \/>\n<meta name=\"twitter:label1\" content=\"Written by\" \/>\n\t<meta name=\"twitter:data1\" content=\"Renata Felix\" \/>\n\t<meta name=\"twitter:label2\" content=\"Est. reading time\" \/>\n\t<meta name=\"twitter:data2\" content=\"3 minutos\" \/>\n<script type=\"application\/ld+json\" class=\"yoast-schema-graph\">{\"@context\":\"https:\/\/schema.org\",\"@graph\":[{\"@type\":\"Article\",\"@id\":\"https:\/\/www.manaus.am.gov.br\/semasc\/prefeitura-de-manaus-realiza-celebracao-do-dia-das-criancas-a-familias-atendidas-pelo-eamaar\/#article\",\"isPartOf\":{\"@id\":\"https:\/\/www.manaus.am.gov.br\/semasc\/prefeitura-de-manaus-realiza-celebracao-do-dia-das-criancas-a-familias-atendidas-pelo-eamaar\/\"},\"author\":{\"name\":\"Renata Felix\",\"@id\":\"https:\/\/www.manaus.am.gov.br\/semasc\/#\/schema\/person\/4eea2a8f78dc853097abb026f728aa06\"},\"headline\":\"Prefeitura de Manaus realiza celebra\u00e7\u00e3o do Dia das Crian\u00e7as a fam\u00edlias atendidas pelo EAMAAR\",\"datePublished\":\"2023-10-12T01:27:12+00:00\",\"dateModified\":\"2023-10-12T01:27:13+00:00\",\"mainEntityOfPage\":{\"@id\":\"https:\/\/www.manaus.am.gov.br\/semasc\/prefeitura-de-manaus-realiza-celebracao-do-dia-das-criancas-a-familias-atendidas-pelo-eamaar\/\"},\"wordCount\":438,\"publisher\":{\"@id\":\"https:\/\/www.manaus.am.gov.br\/semasc\/#organization\"},\"image\":{\"@id\":\"https:\/\/www.manaus.am.gov.br\/semasc\/prefeitura-de-manaus-realiza-celebracao-do-dia-das-criancas-a-familias-atendidas-pelo-eamaar\/#primaryimage\"},\"thumbnailUrl\":\"https:\/\/www.manaus.am.gov.br\/semasc\/wp-content\/uploads\/sites\/17\/2023\/10\/IMG_6175.jpg\",\"keywords\":[\"celebra\u00e7\u00e3o\",\"dia das crian\u00e7as\",\"Eamaar\"],\"articleSection\":[\"Eventos\"],\"inLanguage\":\"pt-BR\"},{\"@type\":\"WebPage\",\"@id\":\"https:\/\/www.manaus.am.gov.br\/semasc\/prefeitura-de-manaus-realiza-celebracao-do-dia-das-criancas-a-familias-atendidas-pelo-eamaar\/\",\"url\":\"https:\/\/www.manaus.am.gov.br\/semasc\/prefeitura-de-manaus-realiza-celebracao-do-dia-das-criancas-a-familias-atendidas-pelo-eamaar\/\",\"name\":\"Prefeitura de Manaus realiza celebra\u00e7\u00e3o do Dia das Crian\u00e7as a fam\u00edlias atendidas pelo EAMAAR - SEMASC\",\"isPartOf\":{\"@id\":\"https:\/\/www.manaus.am.gov.br\/semasc\/#website\"},\"primaryImageOfPage\":{\"@id\":\"https:\/\/www.manaus.am.gov.br\/semasc\/prefeitura-de-manaus-realiza-celebracao-do-dia-das-criancas-a-familias-atendidas-pelo-eamaar\/#primaryimage\"},\"image\":{\"@id\":\"https:\/\/www.manaus.am.gov.br\/semasc\/prefeitura-de-manaus-realiza-celebracao-do-dia-das-criancas-a-familias-atendidas-pelo-eamaar\/#primaryimage\"},\"thumbnailUrl\":\"https:\/\/www.manaus.am.gov.br\/semasc\/wp-content\/uploads\/sites\/17\/2023\/10\/IMG_6175.jpg\",\"datePublished\":\"2023-10-12T01:27:12+00:00\",\"dateModified\":\"2023-10-12T01:27:13+00:00\",\"breadcrumb\":{\"@id\":\"https:\/\/www.manaus.am.gov.br\/semasc\/prefeitura-de-manaus-realiza-celebracao-do-dia-das-criancas-a-familias-atendidas-pelo-eamaar\/#breadcrumb\"},\"inLanguage\":\"pt-BR\",\"potentialAction\":[{\"@type\":\"ReadAction\",\"target\":[\"https:\/\/www.manaus.am.gov.br\/semasc\/prefeitura-de-manaus-realiza-celebracao-do-dia-das-criancas-a-familias-atendidas-pelo-eamaar\/\"]}]},{\"@type\":\"ImageObject\",\"inLanguage\":\"pt-BR\",\"@id\":\"https:\/\/www.manaus.am.gov.br\/semasc\/prefeitura-de-manaus-realiza-celebracao-do-dia-das-criancas-a-familias-atendidas-pelo-eamaar\/#primaryimage\",\"url\":\"https:\/\/www.manaus.am.gov.br\/semasc\/wp-content\/uploads\/sites\/17\/2023\/10\/IMG_6175.jpg\",\"contentUrl\":\"https:\/\/www.manaus.am.gov.br\/semasc\/wp-content\/uploads\/sites\/17\/2023\/10\/IMG_6175.jpg\",\"width\":3456,\"height\":2304},{\"@type\":\"BreadcrumbList\",\"@id\":\"https:\/\/www.manaus.am.gov.br\/semasc\/prefeitura-de-manaus-realiza-celebracao-do-dia-das-criancas-a-familias-atendidas-pelo-eamaar\/#breadcrumb\",\"itemListElement\":[{\"@type\":\"ListItem\",\"position\":1,\"name\":\"Home\",\"item\":\"https:\/\/www.manaus.am.gov.br\/semasc\/\"},{\"@type\":\"ListItem\",\"position\":2,\"name\":\"Prefeitura de Manaus realiza celebra\u00e7\u00e3o do Dia das Crian\u00e7as a fam\u00edlias atendidas pelo EAMAAR\"}]},{\"@type\":\"WebSite\",\"@id\":\"https:\/\/www.manaus.am.gov.br\/semasc\/#website\",\"url\":\"https:\/\/www.manaus.am.gov.br\/semasc\/\",\"name\":\"SEMASC\",\"description\":\"Secretaria Municipal da Mulher, Assist\u00eancia Social e Cidadania.\",\"publisher\":{\"@id\":\"https:\/\/www.manaus.am.gov.br\/semasc\/#organization\"},\"alternateName\":\"Secretaria Municipal da Mulher, Assist\u00eancia Social e Cidadania\",\"potentialAction\":[{\"@type\":\"SearchAction\",\"target\":{\"@type\":\"EntryPoint\",\"urlTemplate\":\"https:\/\/www.manaus.am.gov.br\/semasc\/?s={search_term_string}\"},\"query-input\":\"required name=search_term_string\"}],\"inLanguage\":\"pt-BR\"},{\"@type\":\"Organization\",\"@id\":\"https:\/\/www.manaus.am.gov.br\/semasc\/#organization\",\"name\":\"Prefeitura de Manaus\",\"alternateName\":\"Prefeitura Municipal de Manaus\",\"url\":\"https:\/\/www.manaus.am.gov.br\/semasc\/\",\"logo\":{\"@type\":\"ImageObject\",\"inLanguage\":\"pt-BR\",\"@id\":\"https:\/\/www.manaus.am.gov.br\/semasc\/#\/schema\/logo\/image\/\",\"url\":\"https:\/\/www.manaus.am.gov.br\/semasc\/wp-content\/uploads\/sites\/17\/2024\/07\/favicon.png\",\"contentUrl\":\"https:\/\/www.manaus.am.gov.br\/semasc\/wp-content\/uploads\/sites\/17\/2024\/07\/favicon.png\",\"width\":300,\"height\":300,\"caption\":\"Prefeitura de Manaus\"},\"image\":{\"@id\":\"https:\/\/www.manaus.am.gov.br\/semasc\/#\/schema\/logo\/image\/\"},\"sameAs\":[\"https:\/\/www.facebook.com\/semascmanaus\",\"https:\/\/www.instagram.com\/semascmanaus\/\"]},{\"@type\":\"Person\",\"@id\":\"https:\/\/www.manaus.am.gov.br\/semasc\/#\/schema\/person\/4eea2a8f78dc853097abb026f728aa06\",\"name\":\"Renata Felix\",\"image\":{\"@type\":\"ImageObject\",\"inLanguage\":\"pt-BR\",\"@id\":\"https:\/\/www.manaus.am.gov.br\/semasc\/#\/schema\/person\/image\/\",\"url\":\"https:\/\/secure.gravatar.com\/avatar\/3c196cf9d3b837b24c8edb2c50fd8f29?s=96&d=mm&r=g\",\"contentUrl\":\"https:\/\/secure.gravatar.com\/avatar\/3c196cf9d3b837b24c8edb2c50fd8f29?s=96&d=mm&r=g\",\"caption\":\"Renata Felix\"}}]}<\/script>\n<!-- \/ Yoast SEO plugin. -->","yoast_head_json":{"title":"Prefeitura de Manaus realiza celebra\u00e7\u00e3o do Dia das Crian\u00e7as a fam\u00edlias atendidas pelo EAMAAR - SEMASC","robots":{"index":"noindex","follow":"follow"},"og_locale":"pt_BR","og_type":"article","og_title":"Prefeitura de Manaus realiza celebra\u00e7\u00e3o do Dia das Crian\u00e7as a fam\u00edlias atendidas pelo EAMAAR - SEMASC","og_url":"https:\/\/www.manaus.am.gov.br\/semasc\/prefeitura-de-manaus-realiza-celebracao-do-dia-das-criancas-a-familias-atendidas-pelo-eamaar\/","og_site_name":"SEMASC","article_publisher":"https:\/\/www.facebook.com\/semascmanaus","article_published_time":"2023-10-12T01:27:12+00:00","article_modified_time":"2023-10-12T01:27:13+00:00","og_image":[{"width":1024,"height":683,"url":"https:\/\/www.manaus.am.gov.br\/semasc\/wp-content\/uploads\/sites\/17\/2023\/10\/IMG_6175-1024x683.jpg","type":"image\/jpeg"}],"author":"Renata Felix","twitter_card":"summary_large_image","twitter_misc":{"Written by":"Renata Felix","Est. reading time":"3 minutos"},"schema":{"@context":"https:\/\/schema.org","@graph":[{"@type":"Article","@id":"https:\/\/www.manaus.am.gov.br\/semasc\/prefeitura-de-manaus-realiza-celebracao-do-dia-das-criancas-a-familias-atendidas-pelo-eamaar\/#article","isPartOf":{"@id":"https:\/\/www.manaus.am.gov.br\/semasc\/prefeitura-de-manaus-realiza-celebracao-do-dia-das-criancas-a-familias-atendidas-pelo-eamaar\/"},"author":{"name":"Renata Felix","@id":"https:\/\/www.manaus.am.gov.br\/semasc\/#\/schema\/person\/4eea2a8f78dc853097abb026f728aa06"},"headline":"Prefeitura de Manaus realiza celebra\u00e7\u00e3o do Dia das Crian\u00e7as a fam\u00edlias atendidas pelo EAMAAR","datePublished":"2023-10-12T01:27:12+00:00","dateModified":"2023-10-12T01:27:13+00:00","mainEntityOfPage":{"@id":"https:\/\/www.manaus.am.gov.br\/semasc\/prefeitura-de-manaus-realiza-celebracao-do-dia-das-criancas-a-familias-atendidas-pelo-eamaar\/"},"wordCount":438,"publisher":{"@id":"https:\/\/www.manaus.am.gov.br\/semasc\/#organization"},"image":{"@id":"https:\/\/www.manaus.am.gov.br\/semasc\/prefeitura-de-manaus-realiza-celebracao-do-dia-das-criancas-a-familias-atendidas-pelo-eamaar\/#primaryimage"},"thumbnailUrl":"https:\/\/www.manaus.am.gov.br\/semasc\/wp-content\/uploads\/sites\/17\/2023\/10\/IMG_6175.jpg","keywords":["celebra\u00e7\u00e3o","dia das crian\u00e7as","Eamaar"],"articleSection":["Eventos"],"inLanguage":"pt-BR"},{"@type":"WebPage","@id":"https:\/\/www.manaus.am.gov.br\/semasc\/prefeitura-de-manaus-realiza-celebracao-do-dia-das-criancas-a-familias-atendidas-pelo-eamaar\/","url":"https:\/\/www.manaus.am.gov.br\/semasc\/prefeitura-de-manaus-realiza-celebracao-do-dia-das-criancas-a-familias-atendidas-pelo-eamaar\/","name":"Prefeitura de Manaus realiza celebra\u00e7\u00e3o do Dia das Crian\u00e7as a fam\u00edlias atendidas pelo EAMAAR - SEMASC","isPartOf":{"@id":"https:\/\/www.manaus.am.gov.br\/semasc\/#website"},"primaryImageOfPage":{"@id":"https:\/\/www.manaus.am.gov.br\/semasc\/prefeitura-de-manaus-realiza-celebracao-do-dia-das-criancas-a-familias-atendidas-pelo-eamaar\/#primaryimage"},"image":{"@id":"https:\/\/www.manaus.am.gov.br\/semasc\/prefeitura-de-manaus-realiza-celebracao-do-dia-das-criancas-a-familias-atendidas-pelo-eamaar\/#primaryimage"},"thumbnailUrl":"https:\/\/www.manaus.am.gov.br\/semasc\/wp-content\/uploads\/sites\/17\/2023\/10\/IMG_6175.jpg","datePublished":"2023-10-12T01:27:12+00:00","dateModified":"2023-10-12T01:27:13+00:00","breadcrumb":{"@id":"https:\/\/www.manaus.am.gov.br\/semasc\/prefeitura-de-manaus-realiza-celebracao-do-dia-das-criancas-a-familias-atendidas-pelo-eamaar\/#breadcrumb"},"inLanguage":"pt-BR","potentialAction":[{"@type":"ReadAction","target":["https:\/\/www.manaus.am.gov.br\/semasc\/prefeitura-de-manaus-realiza-celebracao-do-dia-das-criancas-a-familias-atendidas-pelo-eamaar\/"]}]},{"@type":"ImageObject","inLanguage":"pt-BR","@id":"https:\/\/www.manaus.am.gov.br\/semasc\/prefeitura-de-manaus-realiza-celebracao-do-dia-das-criancas-a-familias-atendidas-pelo-eamaar\/#primaryimage","url":"https:\/\/www.manaus.am.gov.br\/semasc\/wp-content\/uploads\/sites\/17\/2023\/10\/IMG_6175.jpg","contentUrl":"https:\/\/www.manaus.am.gov.br\/semasc\/wp-content\/uploads\/sites\/17\/2023\/10\/IMG_6175.jpg","width":3456,"height":2304},{"@type":"BreadcrumbList","@id":"https:\/\/www.manaus.am.gov.br\/semasc\/prefeitura-de-manaus-realiza-celebracao-do-dia-das-criancas-a-familias-atendidas-pelo-eamaar\/#breadcrumb","itemListElement":[{"@type":"ListItem","position":1,"name":"Home","item":"https:\/\/www.manaus.am.gov.br\/semasc\/"},{"@type":"ListItem","position":2,"name":"Prefeitura de Manaus realiza celebra\u00e7\u00e3o do Dia das Crian\u00e7as a fam\u00edlias atendidas pelo EAMAAR"}]},{"@type":"WebSite","@id":"https:\/\/www.manaus.am.gov.br\/semasc\/#website","url":"https:\/\/www.manaus.am.gov.br\/semasc\/","name":"SEMASC","description":"Secretaria Municipal da Mulher, Assist\u00eancia Social e Cidadania.","publisher":{"@id":"https:\/\/www.manaus.am.gov.br\/semasc\/#organization"},"alternateName":"Secretaria Municipal da Mulher, Assist\u00eancia Social e Cidadania","potentialAction":[{"@type":"SearchAction","target":{"@type":"EntryPoint","urlTemplate":"https:\/\/www.manaus.am.gov.br\/semasc\/?s={search_term_string}"},"query-input":"required name=search_term_string"}],"inLanguage":"pt-BR"},{"@type":"Organization","@id":"https:\/\/www.manaus.am.gov.br\/semasc\/#organization","name":"Prefeitura de Manaus","alternateName":"Prefeitura Municipal de Manaus","url":"https:\/\/www.manaus.am.gov.br\/semasc\/","logo":{"@type":"ImageObject","inLanguage":"pt-BR","@id":"https:\/\/www.manaus.am.gov.br\/semasc\/#\/schema\/logo\/image\/","url":"https:\/\/www.manaus.am.gov.br\/semasc\/wp-content\/uploads\/sites\/17\/2024\/07\/favicon.png","contentUrl":"https:\/\/www.manaus.am.gov.br\/semasc\/wp-content\/uploads\/sites\/17\/2024\/07\/favicon.png","width":300,"height":300,"caption":"Prefeitura de Manaus"},"image":{"@id":"https:\/\/www.manaus.am.gov.br\/semasc\/#\/schema\/logo\/image\/"},"sameAs":["https:\/\/www.facebook.com\/semascmanaus","https:\/\/www.instagram.com\/semascmanaus\/"]},{"@type":"Person","@id":"https:\/\/www.manaus.am.gov.br\/semasc\/#\/schema\/person\/4eea2a8f78dc853097abb026f728aa06","name":"Renata Felix","image":{"@type":"ImageObject","inLanguage":"pt-BR","@id":"https:\/\/www.manaus.am.gov.br\/semasc\/#\/schema\/person\/image\/","url":"https:\/\/secure.gravatar.com\/avatar\/3c196cf9d3b837b24c8edb2c50fd8f29?s=96&d=mm&r=g","contentUrl":"https:\/\/secure.gravatar.com\/avatar\/3c196cf9d3b837b24c8edb2c50fd8f29?s=96&d=mm&r=g","caption":"Renata Felix"}}]}},"_links":{"self":[{"href":"https:\/\/www.manaus.am.gov.br\/semasc\/wp-json\/wp\/v2\/posts\/209007"}],"collection":[{"href":"https:\/\/www.manaus.am.gov.br\/semasc\/wp-json\/wp\/v2\/posts"}],"about":[{"href":"https:\/\/www.manaus.am.gov.br\/semasc\/wp-json\/wp\/v2\/types\/post"}],"author":[{"embeddable":true,"href":"https:\/\/www.manaus.am.gov.br\/semasc\/wp-json\/wp\/v2\/users\/31"}],"replies":[{"embeddable":true,"href":"https:\/\/www.manaus.am.gov.br\/semasc\/wp-json\/wp\/v2\/comments?post=209007"}],"version-history":[{"count":0,"href":"https:\/\/www.manaus.am.gov.br\/semasc\/wp-json\/wp\/v2\/posts\/209007\/revisions"}],"wp:featuredmedia":[{"embeddable":true,"href":"https:\/\/www.manaus.am.gov.br\/semasc\/wp-json\/wp\/v2\/media\/209008"}],"wp:attachment":[{"href":"https:\/\/www.manaus.am.gov.br\/semasc\/wp-json\/wp\/v2\/media?parent=209007"}],"wp:term":[{"taxonomy":"category","embeddable":true,"href":"https:\/\/www.manaus.am.gov.br\/semasc\/wp-json\/wp\/v2\/categories?post=209007"},{"taxonomy":"post_tag","embeddable":true,"href":"https:\/\/www.manaus.am.gov.br\/semasc\/wp-json\/wp\/v2\/tags?post=209007"}],"curies":[{"name":"wp","href":"https:\/\/api.w.org\/{rel}","templated":true}]}}