{"id":209005,"date":"2023-10-11T15:50:47","date_gmt":"2023-10-11T19:50:47","guid":{"rendered":"https:\/\/www.manaus.am.gov.br\/semasc\/prefeitura-de-manaus-e-cmdca-divulgam-resultado-final-das-eleicoes-para-conselheiro-tutelar\/"},"modified":"2023-10-11T15:50:47","modified_gmt":"2023-10-11T19:50:47","slug":"prefeitura-de-manaus-e-cmdca-divulgam-resultado-final-das-eleicoes-para-conselheiro-tutelar","status":"publish","type":"post","link":"https:\/\/www.manaus.am.gov.br\/semasc\/prefeitura-de-manaus-e-cmdca-divulgam-resultado-final-das-eleicoes-para-conselheiro-tutelar\/","title":{"rendered":"<strong>Prefeitura de Manaus e CMDCA divulgam resultado final das elei\u00e7\u00f5es para conselheiro tutelar<\/strong>"},"content":{"rendered":"\n<p>A Prefeitura de Manaus, por meio da Secretaria Municipal da Mulher, Assist\u00eancia Social e Cidadania (Semasc), e o Conselho Municipal dos Direitos da Crian\u00e7a e do Adolescente (CMDCA) divulgaram no Di\u00e1rio Oficial do Munic\u00edpio (DOM), edi\u00e7\u00e3o 5.687, desta ter\u00e7a-feira, 10\/10, o resultado final das elei\u00e7\u00f5es para os novos conselheiros tutelares da cidade. O pleito, que ocorreu no dia 1\u00ba de outubro, contou com a participa\u00e7\u00e3o ativa de milhares de manauaras, refletindo a import\u00e2ncia que a popula\u00e7\u00e3o local d\u00e1 \u00e0 prote\u00e7\u00e3o dos direitos da crian\u00e7a e do adolescente.<\/p>\n\n\n\n<p>Os cinco candidatos mais votados nas dez zonas da cidade ir\u00e3o compor os quadros de conselheiros da capital para o quadri\u00eanio 2024-2027. Os nomes, que abrangem representantes de diversos bairros e regi\u00f5es da cidade, s\u00e3o:<\/p>\n\n\n\n<p><strong>Zona Centro-Sul<\/strong><\/p>\n\n\n\n<p>1. Jos\u00e9 Daniel Serr\u00e3o da Silva \u2013 1.194 votos<\/p>\n\n\n\n<p>2. Ana Beatriz Fernandes Silva &#8211; 910 votos&nbsp;<\/p>\n\n\n\n<p>3. Francisco Coelho de Souza Neto &#8211; 854 votos<\/p>\n\n\n\n<p>4. Gabrielly da Silva Dias &#8211; 584 votos<\/p>\n\n\n\n<p>5. Ruziney Rodrigues Ribeiro &#8211; 560 votos<\/p>\n\n\n\n<p><strong>Zona Norte I<\/strong><\/p>\n\n\n\n<p>1. Ana Paula Mesquita de Ara\u00fajo &#8211; 2.537 votos<\/p>\n\n\n\n<p>2. Fab\u00edola Mateus dos Reis \u2013 1.614 votos<\/p>\n\n\n\n<p>3. Elino da Silva dos Santos &#8211; 1.333 votos<\/p>\n\n\n\n<p>4. Emanuel Melo de Ara\u00fajo &#8211; 1.273 votos<\/p>\n\n\n\n<p>5. Gyovanna Ingrid Nascimento da Silva &#8211; 1.125 votos<\/p>\n\n\n\n<p><strong>Zona Norte II<\/strong><\/p>\n\n\n\n<p>1. Rubem Lima Menezes \u2013 1.298 votos<\/p>\n\n\n\n<p>2. Jos\u00e9 Raimundo Maia da Silva &#8211; 776 votos<\/p>\n\n\n\n<p>3. Suzy Anne Lima Maia &#8211; 733 votos<\/p>\n\n\n\n<p>4. Jailson Ribeiro dos Santos &#8211; 480 votos<\/p>\n\n\n\n<p>5. Jo\u00e3o Bosco Nery de Oliveira &#8211; 360 votos<\/p>\n\n\n\n<p><strong>Zona Sul I<\/strong><\/p>\n\n\n\n<p>1. Kirk Jober Isaac Sahdo \u2013 2.013 votos<\/p>\n\n\n\n<p>2. Ana Campos Guimar\u00e3es \u2013 1.862 votos<\/p>\n\n\n\n<p>3. Cristiane Souza dos Anjos \u2013 1.065 votos<\/p>\n\n\n\n<p>4. Clayf Alberto Ara\u00fajo de Souza \u2013 1.034 votos<\/p>\n\n\n\n<p>5. Diane Maria Dias Penha &#8211; 834 votos<\/p>\n\n\n\n<p><strong>Zona Sul II<\/strong><\/p>\n\n\n\n<p>1. Petr\u00f4nio Martins Carlos Neto &#8211; 1.183 votos<\/p>\n\n\n\n<p>2. Carlos Farias Lima \u2013 1.014 votos<\/p>\n\n\n\n<p>3. Luiz Paulo Oliveira de Moraes &#8211; 936<\/p>\n\n\n\n<p>4. Danielle Pimenta dos Santos &#8211; 700 votos<\/p>\n\n\n\n<p>5. Elizandra Batista da Silva &#8211; 682 votos<\/p>\n\n\n\n<p><strong>Zona Leste I<\/strong><\/p>\n\n\n\n<p>1. Walter Hubmayer da Gama Leite &#8211; 1.838 votos<\/p>\n\n\n\n<p>2. Altacy Mota Miranda &#8211; 1.658 votos&nbsp;<\/p>\n\n\n\n<p>3. Adan Lucas Coelho de S\u00e1 &#8211; 1.489<\/p>\n\n\n\n<p>4. Luana Caroline Benitah de Moraes \u2013 1.335 votos<\/p>\n\n\n\n<p>5. Aldemir Brito de Aguiar \u2013 1.333 votos<\/p>\n\n\n\n<p><strong>Zona Leste II<\/strong><\/p>\n\n\n\n<p>1. Marcos Lima da Cunha &#8211; 1.527<\/p>\n\n\n\n<p>2. Carla Ol\u00edvia Simpl\u00edcio Ribeiro &#8211; 1.286<\/p>\n\n\n\n<p>3. Marlina Silva de Jesus &#8211; 1.217 votos<\/p>\n\n\n\n<p>4. Jeferson Chagas da Mota \u2013 1.159 votos&nbsp;<\/p>\n\n\n\n<p>5. \u00c2ngela Aguiar dos Santos &#8211; 1.156 votos<\/p>\n\n\n\n<p><strong>Zona Oeste<\/strong><\/p>\n\n\n\n<p>1. Mayra Ferreira da Silva Evangelista &#8211; 2.421 votos<\/p>\n\n\n\n<p>2. Raquel Souza da Cunha -1.555 votos<\/p>\n\n\n\n<p>3. Robert Muller Pinheiro Borges \u2013 1.348 votos<\/p>\n\n\n\n<p>4. Cleber Ant\u00f4nio de Lima Pinheiro &#8211; 973 votos<\/p>\n\n\n\n<p>5. Albeir Leite Lobo &#8211; 927 votos<\/p>\n\n\n\n<p><strong>Zona Centro-Oeste<\/strong><\/p>\n\n\n\n<p>1. Railssa Aguiar de Almeida (sub judice) \u2013 1.767 votos&nbsp;<\/p>\n\n\n\n<p>2. Maria Valc\u00e9lia Dias de Oliveira &#8211; 993 votos<\/p>\n\n\n\n<p>3. Leidinalva do Nascimento Martins &#8211; 870 votos&nbsp;<\/p>\n\n\n\n<p>4. Ant\u00f4nio Carlos Solano Martins &#8211; 743 votos<\/p>\n\n\n\n<p>5. Jo\u00e3o Raimundo Furtado \u2013 538 votos<\/p>\n\n\n\n<p><strong>Zona Rural<\/strong><\/p>\n\n\n\n<p>1. Manoel Francisco da Silva Junior &#8211; 749 votos<\/p>\n\n\n\n<p>2. Jefferson Soares da Silva &#8211; 428 votos&nbsp;<\/p>\n\n\n\n<p>3. Jos\u00e9 Edimilson Maia Britto &#8211; 368 votos<\/p>\n\n\n\n<p>4. Mirian de Jesus Lima Solano&nbsp;&#8211; 260 votos<\/p>\n\n\n\n<p>5. Marin\u00eaz Paz do Nascimento &#8211; 207 votos.<\/p>\n\n\n\n<p>O processo eleitoral foi organizado pelo Conselho Municipal dos Direitos da Crian\u00e7a e do Adolescente (CMDCA) e supervisionado pelo Minist\u00e9rio P\u00fablico do Estado do Amazonas, Defensoria P\u00fablica do Estado do Amazonas e com apoio do Tribunal Regional Eleitoral do Amazonas.<\/p>\n\n\n\n<p>A fun\u00e7\u00e3o dos conselheiros tutelares \u00e9 essencial para a garantia dos direitos das crian\u00e7as e adolescentes na cidade. Eles atuam em casos de den\u00fancias de maus-tratos, neglig\u00eancia, explora\u00e7\u00e3o sexual e outras situa\u00e7\u00f5es de risco, colaborando com a justi\u00e7a e \u00f3rg\u00e3os competentes.<\/p>\n\n\n\n<p>\u201cDurante a elei\u00e7\u00e3o para o Conselho Tutelar a sociedade pode reafirmar seu compromisso com a prote\u00e7\u00e3o de crian\u00e7as e adolescentes, escolhendo representantes que lutem pela garantia e efetiva\u00e7\u00e3o dos direitos desse p\u00fablico\u201d, declarou o secret\u00e1rio da Semasc, Eduardo Lucas.<\/p>\n\n\n\n<p>A pr\u00f3xima etapa do processo \u00e9 a capacita\u00e7\u00e3o dos conselheiros e a cerim\u00f4nia de posse est\u00e1 prevista para acontecer em janeiro de 2024.<\/p>\n\n\n\n<p>\u201cA Prefeitura de Manaus e o CMDCA envidaram todos os esfor\u00e7os necess\u00e1rios para que pud\u00e9ssemos ter um processo eleitoral que fosse transparente e que permitisse \u00e0 popula\u00e7\u00e3o escolher os conselheiros que melhor garantissem o direito de crian\u00e7as e adolescentes. Agradecemos a participa\u00e7\u00e3o popular nas urnas, destacando a democracia e o compromisso coletivo com o bem-estar das crian\u00e7as e adolescentes da capital amazonense\u201d, finalizou a presidente do CMDCA, Gra\u00e7a Prola.<\/p>\n\n\n\n<p>&#8212; &#8212; &#8212;<\/p>\n\n\n\n<p><strong>Texto &#8211;<\/strong> Leonardo Fierro \/ Semasc<\/p>\n\n\n\n<p><strong>Fotos &#8211;&nbsp; <\/strong>Semcom \/ Arquivo<\/p>\n\n\n\n<p><strong>Dispon\u00edveis em<\/strong>&nbsp;&#8211;&nbsp;<a href=\"https:\/\/flic.kr\/s\/aHBqjAWSby\" target=\"_blank\" rel=\"noreferrer noopener\">https:\/\/flic.kr\/s\/aHBqjAWSby<\/a><\/p>\n","protected":false},"excerpt":{"rendered":"","protected":false},"author":31,"featured_media":209006,"comment_status":"closed","ping_status":"closed","sticky":false,"template":"","format":"standard","meta":{"footnotes":""},"categories":[353],"tags":[398,111,501],"acf":[],"yoast_head":"<!-- This site is optimized with the Yoast SEO plugin v23.0 - https:\/\/yoast.com\/wordpress\/plugins\/seo\/ -->\n<title>Prefeitura de Manaus e CMDCA divulgam resultado final das elei\u00e7\u00f5es para conselheiro tutelar - SEMASC<\/title>\n<meta name=\"robots\" content=\"noindex, follow\" \/>\n<meta property=\"og:locale\" content=\"pt_BR\" \/>\n<meta property=\"og:type\" content=\"article\" \/>\n<meta property=\"og:title\" content=\"Prefeitura de Manaus e CMDCA divulgam resultado final das elei\u00e7\u00f5es para conselheiro tutelar - SEMASC\" \/>\n<meta property=\"og:url\" content=\"https:\/\/www.manaus.am.gov.br\/semasc\/prefeitura-de-manaus-e-cmdca-divulgam-resultado-final-das-eleicoes-para-conselheiro-tutelar\/\" \/>\n<meta property=\"og:site_name\" content=\"SEMASC\" \/>\n<meta property=\"article:publisher\" content=\"https:\/\/www.facebook.com\/semascmanaus\" \/>\n<meta property=\"article:published_time\" content=\"2023-10-11T19:50:47+00:00\" \/>\n<meta property=\"og:image\" content=\"https:\/\/www.manaus.am.gov.br\/semasc\/wp-content\/uploads\/sites\/17\/2023\/10\/53227817688_dcd411e766_c.jpg\" \/>\n\t<meta property=\"og:image:width\" content=\"799\" \/>\n\t<meta property=\"og:image:height\" content=\"533\" \/>\n\t<meta property=\"og:image:type\" content=\"image\/jpeg\" \/>\n<meta name=\"author\" content=\"Renata Felix\" \/>\n<meta name=\"twitter:card\" content=\"summary_large_image\" \/>\n<meta name=\"twitter:label1\" content=\"Written by\" \/>\n\t<meta name=\"twitter:data1\" content=\"Renata Felix\" \/>\n\t<meta name=\"twitter:label2\" content=\"Est. reading time\" \/>\n\t<meta name=\"twitter:data2\" content=\"5 minutos\" \/>\n<script type=\"application\/ld+json\" class=\"yoast-schema-graph\">{\"@context\":\"https:\/\/schema.org\",\"@graph\":[{\"@type\":\"Article\",\"@id\":\"https:\/\/www.manaus.am.gov.br\/semasc\/prefeitura-de-manaus-e-cmdca-divulgam-resultado-final-das-eleicoes-para-conselheiro-tutelar\/#article\",\"isPartOf\":{\"@id\":\"https:\/\/www.manaus.am.gov.br\/semasc\/prefeitura-de-manaus-e-cmdca-divulgam-resultado-final-das-eleicoes-para-conselheiro-tutelar\/\"},\"author\":{\"name\":\"Renata Felix\",\"@id\":\"https:\/\/www.manaus.am.gov.br\/semasc\/#\/schema\/person\/4eea2a8f78dc853097abb026f728aa06\"},\"headline\":\"Prefeitura de Manaus e CMDCA divulgam resultado final das elei\u00e7\u00f5es para conselheiro tutelar\",\"datePublished\":\"2023-10-11T19:50:47+00:00\",\"dateModified\":\"2023-10-11T19:50:47+00:00\",\"mainEntityOfPage\":{\"@id\":\"https:\/\/www.manaus.am.gov.br\/semasc\/prefeitura-de-manaus-e-cmdca-divulgam-resultado-final-das-eleicoes-para-conselheiro-tutelar\/\"},\"wordCount\":751,\"publisher\":{\"@id\":\"https:\/\/www.manaus.am.gov.br\/semasc\/#organization\"},\"image\":{\"@id\":\"https:\/\/www.manaus.am.gov.br\/semasc\/prefeitura-de-manaus-e-cmdca-divulgam-resultado-final-das-eleicoes-para-conselheiro-tutelar\/#primaryimage\"},\"thumbnailUrl\":\"https:\/\/www.manaus.am.gov.br\/semasc\/wp-content\/uploads\/sites\/17\/2023\/10\/53227817688_dcd411e766_c.jpg\",\"keywords\":[\"conselheiro tutelar\",\"elei\u00e7\u00e3o\",\"resultado\"],\"articleSection\":[\"Elei\u00e7\u00e3o\"],\"inLanguage\":\"pt-BR\"},{\"@type\":\"WebPage\",\"@id\":\"https:\/\/www.manaus.am.gov.br\/semasc\/prefeitura-de-manaus-e-cmdca-divulgam-resultado-final-das-eleicoes-para-conselheiro-tutelar\/\",\"url\":\"https:\/\/www.manaus.am.gov.br\/semasc\/prefeitura-de-manaus-e-cmdca-divulgam-resultado-final-das-eleicoes-para-conselheiro-tutelar\/\",\"name\":\"Prefeitura de Manaus e CMDCA divulgam resultado final das elei\u00e7\u00f5es para conselheiro tutelar - SEMASC\",\"isPartOf\":{\"@id\":\"https:\/\/www.manaus.am.gov.br\/semasc\/#website\"},\"primaryImageOfPage\":{\"@id\":\"https:\/\/www.manaus.am.gov.br\/semasc\/prefeitura-de-manaus-e-cmdca-divulgam-resultado-final-das-eleicoes-para-conselheiro-tutelar\/#primaryimage\"},\"image\":{\"@id\":\"https:\/\/www.manaus.am.gov.br\/semasc\/prefeitura-de-manaus-e-cmdca-divulgam-resultado-final-das-eleicoes-para-conselheiro-tutelar\/#primaryimage\"},\"thumbnailUrl\":\"https:\/\/www.manaus.am.gov.br\/semasc\/wp-content\/uploads\/sites\/17\/2023\/10\/53227817688_dcd411e766_c.jpg\",\"datePublished\":\"2023-10-11T19:50:47+00:00\",\"dateModified\":\"2023-10-11T19:50:47+00:00\",\"breadcrumb\":{\"@id\":\"https:\/\/www.manaus.am.gov.br\/semasc\/prefeitura-de-manaus-e-cmdca-divulgam-resultado-final-das-eleicoes-para-conselheiro-tutelar\/#breadcrumb\"},\"inLanguage\":\"pt-BR\",\"potentialAction\":[{\"@type\":\"ReadAction\",\"target\":[\"https:\/\/www.manaus.am.gov.br\/semasc\/prefeitura-de-manaus-e-cmdca-divulgam-resultado-final-das-eleicoes-para-conselheiro-tutelar\/\"]}]},{\"@type\":\"ImageObject\",\"inLanguage\":\"pt-BR\",\"@id\":\"https:\/\/www.manaus.am.gov.br\/semasc\/prefeitura-de-manaus-e-cmdca-divulgam-resultado-final-das-eleicoes-para-conselheiro-tutelar\/#primaryimage\",\"url\":\"https:\/\/www.manaus.am.gov.br\/semasc\/wp-content\/uploads\/sites\/17\/2023\/10\/53227817688_dcd411e766_c.jpg\",\"contentUrl\":\"https:\/\/www.manaus.am.gov.br\/semasc\/wp-content\/uploads\/sites\/17\/2023\/10\/53227817688_dcd411e766_c.jpg\",\"width\":799,\"height\":533},{\"@type\":\"BreadcrumbList\",\"@id\":\"https:\/\/www.manaus.am.gov.br\/semasc\/prefeitura-de-manaus-e-cmdca-divulgam-resultado-final-das-eleicoes-para-conselheiro-tutelar\/#breadcrumb\",\"itemListElement\":[{\"@type\":\"ListItem\",\"position\":1,\"name\":\"Home\",\"item\":\"https:\/\/www.manaus.am.gov.br\/semasc\/\"},{\"@type\":\"ListItem\",\"position\":2,\"name\":\"Prefeitura de Manaus e CMDCA divulgam resultado final das elei\u00e7\u00f5es para conselheiro tutelar\"}]},{\"@type\":\"WebSite\",\"@id\":\"https:\/\/www.manaus.am.gov.br\/semasc\/#website\",\"url\":\"https:\/\/www.manaus.am.gov.br\/semasc\/\",\"name\":\"SEMASC\",\"description\":\"Secretaria Municipal da Mulher, Assist\u00eancia Social e Cidadania.\",\"publisher\":{\"@id\":\"https:\/\/www.manaus.am.gov.br\/semasc\/#organization\"},\"alternateName\":\"Secretaria Municipal da Mulher, Assist\u00eancia Social e Cidadania\",\"potentialAction\":[{\"@type\":\"SearchAction\",\"target\":{\"@type\":\"EntryPoint\",\"urlTemplate\":\"https:\/\/www.manaus.am.gov.br\/semasc\/?s={search_term_string}\"},\"query-input\":\"required name=search_term_string\"}],\"inLanguage\":\"pt-BR\"},{\"@type\":\"Organization\",\"@id\":\"https:\/\/www.manaus.am.gov.br\/semasc\/#organization\",\"name\":\"Prefeitura de Manaus\",\"alternateName\":\"Prefeitura Municipal de Manaus\",\"url\":\"https:\/\/www.manaus.am.gov.br\/semasc\/\",\"logo\":{\"@type\":\"ImageObject\",\"inLanguage\":\"pt-BR\",\"@id\":\"https:\/\/www.manaus.am.gov.br\/semasc\/#\/schema\/logo\/image\/\",\"url\":\"https:\/\/www.manaus.am.gov.br\/semasc\/wp-content\/uploads\/sites\/17\/2024\/07\/favicon.png\",\"contentUrl\":\"https:\/\/www.manaus.am.gov.br\/semasc\/wp-content\/uploads\/sites\/17\/2024\/07\/favicon.png\",\"width\":300,\"height\":300,\"caption\":\"Prefeitura de Manaus\"},\"image\":{\"@id\":\"https:\/\/www.manaus.am.gov.br\/semasc\/#\/schema\/logo\/image\/\"},\"sameAs\":[\"https:\/\/www.facebook.com\/semascmanaus\",\"https:\/\/www.instagram.com\/semascmanaus\/\"]},{\"@type\":\"Person\",\"@id\":\"https:\/\/www.manaus.am.gov.br\/semasc\/#\/schema\/person\/4eea2a8f78dc853097abb026f728aa06\",\"name\":\"Renata Felix\",\"image\":{\"@type\":\"ImageObject\",\"inLanguage\":\"pt-BR\",\"@id\":\"https:\/\/www.manaus.am.gov.br\/semasc\/#\/schema\/person\/image\/\",\"url\":\"https:\/\/secure.gravatar.com\/avatar\/3c196cf9d3b837b24c8edb2c50fd8f29?s=96&d=mm&r=g\",\"contentUrl\":\"https:\/\/secure.gravatar.com\/avatar\/3c196cf9d3b837b24c8edb2c50fd8f29?s=96&d=mm&r=g\",\"caption\":\"Renata Felix\"}}]}<\/script>\n<!-- \/ Yoast SEO plugin. -->","yoast_head_json":{"title":"Prefeitura de Manaus e CMDCA divulgam resultado final das elei\u00e7\u00f5es para conselheiro tutelar - SEMASC","robots":{"index":"noindex","follow":"follow"},"og_locale":"pt_BR","og_type":"article","og_title":"Prefeitura de Manaus e CMDCA divulgam resultado final das elei\u00e7\u00f5es para conselheiro tutelar - SEMASC","og_url":"https:\/\/www.manaus.am.gov.br\/semasc\/prefeitura-de-manaus-e-cmdca-divulgam-resultado-final-das-eleicoes-para-conselheiro-tutelar\/","og_site_name":"SEMASC","article_publisher":"https:\/\/www.facebook.com\/semascmanaus","article_published_time":"2023-10-11T19:50:47+00:00","og_image":[{"width":799,"height":533,"url":"https:\/\/www.manaus.am.gov.br\/semasc\/wp-content\/uploads\/sites\/17\/2023\/10\/53227817688_dcd411e766_c.jpg","type":"image\/jpeg"}],"author":"Renata Felix","twitter_card":"summary_large_image","twitter_misc":{"Written by":"Renata Felix","Est. reading time":"5 minutos"},"schema":{"@context":"https:\/\/schema.org","@graph":[{"@type":"Article","@id":"https:\/\/www.manaus.am.gov.br\/semasc\/prefeitura-de-manaus-e-cmdca-divulgam-resultado-final-das-eleicoes-para-conselheiro-tutelar\/#article","isPartOf":{"@id":"https:\/\/www.manaus.am.gov.br\/semasc\/prefeitura-de-manaus-e-cmdca-divulgam-resultado-final-das-eleicoes-para-conselheiro-tutelar\/"},"author":{"name":"Renata Felix","@id":"https:\/\/www.manaus.am.gov.br\/semasc\/#\/schema\/person\/4eea2a8f78dc853097abb026f728aa06"},"headline":"Prefeitura de Manaus e CMDCA divulgam resultado final das elei\u00e7\u00f5es para conselheiro tutelar","datePublished":"2023-10-11T19:50:47+00:00","dateModified":"2023-10-11T19:50:47+00:00","mainEntityOfPage":{"@id":"https:\/\/www.manaus.am.gov.br\/semasc\/prefeitura-de-manaus-e-cmdca-divulgam-resultado-final-das-eleicoes-para-conselheiro-tutelar\/"},"wordCount":751,"publisher":{"@id":"https:\/\/www.manaus.am.gov.br\/semasc\/#organization"},"image":{"@id":"https:\/\/www.manaus.am.gov.br\/semasc\/prefeitura-de-manaus-e-cmdca-divulgam-resultado-final-das-eleicoes-para-conselheiro-tutelar\/#primaryimage"},"thumbnailUrl":"https:\/\/www.manaus.am.gov.br\/semasc\/wp-content\/uploads\/sites\/17\/2023\/10\/53227817688_dcd411e766_c.jpg","keywords":["conselheiro tutelar","elei\u00e7\u00e3o","resultado"],"articleSection":["Elei\u00e7\u00e3o"],"inLanguage":"pt-BR"},{"@type":"WebPage","@id":"https:\/\/www.manaus.am.gov.br\/semasc\/prefeitura-de-manaus-e-cmdca-divulgam-resultado-final-das-eleicoes-para-conselheiro-tutelar\/","url":"https:\/\/www.manaus.am.gov.br\/semasc\/prefeitura-de-manaus-e-cmdca-divulgam-resultado-final-das-eleicoes-para-conselheiro-tutelar\/","name":"Prefeitura de Manaus e CMDCA divulgam resultado final das elei\u00e7\u00f5es para conselheiro tutelar - SEMASC","isPartOf":{"@id":"https:\/\/www.manaus.am.gov.br\/semasc\/#website"},"primaryImageOfPage":{"@id":"https:\/\/www.manaus.am.gov.br\/semasc\/prefeitura-de-manaus-e-cmdca-divulgam-resultado-final-das-eleicoes-para-conselheiro-tutelar\/#primaryimage"},"image":{"@id":"https:\/\/www.manaus.am.gov.br\/semasc\/prefeitura-de-manaus-e-cmdca-divulgam-resultado-final-das-eleicoes-para-conselheiro-tutelar\/#primaryimage"},"thumbnailUrl":"https:\/\/www.manaus.am.gov.br\/semasc\/wp-content\/uploads\/sites\/17\/2023\/10\/53227817688_dcd411e766_c.jpg","datePublished":"2023-10-11T19:50:47+00:00","dateModified":"2023-10-11T19:50:47+00:00","breadcrumb":{"@id":"https:\/\/www.manaus.am.gov.br\/semasc\/prefeitura-de-manaus-e-cmdca-divulgam-resultado-final-das-eleicoes-para-conselheiro-tutelar\/#breadcrumb"},"inLanguage":"pt-BR","potentialAction":[{"@type":"ReadAction","target":["https:\/\/www.manaus.am.gov.br\/semasc\/prefeitura-de-manaus-e-cmdca-divulgam-resultado-final-das-eleicoes-para-conselheiro-tutelar\/"]}]},{"@type":"ImageObject","inLanguage":"pt-BR","@id":"https:\/\/www.manaus.am.gov.br\/semasc\/prefeitura-de-manaus-e-cmdca-divulgam-resultado-final-das-eleicoes-para-conselheiro-tutelar\/#primaryimage","url":"https:\/\/www.manaus.am.gov.br\/semasc\/wp-content\/uploads\/sites\/17\/2023\/10\/53227817688_dcd411e766_c.jpg","contentUrl":"https:\/\/www.manaus.am.gov.br\/semasc\/wp-content\/uploads\/sites\/17\/2023\/10\/53227817688_dcd411e766_c.jpg","width":799,"height":533},{"@type":"BreadcrumbList","@id":"https:\/\/www.manaus.am.gov.br\/semasc\/prefeitura-de-manaus-e-cmdca-divulgam-resultado-final-das-eleicoes-para-conselheiro-tutelar\/#breadcrumb","itemListElement":[{"@type":"ListItem","position":1,"name":"Home","item":"https:\/\/www.manaus.am.gov.br\/semasc\/"},{"@type":"ListItem","position":2,"name":"Prefeitura de Manaus e CMDCA divulgam resultado final das elei\u00e7\u00f5es para conselheiro tutelar"}]},{"@type":"WebSite","@id":"https:\/\/www.manaus.am.gov.br\/semasc\/#website","url":"https:\/\/www.manaus.am.gov.br\/semasc\/","name":"SEMASC","description":"Secretaria Municipal da Mulher, Assist\u00eancia Social e Cidadania.","publisher":{"@id":"https:\/\/www.manaus.am.gov.br\/semasc\/#organization"},"alternateName":"Secretaria Municipal da Mulher, Assist\u00eancia Social e Cidadania","potentialAction":[{"@type":"SearchAction","target":{"@type":"EntryPoint","urlTemplate":"https:\/\/www.manaus.am.gov.br\/semasc\/?s={search_term_string}"},"query-input":"required name=search_term_string"}],"inLanguage":"pt-BR"},{"@type":"Organization","@id":"https:\/\/www.manaus.am.gov.br\/semasc\/#organization","name":"Prefeitura de Manaus","alternateName":"Prefeitura Municipal de Manaus","url":"https:\/\/www.manaus.am.gov.br\/semasc\/","logo":{"@type":"ImageObject","inLanguage":"pt-BR","@id":"https:\/\/www.manaus.am.gov.br\/semasc\/#\/schema\/logo\/image\/","url":"https:\/\/www.manaus.am.gov.br\/semasc\/wp-content\/uploads\/sites\/17\/2024\/07\/favicon.png","contentUrl":"https:\/\/www.manaus.am.gov.br\/semasc\/wp-content\/uploads\/sites\/17\/2024\/07\/favicon.png","width":300,"height":300,"caption":"Prefeitura de Manaus"},"image":{"@id":"https:\/\/www.manaus.am.gov.br\/semasc\/#\/schema\/logo\/image\/"},"sameAs":["https:\/\/www.facebook.com\/semascmanaus","https:\/\/www.instagram.com\/semascmanaus\/"]},{"@type":"Person","@id":"https:\/\/www.manaus.am.gov.br\/semasc\/#\/schema\/person\/4eea2a8f78dc853097abb026f728aa06","name":"Renata Felix","image":{"@type":"ImageObject","inLanguage":"pt-BR","@id":"https:\/\/www.manaus.am.gov.br\/semasc\/#\/schema\/person\/image\/","url":"https:\/\/secure.gravatar.com\/avatar\/3c196cf9d3b837b24c8edb2c50fd8f29?s=96&d=mm&r=g","contentUrl":"https:\/\/secure.gravatar.com\/avatar\/3c196cf9d3b837b24c8edb2c50fd8f29?s=96&d=mm&r=g","caption":"Renata Felix"}}]}},"_links":{"self":[{"href":"https:\/\/www.manaus.am.gov.br\/semasc\/wp-json\/wp\/v2\/posts\/209005"}],"collection":[{"href":"https:\/\/www.manaus.am.gov.br\/semasc\/wp-json\/wp\/v2\/posts"}],"about":[{"href":"https:\/\/www.manaus.am.gov.br\/semasc\/wp-json\/wp\/v2\/types\/post"}],"author":[{"embeddable":true,"href":"https:\/\/www.manaus.am.gov.br\/semasc\/wp-json\/wp\/v2\/users\/31"}],"replies":[{"embeddable":true,"href":"https:\/\/www.manaus.am.gov.br\/semasc\/wp-json\/wp\/v2\/comments?post=209005"}],"version-history":[{"count":0,"href":"https:\/\/www.manaus.am.gov.br\/semasc\/wp-json\/wp\/v2\/posts\/209005\/revisions"}],"wp:featuredmedia":[{"embeddable":true,"href":"https:\/\/www.manaus.am.gov.br\/semasc\/wp-json\/wp\/v2\/media\/209006"}],"wp:attachment":[{"href":"https:\/\/www.manaus.am.gov.br\/semasc\/wp-json\/wp\/v2\/media?parent=209005"}],"wp:term":[{"taxonomy":"category","embeddable":true,"href":"https:\/\/www.manaus.am.gov.br\/semasc\/wp-json\/wp\/v2\/categories?post=209005"},{"taxonomy":"post_tag","embeddable":true,"href":"https:\/\/www.manaus.am.gov.br\/semasc\/wp-json\/wp\/v2\/tags?post=209005"}],"curies":[{"name":"wp","href":"https:\/\/api.w.org\/{rel}","templated":true}]}}