{"id":208994,"date":"2023-10-06T15:29:38","date_gmt":"2023-10-06T19:29:38","guid":{"rendered":"https:\/\/www.manaus.am.gov.br\/semasc\/inscricoes-para-recomposicao-do-conselho-municipal-dos-direitos-humanos-encerram-na-proxima-segunda-feira-9-10\/"},"modified":"2023-11-24T17:01:13","modified_gmt":"2023-11-24T21:01:13","slug":"inscricoes-para-recomposicao-do-conselho-municipal-dos-direitos-humanos-encerram-na-proxima-segunda-feira-9-10","status":"publish","type":"post","link":"https:\/\/www.manaus.am.gov.br\/semasc\/inscricoes-para-recomposicao-do-conselho-municipal-dos-direitos-humanos-encerram-na-proxima-segunda-feira-9-10\/","title":{"rendered":"Inscri\u00e7\u00f5es para recomposi\u00e7\u00e3o do Conselho Municipal dos Direitos Humanos encerram na pr\u00f3xima segunda-feira, 9\/10"},"content":{"rendered":"\n<p>O per\u00edodo de inscri\u00e7\u00e3o das Organiza\u00e7\u00f5es da Sociedade Civil para a Assembleia Geral que ir\u00e1 discutir a recomposi\u00e7\u00e3o do Conselho Municipal dos Direitos Humanos (CMDH) encerra na pr\u00f3xima segunda-feira, 9\/10. A entrega de documentos dever\u00e1 ser feita at\u00e9 as 16h, na sede do Conselho, localizada no Centro Social Urbano (CSU) do Parque 10, no bairro Parque 10 de Novembro, zona Centro-Sul.<\/p>\n\n\n\n<p>A assembleia ser\u00e1 realizada no dia 7\/11 e a participa\u00e7\u00e3o das OSCs na recomposi\u00e7\u00e3o do CMDH \u00e9 fundamental para garantir que os diversos segmentos da sociedade estejam representados, assegurando, assim, uma abordagem ampla e inclusiva em rela\u00e7\u00e3o \u00e0s quest\u00f5es de direitos humanos na cidade.<\/p>\n\n\n\n<p>A participa\u00e7\u00e3o das organiza\u00e7\u00f5es e seus representantes na Assembleia Geral est\u00e1 condicionada \u00e0 apresenta\u00e7\u00e3o no ato da inscri\u00e7\u00e3o, os seguintes documentos:<\/p>\n\n\n\n<p>a) Ficha de Inscri\u00e7\u00e3o (Requerimento de Habilita\u00e7\u00e3o);<\/p>\n\n\n\n<p>b) Original e c\u00f3pia do Estatuto da entidade ou organiza\u00e7\u00e3o, em vigor; devidamente registrado e atualizado de acordo com o C\u00f3digo Civil;<\/p>\n\n\n\n<p>c) Original e c\u00f3pia da Ata de elei\u00e7\u00e3o e posse da atual diretoria;<\/p>\n\n\n\n<p>d) Declara\u00e7\u00e3o de funcionamento, devidamente assinado pelo representante legal da entidade da organiza\u00e7\u00e3o;<\/p>\n\n\n\n<p>e) CNPJ atualizado;<\/p>\n\n\n\n<p>f) Formul\u00e1rio com informa\u00e7\u00f5es para comunica\u00e7\u00e3o com a entidade ou organiza\u00e7\u00e3o, na qual conste endere\u00e7o completo, telefone, e-mail, pessoa de refer\u00eancia e outras informa\u00e7\u00f5es importantes em tempo h\u00e1bil.<\/p>\n\n\n\n<p>As vagas destinadas aos assentos do Conselho ser\u00e3o distribu\u00eddas entre as entidades que trabalhem fam\u00edlia, crian\u00e7a e adolescente, idoso, ind\u00edgena, entidades Mesti\u00e7as, afrodescendentes e representantes de outras minorias.<\/p>\n\n\n\n<p>O CMDH\/Manaus \u00e9 um espa\u00e7o estrat\u00e9gico para promover os direitos humanos em nosso munic\u00edpio, fazendo ponte entre a sociedade civil e o poder p\u00fablico. Assim, \u00e9 essencial que a recomposi\u00e7\u00e3o de seus assentos seja realizada com a presen\u00e7a e atua\u00e7\u00e3o ativa das OSCs.<\/p>\n\n\n\n<p>&#8212; &#8212; &#8212;<\/p>\n\n\n\n<p><strong>Texto &#8211; <\/strong>Leonardo Fierro \/ Semasc<\/p>\n\n\n\n<p><strong>Foto \u2013 <\/strong>Arquivo \/ Semcom<\/p>\n","protected":false},"excerpt":{"rendered":"","protected":false},"author":39,"featured_media":208995,"comment_status":"closed","ping_status":"closed","sticky":false,"template":"","format":"standard","meta":{"footnotes":""},"categories":[156],"tags":[405,336,492,493,7,18],"acf":[],"yoast_head":"<!-- This site is optimized with the Yoast SEO plugin v23.0 - https:\/\/yoast.com\/wordpress\/plugins\/seo\/ -->\n<title>Inscri\u00e7\u00f5es para recomposi\u00e7\u00e3o do Conselho Municipal dos Direitos Humanos encerram na pr\u00f3xima segunda-feira, 9\/10<\/title>\n<meta name=\"description\" content=\"O per\u00edodo de inscri\u00e7\u00e3o das Organiza\u00e7\u00f5es da Sociedade Civil para a Assembleia Geral que ir\u00e1 discutir a recomposi\u00e7\u00e3o do Conselho Municipal dos Direitos Humanos (CMDH) encerra na pr\u00f3xima segunda-feira, 9\/10.\" \/>\n<meta name=\"robots\" content=\"noindex, follow\" \/>\n<meta property=\"og:locale\" content=\"pt_BR\" \/>\n<meta property=\"og:type\" content=\"article\" \/>\n<meta property=\"og:title\" content=\"Inscri\u00e7\u00f5es para recomposi\u00e7\u00e3o do Conselho Municipal dos Direitos Humanos encerram na pr\u00f3xima segunda-feira, 9\/10\" \/>\n<meta property=\"og:description\" content=\"O per\u00edodo de inscri\u00e7\u00e3o das Organiza\u00e7\u00f5es da Sociedade Civil para a Assembleia Geral que ir\u00e1 discutir a recomposi\u00e7\u00e3o do Conselho Municipal dos Direitos Humanos (CMDH) encerra na pr\u00f3xima segunda-feira, 9\/10.\" \/>\n<meta property=\"og:url\" content=\"https:\/\/www.manaus.am.gov.br\/semasc\/inscricoes-para-recomposicao-do-conselho-municipal-dos-direitos-humanos-encerram-na-proxima-segunda-feira-9-10\/\" \/>\n<meta property=\"og:site_name\" content=\"SEMASC\" \/>\n<meta property=\"article:publisher\" content=\"https:\/\/www.facebook.com\/semascmanaus\" \/>\n<meta property=\"article:published_time\" content=\"2023-10-06T19:29:38+00:00\" \/>\n<meta property=\"article:modified_time\" content=\"2023-11-24T21:01:13+00:00\" \/>\n<meta property=\"og:image\" content=\"https:\/\/www.manaus.am.gov.br\/semasc\/wp-content\/uploads\/sites\/17\/2023\/10\/CMDH.jpg\" \/>\n\t<meta property=\"og:image:width\" content=\"1536\" \/>\n\t<meta property=\"og:image:height\" content=\"1024\" \/>\n\t<meta property=\"og:image:type\" content=\"image\/jpeg\" \/>\n<meta name=\"author\" content=\"Bruna Greco\" \/>\n<meta name=\"twitter:card\" content=\"summary_large_image\" \/>\n<meta name=\"twitter:label1\" content=\"Written by\" \/>\n\t<meta name=\"twitter:data1\" content=\"Bruna Greco\" \/>\n\t<meta name=\"twitter:label2\" content=\"Est. reading time\" \/>\n\t<meta name=\"twitter:data2\" content=\"2 minutos\" \/>\n<script type=\"application\/ld+json\" class=\"yoast-schema-graph\">{\"@context\":\"https:\/\/schema.org\",\"@graph\":[{\"@type\":\"Article\",\"@id\":\"https:\/\/www.manaus.am.gov.br\/semasc\/inscricoes-para-recomposicao-do-conselho-municipal-dos-direitos-humanos-encerram-na-proxima-segunda-feira-9-10\/#article\",\"isPartOf\":{\"@id\":\"https:\/\/www.manaus.am.gov.br\/semasc\/inscricoes-para-recomposicao-do-conselho-municipal-dos-direitos-humanos-encerram-na-proxima-segunda-feira-9-10\/\"},\"author\":{\"name\":\"Bruna Greco\",\"@id\":\"https:\/\/www.manaus.am.gov.br\/semasc\/#\/schema\/person\/05d223aea2bf115f9883a6ff3683d81b\"},\"headline\":\"Inscri\u00e7\u00f5es para recomposi\u00e7\u00e3o do Conselho Municipal dos Direitos Humanos encerram na pr\u00f3xima segunda-feira, 9\/10\",\"datePublished\":\"2023-10-06T19:29:38+00:00\",\"dateModified\":\"2023-11-24T21:01:13+00:00\",\"mainEntityOfPage\":{\"@id\":\"https:\/\/www.manaus.am.gov.br\/semasc\/inscricoes-para-recomposicao-do-conselho-municipal-dos-direitos-humanos-encerram-na-proxima-segunda-feira-9-10\/\"},\"wordCount\":346,\"publisher\":{\"@id\":\"https:\/\/www.manaus.am.gov.br\/semasc\/#organization\"},\"image\":{\"@id\":\"https:\/\/www.manaus.am.gov.br\/semasc\/inscricoes-para-recomposicao-do-conselho-municipal-dos-direitos-humanos-encerram-na-proxima-segunda-feira-9-10\/#primaryimage\"},\"thumbnailUrl\":\"https:\/\/www.manaus.am.gov.br\/semasc\/wp-content\/uploads\/sites\/17\/2023\/10\/CMDH.jpg\",\"keywords\":[\"Conselho Municipal dos Direitos Humanos\",\"nota\",\"organiza\u00e7\u00f5es da sociedade civil\",\"per\u00edodo de inscri\u00e7\u00e3o\",\"prefeitura de manaus\",\"Semasc\"],\"articleSection\":[\"Nota\"],\"inLanguage\":\"pt-BR\"},{\"@type\":\"WebPage\",\"@id\":\"https:\/\/www.manaus.am.gov.br\/semasc\/inscricoes-para-recomposicao-do-conselho-municipal-dos-direitos-humanos-encerram-na-proxima-segunda-feira-9-10\/\",\"url\":\"https:\/\/www.manaus.am.gov.br\/semasc\/inscricoes-para-recomposicao-do-conselho-municipal-dos-direitos-humanos-encerram-na-proxima-segunda-feira-9-10\/\",\"name\":\"Inscri\u00e7\u00f5es para recomposi\u00e7\u00e3o do Conselho Municipal dos Direitos Humanos encerram na pr\u00f3xima segunda-feira, 9\/10\",\"isPartOf\":{\"@id\":\"https:\/\/www.manaus.am.gov.br\/semasc\/#website\"},\"primaryImageOfPage\":{\"@id\":\"https:\/\/www.manaus.am.gov.br\/semasc\/inscricoes-para-recomposicao-do-conselho-municipal-dos-direitos-humanos-encerram-na-proxima-segunda-feira-9-10\/#primaryimage\"},\"image\":{\"@id\":\"https:\/\/www.manaus.am.gov.br\/semasc\/inscricoes-para-recomposicao-do-conselho-municipal-dos-direitos-humanos-encerram-na-proxima-segunda-feira-9-10\/#primaryimage\"},\"thumbnailUrl\":\"https:\/\/www.manaus.am.gov.br\/semasc\/wp-content\/uploads\/sites\/17\/2023\/10\/CMDH.jpg\",\"datePublished\":\"2023-10-06T19:29:38+00:00\",\"dateModified\":\"2023-11-24T21:01:13+00:00\",\"description\":\"O per\u00edodo de inscri\u00e7\u00e3o das Organiza\u00e7\u00f5es da Sociedade Civil para a Assembleia Geral que ir\u00e1 discutir a recomposi\u00e7\u00e3o do Conselho Municipal dos Direitos Humanos (CMDH) encerra na pr\u00f3xima segunda-feira, 9\/10.\",\"breadcrumb\":{\"@id\":\"https:\/\/www.manaus.am.gov.br\/semasc\/inscricoes-para-recomposicao-do-conselho-municipal-dos-direitos-humanos-encerram-na-proxima-segunda-feira-9-10\/#breadcrumb\"},\"inLanguage\":\"pt-BR\",\"potentialAction\":[{\"@type\":\"ReadAction\",\"target\":[\"https:\/\/www.manaus.am.gov.br\/semasc\/inscricoes-para-recomposicao-do-conselho-municipal-dos-direitos-humanos-encerram-na-proxima-segunda-feira-9-10\/\"]}]},{\"@type\":\"ImageObject\",\"inLanguage\":\"pt-BR\",\"@id\":\"https:\/\/www.manaus.am.gov.br\/semasc\/inscricoes-para-recomposicao-do-conselho-municipal-dos-direitos-humanos-encerram-na-proxima-segunda-feira-9-10\/#primaryimage\",\"url\":\"https:\/\/www.manaus.am.gov.br\/semasc\/wp-content\/uploads\/sites\/17\/2023\/10\/CMDH.jpg\",\"contentUrl\":\"https:\/\/www.manaus.am.gov.br\/semasc\/wp-content\/uploads\/sites\/17\/2023\/10\/CMDH.jpg\",\"width\":1536,\"height\":1024},{\"@type\":\"BreadcrumbList\",\"@id\":\"https:\/\/www.manaus.am.gov.br\/semasc\/inscricoes-para-recomposicao-do-conselho-municipal-dos-direitos-humanos-encerram-na-proxima-segunda-feira-9-10\/#breadcrumb\",\"itemListElement\":[{\"@type\":\"ListItem\",\"position\":1,\"name\":\"Home\",\"item\":\"https:\/\/www.manaus.am.gov.br\/semasc\/\"},{\"@type\":\"ListItem\",\"position\":2,\"name\":\"Inscri\u00e7\u00f5es para recomposi\u00e7\u00e3o do Conselho Municipal dos Direitos Humanos encerram na pr\u00f3xima segunda-feira, 9\/10\"}]},{\"@type\":\"WebSite\",\"@id\":\"https:\/\/www.manaus.am.gov.br\/semasc\/#website\",\"url\":\"https:\/\/www.manaus.am.gov.br\/semasc\/\",\"name\":\"SEMASC\",\"description\":\"Secretaria Municipal da Mulher, Assist\u00eancia Social e Cidadania.\",\"publisher\":{\"@id\":\"https:\/\/www.manaus.am.gov.br\/semasc\/#organization\"},\"alternateName\":\"Secretaria Municipal da Mulher, Assist\u00eancia Social e Cidadania\",\"potentialAction\":[{\"@type\":\"SearchAction\",\"target\":{\"@type\":\"EntryPoint\",\"urlTemplate\":\"https:\/\/www.manaus.am.gov.br\/semasc\/?s={search_term_string}\"},\"query-input\":\"required name=search_term_string\"}],\"inLanguage\":\"pt-BR\"},{\"@type\":\"Organization\",\"@id\":\"https:\/\/www.manaus.am.gov.br\/semasc\/#organization\",\"name\":\"Prefeitura de Manaus\",\"alternateName\":\"Prefeitura Municipal de Manaus\",\"url\":\"https:\/\/www.manaus.am.gov.br\/semasc\/\",\"logo\":{\"@type\":\"ImageObject\",\"inLanguage\":\"pt-BR\",\"@id\":\"https:\/\/www.manaus.am.gov.br\/semasc\/#\/schema\/logo\/image\/\",\"url\":\"https:\/\/www.manaus.am.gov.br\/semasc\/wp-content\/uploads\/sites\/17\/2024\/07\/favicon.png\",\"contentUrl\":\"https:\/\/www.manaus.am.gov.br\/semasc\/wp-content\/uploads\/sites\/17\/2024\/07\/favicon.png\",\"width\":300,\"height\":300,\"caption\":\"Prefeitura de Manaus\"},\"image\":{\"@id\":\"https:\/\/www.manaus.am.gov.br\/semasc\/#\/schema\/logo\/image\/\"},\"sameAs\":[\"https:\/\/www.facebook.com\/semascmanaus\",\"https:\/\/www.instagram.com\/semascmanaus\/\"]},{\"@type\":\"Person\",\"@id\":\"https:\/\/www.manaus.am.gov.br\/semasc\/#\/schema\/person\/05d223aea2bf115f9883a6ff3683d81b\",\"name\":\"Bruna Greco\",\"image\":{\"@type\":\"ImageObject\",\"inLanguage\":\"pt-BR\",\"@id\":\"https:\/\/www.manaus.am.gov.br\/semasc\/#\/schema\/person\/image\/\",\"url\":\"https:\/\/secure.gravatar.com\/avatar\/9c877d1a6adc2a055330e5c09a8653ce?s=96&d=mm&r=g\",\"contentUrl\":\"https:\/\/secure.gravatar.com\/avatar\/9c877d1a6adc2a055330e5c09a8653ce?s=96&d=mm&r=g\",\"caption\":\"Bruna Greco\"}}]}<\/script>\n<!-- \/ Yoast SEO plugin. -->","yoast_head_json":{"title":"Inscri\u00e7\u00f5es para recomposi\u00e7\u00e3o do Conselho Municipal dos Direitos Humanos encerram na pr\u00f3xima segunda-feira, 9\/10","description":"O per\u00edodo de inscri\u00e7\u00e3o das Organiza\u00e7\u00f5es da Sociedade Civil para a Assembleia Geral que ir\u00e1 discutir a recomposi\u00e7\u00e3o do Conselho Municipal dos Direitos Humanos (CMDH) encerra na pr\u00f3xima segunda-feira, 9\/10.","robots":{"index":"noindex","follow":"follow"},"og_locale":"pt_BR","og_type":"article","og_title":"Inscri\u00e7\u00f5es para recomposi\u00e7\u00e3o do Conselho Municipal dos Direitos Humanos encerram na pr\u00f3xima segunda-feira, 9\/10","og_description":"O per\u00edodo de inscri\u00e7\u00e3o das Organiza\u00e7\u00f5es da Sociedade Civil para a Assembleia Geral que ir\u00e1 discutir a recomposi\u00e7\u00e3o do Conselho Municipal dos Direitos Humanos (CMDH) encerra na pr\u00f3xima segunda-feira, 9\/10.","og_url":"https:\/\/www.manaus.am.gov.br\/semasc\/inscricoes-para-recomposicao-do-conselho-municipal-dos-direitos-humanos-encerram-na-proxima-segunda-feira-9-10\/","og_site_name":"SEMASC","article_publisher":"https:\/\/www.facebook.com\/semascmanaus","article_published_time":"2023-10-06T19:29:38+00:00","article_modified_time":"2023-11-24T21:01:13+00:00","og_image":[{"width":1536,"height":1024,"url":"https:\/\/www.manaus.am.gov.br\/semasc\/wp-content\/uploads\/sites\/17\/2023\/10\/CMDH.jpg","type":"image\/jpeg"}],"author":"Bruna Greco","twitter_card":"summary_large_image","twitter_misc":{"Written by":"Bruna Greco","Est. reading time":"2 minutos"},"schema":{"@context":"https:\/\/schema.org","@graph":[{"@type":"Article","@id":"https:\/\/www.manaus.am.gov.br\/semasc\/inscricoes-para-recomposicao-do-conselho-municipal-dos-direitos-humanos-encerram-na-proxima-segunda-feira-9-10\/#article","isPartOf":{"@id":"https:\/\/www.manaus.am.gov.br\/semasc\/inscricoes-para-recomposicao-do-conselho-municipal-dos-direitos-humanos-encerram-na-proxima-segunda-feira-9-10\/"},"author":{"name":"Bruna Greco","@id":"https:\/\/www.manaus.am.gov.br\/semasc\/#\/schema\/person\/05d223aea2bf115f9883a6ff3683d81b"},"headline":"Inscri\u00e7\u00f5es para recomposi\u00e7\u00e3o do Conselho Municipal dos Direitos Humanos encerram na pr\u00f3xima segunda-feira, 9\/10","datePublished":"2023-10-06T19:29:38+00:00","dateModified":"2023-11-24T21:01:13+00:00","mainEntityOfPage":{"@id":"https:\/\/www.manaus.am.gov.br\/semasc\/inscricoes-para-recomposicao-do-conselho-municipal-dos-direitos-humanos-encerram-na-proxima-segunda-feira-9-10\/"},"wordCount":346,"publisher":{"@id":"https:\/\/www.manaus.am.gov.br\/semasc\/#organization"},"image":{"@id":"https:\/\/www.manaus.am.gov.br\/semasc\/inscricoes-para-recomposicao-do-conselho-municipal-dos-direitos-humanos-encerram-na-proxima-segunda-feira-9-10\/#primaryimage"},"thumbnailUrl":"https:\/\/www.manaus.am.gov.br\/semasc\/wp-content\/uploads\/sites\/17\/2023\/10\/CMDH.jpg","keywords":["Conselho Municipal dos Direitos Humanos","nota","organiza\u00e7\u00f5es da sociedade civil","per\u00edodo de inscri\u00e7\u00e3o","prefeitura de manaus","Semasc"],"articleSection":["Nota"],"inLanguage":"pt-BR"},{"@type":"WebPage","@id":"https:\/\/www.manaus.am.gov.br\/semasc\/inscricoes-para-recomposicao-do-conselho-municipal-dos-direitos-humanos-encerram-na-proxima-segunda-feira-9-10\/","url":"https:\/\/www.manaus.am.gov.br\/semasc\/inscricoes-para-recomposicao-do-conselho-municipal-dos-direitos-humanos-encerram-na-proxima-segunda-feira-9-10\/","name":"Inscri\u00e7\u00f5es para recomposi\u00e7\u00e3o do Conselho Municipal dos Direitos Humanos encerram na pr\u00f3xima segunda-feira, 9\/10","isPartOf":{"@id":"https:\/\/www.manaus.am.gov.br\/semasc\/#website"},"primaryImageOfPage":{"@id":"https:\/\/www.manaus.am.gov.br\/semasc\/inscricoes-para-recomposicao-do-conselho-municipal-dos-direitos-humanos-encerram-na-proxima-segunda-feira-9-10\/#primaryimage"},"image":{"@id":"https:\/\/www.manaus.am.gov.br\/semasc\/inscricoes-para-recomposicao-do-conselho-municipal-dos-direitos-humanos-encerram-na-proxima-segunda-feira-9-10\/#primaryimage"},"thumbnailUrl":"https:\/\/www.manaus.am.gov.br\/semasc\/wp-content\/uploads\/sites\/17\/2023\/10\/CMDH.jpg","datePublished":"2023-10-06T19:29:38+00:00","dateModified":"2023-11-24T21:01:13+00:00","description":"O per\u00edodo de inscri\u00e7\u00e3o das Organiza\u00e7\u00f5es da Sociedade Civil para a Assembleia Geral que ir\u00e1 discutir a recomposi\u00e7\u00e3o do Conselho Municipal dos Direitos Humanos (CMDH) encerra na pr\u00f3xima segunda-feira, 9\/10.","breadcrumb":{"@id":"https:\/\/www.manaus.am.gov.br\/semasc\/inscricoes-para-recomposicao-do-conselho-municipal-dos-direitos-humanos-encerram-na-proxima-segunda-feira-9-10\/#breadcrumb"},"inLanguage":"pt-BR","potentialAction":[{"@type":"ReadAction","target":["https:\/\/www.manaus.am.gov.br\/semasc\/inscricoes-para-recomposicao-do-conselho-municipal-dos-direitos-humanos-encerram-na-proxima-segunda-feira-9-10\/"]}]},{"@type":"ImageObject","inLanguage":"pt-BR","@id":"https:\/\/www.manaus.am.gov.br\/semasc\/inscricoes-para-recomposicao-do-conselho-municipal-dos-direitos-humanos-encerram-na-proxima-segunda-feira-9-10\/#primaryimage","url":"https:\/\/www.manaus.am.gov.br\/semasc\/wp-content\/uploads\/sites\/17\/2023\/10\/CMDH.jpg","contentUrl":"https:\/\/www.manaus.am.gov.br\/semasc\/wp-content\/uploads\/sites\/17\/2023\/10\/CMDH.jpg","width":1536,"height":1024},{"@type":"BreadcrumbList","@id":"https:\/\/www.manaus.am.gov.br\/semasc\/inscricoes-para-recomposicao-do-conselho-municipal-dos-direitos-humanos-encerram-na-proxima-segunda-feira-9-10\/#breadcrumb","itemListElement":[{"@type":"ListItem","position":1,"name":"Home","item":"https:\/\/www.manaus.am.gov.br\/semasc\/"},{"@type":"ListItem","position":2,"name":"Inscri\u00e7\u00f5es para recomposi\u00e7\u00e3o do Conselho Municipal dos Direitos Humanos encerram na pr\u00f3xima segunda-feira, 9\/10"}]},{"@type":"WebSite","@id":"https:\/\/www.manaus.am.gov.br\/semasc\/#website","url":"https:\/\/www.manaus.am.gov.br\/semasc\/","name":"SEMASC","description":"Secretaria Municipal da Mulher, Assist\u00eancia Social e Cidadania.","publisher":{"@id":"https:\/\/www.manaus.am.gov.br\/semasc\/#organization"},"alternateName":"Secretaria Municipal da Mulher, Assist\u00eancia Social e Cidadania","potentialAction":[{"@type":"SearchAction","target":{"@type":"EntryPoint","urlTemplate":"https:\/\/www.manaus.am.gov.br\/semasc\/?s={search_term_string}"},"query-input":"required name=search_term_string"}],"inLanguage":"pt-BR"},{"@type":"Organization","@id":"https:\/\/www.manaus.am.gov.br\/semasc\/#organization","name":"Prefeitura de Manaus","alternateName":"Prefeitura Municipal de Manaus","url":"https:\/\/www.manaus.am.gov.br\/semasc\/","logo":{"@type":"ImageObject","inLanguage":"pt-BR","@id":"https:\/\/www.manaus.am.gov.br\/semasc\/#\/schema\/logo\/image\/","url":"https:\/\/www.manaus.am.gov.br\/semasc\/wp-content\/uploads\/sites\/17\/2024\/07\/favicon.png","contentUrl":"https:\/\/www.manaus.am.gov.br\/semasc\/wp-content\/uploads\/sites\/17\/2024\/07\/favicon.png","width":300,"height":300,"caption":"Prefeitura de Manaus"},"image":{"@id":"https:\/\/www.manaus.am.gov.br\/semasc\/#\/schema\/logo\/image\/"},"sameAs":["https:\/\/www.facebook.com\/semascmanaus","https:\/\/www.instagram.com\/semascmanaus\/"]},{"@type":"Person","@id":"https:\/\/www.manaus.am.gov.br\/semasc\/#\/schema\/person\/05d223aea2bf115f9883a6ff3683d81b","name":"Bruna Greco","image":{"@type":"ImageObject","inLanguage":"pt-BR","@id":"https:\/\/www.manaus.am.gov.br\/semasc\/#\/schema\/person\/image\/","url":"https:\/\/secure.gravatar.com\/avatar\/9c877d1a6adc2a055330e5c09a8653ce?s=96&d=mm&r=g","contentUrl":"https:\/\/secure.gravatar.com\/avatar\/9c877d1a6adc2a055330e5c09a8653ce?s=96&d=mm&r=g","caption":"Bruna Greco"}}]}},"_links":{"self":[{"href":"https:\/\/www.manaus.am.gov.br\/semasc\/wp-json\/wp\/v2\/posts\/208994"}],"collection":[{"href":"https:\/\/www.manaus.am.gov.br\/semasc\/wp-json\/wp\/v2\/posts"}],"about":[{"href":"https:\/\/www.manaus.am.gov.br\/semasc\/wp-json\/wp\/v2\/types\/post"}],"author":[{"embeddable":true,"href":"https:\/\/www.manaus.am.gov.br\/semasc\/wp-json\/wp\/v2\/users\/39"}],"replies":[{"embeddable":true,"href":"https:\/\/www.manaus.am.gov.br\/semasc\/wp-json\/wp\/v2\/comments?post=208994"}],"version-history":[{"count":1,"href":"https:\/\/www.manaus.am.gov.br\/semasc\/wp-json\/wp\/v2\/posts\/208994\/revisions"}],"predecessor-version":[{"id":209296,"href":"https:\/\/www.manaus.am.gov.br\/semasc\/wp-json\/wp\/v2\/posts\/208994\/revisions\/209296"}],"wp:featuredmedia":[{"embeddable":true,"href":"https:\/\/www.manaus.am.gov.br\/semasc\/wp-json\/wp\/v2\/media\/208995"}],"wp:attachment":[{"href":"https:\/\/www.manaus.am.gov.br\/semasc\/wp-json\/wp\/v2\/media?parent=208994"}],"wp:term":[{"taxonomy":"category","embeddable":true,"href":"https:\/\/www.manaus.am.gov.br\/semasc\/wp-json\/wp\/v2\/categories?post=208994"},{"taxonomy":"post_tag","embeddable":true,"href":"https:\/\/www.manaus.am.gov.br\/semasc\/wp-json\/wp\/v2\/tags?post=208994"}],"curies":[{"name":"wp","href":"https:\/\/api.w.org\/{rel}","templated":true}]}}