{"id":208992,"date":"2023-10-06T13:43:23","date_gmt":"2023-10-06T17:43:23","guid":{"rendered":"https:\/\/www.manaus.am.gov.br\/semasc\/prefeitura-realiza-manha-de-convivencia-alusiva-ao-dia-das-criancas-com-familias-atendidas-pelo-cras\/"},"modified":"2023-11-24T17:00:57","modified_gmt":"2023-11-24T21:00:57","slug":"prefeitura-realiza-manha-de-convivencia-alusiva-ao-dia-das-criancas-com-familias-atendidas-pelo-cras","status":"publish","type":"post","link":"https:\/\/www.manaus.am.gov.br\/semasc\/prefeitura-realiza-manha-de-convivencia-alusiva-ao-dia-das-criancas-com-familias-atendidas-pelo-cras\/","title":{"rendered":"Prefeitura realiza manh\u00e3 de conviv\u00eancia alusiva ao Dia das Crian\u00e7as com fam\u00edlias atendidas pelo Cras"},"content":{"rendered":"\n<p>Em alus\u00e3o ao Dia da Crian\u00e7as, celebrado no dia 12\/10, a Prefeitura de Manaus, por meio da Secretaria Municipal da Mulher, Assist\u00eancia Social e Cidadania (Semasc), realizou, nesta sexta-feira, 6\/10, uma manh\u00e3 de conviv\u00eancia com fam\u00edlias atendidas pelo Servi\u00e7o de Conviv\u00eancia e Fortalecimento de V\u00ednculos do Centro de Refer\u00eancia de Assist\u00eancia Social (Cras) Alvorada 3.<\/p>\n\n\n\n<p>Realizada na quadra da Igreja Batista Cristo Rei, localizada no bairro L\u00edrio do Vale, zona Oeste, a programa\u00e7\u00e3o promoveu atividades l\u00fadicas e socioeducativas, atra\u00e7\u00f5es musicais, distribui\u00e7\u00e3o de brinquedos e um espa\u00e7o destinado \u00e0 introdu\u00e7\u00e3o a conceitos de rob\u00f3tica e tecnologia informacional para as crian\u00e7as, contando com o apoio da Secretaria de Estado de Cultura e Economia Criativa do Amazonas (SEC-AM) e da Nobre Academia de Rob\u00f3tica e Tecnologias.<\/p>\n\n\n\n<p>\u201c\u00c9 um momento muito importante para que nossas crian\u00e7as se sintam ainda mais \u00e0 vontade para participar do servi\u00e7o de conviv\u00eancia, assim como suas fam\u00edlias. \u00c9 uma forma de nos aproximar da comunidade e manter essas fam\u00edlias por perto, garantindo, ainda, uma ponte muito interessante entre pais e filhos ao unir, em um \u00fanico espa\u00e7o, brincadeiras tradicionais e conceitos mais modernos, tecnol\u00f3gicos\u201d, destacou a coordenadora do equipamento, Socorro Batista.<\/p>\n\n\n\n<p>Trazendo as brincadeiras tradicionais, o coordenador art\u00edstico da Central de Arte e Educa\u00e7\u00e3o da SEC-AM, Baldoino Leite, ressaltou a import\u00e2ncia da atua\u00e7\u00e3o conjunta entre prefeitura e governo do Estado na promo\u00e7\u00e3o de a\u00e7\u00f5es e espa\u00e7os voltados para o desenvolvimento de uma inf\u00e2ncia saud\u00e1vel para as crian\u00e7as da capital amazonense.<\/p>\n\n\n\n<p>\u201cEu acho que esta \u00e9 uma integra\u00e7\u00e3o muito importante entre gest\u00f5es, pois traz para dentro das comunidades um resgate a uma inf\u00e2ncia mais simples, em que todos brinc\u00e1vamos nos quintais de nossas av\u00f3s. Em um mundo t\u00e3o imerso na tecnologia, entendemos que tamb\u00e9m \u00e9 importante trazer o \u2018tradicional\u2019 de volta, principalmente quando falamos de crian\u00e7as em desenvolvimento\u201d, explicou.<\/p>\n\n\n\n<p>J\u00e1 o diretor-executivo da Nobre Academia de Rob\u00f3tica e Tecnologias, \u00c9der Nobre, pontuou a import\u00e2ncia da participa\u00e7\u00e3o da&nbsp;<em>startup<\/em>&nbsp;na manh\u00e3 de conviv\u00eancia, enquanto forma de apresentar \u00e0s crian\u00e7as o mundo da tecnologia por meio de&nbsp;<em>drones<\/em>, rob\u00f4s e experi\u00eancias com realidade virtual, a fim de despertar nos pequenos o interesse pela \u00e1rea.<\/p>\n\n\n\n<p>\u201cA gente entende que o conhecimento tecnol\u00f3gico \u00e9 caro e, muitas vezes, distante da realidade dessas crian\u00e7as e das suas fam\u00edlias, ent\u00e3o nos sentimos muitos honrados em poder trazer para eles um pouco desse mundo, mostrar como funciona um&nbsp;<em>drone<\/em>, como programamos nossos rob\u00f4s, poder fazer com que eles experimentem a realidade virtual. \u00c9 muito gratificante para n\u00f3s e proveitoso para a \u00e1rea da tecnologia manauara como um todo\u201d, afirmou.<\/p>\n\n\n\n<p>Moradora do L\u00edrio do Vale, a dona de casa Taira Beatriz, 22, participou da manh\u00e3 de conviv\u00eancia acompanhada do filho e de mais tr\u00eas sobrinhos, elogiando a iniciativa. \u201c\u00c9 muito bom, pois, geralmente, n\u00e3o temos acesso a atividades assim, como a parte tecnol\u00f3gica ou at\u00e9 mesmo o circuito de brincadeiras. Acaba sendo um dia muito gostoso, ainda mais em fam\u00edlia\u201d, finalizou.<\/p>\n\n\n\n<p>Sobrinho de Taira, o pequeno Felipe da Silva Rocha, de 10 anos, destacou as atividades que mais lhe agradaram. \u201cMe sentindo no para\u00edso depois de brincar aqui. Gostei muito dos rob\u00f4s, mas ainda n\u00e3o brinquei de pular corda; o circuito com bambol\u00eas tamb\u00e9m foi muito bacana!\u201d, enfatizou.<\/p>\n\n\n\n<p>&#8212; &#8212; &#8212;<\/p>\n\n\n\n<p><strong>Texto &#8211;&nbsp;<\/strong>Guilherme Pacheco \/ Semasc<\/p>\n\n\n\n<p><strong>Fotos &#8211;&nbsp;<\/strong>Diego Lima \/ Semasc<\/p>\n\n\n\n<p><\/p>\n\n\n\n<p><\/p>\n","protected":false},"excerpt":{"rendered":"","protected":false},"author":23,"featured_media":208993,"comment_status":"closed","ping_status":"closed","sticky":false,"template":"","format":"standard","meta":{"footnotes":""},"categories":[489],"tags":[490,121,491,7,18],"acf":[],"yoast_head":"<!-- This site is optimized with the Yoast SEO plugin v23.0 - https:\/\/yoast.com\/wordpress\/plugins\/seo\/ -->\n<title>Prefeitura realiza manh\u00e3 de conviv\u00eancia alusiva ao Dia das Crian\u00e7as com fam\u00edlias atendidas pelo Cras<\/title>\n<meta name=\"description\" content=\"Em alus\u00e3o ao Dia da Crian\u00e7as, celebrado no dia 12\/10, a Prefeitura de Manaus, por meio da Secretaria Municipal da Mulher, Assist\u00eancia Social e Cidadania (Semasc), realizou, nesta sexta-feira, 6\/10, uma manh\u00e3 de conviv\u00eancia com fam\u00edlias atendidas pelo Servi\u00e7o de Conviv\u00eancia e Fortalecimento de V\u00ednculos do Centro de Refer\u00eancia de Assist\u00eancia Social (Cras) Alvorada 3.\" \/>\n<meta name=\"robots\" content=\"noindex, follow\" \/>\n<meta property=\"og:locale\" content=\"pt_BR\" \/>\n<meta property=\"og:type\" content=\"article\" \/>\n<meta property=\"og:title\" content=\"Prefeitura realiza manh\u00e3 de conviv\u00eancia alusiva ao Dia das Crian\u00e7as com fam\u00edlias atendidas pelo Cras\" \/>\n<meta property=\"og:description\" content=\"Em alus\u00e3o ao Dia da Crian\u00e7as, celebrado no dia 12\/10, a Prefeitura de Manaus, por meio da Secretaria Municipal da Mulher, Assist\u00eancia Social e Cidadania (Semasc), realizou, nesta sexta-feira, 6\/10, uma manh\u00e3 de conviv\u00eancia com fam\u00edlias atendidas pelo Servi\u00e7o de Conviv\u00eancia e Fortalecimento de V\u00ednculos do Centro de Refer\u00eancia de Assist\u00eancia Social (Cras) Alvorada 3.\" \/>\n<meta property=\"og:url\" content=\"https:\/\/www.manaus.am.gov.br\/semasc\/prefeitura-realiza-manha-de-convivencia-alusiva-ao-dia-das-criancas-com-familias-atendidas-pelo-cras\/\" \/>\n<meta property=\"og:site_name\" content=\"SEMASC\" \/>\n<meta property=\"article:publisher\" content=\"https:\/\/www.facebook.com\/semascmanaus\" \/>\n<meta property=\"article:published_time\" content=\"2023-10-06T17:43:23+00:00\" \/>\n<meta property=\"article:modified_time\" content=\"2023-11-24T21:00:57+00:00\" \/>\n<meta property=\"og:image\" content=\"https:\/\/www.manaus.am.gov.br\/semasc\/wp-content\/uploads\/sites\/17\/2023\/10\/WhatsApp-Image-2023-10-06-at-13.27.17-1.jpeg\" \/>\n\t<meta property=\"og:image:width\" content=\"1600\" \/>\n\t<meta property=\"og:image:height\" content=\"1066\" \/>\n\t<meta property=\"og:image:type\" content=\"image\/jpeg\" \/>\n<meta name=\"author\" content=\"Adriana Costa\" \/>\n<meta name=\"twitter:card\" content=\"summary_large_image\" \/>\n<meta name=\"twitter:label1\" content=\"Written by\" \/>\n\t<meta name=\"twitter:data1\" content=\"Adriana Costa\" \/>\n\t<meta name=\"twitter:label2\" content=\"Est. reading time\" \/>\n\t<meta name=\"twitter:data2\" content=\"3 minutos\" \/>\n<script type=\"application\/ld+json\" class=\"yoast-schema-graph\">{\"@context\":\"https:\/\/schema.org\",\"@graph\":[{\"@type\":\"Article\",\"@id\":\"https:\/\/www.manaus.am.gov.br\/semasc\/prefeitura-realiza-manha-de-convivencia-alusiva-ao-dia-das-criancas-com-familias-atendidas-pelo-cras\/#article\",\"isPartOf\":{\"@id\":\"https:\/\/www.manaus.am.gov.br\/semasc\/prefeitura-realiza-manha-de-convivencia-alusiva-ao-dia-das-criancas-com-familias-atendidas-pelo-cras\/\"},\"author\":{\"name\":\"Adriana Costa\",\"@id\":\"https:\/\/www.manaus.am.gov.br\/semasc\/#\/schema\/person\/4e49f4e267757a06ca072ec61b2b9968\"},\"headline\":\"Prefeitura realiza manh\u00e3 de conviv\u00eancia alusiva ao Dia das Crian\u00e7as com fam\u00edlias atendidas pelo Cras\",\"datePublished\":\"2023-10-06T17:43:23+00:00\",\"dateModified\":\"2023-11-24T21:00:57+00:00\",\"mainEntityOfPage\":{\"@id\":\"https:\/\/www.manaus.am.gov.br\/semasc\/prefeitura-realiza-manha-de-convivencia-alusiva-ao-dia-das-criancas-com-familias-atendidas-pelo-cras\/\"},\"wordCount\":622,\"publisher\":{\"@id\":\"https:\/\/www.manaus.am.gov.br\/semasc\/#organization\"},\"image\":{\"@id\":\"https:\/\/www.manaus.am.gov.br\/semasc\/prefeitura-realiza-manha-de-convivencia-alusiva-ao-dia-das-criancas-com-familias-atendidas-pelo-cras\/#primaryimage\"},\"thumbnailUrl\":\"https:\/\/www.manaus.am.gov.br\/semasc\/wp-content\/uploads\/sites\/17\/2023\/10\/WhatsApp-Image-2023-10-06-at-13.27.17-1.jpeg\",\"keywords\":[\"Alvorada 3\",\"cras\",\"dia das crian\u00e7as\",\"prefeitura de manaus\",\"Semasc\"],\"articleSection\":[\"Celebra\u00e7\u00e3o\"],\"inLanguage\":\"pt-BR\"},{\"@type\":\"WebPage\",\"@id\":\"https:\/\/www.manaus.am.gov.br\/semasc\/prefeitura-realiza-manha-de-convivencia-alusiva-ao-dia-das-criancas-com-familias-atendidas-pelo-cras\/\",\"url\":\"https:\/\/www.manaus.am.gov.br\/semasc\/prefeitura-realiza-manha-de-convivencia-alusiva-ao-dia-das-criancas-com-familias-atendidas-pelo-cras\/\",\"name\":\"Prefeitura realiza manh\u00e3 de conviv\u00eancia alusiva ao Dia das Crian\u00e7as com fam\u00edlias atendidas pelo Cras\",\"isPartOf\":{\"@id\":\"https:\/\/www.manaus.am.gov.br\/semasc\/#website\"},\"primaryImageOfPage\":{\"@id\":\"https:\/\/www.manaus.am.gov.br\/semasc\/prefeitura-realiza-manha-de-convivencia-alusiva-ao-dia-das-criancas-com-familias-atendidas-pelo-cras\/#primaryimage\"},\"image\":{\"@id\":\"https:\/\/www.manaus.am.gov.br\/semasc\/prefeitura-realiza-manha-de-convivencia-alusiva-ao-dia-das-criancas-com-familias-atendidas-pelo-cras\/#primaryimage\"},\"thumbnailUrl\":\"https:\/\/www.manaus.am.gov.br\/semasc\/wp-content\/uploads\/sites\/17\/2023\/10\/WhatsApp-Image-2023-10-06-at-13.27.17-1.jpeg\",\"datePublished\":\"2023-10-06T17:43:23+00:00\",\"dateModified\":\"2023-11-24T21:00:57+00:00\",\"description\":\"Em alus\u00e3o ao Dia da Crian\u00e7as, celebrado no dia 12\/10, a Prefeitura de Manaus, por meio da Secretaria Municipal da Mulher, Assist\u00eancia Social e Cidadania (Semasc), realizou, nesta sexta-feira, 6\/10, uma manh\u00e3 de conviv\u00eancia com fam\u00edlias atendidas pelo Servi\u00e7o de Conviv\u00eancia e Fortalecimento de V\u00ednculos do Centro de Refer\u00eancia de Assist\u00eancia Social (Cras) Alvorada 3.\",\"breadcrumb\":{\"@id\":\"https:\/\/www.manaus.am.gov.br\/semasc\/prefeitura-realiza-manha-de-convivencia-alusiva-ao-dia-das-criancas-com-familias-atendidas-pelo-cras\/#breadcrumb\"},\"inLanguage\":\"pt-BR\",\"potentialAction\":[{\"@type\":\"ReadAction\",\"target\":[\"https:\/\/www.manaus.am.gov.br\/semasc\/prefeitura-realiza-manha-de-convivencia-alusiva-ao-dia-das-criancas-com-familias-atendidas-pelo-cras\/\"]}]},{\"@type\":\"ImageObject\",\"inLanguage\":\"pt-BR\",\"@id\":\"https:\/\/www.manaus.am.gov.br\/semasc\/prefeitura-realiza-manha-de-convivencia-alusiva-ao-dia-das-criancas-com-familias-atendidas-pelo-cras\/#primaryimage\",\"url\":\"https:\/\/www.manaus.am.gov.br\/semasc\/wp-content\/uploads\/sites\/17\/2023\/10\/WhatsApp-Image-2023-10-06-at-13.27.17-1.jpeg\",\"contentUrl\":\"https:\/\/www.manaus.am.gov.br\/semasc\/wp-content\/uploads\/sites\/17\/2023\/10\/WhatsApp-Image-2023-10-06-at-13.27.17-1.jpeg\",\"width\":1600,\"height\":1066},{\"@type\":\"BreadcrumbList\",\"@id\":\"https:\/\/www.manaus.am.gov.br\/semasc\/prefeitura-realiza-manha-de-convivencia-alusiva-ao-dia-das-criancas-com-familias-atendidas-pelo-cras\/#breadcrumb\",\"itemListElement\":[{\"@type\":\"ListItem\",\"position\":1,\"name\":\"Home\",\"item\":\"https:\/\/www.manaus.am.gov.br\/semasc\/\"},{\"@type\":\"ListItem\",\"position\":2,\"name\":\"Prefeitura realiza manh\u00e3 de conviv\u00eancia alusiva ao Dia das Crian\u00e7as com fam\u00edlias atendidas pelo Cras\"}]},{\"@type\":\"WebSite\",\"@id\":\"https:\/\/www.manaus.am.gov.br\/semasc\/#website\",\"url\":\"https:\/\/www.manaus.am.gov.br\/semasc\/\",\"name\":\"SEMASC\",\"description\":\"Secretaria Municipal da Mulher, Assist\u00eancia Social e Cidadania.\",\"publisher\":{\"@id\":\"https:\/\/www.manaus.am.gov.br\/semasc\/#organization\"},\"alternateName\":\"Secretaria Municipal da Mulher, Assist\u00eancia Social e Cidadania\",\"potentialAction\":[{\"@type\":\"SearchAction\",\"target\":{\"@type\":\"EntryPoint\",\"urlTemplate\":\"https:\/\/www.manaus.am.gov.br\/semasc\/?s={search_term_string}\"},\"query-input\":\"required name=search_term_string\"}],\"inLanguage\":\"pt-BR\"},{\"@type\":\"Organization\",\"@id\":\"https:\/\/www.manaus.am.gov.br\/semasc\/#organization\",\"name\":\"Prefeitura de Manaus\",\"alternateName\":\"Prefeitura Municipal de Manaus\",\"url\":\"https:\/\/www.manaus.am.gov.br\/semasc\/\",\"logo\":{\"@type\":\"ImageObject\",\"inLanguage\":\"pt-BR\",\"@id\":\"https:\/\/www.manaus.am.gov.br\/semasc\/#\/schema\/logo\/image\/\",\"url\":\"https:\/\/www.manaus.am.gov.br\/semasc\/wp-content\/uploads\/sites\/17\/2024\/07\/favicon.png\",\"contentUrl\":\"https:\/\/www.manaus.am.gov.br\/semasc\/wp-content\/uploads\/sites\/17\/2024\/07\/favicon.png\",\"width\":300,\"height\":300,\"caption\":\"Prefeitura de Manaus\"},\"image\":{\"@id\":\"https:\/\/www.manaus.am.gov.br\/semasc\/#\/schema\/logo\/image\/\"},\"sameAs\":[\"https:\/\/www.facebook.com\/semascmanaus\",\"https:\/\/www.instagram.com\/semascmanaus\/\"]},{\"@type\":\"Person\",\"@id\":\"https:\/\/www.manaus.am.gov.br\/semasc\/#\/schema\/person\/4e49f4e267757a06ca072ec61b2b9968\",\"name\":\"Adriana Costa\",\"image\":{\"@type\":\"ImageObject\",\"inLanguage\":\"pt-BR\",\"@id\":\"https:\/\/www.manaus.am.gov.br\/semasc\/#\/schema\/person\/image\/\",\"url\":\"https:\/\/secure.gravatar.com\/avatar\/576258617ef7194f718179e766d57bd4?s=96&d=mm&r=g\",\"contentUrl\":\"https:\/\/secure.gravatar.com\/avatar\/576258617ef7194f718179e766d57bd4?s=96&d=mm&r=g\",\"caption\":\"Adriana Costa\"}}]}<\/script>\n<!-- \/ Yoast SEO plugin. -->","yoast_head_json":{"title":"Prefeitura realiza manh\u00e3 de conviv\u00eancia alusiva ao Dia das Crian\u00e7as com fam\u00edlias atendidas pelo Cras","description":"Em alus\u00e3o ao Dia da Crian\u00e7as, celebrado no dia 12\/10, a Prefeitura de Manaus, por meio da Secretaria Municipal da Mulher, Assist\u00eancia Social e Cidadania (Semasc), realizou, nesta sexta-feira, 6\/10, uma manh\u00e3 de conviv\u00eancia com fam\u00edlias atendidas pelo Servi\u00e7o de Conviv\u00eancia e Fortalecimento de V\u00ednculos do Centro de Refer\u00eancia de Assist\u00eancia Social (Cras) Alvorada 3.","robots":{"index":"noindex","follow":"follow"},"og_locale":"pt_BR","og_type":"article","og_title":"Prefeitura realiza manh\u00e3 de conviv\u00eancia alusiva ao Dia das Crian\u00e7as com fam\u00edlias atendidas pelo Cras","og_description":"Em alus\u00e3o ao Dia da Crian\u00e7as, celebrado no dia 12\/10, a Prefeitura de Manaus, por meio da Secretaria Municipal da Mulher, Assist\u00eancia Social e Cidadania (Semasc), realizou, nesta sexta-feira, 6\/10, uma manh\u00e3 de conviv\u00eancia com fam\u00edlias atendidas pelo Servi\u00e7o de Conviv\u00eancia e Fortalecimento de V\u00ednculos do Centro de Refer\u00eancia de Assist\u00eancia Social (Cras) Alvorada 3.","og_url":"https:\/\/www.manaus.am.gov.br\/semasc\/prefeitura-realiza-manha-de-convivencia-alusiva-ao-dia-das-criancas-com-familias-atendidas-pelo-cras\/","og_site_name":"SEMASC","article_publisher":"https:\/\/www.facebook.com\/semascmanaus","article_published_time":"2023-10-06T17:43:23+00:00","article_modified_time":"2023-11-24T21:00:57+00:00","og_image":[{"width":1600,"height":1066,"url":"https:\/\/www.manaus.am.gov.br\/semasc\/wp-content\/uploads\/sites\/17\/2023\/10\/WhatsApp-Image-2023-10-06-at-13.27.17-1.jpeg","type":"image\/jpeg"}],"author":"Adriana Costa","twitter_card":"summary_large_image","twitter_misc":{"Written by":"Adriana Costa","Est. reading time":"3 minutos"},"schema":{"@context":"https:\/\/schema.org","@graph":[{"@type":"Article","@id":"https:\/\/www.manaus.am.gov.br\/semasc\/prefeitura-realiza-manha-de-convivencia-alusiva-ao-dia-das-criancas-com-familias-atendidas-pelo-cras\/#article","isPartOf":{"@id":"https:\/\/www.manaus.am.gov.br\/semasc\/prefeitura-realiza-manha-de-convivencia-alusiva-ao-dia-das-criancas-com-familias-atendidas-pelo-cras\/"},"author":{"name":"Adriana Costa","@id":"https:\/\/www.manaus.am.gov.br\/semasc\/#\/schema\/person\/4e49f4e267757a06ca072ec61b2b9968"},"headline":"Prefeitura realiza manh\u00e3 de conviv\u00eancia alusiva ao Dia das Crian\u00e7as com fam\u00edlias atendidas pelo Cras","datePublished":"2023-10-06T17:43:23+00:00","dateModified":"2023-11-24T21:00:57+00:00","mainEntityOfPage":{"@id":"https:\/\/www.manaus.am.gov.br\/semasc\/prefeitura-realiza-manha-de-convivencia-alusiva-ao-dia-das-criancas-com-familias-atendidas-pelo-cras\/"},"wordCount":622,"publisher":{"@id":"https:\/\/www.manaus.am.gov.br\/semasc\/#organization"},"image":{"@id":"https:\/\/www.manaus.am.gov.br\/semasc\/prefeitura-realiza-manha-de-convivencia-alusiva-ao-dia-das-criancas-com-familias-atendidas-pelo-cras\/#primaryimage"},"thumbnailUrl":"https:\/\/www.manaus.am.gov.br\/semasc\/wp-content\/uploads\/sites\/17\/2023\/10\/WhatsApp-Image-2023-10-06-at-13.27.17-1.jpeg","keywords":["Alvorada 3","cras","dia das crian\u00e7as","prefeitura de manaus","Semasc"],"articleSection":["Celebra\u00e7\u00e3o"],"inLanguage":"pt-BR"},{"@type":"WebPage","@id":"https:\/\/www.manaus.am.gov.br\/semasc\/prefeitura-realiza-manha-de-convivencia-alusiva-ao-dia-das-criancas-com-familias-atendidas-pelo-cras\/","url":"https:\/\/www.manaus.am.gov.br\/semasc\/prefeitura-realiza-manha-de-convivencia-alusiva-ao-dia-das-criancas-com-familias-atendidas-pelo-cras\/","name":"Prefeitura realiza manh\u00e3 de conviv\u00eancia alusiva ao Dia das Crian\u00e7as com fam\u00edlias atendidas pelo Cras","isPartOf":{"@id":"https:\/\/www.manaus.am.gov.br\/semasc\/#website"},"primaryImageOfPage":{"@id":"https:\/\/www.manaus.am.gov.br\/semasc\/prefeitura-realiza-manha-de-convivencia-alusiva-ao-dia-das-criancas-com-familias-atendidas-pelo-cras\/#primaryimage"},"image":{"@id":"https:\/\/www.manaus.am.gov.br\/semasc\/prefeitura-realiza-manha-de-convivencia-alusiva-ao-dia-das-criancas-com-familias-atendidas-pelo-cras\/#primaryimage"},"thumbnailUrl":"https:\/\/www.manaus.am.gov.br\/semasc\/wp-content\/uploads\/sites\/17\/2023\/10\/WhatsApp-Image-2023-10-06-at-13.27.17-1.jpeg","datePublished":"2023-10-06T17:43:23+00:00","dateModified":"2023-11-24T21:00:57+00:00","description":"Em alus\u00e3o ao Dia da Crian\u00e7as, celebrado no dia 12\/10, a Prefeitura de Manaus, por meio da Secretaria Municipal da Mulher, Assist\u00eancia Social e Cidadania (Semasc), realizou, nesta sexta-feira, 6\/10, uma manh\u00e3 de conviv\u00eancia com fam\u00edlias atendidas pelo Servi\u00e7o de Conviv\u00eancia e Fortalecimento de V\u00ednculos do Centro de Refer\u00eancia de Assist\u00eancia Social (Cras) Alvorada 3.","breadcrumb":{"@id":"https:\/\/www.manaus.am.gov.br\/semasc\/prefeitura-realiza-manha-de-convivencia-alusiva-ao-dia-das-criancas-com-familias-atendidas-pelo-cras\/#breadcrumb"},"inLanguage":"pt-BR","potentialAction":[{"@type":"ReadAction","target":["https:\/\/www.manaus.am.gov.br\/semasc\/prefeitura-realiza-manha-de-convivencia-alusiva-ao-dia-das-criancas-com-familias-atendidas-pelo-cras\/"]}]},{"@type":"ImageObject","inLanguage":"pt-BR","@id":"https:\/\/www.manaus.am.gov.br\/semasc\/prefeitura-realiza-manha-de-convivencia-alusiva-ao-dia-das-criancas-com-familias-atendidas-pelo-cras\/#primaryimage","url":"https:\/\/www.manaus.am.gov.br\/semasc\/wp-content\/uploads\/sites\/17\/2023\/10\/WhatsApp-Image-2023-10-06-at-13.27.17-1.jpeg","contentUrl":"https:\/\/www.manaus.am.gov.br\/semasc\/wp-content\/uploads\/sites\/17\/2023\/10\/WhatsApp-Image-2023-10-06-at-13.27.17-1.jpeg","width":1600,"height":1066},{"@type":"BreadcrumbList","@id":"https:\/\/www.manaus.am.gov.br\/semasc\/prefeitura-realiza-manha-de-convivencia-alusiva-ao-dia-das-criancas-com-familias-atendidas-pelo-cras\/#breadcrumb","itemListElement":[{"@type":"ListItem","position":1,"name":"Home","item":"https:\/\/www.manaus.am.gov.br\/semasc\/"},{"@type":"ListItem","position":2,"name":"Prefeitura realiza manh\u00e3 de conviv\u00eancia alusiva ao Dia das Crian\u00e7as com fam\u00edlias atendidas pelo Cras"}]},{"@type":"WebSite","@id":"https:\/\/www.manaus.am.gov.br\/semasc\/#website","url":"https:\/\/www.manaus.am.gov.br\/semasc\/","name":"SEMASC","description":"Secretaria Municipal da Mulher, Assist\u00eancia Social e Cidadania.","publisher":{"@id":"https:\/\/www.manaus.am.gov.br\/semasc\/#organization"},"alternateName":"Secretaria Municipal da Mulher, Assist\u00eancia Social e Cidadania","potentialAction":[{"@type":"SearchAction","target":{"@type":"EntryPoint","urlTemplate":"https:\/\/www.manaus.am.gov.br\/semasc\/?s={search_term_string}"},"query-input":"required name=search_term_string"}],"inLanguage":"pt-BR"},{"@type":"Organization","@id":"https:\/\/www.manaus.am.gov.br\/semasc\/#organization","name":"Prefeitura de Manaus","alternateName":"Prefeitura Municipal de Manaus","url":"https:\/\/www.manaus.am.gov.br\/semasc\/","logo":{"@type":"ImageObject","inLanguage":"pt-BR","@id":"https:\/\/www.manaus.am.gov.br\/semasc\/#\/schema\/logo\/image\/","url":"https:\/\/www.manaus.am.gov.br\/semasc\/wp-content\/uploads\/sites\/17\/2024\/07\/favicon.png","contentUrl":"https:\/\/www.manaus.am.gov.br\/semasc\/wp-content\/uploads\/sites\/17\/2024\/07\/favicon.png","width":300,"height":300,"caption":"Prefeitura de Manaus"},"image":{"@id":"https:\/\/www.manaus.am.gov.br\/semasc\/#\/schema\/logo\/image\/"},"sameAs":["https:\/\/www.facebook.com\/semascmanaus","https:\/\/www.instagram.com\/semascmanaus\/"]},{"@type":"Person","@id":"https:\/\/www.manaus.am.gov.br\/semasc\/#\/schema\/person\/4e49f4e267757a06ca072ec61b2b9968","name":"Adriana Costa","image":{"@type":"ImageObject","inLanguage":"pt-BR","@id":"https:\/\/www.manaus.am.gov.br\/semasc\/#\/schema\/person\/image\/","url":"https:\/\/secure.gravatar.com\/avatar\/576258617ef7194f718179e766d57bd4?s=96&d=mm&r=g","contentUrl":"https:\/\/secure.gravatar.com\/avatar\/576258617ef7194f718179e766d57bd4?s=96&d=mm&r=g","caption":"Adriana Costa"}}]}},"_links":{"self":[{"href":"https:\/\/www.manaus.am.gov.br\/semasc\/wp-json\/wp\/v2\/posts\/208992"}],"collection":[{"href":"https:\/\/www.manaus.am.gov.br\/semasc\/wp-json\/wp\/v2\/posts"}],"about":[{"href":"https:\/\/www.manaus.am.gov.br\/semasc\/wp-json\/wp\/v2\/types\/post"}],"author":[{"embeddable":true,"href":"https:\/\/www.manaus.am.gov.br\/semasc\/wp-json\/wp\/v2\/users\/23"}],"replies":[{"embeddable":true,"href":"https:\/\/www.manaus.am.gov.br\/semasc\/wp-json\/wp\/v2\/comments?post=208992"}],"version-history":[{"count":1,"href":"https:\/\/www.manaus.am.gov.br\/semasc\/wp-json\/wp\/v2\/posts\/208992\/revisions"}],"predecessor-version":[{"id":209294,"href":"https:\/\/www.manaus.am.gov.br\/semasc\/wp-json\/wp\/v2\/posts\/208992\/revisions\/209294"}],"wp:featuredmedia":[{"embeddable":true,"href":"https:\/\/www.manaus.am.gov.br\/semasc\/wp-json\/wp\/v2\/media\/208993"}],"wp:attachment":[{"href":"https:\/\/www.manaus.am.gov.br\/semasc\/wp-json\/wp\/v2\/media?parent=208992"}],"wp:term":[{"taxonomy":"category","embeddable":true,"href":"https:\/\/www.manaus.am.gov.br\/semasc\/wp-json\/wp\/v2\/categories?post=208992"},{"taxonomy":"post_tag","embeddable":true,"href":"https:\/\/www.manaus.am.gov.br\/semasc\/wp-json\/wp\/v2\/tags?post=208992"}],"curies":[{"name":"wp","href":"https:\/\/api.w.org\/{rel}","templated":true}]}}