{"id":208990,"date":"2023-10-05T21:22:38","date_gmt":"2023-10-06T01:22:38","guid":{"rendered":"https:\/\/www.manaus.am.gov.br\/semasc\/prefeitura-participa-de-ato-publico-alusivo-ao-dia-internacional-da-pessoa-idosa\/"},"modified":"2023-11-24T17:00:52","modified_gmt":"2023-11-24T21:00:52","slug":"prefeitura-participa-de-ato-publico-alusivo-ao-dia-internacional-da-pessoa-idosa","status":"publish","type":"post","link":"https:\/\/www.manaus.am.gov.br\/semasc\/prefeitura-participa-de-ato-publico-alusivo-ao-dia-internacional-da-pessoa-idosa\/","title":{"rendered":"Prefeitura participa de ato p\u00fablico alusivo ao Dia Internacional da Pessoa Idosa"},"content":{"rendered":"\n<p>Em alus\u00e3o ao Dia Internacional da Pessoa Idosa e aos 20 anos da promulga\u00e7\u00e3o do Estatuto do Idoso, ambos celebrados no dia 1\u00b0\/10, a Prefeitura de Manaus, por meio da Secretaria Municipal da Mulher, Assist\u00eancia Social e Cidadania (Semasc), participou, nesta quinta-feira, 5\/10, de um ato p\u00fablico promovido pelo F\u00f3rum dos Direitos da Pessoa Idosa do Amazonas.&nbsp;<\/p>\n\n\n\n<p>Realizado no largo S\u00e3o Sebasti\u00e3o, no centro hist\u00f3rico de Manaus, o ato reuniu mais de 900 idosos em frente ao Teatro Amazonas em uma programa\u00e7\u00e3o recheada de atra\u00e7\u00f5es musicais, culturais, atividades f\u00edsicas e outros servi\u00e7os socioassistenciais do poder p\u00fablico manauara.&nbsp;<\/p>\n\n\n\n<p>&#8220;Muitos dos grupos de idosos presentes neste ato de hoje s\u00e3o atendidos pelo nosso servi\u00e7o de conviv\u00eancia, nos Centros de Refer\u00eancia de Assist\u00eancia Social (Cras), ent\u00e3o nada mais justo que prestigiarmos um momento t\u00e3o bonito como este. Nosso trabalho \u00e9 voltado para a promo\u00e7\u00e3o do fortalecimento de v\u00ednculos comunit\u00e1rios dessas pessoas, e ver todos aqui felizes e animados \u00e9 de uma satisfa\u00e7\u00e3o enorme e parte essencial do nosso trabalho&#8221;, explicou Josieth Ara\u00fajo, gerente do Servi\u00e7o de Conviv\u00eancia e Fortalecimento de V\u00ednculos da Semasc, servi\u00e7os desenvolvido e ofertado pelos equipamentos socioassistenciais da Prote\u00e7\u00e3o Social B\u00e1sica do munic\u00edpio.&nbsp;<\/p>\n\n\n\n<p>Coordenadora do f\u00f3rum, a assistente social Concei\u00e7\u00e3o Dias destacou a import\u00e2ncia do ato para a visibilidade da figura da pessoa idosa na capital amazonense. De acordo com Concei\u00e7\u00e3o, \u00e9 essencial que a popula\u00e7\u00e3o, idosa ou n\u00e3o, tenha plena ci\u00eancia de seus direitos enquanto cidad\u00e3os.&nbsp;<\/p>\n\n\n\n<p>&#8220;Nossa programa\u00e7\u00e3o de hoje \u00e9 uma homenagem aos idosos da cidade de Manaus, bem como ao estatuto que rege as leis de prote\u00e7\u00e3o e combate \u00e0 viol\u00eancia contra a terceira idade. \u00c9 um momento que demonstramos nossa miss\u00e3o de permanecer de m\u00e3os dadas com a rede de prote\u00e7\u00e3o social para a garantia de direitos da popula\u00e7\u00e3o&#8221;, afirmou.&nbsp;<\/p>\n\n\n\n<p>A aposentada Gilda Pereira, de 72 anos, participou do ato e elogiou a iniciativa, al\u00e9m de ressaltar sua import\u00e2ncia para si.&nbsp;<\/p>\n\n\n\n<p>&#8220;\u00c9 uma ocasi\u00e3o muito especial e acho que n\u00f3s merecemos isso. Estamos todos muito felizes em poder participar, por poder desfrutar desse momento com amigos e familiares. Infelizmente, ainda h\u00e1 pessoas que n\u00e3o t\u00eam paci\u00eancia com as pessoas idosas e o dia de hoje \u00e9 importante para mostrar a essas pessoas que as coisas n\u00e3o s\u00e3o bem assim&#8221;, concluiu.&nbsp;<\/p>\n\n\n\n<p>&#8212; &#8212; &#8212;<\/p>\n\n\n\n<p><strong>Texto<\/strong>&nbsp;&#8211; Guilherme Pacheco \/ Semasc&nbsp;<\/p>\n\n\n\n<p><strong>Fotos<\/strong>&nbsp;&#8211; &nbsp;Diego Lima \/ Semasc&nbsp;<\/p>\n\n\n\n<p>Dispon\u00edveis em &#8211;&nbsp;<a href=\"https:\/\/we.tl\/t-DHgKrVMYvs\" target=\"_blank\" rel=\"noreferrer noopener\">https:\/\/we.tl\/t-DHgKrVMYvs<\/a>&nbsp;<\/p>\n","protected":false},"excerpt":{"rendered":"","protected":false},"author":31,"featured_media":208991,"comment_status":"closed","ping_status":"closed","sticky":false,"template":"","format":"standard","meta":{"footnotes":""},"categories":[198],"tags":[486,487,488],"acf":[],"yoast_head":"<!-- This site is optimized with the Yoast SEO plugin v23.0 - https:\/\/yoast.com\/wordpress\/plugins\/seo\/ -->\n<title>Prefeitura participa de ato p\u00fablico alusivo ao Dia Internacional da Pessoa Idosa - SEMASC<\/title>\n<meta name=\"robots\" content=\"noindex, follow\" \/>\n<meta property=\"og:locale\" content=\"pt_BR\" \/>\n<meta property=\"og:type\" content=\"article\" \/>\n<meta property=\"og:title\" content=\"Prefeitura participa de ato p\u00fablico alusivo ao Dia Internacional da Pessoa Idosa - SEMASC\" \/>\n<meta property=\"og:url\" content=\"https:\/\/www.manaus.am.gov.br\/semasc\/prefeitura-participa-de-ato-publico-alusivo-ao-dia-internacional-da-pessoa-idosa\/\" \/>\n<meta property=\"og:site_name\" content=\"SEMASC\" \/>\n<meta property=\"article:publisher\" content=\"https:\/\/www.facebook.com\/semascmanaus\" \/>\n<meta property=\"article:published_time\" content=\"2023-10-06T01:22:38+00:00\" \/>\n<meta property=\"article:modified_time\" content=\"2023-11-24T21:00:52+00:00\" \/>\n<meta property=\"og:image\" content=\"https:\/\/www.manaus.am.gov.br\/semasc\/wp-content\/uploads\/sites\/17\/2023\/10\/IMG_5591-1024x683.jpeg\" \/>\n\t<meta property=\"og:image:width\" content=\"1024\" \/>\n\t<meta property=\"og:image:height\" content=\"683\" \/>\n\t<meta property=\"og:image:type\" content=\"image\/jpeg\" \/>\n<meta name=\"author\" content=\"Renata Felix\" \/>\n<meta name=\"twitter:card\" content=\"summary_large_image\" \/>\n<meta name=\"twitter:label1\" content=\"Written by\" \/>\n\t<meta name=\"twitter:data1\" content=\"Renata Felix\" \/>\n\t<meta name=\"twitter:label2\" content=\"Est. reading time\" \/>\n\t<meta name=\"twitter:data2\" content=\"3 minutos\" \/>\n<script type=\"application\/ld+json\" class=\"yoast-schema-graph\">{\"@context\":\"https:\/\/schema.org\",\"@graph\":[{\"@type\":\"Article\",\"@id\":\"https:\/\/www.manaus.am.gov.br\/semasc\/prefeitura-participa-de-ato-publico-alusivo-ao-dia-internacional-da-pessoa-idosa\/#article\",\"isPartOf\":{\"@id\":\"https:\/\/www.manaus.am.gov.br\/semasc\/prefeitura-participa-de-ato-publico-alusivo-ao-dia-internacional-da-pessoa-idosa\/\"},\"author\":{\"name\":\"Renata Felix\",\"@id\":\"https:\/\/www.manaus.am.gov.br\/semasc\/#\/schema\/person\/4eea2a8f78dc853097abb026f728aa06\"},\"headline\":\"Prefeitura participa de ato p\u00fablico alusivo ao Dia Internacional da Pessoa Idosa\",\"datePublished\":\"2023-10-06T01:22:38+00:00\",\"dateModified\":\"2023-11-24T21:00:52+00:00\",\"mainEntityOfPage\":{\"@id\":\"https:\/\/www.manaus.am.gov.br\/semasc\/prefeitura-participa-de-ato-publico-alusivo-ao-dia-internacional-da-pessoa-idosa\/\"},\"wordCount\":465,\"publisher\":{\"@id\":\"https:\/\/www.manaus.am.gov.br\/semasc\/#organization\"},\"image\":{\"@id\":\"https:\/\/www.manaus.am.gov.br\/semasc\/prefeitura-participa-de-ato-publico-alusivo-ao-dia-internacional-da-pessoa-idosa\/#primaryimage\"},\"thumbnailUrl\":\"https:\/\/www.manaus.am.gov.br\/semasc\/wp-content\/uploads\/sites\/17\/2023\/10\/IMG_5591.jpeg\",\"keywords\":[\"ato p\u00fablico\",\"Dia Internacional da Pessoa Idosa\",\"Estatuto do Idoso\"],\"articleSection\":[\"Direitos\"],\"inLanguage\":\"pt-BR\"},{\"@type\":\"WebPage\",\"@id\":\"https:\/\/www.manaus.am.gov.br\/semasc\/prefeitura-participa-de-ato-publico-alusivo-ao-dia-internacional-da-pessoa-idosa\/\",\"url\":\"https:\/\/www.manaus.am.gov.br\/semasc\/prefeitura-participa-de-ato-publico-alusivo-ao-dia-internacional-da-pessoa-idosa\/\",\"name\":\"Prefeitura participa de ato p\u00fablico alusivo ao Dia Internacional da Pessoa Idosa - SEMASC\",\"isPartOf\":{\"@id\":\"https:\/\/www.manaus.am.gov.br\/semasc\/#website\"},\"primaryImageOfPage\":{\"@id\":\"https:\/\/www.manaus.am.gov.br\/semasc\/prefeitura-participa-de-ato-publico-alusivo-ao-dia-internacional-da-pessoa-idosa\/#primaryimage\"},\"image\":{\"@id\":\"https:\/\/www.manaus.am.gov.br\/semasc\/prefeitura-participa-de-ato-publico-alusivo-ao-dia-internacional-da-pessoa-idosa\/#primaryimage\"},\"thumbnailUrl\":\"https:\/\/www.manaus.am.gov.br\/semasc\/wp-content\/uploads\/sites\/17\/2023\/10\/IMG_5591.jpeg\",\"datePublished\":\"2023-10-06T01:22:38+00:00\",\"dateModified\":\"2023-11-24T21:00:52+00:00\",\"breadcrumb\":{\"@id\":\"https:\/\/www.manaus.am.gov.br\/semasc\/prefeitura-participa-de-ato-publico-alusivo-ao-dia-internacional-da-pessoa-idosa\/#breadcrumb\"},\"inLanguage\":\"pt-BR\",\"potentialAction\":[{\"@type\":\"ReadAction\",\"target\":[\"https:\/\/www.manaus.am.gov.br\/semasc\/prefeitura-participa-de-ato-publico-alusivo-ao-dia-internacional-da-pessoa-idosa\/\"]}]},{\"@type\":\"ImageObject\",\"inLanguage\":\"pt-BR\",\"@id\":\"https:\/\/www.manaus.am.gov.br\/semasc\/prefeitura-participa-de-ato-publico-alusivo-ao-dia-internacional-da-pessoa-idosa\/#primaryimage\",\"url\":\"https:\/\/www.manaus.am.gov.br\/semasc\/wp-content\/uploads\/sites\/17\/2023\/10\/IMG_5591.jpeg\",\"contentUrl\":\"https:\/\/www.manaus.am.gov.br\/semasc\/wp-content\/uploads\/sites\/17\/2023\/10\/IMG_5591.jpeg\",\"width\":3456,\"height\":2304},{\"@type\":\"BreadcrumbList\",\"@id\":\"https:\/\/www.manaus.am.gov.br\/semasc\/prefeitura-participa-de-ato-publico-alusivo-ao-dia-internacional-da-pessoa-idosa\/#breadcrumb\",\"itemListElement\":[{\"@type\":\"ListItem\",\"position\":1,\"name\":\"Home\",\"item\":\"https:\/\/www.manaus.am.gov.br\/semasc\/\"},{\"@type\":\"ListItem\",\"position\":2,\"name\":\"Prefeitura participa de ato p\u00fablico alusivo ao Dia Internacional da Pessoa Idosa\"}]},{\"@type\":\"WebSite\",\"@id\":\"https:\/\/www.manaus.am.gov.br\/semasc\/#website\",\"url\":\"https:\/\/www.manaus.am.gov.br\/semasc\/\",\"name\":\"SEMASC\",\"description\":\"Secretaria Municipal da Mulher, Assist\u00eancia Social e Cidadania.\",\"publisher\":{\"@id\":\"https:\/\/www.manaus.am.gov.br\/semasc\/#organization\"},\"alternateName\":\"Secretaria Municipal da Mulher, Assist\u00eancia Social e Cidadania\",\"potentialAction\":[{\"@type\":\"SearchAction\",\"target\":{\"@type\":\"EntryPoint\",\"urlTemplate\":\"https:\/\/www.manaus.am.gov.br\/semasc\/?s={search_term_string}\"},\"query-input\":\"required name=search_term_string\"}],\"inLanguage\":\"pt-BR\"},{\"@type\":\"Organization\",\"@id\":\"https:\/\/www.manaus.am.gov.br\/semasc\/#organization\",\"name\":\"Prefeitura de Manaus\",\"alternateName\":\"Prefeitura Municipal de Manaus\",\"url\":\"https:\/\/www.manaus.am.gov.br\/semasc\/\",\"logo\":{\"@type\":\"ImageObject\",\"inLanguage\":\"pt-BR\",\"@id\":\"https:\/\/www.manaus.am.gov.br\/semasc\/#\/schema\/logo\/image\/\",\"url\":\"https:\/\/www.manaus.am.gov.br\/semasc\/wp-content\/uploads\/sites\/17\/2024\/07\/favicon.png\",\"contentUrl\":\"https:\/\/www.manaus.am.gov.br\/semasc\/wp-content\/uploads\/sites\/17\/2024\/07\/favicon.png\",\"width\":300,\"height\":300,\"caption\":\"Prefeitura de Manaus\"},\"image\":{\"@id\":\"https:\/\/www.manaus.am.gov.br\/semasc\/#\/schema\/logo\/image\/\"},\"sameAs\":[\"https:\/\/www.facebook.com\/semascmanaus\",\"https:\/\/www.instagram.com\/semascmanaus\/\"]},{\"@type\":\"Person\",\"@id\":\"https:\/\/www.manaus.am.gov.br\/semasc\/#\/schema\/person\/4eea2a8f78dc853097abb026f728aa06\",\"name\":\"Renata Felix\",\"image\":{\"@type\":\"ImageObject\",\"inLanguage\":\"pt-BR\",\"@id\":\"https:\/\/www.manaus.am.gov.br\/semasc\/#\/schema\/person\/image\/\",\"url\":\"https:\/\/secure.gravatar.com\/avatar\/3c196cf9d3b837b24c8edb2c50fd8f29?s=96&d=mm&r=g\",\"contentUrl\":\"https:\/\/secure.gravatar.com\/avatar\/3c196cf9d3b837b24c8edb2c50fd8f29?s=96&d=mm&r=g\",\"caption\":\"Renata Felix\"}}]}<\/script>\n<!-- \/ Yoast SEO plugin. -->","yoast_head_json":{"title":"Prefeitura participa de ato p\u00fablico alusivo ao Dia Internacional da Pessoa Idosa - SEMASC","robots":{"index":"noindex","follow":"follow"},"og_locale":"pt_BR","og_type":"article","og_title":"Prefeitura participa de ato p\u00fablico alusivo ao Dia Internacional da Pessoa Idosa - SEMASC","og_url":"https:\/\/www.manaus.am.gov.br\/semasc\/prefeitura-participa-de-ato-publico-alusivo-ao-dia-internacional-da-pessoa-idosa\/","og_site_name":"SEMASC","article_publisher":"https:\/\/www.facebook.com\/semascmanaus","article_published_time":"2023-10-06T01:22:38+00:00","article_modified_time":"2023-11-24T21:00:52+00:00","og_image":[{"width":1024,"height":683,"url":"https:\/\/www.manaus.am.gov.br\/semasc\/wp-content\/uploads\/sites\/17\/2023\/10\/IMG_5591-1024x683.jpeg","type":"image\/jpeg"}],"author":"Renata Felix","twitter_card":"summary_large_image","twitter_misc":{"Written by":"Renata Felix","Est. reading time":"3 minutos"},"schema":{"@context":"https:\/\/schema.org","@graph":[{"@type":"Article","@id":"https:\/\/www.manaus.am.gov.br\/semasc\/prefeitura-participa-de-ato-publico-alusivo-ao-dia-internacional-da-pessoa-idosa\/#article","isPartOf":{"@id":"https:\/\/www.manaus.am.gov.br\/semasc\/prefeitura-participa-de-ato-publico-alusivo-ao-dia-internacional-da-pessoa-idosa\/"},"author":{"name":"Renata Felix","@id":"https:\/\/www.manaus.am.gov.br\/semasc\/#\/schema\/person\/4eea2a8f78dc853097abb026f728aa06"},"headline":"Prefeitura participa de ato p\u00fablico alusivo ao Dia Internacional da Pessoa Idosa","datePublished":"2023-10-06T01:22:38+00:00","dateModified":"2023-11-24T21:00:52+00:00","mainEntityOfPage":{"@id":"https:\/\/www.manaus.am.gov.br\/semasc\/prefeitura-participa-de-ato-publico-alusivo-ao-dia-internacional-da-pessoa-idosa\/"},"wordCount":465,"publisher":{"@id":"https:\/\/www.manaus.am.gov.br\/semasc\/#organization"},"image":{"@id":"https:\/\/www.manaus.am.gov.br\/semasc\/prefeitura-participa-de-ato-publico-alusivo-ao-dia-internacional-da-pessoa-idosa\/#primaryimage"},"thumbnailUrl":"https:\/\/www.manaus.am.gov.br\/semasc\/wp-content\/uploads\/sites\/17\/2023\/10\/IMG_5591.jpeg","keywords":["ato p\u00fablico","Dia Internacional da Pessoa Idosa","Estatuto do Idoso"],"articleSection":["Direitos"],"inLanguage":"pt-BR"},{"@type":"WebPage","@id":"https:\/\/www.manaus.am.gov.br\/semasc\/prefeitura-participa-de-ato-publico-alusivo-ao-dia-internacional-da-pessoa-idosa\/","url":"https:\/\/www.manaus.am.gov.br\/semasc\/prefeitura-participa-de-ato-publico-alusivo-ao-dia-internacional-da-pessoa-idosa\/","name":"Prefeitura participa de ato p\u00fablico alusivo ao Dia Internacional da Pessoa Idosa - SEMASC","isPartOf":{"@id":"https:\/\/www.manaus.am.gov.br\/semasc\/#website"},"primaryImageOfPage":{"@id":"https:\/\/www.manaus.am.gov.br\/semasc\/prefeitura-participa-de-ato-publico-alusivo-ao-dia-internacional-da-pessoa-idosa\/#primaryimage"},"image":{"@id":"https:\/\/www.manaus.am.gov.br\/semasc\/prefeitura-participa-de-ato-publico-alusivo-ao-dia-internacional-da-pessoa-idosa\/#primaryimage"},"thumbnailUrl":"https:\/\/www.manaus.am.gov.br\/semasc\/wp-content\/uploads\/sites\/17\/2023\/10\/IMG_5591.jpeg","datePublished":"2023-10-06T01:22:38+00:00","dateModified":"2023-11-24T21:00:52+00:00","breadcrumb":{"@id":"https:\/\/www.manaus.am.gov.br\/semasc\/prefeitura-participa-de-ato-publico-alusivo-ao-dia-internacional-da-pessoa-idosa\/#breadcrumb"},"inLanguage":"pt-BR","potentialAction":[{"@type":"ReadAction","target":["https:\/\/www.manaus.am.gov.br\/semasc\/prefeitura-participa-de-ato-publico-alusivo-ao-dia-internacional-da-pessoa-idosa\/"]}]},{"@type":"ImageObject","inLanguage":"pt-BR","@id":"https:\/\/www.manaus.am.gov.br\/semasc\/prefeitura-participa-de-ato-publico-alusivo-ao-dia-internacional-da-pessoa-idosa\/#primaryimage","url":"https:\/\/www.manaus.am.gov.br\/semasc\/wp-content\/uploads\/sites\/17\/2023\/10\/IMG_5591.jpeg","contentUrl":"https:\/\/www.manaus.am.gov.br\/semasc\/wp-content\/uploads\/sites\/17\/2023\/10\/IMG_5591.jpeg","width":3456,"height":2304},{"@type":"BreadcrumbList","@id":"https:\/\/www.manaus.am.gov.br\/semasc\/prefeitura-participa-de-ato-publico-alusivo-ao-dia-internacional-da-pessoa-idosa\/#breadcrumb","itemListElement":[{"@type":"ListItem","position":1,"name":"Home","item":"https:\/\/www.manaus.am.gov.br\/semasc\/"},{"@type":"ListItem","position":2,"name":"Prefeitura participa de ato p\u00fablico alusivo ao Dia Internacional da Pessoa Idosa"}]},{"@type":"WebSite","@id":"https:\/\/www.manaus.am.gov.br\/semasc\/#website","url":"https:\/\/www.manaus.am.gov.br\/semasc\/","name":"SEMASC","description":"Secretaria Municipal da Mulher, Assist\u00eancia Social e Cidadania.","publisher":{"@id":"https:\/\/www.manaus.am.gov.br\/semasc\/#organization"},"alternateName":"Secretaria Municipal da Mulher, Assist\u00eancia Social e Cidadania","potentialAction":[{"@type":"SearchAction","target":{"@type":"EntryPoint","urlTemplate":"https:\/\/www.manaus.am.gov.br\/semasc\/?s={search_term_string}"},"query-input":"required name=search_term_string"}],"inLanguage":"pt-BR"},{"@type":"Organization","@id":"https:\/\/www.manaus.am.gov.br\/semasc\/#organization","name":"Prefeitura de Manaus","alternateName":"Prefeitura Municipal de Manaus","url":"https:\/\/www.manaus.am.gov.br\/semasc\/","logo":{"@type":"ImageObject","inLanguage":"pt-BR","@id":"https:\/\/www.manaus.am.gov.br\/semasc\/#\/schema\/logo\/image\/","url":"https:\/\/www.manaus.am.gov.br\/semasc\/wp-content\/uploads\/sites\/17\/2024\/07\/favicon.png","contentUrl":"https:\/\/www.manaus.am.gov.br\/semasc\/wp-content\/uploads\/sites\/17\/2024\/07\/favicon.png","width":300,"height":300,"caption":"Prefeitura de Manaus"},"image":{"@id":"https:\/\/www.manaus.am.gov.br\/semasc\/#\/schema\/logo\/image\/"},"sameAs":["https:\/\/www.facebook.com\/semascmanaus","https:\/\/www.instagram.com\/semascmanaus\/"]},{"@type":"Person","@id":"https:\/\/www.manaus.am.gov.br\/semasc\/#\/schema\/person\/4eea2a8f78dc853097abb026f728aa06","name":"Renata Felix","image":{"@type":"ImageObject","inLanguage":"pt-BR","@id":"https:\/\/www.manaus.am.gov.br\/semasc\/#\/schema\/person\/image\/","url":"https:\/\/secure.gravatar.com\/avatar\/3c196cf9d3b837b24c8edb2c50fd8f29?s=96&d=mm&r=g","contentUrl":"https:\/\/secure.gravatar.com\/avatar\/3c196cf9d3b837b24c8edb2c50fd8f29?s=96&d=mm&r=g","caption":"Renata Felix"}}]}},"_links":{"self":[{"href":"https:\/\/www.manaus.am.gov.br\/semasc\/wp-json\/wp\/v2\/posts\/208990"}],"collection":[{"href":"https:\/\/www.manaus.am.gov.br\/semasc\/wp-json\/wp\/v2\/posts"}],"about":[{"href":"https:\/\/www.manaus.am.gov.br\/semasc\/wp-json\/wp\/v2\/types\/post"}],"author":[{"embeddable":true,"href":"https:\/\/www.manaus.am.gov.br\/semasc\/wp-json\/wp\/v2\/users\/31"}],"replies":[{"embeddable":true,"href":"https:\/\/www.manaus.am.gov.br\/semasc\/wp-json\/wp\/v2\/comments?post=208990"}],"version-history":[{"count":1,"href":"https:\/\/www.manaus.am.gov.br\/semasc\/wp-json\/wp\/v2\/posts\/208990\/revisions"}],"predecessor-version":[{"id":209293,"href":"https:\/\/www.manaus.am.gov.br\/semasc\/wp-json\/wp\/v2\/posts\/208990\/revisions\/209293"}],"wp:featuredmedia":[{"embeddable":true,"href":"https:\/\/www.manaus.am.gov.br\/semasc\/wp-json\/wp\/v2\/media\/208991"}],"wp:attachment":[{"href":"https:\/\/www.manaus.am.gov.br\/semasc\/wp-json\/wp\/v2\/media?parent=208990"}],"wp:term":[{"taxonomy":"category","embeddable":true,"href":"https:\/\/www.manaus.am.gov.br\/semasc\/wp-json\/wp\/v2\/categories?post=208990"},{"taxonomy":"post_tag","embeddable":true,"href":"https:\/\/www.manaus.am.gov.br\/semasc\/wp-json\/wp\/v2\/tags?post=208990"}],"curies":[{"name":"wp","href":"https:\/\/api.w.org\/{rel}","templated":true}]}}