{"id":208986,"date":"2023-10-05T13:09:18","date_gmt":"2023-10-05T17:09:18","guid":{"rendered":"https:\/\/www.manaus.am.gov.br\/semasc\/prefeitura-e-ciee-assinam-termo-de-cooperacao-tecnica-para-a-ampliacao-de-parceria-voltada-a-adolescentes-e-jovens\/"},"modified":"2023-11-24T17:01:04","modified_gmt":"2023-11-24T21:01:04","slug":"prefeitura-e-ciee-assinam-termo-de-cooperacao-tecnica-para-a-ampliacao-de-parceria-voltada-a-adolescentes-e-jovens","status":"publish","type":"post","link":"https:\/\/www.manaus.am.gov.br\/semasc\/prefeitura-e-ciee-assinam-termo-de-cooperacao-tecnica-para-a-ampliacao-de-parceria-voltada-a-adolescentes-e-jovens\/","title":{"rendered":"Prefeitura e CIEE assinam Termo de Coopera\u00e7\u00e3o T\u00e9cnica para a amplia\u00e7\u00e3o de parceria voltada a adolescentes e jovens"},"content":{"rendered":"\n<p>A Prefeitura de Manaus, por meio da Secretaria Municipal da Mulher, Assist\u00eancia Social e Cidadania (Semasc), e o Centro de Integra\u00e7\u00e3o Empresa-Escola (CIEE), realizaram, nesta quinta-feira, 5\/10, a assinatura deum Termo de Coopera\u00e7\u00e3o T\u00e9cnica para a disponibiliza\u00e7\u00e3o de oficinas de capacita\u00e7\u00e3o para adolescentes e jovens atendidos pelo Servi\u00e7o de Conviv\u00eancia e Fortalecimento de V\u00ednculos (SCFV), desenvolvido e executado pelos Centros de Refer\u00eancia de Assist\u00eancia Social (Cras) do munic\u00edpio.&nbsp;<\/p>\n\n\n\n<p>Com a assinatura do termo, a parceria, antes pontual, passa a ser formalizada e estruturalizada a longo prazo, tendo como base os recursos materiais e t\u00e9cnicos oferecidos continuamente \u00e0 popula\u00e7\u00e3o pela gest\u00e3o municipal e agora pela iniciativa privada. Gerente do Servi\u00e7o de Conviv\u00eancia e Fortalecimento de V\u00ednculos, Josieth Ara\u00fajo destacou a import\u00e2ncia da parceria para a garantia de direitos dos jovens beneficiados.&nbsp;<\/p>\n\n\n\n<p>\u201c\u00c9 um momento muito importante para a prote\u00e7\u00e3o social b\u00e1sica da cidade de Manaus, pois agora, independentemente do que aconte\u00e7a em termos de gest\u00e3o, o Termo de Coopera\u00e7\u00e3o T\u00e9cnica garantir\u00e1 a continuidade dos trabalhos que realizamos em parceria com o CIEE no atendimento de adolescentes em situa\u00e7\u00e3o de vulnerabilidade social. Com isto consolidado, queremos tamb\u00e9m expandir esses trabalhos para a prote\u00e7\u00e3o social especial, levar a parceria para dentro dos Centros de Refer\u00eancia Especializados de Assist\u00eancia Social (Creas) e afins\u201d, afirmou.&nbsp;<\/p>\n\n\n\n<p>Al\u00e9m da disponibiliza\u00e7\u00e3o das chamadas \u201cOficinas de Cri@tividades\u201d, inspiradas no Programa Nacional de Promo\u00e7\u00e3o do Acesso ao Mundo do Trabalho e com o objetivo de assegurar conhecimentos relacionados ao mercado de trabalho a jovens em busca do primeiro emprego, o Termo de Coopera\u00e7\u00e3o T\u00e9cnica ainda abrange a realiza\u00e7\u00e3o das \u201cAcolhidas com a Comunidade\u201d, momentos did\u00e1ticos onde a equipe do CIEE realiza uma apresenta\u00e7\u00e3o geral de diversos programas de aprendizagem e est\u00e1gio.&nbsp;<\/p>\n\n\n\n<p>Luana Cruz Bottini, gerente de Projetos Sociais do CIEE, ressaltou ainda a import\u00e2ncia para a institui\u00e7\u00e3o de se fazer cada vez mais presente em espa\u00e7os de atendimento socioassistencial e outros tipos de ambientes pr\u00f3ximos da comunidade.&nbsp;<\/p>\n\n\n\n<p>\u201cA miss\u00e3o do CIEE \u00e9 estar perto da juventude. Estamos falando de acolher esses jovens, para ent\u00e3o dar in\u00edcio ao seu processo de emancipa\u00e7\u00e3o, ajud\u00e1-los a come\u00e7ar a pensar no que querem ser da vida, a sonhar. N\u00e3o queremos que eles pensem e simplesmente procurem um local para ganhar dinheiro, queremos que eles pensem em seus prop\u00f3sitos de vida, em como podem colaborar com um mundo melhor, mais justo e saud\u00e1vel para todos\u201d, explicou.&nbsp;<\/p>\n\n\n\n<p>O estudante Jo\u00e3o Humberto Melo Nicolau, de 18 anos, participou da assinatura representando os adolescentes e jovens beneficiados pela parceria antes mesmo da assinatura do Termo de Coopera\u00e7\u00e3o T\u00e9cnica. Atualmente estagi\u00e1rio no CIEE, Jo\u00e3o destacou a import\u00e2ncia da iniciativa para outros jovens como ele.<\/p>\n\n\n\n<p>\u201cTem sido uma experi\u00eancia \u00f3tima e o fato de que outras pessoas ter\u00e3o a oportunidade de viver isso \u00e9 maravilhoso. At\u00e9 certo tempo atr\u00e1s, n\u00e3o havia projetos como este que ajudassem jovens dessa forma, ent\u00e3o acho muito importante, principalmente para aqueles em estado de vulnerabilidade social e que precisam desse apoio, que haja essa organiza\u00e7\u00e3o em prol da nossa profissionaliza\u00e7\u00e3o\u201d, concluiu.<\/p>\n\n\n\n<p>&#8212; &#8212; &#8212;<\/p>\n\n\n\n<p><strong>Texto &#8211; <\/strong>Guilherme Pacheco \/ Semasc<\/p>\n\n\n\n<p><strong>Fotos &#8211; <\/strong>Diego Lima \/ Semasc<\/p>\n\n\n\n<p><strong>Dispon\u00edveis em \u2013 <\/strong><a href=\"https:\/\/flic.kr\/s\/aHBqjAXnLz\">https:\/\/flic.kr\/s\/aHBqjAXnLz<\/a><\/p>\n","protected":false},"excerpt":{"rendered":"","protected":false},"author":39,"featured_media":208987,"comment_status":"closed","ping_status":"closed","sticky":false,"template":"","format":"standard","meta":{"footnotes":""},"categories":[76],"tags":[480,303,7,18,481],"acf":[],"yoast_head":"<!-- This site is optimized with the Yoast SEO plugin v23.0 - https:\/\/yoast.com\/wordpress\/plugins\/seo\/ -->\n<title>Prefeitura e CIEE assinam Termo de Coopera\u00e7\u00e3o T\u00e9cnica para a amplia\u00e7\u00e3o de parceria voltada a adolescentes e jovens<\/title>\n<meta name=\"description\" content=\"Com a assinatura do termo, a parceria, antes pontual, passa a ser formalizada e estruturalizada a longo prazo, tendo como base os recursos materiais e t\u00e9cnicos oferecidos continuamente \u00e0 popula\u00e7\u00e3o pela gest\u00e3o municipal e agora pela iniciativa privada.\" \/>\n<meta name=\"robots\" content=\"noindex, follow\" \/>\n<meta property=\"og:locale\" content=\"pt_BR\" \/>\n<meta property=\"og:type\" content=\"article\" \/>\n<meta property=\"og:title\" content=\"Prefeitura e CIEE assinam Termo de Coopera\u00e7\u00e3o T\u00e9cnica para a amplia\u00e7\u00e3o de parceria voltada a adolescentes e jovens\" \/>\n<meta property=\"og:description\" content=\"Com a assinatura do termo, a parceria, antes pontual, passa a ser formalizada e estruturalizada a longo prazo, tendo como base os recursos materiais e t\u00e9cnicos oferecidos continuamente \u00e0 popula\u00e7\u00e3o pela gest\u00e3o municipal e agora pela iniciativa privada.\" \/>\n<meta property=\"og:url\" content=\"https:\/\/www.manaus.am.gov.br\/semasc\/prefeitura-e-ciee-assinam-termo-de-cooperacao-tecnica-para-a-ampliacao-de-parceria-voltada-a-adolescentes-e-jovens\/\" \/>\n<meta property=\"og:site_name\" content=\"SEMASC\" \/>\n<meta property=\"article:publisher\" content=\"https:\/\/www.facebook.com\/semascmanaus\" \/>\n<meta property=\"article:published_time\" content=\"2023-10-05T17:09:18+00:00\" \/>\n<meta property=\"article:modified_time\" content=\"2023-11-24T21:01:04+00:00\" \/>\n<meta property=\"og:image\" content=\"https:\/\/www.manaus.am.gov.br\/semasc\/wp-content\/uploads\/sites\/17\/2023\/10\/53236796683_d966dbf1cf_k.jpg\" \/>\n\t<meta property=\"og:image:width\" content=\"2048\" \/>\n\t<meta property=\"og:image:height\" content=\"1365\" \/>\n\t<meta property=\"og:image:type\" content=\"image\/jpeg\" \/>\n<meta name=\"author\" content=\"Bruna Greco\" \/>\n<meta name=\"twitter:card\" content=\"summary_large_image\" \/>\n<meta name=\"twitter:label1\" content=\"Written by\" \/>\n\t<meta name=\"twitter:data1\" content=\"Bruna Greco\" \/>\n\t<meta name=\"twitter:label2\" content=\"Est. reading time\" \/>\n\t<meta name=\"twitter:data2\" content=\"3 minutos\" \/>\n<script type=\"application\/ld+json\" class=\"yoast-schema-graph\">{\"@context\":\"https:\/\/schema.org\",\"@graph\":[{\"@type\":\"Article\",\"@id\":\"https:\/\/www.manaus.am.gov.br\/semasc\/prefeitura-e-ciee-assinam-termo-de-cooperacao-tecnica-para-a-ampliacao-de-parceria-voltada-a-adolescentes-e-jovens\/#article\",\"isPartOf\":{\"@id\":\"https:\/\/www.manaus.am.gov.br\/semasc\/prefeitura-e-ciee-assinam-termo-de-cooperacao-tecnica-para-a-ampliacao-de-parceria-voltada-a-adolescentes-e-jovens\/\"},\"author\":{\"name\":\"Bruna Greco\",\"@id\":\"https:\/\/www.manaus.am.gov.br\/semasc\/#\/schema\/person\/05d223aea2bf115f9883a6ff3683d81b\"},\"headline\":\"Prefeitura e CIEE assinam Termo de Coopera\u00e7\u00e3o T\u00e9cnica para a amplia\u00e7\u00e3o de parceria voltada a adolescentes e jovens\",\"datePublished\":\"2023-10-05T17:09:18+00:00\",\"dateModified\":\"2023-11-24T21:01:04+00:00\",\"mainEntityOfPage\":{\"@id\":\"https:\/\/www.manaus.am.gov.br\/semasc\/prefeitura-e-ciee-assinam-termo-de-cooperacao-tecnica-para-a-ampliacao-de-parceria-voltada-a-adolescentes-e-jovens\/\"},\"wordCount\":605,\"publisher\":{\"@id\":\"https:\/\/www.manaus.am.gov.br\/semasc\/#organization\"},\"image\":{\"@id\":\"https:\/\/www.manaus.am.gov.br\/semasc\/prefeitura-e-ciee-assinam-termo-de-cooperacao-tecnica-para-a-ampliacao-de-parceria-voltada-a-adolescentes-e-jovens\/#primaryimage\"},\"thumbnailUrl\":\"https:\/\/www.manaus.am.gov.br\/semasc\/wp-content\/uploads\/sites\/17\/2023\/10\/53236796683_d966dbf1cf_k.jpg\",\"keywords\":[\"amplia\u00e7\u00e3o de parceria voltada a adolescentes e jovens\",\"ciee\",\"prefeitura de manaus\",\"Semasc\",\"termo de coopera\u00e7\u00e3o t\u00e9cnica\"],\"articleSection\":[\"Capacita\u00e7\u00e3o\"],\"inLanguage\":\"pt-BR\"},{\"@type\":\"WebPage\",\"@id\":\"https:\/\/www.manaus.am.gov.br\/semasc\/prefeitura-e-ciee-assinam-termo-de-cooperacao-tecnica-para-a-ampliacao-de-parceria-voltada-a-adolescentes-e-jovens\/\",\"url\":\"https:\/\/www.manaus.am.gov.br\/semasc\/prefeitura-e-ciee-assinam-termo-de-cooperacao-tecnica-para-a-ampliacao-de-parceria-voltada-a-adolescentes-e-jovens\/\",\"name\":\"Prefeitura e CIEE assinam Termo de Coopera\u00e7\u00e3o T\u00e9cnica para a amplia\u00e7\u00e3o de parceria voltada a adolescentes e jovens\",\"isPartOf\":{\"@id\":\"https:\/\/www.manaus.am.gov.br\/semasc\/#website\"},\"primaryImageOfPage\":{\"@id\":\"https:\/\/www.manaus.am.gov.br\/semasc\/prefeitura-e-ciee-assinam-termo-de-cooperacao-tecnica-para-a-ampliacao-de-parceria-voltada-a-adolescentes-e-jovens\/#primaryimage\"},\"image\":{\"@id\":\"https:\/\/www.manaus.am.gov.br\/semasc\/prefeitura-e-ciee-assinam-termo-de-cooperacao-tecnica-para-a-ampliacao-de-parceria-voltada-a-adolescentes-e-jovens\/#primaryimage\"},\"thumbnailUrl\":\"https:\/\/www.manaus.am.gov.br\/semasc\/wp-content\/uploads\/sites\/17\/2023\/10\/53236796683_d966dbf1cf_k.jpg\",\"datePublished\":\"2023-10-05T17:09:18+00:00\",\"dateModified\":\"2023-11-24T21:01:04+00:00\",\"description\":\"Com a assinatura do termo, a parceria, antes pontual, passa a ser formalizada e estruturalizada a longo prazo, tendo como base os recursos materiais e t\u00e9cnicos oferecidos continuamente \u00e0 popula\u00e7\u00e3o pela gest\u00e3o municipal e agora pela iniciativa privada.\",\"breadcrumb\":{\"@id\":\"https:\/\/www.manaus.am.gov.br\/semasc\/prefeitura-e-ciee-assinam-termo-de-cooperacao-tecnica-para-a-ampliacao-de-parceria-voltada-a-adolescentes-e-jovens\/#breadcrumb\"},\"inLanguage\":\"pt-BR\",\"potentialAction\":[{\"@type\":\"ReadAction\",\"target\":[\"https:\/\/www.manaus.am.gov.br\/semasc\/prefeitura-e-ciee-assinam-termo-de-cooperacao-tecnica-para-a-ampliacao-de-parceria-voltada-a-adolescentes-e-jovens\/\"]}]},{\"@type\":\"ImageObject\",\"inLanguage\":\"pt-BR\",\"@id\":\"https:\/\/www.manaus.am.gov.br\/semasc\/prefeitura-e-ciee-assinam-termo-de-cooperacao-tecnica-para-a-ampliacao-de-parceria-voltada-a-adolescentes-e-jovens\/#primaryimage\",\"url\":\"https:\/\/www.manaus.am.gov.br\/semasc\/wp-content\/uploads\/sites\/17\/2023\/10\/53236796683_d966dbf1cf_k.jpg\",\"contentUrl\":\"https:\/\/www.manaus.am.gov.br\/semasc\/wp-content\/uploads\/sites\/17\/2023\/10\/53236796683_d966dbf1cf_k.jpg\",\"width\":2048,\"height\":1365},{\"@type\":\"BreadcrumbList\",\"@id\":\"https:\/\/www.manaus.am.gov.br\/semasc\/prefeitura-e-ciee-assinam-termo-de-cooperacao-tecnica-para-a-ampliacao-de-parceria-voltada-a-adolescentes-e-jovens\/#breadcrumb\",\"itemListElement\":[{\"@type\":\"ListItem\",\"position\":1,\"name\":\"Home\",\"item\":\"https:\/\/www.manaus.am.gov.br\/semasc\/\"},{\"@type\":\"ListItem\",\"position\":2,\"name\":\"Prefeitura e CIEE assinam Termo de Coopera\u00e7\u00e3o T\u00e9cnica para a amplia\u00e7\u00e3o de parceria voltada a adolescentes e jovens\"}]},{\"@type\":\"WebSite\",\"@id\":\"https:\/\/www.manaus.am.gov.br\/semasc\/#website\",\"url\":\"https:\/\/www.manaus.am.gov.br\/semasc\/\",\"name\":\"SEMASC\",\"description\":\"Secretaria Municipal da Mulher, Assist\u00eancia Social e Cidadania.\",\"publisher\":{\"@id\":\"https:\/\/www.manaus.am.gov.br\/semasc\/#organization\"},\"alternateName\":\"Secretaria Municipal da Mulher, Assist\u00eancia Social e Cidadania\",\"potentialAction\":[{\"@type\":\"SearchAction\",\"target\":{\"@type\":\"EntryPoint\",\"urlTemplate\":\"https:\/\/www.manaus.am.gov.br\/semasc\/?s={search_term_string}\"},\"query-input\":\"required name=search_term_string\"}],\"inLanguage\":\"pt-BR\"},{\"@type\":\"Organization\",\"@id\":\"https:\/\/www.manaus.am.gov.br\/semasc\/#organization\",\"name\":\"Prefeitura de Manaus\",\"alternateName\":\"Prefeitura Municipal de Manaus\",\"url\":\"https:\/\/www.manaus.am.gov.br\/semasc\/\",\"logo\":{\"@type\":\"ImageObject\",\"inLanguage\":\"pt-BR\",\"@id\":\"https:\/\/www.manaus.am.gov.br\/semasc\/#\/schema\/logo\/image\/\",\"url\":\"https:\/\/www.manaus.am.gov.br\/semasc\/wp-content\/uploads\/sites\/17\/2024\/07\/favicon.png\",\"contentUrl\":\"https:\/\/www.manaus.am.gov.br\/semasc\/wp-content\/uploads\/sites\/17\/2024\/07\/favicon.png\",\"width\":300,\"height\":300,\"caption\":\"Prefeitura de Manaus\"},\"image\":{\"@id\":\"https:\/\/www.manaus.am.gov.br\/semasc\/#\/schema\/logo\/image\/\"},\"sameAs\":[\"https:\/\/www.facebook.com\/semascmanaus\",\"https:\/\/www.instagram.com\/semascmanaus\/\"]},{\"@type\":\"Person\",\"@id\":\"https:\/\/www.manaus.am.gov.br\/semasc\/#\/schema\/person\/05d223aea2bf115f9883a6ff3683d81b\",\"name\":\"Bruna Greco\",\"image\":{\"@type\":\"ImageObject\",\"inLanguage\":\"pt-BR\",\"@id\":\"https:\/\/www.manaus.am.gov.br\/semasc\/#\/schema\/person\/image\/\",\"url\":\"https:\/\/secure.gravatar.com\/avatar\/9c877d1a6adc2a055330e5c09a8653ce?s=96&d=mm&r=g\",\"contentUrl\":\"https:\/\/secure.gravatar.com\/avatar\/9c877d1a6adc2a055330e5c09a8653ce?s=96&d=mm&r=g\",\"caption\":\"Bruna Greco\"}}]}<\/script>\n<!-- \/ Yoast SEO plugin. -->","yoast_head_json":{"title":"Prefeitura e CIEE assinam Termo de Coopera\u00e7\u00e3o T\u00e9cnica para a amplia\u00e7\u00e3o de parceria voltada a adolescentes e jovens","description":"Com a assinatura do termo, a parceria, antes pontual, passa a ser formalizada e estruturalizada a longo prazo, tendo como base os recursos materiais e t\u00e9cnicos oferecidos continuamente \u00e0 popula\u00e7\u00e3o pela gest\u00e3o municipal e agora pela iniciativa privada.","robots":{"index":"noindex","follow":"follow"},"og_locale":"pt_BR","og_type":"article","og_title":"Prefeitura e CIEE assinam Termo de Coopera\u00e7\u00e3o T\u00e9cnica para a amplia\u00e7\u00e3o de parceria voltada a adolescentes e jovens","og_description":"Com a assinatura do termo, a parceria, antes pontual, passa a ser formalizada e estruturalizada a longo prazo, tendo como base os recursos materiais e t\u00e9cnicos oferecidos continuamente \u00e0 popula\u00e7\u00e3o pela gest\u00e3o municipal e agora pela iniciativa privada.","og_url":"https:\/\/www.manaus.am.gov.br\/semasc\/prefeitura-e-ciee-assinam-termo-de-cooperacao-tecnica-para-a-ampliacao-de-parceria-voltada-a-adolescentes-e-jovens\/","og_site_name":"SEMASC","article_publisher":"https:\/\/www.facebook.com\/semascmanaus","article_published_time":"2023-10-05T17:09:18+00:00","article_modified_time":"2023-11-24T21:01:04+00:00","og_image":[{"width":2048,"height":1365,"url":"https:\/\/www.manaus.am.gov.br\/semasc\/wp-content\/uploads\/sites\/17\/2023\/10\/53236796683_d966dbf1cf_k.jpg","type":"image\/jpeg"}],"author":"Bruna Greco","twitter_card":"summary_large_image","twitter_misc":{"Written by":"Bruna Greco","Est. reading time":"3 minutos"},"schema":{"@context":"https:\/\/schema.org","@graph":[{"@type":"Article","@id":"https:\/\/www.manaus.am.gov.br\/semasc\/prefeitura-e-ciee-assinam-termo-de-cooperacao-tecnica-para-a-ampliacao-de-parceria-voltada-a-adolescentes-e-jovens\/#article","isPartOf":{"@id":"https:\/\/www.manaus.am.gov.br\/semasc\/prefeitura-e-ciee-assinam-termo-de-cooperacao-tecnica-para-a-ampliacao-de-parceria-voltada-a-adolescentes-e-jovens\/"},"author":{"name":"Bruna Greco","@id":"https:\/\/www.manaus.am.gov.br\/semasc\/#\/schema\/person\/05d223aea2bf115f9883a6ff3683d81b"},"headline":"Prefeitura e CIEE assinam Termo de Coopera\u00e7\u00e3o T\u00e9cnica para a amplia\u00e7\u00e3o de parceria voltada a adolescentes e jovens","datePublished":"2023-10-05T17:09:18+00:00","dateModified":"2023-11-24T21:01:04+00:00","mainEntityOfPage":{"@id":"https:\/\/www.manaus.am.gov.br\/semasc\/prefeitura-e-ciee-assinam-termo-de-cooperacao-tecnica-para-a-ampliacao-de-parceria-voltada-a-adolescentes-e-jovens\/"},"wordCount":605,"publisher":{"@id":"https:\/\/www.manaus.am.gov.br\/semasc\/#organization"},"image":{"@id":"https:\/\/www.manaus.am.gov.br\/semasc\/prefeitura-e-ciee-assinam-termo-de-cooperacao-tecnica-para-a-ampliacao-de-parceria-voltada-a-adolescentes-e-jovens\/#primaryimage"},"thumbnailUrl":"https:\/\/www.manaus.am.gov.br\/semasc\/wp-content\/uploads\/sites\/17\/2023\/10\/53236796683_d966dbf1cf_k.jpg","keywords":["amplia\u00e7\u00e3o de parceria voltada a adolescentes e jovens","ciee","prefeitura de manaus","Semasc","termo de coopera\u00e7\u00e3o t\u00e9cnica"],"articleSection":["Capacita\u00e7\u00e3o"],"inLanguage":"pt-BR"},{"@type":"WebPage","@id":"https:\/\/www.manaus.am.gov.br\/semasc\/prefeitura-e-ciee-assinam-termo-de-cooperacao-tecnica-para-a-ampliacao-de-parceria-voltada-a-adolescentes-e-jovens\/","url":"https:\/\/www.manaus.am.gov.br\/semasc\/prefeitura-e-ciee-assinam-termo-de-cooperacao-tecnica-para-a-ampliacao-de-parceria-voltada-a-adolescentes-e-jovens\/","name":"Prefeitura e CIEE assinam Termo de Coopera\u00e7\u00e3o T\u00e9cnica para a amplia\u00e7\u00e3o de parceria voltada a adolescentes e jovens","isPartOf":{"@id":"https:\/\/www.manaus.am.gov.br\/semasc\/#website"},"primaryImageOfPage":{"@id":"https:\/\/www.manaus.am.gov.br\/semasc\/prefeitura-e-ciee-assinam-termo-de-cooperacao-tecnica-para-a-ampliacao-de-parceria-voltada-a-adolescentes-e-jovens\/#primaryimage"},"image":{"@id":"https:\/\/www.manaus.am.gov.br\/semasc\/prefeitura-e-ciee-assinam-termo-de-cooperacao-tecnica-para-a-ampliacao-de-parceria-voltada-a-adolescentes-e-jovens\/#primaryimage"},"thumbnailUrl":"https:\/\/www.manaus.am.gov.br\/semasc\/wp-content\/uploads\/sites\/17\/2023\/10\/53236796683_d966dbf1cf_k.jpg","datePublished":"2023-10-05T17:09:18+00:00","dateModified":"2023-11-24T21:01:04+00:00","description":"Com a assinatura do termo, a parceria, antes pontual, passa a ser formalizada e estruturalizada a longo prazo, tendo como base os recursos materiais e t\u00e9cnicos oferecidos continuamente \u00e0 popula\u00e7\u00e3o pela gest\u00e3o municipal e agora pela iniciativa privada.","breadcrumb":{"@id":"https:\/\/www.manaus.am.gov.br\/semasc\/prefeitura-e-ciee-assinam-termo-de-cooperacao-tecnica-para-a-ampliacao-de-parceria-voltada-a-adolescentes-e-jovens\/#breadcrumb"},"inLanguage":"pt-BR","potentialAction":[{"@type":"ReadAction","target":["https:\/\/www.manaus.am.gov.br\/semasc\/prefeitura-e-ciee-assinam-termo-de-cooperacao-tecnica-para-a-ampliacao-de-parceria-voltada-a-adolescentes-e-jovens\/"]}]},{"@type":"ImageObject","inLanguage":"pt-BR","@id":"https:\/\/www.manaus.am.gov.br\/semasc\/prefeitura-e-ciee-assinam-termo-de-cooperacao-tecnica-para-a-ampliacao-de-parceria-voltada-a-adolescentes-e-jovens\/#primaryimage","url":"https:\/\/www.manaus.am.gov.br\/semasc\/wp-content\/uploads\/sites\/17\/2023\/10\/53236796683_d966dbf1cf_k.jpg","contentUrl":"https:\/\/www.manaus.am.gov.br\/semasc\/wp-content\/uploads\/sites\/17\/2023\/10\/53236796683_d966dbf1cf_k.jpg","width":2048,"height":1365},{"@type":"BreadcrumbList","@id":"https:\/\/www.manaus.am.gov.br\/semasc\/prefeitura-e-ciee-assinam-termo-de-cooperacao-tecnica-para-a-ampliacao-de-parceria-voltada-a-adolescentes-e-jovens\/#breadcrumb","itemListElement":[{"@type":"ListItem","position":1,"name":"Home","item":"https:\/\/www.manaus.am.gov.br\/semasc\/"},{"@type":"ListItem","position":2,"name":"Prefeitura e CIEE assinam Termo de Coopera\u00e7\u00e3o T\u00e9cnica para a amplia\u00e7\u00e3o de parceria voltada a adolescentes e jovens"}]},{"@type":"WebSite","@id":"https:\/\/www.manaus.am.gov.br\/semasc\/#website","url":"https:\/\/www.manaus.am.gov.br\/semasc\/","name":"SEMASC","description":"Secretaria Municipal da Mulher, Assist\u00eancia Social e Cidadania.","publisher":{"@id":"https:\/\/www.manaus.am.gov.br\/semasc\/#organization"},"alternateName":"Secretaria Municipal da Mulher, Assist\u00eancia Social e Cidadania","potentialAction":[{"@type":"SearchAction","target":{"@type":"EntryPoint","urlTemplate":"https:\/\/www.manaus.am.gov.br\/semasc\/?s={search_term_string}"},"query-input":"required name=search_term_string"}],"inLanguage":"pt-BR"},{"@type":"Organization","@id":"https:\/\/www.manaus.am.gov.br\/semasc\/#organization","name":"Prefeitura de Manaus","alternateName":"Prefeitura Municipal de Manaus","url":"https:\/\/www.manaus.am.gov.br\/semasc\/","logo":{"@type":"ImageObject","inLanguage":"pt-BR","@id":"https:\/\/www.manaus.am.gov.br\/semasc\/#\/schema\/logo\/image\/","url":"https:\/\/www.manaus.am.gov.br\/semasc\/wp-content\/uploads\/sites\/17\/2024\/07\/favicon.png","contentUrl":"https:\/\/www.manaus.am.gov.br\/semasc\/wp-content\/uploads\/sites\/17\/2024\/07\/favicon.png","width":300,"height":300,"caption":"Prefeitura de Manaus"},"image":{"@id":"https:\/\/www.manaus.am.gov.br\/semasc\/#\/schema\/logo\/image\/"},"sameAs":["https:\/\/www.facebook.com\/semascmanaus","https:\/\/www.instagram.com\/semascmanaus\/"]},{"@type":"Person","@id":"https:\/\/www.manaus.am.gov.br\/semasc\/#\/schema\/person\/05d223aea2bf115f9883a6ff3683d81b","name":"Bruna Greco","image":{"@type":"ImageObject","inLanguage":"pt-BR","@id":"https:\/\/www.manaus.am.gov.br\/semasc\/#\/schema\/person\/image\/","url":"https:\/\/secure.gravatar.com\/avatar\/9c877d1a6adc2a055330e5c09a8653ce?s=96&d=mm&r=g","contentUrl":"https:\/\/secure.gravatar.com\/avatar\/9c877d1a6adc2a055330e5c09a8653ce?s=96&d=mm&r=g","caption":"Bruna Greco"}}]}},"_links":{"self":[{"href":"https:\/\/www.manaus.am.gov.br\/semasc\/wp-json\/wp\/v2\/posts\/208986"}],"collection":[{"href":"https:\/\/www.manaus.am.gov.br\/semasc\/wp-json\/wp\/v2\/posts"}],"about":[{"href":"https:\/\/www.manaus.am.gov.br\/semasc\/wp-json\/wp\/v2\/types\/post"}],"author":[{"embeddable":true,"href":"https:\/\/www.manaus.am.gov.br\/semasc\/wp-json\/wp\/v2\/users\/39"}],"replies":[{"embeddable":true,"href":"https:\/\/www.manaus.am.gov.br\/semasc\/wp-json\/wp\/v2\/comments?post=208986"}],"version-history":[{"count":1,"href":"https:\/\/www.manaus.am.gov.br\/semasc\/wp-json\/wp\/v2\/posts\/208986\/revisions"}],"predecessor-version":[{"id":209295,"href":"https:\/\/www.manaus.am.gov.br\/semasc\/wp-json\/wp\/v2\/posts\/208986\/revisions\/209295"}],"wp:featuredmedia":[{"embeddable":true,"href":"https:\/\/www.manaus.am.gov.br\/semasc\/wp-json\/wp\/v2\/media\/208987"}],"wp:attachment":[{"href":"https:\/\/www.manaus.am.gov.br\/semasc\/wp-json\/wp\/v2\/media?parent=208986"}],"wp:term":[{"taxonomy":"category","embeddable":true,"href":"https:\/\/www.manaus.am.gov.br\/semasc\/wp-json\/wp\/v2\/categories?post=208986"},{"taxonomy":"post_tag","embeddable":true,"href":"https:\/\/www.manaus.am.gov.br\/semasc\/wp-json\/wp\/v2\/tags?post=208986"}],"curies":[{"name":"wp","href":"https:\/\/api.w.org\/{rel}","templated":true}]}}