{"id":208984,"date":"2023-10-04T16:02:53","date_gmt":"2023-10-04T20:02:53","guid":{"rendered":"https:\/\/www.manaus.am.gov.br\/semasc\/prefeitura-discute-estrategias-de-atendimento-a-adolescentes-em-cumprimento-de-medidas-socioeducativas\/"},"modified":"2023-11-24T16:33:54","modified_gmt":"2023-11-24T20:33:54","slug":"prefeitura-discute-estrategias-de-atendimento-a-adolescentes-em-cumprimento-de-medidas-socioeducativas","status":"publish","type":"post","link":"https:\/\/www.manaus.am.gov.br\/semasc\/prefeitura-discute-estrategias-de-atendimento-a-adolescentes-em-cumprimento-de-medidas-socioeducativas\/","title":{"rendered":"Prefeitura discute estrat\u00e9gias de atendimento a adolescentes em cumprimento de medidas socioeducativas"},"content":{"rendered":"\n<p>A Prefeitura de Manaus, por meio da Secretaria Municipal da Mulher, Assist\u00eancia Social e Cidadania (Semasc), se reuniu, nesta quarta-feira, 4\/10, com o Juizado da Inf\u00e2ncia e da Juventude Infracional da Comarca de Manaus para discutir estrat\u00e9gias conjuntas para o atendimento a adolescentes em cumprimento de medidas socioeducativas na capital amazonense.<\/p>\n\n\n\n<p>Realizada na sede do juizado, localizada no bairro Alvorada, zona Centro-Oeste, a reuni\u00e3o teve como principal t\u00f3pico a apresenta\u00e7\u00e3o de um novo Plano Individual de Atendimento (PIA) para o acompanhamento socioassistencial desses jovens, usando como principal ferramenta de trabalho o Gesuas, <em>software<\/em> utilizado pela gest\u00e3o municipal na cataloga\u00e7\u00e3o e padroniza\u00e7\u00e3o do registro de dados utilizados pelo Sistema \u00danica de Assist\u00eancia Social para o desenvolvimento de pol\u00edticas p\u00fablicas desde mar\u00e7o deste ano.<\/p>\n\n\n\n<p>\u201cUtiliz\u00e1vamos um outro PIA em nosso fluxo de trabalho at\u00e9 percebermos que o Gesuas j\u00e1 poderia suprir nossas necessidades no registro de informa\u00e7\u00f5es e atendimento a esses adolescentes. Ent\u00e3o, a reuni\u00e3o de hoje \u00e9 pautada na apresenta\u00e7\u00e3o desse processo de transi\u00e7\u00e3o, para mostrar o que podemos fazer e melhorar em nosso trabalho usando a ferramenta\u201d, destacou M\u00e1rcia Dib, gerente do Servi\u00e7o de Prote\u00e7\u00e3o Social a Adolescentes em Cumprimento de Medidas Socioeducativas da Semasc.<\/p>\n\n\n\n<p>Juiz de Direito da Vara de Execu\u00e7\u00e3o de Medidas Socioeducativas, Lu\u00eds Cl\u00e1udio Cabral Chaves, ressaltou a import\u00e2ncia do di\u00e1logo cont\u00ednuo entre a prefeitura e o sistema de justi\u00e7a no exerc\u00edcio de pol\u00edticas p\u00fablicas no munic\u00edpio. &nbsp;<\/p>\n\n\n\n<p>\u201cN\u00f3s, que trabalhamos com Inf\u00e2ncia e Juventude, estamos acostumados a trabalhar em rede, n\u00e3o podemos nos isolar uns dos outros. Nesse sentido, \u00e9 muito importante que o sistema de justi\u00e7a trabalhe junto a Semas, que \u00e9 quem coordena as medidas socioeducativas em meio aberto, para que possamos beneficiar nossos adolescentes em cumprimento de medidas e qualificar o trabalho realizado por todos\u201d, afirmou.<\/p>\n\n\n\n<p>&#8212; &#8212; &#8212;<\/p>\n\n\n\n<p><strong>Texto &#8211; <\/strong>Guilherme Pacheco \/ Semasc<\/p>\n\n\n\n<p><strong>Foto &#8211; <\/strong>Diego Lima \/ Semasc<\/p>\n","protected":false},"excerpt":{"rendered":"","protected":false},"author":39,"featured_media":208985,"comment_status":"closed","ping_status":"closed","sticky":false,"template":"","format":"standard","meta":{"footnotes":""},"categories":[34],"tags":[476,72,477,478,7,18,479],"acf":[],"yoast_head":"<!-- This site is optimized with the Yoast SEO plugin v23.0 - https:\/\/yoast.com\/wordpress\/plugins\/seo\/ -->\n<title>Prefeitura discute estrat\u00e9gias de atendimento a adolescentes em cumprimento de medidas socioeducativas<\/title>\n<meta name=\"description\" content=\"A Prefeitura de Manaus, por meio da Secretaria Municipal da Mulher, Assist\u00eancia Social e Cidadania (Semasc), se reuniu, nesta quarta-feira, 4\/10, com o Juizado da Inf\u00e2ncia e da Juventude Infracional da Comarca de Manaus para discutir estrat\u00e9gias conjuntas para o atendimento a adolescentes em cumprimento de medidas socioeducativas na capital amazonense.\" \/>\n<meta name=\"robots\" content=\"noindex, follow\" \/>\n<meta property=\"og:locale\" content=\"pt_BR\" \/>\n<meta property=\"og:type\" content=\"article\" \/>\n<meta property=\"og:title\" content=\"Prefeitura discute estrat\u00e9gias de atendimento a adolescentes em cumprimento de medidas socioeducativas\" \/>\n<meta property=\"og:description\" content=\"A Prefeitura de Manaus, por meio da Secretaria Municipal da Mulher, Assist\u00eancia Social e Cidadania (Semasc), se reuniu, nesta quarta-feira, 4\/10, com o Juizado da Inf\u00e2ncia e da Juventude Infracional da Comarca de Manaus para discutir estrat\u00e9gias conjuntas para o atendimento a adolescentes em cumprimento de medidas socioeducativas na capital amazonense.\" \/>\n<meta property=\"og:url\" content=\"https:\/\/www.manaus.am.gov.br\/semasc\/prefeitura-discute-estrategias-de-atendimento-a-adolescentes-em-cumprimento-de-medidas-socioeducativas\/\" \/>\n<meta property=\"og:site_name\" content=\"SEMASC\" \/>\n<meta property=\"article:publisher\" content=\"https:\/\/www.facebook.com\/semascmanaus\" \/>\n<meta property=\"article:published_time\" content=\"2023-10-04T20:02:53+00:00\" \/>\n<meta property=\"article:modified_time\" content=\"2023-11-24T20:33:54+00:00\" \/>\n<meta property=\"og:image\" content=\"https:\/\/www.manaus.am.gov.br\/semasc\/wp-content\/uploads\/sites\/17\/2023\/10\/WhatsApp-Image-2023-10-04-at-15.58.40-1.jpeg\" \/>\n\t<meta property=\"og:image:width\" content=\"1600\" \/>\n\t<meta property=\"og:image:height\" content=\"1066\" \/>\n\t<meta property=\"og:image:type\" content=\"image\/jpeg\" \/>\n<meta name=\"author\" content=\"Bruna Greco\" \/>\n<meta name=\"twitter:card\" content=\"summary_large_image\" \/>\n<meta name=\"twitter:label1\" content=\"Written by\" \/>\n\t<meta name=\"twitter:data1\" content=\"Bruna Greco\" \/>\n\t<meta name=\"twitter:label2\" content=\"Est. reading time\" \/>\n\t<meta name=\"twitter:data2\" content=\"2 minutos\" \/>\n<script type=\"application\/ld+json\" class=\"yoast-schema-graph\">{\"@context\":\"https:\/\/schema.org\",\"@graph\":[{\"@type\":\"Article\",\"@id\":\"https:\/\/www.manaus.am.gov.br\/semasc\/prefeitura-discute-estrategias-de-atendimento-a-adolescentes-em-cumprimento-de-medidas-socioeducativas\/#article\",\"isPartOf\":{\"@id\":\"https:\/\/www.manaus.am.gov.br\/semasc\/prefeitura-discute-estrategias-de-atendimento-a-adolescentes-em-cumprimento-de-medidas-socioeducativas\/\"},\"author\":{\"name\":\"Bruna Greco\",\"@id\":\"https:\/\/www.manaus.am.gov.br\/semasc\/#\/schema\/person\/05d223aea2bf115f9883a6ff3683d81b\"},\"headline\":\"Prefeitura discute estrat\u00e9gias de atendimento a adolescentes em cumprimento de medidas socioeducativas\",\"datePublished\":\"2023-10-04T20:02:53+00:00\",\"dateModified\":\"2023-11-24T20:33:54+00:00\",\"mainEntityOfPage\":{\"@id\":\"https:\/\/www.manaus.am.gov.br\/semasc\/prefeitura-discute-estrategias-de-atendimento-a-adolescentes-em-cumprimento-de-medidas-socioeducativas\/\"},\"wordCount\":352,\"publisher\":{\"@id\":\"https:\/\/www.manaus.am.gov.br\/semasc\/#organization\"},\"image\":{\"@id\":\"https:\/\/www.manaus.am.gov.br\/semasc\/prefeitura-discute-estrategias-de-atendimento-a-adolescentes-em-cumprimento-de-medidas-socioeducativas\/#primaryimage\"},\"thumbnailUrl\":\"https:\/\/www.manaus.am.gov.br\/semasc\/wp-content\/uploads\/sites\/17\/2023\/10\/WhatsApp-Image-2023-10-04-at-15.58.40-1.jpeg\",\"keywords\":[\"adolescentes em cumprimento de medidas socioeducativas\",\"assist\u00eancia social\",\"estrat\u00e9gias de atendimento\",\"novo Plano Individual de Atendimento (PIA)\",\"prefeitura de manaus\",\"Semasc\",\"uizado da Inf\u00e2ncia e da Juventude Infracional da Comarca de Manaus\"],\"articleSection\":[\"Assist\u00eancia Social\"],\"inLanguage\":\"pt-BR\"},{\"@type\":\"WebPage\",\"@id\":\"https:\/\/www.manaus.am.gov.br\/semasc\/prefeitura-discute-estrategias-de-atendimento-a-adolescentes-em-cumprimento-de-medidas-socioeducativas\/\",\"url\":\"https:\/\/www.manaus.am.gov.br\/semasc\/prefeitura-discute-estrategias-de-atendimento-a-adolescentes-em-cumprimento-de-medidas-socioeducativas\/\",\"name\":\"Prefeitura discute estrat\u00e9gias de atendimento a adolescentes em cumprimento de medidas socioeducativas\",\"isPartOf\":{\"@id\":\"https:\/\/www.manaus.am.gov.br\/semasc\/#website\"},\"primaryImageOfPage\":{\"@id\":\"https:\/\/www.manaus.am.gov.br\/semasc\/prefeitura-discute-estrategias-de-atendimento-a-adolescentes-em-cumprimento-de-medidas-socioeducativas\/#primaryimage\"},\"image\":{\"@id\":\"https:\/\/www.manaus.am.gov.br\/semasc\/prefeitura-discute-estrategias-de-atendimento-a-adolescentes-em-cumprimento-de-medidas-socioeducativas\/#primaryimage\"},\"thumbnailUrl\":\"https:\/\/www.manaus.am.gov.br\/semasc\/wp-content\/uploads\/sites\/17\/2023\/10\/WhatsApp-Image-2023-10-04-at-15.58.40-1.jpeg\",\"datePublished\":\"2023-10-04T20:02:53+00:00\",\"dateModified\":\"2023-11-24T20:33:54+00:00\",\"description\":\"A Prefeitura de Manaus, por meio da Secretaria Municipal da Mulher, Assist\u00eancia Social e Cidadania (Semasc), se reuniu, nesta quarta-feira, 4\/10, com o Juizado da Inf\u00e2ncia e da Juventude Infracional da Comarca de Manaus para discutir estrat\u00e9gias conjuntas para o atendimento a adolescentes em cumprimento de medidas socioeducativas na capital amazonense.\",\"breadcrumb\":{\"@id\":\"https:\/\/www.manaus.am.gov.br\/semasc\/prefeitura-discute-estrategias-de-atendimento-a-adolescentes-em-cumprimento-de-medidas-socioeducativas\/#breadcrumb\"},\"inLanguage\":\"pt-BR\",\"potentialAction\":[{\"@type\":\"ReadAction\",\"target\":[\"https:\/\/www.manaus.am.gov.br\/semasc\/prefeitura-discute-estrategias-de-atendimento-a-adolescentes-em-cumprimento-de-medidas-socioeducativas\/\"]}]},{\"@type\":\"ImageObject\",\"inLanguage\":\"pt-BR\",\"@id\":\"https:\/\/www.manaus.am.gov.br\/semasc\/prefeitura-discute-estrategias-de-atendimento-a-adolescentes-em-cumprimento-de-medidas-socioeducativas\/#primaryimage\",\"url\":\"https:\/\/www.manaus.am.gov.br\/semasc\/wp-content\/uploads\/sites\/17\/2023\/10\/WhatsApp-Image-2023-10-04-at-15.58.40-1.jpeg\",\"contentUrl\":\"https:\/\/www.manaus.am.gov.br\/semasc\/wp-content\/uploads\/sites\/17\/2023\/10\/WhatsApp-Image-2023-10-04-at-15.58.40-1.jpeg\",\"width\":1600,\"height\":1066},{\"@type\":\"BreadcrumbList\",\"@id\":\"https:\/\/www.manaus.am.gov.br\/semasc\/prefeitura-discute-estrategias-de-atendimento-a-adolescentes-em-cumprimento-de-medidas-socioeducativas\/#breadcrumb\",\"itemListElement\":[{\"@type\":\"ListItem\",\"position\":1,\"name\":\"Home\",\"item\":\"https:\/\/www.manaus.am.gov.br\/semasc\/\"},{\"@type\":\"ListItem\",\"position\":2,\"name\":\"Prefeitura discute estrat\u00e9gias de atendimento a adolescentes em cumprimento de medidas socioeducativas\"}]},{\"@type\":\"WebSite\",\"@id\":\"https:\/\/www.manaus.am.gov.br\/semasc\/#website\",\"url\":\"https:\/\/www.manaus.am.gov.br\/semasc\/\",\"name\":\"SEMASC\",\"description\":\"Secretaria Municipal da Mulher, Assist\u00eancia Social e Cidadania.\",\"publisher\":{\"@id\":\"https:\/\/www.manaus.am.gov.br\/semasc\/#organization\"},\"alternateName\":\"Secretaria Municipal da Mulher, Assist\u00eancia Social e Cidadania\",\"potentialAction\":[{\"@type\":\"SearchAction\",\"target\":{\"@type\":\"EntryPoint\",\"urlTemplate\":\"https:\/\/www.manaus.am.gov.br\/semasc\/?s={search_term_string}\"},\"query-input\":\"required name=search_term_string\"}],\"inLanguage\":\"pt-BR\"},{\"@type\":\"Organization\",\"@id\":\"https:\/\/www.manaus.am.gov.br\/semasc\/#organization\",\"name\":\"Prefeitura de Manaus\",\"alternateName\":\"Prefeitura Municipal de Manaus\",\"url\":\"https:\/\/www.manaus.am.gov.br\/semasc\/\",\"logo\":{\"@type\":\"ImageObject\",\"inLanguage\":\"pt-BR\",\"@id\":\"https:\/\/www.manaus.am.gov.br\/semasc\/#\/schema\/logo\/image\/\",\"url\":\"https:\/\/www.manaus.am.gov.br\/semasc\/wp-content\/uploads\/sites\/17\/2024\/07\/favicon.png\",\"contentUrl\":\"https:\/\/www.manaus.am.gov.br\/semasc\/wp-content\/uploads\/sites\/17\/2024\/07\/favicon.png\",\"width\":300,\"height\":300,\"caption\":\"Prefeitura de Manaus\"},\"image\":{\"@id\":\"https:\/\/www.manaus.am.gov.br\/semasc\/#\/schema\/logo\/image\/\"},\"sameAs\":[\"https:\/\/www.facebook.com\/semascmanaus\",\"https:\/\/www.instagram.com\/semascmanaus\/\"]},{\"@type\":\"Person\",\"@id\":\"https:\/\/www.manaus.am.gov.br\/semasc\/#\/schema\/person\/05d223aea2bf115f9883a6ff3683d81b\",\"name\":\"Bruna Greco\",\"image\":{\"@type\":\"ImageObject\",\"inLanguage\":\"pt-BR\",\"@id\":\"https:\/\/www.manaus.am.gov.br\/semasc\/#\/schema\/person\/image\/\",\"url\":\"https:\/\/secure.gravatar.com\/avatar\/9c877d1a6adc2a055330e5c09a8653ce?s=96&d=mm&r=g\",\"contentUrl\":\"https:\/\/secure.gravatar.com\/avatar\/9c877d1a6adc2a055330e5c09a8653ce?s=96&d=mm&r=g\",\"caption\":\"Bruna Greco\"}}]}<\/script>\n<!-- \/ Yoast SEO plugin. -->","yoast_head_json":{"title":"Prefeitura discute estrat\u00e9gias de atendimento a adolescentes em cumprimento de medidas socioeducativas","description":"A Prefeitura de Manaus, por meio da Secretaria Municipal da Mulher, Assist\u00eancia Social e Cidadania (Semasc), se reuniu, nesta quarta-feira, 4\/10, com o Juizado da Inf\u00e2ncia e da Juventude Infracional da Comarca de Manaus para discutir estrat\u00e9gias conjuntas para o atendimento a adolescentes em cumprimento de medidas socioeducativas na capital amazonense.","robots":{"index":"noindex","follow":"follow"},"og_locale":"pt_BR","og_type":"article","og_title":"Prefeitura discute estrat\u00e9gias de atendimento a adolescentes em cumprimento de medidas socioeducativas","og_description":"A Prefeitura de Manaus, por meio da Secretaria Municipal da Mulher, Assist\u00eancia Social e Cidadania (Semasc), se reuniu, nesta quarta-feira, 4\/10, com o Juizado da Inf\u00e2ncia e da Juventude Infracional da Comarca de Manaus para discutir estrat\u00e9gias conjuntas para o atendimento a adolescentes em cumprimento de medidas socioeducativas na capital amazonense.","og_url":"https:\/\/www.manaus.am.gov.br\/semasc\/prefeitura-discute-estrategias-de-atendimento-a-adolescentes-em-cumprimento-de-medidas-socioeducativas\/","og_site_name":"SEMASC","article_publisher":"https:\/\/www.facebook.com\/semascmanaus","article_published_time":"2023-10-04T20:02:53+00:00","article_modified_time":"2023-11-24T20:33:54+00:00","og_image":[{"width":1600,"height":1066,"url":"https:\/\/www.manaus.am.gov.br\/semasc\/wp-content\/uploads\/sites\/17\/2023\/10\/WhatsApp-Image-2023-10-04-at-15.58.40-1.jpeg","type":"image\/jpeg"}],"author":"Bruna Greco","twitter_card":"summary_large_image","twitter_misc":{"Written by":"Bruna Greco","Est. reading time":"2 minutos"},"schema":{"@context":"https:\/\/schema.org","@graph":[{"@type":"Article","@id":"https:\/\/www.manaus.am.gov.br\/semasc\/prefeitura-discute-estrategias-de-atendimento-a-adolescentes-em-cumprimento-de-medidas-socioeducativas\/#article","isPartOf":{"@id":"https:\/\/www.manaus.am.gov.br\/semasc\/prefeitura-discute-estrategias-de-atendimento-a-adolescentes-em-cumprimento-de-medidas-socioeducativas\/"},"author":{"name":"Bruna Greco","@id":"https:\/\/www.manaus.am.gov.br\/semasc\/#\/schema\/person\/05d223aea2bf115f9883a6ff3683d81b"},"headline":"Prefeitura discute estrat\u00e9gias de atendimento a adolescentes em cumprimento de medidas socioeducativas","datePublished":"2023-10-04T20:02:53+00:00","dateModified":"2023-11-24T20:33:54+00:00","mainEntityOfPage":{"@id":"https:\/\/www.manaus.am.gov.br\/semasc\/prefeitura-discute-estrategias-de-atendimento-a-adolescentes-em-cumprimento-de-medidas-socioeducativas\/"},"wordCount":352,"publisher":{"@id":"https:\/\/www.manaus.am.gov.br\/semasc\/#organization"},"image":{"@id":"https:\/\/www.manaus.am.gov.br\/semasc\/prefeitura-discute-estrategias-de-atendimento-a-adolescentes-em-cumprimento-de-medidas-socioeducativas\/#primaryimage"},"thumbnailUrl":"https:\/\/www.manaus.am.gov.br\/semasc\/wp-content\/uploads\/sites\/17\/2023\/10\/WhatsApp-Image-2023-10-04-at-15.58.40-1.jpeg","keywords":["adolescentes em cumprimento de medidas socioeducativas","assist\u00eancia social","estrat\u00e9gias de atendimento","novo Plano Individual de Atendimento (PIA)","prefeitura de manaus","Semasc","uizado da Inf\u00e2ncia e da Juventude Infracional da Comarca de Manaus"],"articleSection":["Assist\u00eancia Social"],"inLanguage":"pt-BR"},{"@type":"WebPage","@id":"https:\/\/www.manaus.am.gov.br\/semasc\/prefeitura-discute-estrategias-de-atendimento-a-adolescentes-em-cumprimento-de-medidas-socioeducativas\/","url":"https:\/\/www.manaus.am.gov.br\/semasc\/prefeitura-discute-estrategias-de-atendimento-a-adolescentes-em-cumprimento-de-medidas-socioeducativas\/","name":"Prefeitura discute estrat\u00e9gias de atendimento a adolescentes em cumprimento de medidas socioeducativas","isPartOf":{"@id":"https:\/\/www.manaus.am.gov.br\/semasc\/#website"},"primaryImageOfPage":{"@id":"https:\/\/www.manaus.am.gov.br\/semasc\/prefeitura-discute-estrategias-de-atendimento-a-adolescentes-em-cumprimento-de-medidas-socioeducativas\/#primaryimage"},"image":{"@id":"https:\/\/www.manaus.am.gov.br\/semasc\/prefeitura-discute-estrategias-de-atendimento-a-adolescentes-em-cumprimento-de-medidas-socioeducativas\/#primaryimage"},"thumbnailUrl":"https:\/\/www.manaus.am.gov.br\/semasc\/wp-content\/uploads\/sites\/17\/2023\/10\/WhatsApp-Image-2023-10-04-at-15.58.40-1.jpeg","datePublished":"2023-10-04T20:02:53+00:00","dateModified":"2023-11-24T20:33:54+00:00","description":"A Prefeitura de Manaus, por meio da Secretaria Municipal da Mulher, Assist\u00eancia Social e Cidadania (Semasc), se reuniu, nesta quarta-feira, 4\/10, com o Juizado da Inf\u00e2ncia e da Juventude Infracional da Comarca de Manaus para discutir estrat\u00e9gias conjuntas para o atendimento a adolescentes em cumprimento de medidas socioeducativas na capital amazonense.","breadcrumb":{"@id":"https:\/\/www.manaus.am.gov.br\/semasc\/prefeitura-discute-estrategias-de-atendimento-a-adolescentes-em-cumprimento-de-medidas-socioeducativas\/#breadcrumb"},"inLanguage":"pt-BR","potentialAction":[{"@type":"ReadAction","target":["https:\/\/www.manaus.am.gov.br\/semasc\/prefeitura-discute-estrategias-de-atendimento-a-adolescentes-em-cumprimento-de-medidas-socioeducativas\/"]}]},{"@type":"ImageObject","inLanguage":"pt-BR","@id":"https:\/\/www.manaus.am.gov.br\/semasc\/prefeitura-discute-estrategias-de-atendimento-a-adolescentes-em-cumprimento-de-medidas-socioeducativas\/#primaryimage","url":"https:\/\/www.manaus.am.gov.br\/semasc\/wp-content\/uploads\/sites\/17\/2023\/10\/WhatsApp-Image-2023-10-04-at-15.58.40-1.jpeg","contentUrl":"https:\/\/www.manaus.am.gov.br\/semasc\/wp-content\/uploads\/sites\/17\/2023\/10\/WhatsApp-Image-2023-10-04-at-15.58.40-1.jpeg","width":1600,"height":1066},{"@type":"BreadcrumbList","@id":"https:\/\/www.manaus.am.gov.br\/semasc\/prefeitura-discute-estrategias-de-atendimento-a-adolescentes-em-cumprimento-de-medidas-socioeducativas\/#breadcrumb","itemListElement":[{"@type":"ListItem","position":1,"name":"Home","item":"https:\/\/www.manaus.am.gov.br\/semasc\/"},{"@type":"ListItem","position":2,"name":"Prefeitura discute estrat\u00e9gias de atendimento a adolescentes em cumprimento de medidas socioeducativas"}]},{"@type":"WebSite","@id":"https:\/\/www.manaus.am.gov.br\/semasc\/#website","url":"https:\/\/www.manaus.am.gov.br\/semasc\/","name":"SEMASC","description":"Secretaria Municipal da Mulher, Assist\u00eancia Social e Cidadania.","publisher":{"@id":"https:\/\/www.manaus.am.gov.br\/semasc\/#organization"},"alternateName":"Secretaria Municipal da Mulher, Assist\u00eancia Social e Cidadania","potentialAction":[{"@type":"SearchAction","target":{"@type":"EntryPoint","urlTemplate":"https:\/\/www.manaus.am.gov.br\/semasc\/?s={search_term_string}"},"query-input":"required name=search_term_string"}],"inLanguage":"pt-BR"},{"@type":"Organization","@id":"https:\/\/www.manaus.am.gov.br\/semasc\/#organization","name":"Prefeitura de Manaus","alternateName":"Prefeitura Municipal de Manaus","url":"https:\/\/www.manaus.am.gov.br\/semasc\/","logo":{"@type":"ImageObject","inLanguage":"pt-BR","@id":"https:\/\/www.manaus.am.gov.br\/semasc\/#\/schema\/logo\/image\/","url":"https:\/\/www.manaus.am.gov.br\/semasc\/wp-content\/uploads\/sites\/17\/2024\/07\/favicon.png","contentUrl":"https:\/\/www.manaus.am.gov.br\/semasc\/wp-content\/uploads\/sites\/17\/2024\/07\/favicon.png","width":300,"height":300,"caption":"Prefeitura de Manaus"},"image":{"@id":"https:\/\/www.manaus.am.gov.br\/semasc\/#\/schema\/logo\/image\/"},"sameAs":["https:\/\/www.facebook.com\/semascmanaus","https:\/\/www.instagram.com\/semascmanaus\/"]},{"@type":"Person","@id":"https:\/\/www.manaus.am.gov.br\/semasc\/#\/schema\/person\/05d223aea2bf115f9883a6ff3683d81b","name":"Bruna Greco","image":{"@type":"ImageObject","inLanguage":"pt-BR","@id":"https:\/\/www.manaus.am.gov.br\/semasc\/#\/schema\/person\/image\/","url":"https:\/\/secure.gravatar.com\/avatar\/9c877d1a6adc2a055330e5c09a8653ce?s=96&d=mm&r=g","contentUrl":"https:\/\/secure.gravatar.com\/avatar\/9c877d1a6adc2a055330e5c09a8653ce?s=96&d=mm&r=g","caption":"Bruna Greco"}}]}},"_links":{"self":[{"href":"https:\/\/www.manaus.am.gov.br\/semasc\/wp-json\/wp\/v2\/posts\/208984"}],"collection":[{"href":"https:\/\/www.manaus.am.gov.br\/semasc\/wp-json\/wp\/v2\/posts"}],"about":[{"href":"https:\/\/www.manaus.am.gov.br\/semasc\/wp-json\/wp\/v2\/types\/post"}],"author":[{"embeddable":true,"href":"https:\/\/www.manaus.am.gov.br\/semasc\/wp-json\/wp\/v2\/users\/39"}],"replies":[{"embeddable":true,"href":"https:\/\/www.manaus.am.gov.br\/semasc\/wp-json\/wp\/v2\/comments?post=208984"}],"version-history":[{"count":1,"href":"https:\/\/www.manaus.am.gov.br\/semasc\/wp-json\/wp\/v2\/posts\/208984\/revisions"}],"predecessor-version":[{"id":209291,"href":"https:\/\/www.manaus.am.gov.br\/semasc\/wp-json\/wp\/v2\/posts\/208984\/revisions\/209291"}],"wp:featuredmedia":[{"embeddable":true,"href":"https:\/\/www.manaus.am.gov.br\/semasc\/wp-json\/wp\/v2\/media\/208985"}],"wp:attachment":[{"href":"https:\/\/www.manaus.am.gov.br\/semasc\/wp-json\/wp\/v2\/media?parent=208984"}],"wp:term":[{"taxonomy":"category","embeddable":true,"href":"https:\/\/www.manaus.am.gov.br\/semasc\/wp-json\/wp\/v2\/categories?post=208984"},{"taxonomy":"post_tag","embeddable":true,"href":"https:\/\/www.manaus.am.gov.br\/semasc\/wp-json\/wp\/v2\/tags?post=208984"}],"curies":[{"name":"wp","href":"https:\/\/api.w.org\/{rel}","templated":true}]}}