{"id":208967,"date":"2023-10-02T08:38:34","date_gmt":"2023-10-02T12:38:34","guid":{"rendered":"https:\/\/www.manaus.am.gov.br\/semasc\/prefeitura-de-manaus-e-cmdca-encerram-apuracao-de-votos-e-divulgam-conselheiros-tutelares-eleitos\/"},"modified":"2023-10-02T08:38:35","modified_gmt":"2023-10-02T12:38:35","slug":"prefeitura-de-manaus-e-cmdca-encerram-apuracao-de-votos-e-divulgam-conselheiros-tutelares-eleitos","status":"publish","type":"post","link":"https:\/\/www.manaus.am.gov.br\/semasc\/prefeitura-de-manaus-e-cmdca-encerram-apuracao-de-votos-e-divulgam-conselheiros-tutelares-eleitos\/","title":{"rendered":"<strong>Prefeitura de Manaus e CMDCA encerram apura\u00e7\u00e3o de votos e divulgam conselheiros tutelares eleitos\u00a0<\/strong>"},"content":{"rendered":"\n<p>Finalizando mais uma etapa do processo eleitoral, a Prefeitura de Manaus, por meio da Secretaria Municipal da Mulher, Assist\u00eancia Social e Cidadania (Semasc), e o Conselho Municipal dos Direitos da Crian\u00e7a e do Adolescente (CMDCA) deram por encerrada, no fim da noite deste domingo, 1\u00b0\/10, a apura\u00e7\u00e3o dos votos para a escolha dos 50 novos membros titulares do Conselho Tutelar da capital amazonense durante o quadri\u00eanio 2024-2027.\u00a0<\/p>\n\n\n\n<p>O processo de apura\u00e7\u00e3o foi realizado no Parque Municipal do Idoso, no bairro Nossa Senhora das Gra\u00e7as, zona Centro-Sul, onde, no total, foram apurados 89.550 votos v\u00e1lidos de 486 urnas espalhadas pelas zonas urbana e rural do munic\u00edpio.&nbsp;<\/p>\n\n\n\n<p>&#8220;Hoje, foi um dia hist\u00f3rico para nossa secretaria e para a Prefeitura de Manaus como um todo. Conseguimos conquistar nosso objetivo de garantir toda a estrutura necess\u00e1ria para essa elei\u00e7\u00e3o e, principalmente, elegemos, a partir do voto da popula\u00e7\u00e3o manauara, os 50 novos conselheiros tutelares que proteger\u00e3o com afinco os direitos de nossas crian\u00e7as e adolescentes pelos pr\u00f3ximos quatro anos&#8221;, destacou o secret\u00e1rio da Semasc, Eduardo Lucas.&nbsp;<\/p>\n\n\n\n<p>Al\u00e9m dos 5 mil servidores da prefeitura que prestaram apoio \u00e0s zonas ao longo de todo o dia, a opera\u00e7\u00e3o contou com 145 ve\u00edculos nas ruas e cinco lanchas nas zonas rurais, para que todo o processo corresse de forma a minimizar todas as intercorr\u00eancias poss\u00edveis.&nbsp;<\/p>\n\n\n\n<p>Presidente do CMDCA e subsecret\u00e1ria de Pol\u00edticas Afirmativas para Mulheres e Direitos Humanos, Gra\u00e7a Prola definiu o sentimento do fim da noite como o de &#8220;miss\u00e3o cumprida&#8221;.&nbsp;<\/p>\n\n\n\n<p>&#8220;O sentimento \u00e9 de miss\u00e3o cumprida. A justi\u00e7a, a transpar\u00eancia e a \u00e9tica deram o tom desse processo todo que iniciamos em janeiro deste ano, quando as primeiras articula\u00e7\u00f5es para a realiza\u00e7\u00e3o do pleito come\u00e7aram a ser feitas. Foi um processo longo, com muitas atividades e sempre na presen\u00e7a de \u00f3rg\u00e3os fiscalizadores, ent\u00e3o, o sentimento agora \u00e9 de agradecimento a todos os servidores e entidades que participaram e mostraram que o poder p\u00fablico manauara n\u00e3o vem poupando esfor\u00e7os na garantia de direitos em nossa cidade&#8221;, concluiu.&nbsp;<\/p>\n\n\n\n<p>A partir de segunda-feira, 2\/10, os boletins de urna apurados poder\u00e3o ser conferidos pela popula\u00e7\u00e3o por meio do portal da transpar\u00eancia&nbsp;<a href=\"https:\/\/eleicoes2023.manaus.am.gov.br\/\" target=\"_blank\" rel=\"noreferrer noopener\">eleicoes2023.manaus.am.gov.br<\/a>.&nbsp;<\/p>\n\n\n\n<p><strong>Conselheiros titulares eleitos:<\/strong><\/p>\n\n\n\n<p>O munic\u00edpio de Manaus conta, atualmente, com dez conselhos tutelares espalhados por todas as zonas da cidade, cada um com cinco conselheiros titulares.<\/p>\n\n\n\n<p>Confira abaixo a lista dos candidatos eleitos para a titularidade de cada zona de atua\u00e7\u00e3o do Conselho Tutelar no munic\u00edpio.<\/p>\n\n\n\n<p><strong>Zona Centro-Sul:<\/strong><\/p>\n\n\n\n<p>1. Jos\u00e9 Daniel Serr\u00e3o da Silva \u2013 1.194 votos;<\/p>\n\n\n\n<p>2. Ana Beatriz Fernandes Silva &#8211; 910 votos;&nbsp;<\/p>\n\n\n\n<p>3. Francisco Coelho de Souza Neto &#8211; 854 votos;<\/p>\n\n\n\n<p>4. Gabrielly da Silva Dias &#8211; 584 votos;<\/p>\n\n\n\n<p>5. Ruziney Rodrigues Ribeiro &#8211; 560 votos;<\/p>\n\n\n\n<p><strong>Zona Norte I:<\/strong>&nbsp;<\/p>\n\n\n\n<p>1. Ana Paula Mesquita de Ara\u00fajo &#8211; 2.537 votos;<\/p>\n\n\n\n<p>2. Fab\u00edola Mateus dos Reis \u2013 1.614 votos;<\/p>\n\n\n\n<p>3. Elino da Silva dos Santos &#8211; 1.333 votos;<\/p>\n\n\n\n<p>4. Emanuel Melo de Ara\u00fajo &#8211; 1.273 votos;<\/p>\n\n\n\n<p>5. Gyovanna Ingrid Nascimento da Silva &#8211; 1.125 votos;<\/p>\n\n\n\n<p><strong>Zona Norte II:<\/strong>&nbsp;<\/p>\n\n\n\n<p>1. Rubem Lima Menezes \u2013 1.295 votos;<\/p>\n\n\n\n<p>2. Jos\u00e9 Raimundo Maia da Silva &#8211; 776 votos;<\/p>\n\n\n\n<p>3. Suzy Anne Lima Maia &#8211; 733 votos;<\/p>\n\n\n\n<p>4. Jailson Ribeiro dos Santos &#8211; 480 votos;<\/p>\n\n\n\n<p>5. Jo\u00e3o Bosco Nery de Oliveira &#8211; 360 votos;<\/p>\n\n\n\n<p><strong>Zona Sul I:<\/strong>&nbsp;<\/p>\n\n\n\n<p>1. Kirk Jober Isaac Sahdo \u2013 2.013 votos;<\/p>\n\n\n\n<p>2. Ana Campos Guimar\u00e3es \u2013 1.862 votos;<\/p>\n\n\n\n<p>3. Cristiane Souza dos Anjos \u2013 1.065 votos;<\/p>\n\n\n\n<p>4. Clayf Alberto Ara\u00fajo de Souza \u2013 1.034 votos;<\/p>\n\n\n\n<p>5. Diane Maria Dias Penha &#8211; 834 votos;<\/p>\n\n\n\n<p><strong>Zona Sul II:&nbsp;<\/strong><\/p>\n\n\n\n<p>1. Petr\u00f4nio Martins Carlos Neto &#8211; 1.183 votos;<\/p>\n\n\n\n<p>2. Carlos Farias Lima \u2013 1.014 votos;<\/p>\n\n\n\n<p>3. Luiz Paulo Oliveira de Moraes &#8211; 936;<\/p>\n\n\n\n<p>4. Willick Barbosa de Sousa &#8211; 896 votos;<\/p>\n\n\n\n<p>5. Adryanne Sales de Souza &#8211; 708 votos;<\/p>\n\n\n\n<p><strong>Zona Leste I:<\/strong><\/p>\n\n\n\n<p>1. Walter Hubmayer &#8211; 1.838 votos;<\/p>\n\n\n\n<p>2. Altacy Mota Miranda &#8211; 1.658 votos;&nbsp;<\/p>\n\n\n\n<p>3. Hildo Almeida da Silva &#8211; 1.525 votos;<\/p>\n\n\n\n<p>4. Adan Lucas Coelho de S\u00e1 &#8211; 1.489;<\/p>\n\n\n\n<p>5. Luana Caroline Benitah de Moraes \u2013 1.335 votos;<\/p>\n\n\n\n<p><strong>Zona Leste II:<\/strong><\/p>\n\n\n\n<p>1. Marcos Lima da Cunha &#8211; 1.514;<\/p>\n\n\n\n<p>2. Carla Ol\u00edvia Simpl\u00edcio Ribeiro &#8211; 1.251;<\/p>\n\n\n\n<p>3. Marlina Silva de Jesus &#8211; 1.185 votos;<\/p>\n\n\n\n<p>4. Angela Aguiar dos Santos &#8211; 1.154 votos;<\/p>\n\n\n\n<p>5. Jos\u00e9 Weverton Rodrigues Agostinho &#8211; 1.140 votos;<\/p>\n\n\n\n<p><strong>Zona Oeste:<\/strong><\/p>\n\n\n\n<p>1. Mayra Ferreira da Silva Evangelista &#8211; 2.421 votos;<\/p>\n\n\n\n<p>2. Raquel Souza da Cunha -1.555 votos;<\/p>\n\n\n\n<p>3. Robert Muller Pinheiro Borges \u2013 1.348 votos;<\/p>\n\n\n\n<p>4. Cleber Ant\u00f4nio de Lima Pinheiro &#8211; 973 votos;<\/p>\n\n\n\n<p>5. Ivanildo Vidinha Gomes &#8211; 956 votos;<\/p>\n\n\n\n<p><strong>Zona Centro-Oeste:<\/strong><\/p>\n\n\n\n<p>1. Felipe Sahdo da Silva \u2013 1.590 votos;<\/p>\n\n\n\n<p>2. Morine Pimenta Silva \u2013 1.009;<\/p>\n\n\n\n<p>3. Maria Valc\u00e9lia Dias de Oliveira &#8211; 993 votos;<\/p>\n\n\n\n<p>4. Leidinalva do Nascimento Martins &#8211; 870 votos;&nbsp;<\/p>\n\n\n\n<p>5. Ant\u00f4nio Carlos Solano Martins &#8211; 743 votos;<\/p>\n\n\n\n<p><strong>Zona Rural:<\/strong><\/p>\n\n\n\n<p>1. Manoel Francisco da Silva Junior &#8211; 749 votos;<\/p>\n\n\n\n<p>2. Jefferson Soares da Silva &#8211; 428 votos;&nbsp;<\/p>\n\n\n\n<p>3. Jos\u00e9 Edimilson Maia Britto &#8211; 368 votos;<\/p>\n\n\n\n<p>4. Mirian de Jesus Lima Solano&nbsp; &#8211; 260 votos;<\/p>\n\n\n\n<p>5. Marin\u00eaz Paz do Nascimento &#8211; 207 votos;<\/p>\n\n\n\n<p>&#8212; &#8212; &#8212;<\/p>\n\n\n\n<p><strong>Texto<\/strong>&nbsp;&#8211; Guilherme Pacheco \/ Semasc<\/p>\n\n\n\n<p><strong>Fotos<\/strong>&nbsp;\u2013 Jo\u00e3o Viana\/Semcom e Diego Lima \/ Semasc&nbsp;<\/p>\n\n\n\n<p><strong>Dispon\u00edveis em<\/strong>&nbsp;&#8211;&nbsp;<a href=\"https:\/\/flic.kr\/s\/aHBqjAWSby\" target=\"_blank\" rel=\"noreferrer noopener\">https:\/\/flic.kr\/s\/aHBqjAWSby<\/a>&nbsp;e&nbsp;<a href=\"https:\/\/flic.kr\/s\/aHBqjAWVyC\" target=\"_blank\" rel=\"noreferrer noopener\">https:\/\/flic.kr\/s\/aHBqjAWVyC<\/a><\/p>\n\n\n\n<p><\/p>\n\n\n\n<p><\/p>\n","protected":false},"excerpt":{"rendered":"","protected":false},"author":23,"featured_media":208968,"comment_status":"closed","ping_status":"closed","sticky":false,"template":"","format":"standard","meta":{"footnotes":""},"categories":[34],"tags":[465,43,7,466],"acf":[],"yoast_head":"<!-- This site is optimized with the Yoast SEO plugin v23.0 - https:\/\/yoast.com\/wordpress\/plugins\/seo\/ -->\n<title>Prefeitura de Manaus e CMDCA encerram apura\u00e7\u00e3o de votos e divulgam conselheiros tutelares eleitos\u00a0 - SEMASC<\/title>\n<meta name=\"robots\" content=\"noindex, follow\" \/>\n<meta property=\"og:locale\" content=\"pt_BR\" \/>\n<meta property=\"og:type\" content=\"article\" \/>\n<meta property=\"og:title\" content=\"Prefeitura de Manaus e CMDCA encerram apura\u00e7\u00e3o de votos e divulgam conselheiros tutelares eleitos\u00a0 - SEMASC\" \/>\n<meta property=\"og:url\" content=\"https:\/\/www.manaus.am.gov.br\/semasc\/prefeitura-de-manaus-e-cmdca-encerram-apuracao-de-votos-e-divulgam-conselheiros-tutelares-eleitos\/\" \/>\n<meta property=\"og:site_name\" content=\"SEMASC\" \/>\n<meta property=\"article:publisher\" content=\"https:\/\/www.facebook.com\/semascmanaus\" \/>\n<meta property=\"article:published_time\" content=\"2023-10-02T12:38:34+00:00\" \/>\n<meta property=\"article:modified_time\" content=\"2023-10-02T12:38:35+00:00\" \/>\n<meta property=\"og:image\" content=\"https:\/\/www.manaus.am.gov.br\/semasc\/wp-content\/uploads\/sites\/17\/2023\/10\/53226576894_5758c6dd76_c.jpg\" \/>\n\t<meta property=\"og:image:width\" content=\"799\" \/>\n\t<meta property=\"og:image:height\" content=\"533\" \/>\n\t<meta property=\"og:image:type\" content=\"image\/jpeg\" \/>\n<meta name=\"author\" content=\"Adriana Costa\" \/>\n<meta name=\"twitter:card\" content=\"summary_large_image\" \/>\n<meta name=\"twitter:label1\" content=\"Written by\" \/>\n\t<meta name=\"twitter:data1\" content=\"Adriana Costa\" \/>\n\t<meta name=\"twitter:label2\" content=\"Est. reading time\" \/>\n\t<meta name=\"twitter:data2\" content=\"5 minutos\" \/>\n<script type=\"application\/ld+json\" class=\"yoast-schema-graph\">{\"@context\":\"https:\/\/schema.org\",\"@graph\":[{\"@type\":\"Article\",\"@id\":\"https:\/\/www.manaus.am.gov.br\/semasc\/prefeitura-de-manaus-e-cmdca-encerram-apuracao-de-votos-e-divulgam-conselheiros-tutelares-eleitos\/#article\",\"isPartOf\":{\"@id\":\"https:\/\/www.manaus.am.gov.br\/semasc\/prefeitura-de-manaus-e-cmdca-encerram-apuracao-de-votos-e-divulgam-conselheiros-tutelares-eleitos\/\"},\"author\":{\"name\":\"Adriana Costa\",\"@id\":\"https:\/\/www.manaus.am.gov.br\/semasc\/#\/schema\/person\/4e49f4e267757a06ca072ec61b2b9968\"},\"headline\":\"Prefeitura de Manaus e CMDCA encerram apura\u00e7\u00e3o de votos e divulgam conselheiros tutelares eleitos\u00a0\",\"datePublished\":\"2023-10-02T12:38:34+00:00\",\"dateModified\":\"2023-10-02T12:38:35+00:00\",\"mainEntityOfPage\":{\"@id\":\"https:\/\/www.manaus.am.gov.br\/semasc\/prefeitura-de-manaus-e-cmdca-encerram-apuracao-de-votos-e-divulgam-conselheiros-tutelares-eleitos\/\"},\"wordCount\":836,\"publisher\":{\"@id\":\"https:\/\/www.manaus.am.gov.br\/semasc\/#organization\"},\"image\":{\"@id\":\"https:\/\/www.manaus.am.gov.br\/semasc\/prefeitura-de-manaus-e-cmdca-encerram-apuracao-de-votos-e-divulgam-conselheiros-tutelares-eleitos\/#primaryimage\"},\"thumbnailUrl\":\"https:\/\/www.manaus.am.gov.br\/semasc\/wp-content\/uploads\/sites\/17\/2023\/10\/53226576894_5758c6dd76_c.jpg\",\"keywords\":[\"CMDA\",\"conselheiros tutelares\",\"prefeitura de manaus\",\"RESULTADO DA ELEI\u00c7\u00c3O\"],\"articleSection\":[\"Assist\u00eancia Social\"],\"inLanguage\":\"pt-BR\"},{\"@type\":\"WebPage\",\"@id\":\"https:\/\/www.manaus.am.gov.br\/semasc\/prefeitura-de-manaus-e-cmdca-encerram-apuracao-de-votos-e-divulgam-conselheiros-tutelares-eleitos\/\",\"url\":\"https:\/\/www.manaus.am.gov.br\/semasc\/prefeitura-de-manaus-e-cmdca-encerram-apuracao-de-votos-e-divulgam-conselheiros-tutelares-eleitos\/\",\"name\":\"Prefeitura de Manaus e CMDCA encerram apura\u00e7\u00e3o de votos e divulgam conselheiros tutelares eleitos\u00a0 - SEMASC\",\"isPartOf\":{\"@id\":\"https:\/\/www.manaus.am.gov.br\/semasc\/#website\"},\"primaryImageOfPage\":{\"@id\":\"https:\/\/www.manaus.am.gov.br\/semasc\/prefeitura-de-manaus-e-cmdca-encerram-apuracao-de-votos-e-divulgam-conselheiros-tutelares-eleitos\/#primaryimage\"},\"image\":{\"@id\":\"https:\/\/www.manaus.am.gov.br\/semasc\/prefeitura-de-manaus-e-cmdca-encerram-apuracao-de-votos-e-divulgam-conselheiros-tutelares-eleitos\/#primaryimage\"},\"thumbnailUrl\":\"https:\/\/www.manaus.am.gov.br\/semasc\/wp-content\/uploads\/sites\/17\/2023\/10\/53226576894_5758c6dd76_c.jpg\",\"datePublished\":\"2023-10-02T12:38:34+00:00\",\"dateModified\":\"2023-10-02T12:38:35+00:00\",\"breadcrumb\":{\"@id\":\"https:\/\/www.manaus.am.gov.br\/semasc\/prefeitura-de-manaus-e-cmdca-encerram-apuracao-de-votos-e-divulgam-conselheiros-tutelares-eleitos\/#breadcrumb\"},\"inLanguage\":\"pt-BR\",\"potentialAction\":[{\"@type\":\"ReadAction\",\"target\":[\"https:\/\/www.manaus.am.gov.br\/semasc\/prefeitura-de-manaus-e-cmdca-encerram-apuracao-de-votos-e-divulgam-conselheiros-tutelares-eleitos\/\"]}]},{\"@type\":\"ImageObject\",\"inLanguage\":\"pt-BR\",\"@id\":\"https:\/\/www.manaus.am.gov.br\/semasc\/prefeitura-de-manaus-e-cmdca-encerram-apuracao-de-votos-e-divulgam-conselheiros-tutelares-eleitos\/#primaryimage\",\"url\":\"https:\/\/www.manaus.am.gov.br\/semasc\/wp-content\/uploads\/sites\/17\/2023\/10\/53226576894_5758c6dd76_c.jpg\",\"contentUrl\":\"https:\/\/www.manaus.am.gov.br\/semasc\/wp-content\/uploads\/sites\/17\/2023\/10\/53226576894_5758c6dd76_c.jpg\",\"width\":799,\"height\":533},{\"@type\":\"BreadcrumbList\",\"@id\":\"https:\/\/www.manaus.am.gov.br\/semasc\/prefeitura-de-manaus-e-cmdca-encerram-apuracao-de-votos-e-divulgam-conselheiros-tutelares-eleitos\/#breadcrumb\",\"itemListElement\":[{\"@type\":\"ListItem\",\"position\":1,\"name\":\"Home\",\"item\":\"https:\/\/www.manaus.am.gov.br\/semasc\/\"},{\"@type\":\"ListItem\",\"position\":2,\"name\":\"Prefeitura de Manaus e CMDCA encerram apura\u00e7\u00e3o de votos e divulgam conselheiros tutelares eleitos\u00a0\"}]},{\"@type\":\"WebSite\",\"@id\":\"https:\/\/www.manaus.am.gov.br\/semasc\/#website\",\"url\":\"https:\/\/www.manaus.am.gov.br\/semasc\/\",\"name\":\"SEMASC\",\"description\":\"Secretaria Municipal da Mulher, Assist\u00eancia Social e Cidadania.\",\"publisher\":{\"@id\":\"https:\/\/www.manaus.am.gov.br\/semasc\/#organization\"},\"alternateName\":\"Secretaria Municipal da Mulher, Assist\u00eancia Social e Cidadania\",\"potentialAction\":[{\"@type\":\"SearchAction\",\"target\":{\"@type\":\"EntryPoint\",\"urlTemplate\":\"https:\/\/www.manaus.am.gov.br\/semasc\/?s={search_term_string}\"},\"query-input\":\"required name=search_term_string\"}],\"inLanguage\":\"pt-BR\"},{\"@type\":\"Organization\",\"@id\":\"https:\/\/www.manaus.am.gov.br\/semasc\/#organization\",\"name\":\"Prefeitura de Manaus\",\"alternateName\":\"Prefeitura Municipal de Manaus\",\"url\":\"https:\/\/www.manaus.am.gov.br\/semasc\/\",\"logo\":{\"@type\":\"ImageObject\",\"inLanguage\":\"pt-BR\",\"@id\":\"https:\/\/www.manaus.am.gov.br\/semasc\/#\/schema\/logo\/image\/\",\"url\":\"https:\/\/www.manaus.am.gov.br\/semasc\/wp-content\/uploads\/sites\/17\/2024\/07\/favicon.png\",\"contentUrl\":\"https:\/\/www.manaus.am.gov.br\/semasc\/wp-content\/uploads\/sites\/17\/2024\/07\/favicon.png\",\"width\":300,\"height\":300,\"caption\":\"Prefeitura de Manaus\"},\"image\":{\"@id\":\"https:\/\/www.manaus.am.gov.br\/semasc\/#\/schema\/logo\/image\/\"},\"sameAs\":[\"https:\/\/www.facebook.com\/semascmanaus\",\"https:\/\/www.instagram.com\/semascmanaus\/\"]},{\"@type\":\"Person\",\"@id\":\"https:\/\/www.manaus.am.gov.br\/semasc\/#\/schema\/person\/4e49f4e267757a06ca072ec61b2b9968\",\"name\":\"Adriana Costa\",\"image\":{\"@type\":\"ImageObject\",\"inLanguage\":\"pt-BR\",\"@id\":\"https:\/\/www.manaus.am.gov.br\/semasc\/#\/schema\/person\/image\/\",\"url\":\"https:\/\/secure.gravatar.com\/avatar\/576258617ef7194f718179e766d57bd4?s=96&d=mm&r=g\",\"contentUrl\":\"https:\/\/secure.gravatar.com\/avatar\/576258617ef7194f718179e766d57bd4?s=96&d=mm&r=g\",\"caption\":\"Adriana Costa\"}}]}<\/script>\n<!-- \/ Yoast SEO plugin. -->","yoast_head_json":{"title":"Prefeitura de Manaus e CMDCA encerram apura\u00e7\u00e3o de votos e divulgam conselheiros tutelares eleitos\u00a0 - SEMASC","robots":{"index":"noindex","follow":"follow"},"og_locale":"pt_BR","og_type":"article","og_title":"Prefeitura de Manaus e CMDCA encerram apura\u00e7\u00e3o de votos e divulgam conselheiros tutelares eleitos\u00a0 - SEMASC","og_url":"https:\/\/www.manaus.am.gov.br\/semasc\/prefeitura-de-manaus-e-cmdca-encerram-apuracao-de-votos-e-divulgam-conselheiros-tutelares-eleitos\/","og_site_name":"SEMASC","article_publisher":"https:\/\/www.facebook.com\/semascmanaus","article_published_time":"2023-10-02T12:38:34+00:00","article_modified_time":"2023-10-02T12:38:35+00:00","og_image":[{"width":799,"height":533,"url":"https:\/\/www.manaus.am.gov.br\/semasc\/wp-content\/uploads\/sites\/17\/2023\/10\/53226576894_5758c6dd76_c.jpg","type":"image\/jpeg"}],"author":"Adriana Costa","twitter_card":"summary_large_image","twitter_misc":{"Written by":"Adriana Costa","Est. reading time":"5 minutos"},"schema":{"@context":"https:\/\/schema.org","@graph":[{"@type":"Article","@id":"https:\/\/www.manaus.am.gov.br\/semasc\/prefeitura-de-manaus-e-cmdca-encerram-apuracao-de-votos-e-divulgam-conselheiros-tutelares-eleitos\/#article","isPartOf":{"@id":"https:\/\/www.manaus.am.gov.br\/semasc\/prefeitura-de-manaus-e-cmdca-encerram-apuracao-de-votos-e-divulgam-conselheiros-tutelares-eleitos\/"},"author":{"name":"Adriana Costa","@id":"https:\/\/www.manaus.am.gov.br\/semasc\/#\/schema\/person\/4e49f4e267757a06ca072ec61b2b9968"},"headline":"Prefeitura de Manaus e CMDCA encerram apura\u00e7\u00e3o de votos e divulgam conselheiros tutelares eleitos\u00a0","datePublished":"2023-10-02T12:38:34+00:00","dateModified":"2023-10-02T12:38:35+00:00","mainEntityOfPage":{"@id":"https:\/\/www.manaus.am.gov.br\/semasc\/prefeitura-de-manaus-e-cmdca-encerram-apuracao-de-votos-e-divulgam-conselheiros-tutelares-eleitos\/"},"wordCount":836,"publisher":{"@id":"https:\/\/www.manaus.am.gov.br\/semasc\/#organization"},"image":{"@id":"https:\/\/www.manaus.am.gov.br\/semasc\/prefeitura-de-manaus-e-cmdca-encerram-apuracao-de-votos-e-divulgam-conselheiros-tutelares-eleitos\/#primaryimage"},"thumbnailUrl":"https:\/\/www.manaus.am.gov.br\/semasc\/wp-content\/uploads\/sites\/17\/2023\/10\/53226576894_5758c6dd76_c.jpg","keywords":["CMDA","conselheiros tutelares","prefeitura de manaus","RESULTADO DA ELEI\u00c7\u00c3O"],"articleSection":["Assist\u00eancia Social"],"inLanguage":"pt-BR"},{"@type":"WebPage","@id":"https:\/\/www.manaus.am.gov.br\/semasc\/prefeitura-de-manaus-e-cmdca-encerram-apuracao-de-votos-e-divulgam-conselheiros-tutelares-eleitos\/","url":"https:\/\/www.manaus.am.gov.br\/semasc\/prefeitura-de-manaus-e-cmdca-encerram-apuracao-de-votos-e-divulgam-conselheiros-tutelares-eleitos\/","name":"Prefeitura de Manaus e CMDCA encerram apura\u00e7\u00e3o de votos e divulgam conselheiros tutelares eleitos\u00a0 - SEMASC","isPartOf":{"@id":"https:\/\/www.manaus.am.gov.br\/semasc\/#website"},"primaryImageOfPage":{"@id":"https:\/\/www.manaus.am.gov.br\/semasc\/prefeitura-de-manaus-e-cmdca-encerram-apuracao-de-votos-e-divulgam-conselheiros-tutelares-eleitos\/#primaryimage"},"image":{"@id":"https:\/\/www.manaus.am.gov.br\/semasc\/prefeitura-de-manaus-e-cmdca-encerram-apuracao-de-votos-e-divulgam-conselheiros-tutelares-eleitos\/#primaryimage"},"thumbnailUrl":"https:\/\/www.manaus.am.gov.br\/semasc\/wp-content\/uploads\/sites\/17\/2023\/10\/53226576894_5758c6dd76_c.jpg","datePublished":"2023-10-02T12:38:34+00:00","dateModified":"2023-10-02T12:38:35+00:00","breadcrumb":{"@id":"https:\/\/www.manaus.am.gov.br\/semasc\/prefeitura-de-manaus-e-cmdca-encerram-apuracao-de-votos-e-divulgam-conselheiros-tutelares-eleitos\/#breadcrumb"},"inLanguage":"pt-BR","potentialAction":[{"@type":"ReadAction","target":["https:\/\/www.manaus.am.gov.br\/semasc\/prefeitura-de-manaus-e-cmdca-encerram-apuracao-de-votos-e-divulgam-conselheiros-tutelares-eleitos\/"]}]},{"@type":"ImageObject","inLanguage":"pt-BR","@id":"https:\/\/www.manaus.am.gov.br\/semasc\/prefeitura-de-manaus-e-cmdca-encerram-apuracao-de-votos-e-divulgam-conselheiros-tutelares-eleitos\/#primaryimage","url":"https:\/\/www.manaus.am.gov.br\/semasc\/wp-content\/uploads\/sites\/17\/2023\/10\/53226576894_5758c6dd76_c.jpg","contentUrl":"https:\/\/www.manaus.am.gov.br\/semasc\/wp-content\/uploads\/sites\/17\/2023\/10\/53226576894_5758c6dd76_c.jpg","width":799,"height":533},{"@type":"BreadcrumbList","@id":"https:\/\/www.manaus.am.gov.br\/semasc\/prefeitura-de-manaus-e-cmdca-encerram-apuracao-de-votos-e-divulgam-conselheiros-tutelares-eleitos\/#breadcrumb","itemListElement":[{"@type":"ListItem","position":1,"name":"Home","item":"https:\/\/www.manaus.am.gov.br\/semasc\/"},{"@type":"ListItem","position":2,"name":"Prefeitura de Manaus e CMDCA encerram apura\u00e7\u00e3o de votos e divulgam conselheiros tutelares eleitos\u00a0"}]},{"@type":"WebSite","@id":"https:\/\/www.manaus.am.gov.br\/semasc\/#website","url":"https:\/\/www.manaus.am.gov.br\/semasc\/","name":"SEMASC","description":"Secretaria Municipal da Mulher, Assist\u00eancia Social e Cidadania.","publisher":{"@id":"https:\/\/www.manaus.am.gov.br\/semasc\/#organization"},"alternateName":"Secretaria Municipal da Mulher, Assist\u00eancia Social e Cidadania","potentialAction":[{"@type":"SearchAction","target":{"@type":"EntryPoint","urlTemplate":"https:\/\/www.manaus.am.gov.br\/semasc\/?s={search_term_string}"},"query-input":"required name=search_term_string"}],"inLanguage":"pt-BR"},{"@type":"Organization","@id":"https:\/\/www.manaus.am.gov.br\/semasc\/#organization","name":"Prefeitura de Manaus","alternateName":"Prefeitura Municipal de Manaus","url":"https:\/\/www.manaus.am.gov.br\/semasc\/","logo":{"@type":"ImageObject","inLanguage":"pt-BR","@id":"https:\/\/www.manaus.am.gov.br\/semasc\/#\/schema\/logo\/image\/","url":"https:\/\/www.manaus.am.gov.br\/semasc\/wp-content\/uploads\/sites\/17\/2024\/07\/favicon.png","contentUrl":"https:\/\/www.manaus.am.gov.br\/semasc\/wp-content\/uploads\/sites\/17\/2024\/07\/favicon.png","width":300,"height":300,"caption":"Prefeitura de Manaus"},"image":{"@id":"https:\/\/www.manaus.am.gov.br\/semasc\/#\/schema\/logo\/image\/"},"sameAs":["https:\/\/www.facebook.com\/semascmanaus","https:\/\/www.instagram.com\/semascmanaus\/"]},{"@type":"Person","@id":"https:\/\/www.manaus.am.gov.br\/semasc\/#\/schema\/person\/4e49f4e267757a06ca072ec61b2b9968","name":"Adriana Costa","image":{"@type":"ImageObject","inLanguage":"pt-BR","@id":"https:\/\/www.manaus.am.gov.br\/semasc\/#\/schema\/person\/image\/","url":"https:\/\/secure.gravatar.com\/avatar\/576258617ef7194f718179e766d57bd4?s=96&d=mm&r=g","contentUrl":"https:\/\/secure.gravatar.com\/avatar\/576258617ef7194f718179e766d57bd4?s=96&d=mm&r=g","caption":"Adriana Costa"}}]}},"_links":{"self":[{"href":"https:\/\/www.manaus.am.gov.br\/semasc\/wp-json\/wp\/v2\/posts\/208967"}],"collection":[{"href":"https:\/\/www.manaus.am.gov.br\/semasc\/wp-json\/wp\/v2\/posts"}],"about":[{"href":"https:\/\/www.manaus.am.gov.br\/semasc\/wp-json\/wp\/v2\/types\/post"}],"author":[{"embeddable":true,"href":"https:\/\/www.manaus.am.gov.br\/semasc\/wp-json\/wp\/v2\/users\/23"}],"replies":[{"embeddable":true,"href":"https:\/\/www.manaus.am.gov.br\/semasc\/wp-json\/wp\/v2\/comments?post=208967"}],"version-history":[{"count":0,"href":"https:\/\/www.manaus.am.gov.br\/semasc\/wp-json\/wp\/v2\/posts\/208967\/revisions"}],"wp:featuredmedia":[{"embeddable":true,"href":"https:\/\/www.manaus.am.gov.br\/semasc\/wp-json\/wp\/v2\/media\/208968"}],"wp:attachment":[{"href":"https:\/\/www.manaus.am.gov.br\/semasc\/wp-json\/wp\/v2\/media?parent=208967"}],"wp:term":[{"taxonomy":"category","embeddable":true,"href":"https:\/\/www.manaus.am.gov.br\/semasc\/wp-json\/wp\/v2\/categories?post=208967"},{"taxonomy":"post_tag","embeddable":true,"href":"https:\/\/www.manaus.am.gov.br\/semasc\/wp-json\/wp\/v2\/tags?post=208967"}],"curies":[{"name":"wp","href":"https:\/\/api.w.org\/{rel}","templated":true}]}}