{"id":208965,"date":"2023-10-01T20:25:40","date_gmt":"2023-10-02T00:25:40","guid":{"rendered":"https:\/\/www.manaus.am.gov.br\/semasc\/prefeitura-de-manaus-e-cmdca-dao-inicio-a-apuracao-de-urnas-das-eleicoes-para-conselheiros-tutelares\/"},"modified":"2023-10-01T20:25:42","modified_gmt":"2023-10-02T00:25:42","slug":"prefeitura-de-manaus-e-cmdca-dao-inicio-a-apuracao-de-urnas-das-eleicoes-para-conselheiros-tutelares","status":"publish","type":"post","link":"https:\/\/www.manaus.am.gov.br\/semasc\/prefeitura-de-manaus-e-cmdca-dao-inicio-a-apuracao-de-urnas-das-eleicoes-para-conselheiros-tutelares\/","title":{"rendered":"<strong>Prefeitura de Manaus e CMDCA d\u00e3o in\u00edcio \u00e0 apura\u00e7\u00e3o de urnas da elei\u00e7\u00e3o para Conselheiros Tutelares<\/strong>"},"content":{"rendered":"\n<p>Ap\u00f3s o fim do hor\u00e1rio de vota\u00e7\u00e3o, \u00e0s 17h, a Prefeitura de Manaus, por meio Secretaria Municipal da Mulher, Assist\u00eancia Social e Cidadania (Semasc), e o Conselho Municipal dos Direitos da Crian\u00e7a e do Adolescente (CMDCA) deram in\u00edcio, na noite deste domingo, 1\/10, ao processo de apura\u00e7\u00e3o das urnas utilizadas na elei\u00e7\u00e3o para os novos membros do Conselho Tutelar da capital amazonense.<\/p>\n\n\n\n<p>Ao todo, 486 urnas devem ser apuradas at\u00e9 o fim da noite, realizando a contagem total de votos das zonas urbana e rural do munic\u00edpio.<\/p>\n\n\n\n<p>Concorrem a 50 vagas para Conselheiro Tutelar titular nas dez zonas de atua\u00e7\u00e3o 121 candidatos. A apura\u00e7\u00e3o dos votos pode ser conferida em tempo real atrav\u00e9s do portal da transpar\u00eancia&nbsp;<a href=\"http:\/\/eleicoes2023.manaus.am.gov.br\/\" target=\"_blank\" rel=\"noreferrer noopener\">eleicoes2023.manaus.am.gov.br<\/a>, desenvolvido pelo Departamento de Tecnologia da Informa\u00e7\u00e3o (DTI), da Semasc, em parceria com a Subsecretaria de Tecnologia da Informa\u00e7\u00e3o (SubTI), da Secretaria Municipal de Finan\u00e7as (Semef).&nbsp;<\/p>\n\n\n\n<p>&#8212;&#8212;<\/p>\n\n\n\n<p><strong>Texto &#8211;<\/strong> Guilherme Pacheco \/ Semasc&nbsp;<\/p>\n\n\n\n<p><strong>Fotos &#8211;<\/strong>&nbsp; &nbsp;Diego Lima \/ Semasc&nbsp;<\/p>\n","protected":false},"excerpt":{"rendered":"","protected":false},"author":52,"featured_media":208966,"comment_status":"closed","ping_status":"closed","sticky":false,"template":"","format":"standard","meta":{"footnotes":""},"categories":[156],"tags":[43,111,7],"acf":[],"yoast_head":"<!-- This site is optimized with the Yoast SEO plugin v23.0 - https:\/\/yoast.com\/wordpress\/plugins\/seo\/ -->\n<title>Prefeitura de Manaus e CMDCA d\u00e3o in\u00edcio \u00e0 apura\u00e7\u00e3o de urnas da elei\u00e7\u00e3o para Conselheiros Tutelares<\/title>\n<meta name=\"description\" content=\"Ap\u00f3s o fim do hor\u00e1rio de vota\u00e7\u00e3o, \u00e0s 17h, a Prefeitura de Manaus, por meio Secretaria Municipal da Mulher, Assist\u00eancia Social.\" \/>\n<meta name=\"robots\" content=\"noindex, follow\" \/>\n<meta property=\"og:locale\" content=\"pt_BR\" \/>\n<meta property=\"og:type\" content=\"article\" \/>\n<meta property=\"og:title\" content=\"Prefeitura de Manaus e CMDCA d\u00e3o in\u00edcio \u00e0 apura\u00e7\u00e3o de urnas da elei\u00e7\u00e3o para Conselheiros Tutelares\" \/>\n<meta property=\"og:description\" content=\"Ap\u00f3s o fim do hor\u00e1rio de vota\u00e7\u00e3o, \u00e0s 17h, a Prefeitura de Manaus, por meio Secretaria Municipal da Mulher, Assist\u00eancia Social.\" \/>\n<meta property=\"og:url\" content=\"https:\/\/www.manaus.am.gov.br\/semasc\/prefeitura-de-manaus-e-cmdca-dao-inicio-a-apuracao-de-urnas-das-eleicoes-para-conselheiros-tutelares\/\" \/>\n<meta property=\"og:site_name\" content=\"SEMASC\" \/>\n<meta property=\"article:publisher\" content=\"https:\/\/www.facebook.com\/semascmanaus\" \/>\n<meta property=\"article:published_time\" content=\"2023-10-02T00:25:40+00:00\" \/>\n<meta property=\"article:modified_time\" content=\"2023-10-02T00:25:42+00:00\" \/>\n<meta property=\"og:image\" content=\"https:\/\/www.manaus.am.gov.br\/semasc\/wp-content\/uploads\/sites\/17\/2023\/10\/IMG_5286-1024x683.jpeg\" \/>\n\t<meta property=\"og:image:width\" content=\"1024\" \/>\n\t<meta property=\"og:image:height\" content=\"683\" \/>\n\t<meta property=\"og:image:type\" content=\"image\/jpeg\" \/>\n<meta name=\"author\" content=\"csilveira\" \/>\n<meta name=\"twitter:card\" content=\"summary_large_image\" \/>\n<meta name=\"twitter:label1\" content=\"Written by\" \/>\n\t<meta name=\"twitter:data1\" content=\"csilveira\" \/>\n\t<meta name=\"twitter:label2\" content=\"Est. reading time\" \/>\n\t<meta name=\"twitter:data2\" content=\"1 minuto\" \/>\n<script type=\"application\/ld+json\" class=\"yoast-schema-graph\">{\"@context\":\"https:\/\/schema.org\",\"@graph\":[{\"@type\":\"Article\",\"@id\":\"https:\/\/www.manaus.am.gov.br\/semasc\/prefeitura-de-manaus-e-cmdca-dao-inicio-a-apuracao-de-urnas-das-eleicoes-para-conselheiros-tutelares\/#article\",\"isPartOf\":{\"@id\":\"https:\/\/www.manaus.am.gov.br\/semasc\/prefeitura-de-manaus-e-cmdca-dao-inicio-a-apuracao-de-urnas-das-eleicoes-para-conselheiros-tutelares\/\"},\"author\":{\"name\":\"csilveira\",\"@id\":\"https:\/\/www.manaus.am.gov.br\/semasc\/#\/schema\/person\/bfafc779be2e19b3d3ef4a59d418b606\"},\"headline\":\"Prefeitura de Manaus e CMDCA d\u00e3o in\u00edcio \u00e0 apura\u00e7\u00e3o de urnas da elei\u00e7\u00e3o para Conselheiros Tutelares\",\"datePublished\":\"2023-10-02T00:25:40+00:00\",\"dateModified\":\"2023-10-02T00:25:42+00:00\",\"mainEntityOfPage\":{\"@id\":\"https:\/\/www.manaus.am.gov.br\/semasc\/prefeitura-de-manaus-e-cmdca-dao-inicio-a-apuracao-de-urnas-das-eleicoes-para-conselheiros-tutelares\/\"},\"wordCount\":196,\"publisher\":{\"@id\":\"https:\/\/www.manaus.am.gov.br\/semasc\/#organization\"},\"image\":{\"@id\":\"https:\/\/www.manaus.am.gov.br\/semasc\/prefeitura-de-manaus-e-cmdca-dao-inicio-a-apuracao-de-urnas-das-eleicoes-para-conselheiros-tutelares\/#primaryimage\"},\"thumbnailUrl\":\"https:\/\/www.manaus.am.gov.br\/semasc\/wp-content\/uploads\/sites\/17\/2023\/10\/IMG_5286.jpeg\",\"keywords\":[\"conselheiros tutelares\",\"elei\u00e7\u00e3o\",\"prefeitura de manaus\"],\"articleSection\":[\"Nota\"],\"inLanguage\":\"pt-BR\"},{\"@type\":\"WebPage\",\"@id\":\"https:\/\/www.manaus.am.gov.br\/semasc\/prefeitura-de-manaus-e-cmdca-dao-inicio-a-apuracao-de-urnas-das-eleicoes-para-conselheiros-tutelares\/\",\"url\":\"https:\/\/www.manaus.am.gov.br\/semasc\/prefeitura-de-manaus-e-cmdca-dao-inicio-a-apuracao-de-urnas-das-eleicoes-para-conselheiros-tutelares\/\",\"name\":\"Prefeitura de Manaus e CMDCA d\u00e3o in\u00edcio \u00e0 apura\u00e7\u00e3o de urnas da elei\u00e7\u00e3o para Conselheiros Tutelares\",\"isPartOf\":{\"@id\":\"https:\/\/www.manaus.am.gov.br\/semasc\/#website\"},\"primaryImageOfPage\":{\"@id\":\"https:\/\/www.manaus.am.gov.br\/semasc\/prefeitura-de-manaus-e-cmdca-dao-inicio-a-apuracao-de-urnas-das-eleicoes-para-conselheiros-tutelares\/#primaryimage\"},\"image\":{\"@id\":\"https:\/\/www.manaus.am.gov.br\/semasc\/prefeitura-de-manaus-e-cmdca-dao-inicio-a-apuracao-de-urnas-das-eleicoes-para-conselheiros-tutelares\/#primaryimage\"},\"thumbnailUrl\":\"https:\/\/www.manaus.am.gov.br\/semasc\/wp-content\/uploads\/sites\/17\/2023\/10\/IMG_5286.jpeg\",\"datePublished\":\"2023-10-02T00:25:40+00:00\",\"dateModified\":\"2023-10-02T00:25:42+00:00\",\"description\":\"Ap\u00f3s o fim do hor\u00e1rio de vota\u00e7\u00e3o, \u00e0s 17h, a Prefeitura de Manaus, por meio Secretaria Municipal da Mulher, Assist\u00eancia Social.\",\"breadcrumb\":{\"@id\":\"https:\/\/www.manaus.am.gov.br\/semasc\/prefeitura-de-manaus-e-cmdca-dao-inicio-a-apuracao-de-urnas-das-eleicoes-para-conselheiros-tutelares\/#breadcrumb\"},\"inLanguage\":\"pt-BR\",\"potentialAction\":[{\"@type\":\"ReadAction\",\"target\":[\"https:\/\/www.manaus.am.gov.br\/semasc\/prefeitura-de-manaus-e-cmdca-dao-inicio-a-apuracao-de-urnas-das-eleicoes-para-conselheiros-tutelares\/\"]}]},{\"@type\":\"ImageObject\",\"inLanguage\":\"pt-BR\",\"@id\":\"https:\/\/www.manaus.am.gov.br\/semasc\/prefeitura-de-manaus-e-cmdca-dao-inicio-a-apuracao-de-urnas-das-eleicoes-para-conselheiros-tutelares\/#primaryimage\",\"url\":\"https:\/\/www.manaus.am.gov.br\/semasc\/wp-content\/uploads\/sites\/17\/2023\/10\/IMG_5286.jpeg\",\"contentUrl\":\"https:\/\/www.manaus.am.gov.br\/semasc\/wp-content\/uploads\/sites\/17\/2023\/10\/IMG_5286.jpeg\",\"width\":3456,\"height\":2304},{\"@type\":\"BreadcrumbList\",\"@id\":\"https:\/\/www.manaus.am.gov.br\/semasc\/prefeitura-de-manaus-e-cmdca-dao-inicio-a-apuracao-de-urnas-das-eleicoes-para-conselheiros-tutelares\/#breadcrumb\",\"itemListElement\":[{\"@type\":\"ListItem\",\"position\":1,\"name\":\"Home\",\"item\":\"https:\/\/www.manaus.am.gov.br\/semasc\/\"},{\"@type\":\"ListItem\",\"position\":2,\"name\":\"Prefeitura de Manaus e CMDCA d\u00e3o in\u00edcio \u00e0 apura\u00e7\u00e3o de urnas da elei\u00e7\u00e3o para Conselheiros Tutelares\"}]},{\"@type\":\"WebSite\",\"@id\":\"https:\/\/www.manaus.am.gov.br\/semasc\/#website\",\"url\":\"https:\/\/www.manaus.am.gov.br\/semasc\/\",\"name\":\"SEMASC\",\"description\":\"Secretaria Municipal da Mulher, Assist\u00eancia Social e Cidadania.\",\"publisher\":{\"@id\":\"https:\/\/www.manaus.am.gov.br\/semasc\/#organization\"},\"alternateName\":\"Secretaria Municipal da Mulher, Assist\u00eancia Social e Cidadania\",\"potentialAction\":[{\"@type\":\"SearchAction\",\"target\":{\"@type\":\"EntryPoint\",\"urlTemplate\":\"https:\/\/www.manaus.am.gov.br\/semasc\/?s={search_term_string}\"},\"query-input\":\"required name=search_term_string\"}],\"inLanguage\":\"pt-BR\"},{\"@type\":\"Organization\",\"@id\":\"https:\/\/www.manaus.am.gov.br\/semasc\/#organization\",\"name\":\"Prefeitura de Manaus\",\"alternateName\":\"Prefeitura Municipal de Manaus\",\"url\":\"https:\/\/www.manaus.am.gov.br\/semasc\/\",\"logo\":{\"@type\":\"ImageObject\",\"inLanguage\":\"pt-BR\",\"@id\":\"https:\/\/www.manaus.am.gov.br\/semasc\/#\/schema\/logo\/image\/\",\"url\":\"https:\/\/www.manaus.am.gov.br\/semasc\/wp-content\/uploads\/sites\/17\/2024\/07\/favicon.png\",\"contentUrl\":\"https:\/\/www.manaus.am.gov.br\/semasc\/wp-content\/uploads\/sites\/17\/2024\/07\/favicon.png\",\"width\":300,\"height\":300,\"caption\":\"Prefeitura de Manaus\"},\"image\":{\"@id\":\"https:\/\/www.manaus.am.gov.br\/semasc\/#\/schema\/logo\/image\/\"},\"sameAs\":[\"https:\/\/www.facebook.com\/semascmanaus\",\"https:\/\/www.instagram.com\/semascmanaus\/\"]},{\"@type\":\"Person\",\"@id\":\"https:\/\/www.manaus.am.gov.br\/semasc\/#\/schema\/person\/bfafc779be2e19b3d3ef4a59d418b606\",\"name\":\"csilveira\",\"image\":{\"@type\":\"ImageObject\",\"inLanguage\":\"pt-BR\",\"@id\":\"https:\/\/www.manaus.am.gov.br\/semasc\/#\/schema\/person\/image\/\",\"url\":\"https:\/\/secure.gravatar.com\/avatar\/9c2e2f00138fcd35401c748bd030d3b5?s=96&d=mm&r=g\",\"contentUrl\":\"https:\/\/secure.gravatar.com\/avatar\/9c2e2f00138fcd35401c748bd030d3b5?s=96&d=mm&r=g\",\"caption\":\"csilveira\"}}]}<\/script>\n<!-- \/ Yoast SEO plugin. -->","yoast_head_json":{"title":"Prefeitura de Manaus e CMDCA d\u00e3o in\u00edcio \u00e0 apura\u00e7\u00e3o de urnas da elei\u00e7\u00e3o para Conselheiros Tutelares","description":"Ap\u00f3s o fim do hor\u00e1rio de vota\u00e7\u00e3o, \u00e0s 17h, a Prefeitura de Manaus, por meio Secretaria Municipal da Mulher, Assist\u00eancia Social.","robots":{"index":"noindex","follow":"follow"},"og_locale":"pt_BR","og_type":"article","og_title":"Prefeitura de Manaus e CMDCA d\u00e3o in\u00edcio \u00e0 apura\u00e7\u00e3o de urnas da elei\u00e7\u00e3o para Conselheiros Tutelares","og_description":"Ap\u00f3s o fim do hor\u00e1rio de vota\u00e7\u00e3o, \u00e0s 17h, a Prefeitura de Manaus, por meio Secretaria Municipal da Mulher, Assist\u00eancia Social.","og_url":"https:\/\/www.manaus.am.gov.br\/semasc\/prefeitura-de-manaus-e-cmdca-dao-inicio-a-apuracao-de-urnas-das-eleicoes-para-conselheiros-tutelares\/","og_site_name":"SEMASC","article_publisher":"https:\/\/www.facebook.com\/semascmanaus","article_published_time":"2023-10-02T00:25:40+00:00","article_modified_time":"2023-10-02T00:25:42+00:00","og_image":[{"width":1024,"height":683,"url":"https:\/\/www.manaus.am.gov.br\/semasc\/wp-content\/uploads\/sites\/17\/2023\/10\/IMG_5286-1024x683.jpeg","type":"image\/jpeg"}],"author":"csilveira","twitter_card":"summary_large_image","twitter_misc":{"Written by":"csilveira","Est. reading time":"1 minuto"},"schema":{"@context":"https:\/\/schema.org","@graph":[{"@type":"Article","@id":"https:\/\/www.manaus.am.gov.br\/semasc\/prefeitura-de-manaus-e-cmdca-dao-inicio-a-apuracao-de-urnas-das-eleicoes-para-conselheiros-tutelares\/#article","isPartOf":{"@id":"https:\/\/www.manaus.am.gov.br\/semasc\/prefeitura-de-manaus-e-cmdca-dao-inicio-a-apuracao-de-urnas-das-eleicoes-para-conselheiros-tutelares\/"},"author":{"name":"csilveira","@id":"https:\/\/www.manaus.am.gov.br\/semasc\/#\/schema\/person\/bfafc779be2e19b3d3ef4a59d418b606"},"headline":"Prefeitura de Manaus e CMDCA d\u00e3o in\u00edcio \u00e0 apura\u00e7\u00e3o de urnas da elei\u00e7\u00e3o para Conselheiros Tutelares","datePublished":"2023-10-02T00:25:40+00:00","dateModified":"2023-10-02T00:25:42+00:00","mainEntityOfPage":{"@id":"https:\/\/www.manaus.am.gov.br\/semasc\/prefeitura-de-manaus-e-cmdca-dao-inicio-a-apuracao-de-urnas-das-eleicoes-para-conselheiros-tutelares\/"},"wordCount":196,"publisher":{"@id":"https:\/\/www.manaus.am.gov.br\/semasc\/#organization"},"image":{"@id":"https:\/\/www.manaus.am.gov.br\/semasc\/prefeitura-de-manaus-e-cmdca-dao-inicio-a-apuracao-de-urnas-das-eleicoes-para-conselheiros-tutelares\/#primaryimage"},"thumbnailUrl":"https:\/\/www.manaus.am.gov.br\/semasc\/wp-content\/uploads\/sites\/17\/2023\/10\/IMG_5286.jpeg","keywords":["conselheiros tutelares","elei\u00e7\u00e3o","prefeitura de manaus"],"articleSection":["Nota"],"inLanguage":"pt-BR"},{"@type":"WebPage","@id":"https:\/\/www.manaus.am.gov.br\/semasc\/prefeitura-de-manaus-e-cmdca-dao-inicio-a-apuracao-de-urnas-das-eleicoes-para-conselheiros-tutelares\/","url":"https:\/\/www.manaus.am.gov.br\/semasc\/prefeitura-de-manaus-e-cmdca-dao-inicio-a-apuracao-de-urnas-das-eleicoes-para-conselheiros-tutelares\/","name":"Prefeitura de Manaus e CMDCA d\u00e3o in\u00edcio \u00e0 apura\u00e7\u00e3o de urnas da elei\u00e7\u00e3o para Conselheiros Tutelares","isPartOf":{"@id":"https:\/\/www.manaus.am.gov.br\/semasc\/#website"},"primaryImageOfPage":{"@id":"https:\/\/www.manaus.am.gov.br\/semasc\/prefeitura-de-manaus-e-cmdca-dao-inicio-a-apuracao-de-urnas-das-eleicoes-para-conselheiros-tutelares\/#primaryimage"},"image":{"@id":"https:\/\/www.manaus.am.gov.br\/semasc\/prefeitura-de-manaus-e-cmdca-dao-inicio-a-apuracao-de-urnas-das-eleicoes-para-conselheiros-tutelares\/#primaryimage"},"thumbnailUrl":"https:\/\/www.manaus.am.gov.br\/semasc\/wp-content\/uploads\/sites\/17\/2023\/10\/IMG_5286.jpeg","datePublished":"2023-10-02T00:25:40+00:00","dateModified":"2023-10-02T00:25:42+00:00","description":"Ap\u00f3s o fim do hor\u00e1rio de vota\u00e7\u00e3o, \u00e0s 17h, a Prefeitura de Manaus, por meio Secretaria Municipal da Mulher, Assist\u00eancia Social.","breadcrumb":{"@id":"https:\/\/www.manaus.am.gov.br\/semasc\/prefeitura-de-manaus-e-cmdca-dao-inicio-a-apuracao-de-urnas-das-eleicoes-para-conselheiros-tutelares\/#breadcrumb"},"inLanguage":"pt-BR","potentialAction":[{"@type":"ReadAction","target":["https:\/\/www.manaus.am.gov.br\/semasc\/prefeitura-de-manaus-e-cmdca-dao-inicio-a-apuracao-de-urnas-das-eleicoes-para-conselheiros-tutelares\/"]}]},{"@type":"ImageObject","inLanguage":"pt-BR","@id":"https:\/\/www.manaus.am.gov.br\/semasc\/prefeitura-de-manaus-e-cmdca-dao-inicio-a-apuracao-de-urnas-das-eleicoes-para-conselheiros-tutelares\/#primaryimage","url":"https:\/\/www.manaus.am.gov.br\/semasc\/wp-content\/uploads\/sites\/17\/2023\/10\/IMG_5286.jpeg","contentUrl":"https:\/\/www.manaus.am.gov.br\/semasc\/wp-content\/uploads\/sites\/17\/2023\/10\/IMG_5286.jpeg","width":3456,"height":2304},{"@type":"BreadcrumbList","@id":"https:\/\/www.manaus.am.gov.br\/semasc\/prefeitura-de-manaus-e-cmdca-dao-inicio-a-apuracao-de-urnas-das-eleicoes-para-conselheiros-tutelares\/#breadcrumb","itemListElement":[{"@type":"ListItem","position":1,"name":"Home","item":"https:\/\/www.manaus.am.gov.br\/semasc\/"},{"@type":"ListItem","position":2,"name":"Prefeitura de Manaus e CMDCA d\u00e3o in\u00edcio \u00e0 apura\u00e7\u00e3o de urnas da elei\u00e7\u00e3o para Conselheiros Tutelares"}]},{"@type":"WebSite","@id":"https:\/\/www.manaus.am.gov.br\/semasc\/#website","url":"https:\/\/www.manaus.am.gov.br\/semasc\/","name":"SEMASC","description":"Secretaria Municipal da Mulher, Assist\u00eancia Social e Cidadania.","publisher":{"@id":"https:\/\/www.manaus.am.gov.br\/semasc\/#organization"},"alternateName":"Secretaria Municipal da Mulher, Assist\u00eancia Social e Cidadania","potentialAction":[{"@type":"SearchAction","target":{"@type":"EntryPoint","urlTemplate":"https:\/\/www.manaus.am.gov.br\/semasc\/?s={search_term_string}"},"query-input":"required name=search_term_string"}],"inLanguage":"pt-BR"},{"@type":"Organization","@id":"https:\/\/www.manaus.am.gov.br\/semasc\/#organization","name":"Prefeitura de Manaus","alternateName":"Prefeitura Municipal de Manaus","url":"https:\/\/www.manaus.am.gov.br\/semasc\/","logo":{"@type":"ImageObject","inLanguage":"pt-BR","@id":"https:\/\/www.manaus.am.gov.br\/semasc\/#\/schema\/logo\/image\/","url":"https:\/\/www.manaus.am.gov.br\/semasc\/wp-content\/uploads\/sites\/17\/2024\/07\/favicon.png","contentUrl":"https:\/\/www.manaus.am.gov.br\/semasc\/wp-content\/uploads\/sites\/17\/2024\/07\/favicon.png","width":300,"height":300,"caption":"Prefeitura de Manaus"},"image":{"@id":"https:\/\/www.manaus.am.gov.br\/semasc\/#\/schema\/logo\/image\/"},"sameAs":["https:\/\/www.facebook.com\/semascmanaus","https:\/\/www.instagram.com\/semascmanaus\/"]},{"@type":"Person","@id":"https:\/\/www.manaus.am.gov.br\/semasc\/#\/schema\/person\/bfafc779be2e19b3d3ef4a59d418b606","name":"csilveira","image":{"@type":"ImageObject","inLanguage":"pt-BR","@id":"https:\/\/www.manaus.am.gov.br\/semasc\/#\/schema\/person\/image\/","url":"https:\/\/secure.gravatar.com\/avatar\/9c2e2f00138fcd35401c748bd030d3b5?s=96&d=mm&r=g","contentUrl":"https:\/\/secure.gravatar.com\/avatar\/9c2e2f00138fcd35401c748bd030d3b5?s=96&d=mm&r=g","caption":"csilveira"}}]}},"_links":{"self":[{"href":"https:\/\/www.manaus.am.gov.br\/semasc\/wp-json\/wp\/v2\/posts\/208965"}],"collection":[{"href":"https:\/\/www.manaus.am.gov.br\/semasc\/wp-json\/wp\/v2\/posts"}],"about":[{"href":"https:\/\/www.manaus.am.gov.br\/semasc\/wp-json\/wp\/v2\/types\/post"}],"author":[{"embeddable":true,"href":"https:\/\/www.manaus.am.gov.br\/semasc\/wp-json\/wp\/v2\/users\/52"}],"replies":[{"embeddable":true,"href":"https:\/\/www.manaus.am.gov.br\/semasc\/wp-json\/wp\/v2\/comments?post=208965"}],"version-history":[{"count":0,"href":"https:\/\/www.manaus.am.gov.br\/semasc\/wp-json\/wp\/v2\/posts\/208965\/revisions"}],"wp:featuredmedia":[{"embeddable":true,"href":"https:\/\/www.manaus.am.gov.br\/semasc\/wp-json\/wp\/v2\/media\/208966"}],"wp:attachment":[{"href":"https:\/\/www.manaus.am.gov.br\/semasc\/wp-json\/wp\/v2\/media?parent=208965"}],"wp:term":[{"taxonomy":"category","embeddable":true,"href":"https:\/\/www.manaus.am.gov.br\/semasc\/wp-json\/wp\/v2\/categories?post=208965"},{"taxonomy":"post_tag","embeddable":true,"href":"https:\/\/www.manaus.am.gov.br\/semasc\/wp-json\/wp\/v2\/tags?post=208965"}],"curies":[{"name":"wp","href":"https:\/\/api.w.org\/{rel}","templated":true}]}}