{"id":208963,"date":"2023-10-01T12:00:22","date_gmt":"2023-10-01T16:00:22","guid":{"rendered":"https:\/\/www.manaus.am.gov.br\/semasc\/prefeitur-de-manaus-e-cmdca-dao-inicio-a-eleicao-para-conselheiros-tutelares\/"},"modified":"2023-10-01T12:00:24","modified_gmt":"2023-10-01T16:00:24","slug":"prefeitur-de-manaus-e-cmdca-dao-inicio-a-eleicao-para-conselheiros-tutelares","status":"publish","type":"post","link":"https:\/\/www.manaus.am.gov.br\/semasc\/prefeitur-de-manaus-e-cmdca-dao-inicio-a-eleicao-para-conselheiros-tutelares\/","title":{"rendered":"<strong>Prefeitura de Manaus e CMDCA d\u00e3o in\u00edcio \u00e0 elei\u00e7\u00e3o para Conselheiros Tutelares<\/strong>"},"content":{"rendered":"\n<p>A Prefeitura de Manaus, por meio da Secretaria Municipal da Mulher, Assist\u00eancia Social e Cidadania (Semasc), e o Conselho Municipal dos Direitos da Crian\u00e7a e do Adolescente (CMDCA) deram in\u00edcio, na manh\u00e3 deste domingo, 1\u00b0\/10, \u00e0 elei\u00e7\u00e3o para os novos membros do Conselho Tutelar, que atuar\u00e3o na defesa dos direitos de crian\u00e7as e adolescentes da capital amazonense durante o quadri\u00eanio 2024-2027.<\/p>\n\n\n\n<p>Iniciadas \u00e0s 8h, as vota\u00e7\u00f5es seguem at\u00e9 as 17h em mais de 148 escolas p\u00fablicas, tanto na zona urbana quanto na rural, contando com mais de 5 mil servidores envolvidos diretamente no processo eleitoral. Al\u00e9m do apoio t\u00e9cnico e jur\u00eddico oferecido pela Procuradoria-Geral do Munic\u00edpio (PGM), pela Defensoria P\u00fablica do Estado do Amazonas (DPE-AM) e pelo Minist\u00e9rio P\u00fablico do Estado do Amazonas (MP-AM). Ao todo, 121 candidatos concorrem a 50 vagas para conselheiro tutelar titular.<\/p>\n\n\n\n<p>Presidente do CMDCA e subsecret\u00e1ria de Pol\u00edticas Afirmativas para Mulheres e Direitos Humanos, Gra\u00e7a Prola destacou a import\u00e2ncia da participa\u00e7\u00e3o popular e durante o pleito.<\/p>\n\n\n\n<p>&#8220;Em 2019, contamos com apenas 8% dos eleitores habilitados participando da elei\u00e7\u00e3o. Neste ano, queremos mudar esse cen\u00e1rio e garantir que a popula\u00e7\u00e3o participe do processo de escolha daqueles que atuar\u00e3o na linha de frente do atendimento \u00e0s den\u00fancias de viola\u00e7\u00f5es de direitos humanos de crian\u00e7as e adolescentes e garantindo seu acesso a servi\u00e7os essenciais para sua cidadania&#8221;, afirmou.<\/p>\n\n\n\n<p>Para a coordenadora das promotorias da Inf\u00e2ncia e da Juventude do MP-AM, que, al\u00e9m de prestar apoio, tamb\u00e9m participa do processo eleitoral como \u00f3rg\u00e3o de fiscaliza\u00e7\u00e3o das elei\u00e7\u00f5es para conselheiro tutelar em todo o estado, o trabalho conjunto ao longo do dia \u00e9 fundamental para a seguran\u00e7a da vota\u00e7\u00e3o e, \u00e9 claro, para as pol\u00edticas p\u00fablicas de prote\u00e7\u00e3o social voltada para crian\u00e7as e adolescentes no Amazonas.<\/p>\n\n\n\n<p>\u201cO conselheiro tutelar \u00e9 o bra\u00e7o direito do Minist\u00e9rio P\u00fablico, nesta fun\u00e7\u00e3o de proteger os direitos de crian\u00e7as e adolescentes. Ent\u00e3o, \u00e9 muito importante essa fiscaliza\u00e7\u00e3o de forma atenciosa e efetiva, realizada n\u00e3o apenas no dia de hoje, mas em todas as etapas do processo eleitoral desde janeiro. \u00c9 um dia muito importante para a sociedade amazonense&#8221;, explicou.<\/p>\n\n\n\n<p>Todos os cidad\u00e3os maiores de 16 anos e que possuam o t\u00edtulo de eleitor podem votar. Informa\u00e7\u00f5es importantes como o nome e o n\u00famero de candidatos, locais de vota\u00e7\u00e3o e apura\u00e7\u00e3o dos boletins de urna em tempo real (ap\u00f3s o encerramento da elei\u00e7\u00e3o, \u00e0s 17h) podem ser conferidos atrav\u00e9s do portal da transpar\u00eancia eleicoes2023.manaus.am.gov.br.<\/p>\n\n\n\n<p><strong>Atua\u00e7\u00e3o dos conselheiros tutelares<\/strong><\/p>\n\n\n\n<p>Institu\u00eddos pelo Estatuto da Crian\u00e7a e do Adolescente (ECA), os Conselhos Tutelares atuam em parceria com escolas, organiza\u00e7\u00f5es da sociedade civil, \u00f3rg\u00e3os p\u00fablicos e a Justi\u00e7a. Sua fun\u00e7\u00e3o n\u00e3o \u00e9 punitiva, mas, sim, de mediar e buscar solu\u00e7\u00f5es para os conflitos, sempre visando o melhor interesse da crian\u00e7a ou adolescente envolvido.<\/p>\n\n\n\n<p>O munic\u00edpio de Manaus conta, atualmente, com dez Conselhos Tutelares espalhados por todas as zonas da cidade, cada um com cinco conselheiros titulares.<\/p>\n\n\n\n<p>&#8212;&#8211;<\/p>\n\n\n\n<p><strong>Texto &#8211;<\/strong> Guilherme Pacheco \/ Semasc<\/p>\n\n\n\n<p><strong>Fotos &#8211;<\/strong> Diego Lima \/ Semasc<\/p>\n","protected":false},"excerpt":{"rendered":"","protected":false},"author":52,"featured_media":208964,"comment_status":"closed","ping_status":"closed","sticky":false,"template":"","format":"standard","meta":{"footnotes":""},"categories":[353],"tags":[463,111,464,7],"acf":[],"yoast_head":"<!-- This site is optimized with the Yoast SEO plugin v23.0 - https:\/\/yoast.com\/wordpress\/plugins\/seo\/ -->\n<title>Prefeitura de Manaus e CMDCA d\u00e3o in\u00edcio \u00e0 elei\u00e7\u00e3o para Conselheiros Tutelares<\/title>\n<meta name=\"description\" content=\"A Prefeitura de Manaus, por meio da Secretaria Municipal da Mulher, Assist\u00eancia Social e Cidadania (Semasc), e o Conselho.\" \/>\n<meta name=\"robots\" content=\"noindex, follow\" \/>\n<meta property=\"og:locale\" content=\"pt_BR\" \/>\n<meta property=\"og:type\" content=\"article\" \/>\n<meta property=\"og:title\" content=\"Prefeitura de Manaus e CMDCA d\u00e3o in\u00edcio \u00e0 elei\u00e7\u00e3o para Conselheiros Tutelares\" \/>\n<meta property=\"og:description\" content=\"A Prefeitura de Manaus, por meio da Secretaria Municipal da Mulher, Assist\u00eancia Social e Cidadania (Semasc), e o Conselho.\" \/>\n<meta property=\"og:url\" content=\"https:\/\/www.manaus.am.gov.br\/semasc\/prefeitur-de-manaus-e-cmdca-dao-inicio-a-eleicao-para-conselheiros-tutelares\/\" \/>\n<meta property=\"og:site_name\" content=\"SEMASC\" \/>\n<meta property=\"article:publisher\" content=\"https:\/\/www.facebook.com\/semascmanaus\" \/>\n<meta property=\"article:published_time\" content=\"2023-10-01T16:00:22+00:00\" \/>\n<meta property=\"article:modified_time\" content=\"2023-10-01T16:00:24+00:00\" \/>\n<meta property=\"og:image\" content=\"https:\/\/www.manaus.am.gov.br\/semasc\/wp-content\/uploads\/sites\/17\/2023\/10\/Eleicao_Conselho-Tutelar-1024x683.jpeg\" \/>\n\t<meta property=\"og:image:width\" content=\"1024\" \/>\n\t<meta property=\"og:image:height\" content=\"683\" \/>\n\t<meta property=\"og:image:type\" content=\"image\/jpeg\" \/>\n<meta name=\"author\" content=\"csilveira\" \/>\n<meta name=\"twitter:card\" content=\"summary_large_image\" \/>\n<meta name=\"twitter:label1\" content=\"Written by\" \/>\n\t<meta name=\"twitter:data1\" content=\"csilveira\" \/>\n\t<meta name=\"twitter:label2\" content=\"Est. reading time\" \/>\n\t<meta name=\"twitter:data2\" content=\"3 minutos\" \/>\n<script type=\"application\/ld+json\" class=\"yoast-schema-graph\">{\"@context\":\"https:\/\/schema.org\",\"@graph\":[{\"@type\":\"Article\",\"@id\":\"https:\/\/www.manaus.am.gov.br\/semasc\/prefeitur-de-manaus-e-cmdca-dao-inicio-a-eleicao-para-conselheiros-tutelares\/#article\",\"isPartOf\":{\"@id\":\"https:\/\/www.manaus.am.gov.br\/semasc\/prefeitur-de-manaus-e-cmdca-dao-inicio-a-eleicao-para-conselheiros-tutelares\/\"},\"author\":{\"name\":\"csilveira\",\"@id\":\"https:\/\/www.manaus.am.gov.br\/semasc\/#\/schema\/person\/bfafc779be2e19b3d3ef4a59d418b606\"},\"headline\":\"Prefeitura de Manaus e CMDCA d\u00e3o in\u00edcio \u00e0 elei\u00e7\u00e3o para Conselheiros Tutelares\",\"datePublished\":\"2023-10-01T16:00:22+00:00\",\"dateModified\":\"2023-10-01T16:00:24+00:00\",\"mainEntityOfPage\":{\"@id\":\"https:\/\/www.manaus.am.gov.br\/semasc\/prefeitur-de-manaus-e-cmdca-dao-inicio-a-eleicao-para-conselheiros-tutelares\/\"},\"wordCount\":561,\"publisher\":{\"@id\":\"https:\/\/www.manaus.am.gov.br\/semasc\/#organization\"},\"image\":{\"@id\":\"https:\/\/www.manaus.am.gov.br\/semasc\/prefeitur-de-manaus-e-cmdca-dao-inicio-a-eleicao-para-conselheiros-tutelares\/#primaryimage\"},\"thumbnailUrl\":\"https:\/\/www.manaus.am.gov.br\/semasc\/wp-content\/uploads\/sites\/17\/2023\/10\/Eleicao_Conselho-Tutelar.jpeg\",\"keywords\":[\"crian\u00e7as e adolescentes\",\"elei\u00e7\u00e3o\",\"garantia de direitos\",\"prefeitura de manaus\"],\"articleSection\":[\"Elei\u00e7\u00e3o\"],\"inLanguage\":\"pt-BR\"},{\"@type\":\"WebPage\",\"@id\":\"https:\/\/www.manaus.am.gov.br\/semasc\/prefeitur-de-manaus-e-cmdca-dao-inicio-a-eleicao-para-conselheiros-tutelares\/\",\"url\":\"https:\/\/www.manaus.am.gov.br\/semasc\/prefeitur-de-manaus-e-cmdca-dao-inicio-a-eleicao-para-conselheiros-tutelares\/\",\"name\":\"Prefeitura de Manaus e CMDCA d\u00e3o in\u00edcio \u00e0 elei\u00e7\u00e3o para Conselheiros Tutelares\",\"isPartOf\":{\"@id\":\"https:\/\/www.manaus.am.gov.br\/semasc\/#website\"},\"primaryImageOfPage\":{\"@id\":\"https:\/\/www.manaus.am.gov.br\/semasc\/prefeitur-de-manaus-e-cmdca-dao-inicio-a-eleicao-para-conselheiros-tutelares\/#primaryimage\"},\"image\":{\"@id\":\"https:\/\/www.manaus.am.gov.br\/semasc\/prefeitur-de-manaus-e-cmdca-dao-inicio-a-eleicao-para-conselheiros-tutelares\/#primaryimage\"},\"thumbnailUrl\":\"https:\/\/www.manaus.am.gov.br\/semasc\/wp-content\/uploads\/sites\/17\/2023\/10\/Eleicao_Conselho-Tutelar.jpeg\",\"datePublished\":\"2023-10-01T16:00:22+00:00\",\"dateModified\":\"2023-10-01T16:00:24+00:00\",\"description\":\"A Prefeitura de Manaus, por meio da Secretaria Municipal da Mulher, Assist\u00eancia Social e Cidadania (Semasc), e o Conselho.\",\"breadcrumb\":{\"@id\":\"https:\/\/www.manaus.am.gov.br\/semasc\/prefeitur-de-manaus-e-cmdca-dao-inicio-a-eleicao-para-conselheiros-tutelares\/#breadcrumb\"},\"inLanguage\":\"pt-BR\",\"potentialAction\":[{\"@type\":\"ReadAction\",\"target\":[\"https:\/\/www.manaus.am.gov.br\/semasc\/prefeitur-de-manaus-e-cmdca-dao-inicio-a-eleicao-para-conselheiros-tutelares\/\"]}]},{\"@type\":\"ImageObject\",\"inLanguage\":\"pt-BR\",\"@id\":\"https:\/\/www.manaus.am.gov.br\/semasc\/prefeitur-de-manaus-e-cmdca-dao-inicio-a-eleicao-para-conselheiros-tutelares\/#primaryimage\",\"url\":\"https:\/\/www.manaus.am.gov.br\/semasc\/wp-content\/uploads\/sites\/17\/2023\/10\/Eleicao_Conselho-Tutelar.jpeg\",\"contentUrl\":\"https:\/\/www.manaus.am.gov.br\/semasc\/wp-content\/uploads\/sites\/17\/2023\/10\/Eleicao_Conselho-Tutelar.jpeg\",\"width\":3456,\"height\":2304},{\"@type\":\"BreadcrumbList\",\"@id\":\"https:\/\/www.manaus.am.gov.br\/semasc\/prefeitur-de-manaus-e-cmdca-dao-inicio-a-eleicao-para-conselheiros-tutelares\/#breadcrumb\",\"itemListElement\":[{\"@type\":\"ListItem\",\"position\":1,\"name\":\"Home\",\"item\":\"https:\/\/www.manaus.am.gov.br\/semasc\/\"},{\"@type\":\"ListItem\",\"position\":2,\"name\":\"Prefeitura de Manaus e CMDCA d\u00e3o in\u00edcio \u00e0 elei\u00e7\u00e3o para Conselheiros Tutelares\"}]},{\"@type\":\"WebSite\",\"@id\":\"https:\/\/www.manaus.am.gov.br\/semasc\/#website\",\"url\":\"https:\/\/www.manaus.am.gov.br\/semasc\/\",\"name\":\"SEMASC\",\"description\":\"Secretaria Municipal da Mulher, Assist\u00eancia Social e Cidadania.\",\"publisher\":{\"@id\":\"https:\/\/www.manaus.am.gov.br\/semasc\/#organization\"},\"alternateName\":\"Secretaria Municipal da Mulher, Assist\u00eancia Social e Cidadania\",\"potentialAction\":[{\"@type\":\"SearchAction\",\"target\":{\"@type\":\"EntryPoint\",\"urlTemplate\":\"https:\/\/www.manaus.am.gov.br\/semasc\/?s={search_term_string}\"},\"query-input\":\"required name=search_term_string\"}],\"inLanguage\":\"pt-BR\"},{\"@type\":\"Organization\",\"@id\":\"https:\/\/www.manaus.am.gov.br\/semasc\/#organization\",\"name\":\"Prefeitura de Manaus\",\"alternateName\":\"Prefeitura Municipal de Manaus\",\"url\":\"https:\/\/www.manaus.am.gov.br\/semasc\/\",\"logo\":{\"@type\":\"ImageObject\",\"inLanguage\":\"pt-BR\",\"@id\":\"https:\/\/www.manaus.am.gov.br\/semasc\/#\/schema\/logo\/image\/\",\"url\":\"https:\/\/www.manaus.am.gov.br\/semasc\/wp-content\/uploads\/sites\/17\/2024\/07\/favicon.png\",\"contentUrl\":\"https:\/\/www.manaus.am.gov.br\/semasc\/wp-content\/uploads\/sites\/17\/2024\/07\/favicon.png\",\"width\":300,\"height\":300,\"caption\":\"Prefeitura de Manaus\"},\"image\":{\"@id\":\"https:\/\/www.manaus.am.gov.br\/semasc\/#\/schema\/logo\/image\/\"},\"sameAs\":[\"https:\/\/www.facebook.com\/semascmanaus\",\"https:\/\/www.instagram.com\/semascmanaus\/\"]},{\"@type\":\"Person\",\"@id\":\"https:\/\/www.manaus.am.gov.br\/semasc\/#\/schema\/person\/bfafc779be2e19b3d3ef4a59d418b606\",\"name\":\"csilveira\",\"image\":{\"@type\":\"ImageObject\",\"inLanguage\":\"pt-BR\",\"@id\":\"https:\/\/www.manaus.am.gov.br\/semasc\/#\/schema\/person\/image\/\",\"url\":\"https:\/\/secure.gravatar.com\/avatar\/9c2e2f00138fcd35401c748bd030d3b5?s=96&d=mm&r=g\",\"contentUrl\":\"https:\/\/secure.gravatar.com\/avatar\/9c2e2f00138fcd35401c748bd030d3b5?s=96&d=mm&r=g\",\"caption\":\"csilveira\"}}]}<\/script>\n<!-- \/ Yoast SEO plugin. -->","yoast_head_json":{"title":"Prefeitura de Manaus e CMDCA d\u00e3o in\u00edcio \u00e0 elei\u00e7\u00e3o para Conselheiros Tutelares","description":"A Prefeitura de Manaus, por meio da Secretaria Municipal da Mulher, Assist\u00eancia Social e Cidadania (Semasc), e o Conselho.","robots":{"index":"noindex","follow":"follow"},"og_locale":"pt_BR","og_type":"article","og_title":"Prefeitura de Manaus e CMDCA d\u00e3o in\u00edcio \u00e0 elei\u00e7\u00e3o para Conselheiros Tutelares","og_description":"A Prefeitura de Manaus, por meio da Secretaria Municipal da Mulher, Assist\u00eancia Social e Cidadania (Semasc), e o Conselho.","og_url":"https:\/\/www.manaus.am.gov.br\/semasc\/prefeitur-de-manaus-e-cmdca-dao-inicio-a-eleicao-para-conselheiros-tutelares\/","og_site_name":"SEMASC","article_publisher":"https:\/\/www.facebook.com\/semascmanaus","article_published_time":"2023-10-01T16:00:22+00:00","article_modified_time":"2023-10-01T16:00:24+00:00","og_image":[{"width":1024,"height":683,"url":"https:\/\/www.manaus.am.gov.br\/semasc\/wp-content\/uploads\/sites\/17\/2023\/10\/Eleicao_Conselho-Tutelar-1024x683.jpeg","type":"image\/jpeg"}],"author":"csilveira","twitter_card":"summary_large_image","twitter_misc":{"Written by":"csilveira","Est. reading time":"3 minutos"},"schema":{"@context":"https:\/\/schema.org","@graph":[{"@type":"Article","@id":"https:\/\/www.manaus.am.gov.br\/semasc\/prefeitur-de-manaus-e-cmdca-dao-inicio-a-eleicao-para-conselheiros-tutelares\/#article","isPartOf":{"@id":"https:\/\/www.manaus.am.gov.br\/semasc\/prefeitur-de-manaus-e-cmdca-dao-inicio-a-eleicao-para-conselheiros-tutelares\/"},"author":{"name":"csilveira","@id":"https:\/\/www.manaus.am.gov.br\/semasc\/#\/schema\/person\/bfafc779be2e19b3d3ef4a59d418b606"},"headline":"Prefeitura de Manaus e CMDCA d\u00e3o in\u00edcio \u00e0 elei\u00e7\u00e3o para Conselheiros Tutelares","datePublished":"2023-10-01T16:00:22+00:00","dateModified":"2023-10-01T16:00:24+00:00","mainEntityOfPage":{"@id":"https:\/\/www.manaus.am.gov.br\/semasc\/prefeitur-de-manaus-e-cmdca-dao-inicio-a-eleicao-para-conselheiros-tutelares\/"},"wordCount":561,"publisher":{"@id":"https:\/\/www.manaus.am.gov.br\/semasc\/#organization"},"image":{"@id":"https:\/\/www.manaus.am.gov.br\/semasc\/prefeitur-de-manaus-e-cmdca-dao-inicio-a-eleicao-para-conselheiros-tutelares\/#primaryimage"},"thumbnailUrl":"https:\/\/www.manaus.am.gov.br\/semasc\/wp-content\/uploads\/sites\/17\/2023\/10\/Eleicao_Conselho-Tutelar.jpeg","keywords":["crian\u00e7as e adolescentes","elei\u00e7\u00e3o","garantia de direitos","prefeitura de manaus"],"articleSection":["Elei\u00e7\u00e3o"],"inLanguage":"pt-BR"},{"@type":"WebPage","@id":"https:\/\/www.manaus.am.gov.br\/semasc\/prefeitur-de-manaus-e-cmdca-dao-inicio-a-eleicao-para-conselheiros-tutelares\/","url":"https:\/\/www.manaus.am.gov.br\/semasc\/prefeitur-de-manaus-e-cmdca-dao-inicio-a-eleicao-para-conselheiros-tutelares\/","name":"Prefeitura de Manaus e CMDCA d\u00e3o in\u00edcio \u00e0 elei\u00e7\u00e3o para Conselheiros Tutelares","isPartOf":{"@id":"https:\/\/www.manaus.am.gov.br\/semasc\/#website"},"primaryImageOfPage":{"@id":"https:\/\/www.manaus.am.gov.br\/semasc\/prefeitur-de-manaus-e-cmdca-dao-inicio-a-eleicao-para-conselheiros-tutelares\/#primaryimage"},"image":{"@id":"https:\/\/www.manaus.am.gov.br\/semasc\/prefeitur-de-manaus-e-cmdca-dao-inicio-a-eleicao-para-conselheiros-tutelares\/#primaryimage"},"thumbnailUrl":"https:\/\/www.manaus.am.gov.br\/semasc\/wp-content\/uploads\/sites\/17\/2023\/10\/Eleicao_Conselho-Tutelar.jpeg","datePublished":"2023-10-01T16:00:22+00:00","dateModified":"2023-10-01T16:00:24+00:00","description":"A Prefeitura de Manaus, por meio da Secretaria Municipal da Mulher, Assist\u00eancia Social e Cidadania (Semasc), e o Conselho.","breadcrumb":{"@id":"https:\/\/www.manaus.am.gov.br\/semasc\/prefeitur-de-manaus-e-cmdca-dao-inicio-a-eleicao-para-conselheiros-tutelares\/#breadcrumb"},"inLanguage":"pt-BR","potentialAction":[{"@type":"ReadAction","target":["https:\/\/www.manaus.am.gov.br\/semasc\/prefeitur-de-manaus-e-cmdca-dao-inicio-a-eleicao-para-conselheiros-tutelares\/"]}]},{"@type":"ImageObject","inLanguage":"pt-BR","@id":"https:\/\/www.manaus.am.gov.br\/semasc\/prefeitur-de-manaus-e-cmdca-dao-inicio-a-eleicao-para-conselheiros-tutelares\/#primaryimage","url":"https:\/\/www.manaus.am.gov.br\/semasc\/wp-content\/uploads\/sites\/17\/2023\/10\/Eleicao_Conselho-Tutelar.jpeg","contentUrl":"https:\/\/www.manaus.am.gov.br\/semasc\/wp-content\/uploads\/sites\/17\/2023\/10\/Eleicao_Conselho-Tutelar.jpeg","width":3456,"height":2304},{"@type":"BreadcrumbList","@id":"https:\/\/www.manaus.am.gov.br\/semasc\/prefeitur-de-manaus-e-cmdca-dao-inicio-a-eleicao-para-conselheiros-tutelares\/#breadcrumb","itemListElement":[{"@type":"ListItem","position":1,"name":"Home","item":"https:\/\/www.manaus.am.gov.br\/semasc\/"},{"@type":"ListItem","position":2,"name":"Prefeitura de Manaus e CMDCA d\u00e3o in\u00edcio \u00e0 elei\u00e7\u00e3o para Conselheiros Tutelares"}]},{"@type":"WebSite","@id":"https:\/\/www.manaus.am.gov.br\/semasc\/#website","url":"https:\/\/www.manaus.am.gov.br\/semasc\/","name":"SEMASC","description":"Secretaria Municipal da Mulher, Assist\u00eancia Social e Cidadania.","publisher":{"@id":"https:\/\/www.manaus.am.gov.br\/semasc\/#organization"},"alternateName":"Secretaria Municipal da Mulher, Assist\u00eancia Social e Cidadania","potentialAction":[{"@type":"SearchAction","target":{"@type":"EntryPoint","urlTemplate":"https:\/\/www.manaus.am.gov.br\/semasc\/?s={search_term_string}"},"query-input":"required name=search_term_string"}],"inLanguage":"pt-BR"},{"@type":"Organization","@id":"https:\/\/www.manaus.am.gov.br\/semasc\/#organization","name":"Prefeitura de Manaus","alternateName":"Prefeitura Municipal de Manaus","url":"https:\/\/www.manaus.am.gov.br\/semasc\/","logo":{"@type":"ImageObject","inLanguage":"pt-BR","@id":"https:\/\/www.manaus.am.gov.br\/semasc\/#\/schema\/logo\/image\/","url":"https:\/\/www.manaus.am.gov.br\/semasc\/wp-content\/uploads\/sites\/17\/2024\/07\/favicon.png","contentUrl":"https:\/\/www.manaus.am.gov.br\/semasc\/wp-content\/uploads\/sites\/17\/2024\/07\/favicon.png","width":300,"height":300,"caption":"Prefeitura de Manaus"},"image":{"@id":"https:\/\/www.manaus.am.gov.br\/semasc\/#\/schema\/logo\/image\/"},"sameAs":["https:\/\/www.facebook.com\/semascmanaus","https:\/\/www.instagram.com\/semascmanaus\/"]},{"@type":"Person","@id":"https:\/\/www.manaus.am.gov.br\/semasc\/#\/schema\/person\/bfafc779be2e19b3d3ef4a59d418b606","name":"csilveira","image":{"@type":"ImageObject","inLanguage":"pt-BR","@id":"https:\/\/www.manaus.am.gov.br\/semasc\/#\/schema\/person\/image\/","url":"https:\/\/secure.gravatar.com\/avatar\/9c2e2f00138fcd35401c748bd030d3b5?s=96&d=mm&r=g","contentUrl":"https:\/\/secure.gravatar.com\/avatar\/9c2e2f00138fcd35401c748bd030d3b5?s=96&d=mm&r=g","caption":"csilveira"}}]}},"_links":{"self":[{"href":"https:\/\/www.manaus.am.gov.br\/semasc\/wp-json\/wp\/v2\/posts\/208963"}],"collection":[{"href":"https:\/\/www.manaus.am.gov.br\/semasc\/wp-json\/wp\/v2\/posts"}],"about":[{"href":"https:\/\/www.manaus.am.gov.br\/semasc\/wp-json\/wp\/v2\/types\/post"}],"author":[{"embeddable":true,"href":"https:\/\/www.manaus.am.gov.br\/semasc\/wp-json\/wp\/v2\/users\/52"}],"replies":[{"embeddable":true,"href":"https:\/\/www.manaus.am.gov.br\/semasc\/wp-json\/wp\/v2\/comments?post=208963"}],"version-history":[{"count":0,"href":"https:\/\/www.manaus.am.gov.br\/semasc\/wp-json\/wp\/v2\/posts\/208963\/revisions"}],"wp:featuredmedia":[{"embeddable":true,"href":"https:\/\/www.manaus.am.gov.br\/semasc\/wp-json\/wp\/v2\/media\/208964"}],"wp:attachment":[{"href":"https:\/\/www.manaus.am.gov.br\/semasc\/wp-json\/wp\/v2\/media?parent=208963"}],"wp:term":[{"taxonomy":"category","embeddable":true,"href":"https:\/\/www.manaus.am.gov.br\/semasc\/wp-json\/wp\/v2\/categories?post=208963"},{"taxonomy":"post_tag","embeddable":true,"href":"https:\/\/www.manaus.am.gov.br\/semasc\/wp-json\/wp\/v2\/tags?post=208963"}],"curies":[{"name":"wp","href":"https:\/\/api.w.org\/{rel}","templated":true}]}}