{"id":208959,"date":"2023-09-30T13:58:01","date_gmt":"2023-09-30T17:58:01","guid":{"rendered":"https:\/\/www.manaus.am.gov.br\/semasc\/servicos-socioassistenciais-gestao-cidada\/"},"modified":"2023-09-30T13:58:01","modified_gmt":"2023-09-30T17:58:01","slug":"servicos-socioassistenciais-gestao-cidada","status":"publish","type":"post","link":"https:\/\/www.manaus.am.gov.br\/semasc\/servicos-socioassistenciais-gestao-cidada\/","title":{"rendered":"<strong>Servi\u00e7os socioassistenciais ofertados \u00e0 popula\u00e7\u00e3o s\u00e3o ampliados em gest\u00e3o cidad\u00e3 da Prefeitura de Manaus<\/strong>"},"content":{"rendered":"\n<p>Ao tomar posse como prefeito de Manaus, em janeiro de 2021, David Almeida se comprometeu em fazer da capital amazonense uma cidade de todos. Assim, deu in\u00edcio a um intenso trabalho de amplia\u00e7\u00e3o e qualifica\u00e7\u00e3o dos servi\u00e7os socioassistenciais ofertados \u00e0 popula\u00e7\u00e3o em situa\u00e7\u00e3o de vulnerabilidade social, por meio da Secretaria Municipal da Mulher, Assist\u00eancia Social e Cidadania (Semasc), com um total de 75.583 atendimentos nesses 1.000 dias de gest\u00e3o.<\/p>\n\n\n\n<p>A Prefeitura de Manaus promoveu incont\u00e1veis a\u00e7\u00f5es sociais de grande porte, realizou reformas estruturais h\u00e1 muito esperadas e, de uma forma nunca antes vista na hist\u00f3ria da gest\u00e3o municipal, integrou os trabalhos, servi\u00e7os e a\u00e7\u00f5es ofertados pelos demais \u00f3rg\u00e3os, garantindo \u00e0 popula\u00e7\u00e3o vulner\u00e1vel \u00e0 aten\u00e7\u00e3o e o acolhimento necess\u00e1rios. Alguns destaques s\u00e3o o Manaus Mais Cidad\u00e3, a\u00e7\u00f5es voltadas \u00e0 seguran\u00e7a alimentar, cria\u00e7\u00e3o de novos comit\u00eas municipais, valoriza\u00e7\u00e3o de conselheiros tutelares, al\u00e9m do novo Aux\u00edlio-Aluguel.<\/p>\n\n\n\n<p><strong>Servi\u00e7os de cara nova<\/strong><\/p>\n\n\n\n<p>Durante o primeiro \u201cAgosto Lil\u00e1s\u201d da gest\u00e3o, em agosto de 2021, a Prefeitura de Manaus realizou o lan\u00e7amento da campanha alusiva ao combate \u00e0 viol\u00eancia contra a mulher, no Centro de Refer\u00eancia de Assist\u00eancia Social (Cras) Cidade Nova, na zona Norte, oferecendo uma s\u00e9rie de servi\u00e7os gratuitos de beleza a usu\u00e1rias e servidoras do local. Como novidade, foi durante esta ocasi\u00e3o em que a Unidade M\u00f3vel de Atendimento \u00e0 Mulher foi apresentada ao p\u00fablico pela primeira vez.<\/p>\n\n\n\n<p>Administrada pelo Centro de Refer\u00eancia dos Direitos da Mulher (CRDM), equipamento da Semasc respons\u00e1vel pelo acompanhamento psicossocial e jur\u00eddico de mulheres que se encontram em situa\u00e7\u00e3o de risco social, a Unidade M\u00f3vel de Atendimento \u00e0 Mulher busca ofertar, de forma itinerante, um atendimento multidisciplinar composto por profissionais das \u00e1reas de servi\u00e7o social, psicologia e direito a comunidades de dif\u00edcil acesso na capital. Proporcionando, assim, atendimentos que antes seriam invi\u00e1veis a milhares de mulheres.<\/p>\n\n\n\n<p>Desde a sua implementa\u00e7\u00e3o total, de novembro de 2021 at\u00e9 agosto deste ano, a Unidade M\u00f3vel de Atendimento \u00e0 Mulher j\u00e1 realizou 3.723 atendimentos.<\/p>\n\n\n\n<p>Ainda em agosto, no dia 9\/8, a gest\u00e3o municipal concluiu a revitaliza\u00e7\u00e3o e reinaugurou o Posto de Atendimento ao Cidad\u00e3o (PAC) da galeria popular Esp\u00edrito Santo, no centro de Manaus, entregando \u00e0 popula\u00e7\u00e3o um espa\u00e7o confort\u00e1vel e digno.<\/p>\n\n\n\n<p>Com a reforma, moradores do Centro e bairros adjacentes passaram a ter o acesso facilitado a servi\u00e7os oferecidos por diversas secretarias municipais, como a pr\u00f3pria Semasc, com emiss\u00e3o de segunda via do RG e de Certid\u00e3o de Nascimento, al\u00e9m de realizar o Cadastro \u00danico; a Secretaria Municipal do Trabalho, Empreendedorismo e Inova\u00e7\u00e3o (Semtepi) atua com encaminhamento para vaga de emprego, cadastro e orienta\u00e7\u00e3o para seguro-desemprego, por meio do Sine Manaus. H\u00e1, ainda, atendimento das concession\u00e1rias \u00c1guas de Manaus e da Amazonas Energia.<\/p>\n\n\n\n<p>\u201cEste PAC \u00e9 mais pr\u00f3ximo da minha casa, ent\u00e3o ficou bom, pois n\u00e3o tenho que ir para muito longe e j\u00e1 estou pensando em retornar aqui amanh\u00e3 para ver novas vagas de primeiro emprego\u201d, contou Rebeca Lima, moradora do bairro Crespo, na zona Sul, durante a cerim\u00f4nia de reinaugura\u00e7\u00e3o.<\/p>\n\n\n\n<p>Em novembro daquele ano, foi a vez do PAC do shopping Jornalista Phelippe Daou passar pelo mesmo processo de revitaliza\u00e7\u00e3o.<\/p>\n\n\n\n<figure class=\"wp-block-image size-full\"><img loading=\"lazy\" decoding=\"async\" width=\"799\" height=\"533\" src=\"https:\/\/www.manaus.am.gov.br\/semasc\/wp-content\/uploads\/sites\/17\/2023\/09\/a9e52ffb-d0ff-4e01-bbcd-9e9a87834524.jpg\" alt=\"\" class=\"wp-image-208960\" srcset=\"https:\/\/www.manaus.am.gov.br\/semasc\/wp-content\/uploads\/sites\/17\/2023\/09\/a9e52ffb-d0ff-4e01-bbcd-9e9a87834524.jpg 799w, https:\/\/www.manaus.am.gov.br\/semasc\/wp-content\/uploads\/sites\/17\/2023\/09\/a9e52ffb-d0ff-4e01-bbcd-9e9a87834524-300x200.jpg 300w, https:\/\/www.manaus.am.gov.br\/semasc\/wp-content\/uploads\/sites\/17\/2023\/09\/a9e52ffb-d0ff-4e01-bbcd-9e9a87834524-768x512.jpg 768w\" sizes=\"(max-width: 799px) 100vw, 799px\" \/><\/figure>\n\n\n\n<p><strong>Novo Aux\u00edlio-Aluguel<\/strong><\/p>\n\n\n\n<p>O Aux\u00edlio-Aluguel atualmente beneficia 1.546 fam\u00edlias manauaras, e em 27 de abril de 2022, a Prefeitura de Manaus dava in\u00edcio a j\u00e1 conhecida \u201cOpera\u00e7\u00e3o Cheia\u201d, com o objetivo de minimizar o preju\u00edzo material e socioecon\u00f4mico causado pela anual cheia do rio Negro e que, naquele ano, estimava-se afetar mais de 4 mil fam\u00edlias de 19 bairros da capital.<\/p>\n\n\n\n<p>Entre as diversas medidas destacadas, como a antecipa\u00e7\u00e3o de servi\u00e7os preventivos em \u00e1reas de risco j\u00e1 mapeadas, o prefeito David Almeida ainda pontuou a import\u00e2ncia do aumento no valor do benef\u00edcio \u201cAux\u00edlio-Aluguel\u201d, concedido em casos de desastres ambientais e sinistros a fam\u00edlias em estado de vulnerabilidade social que se veem for\u00e7adas a deixar seus lares, de R$ 300 para R$ 600, aprovado e implementado em janeiro do mesmo ano.<\/p>\n\n\n\n<p>\u201cDobramos o valor pago pelo Aux\u00edlio-Aluguel, pois t\u00ednhamos dificuldade em convencer as fam\u00edlias a deixarem suas resid\u00eancias, mesmo estando em risco, pois o valor era muito baixo. Em menos de um ano de gest\u00e3o, conseguimos esse avan\u00e7o e ainda ampliamos para quem precisa de ajuda para realizar alguma reforma\u201d, destacou o prefeito, \u00e0 \u00e9poca.<\/p>\n\n\n\n<p>A import\u00e2ncia do novo valor do aux\u00edlio e do trabalho integrado de todas as \u00e1reas da gest\u00e3o p\u00fablica municipal seriam novamente reiterados 11 meses depois, quando em mar\u00e7o de 2023, mais de 80 fam\u00edlias tiveram suas casas destru\u00eddas por um deslizamento de terra ocorrido no bairro Jorge Teixeira.<\/p>\n\n\n\n<p>Al\u00e9m de inscrever todas as fam\u00edlias afetadas para o recebimento do Aux\u00edlio-Aluguel, a Prefeitura de Manaus, contando com o apoio de parceiros do Estado e da sociedade civil, mobilizou-se de forma hist\u00f3rica para arrecadar e garantir a entrega de m\u00f3veis, eletrodom\u00e9sticos, itens de higiene pessoal, roupas e outros itens de necessidade, a todas as fam\u00edlias.<\/p>\n\n\n\n<p><strong>Valoriza\u00e7\u00e3o de conselheiros tutelares<\/strong><\/p>\n\n\n\n<p>E o ano de 2022 tamb\u00e9m foi um ano hist\u00f3rico para os conselheiros tutelares da capital, quando, no dia 3\/8, a C\u00e2mara Municipal de Manaus (CMM) aprovou por unanimidade a mensagem enviada pelo prefeito David Almeida que solicitava o reajuste do sal\u00e1rio recebido pelos conselheiros, que se encontrava congelado havia 14 anos.<\/p>\n\n\n\n<p>Com o reajuste aprovado, o sal\u00e1rio-base dos conselheiros tutelares passou a ser de R$ 4.003,04, um aumento de 107% em rela\u00e7\u00e3o aos antigos R$ 1.933 mensais. \u201c\u00c9 um reconhecimento ao trabalho que eles desenvolvem\u201d, enfatizou o prefeito.<\/p>\n\n\n\n<p><strong>Novos comit\u00eas municipais<\/strong><\/p>\n\n\n\n<p>Na \u00e1rea da assist\u00eancia social, houve tamb\u00e9m a instala\u00e7\u00e3o de novos comit\u00eas municipais para atuar na avalia\u00e7\u00e3o e elabora\u00e7\u00e3o de pol\u00edticas p\u00fablicas.<\/p>\n\n\n\n<p>Em 23\/8\/2022, foi realizada a cerim\u00f4nia de posse dos membros do rec\u00e9m-instalado Comit\u00ea Intersetorial de Monitoramento da Pol\u00edtica Municipal para a Popula\u00e7\u00e3o em Situa\u00e7\u00e3o de Rua (Ciamp), cujo objetivo desde ent\u00e3o tem sido monitorar e acompanhar pol\u00edticas p\u00fablicas, promovendo a forma\u00e7\u00e3o e capacita\u00e7\u00e3o cont\u00ednua de profissionais e gestores para o desenvolvimento de pol\u00edticas intersetoriais, al\u00e9m do incentivo a pesquisas acerca da realidade desse p\u00fablico.<\/p>\n\n\n\n<p>Paulo Bernardes viveu mais de 25 anos nas ruas e, ao tomar posse como membro do comit\u00ea, demonstrou otimismo e satisfa\u00e7\u00e3o. \u201cEu sei o que \u00e9 morar na rua, no meio do lixo, o que \u00e9 passar frio, e nunca imaginei ser um representante dos moradores de rua em um momento como este. \u00c9 um privil\u00e9gio muito grande poder representar tantas pessoas e s\u00f3 tenho a agradecer a todos que me ajudaram, me acolheram e que fizeram poss\u00edvel eu estar aqui hoje e tendo orgulho de quem sou\u201d, concluiu.<\/p>\n\n\n\n<p>J\u00e1 em 2023, no dia 31\/3, considerando os grandes fluxos migrat\u00f3rios que passaram pelo munic\u00edpio ao longo da \u00faltima d\u00e9cada e a necessidade cada vez maior da elabora\u00e7\u00e3o de pol\u00edticas espec\u00edficas quanto ao acolhimento e atendimento humanit\u00e1rio de fam\u00edlias migrantes, a Prefeitura de Manaus publicou o Decreto Municipal n\u00ba 5.527, que institu\u00eda o Comit\u00ea Municipal de Pol\u00edticas P\u00fablicas para pessoas Refugiadas, Migrantes e Ap\u00e1tridas (Compremi).<\/p>\n\n\n\n<p>Com o principal objetivo de elaborar e ter aprovado o chamado Plano Municipal para Pessoas Refugiadas, Migrantes e Ap\u00e1tridas, o Compremi ainda busca promover a orienta\u00e7\u00e3o e a capacita\u00e7\u00e3o aos agentes p\u00fablicos sobre os direitos e deveres de pessoas nessas situa\u00e7\u00f5es, realiza\u00e7\u00e3o de a\u00e7\u00f5es voltadas \u00e0 promo\u00e7\u00e3o de direitos dos refugiados, migrantes e ap\u00e1tridas, al\u00e9m de promover o respeito, a diversidade e interculturalidade.<\/p>\n\n\n\n<p>\u201cS\u00e3o muitos anos de luta, ent\u00e3o \u00e9 muito importante que estejamos aqui hoje discutindo as principais pol\u00edticas p\u00fablicas desenvolvidas, como sa\u00fade, educa\u00e7\u00e3o, assist\u00eancia social, direitos humanos e, em especial, a empregabilidade, o trabalho e a renda dessas pessoas. \u00c9 um marco para n\u00f3s, pois nos aproxima da concretiza\u00e7\u00e3o de um plano municipal que possa garantir de maneira qualificada o atendimento e a aten\u00e7\u00e3o adequada a essa popula\u00e7\u00e3o\u201d, destacou Mirella Lauschner, coordenadora do Compremi, em reuni\u00e3o com ag\u00eancias da ONU e Organiza\u00e7\u00f5es da Sociedade Civil, realizada em junho.<\/p>\n\n\n\n<p>&nbsp;&#8212; &#8212; &#8212;<\/p>\n\n\n\n<p><strong>Texto<\/strong>&nbsp;&#8211; Guilherme Pacheco \/ Semasc<\/p>\n\n\n\n<p><strong>Fotos &#8211;<\/strong>&nbsp;Divulga\u00e7\u00e3o \/ Semcom<\/p>\n","protected":false},"excerpt":{"rendered":"","protected":false},"author":25,"featured_media":208961,"comment_status":"closed","ping_status":"closed","sticky":false,"template":"","format":"standard","meta":{"footnotes":""},"categories":[410],"tags":[411,72,18],"acf":[],"yoast_head":"<!-- This site is optimized with the Yoast SEO plugin v23.0 - https:\/\/yoast.com\/wordpress\/plugins\/seo\/ -->\n<title>Servi\u00e7os socioassistenciais ofertados \u00e0 popula\u00e7\u00e3o s\u00e3o ampliados em gest\u00e3o cidad\u00e3 da Prefeitura de Manaus<\/title>\n<meta name=\"robots\" content=\"noindex, follow\" \/>\n<meta property=\"og:locale\" content=\"pt_BR\" \/>\n<meta property=\"og:type\" content=\"article\" \/>\n<meta property=\"og:title\" content=\"Servi\u00e7os socioassistenciais ofertados \u00e0 popula\u00e7\u00e3o s\u00e3o ampliados em gest\u00e3o cidad\u00e3 da Prefeitura de Manaus\" \/>\n<meta property=\"og:url\" content=\"https:\/\/www.manaus.am.gov.br\/semasc\/servicos-socioassistenciais-gestao-cidada\/\" \/>\n<meta property=\"og:site_name\" content=\"SEMASC\" \/>\n<meta property=\"article:publisher\" content=\"https:\/\/www.facebook.com\/semascmanaus\" \/>\n<meta property=\"article:published_time\" content=\"2023-09-30T17:58:01+00:00\" \/>\n<meta property=\"og:image\" content=\"https:\/\/www.manaus.am.gov.br\/semasc\/wp-content\/uploads\/sites\/17\/2023\/09\/f8d4a959-ffa5-41e3-9f8a-96bf0f3912b8.jpg\" \/>\n\t<meta property=\"og:image:width\" content=\"823\" \/>\n\t<meta property=\"og:image:height\" content=\"592\" \/>\n\t<meta property=\"og:image:type\" content=\"image\/jpeg\" \/>\n<meta name=\"author\" content=\"Maur\u00edcio Freire\" \/>\n<meta name=\"twitter:card\" content=\"summary_large_image\" \/>\n<meta name=\"twitter:label1\" content=\"Written by\" \/>\n\t<meta name=\"twitter:data1\" content=\"Maur\u00edcio Freire\" \/>\n\t<meta name=\"twitter:label2\" content=\"Est. reading time\" \/>\n\t<meta name=\"twitter:data2\" content=\"8 minutos\" \/>\n<script type=\"application\/ld+json\" class=\"yoast-schema-graph\">{\"@context\":\"https:\/\/schema.org\",\"@graph\":[{\"@type\":\"Article\",\"@id\":\"https:\/\/www.manaus.am.gov.br\/semasc\/servicos-socioassistenciais-gestao-cidada\/#article\",\"isPartOf\":{\"@id\":\"https:\/\/www.manaus.am.gov.br\/semasc\/servicos-socioassistenciais-gestao-cidada\/\"},\"author\":{\"name\":\"Maur\u00edcio Freire\",\"@id\":\"https:\/\/www.manaus.am.gov.br\/semasc\/#\/schema\/person\/587989a23a463cde5618e6a028977a9a\"},\"headline\":\"Servi\u00e7os socioassistenciais ofertados \u00e0 popula\u00e7\u00e3o s\u00e3o ampliados em gest\u00e3o cidad\u00e3 da Prefeitura de Manaus\",\"datePublished\":\"2023-09-30T17:58:01+00:00\",\"dateModified\":\"2023-09-30T17:58:01+00:00\",\"mainEntityOfPage\":{\"@id\":\"https:\/\/www.manaus.am.gov.br\/semasc\/servicos-socioassistenciais-gestao-cidada\/\"},\"wordCount\":1444,\"publisher\":{\"@id\":\"https:\/\/www.manaus.am.gov.br\/semasc\/#organization\"},\"image\":{\"@id\":\"https:\/\/www.manaus.am.gov.br\/semasc\/servicos-socioassistenciais-gestao-cidada\/#primaryimage\"},\"thumbnailUrl\":\"https:\/\/www.manaus.am.gov.br\/semasc\/wp-content\/uploads\/sites\/17\/2023\/09\/f8d4a959-ffa5-41e3-9f8a-96bf0f3912b8.jpg\",\"keywords\":[\"1.000 dias\",\"assist\u00eancia social\",\"Semasc\"],\"articleSection\":[\"1.000 Dias\"],\"inLanguage\":\"pt-BR\"},{\"@type\":\"WebPage\",\"@id\":\"https:\/\/www.manaus.am.gov.br\/semasc\/servicos-socioassistenciais-gestao-cidada\/\",\"url\":\"https:\/\/www.manaus.am.gov.br\/semasc\/servicos-socioassistenciais-gestao-cidada\/\",\"name\":\"Servi\u00e7os socioassistenciais ofertados \u00e0 popula\u00e7\u00e3o s\u00e3o ampliados em gest\u00e3o cidad\u00e3 da Prefeitura de Manaus\",\"isPartOf\":{\"@id\":\"https:\/\/www.manaus.am.gov.br\/semasc\/#website\"},\"primaryImageOfPage\":{\"@id\":\"https:\/\/www.manaus.am.gov.br\/semasc\/servicos-socioassistenciais-gestao-cidada\/#primaryimage\"},\"image\":{\"@id\":\"https:\/\/www.manaus.am.gov.br\/semasc\/servicos-socioassistenciais-gestao-cidada\/#primaryimage\"},\"thumbnailUrl\":\"https:\/\/www.manaus.am.gov.br\/semasc\/wp-content\/uploads\/sites\/17\/2023\/09\/f8d4a959-ffa5-41e3-9f8a-96bf0f3912b8.jpg\",\"datePublished\":\"2023-09-30T17:58:01+00:00\",\"dateModified\":\"2023-09-30T17:58:01+00:00\",\"breadcrumb\":{\"@id\":\"https:\/\/www.manaus.am.gov.br\/semasc\/servicos-socioassistenciais-gestao-cidada\/#breadcrumb\"},\"inLanguage\":\"pt-BR\",\"potentialAction\":[{\"@type\":\"ReadAction\",\"target\":[\"https:\/\/www.manaus.am.gov.br\/semasc\/servicos-socioassistenciais-gestao-cidada\/\"]}]},{\"@type\":\"ImageObject\",\"inLanguage\":\"pt-BR\",\"@id\":\"https:\/\/www.manaus.am.gov.br\/semasc\/servicos-socioassistenciais-gestao-cidada\/#primaryimage\",\"url\":\"https:\/\/www.manaus.am.gov.br\/semasc\/wp-content\/uploads\/sites\/17\/2023\/09\/f8d4a959-ffa5-41e3-9f8a-96bf0f3912b8.jpg\",\"contentUrl\":\"https:\/\/www.manaus.am.gov.br\/semasc\/wp-content\/uploads\/sites\/17\/2023\/09\/f8d4a959-ffa5-41e3-9f8a-96bf0f3912b8.jpg\",\"width\":823,\"height\":592},{\"@type\":\"BreadcrumbList\",\"@id\":\"https:\/\/www.manaus.am.gov.br\/semasc\/servicos-socioassistenciais-gestao-cidada\/#breadcrumb\",\"itemListElement\":[{\"@type\":\"ListItem\",\"position\":1,\"name\":\"Home\",\"item\":\"https:\/\/www.manaus.am.gov.br\/semasc\/\"},{\"@type\":\"ListItem\",\"position\":2,\"name\":\"Servi\u00e7os socioassistenciais ofertados \u00e0 popula\u00e7\u00e3o s\u00e3o ampliados em gest\u00e3o cidad\u00e3 da Prefeitura de Manaus\"}]},{\"@type\":\"WebSite\",\"@id\":\"https:\/\/www.manaus.am.gov.br\/semasc\/#website\",\"url\":\"https:\/\/www.manaus.am.gov.br\/semasc\/\",\"name\":\"SEMASC\",\"description\":\"Secretaria Municipal da Mulher, Assist\u00eancia Social e Cidadania.\",\"publisher\":{\"@id\":\"https:\/\/www.manaus.am.gov.br\/semasc\/#organization\"},\"alternateName\":\"Secretaria Municipal da Mulher, Assist\u00eancia Social e Cidadania\",\"potentialAction\":[{\"@type\":\"SearchAction\",\"target\":{\"@type\":\"EntryPoint\",\"urlTemplate\":\"https:\/\/www.manaus.am.gov.br\/semasc\/?s={search_term_string}\"},\"query-input\":\"required name=search_term_string\"}],\"inLanguage\":\"pt-BR\"},{\"@type\":\"Organization\",\"@id\":\"https:\/\/www.manaus.am.gov.br\/semasc\/#organization\",\"name\":\"Prefeitura de Manaus\",\"alternateName\":\"Prefeitura Municipal de Manaus\",\"url\":\"https:\/\/www.manaus.am.gov.br\/semasc\/\",\"logo\":{\"@type\":\"ImageObject\",\"inLanguage\":\"pt-BR\",\"@id\":\"https:\/\/www.manaus.am.gov.br\/semasc\/#\/schema\/logo\/image\/\",\"url\":\"https:\/\/www.manaus.am.gov.br\/semasc\/wp-content\/uploads\/sites\/17\/2024\/07\/favicon.png\",\"contentUrl\":\"https:\/\/www.manaus.am.gov.br\/semasc\/wp-content\/uploads\/sites\/17\/2024\/07\/favicon.png\",\"width\":300,\"height\":300,\"caption\":\"Prefeitura de Manaus\"},\"image\":{\"@id\":\"https:\/\/www.manaus.am.gov.br\/semasc\/#\/schema\/logo\/image\/\"},\"sameAs\":[\"https:\/\/www.facebook.com\/semascmanaus\",\"https:\/\/www.instagram.com\/semascmanaus\/\"]},{\"@type\":\"Person\",\"@id\":\"https:\/\/www.manaus.am.gov.br\/semasc\/#\/schema\/person\/587989a23a463cde5618e6a028977a9a\",\"name\":\"Maur\u00edcio Freire\",\"image\":{\"@type\":\"ImageObject\",\"inLanguage\":\"pt-BR\",\"@id\":\"https:\/\/www.manaus.am.gov.br\/semasc\/#\/schema\/person\/image\/\",\"url\":\"https:\/\/secure.gravatar.com\/avatar\/dc1481799a1f75c733ac3b2634cd6749?s=96&d=mm&r=g\",\"contentUrl\":\"https:\/\/secure.gravatar.com\/avatar\/dc1481799a1f75c733ac3b2634cd6749?s=96&d=mm&r=g\",\"caption\":\"Maur\u00edcio Freire\"}}]}<\/script>\n<!-- \/ Yoast SEO plugin. -->","yoast_head_json":{"title":"Servi\u00e7os socioassistenciais ofertados \u00e0 popula\u00e7\u00e3o s\u00e3o ampliados em gest\u00e3o cidad\u00e3 da Prefeitura de Manaus","robots":{"index":"noindex","follow":"follow"},"og_locale":"pt_BR","og_type":"article","og_title":"Servi\u00e7os socioassistenciais ofertados \u00e0 popula\u00e7\u00e3o s\u00e3o ampliados em gest\u00e3o cidad\u00e3 da Prefeitura de Manaus","og_url":"https:\/\/www.manaus.am.gov.br\/semasc\/servicos-socioassistenciais-gestao-cidada\/","og_site_name":"SEMASC","article_publisher":"https:\/\/www.facebook.com\/semascmanaus","article_published_time":"2023-09-30T17:58:01+00:00","og_image":[{"width":823,"height":592,"url":"https:\/\/www.manaus.am.gov.br\/semasc\/wp-content\/uploads\/sites\/17\/2023\/09\/f8d4a959-ffa5-41e3-9f8a-96bf0f3912b8.jpg","type":"image\/jpeg"}],"author":"Maur\u00edcio Freire","twitter_card":"summary_large_image","twitter_misc":{"Written by":"Maur\u00edcio Freire","Est. reading time":"8 minutos"},"schema":{"@context":"https:\/\/schema.org","@graph":[{"@type":"Article","@id":"https:\/\/www.manaus.am.gov.br\/semasc\/servicos-socioassistenciais-gestao-cidada\/#article","isPartOf":{"@id":"https:\/\/www.manaus.am.gov.br\/semasc\/servicos-socioassistenciais-gestao-cidada\/"},"author":{"name":"Maur\u00edcio Freire","@id":"https:\/\/www.manaus.am.gov.br\/semasc\/#\/schema\/person\/587989a23a463cde5618e6a028977a9a"},"headline":"Servi\u00e7os socioassistenciais ofertados \u00e0 popula\u00e7\u00e3o s\u00e3o ampliados em gest\u00e3o cidad\u00e3 da Prefeitura de Manaus","datePublished":"2023-09-30T17:58:01+00:00","dateModified":"2023-09-30T17:58:01+00:00","mainEntityOfPage":{"@id":"https:\/\/www.manaus.am.gov.br\/semasc\/servicos-socioassistenciais-gestao-cidada\/"},"wordCount":1444,"publisher":{"@id":"https:\/\/www.manaus.am.gov.br\/semasc\/#organization"},"image":{"@id":"https:\/\/www.manaus.am.gov.br\/semasc\/servicos-socioassistenciais-gestao-cidada\/#primaryimage"},"thumbnailUrl":"https:\/\/www.manaus.am.gov.br\/semasc\/wp-content\/uploads\/sites\/17\/2023\/09\/f8d4a959-ffa5-41e3-9f8a-96bf0f3912b8.jpg","keywords":["1.000 dias","assist\u00eancia social","Semasc"],"articleSection":["1.000 Dias"],"inLanguage":"pt-BR"},{"@type":"WebPage","@id":"https:\/\/www.manaus.am.gov.br\/semasc\/servicos-socioassistenciais-gestao-cidada\/","url":"https:\/\/www.manaus.am.gov.br\/semasc\/servicos-socioassistenciais-gestao-cidada\/","name":"Servi\u00e7os socioassistenciais ofertados \u00e0 popula\u00e7\u00e3o s\u00e3o ampliados em gest\u00e3o cidad\u00e3 da Prefeitura de Manaus","isPartOf":{"@id":"https:\/\/www.manaus.am.gov.br\/semasc\/#website"},"primaryImageOfPage":{"@id":"https:\/\/www.manaus.am.gov.br\/semasc\/servicos-socioassistenciais-gestao-cidada\/#primaryimage"},"image":{"@id":"https:\/\/www.manaus.am.gov.br\/semasc\/servicos-socioassistenciais-gestao-cidada\/#primaryimage"},"thumbnailUrl":"https:\/\/www.manaus.am.gov.br\/semasc\/wp-content\/uploads\/sites\/17\/2023\/09\/f8d4a959-ffa5-41e3-9f8a-96bf0f3912b8.jpg","datePublished":"2023-09-30T17:58:01+00:00","dateModified":"2023-09-30T17:58:01+00:00","breadcrumb":{"@id":"https:\/\/www.manaus.am.gov.br\/semasc\/servicos-socioassistenciais-gestao-cidada\/#breadcrumb"},"inLanguage":"pt-BR","potentialAction":[{"@type":"ReadAction","target":["https:\/\/www.manaus.am.gov.br\/semasc\/servicos-socioassistenciais-gestao-cidada\/"]}]},{"@type":"ImageObject","inLanguage":"pt-BR","@id":"https:\/\/www.manaus.am.gov.br\/semasc\/servicos-socioassistenciais-gestao-cidada\/#primaryimage","url":"https:\/\/www.manaus.am.gov.br\/semasc\/wp-content\/uploads\/sites\/17\/2023\/09\/f8d4a959-ffa5-41e3-9f8a-96bf0f3912b8.jpg","contentUrl":"https:\/\/www.manaus.am.gov.br\/semasc\/wp-content\/uploads\/sites\/17\/2023\/09\/f8d4a959-ffa5-41e3-9f8a-96bf0f3912b8.jpg","width":823,"height":592},{"@type":"BreadcrumbList","@id":"https:\/\/www.manaus.am.gov.br\/semasc\/servicos-socioassistenciais-gestao-cidada\/#breadcrumb","itemListElement":[{"@type":"ListItem","position":1,"name":"Home","item":"https:\/\/www.manaus.am.gov.br\/semasc\/"},{"@type":"ListItem","position":2,"name":"Servi\u00e7os socioassistenciais ofertados \u00e0 popula\u00e7\u00e3o s\u00e3o ampliados em gest\u00e3o cidad\u00e3 da Prefeitura de Manaus"}]},{"@type":"WebSite","@id":"https:\/\/www.manaus.am.gov.br\/semasc\/#website","url":"https:\/\/www.manaus.am.gov.br\/semasc\/","name":"SEMASC","description":"Secretaria Municipal da Mulher, Assist\u00eancia Social e Cidadania.","publisher":{"@id":"https:\/\/www.manaus.am.gov.br\/semasc\/#organization"},"alternateName":"Secretaria Municipal da Mulher, Assist\u00eancia Social e Cidadania","potentialAction":[{"@type":"SearchAction","target":{"@type":"EntryPoint","urlTemplate":"https:\/\/www.manaus.am.gov.br\/semasc\/?s={search_term_string}"},"query-input":"required name=search_term_string"}],"inLanguage":"pt-BR"},{"@type":"Organization","@id":"https:\/\/www.manaus.am.gov.br\/semasc\/#organization","name":"Prefeitura de Manaus","alternateName":"Prefeitura Municipal de Manaus","url":"https:\/\/www.manaus.am.gov.br\/semasc\/","logo":{"@type":"ImageObject","inLanguage":"pt-BR","@id":"https:\/\/www.manaus.am.gov.br\/semasc\/#\/schema\/logo\/image\/","url":"https:\/\/www.manaus.am.gov.br\/semasc\/wp-content\/uploads\/sites\/17\/2024\/07\/favicon.png","contentUrl":"https:\/\/www.manaus.am.gov.br\/semasc\/wp-content\/uploads\/sites\/17\/2024\/07\/favicon.png","width":300,"height":300,"caption":"Prefeitura de Manaus"},"image":{"@id":"https:\/\/www.manaus.am.gov.br\/semasc\/#\/schema\/logo\/image\/"},"sameAs":["https:\/\/www.facebook.com\/semascmanaus","https:\/\/www.instagram.com\/semascmanaus\/"]},{"@type":"Person","@id":"https:\/\/www.manaus.am.gov.br\/semasc\/#\/schema\/person\/587989a23a463cde5618e6a028977a9a","name":"Maur\u00edcio Freire","image":{"@type":"ImageObject","inLanguage":"pt-BR","@id":"https:\/\/www.manaus.am.gov.br\/semasc\/#\/schema\/person\/image\/","url":"https:\/\/secure.gravatar.com\/avatar\/dc1481799a1f75c733ac3b2634cd6749?s=96&d=mm&r=g","contentUrl":"https:\/\/secure.gravatar.com\/avatar\/dc1481799a1f75c733ac3b2634cd6749?s=96&d=mm&r=g","caption":"Maur\u00edcio Freire"}}]}},"_links":{"self":[{"href":"https:\/\/www.manaus.am.gov.br\/semasc\/wp-json\/wp\/v2\/posts\/208959"}],"collection":[{"href":"https:\/\/www.manaus.am.gov.br\/semasc\/wp-json\/wp\/v2\/posts"}],"about":[{"href":"https:\/\/www.manaus.am.gov.br\/semasc\/wp-json\/wp\/v2\/types\/post"}],"author":[{"embeddable":true,"href":"https:\/\/www.manaus.am.gov.br\/semasc\/wp-json\/wp\/v2\/users\/25"}],"replies":[{"embeddable":true,"href":"https:\/\/www.manaus.am.gov.br\/semasc\/wp-json\/wp\/v2\/comments?post=208959"}],"version-history":[{"count":1,"href":"https:\/\/www.manaus.am.gov.br\/semasc\/wp-json\/wp\/v2\/posts\/208959\/revisions"}],"predecessor-version":[{"id":208962,"href":"https:\/\/www.manaus.am.gov.br\/semasc\/wp-json\/wp\/v2\/posts\/208959\/revisions\/208962"}],"wp:featuredmedia":[{"embeddable":true,"href":"https:\/\/www.manaus.am.gov.br\/semasc\/wp-json\/wp\/v2\/media\/208961"}],"wp:attachment":[{"href":"https:\/\/www.manaus.am.gov.br\/semasc\/wp-json\/wp\/v2\/media?parent=208959"}],"wp:term":[{"taxonomy":"category","embeddable":true,"href":"https:\/\/www.manaus.am.gov.br\/semasc\/wp-json\/wp\/v2\/categories?post=208959"},{"taxonomy":"post_tag","embeddable":true,"href":"https:\/\/www.manaus.am.gov.br\/semasc\/wp-json\/wp\/v2\/tags?post=208959"}],"curies":[{"name":"wp","href":"https:\/\/api.w.org\/{rel}","templated":true}]}}