{"id":208957,"date":"2023-09-29T22:08:31","date_gmt":"2023-09-30T02:08:31","guid":{"rendered":"https:\/\/www.manaus.am.gov.br\/semasc\/prefeitura-e-comsean-encerram-6a-conferencia-municipal-de-seguranca-alimentar-e-nutricional\/"},"modified":"2023-09-29T22:08:32","modified_gmt":"2023-09-30T02:08:32","slug":"prefeitura-e-comsean-encerram-6a-conferencia-municipal-de-seguranca-alimentar-e-nutricional","status":"publish","type":"post","link":"https:\/\/www.manaus.am.gov.br\/semasc\/prefeitura-e-comsean-encerram-6a-conferencia-municipal-de-seguranca-alimentar-e-nutricional\/","title":{"rendered":"<strong>Prefeitura e Comsean encerram 6\u00aa Confer\u00eancia Municipal de Seguran\u00e7a Alimentar e Nutricional<\/strong>"},"content":{"rendered":"\n<p>A Prefeitura de Manaus e o Conselho Municipal de Seguran\u00e7a Alimentar (Comsean), com apoio da Secretaria Municipal da Mulher, Assist\u00eancia Social e Cidadania (Semasc), realizou, nesta sexta-feira, 29\/9, o segundo dia de atividades e o encerramento da 6\u00aa Confer\u00eancia Municipal de Seguran\u00e7a Alimentar e Nutricional, no Parque Municipal do Idoso, no bairro Nossa Senhora das Gra\u00e7as, zona Centro-Sul.<\/p>\n\n\n\n<p>Iniciada com a leitura e aprova\u00e7\u00e3o do regimento interno da confer\u00eancia, a programa\u00e7\u00e3o do dia consistiu, em sua maior parte, na forma\u00e7\u00e3o de tr\u00eas eixos de trabalho para a formula\u00e7\u00e3o de propostas que visem a garantia do direito \u00e0 alimenta\u00e7\u00e3o adequada de fam\u00edlias em estado de vulnerabilidade social: &#8220;Determinantes Estruturais e Macrodesafios para a Soberania e Seguran\u00e7a Alimentar e Nutricional&#8221;; &#8220;Sistema Nacional de Seguran\u00e7a Alimentar e Nutricional e Pol\u00edticas P\u00fablicas Garantidoras do Direito Humano \u00e0 Alimenta\u00e7\u00e3o Adequada&#8221; e &#8220;Democracia e Participa\u00e7\u00e3o Social&#8221;.<\/p>\n\n\n\n<p>&#8220;A aprova\u00e7\u00e3o do regimento e das propostas apresentadas hoje s\u00e3o fundamentais para a expans\u00e3o da discuss\u00e3o em rela\u00e7\u00e3o \u00e0 seguran\u00e7a alimentar no munic\u00edpio de Manaus. \u00c9 a partir daqui que ser\u00e3o desenvolvidos os trabalhos e as demandas a serem apresentados no \u00e2mbito estadual e federal no combate \u00e0 fome n\u00e3o apenas em nossa cidade, mas tamb\u00e9m no estado do Amazonas como um todo&#8221;, destacou o presidente do Comsean, Jos\u00e9 Manoel Leite.<\/p>\n\n\n\n<p>Quanto \u00e0s propostas aprovadas, como a amplia\u00e7\u00e3o da regionaliza\u00e7\u00e3o atrav\u00e9s da compra direta de recursos para equipamentos de seguran\u00e7a alimentar com agricultores familiares, a diretora do Departamento de Seguran\u00e7a Alimentar (Dsan) da Semasc e vice-presidente do Comsean, Julianna Diz, ressaltou a import\u00e2ncia dos dois dias de confer\u00eancia enquanto oportunidade para o reconhecimento de novas perspectivas de trabalho em rela\u00e7\u00e3o ao tema.<\/p>\n\n\n\n<p>\u201c\u00c9 atrav\u00e9s da confer\u00eancia que n\u00f3s, enquanto poder p\u00fablico, conseguimos enxergar a realidade pelos olhos da sociedade civil, pelo olhar da cidade de Manaus em si. Muitas vezes, no exerc\u00edcio da nossa pr\u00e1tica, n\u00e3o conseguimos observar certas situa\u00e7\u00f5es e que aqui se tornam mais claras, fazendo com que tenhamos acesso a um montante imenso de informa\u00e7\u00f5es, estipulemos novas metas e trabalhemos ainda mais para trazer solu\u00e7\u00f5es \u00e0s pessoas que hoje se encontram v\u00edtimas da inseguran\u00e7a alimentar\u201d, explicou.<\/p>\n\n\n\n<p>Tamb\u00e9m foi neste \u00faltimo dia de confer\u00eancia que os participantes puderam votar para decidir os 40 delegados que representar\u00e3o o Poder P\u00fablico municipal e a sociedade civil na concorr\u00eancia pelas vagas para a etapa estadual da discuss\u00e3o. Ativista alimentar pela Associa\u00e7\u00e3o Tera Kuno, a nutricionista Camila Cyrino foi uma das delegadas eleitas ao fim do dia.<\/p>\n\n\n\n<p>\u201cFoi uma experi\u00eancia muito boa para ouvir outros colegas da sociedade civil e, principalmente, da gest\u00e3o municipal no que diz respeito \u00e0 inseguran\u00e7a alimentar presente no munic\u00edpio, que possui dados alarmantes. \u00c9 um momento essencial para que criemos a\u00e7\u00f5es pr\u00e1ticas e que levem em conta todo o nosso contexto amaz\u00f4nico e nossas necessidades. Quem tem fome, tem pressa, ent\u00e3o agora \u00e9 o momento em que firmamos um compromisso para agir de forma r\u00e1pida, eficaz e em todas as camadas apresentadas e debatidas hoje\u201d, concluiu.<\/p>\n\n\n\n<p><strong>Seguran\u00e7a alimentar na cidade de Manaus<\/strong><\/p>\n\n\n\n<p>Manaus, hoje, conta com nove equipamentos municipais voltados exclusivamente para a execu\u00e7\u00e3o da pol\u00edtica de seguran\u00e7a alimentar e nutricional, administrados pela Prefeitura de Manaus, por meio da Secretaria Municipal da Mulher, Assist\u00eancia Social e Cidadania (Semasc).<\/p>\n\n\n\n<p>Ao todo, o munic\u00edpio possui seis cozinhas comunit\u00e1rias, que juntas distribuem mais de 1.200 refei\u00e7\u00f5es gratuitas por dia, al\u00e9m de dois restaurantes populares e um Prato do Povo, respons\u00e1veis pela oferta de uma alimenta\u00e7\u00e3o nutritiva e segura pelo valor simb\u00f3lico de R$ 1.<\/p>\n\n\n\n<p>&#8212; &#8212; &#8212;<\/p>\n\n\n\n<p><strong>Texto<\/strong> &#8211; Guilherme Pacheco \/ Semasc<\/p>\n\n\n\n<p><strong>Fotos<\/strong> &#8211; Diego Lima \/ Semasc<\/p>\n\n\n\n<p>Dispon\u00edveis em &#8211; <a href=\"https:\/\/we.tl\/t-057Yd9DZaZ\">https:\/\/we.tl\/t-057Yd9DZaZ<\/a> \/ <a href=\"https:\/\/we.tl\/t-36zQsad6cO\">https:\/\/we.tl\/t-36zQsad6cO<\/a><\/p>\n","protected":false},"excerpt":{"rendered":"","protected":false},"author":31,"featured_media":208958,"comment_status":"closed","ping_status":"closed","sticky":false,"template":"","format":"standard","meta":{"footnotes":""},"categories":[272],"tags":[458,391,102],"acf":[],"yoast_head":"<!-- This site is optimized with the Yoast SEO plugin v23.0 - https:\/\/yoast.com\/wordpress\/plugins\/seo\/ -->\n<title>Prefeitura e Comsean encerram 6\u00aa Confer\u00eancia Municipal de Seguran\u00e7a Alimentar e Nutricional - SEMASC<\/title>\n<meta name=\"robots\" content=\"noindex, follow\" \/>\n<meta property=\"og:locale\" content=\"pt_BR\" \/>\n<meta property=\"og:type\" content=\"article\" \/>\n<meta property=\"og:title\" content=\"Prefeitura e Comsean encerram 6\u00aa Confer\u00eancia Municipal de Seguran\u00e7a Alimentar e Nutricional - SEMASC\" \/>\n<meta property=\"og:url\" content=\"https:\/\/www.manaus.am.gov.br\/semasc\/prefeitura-e-comsean-encerram-6a-conferencia-municipal-de-seguranca-alimentar-e-nutricional\/\" \/>\n<meta property=\"og:site_name\" content=\"SEMASC\" \/>\n<meta property=\"article:publisher\" content=\"https:\/\/www.facebook.com\/semascmanaus\" \/>\n<meta property=\"article:published_time\" content=\"2023-09-30T02:08:31+00:00\" \/>\n<meta property=\"article:modified_time\" content=\"2023-09-30T02:08:32+00:00\" \/>\n<meta property=\"og:image\" content=\"https:\/\/www.manaus.am.gov.br\/semasc\/wp-content\/uploads\/sites\/17\/2023\/09\/53219473582_92504bd9bc_c-1.jpg\" \/>\n\t<meta property=\"og:image:width\" content=\"799\" \/>\n\t<meta property=\"og:image:height\" content=\"533\" \/>\n\t<meta property=\"og:image:type\" content=\"image\/jpeg\" \/>\n<meta name=\"author\" content=\"Renata Felix\" \/>\n<meta name=\"twitter:card\" content=\"summary_large_image\" \/>\n<meta name=\"twitter:label1\" content=\"Written by\" \/>\n\t<meta name=\"twitter:data1\" content=\"Renata Felix\" \/>\n\t<meta name=\"twitter:label2\" content=\"Est. reading time\" \/>\n\t<meta name=\"twitter:data2\" content=\"4 minutos\" \/>\n<script type=\"application\/ld+json\" class=\"yoast-schema-graph\">{\"@context\":\"https:\/\/schema.org\",\"@graph\":[{\"@type\":\"Article\",\"@id\":\"https:\/\/www.manaus.am.gov.br\/semasc\/prefeitura-e-comsean-encerram-6a-conferencia-municipal-de-seguranca-alimentar-e-nutricional\/#article\",\"isPartOf\":{\"@id\":\"https:\/\/www.manaus.am.gov.br\/semasc\/prefeitura-e-comsean-encerram-6a-conferencia-municipal-de-seguranca-alimentar-e-nutricional\/\"},\"author\":{\"name\":\"Renata Felix\",\"@id\":\"https:\/\/www.manaus.am.gov.br\/semasc\/#\/schema\/person\/4eea2a8f78dc853097abb026f728aa06\"},\"headline\":\"Prefeitura e Comsean encerram 6\u00aa Confer\u00eancia Municipal de Seguran\u00e7a Alimentar e Nutricional\",\"datePublished\":\"2023-09-30T02:08:31+00:00\",\"dateModified\":\"2023-09-30T02:08:32+00:00\",\"mainEntityOfPage\":{\"@id\":\"https:\/\/www.manaus.am.gov.br\/semasc\/prefeitura-e-comsean-encerram-6a-conferencia-municipal-de-seguranca-alimentar-e-nutricional\/\"},\"wordCount\":679,\"publisher\":{\"@id\":\"https:\/\/www.manaus.am.gov.br\/semasc\/#organization\"},\"image\":{\"@id\":\"https:\/\/www.manaus.am.gov.br\/semasc\/prefeitura-e-comsean-encerram-6a-conferencia-municipal-de-seguranca-alimentar-e-nutricional\/#primaryimage\"},\"thumbnailUrl\":\"https:\/\/www.manaus.am.gov.br\/semasc\/wp-content\/uploads\/sites\/17\/2023\/09\/53219473582_92504bd9bc_c-1.jpg\",\"keywords\":[\"6\u00aa Confer\u00eancia Municipal de Seguran\u00e7a Alimentar e Nutricional\",\"Comsean\",\"encerramento\"],\"articleSection\":[\"Reuni\u00e3o\"],\"inLanguage\":\"pt-BR\"},{\"@type\":\"WebPage\",\"@id\":\"https:\/\/www.manaus.am.gov.br\/semasc\/prefeitura-e-comsean-encerram-6a-conferencia-municipal-de-seguranca-alimentar-e-nutricional\/\",\"url\":\"https:\/\/www.manaus.am.gov.br\/semasc\/prefeitura-e-comsean-encerram-6a-conferencia-municipal-de-seguranca-alimentar-e-nutricional\/\",\"name\":\"Prefeitura e Comsean encerram 6\u00aa Confer\u00eancia Municipal de Seguran\u00e7a Alimentar e Nutricional - SEMASC\",\"isPartOf\":{\"@id\":\"https:\/\/www.manaus.am.gov.br\/semasc\/#website\"},\"primaryImageOfPage\":{\"@id\":\"https:\/\/www.manaus.am.gov.br\/semasc\/prefeitura-e-comsean-encerram-6a-conferencia-municipal-de-seguranca-alimentar-e-nutricional\/#primaryimage\"},\"image\":{\"@id\":\"https:\/\/www.manaus.am.gov.br\/semasc\/prefeitura-e-comsean-encerram-6a-conferencia-municipal-de-seguranca-alimentar-e-nutricional\/#primaryimage\"},\"thumbnailUrl\":\"https:\/\/www.manaus.am.gov.br\/semasc\/wp-content\/uploads\/sites\/17\/2023\/09\/53219473582_92504bd9bc_c-1.jpg\",\"datePublished\":\"2023-09-30T02:08:31+00:00\",\"dateModified\":\"2023-09-30T02:08:32+00:00\",\"breadcrumb\":{\"@id\":\"https:\/\/www.manaus.am.gov.br\/semasc\/prefeitura-e-comsean-encerram-6a-conferencia-municipal-de-seguranca-alimentar-e-nutricional\/#breadcrumb\"},\"inLanguage\":\"pt-BR\",\"potentialAction\":[{\"@type\":\"ReadAction\",\"target\":[\"https:\/\/www.manaus.am.gov.br\/semasc\/prefeitura-e-comsean-encerram-6a-conferencia-municipal-de-seguranca-alimentar-e-nutricional\/\"]}]},{\"@type\":\"ImageObject\",\"inLanguage\":\"pt-BR\",\"@id\":\"https:\/\/www.manaus.am.gov.br\/semasc\/prefeitura-e-comsean-encerram-6a-conferencia-municipal-de-seguranca-alimentar-e-nutricional\/#primaryimage\",\"url\":\"https:\/\/www.manaus.am.gov.br\/semasc\/wp-content\/uploads\/sites\/17\/2023\/09\/53219473582_92504bd9bc_c-1.jpg\",\"contentUrl\":\"https:\/\/www.manaus.am.gov.br\/semasc\/wp-content\/uploads\/sites\/17\/2023\/09\/53219473582_92504bd9bc_c-1.jpg\",\"width\":799,\"height\":533},{\"@type\":\"BreadcrumbList\",\"@id\":\"https:\/\/www.manaus.am.gov.br\/semasc\/prefeitura-e-comsean-encerram-6a-conferencia-municipal-de-seguranca-alimentar-e-nutricional\/#breadcrumb\",\"itemListElement\":[{\"@type\":\"ListItem\",\"position\":1,\"name\":\"Home\",\"item\":\"https:\/\/www.manaus.am.gov.br\/semasc\/\"},{\"@type\":\"ListItem\",\"position\":2,\"name\":\"Prefeitura e Comsean encerram 6\u00aa Confer\u00eancia Municipal de Seguran\u00e7a Alimentar e Nutricional\"}]},{\"@type\":\"WebSite\",\"@id\":\"https:\/\/www.manaus.am.gov.br\/semasc\/#website\",\"url\":\"https:\/\/www.manaus.am.gov.br\/semasc\/\",\"name\":\"SEMASC\",\"description\":\"Secretaria Municipal da Mulher, Assist\u00eancia Social e Cidadania.\",\"publisher\":{\"@id\":\"https:\/\/www.manaus.am.gov.br\/semasc\/#organization\"},\"alternateName\":\"Secretaria Municipal da Mulher, Assist\u00eancia Social e Cidadania\",\"potentialAction\":[{\"@type\":\"SearchAction\",\"target\":{\"@type\":\"EntryPoint\",\"urlTemplate\":\"https:\/\/www.manaus.am.gov.br\/semasc\/?s={search_term_string}\"},\"query-input\":\"required name=search_term_string\"}],\"inLanguage\":\"pt-BR\"},{\"@type\":\"Organization\",\"@id\":\"https:\/\/www.manaus.am.gov.br\/semasc\/#organization\",\"name\":\"Prefeitura de Manaus\",\"alternateName\":\"Prefeitura Municipal de Manaus\",\"url\":\"https:\/\/www.manaus.am.gov.br\/semasc\/\",\"logo\":{\"@type\":\"ImageObject\",\"inLanguage\":\"pt-BR\",\"@id\":\"https:\/\/www.manaus.am.gov.br\/semasc\/#\/schema\/logo\/image\/\",\"url\":\"https:\/\/www.manaus.am.gov.br\/semasc\/wp-content\/uploads\/sites\/17\/2024\/07\/favicon.png\",\"contentUrl\":\"https:\/\/www.manaus.am.gov.br\/semasc\/wp-content\/uploads\/sites\/17\/2024\/07\/favicon.png\",\"width\":300,\"height\":300,\"caption\":\"Prefeitura de Manaus\"},\"image\":{\"@id\":\"https:\/\/www.manaus.am.gov.br\/semasc\/#\/schema\/logo\/image\/\"},\"sameAs\":[\"https:\/\/www.facebook.com\/semascmanaus\",\"https:\/\/www.instagram.com\/semascmanaus\/\"]},{\"@type\":\"Person\",\"@id\":\"https:\/\/www.manaus.am.gov.br\/semasc\/#\/schema\/person\/4eea2a8f78dc853097abb026f728aa06\",\"name\":\"Renata Felix\",\"image\":{\"@type\":\"ImageObject\",\"inLanguage\":\"pt-BR\",\"@id\":\"https:\/\/www.manaus.am.gov.br\/semasc\/#\/schema\/person\/image\/\",\"url\":\"https:\/\/secure.gravatar.com\/avatar\/3c196cf9d3b837b24c8edb2c50fd8f29?s=96&d=mm&r=g\",\"contentUrl\":\"https:\/\/secure.gravatar.com\/avatar\/3c196cf9d3b837b24c8edb2c50fd8f29?s=96&d=mm&r=g\",\"caption\":\"Renata Felix\"}}]}<\/script>\n<!-- \/ Yoast SEO plugin. -->","yoast_head_json":{"title":"Prefeitura e Comsean encerram 6\u00aa Confer\u00eancia Municipal de Seguran\u00e7a Alimentar e Nutricional - SEMASC","robots":{"index":"noindex","follow":"follow"},"og_locale":"pt_BR","og_type":"article","og_title":"Prefeitura e Comsean encerram 6\u00aa Confer\u00eancia Municipal de Seguran\u00e7a Alimentar e Nutricional - SEMASC","og_url":"https:\/\/www.manaus.am.gov.br\/semasc\/prefeitura-e-comsean-encerram-6a-conferencia-municipal-de-seguranca-alimentar-e-nutricional\/","og_site_name":"SEMASC","article_publisher":"https:\/\/www.facebook.com\/semascmanaus","article_published_time":"2023-09-30T02:08:31+00:00","article_modified_time":"2023-09-30T02:08:32+00:00","og_image":[{"width":799,"height":533,"url":"https:\/\/www.manaus.am.gov.br\/semasc\/wp-content\/uploads\/sites\/17\/2023\/09\/53219473582_92504bd9bc_c-1.jpg","type":"image\/jpeg"}],"author":"Renata Felix","twitter_card":"summary_large_image","twitter_misc":{"Written by":"Renata Felix","Est. reading time":"4 minutos"},"schema":{"@context":"https:\/\/schema.org","@graph":[{"@type":"Article","@id":"https:\/\/www.manaus.am.gov.br\/semasc\/prefeitura-e-comsean-encerram-6a-conferencia-municipal-de-seguranca-alimentar-e-nutricional\/#article","isPartOf":{"@id":"https:\/\/www.manaus.am.gov.br\/semasc\/prefeitura-e-comsean-encerram-6a-conferencia-municipal-de-seguranca-alimentar-e-nutricional\/"},"author":{"name":"Renata Felix","@id":"https:\/\/www.manaus.am.gov.br\/semasc\/#\/schema\/person\/4eea2a8f78dc853097abb026f728aa06"},"headline":"Prefeitura e Comsean encerram 6\u00aa Confer\u00eancia Municipal de Seguran\u00e7a Alimentar e Nutricional","datePublished":"2023-09-30T02:08:31+00:00","dateModified":"2023-09-30T02:08:32+00:00","mainEntityOfPage":{"@id":"https:\/\/www.manaus.am.gov.br\/semasc\/prefeitura-e-comsean-encerram-6a-conferencia-municipal-de-seguranca-alimentar-e-nutricional\/"},"wordCount":679,"publisher":{"@id":"https:\/\/www.manaus.am.gov.br\/semasc\/#organization"},"image":{"@id":"https:\/\/www.manaus.am.gov.br\/semasc\/prefeitura-e-comsean-encerram-6a-conferencia-municipal-de-seguranca-alimentar-e-nutricional\/#primaryimage"},"thumbnailUrl":"https:\/\/www.manaus.am.gov.br\/semasc\/wp-content\/uploads\/sites\/17\/2023\/09\/53219473582_92504bd9bc_c-1.jpg","keywords":["6\u00aa Confer\u00eancia Municipal de Seguran\u00e7a Alimentar e Nutricional","Comsean","encerramento"],"articleSection":["Reuni\u00e3o"],"inLanguage":"pt-BR"},{"@type":"WebPage","@id":"https:\/\/www.manaus.am.gov.br\/semasc\/prefeitura-e-comsean-encerram-6a-conferencia-municipal-de-seguranca-alimentar-e-nutricional\/","url":"https:\/\/www.manaus.am.gov.br\/semasc\/prefeitura-e-comsean-encerram-6a-conferencia-municipal-de-seguranca-alimentar-e-nutricional\/","name":"Prefeitura e Comsean encerram 6\u00aa Confer\u00eancia Municipal de Seguran\u00e7a Alimentar e Nutricional - SEMASC","isPartOf":{"@id":"https:\/\/www.manaus.am.gov.br\/semasc\/#website"},"primaryImageOfPage":{"@id":"https:\/\/www.manaus.am.gov.br\/semasc\/prefeitura-e-comsean-encerram-6a-conferencia-municipal-de-seguranca-alimentar-e-nutricional\/#primaryimage"},"image":{"@id":"https:\/\/www.manaus.am.gov.br\/semasc\/prefeitura-e-comsean-encerram-6a-conferencia-municipal-de-seguranca-alimentar-e-nutricional\/#primaryimage"},"thumbnailUrl":"https:\/\/www.manaus.am.gov.br\/semasc\/wp-content\/uploads\/sites\/17\/2023\/09\/53219473582_92504bd9bc_c-1.jpg","datePublished":"2023-09-30T02:08:31+00:00","dateModified":"2023-09-30T02:08:32+00:00","breadcrumb":{"@id":"https:\/\/www.manaus.am.gov.br\/semasc\/prefeitura-e-comsean-encerram-6a-conferencia-municipal-de-seguranca-alimentar-e-nutricional\/#breadcrumb"},"inLanguage":"pt-BR","potentialAction":[{"@type":"ReadAction","target":["https:\/\/www.manaus.am.gov.br\/semasc\/prefeitura-e-comsean-encerram-6a-conferencia-municipal-de-seguranca-alimentar-e-nutricional\/"]}]},{"@type":"ImageObject","inLanguage":"pt-BR","@id":"https:\/\/www.manaus.am.gov.br\/semasc\/prefeitura-e-comsean-encerram-6a-conferencia-municipal-de-seguranca-alimentar-e-nutricional\/#primaryimage","url":"https:\/\/www.manaus.am.gov.br\/semasc\/wp-content\/uploads\/sites\/17\/2023\/09\/53219473582_92504bd9bc_c-1.jpg","contentUrl":"https:\/\/www.manaus.am.gov.br\/semasc\/wp-content\/uploads\/sites\/17\/2023\/09\/53219473582_92504bd9bc_c-1.jpg","width":799,"height":533},{"@type":"BreadcrumbList","@id":"https:\/\/www.manaus.am.gov.br\/semasc\/prefeitura-e-comsean-encerram-6a-conferencia-municipal-de-seguranca-alimentar-e-nutricional\/#breadcrumb","itemListElement":[{"@type":"ListItem","position":1,"name":"Home","item":"https:\/\/www.manaus.am.gov.br\/semasc\/"},{"@type":"ListItem","position":2,"name":"Prefeitura e Comsean encerram 6\u00aa Confer\u00eancia Municipal de Seguran\u00e7a Alimentar e Nutricional"}]},{"@type":"WebSite","@id":"https:\/\/www.manaus.am.gov.br\/semasc\/#website","url":"https:\/\/www.manaus.am.gov.br\/semasc\/","name":"SEMASC","description":"Secretaria Municipal da Mulher, Assist\u00eancia Social e Cidadania.","publisher":{"@id":"https:\/\/www.manaus.am.gov.br\/semasc\/#organization"},"alternateName":"Secretaria Municipal da Mulher, Assist\u00eancia Social e Cidadania","potentialAction":[{"@type":"SearchAction","target":{"@type":"EntryPoint","urlTemplate":"https:\/\/www.manaus.am.gov.br\/semasc\/?s={search_term_string}"},"query-input":"required name=search_term_string"}],"inLanguage":"pt-BR"},{"@type":"Organization","@id":"https:\/\/www.manaus.am.gov.br\/semasc\/#organization","name":"Prefeitura de Manaus","alternateName":"Prefeitura Municipal de Manaus","url":"https:\/\/www.manaus.am.gov.br\/semasc\/","logo":{"@type":"ImageObject","inLanguage":"pt-BR","@id":"https:\/\/www.manaus.am.gov.br\/semasc\/#\/schema\/logo\/image\/","url":"https:\/\/www.manaus.am.gov.br\/semasc\/wp-content\/uploads\/sites\/17\/2024\/07\/favicon.png","contentUrl":"https:\/\/www.manaus.am.gov.br\/semasc\/wp-content\/uploads\/sites\/17\/2024\/07\/favicon.png","width":300,"height":300,"caption":"Prefeitura de Manaus"},"image":{"@id":"https:\/\/www.manaus.am.gov.br\/semasc\/#\/schema\/logo\/image\/"},"sameAs":["https:\/\/www.facebook.com\/semascmanaus","https:\/\/www.instagram.com\/semascmanaus\/"]},{"@type":"Person","@id":"https:\/\/www.manaus.am.gov.br\/semasc\/#\/schema\/person\/4eea2a8f78dc853097abb026f728aa06","name":"Renata Felix","image":{"@type":"ImageObject","inLanguage":"pt-BR","@id":"https:\/\/www.manaus.am.gov.br\/semasc\/#\/schema\/person\/image\/","url":"https:\/\/secure.gravatar.com\/avatar\/3c196cf9d3b837b24c8edb2c50fd8f29?s=96&d=mm&r=g","contentUrl":"https:\/\/secure.gravatar.com\/avatar\/3c196cf9d3b837b24c8edb2c50fd8f29?s=96&d=mm&r=g","caption":"Renata Felix"}}]}},"_links":{"self":[{"href":"https:\/\/www.manaus.am.gov.br\/semasc\/wp-json\/wp\/v2\/posts\/208957"}],"collection":[{"href":"https:\/\/www.manaus.am.gov.br\/semasc\/wp-json\/wp\/v2\/posts"}],"about":[{"href":"https:\/\/www.manaus.am.gov.br\/semasc\/wp-json\/wp\/v2\/types\/post"}],"author":[{"embeddable":true,"href":"https:\/\/www.manaus.am.gov.br\/semasc\/wp-json\/wp\/v2\/users\/31"}],"replies":[{"embeddable":true,"href":"https:\/\/www.manaus.am.gov.br\/semasc\/wp-json\/wp\/v2\/comments?post=208957"}],"version-history":[{"count":0,"href":"https:\/\/www.manaus.am.gov.br\/semasc\/wp-json\/wp\/v2\/posts\/208957\/revisions"}],"wp:featuredmedia":[{"embeddable":true,"href":"https:\/\/www.manaus.am.gov.br\/semasc\/wp-json\/wp\/v2\/media\/208958"}],"wp:attachment":[{"href":"https:\/\/www.manaus.am.gov.br\/semasc\/wp-json\/wp\/v2\/media?parent=208957"}],"wp:term":[{"taxonomy":"category","embeddable":true,"href":"https:\/\/www.manaus.am.gov.br\/semasc\/wp-json\/wp\/v2\/categories?post=208957"},{"taxonomy":"post_tag","embeddable":true,"href":"https:\/\/www.manaus.am.gov.br\/semasc\/wp-json\/wp\/v2\/tags?post=208957"}],"curies":[{"name":"wp","href":"https:\/\/api.w.org\/{rel}","templated":true}]}}