{"id":208952,"date":"2023-09-28T19:33:24","date_gmt":"2023-09-28T23:33:24","guid":{"rendered":"https:\/\/www.manaus.am.gov.br\/semasc\/prefeitura-de-manaus-inicia-conferencia-municipal-de-seguranca-alimentar-com-o-tema-amazonia-sem-fome\/"},"modified":"2023-09-28T19:33:25","modified_gmt":"2023-09-28T23:33:25","slug":"prefeitura-de-manaus-inicia-conferencia-municipal-de-seguranca-alimentar-com-o-tema-amazonia-sem-fome","status":"publish","type":"post","link":"https:\/\/www.manaus.am.gov.br\/semasc\/prefeitura-de-manaus-inicia-conferencia-municipal-de-seguranca-alimentar-com-o-tema-amazonia-sem-fome\/","title":{"rendered":"<strong>Prefeitura de Manaus inicia Confer\u00eancia Municipal de Seguran\u00e7a Alimentar com o tema Amaz\u00f4nia sem fome<\/strong>"},"content":{"rendered":"\n<p>Com o objetivo de discutir e propor estrat\u00e9gias para a garantia do direito \u00e0 alimenta\u00e7\u00e3o adequada de fam\u00edlias em estado de vulnerabilidade social, a Prefeitura de Manaus, por meio do Conselho Municipal de Seguran\u00e7a Alimentar (Comsean), com apoio da Secretaria Municipal da Mulher, Assist\u00eancia Social e Cidadania (Semasc), deu in\u00edcio, nesta quinta-feira, 28\/9, a 6\u00aa Confer\u00eancia Municipal de Seguran\u00e7a Alimentar e Nutricional, com o tema &#8220;Amaz\u00f4nia Sem Fome &#8211; Sistema Alimentar Sustent\u00e1vel com a Agricultura Familiar&#8221;.<\/p>\n\n\n\n<p>O evento, que acontece nos dias 28 e 29\/9, no Parque Municipal do Idoso, no bairro Nossa Senhora das Gra\u00e7as, zona Centro-Sul, deu in\u00edcio a sua programa\u00e7\u00e3o com a fala de autoridades, gestores e representantes da sociedade civil envolvidos na execu\u00e7\u00e3o de pol\u00edticas p\u00fablicas de alimenta\u00e7\u00e3o e nutri\u00e7\u00e3o, seguida da confer\u00eancia magna, de tema hom\u00f4nimo.<\/p>\n\n\n\n<p>&#8220;Hoje \u00e9 um momento em que nos reunimos para conferir e avaliar a forma com que a pol\u00edtica de seguran\u00e7a alimentar e nutricional vem sendo desenvolvida atualmente no munic\u00edpio e o que n\u00f3s, enquanto poder p\u00fablico, junto \u00e0 sociedade civil, podemos fazer para garantir \u00e0 popula\u00e7\u00e3o o seu direito a uma alimenta\u00e7\u00e3o de qualidade. Durante esses dias de programa\u00e7\u00e3o, esperamos ampliar esse debate e colher as melhores propostas poss\u00edveis&#8221;, destacou o secret\u00e1rio Eduardo Lucas, titular da Semasc.<\/p>\n\n\n\n<p>O presidente do Comsean, Jos\u00e9 Manoel Leite, tamb\u00e9m ressaltou a import\u00e2ncia da confer\u00eancia para o fortalecimento das pol\u00edticas de alimenta\u00e7\u00e3o na capital amazonense e, por consequ\u00eancia, no estado. Para o conselheiro, \u00e9 essencial pensar na did\u00e1tica a ser desenvolvida como parte dessas pol\u00edticas.<\/p>\n\n\n\n<p>&#8220;\u00c9 a partir daqui que delegaremos quem participar\u00e1 das confer\u00eancias estadual e nacional, assim dando continuidade ao nosso trabalho de combate \u00e0 fome em nossa cidade e fortalecendo nosso sistema de alimenta\u00e7\u00e3o, doa\u00e7\u00f5es e de campanhas socioeducativas voltadas para as fam\u00edlias atingidas pela inseguran\u00e7a alimentar&#8221;, explicou.<\/p>\n\n\n\n<p>Definida como o acesso f\u00edsico, social e econ\u00f4mico permanente a alimentos nutritivos, seguros e em quantidade suficiente, a seguran\u00e7a alimentar \u00e9 fundamental para uma vida ativa e saud\u00e1vel, al\u00e9m de ser essencial para o sucesso e desenvolvimento de outras pol\u00edticas p\u00fablicas.<\/p>\n\n\n\n<p>De acordo com a presidente da Uni\u00e3o das Cooperativas da Agricultura Familiar e Economia Criativa do Amazonas e palestrante da confer\u00eancia magna, Tatiane Valente, \u00e9 necess\u00e1rio discutir sobre o qu\u00e3o pr\u00f3xima da realidade amazonense atual a defini\u00e7\u00e3o te\u00f3rica de seguran\u00e7a alimentar realmente est\u00e1.<\/p>\n\n\n\n<p>&#8220;O intuito central aqui \u00e9 dialogar sobre o cen\u00e1rio nacional e fazer os recortes necess\u00e1rios para a realidade de nosso estado. Precisamos discutir as possibilidades de constru\u00e7\u00e3o de novas pol\u00edticas p\u00fablicas a partir da diversidade existente no munic\u00edpio, levando em contas nossas particularidades e demandas espec\u00edficas&#8221;, afirmou.<\/p>\n\n\n\n<p>Juliana Diz, nutricionista e diretora do Departamento de Seguran\u00e7a Alimentar e Nutricional (Dsan) da Semasc, destacou ainda as principais consequ\u00eancias f\u00edsicas e sociais ocasionadas pela crescente inseguran\u00e7a alimentar observada no munic\u00edpio ap\u00f3s o per\u00edodo pand\u00eamico.<\/p>\n\n\n\n<p>&#8220;\u00c9 um problema que vem se agravando nos \u00faltimos anos, em especial por conta do alto \u00edndice de desemprego gerado pela pandemia. Uma crian\u00e7a que vai \u00e0 escola sem uma alimenta\u00e7\u00e3o de qualidade garantida n\u00e3o consegue estudar, assim como um pai que sai de casa atr\u00e1s de trabalho sem comer n\u00e3o consegue trabalhar por conta da ang\u00fastia e fraqueza f\u00edsica causada pela fome. \u00c9 atrav\u00e9s de momentos como este que avaliamos as melhores formas de mudar este cen\u00e1rio&#8221;.<\/p>\n\n\n\n<p>Representando as Organiza\u00e7\u00f5es da Sociedade Civil (OSCs) presentes no primeiro dia de confer\u00eancia, Lenize Bezerra, presidente do Instituto Solid\u00e1rios do Amazonas, definiu a ocasi\u00e3o como um momento de consolida\u00e7\u00e3o de um trabalho j\u00e1 realizado em conjunto.<\/p>\n\n\n\n<p>&#8220;\u00c9 um momento importante n\u00e3o apenas para a sociedade civil, mas para todo o Poder P\u00fablico, uma vez que \u00e9 aqui que podemos ampliar ainda mais a constru\u00e7\u00e3o de uma rede unificada de conhecimento e a\u00e7\u00f5es que visem combater e minimizar o contexto de inseguran\u00e7a alimentar vivido por milhares de fam\u00edlias hoje&#8221;.<\/p>\n\n\n\n<p><strong>2\u00ba dia de atividades<\/strong><\/p>\n\n\n\n<p>A programa\u00e7\u00e3o da 6\u00aa Confer\u00eancia Municipal de Seguran\u00e7a Alimentar e Nutricional continua nesta sexta-feira, 29\/9, das 8h \u00e0s 17h, com a forma\u00e7\u00e3o dos grupos de trabalhos em tr\u00eas eixos: Determinantes Estruturais e Macrodesafios para a Soberania e Seguran\u00e7a Alimentar e Nutricional; Sistema Nacional de Seguran\u00e7a Alimentar e Nutricional e Pol\u00edticas P\u00fablicas Garantidoras do Direito Humano \u00e0 Alimenta\u00e7\u00e3o Adequada; e Democracia e Participa\u00e7\u00e3o Social.<\/p>\n\n\n\n<p>Ao fim do dia, as propostas elaboradas ser\u00e3o avaliadas e votadas para que sejam encaminhadas para o \u00e2mbito estadual.<\/p>\n\n\n\n<p><strong>Seguran\u00e7a alimentar em Manaus<\/strong><\/p>\n\n\n\n<p>Manaus, hoje, conta com nove equipamentos municipais voltados exclusivamente para a execu\u00e7\u00e3o da pol\u00edtica de seguran\u00e7a alimentar e nutricional, administrados pela Prefeitura de Manaus, por meio da Secretaria Municipal da Mulher, Assist\u00eancia Social e Cidadania (Semasc).<\/p>\n\n\n\n<p>Ao todo, o munic\u00edpio possui seis cozinhas comunit\u00e1rias, que juntas distribuem mais de 1.200 refei\u00e7\u00f5es gratuitas por dia, al\u00e9m de dois restaurantes populares e um Prato do Povo, respons\u00e1veis pela oferta de uma alimenta\u00e7\u00e3o nutritiva e segura pelo valor simb\u00f3lico de R$ 1.<\/p>\n\n\n\n<p>&#8212; &#8212; &#8212;<\/p>\n\n\n\n<p><strong>Texto<\/strong>&nbsp;&#8211; Guilherme Pacheco \/ Semasc<\/p>\n\n\n\n<p><strong>Fotos<\/strong>&nbsp;\u2013 Phil Limma \/ Semcom<\/p>\n\n\n\n<p>Dispon\u00edveis em &#8211;&nbsp;<a href=\"https:\/\/flic.kr\/s\/aHBqjAWrUH\" target=\"_blank\" rel=\"noreferrer noopener\">https:\/\/flic.kr\/s\/aHBqjAWrUH<\/a><\/p>\n","protected":false},"excerpt":{"rendered":"","protected":false},"author":31,"featured_media":208953,"comment_status":"closed","ping_status":"closed","sticky":false,"template":"","format":"standard","meta":{"footnotes":""},"categories":[457],"tags":[458,459,391],"acf":[],"yoast_head":"<!-- This site is optimized with the Yoast SEO plugin v23.0 - https:\/\/yoast.com\/wordpress\/plugins\/seo\/ -->\n<title>Prefeitura de Manaus inicia Confer\u00eancia Municipal de Seguran\u00e7a Alimentar com o tema Amaz\u00f4nia sem fome - SEMASC<\/title>\n<meta name=\"robots\" content=\"noindex, follow\" \/>\n<meta property=\"og:locale\" content=\"pt_BR\" \/>\n<meta property=\"og:type\" content=\"article\" \/>\n<meta property=\"og:title\" content=\"Prefeitura de Manaus inicia Confer\u00eancia Municipal de Seguran\u00e7a Alimentar com o tema Amaz\u00f4nia sem fome - SEMASC\" \/>\n<meta property=\"og:url\" content=\"https:\/\/www.manaus.am.gov.br\/semasc\/prefeitura-de-manaus-inicia-conferencia-municipal-de-seguranca-alimentar-com-o-tema-amazonia-sem-fome\/\" \/>\n<meta property=\"og:site_name\" content=\"SEMASC\" \/>\n<meta property=\"article:publisher\" content=\"https:\/\/www.facebook.com\/semascmanaus\" \/>\n<meta property=\"article:published_time\" content=\"2023-09-28T23:33:24+00:00\" \/>\n<meta property=\"article:modified_time\" content=\"2023-09-28T23:33:25+00:00\" \/>\n<meta property=\"og:image\" content=\"https:\/\/www.manaus.am.gov.br\/semasc\/wp-content\/uploads\/sites\/17\/2023\/09\/53220658363_36bbda19ab_c.jpg\" \/>\n\t<meta property=\"og:image:width\" content=\"799\" \/>\n\t<meta property=\"og:image:height\" content=\"533\" \/>\n\t<meta property=\"og:image:type\" content=\"image\/jpeg\" \/>\n<meta name=\"author\" content=\"Renata Felix\" \/>\n<meta name=\"twitter:card\" content=\"summary_large_image\" \/>\n<meta name=\"twitter:label1\" content=\"Written by\" \/>\n\t<meta name=\"twitter:data1\" content=\"Renata Felix\" \/>\n\t<meta name=\"twitter:label2\" content=\"Est. reading time\" \/>\n\t<meta name=\"twitter:data2\" content=\"5 minutos\" \/>\n<script type=\"application\/ld+json\" class=\"yoast-schema-graph\">{\"@context\":\"https:\/\/schema.org\",\"@graph\":[{\"@type\":\"Article\",\"@id\":\"https:\/\/www.manaus.am.gov.br\/semasc\/prefeitura-de-manaus-inicia-conferencia-municipal-de-seguranca-alimentar-com-o-tema-amazonia-sem-fome\/#article\",\"isPartOf\":{\"@id\":\"https:\/\/www.manaus.am.gov.br\/semasc\/prefeitura-de-manaus-inicia-conferencia-municipal-de-seguranca-alimentar-com-o-tema-amazonia-sem-fome\/\"},\"author\":{\"name\":\"Renata Felix\",\"@id\":\"https:\/\/www.manaus.am.gov.br\/semasc\/#\/schema\/person\/4eea2a8f78dc853097abb026f728aa06\"},\"headline\":\"Prefeitura de Manaus inicia Confer\u00eancia Municipal de Seguran\u00e7a Alimentar com o tema Amaz\u00f4nia sem fome\",\"datePublished\":\"2023-09-28T23:33:24+00:00\",\"dateModified\":\"2023-09-28T23:33:25+00:00\",\"mainEntityOfPage\":{\"@id\":\"https:\/\/www.manaus.am.gov.br\/semasc\/prefeitura-de-manaus-inicia-conferencia-municipal-de-seguranca-alimentar-com-o-tema-amazonia-sem-fome\/\"},\"wordCount\":932,\"publisher\":{\"@id\":\"https:\/\/www.manaus.am.gov.br\/semasc\/#organization\"},\"image\":{\"@id\":\"https:\/\/www.manaus.am.gov.br\/semasc\/prefeitura-de-manaus-inicia-conferencia-municipal-de-seguranca-alimentar-com-o-tema-amazonia-sem-fome\/#primaryimage\"},\"thumbnailUrl\":\"https:\/\/www.manaus.am.gov.br\/semasc\/wp-content\/uploads\/sites\/17\/2023\/09\/53220658363_36bbda19ab_c.jpg\",\"keywords\":[\"6\u00aa Confer\u00eancia Municipal de Seguran\u00e7a Alimentar e Nutricional\",\"Amaz\u00f4nia Sem Fome\",\"Comsean\"],\"articleSection\":[\"Debates\"],\"inLanguage\":\"pt-BR\"},{\"@type\":\"WebPage\",\"@id\":\"https:\/\/www.manaus.am.gov.br\/semasc\/prefeitura-de-manaus-inicia-conferencia-municipal-de-seguranca-alimentar-com-o-tema-amazonia-sem-fome\/\",\"url\":\"https:\/\/www.manaus.am.gov.br\/semasc\/prefeitura-de-manaus-inicia-conferencia-municipal-de-seguranca-alimentar-com-o-tema-amazonia-sem-fome\/\",\"name\":\"Prefeitura de Manaus inicia Confer\u00eancia Municipal de Seguran\u00e7a Alimentar com o tema Amaz\u00f4nia sem fome - SEMASC\",\"isPartOf\":{\"@id\":\"https:\/\/www.manaus.am.gov.br\/semasc\/#website\"},\"primaryImageOfPage\":{\"@id\":\"https:\/\/www.manaus.am.gov.br\/semasc\/prefeitura-de-manaus-inicia-conferencia-municipal-de-seguranca-alimentar-com-o-tema-amazonia-sem-fome\/#primaryimage\"},\"image\":{\"@id\":\"https:\/\/www.manaus.am.gov.br\/semasc\/prefeitura-de-manaus-inicia-conferencia-municipal-de-seguranca-alimentar-com-o-tema-amazonia-sem-fome\/#primaryimage\"},\"thumbnailUrl\":\"https:\/\/www.manaus.am.gov.br\/semasc\/wp-content\/uploads\/sites\/17\/2023\/09\/53220658363_36bbda19ab_c.jpg\",\"datePublished\":\"2023-09-28T23:33:24+00:00\",\"dateModified\":\"2023-09-28T23:33:25+00:00\",\"breadcrumb\":{\"@id\":\"https:\/\/www.manaus.am.gov.br\/semasc\/prefeitura-de-manaus-inicia-conferencia-municipal-de-seguranca-alimentar-com-o-tema-amazonia-sem-fome\/#breadcrumb\"},\"inLanguage\":\"pt-BR\",\"potentialAction\":[{\"@type\":\"ReadAction\",\"target\":[\"https:\/\/www.manaus.am.gov.br\/semasc\/prefeitura-de-manaus-inicia-conferencia-municipal-de-seguranca-alimentar-com-o-tema-amazonia-sem-fome\/\"]}]},{\"@type\":\"ImageObject\",\"inLanguage\":\"pt-BR\",\"@id\":\"https:\/\/www.manaus.am.gov.br\/semasc\/prefeitura-de-manaus-inicia-conferencia-municipal-de-seguranca-alimentar-com-o-tema-amazonia-sem-fome\/#primaryimage\",\"url\":\"https:\/\/www.manaus.am.gov.br\/semasc\/wp-content\/uploads\/sites\/17\/2023\/09\/53220658363_36bbda19ab_c.jpg\",\"contentUrl\":\"https:\/\/www.manaus.am.gov.br\/semasc\/wp-content\/uploads\/sites\/17\/2023\/09\/53220658363_36bbda19ab_c.jpg\",\"width\":799,\"height\":533},{\"@type\":\"BreadcrumbList\",\"@id\":\"https:\/\/www.manaus.am.gov.br\/semasc\/prefeitura-de-manaus-inicia-conferencia-municipal-de-seguranca-alimentar-com-o-tema-amazonia-sem-fome\/#breadcrumb\",\"itemListElement\":[{\"@type\":\"ListItem\",\"position\":1,\"name\":\"Home\",\"item\":\"https:\/\/www.manaus.am.gov.br\/semasc\/\"},{\"@type\":\"ListItem\",\"position\":2,\"name\":\"Prefeitura de Manaus inicia Confer\u00eancia Municipal de Seguran\u00e7a Alimentar com o tema Amaz\u00f4nia sem fome\"}]},{\"@type\":\"WebSite\",\"@id\":\"https:\/\/www.manaus.am.gov.br\/semasc\/#website\",\"url\":\"https:\/\/www.manaus.am.gov.br\/semasc\/\",\"name\":\"SEMASC\",\"description\":\"Secretaria Municipal da Mulher, Assist\u00eancia Social e Cidadania.\",\"publisher\":{\"@id\":\"https:\/\/www.manaus.am.gov.br\/semasc\/#organization\"},\"alternateName\":\"Secretaria Municipal da Mulher, Assist\u00eancia Social e Cidadania\",\"potentialAction\":[{\"@type\":\"SearchAction\",\"target\":{\"@type\":\"EntryPoint\",\"urlTemplate\":\"https:\/\/www.manaus.am.gov.br\/semasc\/?s={search_term_string}\"},\"query-input\":\"required name=search_term_string\"}],\"inLanguage\":\"pt-BR\"},{\"@type\":\"Organization\",\"@id\":\"https:\/\/www.manaus.am.gov.br\/semasc\/#organization\",\"name\":\"Prefeitura de Manaus\",\"alternateName\":\"Prefeitura Municipal de Manaus\",\"url\":\"https:\/\/www.manaus.am.gov.br\/semasc\/\",\"logo\":{\"@type\":\"ImageObject\",\"inLanguage\":\"pt-BR\",\"@id\":\"https:\/\/www.manaus.am.gov.br\/semasc\/#\/schema\/logo\/image\/\",\"url\":\"https:\/\/www.manaus.am.gov.br\/semasc\/wp-content\/uploads\/sites\/17\/2024\/07\/favicon.png\",\"contentUrl\":\"https:\/\/www.manaus.am.gov.br\/semasc\/wp-content\/uploads\/sites\/17\/2024\/07\/favicon.png\",\"width\":300,\"height\":300,\"caption\":\"Prefeitura de Manaus\"},\"image\":{\"@id\":\"https:\/\/www.manaus.am.gov.br\/semasc\/#\/schema\/logo\/image\/\"},\"sameAs\":[\"https:\/\/www.facebook.com\/semascmanaus\",\"https:\/\/www.instagram.com\/semascmanaus\/\"]},{\"@type\":\"Person\",\"@id\":\"https:\/\/www.manaus.am.gov.br\/semasc\/#\/schema\/person\/4eea2a8f78dc853097abb026f728aa06\",\"name\":\"Renata Felix\",\"image\":{\"@type\":\"ImageObject\",\"inLanguage\":\"pt-BR\",\"@id\":\"https:\/\/www.manaus.am.gov.br\/semasc\/#\/schema\/person\/image\/\",\"url\":\"https:\/\/secure.gravatar.com\/avatar\/3c196cf9d3b837b24c8edb2c50fd8f29?s=96&d=mm&r=g\",\"contentUrl\":\"https:\/\/secure.gravatar.com\/avatar\/3c196cf9d3b837b24c8edb2c50fd8f29?s=96&d=mm&r=g\",\"caption\":\"Renata Felix\"}}]}<\/script>\n<!-- \/ Yoast SEO plugin. -->","yoast_head_json":{"title":"Prefeitura de Manaus inicia Confer\u00eancia Municipal de Seguran\u00e7a Alimentar com o tema Amaz\u00f4nia sem fome - SEMASC","robots":{"index":"noindex","follow":"follow"},"og_locale":"pt_BR","og_type":"article","og_title":"Prefeitura de Manaus inicia Confer\u00eancia Municipal de Seguran\u00e7a Alimentar com o tema Amaz\u00f4nia sem fome - SEMASC","og_url":"https:\/\/www.manaus.am.gov.br\/semasc\/prefeitura-de-manaus-inicia-conferencia-municipal-de-seguranca-alimentar-com-o-tema-amazonia-sem-fome\/","og_site_name":"SEMASC","article_publisher":"https:\/\/www.facebook.com\/semascmanaus","article_published_time":"2023-09-28T23:33:24+00:00","article_modified_time":"2023-09-28T23:33:25+00:00","og_image":[{"width":799,"height":533,"url":"https:\/\/www.manaus.am.gov.br\/semasc\/wp-content\/uploads\/sites\/17\/2023\/09\/53220658363_36bbda19ab_c.jpg","type":"image\/jpeg"}],"author":"Renata Felix","twitter_card":"summary_large_image","twitter_misc":{"Written by":"Renata Felix","Est. reading time":"5 minutos"},"schema":{"@context":"https:\/\/schema.org","@graph":[{"@type":"Article","@id":"https:\/\/www.manaus.am.gov.br\/semasc\/prefeitura-de-manaus-inicia-conferencia-municipal-de-seguranca-alimentar-com-o-tema-amazonia-sem-fome\/#article","isPartOf":{"@id":"https:\/\/www.manaus.am.gov.br\/semasc\/prefeitura-de-manaus-inicia-conferencia-municipal-de-seguranca-alimentar-com-o-tema-amazonia-sem-fome\/"},"author":{"name":"Renata Felix","@id":"https:\/\/www.manaus.am.gov.br\/semasc\/#\/schema\/person\/4eea2a8f78dc853097abb026f728aa06"},"headline":"Prefeitura de Manaus inicia Confer\u00eancia Municipal de Seguran\u00e7a Alimentar com o tema Amaz\u00f4nia sem fome","datePublished":"2023-09-28T23:33:24+00:00","dateModified":"2023-09-28T23:33:25+00:00","mainEntityOfPage":{"@id":"https:\/\/www.manaus.am.gov.br\/semasc\/prefeitura-de-manaus-inicia-conferencia-municipal-de-seguranca-alimentar-com-o-tema-amazonia-sem-fome\/"},"wordCount":932,"publisher":{"@id":"https:\/\/www.manaus.am.gov.br\/semasc\/#organization"},"image":{"@id":"https:\/\/www.manaus.am.gov.br\/semasc\/prefeitura-de-manaus-inicia-conferencia-municipal-de-seguranca-alimentar-com-o-tema-amazonia-sem-fome\/#primaryimage"},"thumbnailUrl":"https:\/\/www.manaus.am.gov.br\/semasc\/wp-content\/uploads\/sites\/17\/2023\/09\/53220658363_36bbda19ab_c.jpg","keywords":["6\u00aa Confer\u00eancia Municipal de Seguran\u00e7a Alimentar e Nutricional","Amaz\u00f4nia Sem Fome","Comsean"],"articleSection":["Debates"],"inLanguage":"pt-BR"},{"@type":"WebPage","@id":"https:\/\/www.manaus.am.gov.br\/semasc\/prefeitura-de-manaus-inicia-conferencia-municipal-de-seguranca-alimentar-com-o-tema-amazonia-sem-fome\/","url":"https:\/\/www.manaus.am.gov.br\/semasc\/prefeitura-de-manaus-inicia-conferencia-municipal-de-seguranca-alimentar-com-o-tema-amazonia-sem-fome\/","name":"Prefeitura de Manaus inicia Confer\u00eancia Municipal de Seguran\u00e7a Alimentar com o tema Amaz\u00f4nia sem fome - SEMASC","isPartOf":{"@id":"https:\/\/www.manaus.am.gov.br\/semasc\/#website"},"primaryImageOfPage":{"@id":"https:\/\/www.manaus.am.gov.br\/semasc\/prefeitura-de-manaus-inicia-conferencia-municipal-de-seguranca-alimentar-com-o-tema-amazonia-sem-fome\/#primaryimage"},"image":{"@id":"https:\/\/www.manaus.am.gov.br\/semasc\/prefeitura-de-manaus-inicia-conferencia-municipal-de-seguranca-alimentar-com-o-tema-amazonia-sem-fome\/#primaryimage"},"thumbnailUrl":"https:\/\/www.manaus.am.gov.br\/semasc\/wp-content\/uploads\/sites\/17\/2023\/09\/53220658363_36bbda19ab_c.jpg","datePublished":"2023-09-28T23:33:24+00:00","dateModified":"2023-09-28T23:33:25+00:00","breadcrumb":{"@id":"https:\/\/www.manaus.am.gov.br\/semasc\/prefeitura-de-manaus-inicia-conferencia-municipal-de-seguranca-alimentar-com-o-tema-amazonia-sem-fome\/#breadcrumb"},"inLanguage":"pt-BR","potentialAction":[{"@type":"ReadAction","target":["https:\/\/www.manaus.am.gov.br\/semasc\/prefeitura-de-manaus-inicia-conferencia-municipal-de-seguranca-alimentar-com-o-tema-amazonia-sem-fome\/"]}]},{"@type":"ImageObject","inLanguage":"pt-BR","@id":"https:\/\/www.manaus.am.gov.br\/semasc\/prefeitura-de-manaus-inicia-conferencia-municipal-de-seguranca-alimentar-com-o-tema-amazonia-sem-fome\/#primaryimage","url":"https:\/\/www.manaus.am.gov.br\/semasc\/wp-content\/uploads\/sites\/17\/2023\/09\/53220658363_36bbda19ab_c.jpg","contentUrl":"https:\/\/www.manaus.am.gov.br\/semasc\/wp-content\/uploads\/sites\/17\/2023\/09\/53220658363_36bbda19ab_c.jpg","width":799,"height":533},{"@type":"BreadcrumbList","@id":"https:\/\/www.manaus.am.gov.br\/semasc\/prefeitura-de-manaus-inicia-conferencia-municipal-de-seguranca-alimentar-com-o-tema-amazonia-sem-fome\/#breadcrumb","itemListElement":[{"@type":"ListItem","position":1,"name":"Home","item":"https:\/\/www.manaus.am.gov.br\/semasc\/"},{"@type":"ListItem","position":2,"name":"Prefeitura de Manaus inicia Confer\u00eancia Municipal de Seguran\u00e7a Alimentar com o tema Amaz\u00f4nia sem fome"}]},{"@type":"WebSite","@id":"https:\/\/www.manaus.am.gov.br\/semasc\/#website","url":"https:\/\/www.manaus.am.gov.br\/semasc\/","name":"SEMASC","description":"Secretaria Municipal da Mulher, Assist\u00eancia Social e Cidadania.","publisher":{"@id":"https:\/\/www.manaus.am.gov.br\/semasc\/#organization"},"alternateName":"Secretaria Municipal da Mulher, Assist\u00eancia Social e Cidadania","potentialAction":[{"@type":"SearchAction","target":{"@type":"EntryPoint","urlTemplate":"https:\/\/www.manaus.am.gov.br\/semasc\/?s={search_term_string}"},"query-input":"required name=search_term_string"}],"inLanguage":"pt-BR"},{"@type":"Organization","@id":"https:\/\/www.manaus.am.gov.br\/semasc\/#organization","name":"Prefeitura de Manaus","alternateName":"Prefeitura Municipal de Manaus","url":"https:\/\/www.manaus.am.gov.br\/semasc\/","logo":{"@type":"ImageObject","inLanguage":"pt-BR","@id":"https:\/\/www.manaus.am.gov.br\/semasc\/#\/schema\/logo\/image\/","url":"https:\/\/www.manaus.am.gov.br\/semasc\/wp-content\/uploads\/sites\/17\/2024\/07\/favicon.png","contentUrl":"https:\/\/www.manaus.am.gov.br\/semasc\/wp-content\/uploads\/sites\/17\/2024\/07\/favicon.png","width":300,"height":300,"caption":"Prefeitura de Manaus"},"image":{"@id":"https:\/\/www.manaus.am.gov.br\/semasc\/#\/schema\/logo\/image\/"},"sameAs":["https:\/\/www.facebook.com\/semascmanaus","https:\/\/www.instagram.com\/semascmanaus\/"]},{"@type":"Person","@id":"https:\/\/www.manaus.am.gov.br\/semasc\/#\/schema\/person\/4eea2a8f78dc853097abb026f728aa06","name":"Renata Felix","image":{"@type":"ImageObject","inLanguage":"pt-BR","@id":"https:\/\/www.manaus.am.gov.br\/semasc\/#\/schema\/person\/image\/","url":"https:\/\/secure.gravatar.com\/avatar\/3c196cf9d3b837b24c8edb2c50fd8f29?s=96&d=mm&r=g","contentUrl":"https:\/\/secure.gravatar.com\/avatar\/3c196cf9d3b837b24c8edb2c50fd8f29?s=96&d=mm&r=g","caption":"Renata Felix"}}]}},"_links":{"self":[{"href":"https:\/\/www.manaus.am.gov.br\/semasc\/wp-json\/wp\/v2\/posts\/208952"}],"collection":[{"href":"https:\/\/www.manaus.am.gov.br\/semasc\/wp-json\/wp\/v2\/posts"}],"about":[{"href":"https:\/\/www.manaus.am.gov.br\/semasc\/wp-json\/wp\/v2\/types\/post"}],"author":[{"embeddable":true,"href":"https:\/\/www.manaus.am.gov.br\/semasc\/wp-json\/wp\/v2\/users\/31"}],"replies":[{"embeddable":true,"href":"https:\/\/www.manaus.am.gov.br\/semasc\/wp-json\/wp\/v2\/comments?post=208952"}],"version-history":[{"count":0,"href":"https:\/\/www.manaus.am.gov.br\/semasc\/wp-json\/wp\/v2\/posts\/208952\/revisions"}],"wp:featuredmedia":[{"embeddable":true,"href":"https:\/\/www.manaus.am.gov.br\/semasc\/wp-json\/wp\/v2\/media\/208953"}],"wp:attachment":[{"href":"https:\/\/www.manaus.am.gov.br\/semasc\/wp-json\/wp\/v2\/media?parent=208952"}],"wp:term":[{"taxonomy":"category","embeddable":true,"href":"https:\/\/www.manaus.am.gov.br\/semasc\/wp-json\/wp\/v2\/categories?post=208952"},{"taxonomy":"post_tag","embeddable":true,"href":"https:\/\/www.manaus.am.gov.br\/semasc\/wp-json\/wp\/v2\/tags?post=208952"}],"curies":[{"name":"wp","href":"https:\/\/api.w.org\/{rel}","templated":true}]}}