{"id":208946,"date":"2023-09-28T13:39:30","date_gmt":"2023-09-28T17:39:30","guid":{"rendered":"https:\/\/www.manaus.am.gov.br\/semasc\/primeiro-centro-de-convivencia-da-familia-e-do-idoso-municipal-e-marca-dos-1000-dias-desta-gestao\/"},"modified":"2023-09-28T13:39:30","modified_gmt":"2023-09-28T17:39:30","slug":"primeiro-centro-de-convivencia-da-familia-e-do-idoso-municipal-e-marca-dos-1000-dias-desta-gestao","status":"publish","type":"post","link":"https:\/\/www.manaus.am.gov.br\/semasc\/primeiro-centro-de-convivencia-da-familia-e-do-idoso-municipal-e-marca-dos-1000-dias-desta-gestao\/","title":{"rendered":"<strong>Primeiro Centro de Conviv\u00eancia da Fam\u00edlia e do Idoso municipal \u00e9 marca dos 1.000 dias desta gest\u00e3o<\/strong>"},"content":{"rendered":"\n<figure class=\"wp-block-image size-full\"><img decoding=\"async\" src=\"https:\/\/www.manaus.am.gov.br\/wp-content\/uploads\/2023\/09\/selo1000dias.png\" alt=\"\" class=\"wp-image-227963\" \/><\/figure>\n\n\n\n<p>Nos 1.000 dias da gest\u00e3o do prefeito David Almeida, a Prefeitura de Manaus entregou \u00e0 popula\u00e7\u00e3o manauara o Centro de Conviv\u00eancia da Fam\u00edlia e do Idoso Prefeito Jos\u00e9 Fernandes, em maio deste ano, fruto de emendas parlamentares. Este \u00e9 o primeiro centro de conviv\u00eancia municipal da hist\u00f3ria da capital amazonense, localizado no bairro S\u00e3o Jos\u00e9 3, zona Leste, oferecendo aos mais de 500 mil moradores dessa \u00e1rea servi\u00e7os assistenciais, educacionais e de cidadania.\u00a0<\/p>\n\n\n\n<p>Na assist\u00eancia social, a prefeitura, por interm\u00e9dio da Secretaria Municipal da Mulher, Assist\u00eancia Social e Cidadania (Semasc), ainda atua com o &#8220;Prato do Povo&#8221;, na zona Norte, respons\u00e1vel pela seguran\u00e7a alimentar e nutricional de fam\u00edlias em estado de vulnerabilidade social, oferecendo uma alimenta\u00e7\u00e3o completa pelo valor simb\u00f3lico de R$ 1. Al\u00e9m disso, realiza mutir\u00f5es de Cadastro \u00danico em todas as zonas de Manaus, e a amplia\u00e7\u00e3o da prote\u00e7\u00e3o social, incluindo as de assist\u00eancia \u00e0 mulher em situa\u00e7\u00e3o de viol\u00eancia, tamb\u00e9m merecem destaque.&nbsp;<\/p>\n\n\n\n<p>\u00c9 por interm\u00e9dio do centro de conviv\u00eancia que a gest\u00e3o municipal oferece aos habitantes da zona Leste servi\u00e7os socioassistenciais totalmente gratuitos, dispondo tamb\u00e9m de atividades culturais, esportivas, de lazer e cursos de capacita\u00e7\u00e3o em diversas \u00e1reas. A constru\u00e7\u00e3o desse novo espa\u00e7o custou R$ 3 milh\u00f5es, por meio de emendas parlamentares dos ent\u00e3o deputados federais Concei\u00e7\u00e3o Sampaio e Jos\u00e9 Ricardo.<\/p>\n\n\n\n<p>\u201cN\u00e3o tem nem compara\u00e7\u00e3o com o que era antes. Esse centro de conviv\u00eancia \u00e9 tudo de bom para n\u00f3s, que moramos nesta \u00e1rea\u201d, afirmou a comerciante aut\u00f4noma Norma Batalha de Azevedo, 54, moradora do S\u00e3o Jos\u00e9 3. Para ela, que participou da Oficina de Geleia de Morango oferecida pelo espa\u00e7o, em parceria com o Servi\u00e7o Nacional de Aprendizagem Comercial (Senac), o Centro de Conviv\u00eancia da Fam\u00edlia e do Idoso Prefeito Jos\u00e9 Fernandes representa uma demanda h\u00e1 muito cobrada pela popula\u00e7\u00e3o.&nbsp;<\/p>\n\n\n\n<p>\u201cEra uma obra que fazia muita falta para a comunidade. Eu mesma n\u00e3o participo apenas da oficina, mas das aulas de dan\u00e7a daqui, que amo. \u00c9 um lugar em que todos se sentem felizes, seguros e acolhidos. S\u00f3 temos a agradecer ao nosso prefeito\u201d, completou.\u00a0<\/p>\n\n\n\n<figure class=\"wp-block-image size-full\"><img loading=\"lazy\" decoding=\"async\" width=\"800\" height=\"450\" src=\"https:\/\/www.manaus.am.gov.br\/semasc\/wp-content\/uploads\/sites\/17\/2023\/09\/52910481294_4625b61530_c.jpg\" alt=\"\" class=\"wp-image-208948\" srcset=\"https:\/\/www.manaus.am.gov.br\/semasc\/wp-content\/uploads\/sites\/17\/2023\/09\/52910481294_4625b61530_c.jpg 800w, https:\/\/www.manaus.am.gov.br\/semasc\/wp-content\/uploads\/sites\/17\/2023\/09\/52910481294_4625b61530_c-300x169.jpg 300w, https:\/\/www.manaus.am.gov.br\/semasc\/wp-content\/uploads\/sites\/17\/2023\/09\/52910481294_4625b61530_c-768x432.jpg 768w\" sizes=\"(max-width: 800px) 100vw, 800px\" \/><\/figure>\n\n\n\n<p>De acordo com o prefeito de Manaus, David Almeida, n\u00e3o \u00e9 f\u00e1cil executar obras no servi\u00e7o p\u00fablico e os apoios s\u00e3o sempre bem-vindos. \u201cVolto a agradecer o apoio dos deputados para a constru\u00e7\u00e3o desse importante espa\u00e7o na zona Leste. Estamos transformando a realidade da cidade, comprovando o nosso olhar sens\u00edvel com os moradores das comunidades da nossa Manaus\u201d.<\/p>\n\n\n\n<p>J\u00e1 o secret\u00e1rio da Semasc, Eduardo Lucas, afirmou que tem muito orgulho de fazer parte desta gest\u00e3o que trabalha de forma integrada. \u201cEsse equipamento \u00e9 para a popula\u00e7\u00e3o da zona Leste. S\u00e3o diversas atividades que est\u00e3o transformando a rotina dos moradores desta regi\u00e3o. Com um Cras funcionando dentro deste espa\u00e7o, temos cursos profissionalizantes. Tudo isso \u00e9 para fortalecer as fam\u00edlias, que s\u00e3o a base da nossa sociedade\u201d, ressaltou.<\/p>\n\n\n\n<p><strong>Qualidade de vida<\/strong><\/p>\n\n\n\n<p>\u201cAntes do centro de conviv\u00eancia, n\u00e3o havia na zona Leste um equipamento t\u00e3o completo e t\u00e3o espec\u00edfico em rela\u00e7\u00e3o a esses tipos de atendimentos, com cursos e outros tipos de atividades. \u00c9 algo inovador e em \u00fanico espa\u00e7o, e bem acess\u00edvel. Por meio de diversas parcerias com outras institui\u00e7\u00f5es, hoje, por exemplo, podemos preparar nossos jovens para o mercado de trabalho e garantir aos idosos um espa\u00e7o de recrea\u00e7\u00e3o. Isso \u00e9 qualidade de vida para a popula\u00e7\u00e3o\u201d, destacou Franciane Cunha, coordenadora em exerc\u00edcio do espa\u00e7o.&nbsp;<\/p>\n\n\n\n<p>Iniciados os atendimentos desde a sua inaugura\u00e7\u00e3o, hoje, cerca 15 mil pessoas passam pelo centro de conviv\u00eancia mensalmente, tendo acesso a uma estrutura composta por duas salas de atendimento t\u00e9cnico, duas salas para escuta qualificada, um laborat\u00f3rio de inform\u00e1tica, uma sala multiuso, uma cozinha com refeit\u00f3rio, uma sala de atividade cultural, uma pista para caminhada e um espa\u00e7o contemplativo.\u00a0<\/p>\n\n\n\n<figure class=\"wp-block-image size-full\"><img loading=\"lazy\" decoding=\"async\" width=\"799\" height=\"533\" src=\"https:\/\/www.manaus.am.gov.br\/semasc\/wp-content\/uploads\/sites\/17\/2023\/09\/52910761088_00527a4107_c.jpg\" alt=\"\" class=\"wp-image-208947\" srcset=\"https:\/\/www.manaus.am.gov.br\/semasc\/wp-content\/uploads\/sites\/17\/2023\/09\/52910761088_00527a4107_c.jpg 799w, https:\/\/www.manaus.am.gov.br\/semasc\/wp-content\/uploads\/sites\/17\/2023\/09\/52910761088_00527a4107_c-300x200.jpg 300w, https:\/\/www.manaus.am.gov.br\/semasc\/wp-content\/uploads\/sites\/17\/2023\/09\/52910761088_00527a4107_c-768x512.jpg 768w\" sizes=\"(max-width: 799px) 100vw, 799px\" \/><\/figure>\n\n\n\n<p>Grande parte desse quantitativo de pessoas chega ao espa\u00e7o em busca do atendimento socioassistencial oferecido pelo Centro de Refer\u00eancia de Assist\u00eancia Social (Cras) S\u00e3o Jos\u00e9 4, equipamento que tamb\u00e9m se encontra alocado dentro das instala\u00e7\u00f5es do Centro de Conviv\u00eancia da Fam\u00edlia e do Idoso Prefeito Jos\u00e9 Fernandes. E \u00e9 respons\u00e1vel pela oferta do Servi\u00e7o de Conviv\u00eancia e Fortalecimento de V\u00ednculos (SCFV) e outras a\u00e7\u00f5es relativas \u00e0 inser\u00e7\u00e3o, atualiza\u00e7\u00e3o e verifica\u00e7\u00e3o do Cadastro \u00danico, bem como os benef\u00edcios e programas sociais desenvolvidos e oferecidos por interm\u00e9dio da ferramenta.&nbsp;&nbsp;<\/p>\n\n\n\n<p>Para a entrevistadora social do Cras S\u00e3o Jos\u00e9 4, Ana Carolina Nunes, o equipamento, que passou por um per\u00edodo de tempo alocado dentro do Centro Integrado Municipal de Educa\u00e7\u00e3o (Cime) Arthur Virg\u00edlio do Carmo Ribeiro Filho antes da inaugura\u00e7\u00e3o do centro de conviv\u00eancia, s\u00f3 teve a ganhar com o novo local, assim como as fam\u00edlias a quem atende.&nbsp;<\/p>\n\n\n\n<p>\u201cHoje, temos mais liberdade e conforto para realizar o nosso trabalho, conseguimos desenvolver nossas atividades sem o conflito de p\u00fablicos, al\u00e9m de realizar pequenos eventos. Tudo isso, gra\u00e7as ao espa\u00e7o do centro de conviv\u00eancia. Como moradora da zona Leste, vejo que este \u00e9 um local extremamente vi\u00e1vel para as fam\u00edlias que moram aqui, pois integra em um \u00fanico local os nossos servi\u00e7os e muitos outros mais\u201d, concluiu.&nbsp;<\/p>\n\n\n\n<p><strong>Trabalho que muda vidas<\/strong><\/p>\n\n\n\n<p>O instrutor do Senac, Elias Essucy, respons\u00e1vel por diversas oficinas gastron\u00f4micas realizadas no espa\u00e7o, destacou que a oportunidade de participar do trabalho realizado pelo centro de conviv\u00eancia \u00e9 motivo de orgulho e satisfa\u00e7\u00e3o.&nbsp;<\/p>\n\n\n\n<p>\u201cPara mim, \u00e9 extremamente gratificante poder estar trabalhando neste projeto junto ao Senac, ao centro de conviv\u00eancia e a essas mulheres maravilhosas que precisam desse incentivo, desse arsenal que oferecemos para que elas possam ter uma renda extra, para que possam montar seus pr\u00f3prios neg\u00f3cios, caso queiram. \u00c9 um lugar que trata as fam\u00edlias que chegam aqui de forma extremamente humanizada, carinhosa e com amor ao trabalho\u201d, afirmou.&nbsp;<\/p>\n\n\n\n<p>\u2014&#8212;<\/p>\n\n\n\n<p><strong>Texto &#8211;<\/strong> Guilherme Pacheco \/ Semasc&nbsp;<\/p>\n\n\n\n<p><strong>Fotos &#8211;<\/strong> Diego Lima \/ Semasc e Divulga\u00e7\u00e3o \/ Semcom<\/p>\n","protected":false},"excerpt":{"rendered":"","protected":false},"author":52,"featured_media":208949,"comment_status":"closed","ping_status":"closed","sticky":false,"template":"","format":"standard","meta":{"footnotes":""},"categories":[410],"tags":[453,454,133,7],"acf":[],"yoast_head":"<!-- This site is optimized with the Yoast SEO plugin v23.0 - https:\/\/yoast.com\/wordpress\/plugins\/seo\/ -->\n<title>Primeiro Centro de Conviv\u00eancia da Fam\u00edlia e do Idoso municipal \u00e9 marca dos 1.000 dias desta gest\u00e3o<\/title>\n<meta name=\"description\" content=\"Nos 1.000 dias da gest\u00e3o do prefeito David Almeida, a Prefeitura de Manaus entregou \u00e0 popula\u00e7\u00e3o manauara o Centro.\" \/>\n<meta name=\"robots\" content=\"noindex, follow\" \/>\n<meta property=\"og:locale\" content=\"pt_BR\" \/>\n<meta property=\"og:type\" content=\"article\" \/>\n<meta property=\"og:title\" content=\"Primeiro Centro de Conviv\u00eancia da Fam\u00edlia e do Idoso municipal \u00e9 marca dos 1.000 dias desta gest\u00e3o\" \/>\n<meta property=\"og:description\" content=\"Nos 1.000 dias da gest\u00e3o do prefeito David Almeida, a Prefeitura de Manaus entregou \u00e0 popula\u00e7\u00e3o manauara o Centro.\" \/>\n<meta property=\"og:url\" content=\"https:\/\/www.manaus.am.gov.br\/semasc\/primeiro-centro-de-convivencia-da-familia-e-do-idoso-municipal-e-marca-dos-1000-dias-desta-gestao\/\" \/>\n<meta property=\"og:site_name\" content=\"SEMASC\" \/>\n<meta property=\"article:publisher\" content=\"https:\/\/www.facebook.com\/semascmanaus\" \/>\n<meta property=\"article:published_time\" content=\"2023-09-28T17:39:30+00:00\" \/>\n<meta property=\"og:image\" content=\"https:\/\/www.manaus.am.gov.br\/semasc\/wp-content\/uploads\/sites\/17\/2023\/09\/707c7a9d-36ad-4eeb-a53f-b41b5a3f5c1d.jpg\" \/>\n\t<meta property=\"og:image:width\" content=\"823\" \/>\n\t<meta property=\"og:image:height\" content=\"592\" \/>\n\t<meta property=\"og:image:type\" content=\"image\/jpeg\" \/>\n<meta name=\"author\" content=\"csilveira\" \/>\n<meta name=\"twitter:card\" content=\"summary_large_image\" \/>\n<meta name=\"twitter:label1\" content=\"Written by\" \/>\n\t<meta name=\"twitter:data1\" content=\"csilveira\" \/>\n\t<meta name=\"twitter:label2\" content=\"Est. reading time\" \/>\n\t<meta name=\"twitter:data2\" content=\"6 minutos\" \/>\n<script type=\"application\/ld+json\" class=\"yoast-schema-graph\">{\"@context\":\"https:\/\/schema.org\",\"@graph\":[{\"@type\":\"Article\",\"@id\":\"https:\/\/www.manaus.am.gov.br\/semasc\/primeiro-centro-de-convivencia-da-familia-e-do-idoso-municipal-e-marca-dos-1000-dias-desta-gestao\/#article\",\"isPartOf\":{\"@id\":\"https:\/\/www.manaus.am.gov.br\/semasc\/primeiro-centro-de-convivencia-da-familia-e-do-idoso-municipal-e-marca-dos-1000-dias-desta-gestao\/\"},\"author\":{\"name\":\"csilveira\",\"@id\":\"https:\/\/www.manaus.am.gov.br\/semasc\/#\/schema\/person\/bfafc779be2e19b3d3ef4a59d418b606\"},\"headline\":\"Primeiro Centro de Conviv\u00eancia da Fam\u00edlia e do Idoso municipal \u00e9 marca dos 1.000 dias desta gest\u00e3o\",\"datePublished\":\"2023-09-28T17:39:30+00:00\",\"dateModified\":\"2023-09-28T17:39:30+00:00\",\"mainEntityOfPage\":{\"@id\":\"https:\/\/www.manaus.am.gov.br\/semasc\/primeiro-centro-de-convivencia-da-familia-e-do-idoso-municipal-e-marca-dos-1000-dias-desta-gestao\/\"},\"wordCount\":1073,\"publisher\":{\"@id\":\"https:\/\/www.manaus.am.gov.br\/semasc\/#organization\"},\"image\":{\"@id\":\"https:\/\/www.manaus.am.gov.br\/semasc\/primeiro-centro-de-convivencia-da-familia-e-do-idoso-municipal-e-marca-dos-1000-dias-desta-gestao\/#primaryimage\"},\"thumbnailUrl\":\"https:\/\/www.manaus.am.gov.br\/semasc\/wp-content\/uploads\/sites\/17\/2023\/09\/707c7a9d-36ad-4eeb-a53f-b41b5a3f5c1d.jpg\",\"keywords\":[\"centro de conviv\u00eancia\",\"fam\u00edlia\",\"idosos\",\"prefeitura de manaus\"],\"articleSection\":[\"1.000 Dias\"],\"inLanguage\":\"pt-BR\"},{\"@type\":\"WebPage\",\"@id\":\"https:\/\/www.manaus.am.gov.br\/semasc\/primeiro-centro-de-convivencia-da-familia-e-do-idoso-municipal-e-marca-dos-1000-dias-desta-gestao\/\",\"url\":\"https:\/\/www.manaus.am.gov.br\/semasc\/primeiro-centro-de-convivencia-da-familia-e-do-idoso-municipal-e-marca-dos-1000-dias-desta-gestao\/\",\"name\":\"Primeiro Centro de Conviv\u00eancia da Fam\u00edlia e do Idoso municipal \u00e9 marca dos 1.000 dias desta gest\u00e3o\",\"isPartOf\":{\"@id\":\"https:\/\/www.manaus.am.gov.br\/semasc\/#website\"},\"primaryImageOfPage\":{\"@id\":\"https:\/\/www.manaus.am.gov.br\/semasc\/primeiro-centro-de-convivencia-da-familia-e-do-idoso-municipal-e-marca-dos-1000-dias-desta-gestao\/#primaryimage\"},\"image\":{\"@id\":\"https:\/\/www.manaus.am.gov.br\/semasc\/primeiro-centro-de-convivencia-da-familia-e-do-idoso-municipal-e-marca-dos-1000-dias-desta-gestao\/#primaryimage\"},\"thumbnailUrl\":\"https:\/\/www.manaus.am.gov.br\/semasc\/wp-content\/uploads\/sites\/17\/2023\/09\/707c7a9d-36ad-4eeb-a53f-b41b5a3f5c1d.jpg\",\"datePublished\":\"2023-09-28T17:39:30+00:00\",\"dateModified\":\"2023-09-28T17:39:30+00:00\",\"description\":\"Nos 1.000 dias da gest\u00e3o do prefeito David Almeida, a Prefeitura de Manaus entregou \u00e0 popula\u00e7\u00e3o manauara o Centro.\",\"breadcrumb\":{\"@id\":\"https:\/\/www.manaus.am.gov.br\/semasc\/primeiro-centro-de-convivencia-da-familia-e-do-idoso-municipal-e-marca-dos-1000-dias-desta-gestao\/#breadcrumb\"},\"inLanguage\":\"pt-BR\",\"potentialAction\":[{\"@type\":\"ReadAction\",\"target\":[\"https:\/\/www.manaus.am.gov.br\/semasc\/primeiro-centro-de-convivencia-da-familia-e-do-idoso-municipal-e-marca-dos-1000-dias-desta-gestao\/\"]}]},{\"@type\":\"ImageObject\",\"inLanguage\":\"pt-BR\",\"@id\":\"https:\/\/www.manaus.am.gov.br\/semasc\/primeiro-centro-de-convivencia-da-familia-e-do-idoso-municipal-e-marca-dos-1000-dias-desta-gestao\/#primaryimage\",\"url\":\"https:\/\/www.manaus.am.gov.br\/semasc\/wp-content\/uploads\/sites\/17\/2023\/09\/707c7a9d-36ad-4eeb-a53f-b41b5a3f5c1d.jpg\",\"contentUrl\":\"https:\/\/www.manaus.am.gov.br\/semasc\/wp-content\/uploads\/sites\/17\/2023\/09\/707c7a9d-36ad-4eeb-a53f-b41b5a3f5c1d.jpg\",\"width\":823,\"height\":592},{\"@type\":\"BreadcrumbList\",\"@id\":\"https:\/\/www.manaus.am.gov.br\/semasc\/primeiro-centro-de-convivencia-da-familia-e-do-idoso-municipal-e-marca-dos-1000-dias-desta-gestao\/#breadcrumb\",\"itemListElement\":[{\"@type\":\"ListItem\",\"position\":1,\"name\":\"Home\",\"item\":\"https:\/\/www.manaus.am.gov.br\/semasc\/\"},{\"@type\":\"ListItem\",\"position\":2,\"name\":\"Primeiro Centro de Conviv\u00eancia da Fam\u00edlia e do Idoso municipal \u00e9 marca dos 1.000 dias desta gest\u00e3o\"}]},{\"@type\":\"WebSite\",\"@id\":\"https:\/\/www.manaus.am.gov.br\/semasc\/#website\",\"url\":\"https:\/\/www.manaus.am.gov.br\/semasc\/\",\"name\":\"SEMASC\",\"description\":\"Secretaria Municipal da Mulher, Assist\u00eancia Social e Cidadania.\",\"publisher\":{\"@id\":\"https:\/\/www.manaus.am.gov.br\/semasc\/#organization\"},\"alternateName\":\"Secretaria Municipal da Mulher, Assist\u00eancia Social e Cidadania\",\"potentialAction\":[{\"@type\":\"SearchAction\",\"target\":{\"@type\":\"EntryPoint\",\"urlTemplate\":\"https:\/\/www.manaus.am.gov.br\/semasc\/?s={search_term_string}\"},\"query-input\":\"required name=search_term_string\"}],\"inLanguage\":\"pt-BR\"},{\"@type\":\"Organization\",\"@id\":\"https:\/\/www.manaus.am.gov.br\/semasc\/#organization\",\"name\":\"Prefeitura de Manaus\",\"alternateName\":\"Prefeitura Municipal de Manaus\",\"url\":\"https:\/\/www.manaus.am.gov.br\/semasc\/\",\"logo\":{\"@type\":\"ImageObject\",\"inLanguage\":\"pt-BR\",\"@id\":\"https:\/\/www.manaus.am.gov.br\/semasc\/#\/schema\/logo\/image\/\",\"url\":\"https:\/\/www.manaus.am.gov.br\/semasc\/wp-content\/uploads\/sites\/17\/2024\/07\/favicon.png\",\"contentUrl\":\"https:\/\/www.manaus.am.gov.br\/semasc\/wp-content\/uploads\/sites\/17\/2024\/07\/favicon.png\",\"width\":300,\"height\":300,\"caption\":\"Prefeitura de Manaus\"},\"image\":{\"@id\":\"https:\/\/www.manaus.am.gov.br\/semasc\/#\/schema\/logo\/image\/\"},\"sameAs\":[\"https:\/\/www.facebook.com\/semascmanaus\",\"https:\/\/www.instagram.com\/semascmanaus\/\"]},{\"@type\":\"Person\",\"@id\":\"https:\/\/www.manaus.am.gov.br\/semasc\/#\/schema\/person\/bfafc779be2e19b3d3ef4a59d418b606\",\"name\":\"csilveira\",\"image\":{\"@type\":\"ImageObject\",\"inLanguage\":\"pt-BR\",\"@id\":\"https:\/\/www.manaus.am.gov.br\/semasc\/#\/schema\/person\/image\/\",\"url\":\"https:\/\/secure.gravatar.com\/avatar\/9c2e2f00138fcd35401c748bd030d3b5?s=96&d=mm&r=g\",\"contentUrl\":\"https:\/\/secure.gravatar.com\/avatar\/9c2e2f00138fcd35401c748bd030d3b5?s=96&d=mm&r=g\",\"caption\":\"csilveira\"}}]}<\/script>\n<!-- \/ Yoast SEO plugin. -->","yoast_head_json":{"title":"Primeiro Centro de Conviv\u00eancia da Fam\u00edlia e do Idoso municipal \u00e9 marca dos 1.000 dias desta gest\u00e3o","description":"Nos 1.000 dias da gest\u00e3o do prefeito David Almeida, a Prefeitura de Manaus entregou \u00e0 popula\u00e7\u00e3o manauara o Centro.","robots":{"index":"noindex","follow":"follow"},"og_locale":"pt_BR","og_type":"article","og_title":"Primeiro Centro de Conviv\u00eancia da Fam\u00edlia e do Idoso municipal \u00e9 marca dos 1.000 dias desta gest\u00e3o","og_description":"Nos 1.000 dias da gest\u00e3o do prefeito David Almeida, a Prefeitura de Manaus entregou \u00e0 popula\u00e7\u00e3o manauara o Centro.","og_url":"https:\/\/www.manaus.am.gov.br\/semasc\/primeiro-centro-de-convivencia-da-familia-e-do-idoso-municipal-e-marca-dos-1000-dias-desta-gestao\/","og_site_name":"SEMASC","article_publisher":"https:\/\/www.facebook.com\/semascmanaus","article_published_time":"2023-09-28T17:39:30+00:00","og_image":[{"width":823,"height":592,"url":"https:\/\/www.manaus.am.gov.br\/semasc\/wp-content\/uploads\/sites\/17\/2023\/09\/707c7a9d-36ad-4eeb-a53f-b41b5a3f5c1d.jpg","type":"image\/jpeg"}],"author":"csilveira","twitter_card":"summary_large_image","twitter_misc":{"Written by":"csilveira","Est. reading time":"6 minutos"},"schema":{"@context":"https:\/\/schema.org","@graph":[{"@type":"Article","@id":"https:\/\/www.manaus.am.gov.br\/semasc\/primeiro-centro-de-convivencia-da-familia-e-do-idoso-municipal-e-marca-dos-1000-dias-desta-gestao\/#article","isPartOf":{"@id":"https:\/\/www.manaus.am.gov.br\/semasc\/primeiro-centro-de-convivencia-da-familia-e-do-idoso-municipal-e-marca-dos-1000-dias-desta-gestao\/"},"author":{"name":"csilveira","@id":"https:\/\/www.manaus.am.gov.br\/semasc\/#\/schema\/person\/bfafc779be2e19b3d3ef4a59d418b606"},"headline":"Primeiro Centro de Conviv\u00eancia da Fam\u00edlia e do Idoso municipal \u00e9 marca dos 1.000 dias desta gest\u00e3o","datePublished":"2023-09-28T17:39:30+00:00","dateModified":"2023-09-28T17:39:30+00:00","mainEntityOfPage":{"@id":"https:\/\/www.manaus.am.gov.br\/semasc\/primeiro-centro-de-convivencia-da-familia-e-do-idoso-municipal-e-marca-dos-1000-dias-desta-gestao\/"},"wordCount":1073,"publisher":{"@id":"https:\/\/www.manaus.am.gov.br\/semasc\/#organization"},"image":{"@id":"https:\/\/www.manaus.am.gov.br\/semasc\/primeiro-centro-de-convivencia-da-familia-e-do-idoso-municipal-e-marca-dos-1000-dias-desta-gestao\/#primaryimage"},"thumbnailUrl":"https:\/\/www.manaus.am.gov.br\/semasc\/wp-content\/uploads\/sites\/17\/2023\/09\/707c7a9d-36ad-4eeb-a53f-b41b5a3f5c1d.jpg","keywords":["centro de conviv\u00eancia","fam\u00edlia","idosos","prefeitura de manaus"],"articleSection":["1.000 Dias"],"inLanguage":"pt-BR"},{"@type":"WebPage","@id":"https:\/\/www.manaus.am.gov.br\/semasc\/primeiro-centro-de-convivencia-da-familia-e-do-idoso-municipal-e-marca-dos-1000-dias-desta-gestao\/","url":"https:\/\/www.manaus.am.gov.br\/semasc\/primeiro-centro-de-convivencia-da-familia-e-do-idoso-municipal-e-marca-dos-1000-dias-desta-gestao\/","name":"Primeiro Centro de Conviv\u00eancia da Fam\u00edlia e do Idoso municipal \u00e9 marca dos 1.000 dias desta gest\u00e3o","isPartOf":{"@id":"https:\/\/www.manaus.am.gov.br\/semasc\/#website"},"primaryImageOfPage":{"@id":"https:\/\/www.manaus.am.gov.br\/semasc\/primeiro-centro-de-convivencia-da-familia-e-do-idoso-municipal-e-marca-dos-1000-dias-desta-gestao\/#primaryimage"},"image":{"@id":"https:\/\/www.manaus.am.gov.br\/semasc\/primeiro-centro-de-convivencia-da-familia-e-do-idoso-municipal-e-marca-dos-1000-dias-desta-gestao\/#primaryimage"},"thumbnailUrl":"https:\/\/www.manaus.am.gov.br\/semasc\/wp-content\/uploads\/sites\/17\/2023\/09\/707c7a9d-36ad-4eeb-a53f-b41b5a3f5c1d.jpg","datePublished":"2023-09-28T17:39:30+00:00","dateModified":"2023-09-28T17:39:30+00:00","description":"Nos 1.000 dias da gest\u00e3o do prefeito David Almeida, a Prefeitura de Manaus entregou \u00e0 popula\u00e7\u00e3o manauara o Centro.","breadcrumb":{"@id":"https:\/\/www.manaus.am.gov.br\/semasc\/primeiro-centro-de-convivencia-da-familia-e-do-idoso-municipal-e-marca-dos-1000-dias-desta-gestao\/#breadcrumb"},"inLanguage":"pt-BR","potentialAction":[{"@type":"ReadAction","target":["https:\/\/www.manaus.am.gov.br\/semasc\/primeiro-centro-de-convivencia-da-familia-e-do-idoso-municipal-e-marca-dos-1000-dias-desta-gestao\/"]}]},{"@type":"ImageObject","inLanguage":"pt-BR","@id":"https:\/\/www.manaus.am.gov.br\/semasc\/primeiro-centro-de-convivencia-da-familia-e-do-idoso-municipal-e-marca-dos-1000-dias-desta-gestao\/#primaryimage","url":"https:\/\/www.manaus.am.gov.br\/semasc\/wp-content\/uploads\/sites\/17\/2023\/09\/707c7a9d-36ad-4eeb-a53f-b41b5a3f5c1d.jpg","contentUrl":"https:\/\/www.manaus.am.gov.br\/semasc\/wp-content\/uploads\/sites\/17\/2023\/09\/707c7a9d-36ad-4eeb-a53f-b41b5a3f5c1d.jpg","width":823,"height":592},{"@type":"BreadcrumbList","@id":"https:\/\/www.manaus.am.gov.br\/semasc\/primeiro-centro-de-convivencia-da-familia-e-do-idoso-municipal-e-marca-dos-1000-dias-desta-gestao\/#breadcrumb","itemListElement":[{"@type":"ListItem","position":1,"name":"Home","item":"https:\/\/www.manaus.am.gov.br\/semasc\/"},{"@type":"ListItem","position":2,"name":"Primeiro Centro de Conviv\u00eancia da Fam\u00edlia e do Idoso municipal \u00e9 marca dos 1.000 dias desta gest\u00e3o"}]},{"@type":"WebSite","@id":"https:\/\/www.manaus.am.gov.br\/semasc\/#website","url":"https:\/\/www.manaus.am.gov.br\/semasc\/","name":"SEMASC","description":"Secretaria Municipal da Mulher, Assist\u00eancia Social e Cidadania.","publisher":{"@id":"https:\/\/www.manaus.am.gov.br\/semasc\/#organization"},"alternateName":"Secretaria Municipal da Mulher, Assist\u00eancia Social e Cidadania","potentialAction":[{"@type":"SearchAction","target":{"@type":"EntryPoint","urlTemplate":"https:\/\/www.manaus.am.gov.br\/semasc\/?s={search_term_string}"},"query-input":"required name=search_term_string"}],"inLanguage":"pt-BR"},{"@type":"Organization","@id":"https:\/\/www.manaus.am.gov.br\/semasc\/#organization","name":"Prefeitura de Manaus","alternateName":"Prefeitura Municipal de Manaus","url":"https:\/\/www.manaus.am.gov.br\/semasc\/","logo":{"@type":"ImageObject","inLanguage":"pt-BR","@id":"https:\/\/www.manaus.am.gov.br\/semasc\/#\/schema\/logo\/image\/","url":"https:\/\/www.manaus.am.gov.br\/semasc\/wp-content\/uploads\/sites\/17\/2024\/07\/favicon.png","contentUrl":"https:\/\/www.manaus.am.gov.br\/semasc\/wp-content\/uploads\/sites\/17\/2024\/07\/favicon.png","width":300,"height":300,"caption":"Prefeitura de Manaus"},"image":{"@id":"https:\/\/www.manaus.am.gov.br\/semasc\/#\/schema\/logo\/image\/"},"sameAs":["https:\/\/www.facebook.com\/semascmanaus","https:\/\/www.instagram.com\/semascmanaus\/"]},{"@type":"Person","@id":"https:\/\/www.manaus.am.gov.br\/semasc\/#\/schema\/person\/bfafc779be2e19b3d3ef4a59d418b606","name":"csilveira","image":{"@type":"ImageObject","inLanguage":"pt-BR","@id":"https:\/\/www.manaus.am.gov.br\/semasc\/#\/schema\/person\/image\/","url":"https:\/\/secure.gravatar.com\/avatar\/9c2e2f00138fcd35401c748bd030d3b5?s=96&d=mm&r=g","contentUrl":"https:\/\/secure.gravatar.com\/avatar\/9c2e2f00138fcd35401c748bd030d3b5?s=96&d=mm&r=g","caption":"csilveira"}}]}},"_links":{"self":[{"href":"https:\/\/www.manaus.am.gov.br\/semasc\/wp-json\/wp\/v2\/posts\/208946"}],"collection":[{"href":"https:\/\/www.manaus.am.gov.br\/semasc\/wp-json\/wp\/v2\/posts"}],"about":[{"href":"https:\/\/www.manaus.am.gov.br\/semasc\/wp-json\/wp\/v2\/types\/post"}],"author":[{"embeddable":true,"href":"https:\/\/www.manaus.am.gov.br\/semasc\/wp-json\/wp\/v2\/users\/52"}],"replies":[{"embeddable":true,"href":"https:\/\/www.manaus.am.gov.br\/semasc\/wp-json\/wp\/v2\/comments?post=208946"}],"version-history":[{"count":1,"href":"https:\/\/www.manaus.am.gov.br\/semasc\/wp-json\/wp\/v2\/posts\/208946\/revisions"}],"predecessor-version":[{"id":208950,"href":"https:\/\/www.manaus.am.gov.br\/semasc\/wp-json\/wp\/v2\/posts\/208946\/revisions\/208950"}],"wp:featuredmedia":[{"embeddable":true,"href":"https:\/\/www.manaus.am.gov.br\/semasc\/wp-json\/wp\/v2\/media\/208949"}],"wp:attachment":[{"href":"https:\/\/www.manaus.am.gov.br\/semasc\/wp-json\/wp\/v2\/media?parent=208946"}],"wp:term":[{"taxonomy":"category","embeddable":true,"href":"https:\/\/www.manaus.am.gov.br\/semasc\/wp-json\/wp\/v2\/categories?post=208946"},{"taxonomy":"post_tag","embeddable":true,"href":"https:\/\/www.manaus.am.gov.br\/semasc\/wp-json\/wp\/v2\/tags?post=208946"}],"curies":[{"name":"wp","href":"https:\/\/api.w.org\/{rel}","templated":true}]}}