{"id":208942,"date":"2023-09-27T18:26:39","date_gmt":"2023-09-27T22:26:39","guid":{"rendered":"https:\/\/www.manaus.am.gov.br\/semasc\/prefeito-reinaugura-cras-compensa-2-que-atende-20-mil-familias-das-zonas-oeste-e-ribeirinha-de-manaus\/"},"modified":"2023-09-27T18:26:39","modified_gmt":"2023-09-27T22:26:39","slug":"prefeito-reinaugura-cras-compensa-2-que-atende-20-mil-familias-das-zonas-oeste-e-ribeirinha-de-manaus","status":"publish","type":"post","link":"https:\/\/www.manaus.am.gov.br\/semasc\/prefeito-reinaugura-cras-compensa-2-que-atende-20-mil-familias-das-zonas-oeste-e-ribeirinha-de-manaus\/","title":{"rendered":"<strong>Prefeito reinaugura Cras Compensa 2 que atende 20 mil fam\u00edlias das zonas Oeste e ribeirinha de Manaus<\/strong>"},"content":{"rendered":"\n<p>O prefeito de Manaus, David Almeida, reinaugurou, na tarde desta quarta-feira, 27\/9, o Centro de Refer\u00eancia de Assist\u00eancia Social (Cras) Compensa 2, localizado na zona Oeste. O equipamento \u00e9 coordenado pela Secretaria Municipal da Mulher, Assist\u00eancia Social e Cidadania (Semasc) e atende mais de 20 mil fam\u00edlias das zonas Oeste e ribeirinha da capital amazonense.<\/p>\n\n\n\n<p>Segundo o prefeito, essa \u00e9 a 10\u00aa estrutura que foi reinaugurada na sua gest\u00e3o que chega aos 1.000 dias, levando benef\u00edcios para a popula\u00e7\u00e3o e buscando melhorar a qualidade de vida dos moradores de Manaus.<\/p>\n\n\n\n<p>\u201cN\u00f3s estamos aqui na mudan\u00e7a e transforma\u00e7\u00e3o na assist\u00eancia social da nossa cidade. Quando assumimos a prefeitura, o nosso cadastro \u00fanico estava em 34% de renova\u00e7\u00e3o, hoje com a renova\u00e7\u00e3o dos Cras, dos Creas, com a coloca\u00e7\u00e3o de novos computadores, de sistemas, n\u00f3s j\u00e1 estamos com 84% do cadastro \u00fanico renovado na cidade de Manaus, as pessoas passaram a receber o benef\u00edcio, passaram a receber o aux\u00edlio do governo, o BPC, e assim a gente tem avan\u00e7ado, e isso se faz com muito trabalho\u201d, enfatizou David Almeida.<\/p>\n\n\n\n<p>Al\u00e9m dos nove Cras entregues \u00e0 popula\u00e7\u00e3o, uma unidade do Centro de Refer\u00eancia Especializado de Assist\u00eancia Social (Creas) tamb\u00e9m passou por um processo de revitaliza\u00e7\u00e3o.<\/p>\n\n\n\n<p>Localizado na rua Prosperidade, o equipamento passou por uma total reforma em seus ambientes internos e externos, com a mudan\u00e7a de layout e o reordenamento de seus ambientes, otimizando os espa\u00e7os das salas existentes, criando novos ambientes e climatizando a sala de atendimento ao Cadastro \u00danico, proporcionando mais conforto e seguran\u00e7a aos usu\u00e1rios e servidores.<\/p>\n\n\n\n<figure class=\"wp-block-image size-full\"><img loading=\"lazy\" decoding=\"async\" width=\"800\" height=\"533\" src=\"https:\/\/www.manaus.am.gov.br\/semasc\/wp-content\/uploads\/sites\/17\/2023\/09\/53218557448_6c4d75234a_c.jpg\" alt=\"\" class=\"wp-image-208943\" srcset=\"https:\/\/www.manaus.am.gov.br\/semasc\/wp-content\/uploads\/sites\/17\/2023\/09\/53218557448_6c4d75234a_c.jpg 800w, https:\/\/www.manaus.am.gov.br\/semasc\/wp-content\/uploads\/sites\/17\/2023\/09\/53218557448_6c4d75234a_c-300x200.jpg 300w, https:\/\/www.manaus.am.gov.br\/semasc\/wp-content\/uploads\/sites\/17\/2023\/09\/53218557448_6c4d75234a_c-768x512.jpg 768w\" sizes=\"(max-width: 800px) 100vw, 800px\" \/><\/figure>\n\n\n\n<p>De acordo com o titular da Semasc, Eduardo Lucas, a nova estrutura foi pensada para ser um centro de acolhimento para a popula\u00e7\u00e3o, trazendo conforto desde a chegada \u00e0 unidade.<\/p>\n\n\n\n<p>\u201cA determina\u00e7\u00e3o do prefeito \u00e9 que essas pessoas sejam acolhidas, que sejam recebidas com um sorriso no rosto, que sejam bem atendidas, mesmo que saiam daqui sem resolver o seu problema, que saiam satisfeitas com o carinho com que foram tratadas, com o respeito que lhes foi dispensado. \u00c9 isso que n\u00f3s queremos, uma assist\u00eancia social mais humanizada. A inten\u00e7\u00e3o da estrutura f\u00edsica \u00e9 exatamente voc\u00ea ver um Cras colorido, alegre, que demonstra harmonia\u201d, destacou Eduardo Lucas.<\/p>\n\n\n\n<p>&#8212; &#8212; &#8212;<\/p>\n\n\n\n<p><strong>Texto<\/strong> &#8211; Beathriz Torres e Thiago Fernando \/ Semcom<\/p>\n\n\n\n<p><strong>Fotos<\/strong> \u2013 Jo\u00e3o Viana e Dhyeizo Lemos \/ Semcom<\/p>\n\n\n\n<p>Dispon\u00edveis em &#8211; <a href=\"https:\/\/flic.kr\/s\/aHBqjAWnLU\">https:\/\/flic.kr\/s\/aHBqjAWnLU<\/a><\/p>\n","protected":false},"excerpt":{"rendered":"","protected":false},"author":31,"featured_media":208944,"comment_status":"closed","ping_status":"closed","sticky":false,"template":"","format":"standard","meta":{"footnotes":""},"categories":[410],"tags":[411,452,57,310],"acf":[],"yoast_head":"<!-- This site is optimized with the Yoast SEO plugin v23.0 - https:\/\/yoast.com\/wordpress\/plugins\/seo\/ -->\n<title>Prefeito reinaugura Cras Compensa 2 que atende 20 mil fam\u00edlias das zonas Oeste e ribeirinha de Manaus - SEMASC<\/title>\n<meta name=\"robots\" content=\"noindex, follow\" \/>\n<meta property=\"og:locale\" content=\"pt_BR\" \/>\n<meta property=\"og:type\" content=\"article\" \/>\n<meta property=\"og:title\" content=\"Prefeito reinaugura Cras Compensa 2 que atende 20 mil fam\u00edlias das zonas Oeste e ribeirinha de Manaus - SEMASC\" \/>\n<meta property=\"og:url\" content=\"https:\/\/www.manaus.am.gov.br\/semasc\/prefeito-reinaugura-cras-compensa-2-que-atende-20-mil-familias-das-zonas-oeste-e-ribeirinha-de-manaus\/\" \/>\n<meta property=\"og:site_name\" content=\"SEMASC\" \/>\n<meta property=\"article:publisher\" content=\"https:\/\/www.facebook.com\/semascmanaus\" \/>\n<meta property=\"article:published_time\" content=\"2023-09-27T22:26:39+00:00\" \/>\n<meta property=\"og:image\" content=\"https:\/\/www.manaus.am.gov.br\/semasc\/wp-content\/uploads\/sites\/17\/2023\/09\/SELO-1000-DIAS-2.jpg\" \/>\n\t<meta property=\"og:image:width\" content=\"823\" \/>\n\t<meta property=\"og:image:height\" content=\"592\" \/>\n\t<meta property=\"og:image:type\" content=\"image\/jpeg\" \/>\n<meta name=\"author\" content=\"Renata Felix\" \/>\n<meta name=\"twitter:card\" content=\"summary_large_image\" \/>\n<meta name=\"twitter:label1\" content=\"Written by\" \/>\n\t<meta name=\"twitter:data1\" content=\"Renata Felix\" \/>\n\t<meta name=\"twitter:label2\" content=\"Est. reading time\" \/>\n\t<meta name=\"twitter:data2\" content=\"3 minutos\" \/>\n<script type=\"application\/ld+json\" class=\"yoast-schema-graph\">{\"@context\":\"https:\/\/schema.org\",\"@graph\":[{\"@type\":\"Article\",\"@id\":\"https:\/\/www.manaus.am.gov.br\/semasc\/prefeito-reinaugura-cras-compensa-2-que-atende-20-mil-familias-das-zonas-oeste-e-ribeirinha-de-manaus\/#article\",\"isPartOf\":{\"@id\":\"https:\/\/www.manaus.am.gov.br\/semasc\/prefeito-reinaugura-cras-compensa-2-que-atende-20-mil-familias-das-zonas-oeste-e-ribeirinha-de-manaus\/\"},\"author\":{\"name\":\"Renata Felix\",\"@id\":\"https:\/\/www.manaus.am.gov.br\/semasc\/#\/schema\/person\/4eea2a8f78dc853097abb026f728aa06\"},\"headline\":\"Prefeito reinaugura Cras Compensa 2 que atende 20 mil fam\u00edlias das zonas Oeste e ribeirinha de Manaus\",\"datePublished\":\"2023-09-27T22:26:39+00:00\",\"dateModified\":\"2023-09-27T22:26:39+00:00\",\"mainEntityOfPage\":{\"@id\":\"https:\/\/www.manaus.am.gov.br\/semasc\/prefeito-reinaugura-cras-compensa-2-que-atende-20-mil-familias-das-zonas-oeste-e-ribeirinha-de-manaus\/\"},\"wordCount\":428,\"publisher\":{\"@id\":\"https:\/\/www.manaus.am.gov.br\/semasc\/#organization\"},\"image\":{\"@id\":\"https:\/\/www.manaus.am.gov.br\/semasc\/prefeito-reinaugura-cras-compensa-2-que-atende-20-mil-familias-das-zonas-oeste-e-ribeirinha-de-manaus\/#primaryimage\"},\"thumbnailUrl\":\"https:\/\/www.manaus.am.gov.br\/semasc\/wp-content\/uploads\/sites\/17\/2023\/09\/SELO-1000-DIAS-2.jpg\",\"keywords\":[\"1.000 dias\",\"cras compensa\",\"Creas\",\"inaugura\u00e7\u00e3o\"],\"articleSection\":[\"1.000 Dias\"],\"inLanguage\":\"pt-BR\"},{\"@type\":\"WebPage\",\"@id\":\"https:\/\/www.manaus.am.gov.br\/semasc\/prefeito-reinaugura-cras-compensa-2-que-atende-20-mil-familias-das-zonas-oeste-e-ribeirinha-de-manaus\/\",\"url\":\"https:\/\/www.manaus.am.gov.br\/semasc\/prefeito-reinaugura-cras-compensa-2-que-atende-20-mil-familias-das-zonas-oeste-e-ribeirinha-de-manaus\/\",\"name\":\"Prefeito reinaugura Cras Compensa 2 que atende 20 mil fam\u00edlias das zonas Oeste e ribeirinha de Manaus - SEMASC\",\"isPartOf\":{\"@id\":\"https:\/\/www.manaus.am.gov.br\/semasc\/#website\"},\"primaryImageOfPage\":{\"@id\":\"https:\/\/www.manaus.am.gov.br\/semasc\/prefeito-reinaugura-cras-compensa-2-que-atende-20-mil-familias-das-zonas-oeste-e-ribeirinha-de-manaus\/#primaryimage\"},\"image\":{\"@id\":\"https:\/\/www.manaus.am.gov.br\/semasc\/prefeito-reinaugura-cras-compensa-2-que-atende-20-mil-familias-das-zonas-oeste-e-ribeirinha-de-manaus\/#primaryimage\"},\"thumbnailUrl\":\"https:\/\/www.manaus.am.gov.br\/semasc\/wp-content\/uploads\/sites\/17\/2023\/09\/SELO-1000-DIAS-2.jpg\",\"datePublished\":\"2023-09-27T22:26:39+00:00\",\"dateModified\":\"2023-09-27T22:26:39+00:00\",\"breadcrumb\":{\"@id\":\"https:\/\/www.manaus.am.gov.br\/semasc\/prefeito-reinaugura-cras-compensa-2-que-atende-20-mil-familias-das-zonas-oeste-e-ribeirinha-de-manaus\/#breadcrumb\"},\"inLanguage\":\"pt-BR\",\"potentialAction\":[{\"@type\":\"ReadAction\",\"target\":[\"https:\/\/www.manaus.am.gov.br\/semasc\/prefeito-reinaugura-cras-compensa-2-que-atende-20-mil-familias-das-zonas-oeste-e-ribeirinha-de-manaus\/\"]}]},{\"@type\":\"ImageObject\",\"inLanguage\":\"pt-BR\",\"@id\":\"https:\/\/www.manaus.am.gov.br\/semasc\/prefeito-reinaugura-cras-compensa-2-que-atende-20-mil-familias-das-zonas-oeste-e-ribeirinha-de-manaus\/#primaryimage\",\"url\":\"https:\/\/www.manaus.am.gov.br\/semasc\/wp-content\/uploads\/sites\/17\/2023\/09\/SELO-1000-DIAS-2.jpg\",\"contentUrl\":\"https:\/\/www.manaus.am.gov.br\/semasc\/wp-content\/uploads\/sites\/17\/2023\/09\/SELO-1000-DIAS-2.jpg\",\"width\":823,\"height\":592},{\"@type\":\"BreadcrumbList\",\"@id\":\"https:\/\/www.manaus.am.gov.br\/semasc\/prefeito-reinaugura-cras-compensa-2-que-atende-20-mil-familias-das-zonas-oeste-e-ribeirinha-de-manaus\/#breadcrumb\",\"itemListElement\":[{\"@type\":\"ListItem\",\"position\":1,\"name\":\"Home\",\"item\":\"https:\/\/www.manaus.am.gov.br\/semasc\/\"},{\"@type\":\"ListItem\",\"position\":2,\"name\":\"Prefeito reinaugura Cras Compensa 2 que atende 20 mil fam\u00edlias das zonas Oeste e ribeirinha de Manaus\"}]},{\"@type\":\"WebSite\",\"@id\":\"https:\/\/www.manaus.am.gov.br\/semasc\/#website\",\"url\":\"https:\/\/www.manaus.am.gov.br\/semasc\/\",\"name\":\"SEMASC\",\"description\":\"Secretaria Municipal da Mulher, Assist\u00eancia Social e Cidadania.\",\"publisher\":{\"@id\":\"https:\/\/www.manaus.am.gov.br\/semasc\/#organization\"},\"alternateName\":\"Secretaria Municipal da Mulher, Assist\u00eancia Social e Cidadania\",\"potentialAction\":[{\"@type\":\"SearchAction\",\"target\":{\"@type\":\"EntryPoint\",\"urlTemplate\":\"https:\/\/www.manaus.am.gov.br\/semasc\/?s={search_term_string}\"},\"query-input\":\"required name=search_term_string\"}],\"inLanguage\":\"pt-BR\"},{\"@type\":\"Organization\",\"@id\":\"https:\/\/www.manaus.am.gov.br\/semasc\/#organization\",\"name\":\"Prefeitura de Manaus\",\"alternateName\":\"Prefeitura Municipal de Manaus\",\"url\":\"https:\/\/www.manaus.am.gov.br\/semasc\/\",\"logo\":{\"@type\":\"ImageObject\",\"inLanguage\":\"pt-BR\",\"@id\":\"https:\/\/www.manaus.am.gov.br\/semasc\/#\/schema\/logo\/image\/\",\"url\":\"https:\/\/www.manaus.am.gov.br\/semasc\/wp-content\/uploads\/sites\/17\/2024\/07\/favicon.png\",\"contentUrl\":\"https:\/\/www.manaus.am.gov.br\/semasc\/wp-content\/uploads\/sites\/17\/2024\/07\/favicon.png\",\"width\":300,\"height\":300,\"caption\":\"Prefeitura de Manaus\"},\"image\":{\"@id\":\"https:\/\/www.manaus.am.gov.br\/semasc\/#\/schema\/logo\/image\/\"},\"sameAs\":[\"https:\/\/www.facebook.com\/semascmanaus\",\"https:\/\/www.instagram.com\/semascmanaus\/\"]},{\"@type\":\"Person\",\"@id\":\"https:\/\/www.manaus.am.gov.br\/semasc\/#\/schema\/person\/4eea2a8f78dc853097abb026f728aa06\",\"name\":\"Renata Felix\",\"image\":{\"@type\":\"ImageObject\",\"inLanguage\":\"pt-BR\",\"@id\":\"https:\/\/www.manaus.am.gov.br\/semasc\/#\/schema\/person\/image\/\",\"url\":\"https:\/\/secure.gravatar.com\/avatar\/3c196cf9d3b837b24c8edb2c50fd8f29?s=96&d=mm&r=g\",\"contentUrl\":\"https:\/\/secure.gravatar.com\/avatar\/3c196cf9d3b837b24c8edb2c50fd8f29?s=96&d=mm&r=g\",\"caption\":\"Renata Felix\"}}]}<\/script>\n<!-- \/ Yoast SEO plugin. -->","yoast_head_json":{"title":"Prefeito reinaugura Cras Compensa 2 que atende 20 mil fam\u00edlias das zonas Oeste e ribeirinha de Manaus - SEMASC","robots":{"index":"noindex","follow":"follow"},"og_locale":"pt_BR","og_type":"article","og_title":"Prefeito reinaugura Cras Compensa 2 que atende 20 mil fam\u00edlias das zonas Oeste e ribeirinha de Manaus - SEMASC","og_url":"https:\/\/www.manaus.am.gov.br\/semasc\/prefeito-reinaugura-cras-compensa-2-que-atende-20-mil-familias-das-zonas-oeste-e-ribeirinha-de-manaus\/","og_site_name":"SEMASC","article_publisher":"https:\/\/www.facebook.com\/semascmanaus","article_published_time":"2023-09-27T22:26:39+00:00","og_image":[{"width":823,"height":592,"url":"https:\/\/www.manaus.am.gov.br\/semasc\/wp-content\/uploads\/sites\/17\/2023\/09\/SELO-1000-DIAS-2.jpg","type":"image\/jpeg"}],"author":"Renata Felix","twitter_card":"summary_large_image","twitter_misc":{"Written by":"Renata Felix","Est. reading time":"3 minutos"},"schema":{"@context":"https:\/\/schema.org","@graph":[{"@type":"Article","@id":"https:\/\/www.manaus.am.gov.br\/semasc\/prefeito-reinaugura-cras-compensa-2-que-atende-20-mil-familias-das-zonas-oeste-e-ribeirinha-de-manaus\/#article","isPartOf":{"@id":"https:\/\/www.manaus.am.gov.br\/semasc\/prefeito-reinaugura-cras-compensa-2-que-atende-20-mil-familias-das-zonas-oeste-e-ribeirinha-de-manaus\/"},"author":{"name":"Renata Felix","@id":"https:\/\/www.manaus.am.gov.br\/semasc\/#\/schema\/person\/4eea2a8f78dc853097abb026f728aa06"},"headline":"Prefeito reinaugura Cras Compensa 2 que atende 20 mil fam\u00edlias das zonas Oeste e ribeirinha de Manaus","datePublished":"2023-09-27T22:26:39+00:00","dateModified":"2023-09-27T22:26:39+00:00","mainEntityOfPage":{"@id":"https:\/\/www.manaus.am.gov.br\/semasc\/prefeito-reinaugura-cras-compensa-2-que-atende-20-mil-familias-das-zonas-oeste-e-ribeirinha-de-manaus\/"},"wordCount":428,"publisher":{"@id":"https:\/\/www.manaus.am.gov.br\/semasc\/#organization"},"image":{"@id":"https:\/\/www.manaus.am.gov.br\/semasc\/prefeito-reinaugura-cras-compensa-2-que-atende-20-mil-familias-das-zonas-oeste-e-ribeirinha-de-manaus\/#primaryimage"},"thumbnailUrl":"https:\/\/www.manaus.am.gov.br\/semasc\/wp-content\/uploads\/sites\/17\/2023\/09\/SELO-1000-DIAS-2.jpg","keywords":["1.000 dias","cras compensa","Creas","inaugura\u00e7\u00e3o"],"articleSection":["1.000 Dias"],"inLanguage":"pt-BR"},{"@type":"WebPage","@id":"https:\/\/www.manaus.am.gov.br\/semasc\/prefeito-reinaugura-cras-compensa-2-que-atende-20-mil-familias-das-zonas-oeste-e-ribeirinha-de-manaus\/","url":"https:\/\/www.manaus.am.gov.br\/semasc\/prefeito-reinaugura-cras-compensa-2-que-atende-20-mil-familias-das-zonas-oeste-e-ribeirinha-de-manaus\/","name":"Prefeito reinaugura Cras Compensa 2 que atende 20 mil fam\u00edlias das zonas Oeste e ribeirinha de Manaus - SEMASC","isPartOf":{"@id":"https:\/\/www.manaus.am.gov.br\/semasc\/#website"},"primaryImageOfPage":{"@id":"https:\/\/www.manaus.am.gov.br\/semasc\/prefeito-reinaugura-cras-compensa-2-que-atende-20-mil-familias-das-zonas-oeste-e-ribeirinha-de-manaus\/#primaryimage"},"image":{"@id":"https:\/\/www.manaus.am.gov.br\/semasc\/prefeito-reinaugura-cras-compensa-2-que-atende-20-mil-familias-das-zonas-oeste-e-ribeirinha-de-manaus\/#primaryimage"},"thumbnailUrl":"https:\/\/www.manaus.am.gov.br\/semasc\/wp-content\/uploads\/sites\/17\/2023\/09\/SELO-1000-DIAS-2.jpg","datePublished":"2023-09-27T22:26:39+00:00","dateModified":"2023-09-27T22:26:39+00:00","breadcrumb":{"@id":"https:\/\/www.manaus.am.gov.br\/semasc\/prefeito-reinaugura-cras-compensa-2-que-atende-20-mil-familias-das-zonas-oeste-e-ribeirinha-de-manaus\/#breadcrumb"},"inLanguage":"pt-BR","potentialAction":[{"@type":"ReadAction","target":["https:\/\/www.manaus.am.gov.br\/semasc\/prefeito-reinaugura-cras-compensa-2-que-atende-20-mil-familias-das-zonas-oeste-e-ribeirinha-de-manaus\/"]}]},{"@type":"ImageObject","inLanguage":"pt-BR","@id":"https:\/\/www.manaus.am.gov.br\/semasc\/prefeito-reinaugura-cras-compensa-2-que-atende-20-mil-familias-das-zonas-oeste-e-ribeirinha-de-manaus\/#primaryimage","url":"https:\/\/www.manaus.am.gov.br\/semasc\/wp-content\/uploads\/sites\/17\/2023\/09\/SELO-1000-DIAS-2.jpg","contentUrl":"https:\/\/www.manaus.am.gov.br\/semasc\/wp-content\/uploads\/sites\/17\/2023\/09\/SELO-1000-DIAS-2.jpg","width":823,"height":592},{"@type":"BreadcrumbList","@id":"https:\/\/www.manaus.am.gov.br\/semasc\/prefeito-reinaugura-cras-compensa-2-que-atende-20-mil-familias-das-zonas-oeste-e-ribeirinha-de-manaus\/#breadcrumb","itemListElement":[{"@type":"ListItem","position":1,"name":"Home","item":"https:\/\/www.manaus.am.gov.br\/semasc\/"},{"@type":"ListItem","position":2,"name":"Prefeito reinaugura Cras Compensa 2 que atende 20 mil fam\u00edlias das zonas Oeste e ribeirinha de Manaus"}]},{"@type":"WebSite","@id":"https:\/\/www.manaus.am.gov.br\/semasc\/#website","url":"https:\/\/www.manaus.am.gov.br\/semasc\/","name":"SEMASC","description":"Secretaria Municipal da Mulher, Assist\u00eancia Social e Cidadania.","publisher":{"@id":"https:\/\/www.manaus.am.gov.br\/semasc\/#organization"},"alternateName":"Secretaria Municipal da Mulher, Assist\u00eancia Social e Cidadania","potentialAction":[{"@type":"SearchAction","target":{"@type":"EntryPoint","urlTemplate":"https:\/\/www.manaus.am.gov.br\/semasc\/?s={search_term_string}"},"query-input":"required name=search_term_string"}],"inLanguage":"pt-BR"},{"@type":"Organization","@id":"https:\/\/www.manaus.am.gov.br\/semasc\/#organization","name":"Prefeitura de Manaus","alternateName":"Prefeitura Municipal de Manaus","url":"https:\/\/www.manaus.am.gov.br\/semasc\/","logo":{"@type":"ImageObject","inLanguage":"pt-BR","@id":"https:\/\/www.manaus.am.gov.br\/semasc\/#\/schema\/logo\/image\/","url":"https:\/\/www.manaus.am.gov.br\/semasc\/wp-content\/uploads\/sites\/17\/2024\/07\/favicon.png","contentUrl":"https:\/\/www.manaus.am.gov.br\/semasc\/wp-content\/uploads\/sites\/17\/2024\/07\/favicon.png","width":300,"height":300,"caption":"Prefeitura de Manaus"},"image":{"@id":"https:\/\/www.manaus.am.gov.br\/semasc\/#\/schema\/logo\/image\/"},"sameAs":["https:\/\/www.facebook.com\/semascmanaus","https:\/\/www.instagram.com\/semascmanaus\/"]},{"@type":"Person","@id":"https:\/\/www.manaus.am.gov.br\/semasc\/#\/schema\/person\/4eea2a8f78dc853097abb026f728aa06","name":"Renata Felix","image":{"@type":"ImageObject","inLanguage":"pt-BR","@id":"https:\/\/www.manaus.am.gov.br\/semasc\/#\/schema\/person\/image\/","url":"https:\/\/secure.gravatar.com\/avatar\/3c196cf9d3b837b24c8edb2c50fd8f29?s=96&d=mm&r=g","contentUrl":"https:\/\/secure.gravatar.com\/avatar\/3c196cf9d3b837b24c8edb2c50fd8f29?s=96&d=mm&r=g","caption":"Renata Felix"}}]}},"_links":{"self":[{"href":"https:\/\/www.manaus.am.gov.br\/semasc\/wp-json\/wp\/v2\/posts\/208942"}],"collection":[{"href":"https:\/\/www.manaus.am.gov.br\/semasc\/wp-json\/wp\/v2\/posts"}],"about":[{"href":"https:\/\/www.manaus.am.gov.br\/semasc\/wp-json\/wp\/v2\/types\/post"}],"author":[{"embeddable":true,"href":"https:\/\/www.manaus.am.gov.br\/semasc\/wp-json\/wp\/v2\/users\/31"}],"replies":[{"embeddable":true,"href":"https:\/\/www.manaus.am.gov.br\/semasc\/wp-json\/wp\/v2\/comments?post=208942"}],"version-history":[{"count":1,"href":"https:\/\/www.manaus.am.gov.br\/semasc\/wp-json\/wp\/v2\/posts\/208942\/revisions"}],"predecessor-version":[{"id":208945,"href":"https:\/\/www.manaus.am.gov.br\/semasc\/wp-json\/wp\/v2\/posts\/208942\/revisions\/208945"}],"wp:featuredmedia":[{"embeddable":true,"href":"https:\/\/www.manaus.am.gov.br\/semasc\/wp-json\/wp\/v2\/media\/208944"}],"wp:attachment":[{"href":"https:\/\/www.manaus.am.gov.br\/semasc\/wp-json\/wp\/v2\/media?parent=208942"}],"wp:term":[{"taxonomy":"category","embeddable":true,"href":"https:\/\/www.manaus.am.gov.br\/semasc\/wp-json\/wp\/v2\/categories?post=208942"},{"taxonomy":"post_tag","embeddable":true,"href":"https:\/\/www.manaus.am.gov.br\/semasc\/wp-json\/wp\/v2\/tags?post=208942"}],"curies":[{"name":"wp","href":"https:\/\/api.w.org\/{rel}","templated":true}]}}