{"id":208940,"date":"2023-09-27T13:15:13","date_gmt":"2023-09-27T17:15:13","guid":{"rendered":"https:\/\/www.manaus.am.gov.br\/semasc\/prefeitura-e-sociedade-civil-realizam-palestra-sobre-prevencao-ao-suicidio-para-usuarios-do-cras\/"},"modified":"2023-09-27T13:15:14","modified_gmt":"2023-09-27T17:15:14","slug":"prefeitura-e-sociedade-civil-realizam-palestra-sobre-prevencao-ao-suicidio-para-usuarios-do-cras","status":"publish","type":"post","link":"https:\/\/www.manaus.am.gov.br\/semasc\/prefeitura-e-sociedade-civil-realizam-palestra-sobre-prevencao-ao-suicidio-para-usuarios-do-cras\/","title":{"rendered":"<strong>Prefeitura e sociedade civil realizam palestra sobre preven\u00e7\u00e3o ao suic\u00eddio para usu\u00e1rios do Cras<\/strong>"},"content":{"rendered":"\n<p>Em mais uma atividade do \u201cSetembro Amarelo\u201d, campanha de preven\u00e7\u00e3o ao suic\u00eddio, a Prefeitura de Manaus, por meio da Secretaria Municipal da Mulher, Assist\u00eancia Social e Cidadania (Semasc), em parceria com o instituto Desafio Jovem de Manaus, realizou, nesta quarta-feira, 27\/9, uma palestra com usu\u00e1rios atendidos pelos Servi\u00e7os de Conviv\u00eancia e Fortalecimento de V\u00ednculos (SCFV) e Prote\u00e7\u00e3o e Atendimento Integral \u00e0 Fam\u00edlia (Paif), do Centro de Refer\u00eancia de Assist\u00eancia Social (Cras) Cachoeirinha, na zona Sul.<\/p>\n\n\n\n<p>\u201cNosso objetivo \u00e9 chamar a aten\u00e7\u00e3o de nossos usu\u00e1rios para esse tema t\u00e3o presente em nossa sociedade nos dias de hoje. \u00c9 uma forma de mostrarmos os diferentes tipos de pedido de socorro que uma pessoa pode dar antes que algo pior aconte\u00e7a e tamb\u00e9m de mostrar que estamos aqui para conversar com eles, ouvi-los e acolh\u00ea-los\u201d, destacou a coordenadora do equipamento, Valdineia Albuquerque.<\/p>\n\n\n\n<p>Durante a palestra, foram discutidos os principais sinais que uma pessoa com a sa\u00fade mental debilitada pode aparentar, formas de cuidados com o corpo e mente, a import\u00e2ncia do acompanhamento psicol\u00f3gico e principais equipamentos da rede p\u00fablica respons\u00e1veis por esse tipo de atendimento.<\/p>\n\n\n\n<p>Para a psic\u00f3loga do grupo de abordagem social \u201cBra\u00e7os Abertos\u201d, do instituto Desafio Jovem, e principal facilitadora da palestra, Amanda Leal, \u00e9 muito importante que esse tipo de conhecimento chegue ao p\u00fablico atendido pelo Cras e outras institui\u00e7\u00f5es da rede de prote\u00e7\u00e3o social, uma vez que as vulnerabilidades sociais e estruturais dessas pessoas, muitas vezes, as impossibilita de ter plena consci\u00eancia de seus problemas pessoais e acesso ao devido atendimento psicol\u00f3gico.&nbsp;<\/p>\n\n\n\n<p>\u201cMuitas fam\u00edlias em estado de vulnerabilidade social n\u00e3o possuem sequer a tecnologia necess\u00e1ria para ter acesso a esses servi\u00e7os, n\u00e3o possui um telefone celular de qualidade, um computador e coisas do tipo. Ent\u00e3o, sentimos a necessidade de ir at\u00e9 as comunidades, passar o conte\u00fado did\u00e1tico e mostrar quais os meios pelos quais essas fam\u00edlias podem pedir ajuda\u201d, explicou.<\/p>\n\n\n\n<p>A aposentada Graciete Nascimento, 75, reconheceu a import\u00e2ncia da atividade e elogiou a iniciativa do equipamento em convidar os usu\u00e1rios para participar do momento. \u201cFoi muito gratificante para mim. As coisas que foram ditas, muitas delas acabaram se encaixando em momentos da minha vida que j\u00e1 passaram, ent\u00e3o eu entendi que eu poderia e posso, sim, conversar e pedir ajuda. Saio daqui hoje pensando muito nisso\u201d, afirmou.<\/p>\n\n\n\n<p><strong>&#8212; &#8212; &#8212;<\/strong><\/p>\n\n\n\n<p><strong>Texto &#8211;&nbsp;<\/strong>Guilherme Pacheco \/ Semasc<\/p>\n\n\n\n<p><strong>Fotos &#8211;&nbsp;<\/strong>Diego Lima \/ Semasc<\/p>\n\n\n\n<p><strong>Dispon\u00edveis em<\/strong> &#8211; <a href=\"https:\/\/flic.kr\/s\/aHBqjAWkNf\">https:\/\/flic.kr\/s\/aHBqjAWkNf<\/a><\/p>\n","protected":false},"excerpt":{"rendered":"","protected":false},"author":23,"featured_media":208941,"comment_status":"closed","ping_status":"closed","sticky":false,"template":"","format":"standard","meta":{"footnotes":""},"categories":[261],"tags":[349,450,7,451,18,390],"acf":[],"yoast_head":"<!-- This site is optimized with the Yoast SEO plugin v23.0 - https:\/\/yoast.com\/wordpress\/plugins\/seo\/ -->\n<title>Prefeitura e sociedade civil realizam palestra sobre preven\u00e7\u00e3o ao suic\u00eddio para usu\u00e1rios do Cras<\/title>\n<meta name=\"description\" content=\"Em mais uma atividade do \u201cSetembro Amarelo\u201d, campanha de preven\u00e7\u00e3o ao suic\u00eddio, a Prefeitura de Manaus, por meio da Secretaria Municipal da Mulher, Assist\u00eancia Social e Cidadania (Semasc), em parceria com o instituto Desafio Jovem de Manaus, realizou, nesta quarta-feira, 27\/9, uma palestra com usu\u00e1rios atendidos pelos Servi\u00e7os de Conviv\u00eancia e Fortalecimento de V\u00ednculos (SCFV) e Prote\u00e7\u00e3o e Atendimento Integral \u00e0 Fam\u00edlia (Paif), do Centro de Refer\u00eancia de Assist\u00eancia Social (Cras) Cachoeirinha, na zona Sul.\" \/>\n<meta name=\"robots\" content=\"noindex, follow\" \/>\n<meta property=\"og:locale\" content=\"pt_BR\" \/>\n<meta property=\"og:type\" content=\"article\" \/>\n<meta property=\"og:title\" content=\"Prefeitura e sociedade civil realizam palestra sobre preven\u00e7\u00e3o ao suic\u00eddio para usu\u00e1rios do Cras\" \/>\n<meta property=\"og:description\" content=\"Em mais uma atividade do \u201cSetembro Amarelo\u201d, campanha de preven\u00e7\u00e3o ao suic\u00eddio, a Prefeitura de Manaus, por meio da Secretaria Municipal da Mulher, Assist\u00eancia Social e Cidadania (Semasc), em parceria com o instituto Desafio Jovem de Manaus, realizou, nesta quarta-feira, 27\/9, uma palestra com usu\u00e1rios atendidos pelos Servi\u00e7os de Conviv\u00eancia e Fortalecimento de V\u00ednculos (SCFV) e Prote\u00e7\u00e3o e Atendimento Integral \u00e0 Fam\u00edlia (Paif), do Centro de Refer\u00eancia de Assist\u00eancia Social (Cras) Cachoeirinha, na zona Sul.\" \/>\n<meta property=\"og:url\" content=\"https:\/\/www.manaus.am.gov.br\/semasc\/prefeitura-e-sociedade-civil-realizam-palestra-sobre-prevencao-ao-suicidio-para-usuarios-do-cras\/\" \/>\n<meta property=\"og:site_name\" content=\"SEMASC\" \/>\n<meta property=\"article:publisher\" content=\"https:\/\/www.facebook.com\/semascmanaus\" \/>\n<meta property=\"article:published_time\" content=\"2023-09-27T17:15:13+00:00\" \/>\n<meta property=\"article:modified_time\" content=\"2023-09-27T17:15:14+00:00\" \/>\n<meta property=\"og:image\" content=\"https:\/\/www.manaus.am.gov.br\/semasc\/wp-content\/uploads\/sites\/17\/2023\/09\/53216813342_3e84b7159d_c.jpg\" \/>\n\t<meta property=\"og:image:width\" content=\"799\" \/>\n\t<meta property=\"og:image:height\" content=\"533\" \/>\n\t<meta property=\"og:image:type\" content=\"image\/jpeg\" \/>\n<meta name=\"author\" content=\"Adriana Costa\" \/>\n<meta name=\"twitter:card\" content=\"summary_large_image\" \/>\n<meta name=\"twitter:label1\" content=\"Written by\" \/>\n\t<meta name=\"twitter:data1\" content=\"Adriana Costa\" \/>\n\t<meta name=\"twitter:label2\" content=\"Est. reading time\" \/>\n\t<meta name=\"twitter:data2\" content=\"3 minutos\" \/>\n<script type=\"application\/ld+json\" class=\"yoast-schema-graph\">{\"@context\":\"https:\/\/schema.org\",\"@graph\":[{\"@type\":\"Article\",\"@id\":\"https:\/\/www.manaus.am.gov.br\/semasc\/prefeitura-e-sociedade-civil-realizam-palestra-sobre-prevencao-ao-suicidio-para-usuarios-do-cras\/#article\",\"isPartOf\":{\"@id\":\"https:\/\/www.manaus.am.gov.br\/semasc\/prefeitura-e-sociedade-civil-realizam-palestra-sobre-prevencao-ao-suicidio-para-usuarios-do-cras\/\"},\"author\":{\"name\":\"Adriana Costa\",\"@id\":\"https:\/\/www.manaus.am.gov.br\/semasc\/#\/schema\/person\/4e49f4e267757a06ca072ec61b2b9968\"},\"headline\":\"Prefeitura e sociedade civil realizam palestra sobre preven\u00e7\u00e3o ao suic\u00eddio para usu\u00e1rios do Cras\",\"datePublished\":\"2023-09-27T17:15:13+00:00\",\"dateModified\":\"2023-09-27T17:15:14+00:00\",\"mainEntityOfPage\":{\"@id\":\"https:\/\/www.manaus.am.gov.br\/semasc\/prefeitura-e-sociedade-civil-realizam-palestra-sobre-prevencao-ao-suicidio-para-usuarios-do-cras\/\"},\"wordCount\":455,\"publisher\":{\"@id\":\"https:\/\/www.manaus.am.gov.br\/semasc\/#organization\"},\"image\":{\"@id\":\"https:\/\/www.manaus.am.gov.br\/semasc\/prefeitura-e-sociedade-civil-realizam-palestra-sobre-prevencao-ao-suicidio-para-usuarios-do-cras\/#primaryimage\"},\"thumbnailUrl\":\"https:\/\/www.manaus.am.gov.br\/semasc\/wp-content\/uploads\/sites\/17\/2023\/09\/53216813342_3e84b7159d_c.jpg\",\"keywords\":[\"Cras Cachoeirinha\",\"palestra\",\"prefeitura de manaus\",\"preven\u00e7\u00e3o ao suic\u00eddio\",\"Semasc\",\"setembro amarelo\"],\"articleSection\":[\"Sensibiliza\u00e7\u00e3o\"],\"inLanguage\":\"pt-BR\"},{\"@type\":\"WebPage\",\"@id\":\"https:\/\/www.manaus.am.gov.br\/semasc\/prefeitura-e-sociedade-civil-realizam-palestra-sobre-prevencao-ao-suicidio-para-usuarios-do-cras\/\",\"url\":\"https:\/\/www.manaus.am.gov.br\/semasc\/prefeitura-e-sociedade-civil-realizam-palestra-sobre-prevencao-ao-suicidio-para-usuarios-do-cras\/\",\"name\":\"Prefeitura e sociedade civil realizam palestra sobre preven\u00e7\u00e3o ao suic\u00eddio para usu\u00e1rios do Cras\",\"isPartOf\":{\"@id\":\"https:\/\/www.manaus.am.gov.br\/semasc\/#website\"},\"primaryImageOfPage\":{\"@id\":\"https:\/\/www.manaus.am.gov.br\/semasc\/prefeitura-e-sociedade-civil-realizam-palestra-sobre-prevencao-ao-suicidio-para-usuarios-do-cras\/#primaryimage\"},\"image\":{\"@id\":\"https:\/\/www.manaus.am.gov.br\/semasc\/prefeitura-e-sociedade-civil-realizam-palestra-sobre-prevencao-ao-suicidio-para-usuarios-do-cras\/#primaryimage\"},\"thumbnailUrl\":\"https:\/\/www.manaus.am.gov.br\/semasc\/wp-content\/uploads\/sites\/17\/2023\/09\/53216813342_3e84b7159d_c.jpg\",\"datePublished\":\"2023-09-27T17:15:13+00:00\",\"dateModified\":\"2023-09-27T17:15:14+00:00\",\"description\":\"Em mais uma atividade do \u201cSetembro Amarelo\u201d, campanha de preven\u00e7\u00e3o ao suic\u00eddio, a Prefeitura de Manaus, por meio da Secretaria Municipal da Mulher, Assist\u00eancia Social e Cidadania (Semasc), em parceria com o instituto Desafio Jovem de Manaus, realizou, nesta quarta-feira, 27\/9, uma palestra com usu\u00e1rios atendidos pelos Servi\u00e7os de Conviv\u00eancia e Fortalecimento de V\u00ednculos (SCFV) e Prote\u00e7\u00e3o e Atendimento Integral \u00e0 Fam\u00edlia (Paif), do Centro de Refer\u00eancia de Assist\u00eancia Social (Cras) Cachoeirinha, na zona Sul.\",\"breadcrumb\":{\"@id\":\"https:\/\/www.manaus.am.gov.br\/semasc\/prefeitura-e-sociedade-civil-realizam-palestra-sobre-prevencao-ao-suicidio-para-usuarios-do-cras\/#breadcrumb\"},\"inLanguage\":\"pt-BR\",\"potentialAction\":[{\"@type\":\"ReadAction\",\"target\":[\"https:\/\/www.manaus.am.gov.br\/semasc\/prefeitura-e-sociedade-civil-realizam-palestra-sobre-prevencao-ao-suicidio-para-usuarios-do-cras\/\"]}]},{\"@type\":\"ImageObject\",\"inLanguage\":\"pt-BR\",\"@id\":\"https:\/\/www.manaus.am.gov.br\/semasc\/prefeitura-e-sociedade-civil-realizam-palestra-sobre-prevencao-ao-suicidio-para-usuarios-do-cras\/#primaryimage\",\"url\":\"https:\/\/www.manaus.am.gov.br\/semasc\/wp-content\/uploads\/sites\/17\/2023\/09\/53216813342_3e84b7159d_c.jpg\",\"contentUrl\":\"https:\/\/www.manaus.am.gov.br\/semasc\/wp-content\/uploads\/sites\/17\/2023\/09\/53216813342_3e84b7159d_c.jpg\",\"width\":799,\"height\":533},{\"@type\":\"BreadcrumbList\",\"@id\":\"https:\/\/www.manaus.am.gov.br\/semasc\/prefeitura-e-sociedade-civil-realizam-palestra-sobre-prevencao-ao-suicidio-para-usuarios-do-cras\/#breadcrumb\",\"itemListElement\":[{\"@type\":\"ListItem\",\"position\":1,\"name\":\"Home\",\"item\":\"https:\/\/www.manaus.am.gov.br\/semasc\/\"},{\"@type\":\"ListItem\",\"position\":2,\"name\":\"Prefeitura e sociedade civil realizam palestra sobre preven\u00e7\u00e3o ao suic\u00eddio para usu\u00e1rios do Cras\"}]},{\"@type\":\"WebSite\",\"@id\":\"https:\/\/www.manaus.am.gov.br\/semasc\/#website\",\"url\":\"https:\/\/www.manaus.am.gov.br\/semasc\/\",\"name\":\"SEMASC\",\"description\":\"Secretaria Municipal da Mulher, Assist\u00eancia Social e Cidadania.\",\"publisher\":{\"@id\":\"https:\/\/www.manaus.am.gov.br\/semasc\/#organization\"},\"alternateName\":\"Secretaria Municipal da Mulher, Assist\u00eancia Social e Cidadania\",\"potentialAction\":[{\"@type\":\"SearchAction\",\"target\":{\"@type\":\"EntryPoint\",\"urlTemplate\":\"https:\/\/www.manaus.am.gov.br\/semasc\/?s={search_term_string}\"},\"query-input\":\"required name=search_term_string\"}],\"inLanguage\":\"pt-BR\"},{\"@type\":\"Organization\",\"@id\":\"https:\/\/www.manaus.am.gov.br\/semasc\/#organization\",\"name\":\"Prefeitura de Manaus\",\"alternateName\":\"Prefeitura Municipal de Manaus\",\"url\":\"https:\/\/www.manaus.am.gov.br\/semasc\/\",\"logo\":{\"@type\":\"ImageObject\",\"inLanguage\":\"pt-BR\",\"@id\":\"https:\/\/www.manaus.am.gov.br\/semasc\/#\/schema\/logo\/image\/\",\"url\":\"https:\/\/www.manaus.am.gov.br\/semasc\/wp-content\/uploads\/sites\/17\/2024\/07\/favicon.png\",\"contentUrl\":\"https:\/\/www.manaus.am.gov.br\/semasc\/wp-content\/uploads\/sites\/17\/2024\/07\/favicon.png\",\"width\":300,\"height\":300,\"caption\":\"Prefeitura de Manaus\"},\"image\":{\"@id\":\"https:\/\/www.manaus.am.gov.br\/semasc\/#\/schema\/logo\/image\/\"},\"sameAs\":[\"https:\/\/www.facebook.com\/semascmanaus\",\"https:\/\/www.instagram.com\/semascmanaus\/\"]},{\"@type\":\"Person\",\"@id\":\"https:\/\/www.manaus.am.gov.br\/semasc\/#\/schema\/person\/4e49f4e267757a06ca072ec61b2b9968\",\"name\":\"Adriana Costa\",\"image\":{\"@type\":\"ImageObject\",\"inLanguage\":\"pt-BR\",\"@id\":\"https:\/\/www.manaus.am.gov.br\/semasc\/#\/schema\/person\/image\/\",\"url\":\"https:\/\/secure.gravatar.com\/avatar\/576258617ef7194f718179e766d57bd4?s=96&d=mm&r=g\",\"contentUrl\":\"https:\/\/secure.gravatar.com\/avatar\/576258617ef7194f718179e766d57bd4?s=96&d=mm&r=g\",\"caption\":\"Adriana Costa\"}}]}<\/script>\n<!-- \/ Yoast SEO plugin. -->","yoast_head_json":{"title":"Prefeitura e sociedade civil realizam palestra sobre preven\u00e7\u00e3o ao suic\u00eddio para usu\u00e1rios do Cras","description":"Em mais uma atividade do \u201cSetembro Amarelo\u201d, campanha de preven\u00e7\u00e3o ao suic\u00eddio, a Prefeitura de Manaus, por meio da Secretaria Municipal da Mulher, Assist\u00eancia Social e Cidadania (Semasc), em parceria com o instituto Desafio Jovem de Manaus, realizou, nesta quarta-feira, 27\/9, uma palestra com usu\u00e1rios atendidos pelos Servi\u00e7os de Conviv\u00eancia e Fortalecimento de V\u00ednculos (SCFV) e Prote\u00e7\u00e3o e Atendimento Integral \u00e0 Fam\u00edlia (Paif), do Centro de Refer\u00eancia de Assist\u00eancia Social (Cras) Cachoeirinha, na zona Sul.","robots":{"index":"noindex","follow":"follow"},"og_locale":"pt_BR","og_type":"article","og_title":"Prefeitura e sociedade civil realizam palestra sobre preven\u00e7\u00e3o ao suic\u00eddio para usu\u00e1rios do Cras","og_description":"Em mais uma atividade do \u201cSetembro Amarelo\u201d, campanha de preven\u00e7\u00e3o ao suic\u00eddio, a Prefeitura de Manaus, por meio da Secretaria Municipal da Mulher, Assist\u00eancia Social e Cidadania (Semasc), em parceria com o instituto Desafio Jovem de Manaus, realizou, nesta quarta-feira, 27\/9, uma palestra com usu\u00e1rios atendidos pelos Servi\u00e7os de Conviv\u00eancia e Fortalecimento de V\u00ednculos (SCFV) e Prote\u00e7\u00e3o e Atendimento Integral \u00e0 Fam\u00edlia (Paif), do Centro de Refer\u00eancia de Assist\u00eancia Social (Cras) Cachoeirinha, na zona Sul.","og_url":"https:\/\/www.manaus.am.gov.br\/semasc\/prefeitura-e-sociedade-civil-realizam-palestra-sobre-prevencao-ao-suicidio-para-usuarios-do-cras\/","og_site_name":"SEMASC","article_publisher":"https:\/\/www.facebook.com\/semascmanaus","article_published_time":"2023-09-27T17:15:13+00:00","article_modified_time":"2023-09-27T17:15:14+00:00","og_image":[{"width":799,"height":533,"url":"https:\/\/www.manaus.am.gov.br\/semasc\/wp-content\/uploads\/sites\/17\/2023\/09\/53216813342_3e84b7159d_c.jpg","type":"image\/jpeg"}],"author":"Adriana Costa","twitter_card":"summary_large_image","twitter_misc":{"Written by":"Adriana Costa","Est. reading time":"3 minutos"},"schema":{"@context":"https:\/\/schema.org","@graph":[{"@type":"Article","@id":"https:\/\/www.manaus.am.gov.br\/semasc\/prefeitura-e-sociedade-civil-realizam-palestra-sobre-prevencao-ao-suicidio-para-usuarios-do-cras\/#article","isPartOf":{"@id":"https:\/\/www.manaus.am.gov.br\/semasc\/prefeitura-e-sociedade-civil-realizam-palestra-sobre-prevencao-ao-suicidio-para-usuarios-do-cras\/"},"author":{"name":"Adriana Costa","@id":"https:\/\/www.manaus.am.gov.br\/semasc\/#\/schema\/person\/4e49f4e267757a06ca072ec61b2b9968"},"headline":"Prefeitura e sociedade civil realizam palestra sobre preven\u00e7\u00e3o ao suic\u00eddio para usu\u00e1rios do Cras","datePublished":"2023-09-27T17:15:13+00:00","dateModified":"2023-09-27T17:15:14+00:00","mainEntityOfPage":{"@id":"https:\/\/www.manaus.am.gov.br\/semasc\/prefeitura-e-sociedade-civil-realizam-palestra-sobre-prevencao-ao-suicidio-para-usuarios-do-cras\/"},"wordCount":455,"publisher":{"@id":"https:\/\/www.manaus.am.gov.br\/semasc\/#organization"},"image":{"@id":"https:\/\/www.manaus.am.gov.br\/semasc\/prefeitura-e-sociedade-civil-realizam-palestra-sobre-prevencao-ao-suicidio-para-usuarios-do-cras\/#primaryimage"},"thumbnailUrl":"https:\/\/www.manaus.am.gov.br\/semasc\/wp-content\/uploads\/sites\/17\/2023\/09\/53216813342_3e84b7159d_c.jpg","keywords":["Cras Cachoeirinha","palestra","prefeitura de manaus","preven\u00e7\u00e3o ao suic\u00eddio","Semasc","setembro amarelo"],"articleSection":["Sensibiliza\u00e7\u00e3o"],"inLanguage":"pt-BR"},{"@type":"WebPage","@id":"https:\/\/www.manaus.am.gov.br\/semasc\/prefeitura-e-sociedade-civil-realizam-palestra-sobre-prevencao-ao-suicidio-para-usuarios-do-cras\/","url":"https:\/\/www.manaus.am.gov.br\/semasc\/prefeitura-e-sociedade-civil-realizam-palestra-sobre-prevencao-ao-suicidio-para-usuarios-do-cras\/","name":"Prefeitura e sociedade civil realizam palestra sobre preven\u00e7\u00e3o ao suic\u00eddio para usu\u00e1rios do Cras","isPartOf":{"@id":"https:\/\/www.manaus.am.gov.br\/semasc\/#website"},"primaryImageOfPage":{"@id":"https:\/\/www.manaus.am.gov.br\/semasc\/prefeitura-e-sociedade-civil-realizam-palestra-sobre-prevencao-ao-suicidio-para-usuarios-do-cras\/#primaryimage"},"image":{"@id":"https:\/\/www.manaus.am.gov.br\/semasc\/prefeitura-e-sociedade-civil-realizam-palestra-sobre-prevencao-ao-suicidio-para-usuarios-do-cras\/#primaryimage"},"thumbnailUrl":"https:\/\/www.manaus.am.gov.br\/semasc\/wp-content\/uploads\/sites\/17\/2023\/09\/53216813342_3e84b7159d_c.jpg","datePublished":"2023-09-27T17:15:13+00:00","dateModified":"2023-09-27T17:15:14+00:00","description":"Em mais uma atividade do \u201cSetembro Amarelo\u201d, campanha de preven\u00e7\u00e3o ao suic\u00eddio, a Prefeitura de Manaus, por meio da Secretaria Municipal da Mulher, Assist\u00eancia Social e Cidadania (Semasc), em parceria com o instituto Desafio Jovem de Manaus, realizou, nesta quarta-feira, 27\/9, uma palestra com usu\u00e1rios atendidos pelos Servi\u00e7os de Conviv\u00eancia e Fortalecimento de V\u00ednculos (SCFV) e Prote\u00e7\u00e3o e Atendimento Integral \u00e0 Fam\u00edlia (Paif), do Centro de Refer\u00eancia de Assist\u00eancia Social (Cras) Cachoeirinha, na zona Sul.","breadcrumb":{"@id":"https:\/\/www.manaus.am.gov.br\/semasc\/prefeitura-e-sociedade-civil-realizam-palestra-sobre-prevencao-ao-suicidio-para-usuarios-do-cras\/#breadcrumb"},"inLanguage":"pt-BR","potentialAction":[{"@type":"ReadAction","target":["https:\/\/www.manaus.am.gov.br\/semasc\/prefeitura-e-sociedade-civil-realizam-palestra-sobre-prevencao-ao-suicidio-para-usuarios-do-cras\/"]}]},{"@type":"ImageObject","inLanguage":"pt-BR","@id":"https:\/\/www.manaus.am.gov.br\/semasc\/prefeitura-e-sociedade-civil-realizam-palestra-sobre-prevencao-ao-suicidio-para-usuarios-do-cras\/#primaryimage","url":"https:\/\/www.manaus.am.gov.br\/semasc\/wp-content\/uploads\/sites\/17\/2023\/09\/53216813342_3e84b7159d_c.jpg","contentUrl":"https:\/\/www.manaus.am.gov.br\/semasc\/wp-content\/uploads\/sites\/17\/2023\/09\/53216813342_3e84b7159d_c.jpg","width":799,"height":533},{"@type":"BreadcrumbList","@id":"https:\/\/www.manaus.am.gov.br\/semasc\/prefeitura-e-sociedade-civil-realizam-palestra-sobre-prevencao-ao-suicidio-para-usuarios-do-cras\/#breadcrumb","itemListElement":[{"@type":"ListItem","position":1,"name":"Home","item":"https:\/\/www.manaus.am.gov.br\/semasc\/"},{"@type":"ListItem","position":2,"name":"Prefeitura e sociedade civil realizam palestra sobre preven\u00e7\u00e3o ao suic\u00eddio para usu\u00e1rios do Cras"}]},{"@type":"WebSite","@id":"https:\/\/www.manaus.am.gov.br\/semasc\/#website","url":"https:\/\/www.manaus.am.gov.br\/semasc\/","name":"SEMASC","description":"Secretaria Municipal da Mulher, Assist\u00eancia Social e Cidadania.","publisher":{"@id":"https:\/\/www.manaus.am.gov.br\/semasc\/#organization"},"alternateName":"Secretaria Municipal da Mulher, Assist\u00eancia Social e Cidadania","potentialAction":[{"@type":"SearchAction","target":{"@type":"EntryPoint","urlTemplate":"https:\/\/www.manaus.am.gov.br\/semasc\/?s={search_term_string}"},"query-input":"required name=search_term_string"}],"inLanguage":"pt-BR"},{"@type":"Organization","@id":"https:\/\/www.manaus.am.gov.br\/semasc\/#organization","name":"Prefeitura de Manaus","alternateName":"Prefeitura Municipal de Manaus","url":"https:\/\/www.manaus.am.gov.br\/semasc\/","logo":{"@type":"ImageObject","inLanguage":"pt-BR","@id":"https:\/\/www.manaus.am.gov.br\/semasc\/#\/schema\/logo\/image\/","url":"https:\/\/www.manaus.am.gov.br\/semasc\/wp-content\/uploads\/sites\/17\/2024\/07\/favicon.png","contentUrl":"https:\/\/www.manaus.am.gov.br\/semasc\/wp-content\/uploads\/sites\/17\/2024\/07\/favicon.png","width":300,"height":300,"caption":"Prefeitura de Manaus"},"image":{"@id":"https:\/\/www.manaus.am.gov.br\/semasc\/#\/schema\/logo\/image\/"},"sameAs":["https:\/\/www.facebook.com\/semascmanaus","https:\/\/www.instagram.com\/semascmanaus\/"]},{"@type":"Person","@id":"https:\/\/www.manaus.am.gov.br\/semasc\/#\/schema\/person\/4e49f4e267757a06ca072ec61b2b9968","name":"Adriana Costa","image":{"@type":"ImageObject","inLanguage":"pt-BR","@id":"https:\/\/www.manaus.am.gov.br\/semasc\/#\/schema\/person\/image\/","url":"https:\/\/secure.gravatar.com\/avatar\/576258617ef7194f718179e766d57bd4?s=96&d=mm&r=g","contentUrl":"https:\/\/secure.gravatar.com\/avatar\/576258617ef7194f718179e766d57bd4?s=96&d=mm&r=g","caption":"Adriana Costa"}}]}},"_links":{"self":[{"href":"https:\/\/www.manaus.am.gov.br\/semasc\/wp-json\/wp\/v2\/posts\/208940"}],"collection":[{"href":"https:\/\/www.manaus.am.gov.br\/semasc\/wp-json\/wp\/v2\/posts"}],"about":[{"href":"https:\/\/www.manaus.am.gov.br\/semasc\/wp-json\/wp\/v2\/types\/post"}],"author":[{"embeddable":true,"href":"https:\/\/www.manaus.am.gov.br\/semasc\/wp-json\/wp\/v2\/users\/23"}],"replies":[{"embeddable":true,"href":"https:\/\/www.manaus.am.gov.br\/semasc\/wp-json\/wp\/v2\/comments?post=208940"}],"version-history":[{"count":0,"href":"https:\/\/www.manaus.am.gov.br\/semasc\/wp-json\/wp\/v2\/posts\/208940\/revisions"}],"wp:featuredmedia":[{"embeddable":true,"href":"https:\/\/www.manaus.am.gov.br\/semasc\/wp-json\/wp\/v2\/media\/208941"}],"wp:attachment":[{"href":"https:\/\/www.manaus.am.gov.br\/semasc\/wp-json\/wp\/v2\/media?parent=208940"}],"wp:term":[{"taxonomy":"category","embeddable":true,"href":"https:\/\/www.manaus.am.gov.br\/semasc\/wp-json\/wp\/v2\/categories?post=208940"},{"taxonomy":"post_tag","embeddable":true,"href":"https:\/\/www.manaus.am.gov.br\/semasc\/wp-json\/wp\/v2\/tags?post=208940"}],"curies":[{"name":"wp","href":"https:\/\/api.w.org\/{rel}","templated":true}]}}