{"id":208938,"date":"2023-09-26T13:52:57","date_gmt":"2023-09-26T17:52:57","guid":{"rendered":"https:\/\/www.manaus.am.gov.br\/semasc\/prefeitura-promove-palestra-alusiva-ao-mes-de-prevencao-ao-cancer-infantojuvenil-a-usuarios-do-cras\/"},"modified":"2023-09-26T13:52:58","modified_gmt":"2023-09-26T17:52:58","slug":"prefeitura-promove-palestra-alusiva-ao-mes-de-prevencao-ao-cancer-infantojuvenil-a-usuarios-do-cras","status":"publish","type":"post","link":"https:\/\/www.manaus.am.gov.br\/semasc\/prefeitura-promove-palestra-alusiva-ao-mes-de-prevencao-ao-cancer-infantojuvenil-a-usuarios-do-cras\/","title":{"rendered":"<strong>Prefeitura promove palestra alusiva ao m\u00eas de preven\u00e7\u00e3o ao c\u00e2ncer infantojuvenil a usu\u00e1rios do Cras<\/strong>"},"content":{"rendered":"\n<p><\/p>\n\n\n\n<p>Em alus\u00e3o ao \u201cSetembro Dourado\u201d, campanha de preven\u00e7\u00e3o e combate ao c\u00e2ncer infantojuvenil, a Prefeitura de Manaus, por meio da Secretaria Municipal da Mulher, Assist\u00eancia Social e Cidadania (Semasc), em parceria com o Grupo de Apoio \u00e0 Crian\u00e7a com C\u00e2ncer do Amazonas (Gacc-AM) e a Funda\u00e7\u00e3o Hospitalar de Hematologia e Hemoterapia do Amazonas (Hemoam), promoveu, nesta ter\u00e7a-feira, 26\/9, uma palestra especial aos usu\u00e1rios do Centro de Refer\u00eancia de Assist\u00eancia Social (Cras) Alvorada 1, na zona Centro-Oeste.<\/p>\n\n\n\n<p>Com o objetivo de conscientizar a comunidade, a palestra abordou temas como os principais sintomas, institui\u00e7\u00f5es de apoio \u00e0 crian\u00e7a com c\u00e2ncer e a import\u00e2ncia da doa\u00e7\u00e3o de sangue, periodicamente, para o tratamento de outras pessoas.<\/p>\n\n\n\n<p>\u201c\u00c9 muito importante para n\u00f3s que uma programa\u00e7\u00e3o t\u00e3o importante como essa seja realizada dentro do Cras. Queremos trazer para&nbsp;a comunidade&nbsp;o conhecimento necess\u00e1rio para que ela&nbsp;possa identificar&nbsp;entre si e seus filhos os poss\u00edveis sinais da doen\u00e7a e ter a ci\u00eancia de como o tratamento \u00e9 realizado, como o apoio pode ser fornecido e qual o papel do nosso hemocentro nisso tudo\u201d, destacou a coordenadora do Cras Alvorada 1, Luciane Paix\u00e3o.<\/p>\n\n\n\n<p>De acordo com Simy Essucy, coordenadora social do Gacc-AM, institui\u00e7\u00e3o que realiza o atendimento socioassistencial a fam\u00edlias do interior do estado em busca de tratamento na capital, \u00e9 fundamental que o \u201cSetembro Dourado\u201d chegue em espa\u00e7os como o Cras, com informa\u00e7\u00f5es que sejam acess\u00edveis aos comunit\u00e1rios e que agreguem \u00e0 rede de apoio do munic\u00edpio.<\/p>\n\n\n\n<p>\u201cCampanhas como essa s\u00e3o fundamentais n\u00e3o apenas para divulgar o nosso trabalho, mas tamb\u00e9m para estreitar ainda mais a nossa rela\u00e7\u00e3o com os equipamentos da Rede de Prote\u00e7\u00e3o. Quando trazemos o Gacc para dentro do Cras, fazemos com que mais pessoas falem sobre o c\u00e2ncer infantojuvenil, que tenham conhecimento. \u00c9 um momento que agrega ao nosso trabalho e ao trabalho do Cras, t\u00e3o fundamental na vida dessas pessoas\u201d, afirmou.<\/p>\n\n\n\n<p>Soci\u00f3loga da equipe de capta\u00e7\u00e3o de doadores do Hemoam, Suzete Camur\u00e7a ressaltou, ainda, o papel da popula\u00e7\u00e3o no combate a doen\u00e7as onco-hematol\u00f3gicas, como a leucemia, a partir da doa\u00e7\u00e3o peri\u00f3dica de sangue.<\/p>\n\n\n\n<p>\u201cO Hemoam, al\u00e9m de realizar o tratamento de pacientes com doen\u00e7as onco-hematol\u00f3gicas, tamb\u00e9m \u00e9 o grande banco de sangue do Estado do Amazonas. Muitos desses pacientes precisam de bolsas de sangue, dos subprodutos, como plaquetas e afins, ent\u00e3o nosso papel, hoje, \u00e9 mostrar para a comunidade que o combate ao c\u00e2ncer infantojuvenil tamb\u00e9m se encontra no ato de doar sangue, um ato solid\u00e1rio e que pode ser feito de maneira simples e r\u00e1pida\u201d, explicou.<\/p>\n\n\n\n<p>A dona de casa Daiana Silva, 38,&nbsp;prestigiou&nbsp;a palestra&nbsp;acompanhada&nbsp;dos dois filhos e destacou a import\u00e2ncia do momento para ela e sua fam\u00edlia. \u201cEu gostei muito, pois eu mesma n\u00e3o saberia reconhecer alguns dos sintomas de c\u00e2ncer infantil citados aqui. Para mim, que sou m\u00e3e de duas crian\u00e7as, acaba sendo muito importante, faz com que eu me mantenha atenta\u201d, afirmou.&nbsp;<\/p>\n\n\n\n<p><strong>&#8212; &#8212; &#8212;<\/strong><\/p>\n\n\n\n<p><strong>Texto &#8211;&nbsp;<\/strong>Guilherme Pacheco \/ Semasc<\/p>\n\n\n\n<p><strong>Fotos &#8211;&nbsp;<\/strong>Diego Lima \/ Semasc<\/p>\n\n\n\n<p><\/p>\n","protected":false},"excerpt":{"rendered":"","protected":false},"author":23,"featured_media":208939,"comment_status":"closed","ping_status":"closed","sticky":false,"template":"","format":"standard","meta":{"footnotes":""},"categories":[261],"tags":[121,7,448,449],"acf":[],"yoast_head":"<!-- This site is optimized with the Yoast SEO plugin v23.0 - https:\/\/yoast.com\/wordpress\/plugins\/seo\/ -->\n<title>Prefeitura promove palestra alusiva ao m\u00eas de preven\u00e7\u00e3o ao c\u00e2ncer infantojuvenil a usu\u00e1rios do Cras - SEMASC<\/title>\n<meta name=\"robots\" content=\"noindex, follow\" \/>\n<meta property=\"og:locale\" content=\"pt_BR\" \/>\n<meta property=\"og:type\" content=\"article\" \/>\n<meta property=\"og:title\" content=\"Prefeitura promove palestra alusiva ao m\u00eas de preven\u00e7\u00e3o ao c\u00e2ncer infantojuvenil a usu\u00e1rios do Cras - SEMASC\" \/>\n<meta property=\"og:url\" content=\"https:\/\/www.manaus.am.gov.br\/semasc\/prefeitura-promove-palestra-alusiva-ao-mes-de-prevencao-ao-cancer-infantojuvenil-a-usuarios-do-cras\/\" \/>\n<meta property=\"og:site_name\" content=\"SEMASC\" \/>\n<meta property=\"article:publisher\" content=\"https:\/\/www.facebook.com\/semascmanaus\" \/>\n<meta property=\"article:published_time\" content=\"2023-09-26T17:52:57+00:00\" \/>\n<meta property=\"article:modified_time\" content=\"2023-09-26T17:52:58+00:00\" \/>\n<meta property=\"og:image\" content=\"https:\/\/www.manaus.am.gov.br\/semasc\/wp-content\/uploads\/sites\/17\/2023\/09\/IMG_3373-2-1024x683.jpg\" \/>\n\t<meta property=\"og:image:width\" content=\"1024\" \/>\n\t<meta property=\"og:image:height\" content=\"683\" \/>\n\t<meta property=\"og:image:type\" content=\"image\/jpeg\" \/>\n<meta name=\"author\" content=\"Adriana Costa\" \/>\n<meta name=\"twitter:card\" content=\"summary_large_image\" \/>\n<meta name=\"twitter:label1\" content=\"Written by\" \/>\n\t<meta name=\"twitter:data1\" content=\"Adriana Costa\" \/>\n\t<meta name=\"twitter:label2\" content=\"Est. reading time\" \/>\n\t<meta name=\"twitter:data2\" content=\"3 minutos\" \/>\n<script type=\"application\/ld+json\" class=\"yoast-schema-graph\">{\"@context\":\"https:\/\/schema.org\",\"@graph\":[{\"@type\":\"Article\",\"@id\":\"https:\/\/www.manaus.am.gov.br\/semasc\/prefeitura-promove-palestra-alusiva-ao-mes-de-prevencao-ao-cancer-infantojuvenil-a-usuarios-do-cras\/#article\",\"isPartOf\":{\"@id\":\"https:\/\/www.manaus.am.gov.br\/semasc\/prefeitura-promove-palestra-alusiva-ao-mes-de-prevencao-ao-cancer-infantojuvenil-a-usuarios-do-cras\/\"},\"author\":{\"name\":\"Adriana Costa\",\"@id\":\"https:\/\/www.manaus.am.gov.br\/semasc\/#\/schema\/person\/4e49f4e267757a06ca072ec61b2b9968\"},\"headline\":\"Prefeitura promove palestra alusiva ao m\u00eas de preven\u00e7\u00e3o ao c\u00e2ncer infantojuvenil a usu\u00e1rios do Cras\",\"datePublished\":\"2023-09-26T17:52:57+00:00\",\"dateModified\":\"2023-09-26T17:52:58+00:00\",\"mainEntityOfPage\":{\"@id\":\"https:\/\/www.manaus.am.gov.br\/semasc\/prefeitura-promove-palestra-alusiva-ao-mes-de-prevencao-ao-cancer-infantojuvenil-a-usuarios-do-cras\/\"},\"wordCount\":569,\"publisher\":{\"@id\":\"https:\/\/www.manaus.am.gov.br\/semasc\/#organization\"},\"image\":{\"@id\":\"https:\/\/www.manaus.am.gov.br\/semasc\/prefeitura-promove-palestra-alusiva-ao-mes-de-prevencao-ao-cancer-infantojuvenil-a-usuarios-do-cras\/#primaryimage\"},\"thumbnailUrl\":\"https:\/\/www.manaus.am.gov.br\/semasc\/wp-content\/uploads\/sites\/17\/2023\/09\/IMG_3373-2.jpg\",\"keywords\":[\"cras\",\"prefeitura de manaus\",\"preven\u00e7\u00e3o ao c\u00e2ncer infantojuvenil\",\"Setembro dourado\"],\"articleSection\":[\"Sensibiliza\u00e7\u00e3o\"],\"inLanguage\":\"pt-BR\"},{\"@type\":\"WebPage\",\"@id\":\"https:\/\/www.manaus.am.gov.br\/semasc\/prefeitura-promove-palestra-alusiva-ao-mes-de-prevencao-ao-cancer-infantojuvenil-a-usuarios-do-cras\/\",\"url\":\"https:\/\/www.manaus.am.gov.br\/semasc\/prefeitura-promove-palestra-alusiva-ao-mes-de-prevencao-ao-cancer-infantojuvenil-a-usuarios-do-cras\/\",\"name\":\"Prefeitura promove palestra alusiva ao m\u00eas de preven\u00e7\u00e3o ao c\u00e2ncer infantojuvenil a usu\u00e1rios do Cras - SEMASC\",\"isPartOf\":{\"@id\":\"https:\/\/www.manaus.am.gov.br\/semasc\/#website\"},\"primaryImageOfPage\":{\"@id\":\"https:\/\/www.manaus.am.gov.br\/semasc\/prefeitura-promove-palestra-alusiva-ao-mes-de-prevencao-ao-cancer-infantojuvenil-a-usuarios-do-cras\/#primaryimage\"},\"image\":{\"@id\":\"https:\/\/www.manaus.am.gov.br\/semasc\/prefeitura-promove-palestra-alusiva-ao-mes-de-prevencao-ao-cancer-infantojuvenil-a-usuarios-do-cras\/#primaryimage\"},\"thumbnailUrl\":\"https:\/\/www.manaus.am.gov.br\/semasc\/wp-content\/uploads\/sites\/17\/2023\/09\/IMG_3373-2.jpg\",\"datePublished\":\"2023-09-26T17:52:57+00:00\",\"dateModified\":\"2023-09-26T17:52:58+00:00\",\"breadcrumb\":{\"@id\":\"https:\/\/www.manaus.am.gov.br\/semasc\/prefeitura-promove-palestra-alusiva-ao-mes-de-prevencao-ao-cancer-infantojuvenil-a-usuarios-do-cras\/#breadcrumb\"},\"inLanguage\":\"pt-BR\",\"potentialAction\":[{\"@type\":\"ReadAction\",\"target\":[\"https:\/\/www.manaus.am.gov.br\/semasc\/prefeitura-promove-palestra-alusiva-ao-mes-de-prevencao-ao-cancer-infantojuvenil-a-usuarios-do-cras\/\"]}]},{\"@type\":\"ImageObject\",\"inLanguage\":\"pt-BR\",\"@id\":\"https:\/\/www.manaus.am.gov.br\/semasc\/prefeitura-promove-palestra-alusiva-ao-mes-de-prevencao-ao-cancer-infantojuvenil-a-usuarios-do-cras\/#primaryimage\",\"url\":\"https:\/\/www.manaus.am.gov.br\/semasc\/wp-content\/uploads\/sites\/17\/2023\/09\/IMG_3373-2.jpg\",\"contentUrl\":\"https:\/\/www.manaus.am.gov.br\/semasc\/wp-content\/uploads\/sites\/17\/2023\/09\/IMG_3373-2.jpg\",\"width\":3456,\"height\":2304},{\"@type\":\"BreadcrumbList\",\"@id\":\"https:\/\/www.manaus.am.gov.br\/semasc\/prefeitura-promove-palestra-alusiva-ao-mes-de-prevencao-ao-cancer-infantojuvenil-a-usuarios-do-cras\/#breadcrumb\",\"itemListElement\":[{\"@type\":\"ListItem\",\"position\":1,\"name\":\"Home\",\"item\":\"https:\/\/www.manaus.am.gov.br\/semasc\/\"},{\"@type\":\"ListItem\",\"position\":2,\"name\":\"Prefeitura promove palestra alusiva ao m\u00eas de preven\u00e7\u00e3o ao c\u00e2ncer infantojuvenil a usu\u00e1rios do Cras\"}]},{\"@type\":\"WebSite\",\"@id\":\"https:\/\/www.manaus.am.gov.br\/semasc\/#website\",\"url\":\"https:\/\/www.manaus.am.gov.br\/semasc\/\",\"name\":\"SEMASC\",\"description\":\"Secretaria Municipal da Mulher, Assist\u00eancia Social e Cidadania.\",\"publisher\":{\"@id\":\"https:\/\/www.manaus.am.gov.br\/semasc\/#organization\"},\"alternateName\":\"Secretaria Municipal da Mulher, Assist\u00eancia Social e Cidadania\",\"potentialAction\":[{\"@type\":\"SearchAction\",\"target\":{\"@type\":\"EntryPoint\",\"urlTemplate\":\"https:\/\/www.manaus.am.gov.br\/semasc\/?s={search_term_string}\"},\"query-input\":\"required name=search_term_string\"}],\"inLanguage\":\"pt-BR\"},{\"@type\":\"Organization\",\"@id\":\"https:\/\/www.manaus.am.gov.br\/semasc\/#organization\",\"name\":\"Prefeitura de Manaus\",\"alternateName\":\"Prefeitura Municipal de Manaus\",\"url\":\"https:\/\/www.manaus.am.gov.br\/semasc\/\",\"logo\":{\"@type\":\"ImageObject\",\"inLanguage\":\"pt-BR\",\"@id\":\"https:\/\/www.manaus.am.gov.br\/semasc\/#\/schema\/logo\/image\/\",\"url\":\"https:\/\/www.manaus.am.gov.br\/semasc\/wp-content\/uploads\/sites\/17\/2024\/07\/favicon.png\",\"contentUrl\":\"https:\/\/www.manaus.am.gov.br\/semasc\/wp-content\/uploads\/sites\/17\/2024\/07\/favicon.png\",\"width\":300,\"height\":300,\"caption\":\"Prefeitura de Manaus\"},\"image\":{\"@id\":\"https:\/\/www.manaus.am.gov.br\/semasc\/#\/schema\/logo\/image\/\"},\"sameAs\":[\"https:\/\/www.facebook.com\/semascmanaus\",\"https:\/\/www.instagram.com\/semascmanaus\/\"]},{\"@type\":\"Person\",\"@id\":\"https:\/\/www.manaus.am.gov.br\/semasc\/#\/schema\/person\/4e49f4e267757a06ca072ec61b2b9968\",\"name\":\"Adriana Costa\",\"image\":{\"@type\":\"ImageObject\",\"inLanguage\":\"pt-BR\",\"@id\":\"https:\/\/www.manaus.am.gov.br\/semasc\/#\/schema\/person\/image\/\",\"url\":\"https:\/\/secure.gravatar.com\/avatar\/576258617ef7194f718179e766d57bd4?s=96&d=mm&r=g\",\"contentUrl\":\"https:\/\/secure.gravatar.com\/avatar\/576258617ef7194f718179e766d57bd4?s=96&d=mm&r=g\",\"caption\":\"Adriana Costa\"}}]}<\/script>\n<!-- \/ Yoast SEO plugin. -->","yoast_head_json":{"title":"Prefeitura promove palestra alusiva ao m\u00eas de preven\u00e7\u00e3o ao c\u00e2ncer infantojuvenil a usu\u00e1rios do Cras - SEMASC","robots":{"index":"noindex","follow":"follow"},"og_locale":"pt_BR","og_type":"article","og_title":"Prefeitura promove palestra alusiva ao m\u00eas de preven\u00e7\u00e3o ao c\u00e2ncer infantojuvenil a usu\u00e1rios do Cras - SEMASC","og_url":"https:\/\/www.manaus.am.gov.br\/semasc\/prefeitura-promove-palestra-alusiva-ao-mes-de-prevencao-ao-cancer-infantojuvenil-a-usuarios-do-cras\/","og_site_name":"SEMASC","article_publisher":"https:\/\/www.facebook.com\/semascmanaus","article_published_time":"2023-09-26T17:52:57+00:00","article_modified_time":"2023-09-26T17:52:58+00:00","og_image":[{"width":1024,"height":683,"url":"https:\/\/www.manaus.am.gov.br\/semasc\/wp-content\/uploads\/sites\/17\/2023\/09\/IMG_3373-2-1024x683.jpg","type":"image\/jpeg"}],"author":"Adriana Costa","twitter_card":"summary_large_image","twitter_misc":{"Written by":"Adriana Costa","Est. reading time":"3 minutos"},"schema":{"@context":"https:\/\/schema.org","@graph":[{"@type":"Article","@id":"https:\/\/www.manaus.am.gov.br\/semasc\/prefeitura-promove-palestra-alusiva-ao-mes-de-prevencao-ao-cancer-infantojuvenil-a-usuarios-do-cras\/#article","isPartOf":{"@id":"https:\/\/www.manaus.am.gov.br\/semasc\/prefeitura-promove-palestra-alusiva-ao-mes-de-prevencao-ao-cancer-infantojuvenil-a-usuarios-do-cras\/"},"author":{"name":"Adriana Costa","@id":"https:\/\/www.manaus.am.gov.br\/semasc\/#\/schema\/person\/4e49f4e267757a06ca072ec61b2b9968"},"headline":"Prefeitura promove palestra alusiva ao m\u00eas de preven\u00e7\u00e3o ao c\u00e2ncer infantojuvenil a usu\u00e1rios do Cras","datePublished":"2023-09-26T17:52:57+00:00","dateModified":"2023-09-26T17:52:58+00:00","mainEntityOfPage":{"@id":"https:\/\/www.manaus.am.gov.br\/semasc\/prefeitura-promove-palestra-alusiva-ao-mes-de-prevencao-ao-cancer-infantojuvenil-a-usuarios-do-cras\/"},"wordCount":569,"publisher":{"@id":"https:\/\/www.manaus.am.gov.br\/semasc\/#organization"},"image":{"@id":"https:\/\/www.manaus.am.gov.br\/semasc\/prefeitura-promove-palestra-alusiva-ao-mes-de-prevencao-ao-cancer-infantojuvenil-a-usuarios-do-cras\/#primaryimage"},"thumbnailUrl":"https:\/\/www.manaus.am.gov.br\/semasc\/wp-content\/uploads\/sites\/17\/2023\/09\/IMG_3373-2.jpg","keywords":["cras","prefeitura de manaus","preven\u00e7\u00e3o ao c\u00e2ncer infantojuvenil","Setembro dourado"],"articleSection":["Sensibiliza\u00e7\u00e3o"],"inLanguage":"pt-BR"},{"@type":"WebPage","@id":"https:\/\/www.manaus.am.gov.br\/semasc\/prefeitura-promove-palestra-alusiva-ao-mes-de-prevencao-ao-cancer-infantojuvenil-a-usuarios-do-cras\/","url":"https:\/\/www.manaus.am.gov.br\/semasc\/prefeitura-promove-palestra-alusiva-ao-mes-de-prevencao-ao-cancer-infantojuvenil-a-usuarios-do-cras\/","name":"Prefeitura promove palestra alusiva ao m\u00eas de preven\u00e7\u00e3o ao c\u00e2ncer infantojuvenil a usu\u00e1rios do Cras - SEMASC","isPartOf":{"@id":"https:\/\/www.manaus.am.gov.br\/semasc\/#website"},"primaryImageOfPage":{"@id":"https:\/\/www.manaus.am.gov.br\/semasc\/prefeitura-promove-palestra-alusiva-ao-mes-de-prevencao-ao-cancer-infantojuvenil-a-usuarios-do-cras\/#primaryimage"},"image":{"@id":"https:\/\/www.manaus.am.gov.br\/semasc\/prefeitura-promove-palestra-alusiva-ao-mes-de-prevencao-ao-cancer-infantojuvenil-a-usuarios-do-cras\/#primaryimage"},"thumbnailUrl":"https:\/\/www.manaus.am.gov.br\/semasc\/wp-content\/uploads\/sites\/17\/2023\/09\/IMG_3373-2.jpg","datePublished":"2023-09-26T17:52:57+00:00","dateModified":"2023-09-26T17:52:58+00:00","breadcrumb":{"@id":"https:\/\/www.manaus.am.gov.br\/semasc\/prefeitura-promove-palestra-alusiva-ao-mes-de-prevencao-ao-cancer-infantojuvenil-a-usuarios-do-cras\/#breadcrumb"},"inLanguage":"pt-BR","potentialAction":[{"@type":"ReadAction","target":["https:\/\/www.manaus.am.gov.br\/semasc\/prefeitura-promove-palestra-alusiva-ao-mes-de-prevencao-ao-cancer-infantojuvenil-a-usuarios-do-cras\/"]}]},{"@type":"ImageObject","inLanguage":"pt-BR","@id":"https:\/\/www.manaus.am.gov.br\/semasc\/prefeitura-promove-palestra-alusiva-ao-mes-de-prevencao-ao-cancer-infantojuvenil-a-usuarios-do-cras\/#primaryimage","url":"https:\/\/www.manaus.am.gov.br\/semasc\/wp-content\/uploads\/sites\/17\/2023\/09\/IMG_3373-2.jpg","contentUrl":"https:\/\/www.manaus.am.gov.br\/semasc\/wp-content\/uploads\/sites\/17\/2023\/09\/IMG_3373-2.jpg","width":3456,"height":2304},{"@type":"BreadcrumbList","@id":"https:\/\/www.manaus.am.gov.br\/semasc\/prefeitura-promove-palestra-alusiva-ao-mes-de-prevencao-ao-cancer-infantojuvenil-a-usuarios-do-cras\/#breadcrumb","itemListElement":[{"@type":"ListItem","position":1,"name":"Home","item":"https:\/\/www.manaus.am.gov.br\/semasc\/"},{"@type":"ListItem","position":2,"name":"Prefeitura promove palestra alusiva ao m\u00eas de preven\u00e7\u00e3o ao c\u00e2ncer infantojuvenil a usu\u00e1rios do Cras"}]},{"@type":"WebSite","@id":"https:\/\/www.manaus.am.gov.br\/semasc\/#website","url":"https:\/\/www.manaus.am.gov.br\/semasc\/","name":"SEMASC","description":"Secretaria Municipal da Mulher, Assist\u00eancia Social e Cidadania.","publisher":{"@id":"https:\/\/www.manaus.am.gov.br\/semasc\/#organization"},"alternateName":"Secretaria Municipal da Mulher, Assist\u00eancia Social e Cidadania","potentialAction":[{"@type":"SearchAction","target":{"@type":"EntryPoint","urlTemplate":"https:\/\/www.manaus.am.gov.br\/semasc\/?s={search_term_string}"},"query-input":"required name=search_term_string"}],"inLanguage":"pt-BR"},{"@type":"Organization","@id":"https:\/\/www.manaus.am.gov.br\/semasc\/#organization","name":"Prefeitura de Manaus","alternateName":"Prefeitura Municipal de Manaus","url":"https:\/\/www.manaus.am.gov.br\/semasc\/","logo":{"@type":"ImageObject","inLanguage":"pt-BR","@id":"https:\/\/www.manaus.am.gov.br\/semasc\/#\/schema\/logo\/image\/","url":"https:\/\/www.manaus.am.gov.br\/semasc\/wp-content\/uploads\/sites\/17\/2024\/07\/favicon.png","contentUrl":"https:\/\/www.manaus.am.gov.br\/semasc\/wp-content\/uploads\/sites\/17\/2024\/07\/favicon.png","width":300,"height":300,"caption":"Prefeitura de Manaus"},"image":{"@id":"https:\/\/www.manaus.am.gov.br\/semasc\/#\/schema\/logo\/image\/"},"sameAs":["https:\/\/www.facebook.com\/semascmanaus","https:\/\/www.instagram.com\/semascmanaus\/"]},{"@type":"Person","@id":"https:\/\/www.manaus.am.gov.br\/semasc\/#\/schema\/person\/4e49f4e267757a06ca072ec61b2b9968","name":"Adriana Costa","image":{"@type":"ImageObject","inLanguage":"pt-BR","@id":"https:\/\/www.manaus.am.gov.br\/semasc\/#\/schema\/person\/image\/","url":"https:\/\/secure.gravatar.com\/avatar\/576258617ef7194f718179e766d57bd4?s=96&d=mm&r=g","contentUrl":"https:\/\/secure.gravatar.com\/avatar\/576258617ef7194f718179e766d57bd4?s=96&d=mm&r=g","caption":"Adriana Costa"}}]}},"_links":{"self":[{"href":"https:\/\/www.manaus.am.gov.br\/semasc\/wp-json\/wp\/v2\/posts\/208938"}],"collection":[{"href":"https:\/\/www.manaus.am.gov.br\/semasc\/wp-json\/wp\/v2\/posts"}],"about":[{"href":"https:\/\/www.manaus.am.gov.br\/semasc\/wp-json\/wp\/v2\/types\/post"}],"author":[{"embeddable":true,"href":"https:\/\/www.manaus.am.gov.br\/semasc\/wp-json\/wp\/v2\/users\/23"}],"replies":[{"embeddable":true,"href":"https:\/\/www.manaus.am.gov.br\/semasc\/wp-json\/wp\/v2\/comments?post=208938"}],"version-history":[{"count":0,"href":"https:\/\/www.manaus.am.gov.br\/semasc\/wp-json\/wp\/v2\/posts\/208938\/revisions"}],"wp:featuredmedia":[{"embeddable":true,"href":"https:\/\/www.manaus.am.gov.br\/semasc\/wp-json\/wp\/v2\/media\/208939"}],"wp:attachment":[{"href":"https:\/\/www.manaus.am.gov.br\/semasc\/wp-json\/wp\/v2\/media?parent=208938"}],"wp:term":[{"taxonomy":"category","embeddable":true,"href":"https:\/\/www.manaus.am.gov.br\/semasc\/wp-json\/wp\/v2\/categories?post=208938"},{"taxonomy":"post_tag","embeddable":true,"href":"https:\/\/www.manaus.am.gov.br\/semasc\/wp-json\/wp\/v2\/tags?post=208938"}],"curies":[{"name":"wp","href":"https:\/\/api.w.org\/{rel}","templated":true}]}}