{"id":208930,"date":"2023-09-24T19:39:58","date_gmt":"2023-09-24T23:39:58","guid":{"rendered":"https:\/\/www.manaus.am.gov.br\/semasc\/escolha-dos-conselheiros-tutelares-em-manaus-esta-confirmada-para-o-proximo-domingo-1o-10\/"},"modified":"2023-09-24T19:40:00","modified_gmt":"2023-09-24T23:40:00","slug":"escolha-dos-conselheiros-tutelares-em-manaus-esta-confirmada-para-o-proximo-domingo-1o-10","status":"publish","type":"post","link":"https:\/\/www.manaus.am.gov.br\/semasc\/escolha-dos-conselheiros-tutelares-em-manaus-esta-confirmada-para-o-proximo-domingo-1o-10\/","title":{"rendered":"<strong>Escolha dos conselheiros tutelares em Manaus est\u00e1 confirmada para o pr\u00f3ximo domingo, 1\u00ba\/10<\/strong>"},"content":{"rendered":"\n<p>A Prefeitura de Manaus confirma o processo eleitoral para a defini\u00e7\u00e3o dos 50 conselheiros tutelares municipais no pr\u00f3ximo domingo, 1\u00b0\/10. A confirma\u00e7\u00e3o ocorre ap\u00f3s decis\u00e3o do juiz da 4\u00aa Vara da Fazenda P\u00fablica, Paulo Fernando de Britto Feitoza, que revogou neste domingo, 24\/9, a liminar que suspendia a realiza\u00e7\u00e3o do pleito.<\/p>\n\n\n\n<p>Em sua decis\u00e3o, o ju\u00edz concordou com a alega\u00e7\u00e3o do Minist\u00e9rio P\u00fablico e do Munic\u00edpio de Manaus, que a aus\u00eancia do n\u00famero m\u00ednimo de candidatos para o pleito de conselheiros tutelares, previsto no artigo 13 da Resolu\u00e7\u00e3o 231\/2022, n\u00e3o traz nenhum preju\u00edzo ao certame, uma vez que em momento posterior, caber\u00e1 a eventual suplementa\u00e7\u00e3o de candidatos, por meio de novo certame.<\/p>\n\n\n\n<p>Al\u00e9m disso, existe a expressa determina\u00e7\u00e3o legal, constante no Estatuto da Crian\u00e7a e do Adolescente (ECA), de que as elei\u00e7\u00f5es para escolha de integrantes do Conselho Tutelar devem ocorrer no primeiro domingo do m\u00eas de outubro do ano subsequente ao da elei\u00e7\u00e3o presidencial, havendo, assim, a unifica\u00e7\u00e3o do pleito em todo o pa\u00eds.<\/p>\n\n\n\n<p><strong>Preparativos<\/strong><\/p>\n\n\n\n<p>Mais de cinco mil pessoas estar\u00e3o trabalhando diretamente no pleito, que acontecer\u00e1 de 8h \u00e0s 17h, tanto na zona urbana quanto na zona rural. Ao todo, 121 candidatos concorrem a 50 vagas para conselheiros tutelares titulares.<\/p>\n\n\n\n<p>Manaus conta com dez conselhos tutelares distribu\u00eddos em todas as zonas da cidade. Ser\u00e3o empregadas 148 escolas p\u00fablicas municipais e estaduais como locais de vota\u00e7\u00e3o. Todos os cidad\u00e3os maiores de 16 anos que possuem t\u00edtulo de eleitor podem votar.<\/p>\n\n\n\n<p>Os conselhos tutelares s\u00e3o \u00f3rg\u00e3os permanentes e aut\u00f4nomos, que atuam em conjunto com a sociedade para assegurar os direitos das crian\u00e7as e adolescentes conforme estabelecido no ECA. Sua atua\u00e7\u00e3o \u00e9 fundamental para o acompanhamento, den\u00fancia e efetiva\u00e7\u00e3o de direitos, trabalhando de maneira a prevenir situa\u00e7\u00f5es de risco e viola\u00e7\u00e3o.<\/p>\n\n\n\n<p>A lista com o nome de todos os candidatos a conselheiro tutelar est\u00e1 dispon\u00edvel no Di\u00e1rio Oficial do Munic\u00edpio n\u00ba 5.659 do dia 28 de agosto no link &nbsp;<a href=\"http:\/\/dom.manaus.am.gov.br\/pdf\/2023\/agosto\/DOM%205659%2028.08.2023%20CAD%201.pdf\">http:\/\/dom.manaus.am.gov.br\/pdf\/2023\/agosto\/DOM%205659%2028.08.2023%20CAD%201.pdf<\/a><\/p>\n\n\n\n<p>&#8212; &#8212; &#8212;<\/p>\n\n\n\n<p><strong>Texto<\/strong> \u2013 Thiago Fernando \/ Semcom<\/p>\n\n\n\n<p><strong>Foto<\/strong> \u2013 Phil Limma \/ Arquivo Semcom<\/p>\n\n\n\n<p>Dispon\u00edvel em &#8211; <a href=\"https:\/\/flic.kr\/p\/2oV6qMM\">https:\/\/flic.kr\/p\/2oV6qMM<\/a><\/p>\n","protected":false},"excerpt":{"rendered":"","protected":false},"author":31,"featured_media":208931,"comment_status":"closed","ping_status":"closed","sticky":false,"template":"","format":"standard","meta":{"footnotes":""},"categories":[353],"tags":[434,82,435],"acf":[],"yoast_head":"<!-- This site is optimized with the Yoast SEO plugin v23.0 - https:\/\/yoast.com\/wordpress\/plugins\/seo\/ -->\n<title>Escolha dos conselheiros tutelares em Manaus est\u00e1 confirmada para o pr\u00f3ximo domingo, 1\u00ba\/10 - SEMASC<\/title>\n<meta name=\"robots\" content=\"noindex, follow\" \/>\n<meta property=\"og:locale\" content=\"pt_BR\" \/>\n<meta property=\"og:type\" content=\"article\" \/>\n<meta property=\"og:title\" content=\"Escolha dos conselheiros tutelares em Manaus est\u00e1 confirmada para o pr\u00f3ximo domingo, 1\u00ba\/10 - SEMASC\" \/>\n<meta property=\"og:url\" content=\"https:\/\/www.manaus.am.gov.br\/semasc\/escolha-dos-conselheiros-tutelares-em-manaus-esta-confirmada-para-o-proximo-domingo-1o-10\/\" \/>\n<meta property=\"og:site_name\" content=\"SEMASC\" \/>\n<meta property=\"article:publisher\" content=\"https:\/\/www.facebook.com\/semascmanaus\" \/>\n<meta property=\"article:published_time\" content=\"2023-09-24T23:39:58+00:00\" \/>\n<meta property=\"article:modified_time\" content=\"2023-09-24T23:40:00+00:00\" \/>\n<meta property=\"og:image\" content=\"https:\/\/www.manaus.am.gov.br\/semasc\/wp-content\/uploads\/sites\/17\/2023\/09\/53109374679_c404c635c3_c.jpg\" \/>\n\t<meta property=\"og:image:width\" content=\"799\" \/>\n\t<meta property=\"og:image:height\" content=\"533\" \/>\n\t<meta property=\"og:image:type\" content=\"image\/jpeg\" \/>\n<meta name=\"author\" content=\"Renata Felix\" \/>\n<meta name=\"twitter:card\" content=\"summary_large_image\" \/>\n<meta name=\"twitter:label1\" content=\"Written by\" \/>\n\t<meta name=\"twitter:data1\" content=\"Renata Felix\" \/>\n\t<meta name=\"twitter:label2\" content=\"Est. reading time\" \/>\n\t<meta name=\"twitter:data2\" content=\"2 minutos\" \/>\n<script type=\"application\/ld+json\" class=\"yoast-schema-graph\">{\"@context\":\"https:\/\/schema.org\",\"@graph\":[{\"@type\":\"Article\",\"@id\":\"https:\/\/www.manaus.am.gov.br\/semasc\/escolha-dos-conselheiros-tutelares-em-manaus-esta-confirmada-para-o-proximo-domingo-1o-10\/#article\",\"isPartOf\":{\"@id\":\"https:\/\/www.manaus.am.gov.br\/semasc\/escolha-dos-conselheiros-tutelares-em-manaus-esta-confirmada-para-o-proximo-domingo-1o-10\/\"},\"author\":{\"name\":\"Renata Felix\",\"@id\":\"https:\/\/www.manaus.am.gov.br\/semasc\/#\/schema\/person\/4eea2a8f78dc853097abb026f728aa06\"},\"headline\":\"Escolha dos conselheiros tutelares em Manaus est\u00e1 confirmada para o pr\u00f3ximo domingo, 1\u00ba\/10\",\"datePublished\":\"2023-09-24T23:39:58+00:00\",\"dateModified\":\"2023-09-24T23:40:00+00:00\",\"mainEntityOfPage\":{\"@id\":\"https:\/\/www.manaus.am.gov.br\/semasc\/escolha-dos-conselheiros-tutelares-em-manaus-esta-confirmada-para-o-proximo-domingo-1o-10\/\"},\"wordCount\":399,\"publisher\":{\"@id\":\"https:\/\/www.manaus.am.gov.br\/semasc\/#organization\"},\"image\":{\"@id\":\"https:\/\/www.manaus.am.gov.br\/semasc\/escolha-dos-conselheiros-tutelares-em-manaus-esta-confirmada-para-o-proximo-domingo-1o-10\/#primaryimage\"},\"thumbnailUrl\":\"https:\/\/www.manaus.am.gov.br\/semasc\/wp-content\/uploads\/sites\/17\/2023\/09\/53109374679_c404c635c3_c.jpg\",\"keywords\":[\"50 conselheiros tutelares\",\"Conselho Tutelar\",\"Processo Eleitoral\"],\"articleSection\":[\"Elei\u00e7\u00e3o\"],\"inLanguage\":\"pt-BR\"},{\"@type\":\"WebPage\",\"@id\":\"https:\/\/www.manaus.am.gov.br\/semasc\/escolha-dos-conselheiros-tutelares-em-manaus-esta-confirmada-para-o-proximo-domingo-1o-10\/\",\"url\":\"https:\/\/www.manaus.am.gov.br\/semasc\/escolha-dos-conselheiros-tutelares-em-manaus-esta-confirmada-para-o-proximo-domingo-1o-10\/\",\"name\":\"Escolha dos conselheiros tutelares em Manaus est\u00e1 confirmada para o pr\u00f3ximo domingo, 1\u00ba\/10 - SEMASC\",\"isPartOf\":{\"@id\":\"https:\/\/www.manaus.am.gov.br\/semasc\/#website\"},\"primaryImageOfPage\":{\"@id\":\"https:\/\/www.manaus.am.gov.br\/semasc\/escolha-dos-conselheiros-tutelares-em-manaus-esta-confirmada-para-o-proximo-domingo-1o-10\/#primaryimage\"},\"image\":{\"@id\":\"https:\/\/www.manaus.am.gov.br\/semasc\/escolha-dos-conselheiros-tutelares-em-manaus-esta-confirmada-para-o-proximo-domingo-1o-10\/#primaryimage\"},\"thumbnailUrl\":\"https:\/\/www.manaus.am.gov.br\/semasc\/wp-content\/uploads\/sites\/17\/2023\/09\/53109374679_c404c635c3_c.jpg\",\"datePublished\":\"2023-09-24T23:39:58+00:00\",\"dateModified\":\"2023-09-24T23:40:00+00:00\",\"breadcrumb\":{\"@id\":\"https:\/\/www.manaus.am.gov.br\/semasc\/escolha-dos-conselheiros-tutelares-em-manaus-esta-confirmada-para-o-proximo-domingo-1o-10\/#breadcrumb\"},\"inLanguage\":\"pt-BR\",\"potentialAction\":[{\"@type\":\"ReadAction\",\"target\":[\"https:\/\/www.manaus.am.gov.br\/semasc\/escolha-dos-conselheiros-tutelares-em-manaus-esta-confirmada-para-o-proximo-domingo-1o-10\/\"]}]},{\"@type\":\"ImageObject\",\"inLanguage\":\"pt-BR\",\"@id\":\"https:\/\/www.manaus.am.gov.br\/semasc\/escolha-dos-conselheiros-tutelares-em-manaus-esta-confirmada-para-o-proximo-domingo-1o-10\/#primaryimage\",\"url\":\"https:\/\/www.manaus.am.gov.br\/semasc\/wp-content\/uploads\/sites\/17\/2023\/09\/53109374679_c404c635c3_c.jpg\",\"contentUrl\":\"https:\/\/www.manaus.am.gov.br\/semasc\/wp-content\/uploads\/sites\/17\/2023\/09\/53109374679_c404c635c3_c.jpg\",\"width\":799,\"height\":533},{\"@type\":\"BreadcrumbList\",\"@id\":\"https:\/\/www.manaus.am.gov.br\/semasc\/escolha-dos-conselheiros-tutelares-em-manaus-esta-confirmada-para-o-proximo-domingo-1o-10\/#breadcrumb\",\"itemListElement\":[{\"@type\":\"ListItem\",\"position\":1,\"name\":\"Home\",\"item\":\"https:\/\/www.manaus.am.gov.br\/semasc\/\"},{\"@type\":\"ListItem\",\"position\":2,\"name\":\"Escolha dos conselheiros tutelares em Manaus est\u00e1 confirmada para o pr\u00f3ximo domingo, 1\u00ba\/10\"}]},{\"@type\":\"WebSite\",\"@id\":\"https:\/\/www.manaus.am.gov.br\/semasc\/#website\",\"url\":\"https:\/\/www.manaus.am.gov.br\/semasc\/\",\"name\":\"SEMASC\",\"description\":\"Secretaria Municipal da Mulher, Assist\u00eancia Social e Cidadania.\",\"publisher\":{\"@id\":\"https:\/\/www.manaus.am.gov.br\/semasc\/#organization\"},\"alternateName\":\"Secretaria Municipal da Mulher, Assist\u00eancia Social e Cidadania\",\"potentialAction\":[{\"@type\":\"SearchAction\",\"target\":{\"@type\":\"EntryPoint\",\"urlTemplate\":\"https:\/\/www.manaus.am.gov.br\/semasc\/?s={search_term_string}\"},\"query-input\":\"required name=search_term_string\"}],\"inLanguage\":\"pt-BR\"},{\"@type\":\"Organization\",\"@id\":\"https:\/\/www.manaus.am.gov.br\/semasc\/#organization\",\"name\":\"Prefeitura de Manaus\",\"alternateName\":\"Prefeitura Municipal de Manaus\",\"url\":\"https:\/\/www.manaus.am.gov.br\/semasc\/\",\"logo\":{\"@type\":\"ImageObject\",\"inLanguage\":\"pt-BR\",\"@id\":\"https:\/\/www.manaus.am.gov.br\/semasc\/#\/schema\/logo\/image\/\",\"url\":\"https:\/\/www.manaus.am.gov.br\/semasc\/wp-content\/uploads\/sites\/17\/2024\/07\/favicon.png\",\"contentUrl\":\"https:\/\/www.manaus.am.gov.br\/semasc\/wp-content\/uploads\/sites\/17\/2024\/07\/favicon.png\",\"width\":300,\"height\":300,\"caption\":\"Prefeitura de Manaus\"},\"image\":{\"@id\":\"https:\/\/www.manaus.am.gov.br\/semasc\/#\/schema\/logo\/image\/\"},\"sameAs\":[\"https:\/\/www.facebook.com\/semascmanaus\",\"https:\/\/www.instagram.com\/semascmanaus\/\"]},{\"@type\":\"Person\",\"@id\":\"https:\/\/www.manaus.am.gov.br\/semasc\/#\/schema\/person\/4eea2a8f78dc853097abb026f728aa06\",\"name\":\"Renata Felix\",\"image\":{\"@type\":\"ImageObject\",\"inLanguage\":\"pt-BR\",\"@id\":\"https:\/\/www.manaus.am.gov.br\/semasc\/#\/schema\/person\/image\/\",\"url\":\"https:\/\/secure.gravatar.com\/avatar\/3c196cf9d3b837b24c8edb2c50fd8f29?s=96&d=mm&r=g\",\"contentUrl\":\"https:\/\/secure.gravatar.com\/avatar\/3c196cf9d3b837b24c8edb2c50fd8f29?s=96&d=mm&r=g\",\"caption\":\"Renata Felix\"}}]}<\/script>\n<!-- \/ Yoast SEO plugin. -->","yoast_head_json":{"title":"Escolha dos conselheiros tutelares em Manaus est\u00e1 confirmada para o pr\u00f3ximo domingo, 1\u00ba\/10 - SEMASC","robots":{"index":"noindex","follow":"follow"},"og_locale":"pt_BR","og_type":"article","og_title":"Escolha dos conselheiros tutelares em Manaus est\u00e1 confirmada para o pr\u00f3ximo domingo, 1\u00ba\/10 - SEMASC","og_url":"https:\/\/www.manaus.am.gov.br\/semasc\/escolha-dos-conselheiros-tutelares-em-manaus-esta-confirmada-para-o-proximo-domingo-1o-10\/","og_site_name":"SEMASC","article_publisher":"https:\/\/www.facebook.com\/semascmanaus","article_published_time":"2023-09-24T23:39:58+00:00","article_modified_time":"2023-09-24T23:40:00+00:00","og_image":[{"width":799,"height":533,"url":"https:\/\/www.manaus.am.gov.br\/semasc\/wp-content\/uploads\/sites\/17\/2023\/09\/53109374679_c404c635c3_c.jpg","type":"image\/jpeg"}],"author":"Renata Felix","twitter_card":"summary_large_image","twitter_misc":{"Written by":"Renata Felix","Est. reading time":"2 minutos"},"schema":{"@context":"https:\/\/schema.org","@graph":[{"@type":"Article","@id":"https:\/\/www.manaus.am.gov.br\/semasc\/escolha-dos-conselheiros-tutelares-em-manaus-esta-confirmada-para-o-proximo-domingo-1o-10\/#article","isPartOf":{"@id":"https:\/\/www.manaus.am.gov.br\/semasc\/escolha-dos-conselheiros-tutelares-em-manaus-esta-confirmada-para-o-proximo-domingo-1o-10\/"},"author":{"name":"Renata Felix","@id":"https:\/\/www.manaus.am.gov.br\/semasc\/#\/schema\/person\/4eea2a8f78dc853097abb026f728aa06"},"headline":"Escolha dos conselheiros tutelares em Manaus est\u00e1 confirmada para o pr\u00f3ximo domingo, 1\u00ba\/10","datePublished":"2023-09-24T23:39:58+00:00","dateModified":"2023-09-24T23:40:00+00:00","mainEntityOfPage":{"@id":"https:\/\/www.manaus.am.gov.br\/semasc\/escolha-dos-conselheiros-tutelares-em-manaus-esta-confirmada-para-o-proximo-domingo-1o-10\/"},"wordCount":399,"publisher":{"@id":"https:\/\/www.manaus.am.gov.br\/semasc\/#organization"},"image":{"@id":"https:\/\/www.manaus.am.gov.br\/semasc\/escolha-dos-conselheiros-tutelares-em-manaus-esta-confirmada-para-o-proximo-domingo-1o-10\/#primaryimage"},"thumbnailUrl":"https:\/\/www.manaus.am.gov.br\/semasc\/wp-content\/uploads\/sites\/17\/2023\/09\/53109374679_c404c635c3_c.jpg","keywords":["50 conselheiros tutelares","Conselho Tutelar","Processo Eleitoral"],"articleSection":["Elei\u00e7\u00e3o"],"inLanguage":"pt-BR"},{"@type":"WebPage","@id":"https:\/\/www.manaus.am.gov.br\/semasc\/escolha-dos-conselheiros-tutelares-em-manaus-esta-confirmada-para-o-proximo-domingo-1o-10\/","url":"https:\/\/www.manaus.am.gov.br\/semasc\/escolha-dos-conselheiros-tutelares-em-manaus-esta-confirmada-para-o-proximo-domingo-1o-10\/","name":"Escolha dos conselheiros tutelares em Manaus est\u00e1 confirmada para o pr\u00f3ximo domingo, 1\u00ba\/10 - SEMASC","isPartOf":{"@id":"https:\/\/www.manaus.am.gov.br\/semasc\/#website"},"primaryImageOfPage":{"@id":"https:\/\/www.manaus.am.gov.br\/semasc\/escolha-dos-conselheiros-tutelares-em-manaus-esta-confirmada-para-o-proximo-domingo-1o-10\/#primaryimage"},"image":{"@id":"https:\/\/www.manaus.am.gov.br\/semasc\/escolha-dos-conselheiros-tutelares-em-manaus-esta-confirmada-para-o-proximo-domingo-1o-10\/#primaryimage"},"thumbnailUrl":"https:\/\/www.manaus.am.gov.br\/semasc\/wp-content\/uploads\/sites\/17\/2023\/09\/53109374679_c404c635c3_c.jpg","datePublished":"2023-09-24T23:39:58+00:00","dateModified":"2023-09-24T23:40:00+00:00","breadcrumb":{"@id":"https:\/\/www.manaus.am.gov.br\/semasc\/escolha-dos-conselheiros-tutelares-em-manaus-esta-confirmada-para-o-proximo-domingo-1o-10\/#breadcrumb"},"inLanguage":"pt-BR","potentialAction":[{"@type":"ReadAction","target":["https:\/\/www.manaus.am.gov.br\/semasc\/escolha-dos-conselheiros-tutelares-em-manaus-esta-confirmada-para-o-proximo-domingo-1o-10\/"]}]},{"@type":"ImageObject","inLanguage":"pt-BR","@id":"https:\/\/www.manaus.am.gov.br\/semasc\/escolha-dos-conselheiros-tutelares-em-manaus-esta-confirmada-para-o-proximo-domingo-1o-10\/#primaryimage","url":"https:\/\/www.manaus.am.gov.br\/semasc\/wp-content\/uploads\/sites\/17\/2023\/09\/53109374679_c404c635c3_c.jpg","contentUrl":"https:\/\/www.manaus.am.gov.br\/semasc\/wp-content\/uploads\/sites\/17\/2023\/09\/53109374679_c404c635c3_c.jpg","width":799,"height":533},{"@type":"BreadcrumbList","@id":"https:\/\/www.manaus.am.gov.br\/semasc\/escolha-dos-conselheiros-tutelares-em-manaus-esta-confirmada-para-o-proximo-domingo-1o-10\/#breadcrumb","itemListElement":[{"@type":"ListItem","position":1,"name":"Home","item":"https:\/\/www.manaus.am.gov.br\/semasc\/"},{"@type":"ListItem","position":2,"name":"Escolha dos conselheiros tutelares em Manaus est\u00e1 confirmada para o pr\u00f3ximo domingo, 1\u00ba\/10"}]},{"@type":"WebSite","@id":"https:\/\/www.manaus.am.gov.br\/semasc\/#website","url":"https:\/\/www.manaus.am.gov.br\/semasc\/","name":"SEMASC","description":"Secretaria Municipal da Mulher, Assist\u00eancia Social e Cidadania.","publisher":{"@id":"https:\/\/www.manaus.am.gov.br\/semasc\/#organization"},"alternateName":"Secretaria Municipal da Mulher, Assist\u00eancia Social e Cidadania","potentialAction":[{"@type":"SearchAction","target":{"@type":"EntryPoint","urlTemplate":"https:\/\/www.manaus.am.gov.br\/semasc\/?s={search_term_string}"},"query-input":"required name=search_term_string"}],"inLanguage":"pt-BR"},{"@type":"Organization","@id":"https:\/\/www.manaus.am.gov.br\/semasc\/#organization","name":"Prefeitura de Manaus","alternateName":"Prefeitura Municipal de Manaus","url":"https:\/\/www.manaus.am.gov.br\/semasc\/","logo":{"@type":"ImageObject","inLanguage":"pt-BR","@id":"https:\/\/www.manaus.am.gov.br\/semasc\/#\/schema\/logo\/image\/","url":"https:\/\/www.manaus.am.gov.br\/semasc\/wp-content\/uploads\/sites\/17\/2024\/07\/favicon.png","contentUrl":"https:\/\/www.manaus.am.gov.br\/semasc\/wp-content\/uploads\/sites\/17\/2024\/07\/favicon.png","width":300,"height":300,"caption":"Prefeitura de Manaus"},"image":{"@id":"https:\/\/www.manaus.am.gov.br\/semasc\/#\/schema\/logo\/image\/"},"sameAs":["https:\/\/www.facebook.com\/semascmanaus","https:\/\/www.instagram.com\/semascmanaus\/"]},{"@type":"Person","@id":"https:\/\/www.manaus.am.gov.br\/semasc\/#\/schema\/person\/4eea2a8f78dc853097abb026f728aa06","name":"Renata Felix","image":{"@type":"ImageObject","inLanguage":"pt-BR","@id":"https:\/\/www.manaus.am.gov.br\/semasc\/#\/schema\/person\/image\/","url":"https:\/\/secure.gravatar.com\/avatar\/3c196cf9d3b837b24c8edb2c50fd8f29?s=96&d=mm&r=g","contentUrl":"https:\/\/secure.gravatar.com\/avatar\/3c196cf9d3b837b24c8edb2c50fd8f29?s=96&d=mm&r=g","caption":"Renata Felix"}}]}},"_links":{"self":[{"href":"https:\/\/www.manaus.am.gov.br\/semasc\/wp-json\/wp\/v2\/posts\/208930"}],"collection":[{"href":"https:\/\/www.manaus.am.gov.br\/semasc\/wp-json\/wp\/v2\/posts"}],"about":[{"href":"https:\/\/www.manaus.am.gov.br\/semasc\/wp-json\/wp\/v2\/types\/post"}],"author":[{"embeddable":true,"href":"https:\/\/www.manaus.am.gov.br\/semasc\/wp-json\/wp\/v2\/users\/31"}],"replies":[{"embeddable":true,"href":"https:\/\/www.manaus.am.gov.br\/semasc\/wp-json\/wp\/v2\/comments?post=208930"}],"version-history":[{"count":0,"href":"https:\/\/www.manaus.am.gov.br\/semasc\/wp-json\/wp\/v2\/posts\/208930\/revisions"}],"wp:featuredmedia":[{"embeddable":true,"href":"https:\/\/www.manaus.am.gov.br\/semasc\/wp-json\/wp\/v2\/media\/208931"}],"wp:attachment":[{"href":"https:\/\/www.manaus.am.gov.br\/semasc\/wp-json\/wp\/v2\/media?parent=208930"}],"wp:term":[{"taxonomy":"category","embeddable":true,"href":"https:\/\/www.manaus.am.gov.br\/semasc\/wp-json\/wp\/v2\/categories?post=208930"},{"taxonomy":"post_tag","embeddable":true,"href":"https:\/\/www.manaus.am.gov.br\/semasc\/wp-json\/wp\/v2\/tags?post=208930"}],"curies":[{"name":"wp","href":"https:\/\/api.w.org\/{rel}","templated":true}]}}