{"id":208920,"date":"2023-09-22T14:51:22","date_gmt":"2023-09-22T18:51:22","guid":{"rendered":"https:\/\/www.manaus.am.gov.br\/semasc\/conferencia-de-urnas-garante-transparencia-nas-eleicoes-de-conselheiros-tutelares\/"},"modified":"2023-09-22T15:32:08","modified_gmt":"2023-09-22T19:32:08","slug":"conferencia-de-urnas-garante-transparencia-nas-eleicoes-de-conselheiros-tutelares","status":"publish","type":"post","link":"https:\/\/www.manaus.am.gov.br\/semasc\/conferencia-de-urnas-garante-transparencia-nas-eleicoes-de-conselheiros-tutelares\/","title":{"rendered":"<strong>Confer\u00eancia de urnas garante transpar\u00eancia nas elei\u00e7\u00f5es de Conselheiros Tutelares<\/strong>"},"content":{"rendered":"\n<p>A Prefeitura de Manaus, por meio da Secretaria Municipal da Mulher, Assist\u00eancia Social e Cidadania (Semasc), e o Conselho Municipal dos Direitos da Crian\u00e7a e do Adolescente (CMDCA), participaram da confer\u00eancia de urnas destinadas \u00e0 vota\u00e7\u00e3o para as elei\u00e7\u00f5es dos Conselheiros Tutelares, promovida pelo Tribunal Regional Eleitoral do Amazonas (TRE-AM). O pleito est\u00e1 marcado para o pr\u00f3ximo dia 1\u00ba de outubro e tem grande relev\u00e2ncia para a prote\u00e7\u00e3o dos direitos da crian\u00e7a e do adolescente em nossa cidade.<\/p>\n\n\n\n<p>O objetivo da a\u00e7\u00e3o \u00e9 garantir a transpar\u00eancia e confiabilidade no processo eleitoral. Em um momento em que a credibilidade das urnas e da contagem de votos \u00e9 questionada em diferentes esferas da sociedade, iniciativas como essa s\u00e3o fundamentais para assegurar a integridade do processo e a confian\u00e7a da popula\u00e7\u00e3o.<\/p>\n\n\n\n<p>&#8220;Queremos assegurar a todos os eleitores e candidatos que o processo ser\u00e1 feito com a m\u00e1xima seriedade. A confer\u00eancia das urnas \u00e9 apenas uma das etapas de garantia de um processo limpo&#8221;, afirmou Gra\u00e7a Prola, subsecret\u00e1ria da Semasc e presidente do CMDCA.<\/p>\n\n\n\n<p>Ao todo ser\u00e3o empregadas 458 urnas eletr\u00f4nicas e mais 49 estar\u00e3o \u00e0 disposi\u00e7\u00e3o caso haja necessidade de substitui\u00e7\u00e3o. Na zona rural ribeirinha e rodovi\u00e1ria ser\u00e3o empregadas urnas de lona, com vota\u00e7\u00e3o em papel.<\/p>\n\n\n\n<p>Durante a confer\u00eancia foram testados os mecanismos de vota\u00e7\u00e3o e contagem, al\u00e9m de ser apresentado o protocolo que ser\u00e1 adotado no dia da elei\u00e7\u00e3o para garantir que todo o processo ocorra sem intercorr\u00eancias. A a\u00e7\u00e3o tamb\u00e9m contou com a presen\u00e7a dos candidatos.<\/p>\n\n\n\n<p>O chefe da Se\u00e7\u00e3o de Voto Informatizado do TRE-AM, Herbert Van Ferreira, destacou a import\u00e2ncia do processo de prepara\u00e7\u00e3o. &#8220;Estamos empenhados em garantir que as elei\u00e7\u00f5es para o Conselho Tutelar ocorram de forma transparente e democr\u00e1tica. A confer\u00eancia de urnas \u00e9 um passo crucial nesse caminho, e estamos trabalhando em estreita colabora\u00e7\u00e3o com o CMDCA para que tudo ocorra conforme o planejado.&#8221;<\/p>\n\n\n\n<p>O papel do Conselho Tutelar \u00e9 indispens\u00e1vel para garantir os direitos das crian\u00e7as e adolescentes. Seus membros t\u00eam a fun\u00e7\u00e3o de zelar para que esses direitos sejam respeitados e protegidos, atuando em casos de neglig\u00eancia, viol\u00eancia, explora\u00e7\u00e3o, entre outros. Por isso, a elei\u00e7\u00e3o de conselheiros comprometidos e qualificados \u00e9 de extrema import\u00e2ncia.<\/p>\n\n\n\n<p>Todos os cidad\u00e3os est\u00e3o convidados a participar da elei\u00e7\u00e3o e escolher os representantes que melhor atendam aos interesses da nossa juventude. A elei\u00e7\u00e3o para conselheiros tutelares acontece no dia 1\u00ba\/10, de 8h \u00e0s 17h. Os locais para vota\u00e7\u00e3o podem ser conferidos na edi\u00e7\u00e3o 5.672 do Di\u00e1rio Oficial do Munic\u00edpio (DOM), publicada no dia 19\/9. J\u00e1 a rela\u00e7\u00e3o dos candidatos est\u00e1 na edi\u00e7\u00e3o 5.659, publicada no dia 28\/8. Ambas as publica\u00e7\u00f5es est\u00e3o dispon\u00edveis no endere\u00e7o <a href=\"http:\/\/dom.manaus.am.gov.br\/\">dom.manaus.am.gov.br<\/a>.<\/p>\n\n\n\n<p>&#8212; &#8212; &#8212;<\/p>\n\n\n\n<p><strong>Texto &#8211; <\/strong>Leonardo Fierro \/ Semasc<\/p>\n\n\n\n<p><strong>Fotos &#8211;<\/strong> Divulga\u00e7\u00e3o \/ Semasc<\/p>\n\n\n\n<p><strong>Dispon\u00edveis em &#8211;&nbsp; <\/strong><a href=\"https:\/\/flic.kr\/s\/aHBqjAVMUX\">https:\/\/flic.kr\/s\/aHBqjAVMUX<\/a><\/p>\n","protected":false},"excerpt":{"rendered":"","protected":false},"author":39,"featured_media":208921,"comment_status":"closed","ping_status":"closed","sticky":false,"template":"","format":"standard","meta":{"footnotes":""},"categories":[353],"tags":[425,7,18,426],"acf":[],"yoast_head":"<!-- This site is optimized with the Yoast SEO plugin v23.0 - https:\/\/yoast.com\/wordpress\/plugins\/seo\/ -->\n<title>Confer\u00eancia de urnas garante transpar\u00eancia nas elei\u00e7\u00f5es de Conselheiros Tutelares<\/title>\n<meta name=\"description\" content=\"O pleito est\u00e1 marcado para o pr\u00f3ximo dia 1\u00ba de outubro e tem grande relev\u00e2ncia para a prote\u00e7\u00e3o dos direitos da crian\u00e7a e do adolescente em nossa cidade.\" \/>\n<meta name=\"robots\" content=\"noindex, follow\" \/>\n<meta property=\"og:locale\" content=\"pt_BR\" \/>\n<meta property=\"og:type\" content=\"article\" \/>\n<meta property=\"og:title\" content=\"Confer\u00eancia de urnas garante transpar\u00eancia nas elei\u00e7\u00f5es de Conselheiros Tutelares\" \/>\n<meta property=\"og:description\" content=\"O pleito est\u00e1 marcado para o pr\u00f3ximo dia 1\u00ba de outubro e tem grande relev\u00e2ncia para a prote\u00e7\u00e3o dos direitos da crian\u00e7a e do adolescente em nossa cidade.\" \/>\n<meta property=\"og:url\" content=\"https:\/\/www.manaus.am.gov.br\/semasc\/conferencia-de-urnas-garante-transparencia-nas-eleicoes-de-conselheiros-tutelares\/\" \/>\n<meta property=\"og:site_name\" content=\"SEMASC\" \/>\n<meta property=\"article:publisher\" content=\"https:\/\/www.facebook.com\/semascmanaus\" \/>\n<meta property=\"article:published_time\" content=\"2023-09-22T18:51:22+00:00\" \/>\n<meta property=\"article:modified_time\" content=\"2023-09-22T19:32:08+00:00\" \/>\n<meta property=\"og:image\" content=\"https:\/\/www.manaus.am.gov.br\/semasc\/wp-content\/uploads\/sites\/17\/2023\/09\/IMG_3294-1024x768.jpeg\" \/>\n\t<meta property=\"og:image:width\" content=\"1024\" \/>\n\t<meta property=\"og:image:height\" content=\"768\" \/>\n\t<meta property=\"og:image:type\" content=\"image\/jpeg\" \/>\n<meta name=\"author\" content=\"Bruna Greco\" \/>\n<meta name=\"twitter:card\" content=\"summary_large_image\" \/>\n<meta name=\"twitter:label1\" content=\"Written by\" \/>\n\t<meta name=\"twitter:data1\" content=\"Bruna Greco\" \/>\n\t<meta name=\"twitter:label2\" content=\"Est. reading time\" \/>\n\t<meta name=\"twitter:data2\" content=\"3 minutos\" \/>\n<script type=\"application\/ld+json\" class=\"yoast-schema-graph\">{\"@context\":\"https:\/\/schema.org\",\"@graph\":[{\"@type\":\"Article\",\"@id\":\"https:\/\/www.manaus.am.gov.br\/semasc\/conferencia-de-urnas-garante-transparencia-nas-eleicoes-de-conselheiros-tutelares\/#article\",\"isPartOf\":{\"@id\":\"https:\/\/www.manaus.am.gov.br\/semasc\/conferencia-de-urnas-garante-transparencia-nas-eleicoes-de-conselheiros-tutelares\/\"},\"author\":{\"name\":\"Bruna Greco\",\"@id\":\"https:\/\/www.manaus.am.gov.br\/semasc\/#\/schema\/person\/05d223aea2bf115f9883a6ff3683d81b\"},\"headline\":\"Confer\u00eancia de urnas garante transpar\u00eancia nas elei\u00e7\u00f5es de Conselheiros Tutelares\",\"datePublished\":\"2023-09-22T18:51:22+00:00\",\"dateModified\":\"2023-09-22T19:32:08+00:00\",\"mainEntityOfPage\":{\"@id\":\"https:\/\/www.manaus.am.gov.br\/semasc\/conferencia-de-urnas-garante-transparencia-nas-eleicoes-de-conselheiros-tutelares\/\"},\"wordCount\":522,\"publisher\":{\"@id\":\"https:\/\/www.manaus.am.gov.br\/semasc\/#organization\"},\"image\":{\"@id\":\"https:\/\/www.manaus.am.gov.br\/semasc\/conferencia-de-urnas-garante-transparencia-nas-eleicoes-de-conselheiros-tutelares\/#primaryimage\"},\"thumbnailUrl\":\"https:\/\/www.manaus.am.gov.br\/semasc\/wp-content\/uploads\/sites\/17\/2023\/09\/IMG_3294.jpeg\",\"keywords\":[\"Confer\u00eancia de urnas\",\"prefeitura de manaus\",\"Semasc\",\"transpar\u00eancia nas elei\u00e7\u00f5es de Conselheiros Tutelares\"],\"articleSection\":[\"Elei\u00e7\u00e3o\"],\"inLanguage\":\"pt-BR\"},{\"@type\":\"WebPage\",\"@id\":\"https:\/\/www.manaus.am.gov.br\/semasc\/conferencia-de-urnas-garante-transparencia-nas-eleicoes-de-conselheiros-tutelares\/\",\"url\":\"https:\/\/www.manaus.am.gov.br\/semasc\/conferencia-de-urnas-garante-transparencia-nas-eleicoes-de-conselheiros-tutelares\/\",\"name\":\"Confer\u00eancia de urnas garante transpar\u00eancia nas elei\u00e7\u00f5es de Conselheiros Tutelares\",\"isPartOf\":{\"@id\":\"https:\/\/www.manaus.am.gov.br\/semasc\/#website\"},\"primaryImageOfPage\":{\"@id\":\"https:\/\/www.manaus.am.gov.br\/semasc\/conferencia-de-urnas-garante-transparencia-nas-eleicoes-de-conselheiros-tutelares\/#primaryimage\"},\"image\":{\"@id\":\"https:\/\/www.manaus.am.gov.br\/semasc\/conferencia-de-urnas-garante-transparencia-nas-eleicoes-de-conselheiros-tutelares\/#primaryimage\"},\"thumbnailUrl\":\"https:\/\/www.manaus.am.gov.br\/semasc\/wp-content\/uploads\/sites\/17\/2023\/09\/IMG_3294.jpeg\",\"datePublished\":\"2023-09-22T18:51:22+00:00\",\"dateModified\":\"2023-09-22T19:32:08+00:00\",\"description\":\"O pleito est\u00e1 marcado para o pr\u00f3ximo dia 1\u00ba de outubro e tem grande relev\u00e2ncia para a prote\u00e7\u00e3o dos direitos da crian\u00e7a e do adolescente em nossa cidade.\",\"breadcrumb\":{\"@id\":\"https:\/\/www.manaus.am.gov.br\/semasc\/conferencia-de-urnas-garante-transparencia-nas-eleicoes-de-conselheiros-tutelares\/#breadcrumb\"},\"inLanguage\":\"pt-BR\",\"potentialAction\":[{\"@type\":\"ReadAction\",\"target\":[\"https:\/\/www.manaus.am.gov.br\/semasc\/conferencia-de-urnas-garante-transparencia-nas-eleicoes-de-conselheiros-tutelares\/\"]}]},{\"@type\":\"ImageObject\",\"inLanguage\":\"pt-BR\",\"@id\":\"https:\/\/www.manaus.am.gov.br\/semasc\/conferencia-de-urnas-garante-transparencia-nas-eleicoes-de-conselheiros-tutelares\/#primaryimage\",\"url\":\"https:\/\/www.manaus.am.gov.br\/semasc\/wp-content\/uploads\/sites\/17\/2023\/09\/IMG_3294.jpeg\",\"contentUrl\":\"https:\/\/www.manaus.am.gov.br\/semasc\/wp-content\/uploads\/sites\/17\/2023\/09\/IMG_3294.jpeg\",\"width\":4032,\"height\":3024},{\"@type\":\"BreadcrumbList\",\"@id\":\"https:\/\/www.manaus.am.gov.br\/semasc\/conferencia-de-urnas-garante-transparencia-nas-eleicoes-de-conselheiros-tutelares\/#breadcrumb\",\"itemListElement\":[{\"@type\":\"ListItem\",\"position\":1,\"name\":\"Home\",\"item\":\"https:\/\/www.manaus.am.gov.br\/semasc\/\"},{\"@type\":\"ListItem\",\"position\":2,\"name\":\"Confer\u00eancia de urnas garante transpar\u00eancia nas elei\u00e7\u00f5es de Conselheiros Tutelares\"}]},{\"@type\":\"WebSite\",\"@id\":\"https:\/\/www.manaus.am.gov.br\/semasc\/#website\",\"url\":\"https:\/\/www.manaus.am.gov.br\/semasc\/\",\"name\":\"SEMASC\",\"description\":\"Secretaria Municipal da Mulher, Assist\u00eancia Social e Cidadania.\",\"publisher\":{\"@id\":\"https:\/\/www.manaus.am.gov.br\/semasc\/#organization\"},\"alternateName\":\"Secretaria Municipal da Mulher, Assist\u00eancia Social e Cidadania\",\"potentialAction\":[{\"@type\":\"SearchAction\",\"target\":{\"@type\":\"EntryPoint\",\"urlTemplate\":\"https:\/\/www.manaus.am.gov.br\/semasc\/?s={search_term_string}\"},\"query-input\":\"required name=search_term_string\"}],\"inLanguage\":\"pt-BR\"},{\"@type\":\"Organization\",\"@id\":\"https:\/\/www.manaus.am.gov.br\/semasc\/#organization\",\"name\":\"Prefeitura de Manaus\",\"alternateName\":\"Prefeitura Municipal de Manaus\",\"url\":\"https:\/\/www.manaus.am.gov.br\/semasc\/\",\"logo\":{\"@type\":\"ImageObject\",\"inLanguage\":\"pt-BR\",\"@id\":\"https:\/\/www.manaus.am.gov.br\/semasc\/#\/schema\/logo\/image\/\",\"url\":\"https:\/\/www.manaus.am.gov.br\/semasc\/wp-content\/uploads\/sites\/17\/2024\/07\/favicon.png\",\"contentUrl\":\"https:\/\/www.manaus.am.gov.br\/semasc\/wp-content\/uploads\/sites\/17\/2024\/07\/favicon.png\",\"width\":300,\"height\":300,\"caption\":\"Prefeitura de Manaus\"},\"image\":{\"@id\":\"https:\/\/www.manaus.am.gov.br\/semasc\/#\/schema\/logo\/image\/\"},\"sameAs\":[\"https:\/\/www.facebook.com\/semascmanaus\",\"https:\/\/www.instagram.com\/semascmanaus\/\"]},{\"@type\":\"Person\",\"@id\":\"https:\/\/www.manaus.am.gov.br\/semasc\/#\/schema\/person\/05d223aea2bf115f9883a6ff3683d81b\",\"name\":\"Bruna Greco\",\"image\":{\"@type\":\"ImageObject\",\"inLanguage\":\"pt-BR\",\"@id\":\"https:\/\/www.manaus.am.gov.br\/semasc\/#\/schema\/person\/image\/\",\"url\":\"https:\/\/secure.gravatar.com\/avatar\/9c877d1a6adc2a055330e5c09a8653ce?s=96&d=mm&r=g\",\"contentUrl\":\"https:\/\/secure.gravatar.com\/avatar\/9c877d1a6adc2a055330e5c09a8653ce?s=96&d=mm&r=g\",\"caption\":\"Bruna Greco\"}}]}<\/script>\n<!-- \/ Yoast SEO plugin. -->","yoast_head_json":{"title":"Confer\u00eancia de urnas garante transpar\u00eancia nas elei\u00e7\u00f5es de Conselheiros Tutelares","description":"O pleito est\u00e1 marcado para o pr\u00f3ximo dia 1\u00ba de outubro e tem grande relev\u00e2ncia para a prote\u00e7\u00e3o dos direitos da crian\u00e7a e do adolescente em nossa cidade.","robots":{"index":"noindex","follow":"follow"},"og_locale":"pt_BR","og_type":"article","og_title":"Confer\u00eancia de urnas garante transpar\u00eancia nas elei\u00e7\u00f5es de Conselheiros Tutelares","og_description":"O pleito est\u00e1 marcado para o pr\u00f3ximo dia 1\u00ba de outubro e tem grande relev\u00e2ncia para a prote\u00e7\u00e3o dos direitos da crian\u00e7a e do adolescente em nossa cidade.","og_url":"https:\/\/www.manaus.am.gov.br\/semasc\/conferencia-de-urnas-garante-transparencia-nas-eleicoes-de-conselheiros-tutelares\/","og_site_name":"SEMASC","article_publisher":"https:\/\/www.facebook.com\/semascmanaus","article_published_time":"2023-09-22T18:51:22+00:00","article_modified_time":"2023-09-22T19:32:08+00:00","og_image":[{"width":1024,"height":768,"url":"https:\/\/www.manaus.am.gov.br\/semasc\/wp-content\/uploads\/sites\/17\/2023\/09\/IMG_3294-1024x768.jpeg","type":"image\/jpeg"}],"author":"Bruna Greco","twitter_card":"summary_large_image","twitter_misc":{"Written by":"Bruna Greco","Est. reading time":"3 minutos"},"schema":{"@context":"https:\/\/schema.org","@graph":[{"@type":"Article","@id":"https:\/\/www.manaus.am.gov.br\/semasc\/conferencia-de-urnas-garante-transparencia-nas-eleicoes-de-conselheiros-tutelares\/#article","isPartOf":{"@id":"https:\/\/www.manaus.am.gov.br\/semasc\/conferencia-de-urnas-garante-transparencia-nas-eleicoes-de-conselheiros-tutelares\/"},"author":{"name":"Bruna Greco","@id":"https:\/\/www.manaus.am.gov.br\/semasc\/#\/schema\/person\/05d223aea2bf115f9883a6ff3683d81b"},"headline":"Confer\u00eancia de urnas garante transpar\u00eancia nas elei\u00e7\u00f5es de Conselheiros Tutelares","datePublished":"2023-09-22T18:51:22+00:00","dateModified":"2023-09-22T19:32:08+00:00","mainEntityOfPage":{"@id":"https:\/\/www.manaus.am.gov.br\/semasc\/conferencia-de-urnas-garante-transparencia-nas-eleicoes-de-conselheiros-tutelares\/"},"wordCount":522,"publisher":{"@id":"https:\/\/www.manaus.am.gov.br\/semasc\/#organization"},"image":{"@id":"https:\/\/www.manaus.am.gov.br\/semasc\/conferencia-de-urnas-garante-transparencia-nas-eleicoes-de-conselheiros-tutelares\/#primaryimage"},"thumbnailUrl":"https:\/\/www.manaus.am.gov.br\/semasc\/wp-content\/uploads\/sites\/17\/2023\/09\/IMG_3294.jpeg","keywords":["Confer\u00eancia de urnas","prefeitura de manaus","Semasc","transpar\u00eancia nas elei\u00e7\u00f5es de Conselheiros Tutelares"],"articleSection":["Elei\u00e7\u00e3o"],"inLanguage":"pt-BR"},{"@type":"WebPage","@id":"https:\/\/www.manaus.am.gov.br\/semasc\/conferencia-de-urnas-garante-transparencia-nas-eleicoes-de-conselheiros-tutelares\/","url":"https:\/\/www.manaus.am.gov.br\/semasc\/conferencia-de-urnas-garante-transparencia-nas-eleicoes-de-conselheiros-tutelares\/","name":"Confer\u00eancia de urnas garante transpar\u00eancia nas elei\u00e7\u00f5es de Conselheiros Tutelares","isPartOf":{"@id":"https:\/\/www.manaus.am.gov.br\/semasc\/#website"},"primaryImageOfPage":{"@id":"https:\/\/www.manaus.am.gov.br\/semasc\/conferencia-de-urnas-garante-transparencia-nas-eleicoes-de-conselheiros-tutelares\/#primaryimage"},"image":{"@id":"https:\/\/www.manaus.am.gov.br\/semasc\/conferencia-de-urnas-garante-transparencia-nas-eleicoes-de-conselheiros-tutelares\/#primaryimage"},"thumbnailUrl":"https:\/\/www.manaus.am.gov.br\/semasc\/wp-content\/uploads\/sites\/17\/2023\/09\/IMG_3294.jpeg","datePublished":"2023-09-22T18:51:22+00:00","dateModified":"2023-09-22T19:32:08+00:00","description":"O pleito est\u00e1 marcado para o pr\u00f3ximo dia 1\u00ba de outubro e tem grande relev\u00e2ncia para a prote\u00e7\u00e3o dos direitos da crian\u00e7a e do adolescente em nossa cidade.","breadcrumb":{"@id":"https:\/\/www.manaus.am.gov.br\/semasc\/conferencia-de-urnas-garante-transparencia-nas-eleicoes-de-conselheiros-tutelares\/#breadcrumb"},"inLanguage":"pt-BR","potentialAction":[{"@type":"ReadAction","target":["https:\/\/www.manaus.am.gov.br\/semasc\/conferencia-de-urnas-garante-transparencia-nas-eleicoes-de-conselheiros-tutelares\/"]}]},{"@type":"ImageObject","inLanguage":"pt-BR","@id":"https:\/\/www.manaus.am.gov.br\/semasc\/conferencia-de-urnas-garante-transparencia-nas-eleicoes-de-conselheiros-tutelares\/#primaryimage","url":"https:\/\/www.manaus.am.gov.br\/semasc\/wp-content\/uploads\/sites\/17\/2023\/09\/IMG_3294.jpeg","contentUrl":"https:\/\/www.manaus.am.gov.br\/semasc\/wp-content\/uploads\/sites\/17\/2023\/09\/IMG_3294.jpeg","width":4032,"height":3024},{"@type":"BreadcrumbList","@id":"https:\/\/www.manaus.am.gov.br\/semasc\/conferencia-de-urnas-garante-transparencia-nas-eleicoes-de-conselheiros-tutelares\/#breadcrumb","itemListElement":[{"@type":"ListItem","position":1,"name":"Home","item":"https:\/\/www.manaus.am.gov.br\/semasc\/"},{"@type":"ListItem","position":2,"name":"Confer\u00eancia de urnas garante transpar\u00eancia nas elei\u00e7\u00f5es de Conselheiros Tutelares"}]},{"@type":"WebSite","@id":"https:\/\/www.manaus.am.gov.br\/semasc\/#website","url":"https:\/\/www.manaus.am.gov.br\/semasc\/","name":"SEMASC","description":"Secretaria Municipal da Mulher, Assist\u00eancia Social e Cidadania.","publisher":{"@id":"https:\/\/www.manaus.am.gov.br\/semasc\/#organization"},"alternateName":"Secretaria Municipal da Mulher, Assist\u00eancia Social e Cidadania","potentialAction":[{"@type":"SearchAction","target":{"@type":"EntryPoint","urlTemplate":"https:\/\/www.manaus.am.gov.br\/semasc\/?s={search_term_string}"},"query-input":"required name=search_term_string"}],"inLanguage":"pt-BR"},{"@type":"Organization","@id":"https:\/\/www.manaus.am.gov.br\/semasc\/#organization","name":"Prefeitura de Manaus","alternateName":"Prefeitura Municipal de Manaus","url":"https:\/\/www.manaus.am.gov.br\/semasc\/","logo":{"@type":"ImageObject","inLanguage":"pt-BR","@id":"https:\/\/www.manaus.am.gov.br\/semasc\/#\/schema\/logo\/image\/","url":"https:\/\/www.manaus.am.gov.br\/semasc\/wp-content\/uploads\/sites\/17\/2024\/07\/favicon.png","contentUrl":"https:\/\/www.manaus.am.gov.br\/semasc\/wp-content\/uploads\/sites\/17\/2024\/07\/favicon.png","width":300,"height":300,"caption":"Prefeitura de Manaus"},"image":{"@id":"https:\/\/www.manaus.am.gov.br\/semasc\/#\/schema\/logo\/image\/"},"sameAs":["https:\/\/www.facebook.com\/semascmanaus","https:\/\/www.instagram.com\/semascmanaus\/"]},{"@type":"Person","@id":"https:\/\/www.manaus.am.gov.br\/semasc\/#\/schema\/person\/05d223aea2bf115f9883a6ff3683d81b","name":"Bruna Greco","image":{"@type":"ImageObject","inLanguage":"pt-BR","@id":"https:\/\/www.manaus.am.gov.br\/semasc\/#\/schema\/person\/image\/","url":"https:\/\/secure.gravatar.com\/avatar\/9c877d1a6adc2a055330e5c09a8653ce?s=96&d=mm&r=g","contentUrl":"https:\/\/secure.gravatar.com\/avatar\/9c877d1a6adc2a055330e5c09a8653ce?s=96&d=mm&r=g","caption":"Bruna Greco"}}]}},"_links":{"self":[{"href":"https:\/\/www.manaus.am.gov.br\/semasc\/wp-json\/wp\/v2\/posts\/208920"}],"collection":[{"href":"https:\/\/www.manaus.am.gov.br\/semasc\/wp-json\/wp\/v2\/posts"}],"about":[{"href":"https:\/\/www.manaus.am.gov.br\/semasc\/wp-json\/wp\/v2\/types\/post"}],"author":[{"embeddable":true,"href":"https:\/\/www.manaus.am.gov.br\/semasc\/wp-json\/wp\/v2\/users\/39"}],"replies":[{"embeddable":true,"href":"https:\/\/www.manaus.am.gov.br\/semasc\/wp-json\/wp\/v2\/comments?post=208920"}],"version-history":[{"count":2,"href":"https:\/\/www.manaus.am.gov.br\/semasc\/wp-json\/wp\/v2\/posts\/208920\/revisions"}],"predecessor-version":[{"id":208923,"href":"https:\/\/www.manaus.am.gov.br\/semasc\/wp-json\/wp\/v2\/posts\/208920\/revisions\/208923"}],"wp:featuredmedia":[{"embeddable":true,"href":"https:\/\/www.manaus.am.gov.br\/semasc\/wp-json\/wp\/v2\/media\/208921"}],"wp:attachment":[{"href":"https:\/\/www.manaus.am.gov.br\/semasc\/wp-json\/wp\/v2\/media?parent=208920"}],"wp:term":[{"taxonomy":"category","embeddable":true,"href":"https:\/\/www.manaus.am.gov.br\/semasc\/wp-json\/wp\/v2\/categories?post=208920"},{"taxonomy":"post_tag","embeddable":true,"href":"https:\/\/www.manaus.am.gov.br\/semasc\/wp-json\/wp\/v2\/tags?post=208920"}],"curies":[{"name":"wp","href":"https:\/\/api.w.org\/{rel}","templated":true}]}}