{"id":208918,"date":"2023-09-21T19:37:26","date_gmt":"2023-09-21T23:37:26","guid":{"rendered":"https:\/\/www.manaus.am.gov.br\/semasc\/prefeitura-de-manaus-alinha-estrategias-de-abordagem-social-a-populacao-em-situacao-de-rua-no-centro\/"},"modified":"2023-09-21T19:37:28","modified_gmt":"2023-09-21T23:37:28","slug":"prefeitura-de-manaus-alinha-estrategias-de-abordagem-social-a-populacao-em-situacao-de-rua-no-centro","status":"publish","type":"post","link":"https:\/\/www.manaus.am.gov.br\/semasc\/prefeitura-de-manaus-alinha-estrategias-de-abordagem-social-a-populacao-em-situacao-de-rua-no-centro\/","title":{"rendered":"<strong>Prefeitura de Manaus alinha estrat\u00e9gias de abordagem social \u00e0 popula\u00e7\u00e3o em situa\u00e7\u00e3o de rua no Centro<\/strong>"},"content":{"rendered":"\n<p>Conforme o avan\u00e7o das obras de revitaliza\u00e7\u00e3o do centro hist\u00f3rico de Manaus, por meio do programa \u201cNosso Centro\u201d, a Prefeitura de Manaus, via Secretaria Municipal da Mulher, Assist\u00eancia Social e Cidadania (Semasc) e Funda\u00e7\u00e3o Municipal de Cultura Turismo e Eventos (Manauscult), realizou, nesta quinta-feira, 21\/9, uma reuni\u00e3o para o alinhamento estrat\u00e9gico relativo a a\u00e7\u00f5es de abordagem social a serem realizadas junto \u00e0 popula\u00e7\u00e3o em situa\u00e7\u00e3o de rua presente na regi\u00e3o central.<\/p>\n\n\n\n<p>Realizada na sede da Semasc, no Centro, a reuni\u00e3o contou ainda com a participa\u00e7\u00e3o da Secretaria Municipal de Seguran\u00e7a P\u00fablica e Defesa Social (Semseg), do Instituto Municipal de Planejamento Urbano (Implurb), do&nbsp;Comit\u00ea Intersetorial e Monitoramento de Pol\u00edtica Municipal para a Popula\u00e7\u00e3o em Situa\u00e7\u00e3o de Rua (Ciamp)&nbsp;e da Secretaria de Estado de Justi\u00e7a, Direitos Humanos e Cidadania (Sejusc), para discutir as metodologias que ser\u00e3o utilizadas j\u00e1 na pr\u00f3xima semana, com o in\u00edcio das a\u00e7\u00f5es.&nbsp;&nbsp;<\/p>\n\n\n\n<p>\u201cO \u2018Nosso Centro\u2019 \u00e9 uma iniciativa extremamente importante para que possamos devolver aquela regi\u00e3o, \u00e0 popula\u00e7\u00e3o, em um estado melhor do que o atual. Entretanto, \u00e9 tamb\u00e9m preciso pensar neste processo, tendo em mente a popula\u00e7\u00e3o em situa\u00e7\u00e3o de rua e suas principais demandas\u201d, afirmou o secret\u00e1rio Eduardo Lucas, da Semasc.&nbsp;<\/p>\n\n\n\n<p>\u201cO que queremos n\u00e3o \u00e9 \u2018higienizar\u2019 o Centro para turistas, nosso intuito enquanto secretaria respons\u00e1vel pelas pol\u00edticas de assist\u00eancia social do munic\u00edpio \u00e9 garantir que essas pessoas tenham condi\u00e7\u00f5es dignas para recome\u00e7ar a vida, que possam ter acesso a um atendimento qualificado, humanizado e que possam ser ouvidas. Cuidar dessas pessoas \u00e9 cuidar do povo manauara, e cuidar do povo tamb\u00e9m \u00e9 cuidar do Centro Hist\u00f3rico de Manaus\u201d, explicou.&nbsp;<\/p>\n\n\n\n<p>Para Evil\u00e1zio Nascimento, diretor de Turismo da Manauscult, \u00e9 este car\u00e1ter humano do \u201cNosso Centro\u201d que o torna t\u00e3o essencial para o resgate socioecon\u00f4mico da regi\u00e3o. De acordo com o diretor, olhar para a popula\u00e7\u00e3o em situa\u00e7\u00e3o de rua \u00e9 fundamental para o sucesso do programa.&nbsp;<\/p>\n\n\n\n<p>\u201cEstamos nos aproximando do Natal e o prefeito David Almeida tem trabalhado muito esta quest\u00e3o do resgate da cidade e de sua hist\u00f3ria, resgate este que n\u00e3o podemos fazer sem passar por esta popula\u00e7\u00e3o. Sabemos que muitas dessas pessoas encontram-se nesta situa\u00e7\u00e3o por conta de v\u00edcios e outras formas de vulnerabilidade, mas tamb\u00e9m sabemos que muitos podem ser resgatados e inclu\u00eddos no mercado de trabalho se receberem a devida aten\u00e7\u00e3o. Imagine s\u00f3 o tanto de profissionais de turismo, de culin\u00e1ria e at\u00e9 artistas circenses que poder\u00e3o sair das ruas\u201d, destacou.&nbsp;<\/p>\n\n\n\n<p><strong>Metodologia<\/strong><\/p>\n\n\n\n<p>Entre as a\u00e7\u00f5es discutidas durante a reuni\u00e3o, a principal diz respeito \u00e0 metodologia que ser\u00e1 utilizada pelas equipes de abordagem social, compostas por servidores da Semasc, Manauscult, Sejusc e da Secretaria de Estado de Assist\u00eancia Social (Seas). O objetivo \u00e9, em datas e pontos estrat\u00e9gicos da regi\u00e3o central, realizar o mapeamento e a identifica\u00e7\u00e3o das pessoas em situa\u00e7\u00e3o de rua presentes ao redor das \u00e1reas de maior movimento no Centro, avaliando e oferecendo o referenciamento necess\u00e1rio para servi\u00e7os e equipamentos da Rede de Prote\u00e7\u00e3o Social de acordo com a demanda de cada indiv\u00edduo abordado.&nbsp;<\/p>\n\n\n\n<p>\u201c\u00c9 de muita import\u00e2ncia que as entidades do poder p\u00fablico manauara tenham come\u00e7ado a entender que a problem\u00e1tica da popula\u00e7\u00e3o em situa\u00e7\u00e3o de rua \u00e9 social e n\u00e3o de seguran\u00e7a p\u00fablica, como antes era visto. N\u00f3s, enquanto Prefeitura de Manaus, por meio das a\u00e7\u00f5es de abordagem, buscamos garantir o melhor atendimento poss\u00edvel a essas pessoas, inclusive trabalhando para a amplia\u00e7\u00e3o de nossos equipamentos j\u00e1 respons\u00e1veis por esse tipo de atendimento, como o Centro POP\u201d, destacou a coordenadora do Ciamp, Gra\u00e7a Prola, tamb\u00e9m subsecret\u00e1ria de Pol\u00edticas Afirmativas para Mulheres e Direitos Humanos da Semasc.&nbsp;<\/p>\n\n\n\n<p>De acordo com a secret\u00e1ria-executiva dos Direitos Humanos da Sejusc, Gabriella Campezatto, a atua\u00e7\u00e3o conjunta entre estado e munic\u00edpio \u00e9 essencial n\u00e3o apenas para o processo de revitaliza\u00e7\u00e3o do centro hist\u00f3rico de Manaus, mas para o desenvolvimento e da qualifica\u00e7\u00e3o dos fluxos de atendimento respons\u00e1veis pela garantia de direitos da popula\u00e7\u00e3o em situa\u00e7\u00e3o de rua da cidade.&nbsp;<\/p>\n\n\n\n<p>\u201c\u00c9 muito importante que a assist\u00eancia social e os direitos humanos andem lado a lado para a garantia de direitos deste p\u00fablico, que se encontra na rua por diversos motivos. \u00c9 um momento valioso para trabalharmos a reconstru\u00e7\u00e3o de seus v\u00ednculos familiares, garantir sua cidadania, sua inser\u00e7\u00e3o no mercado de trabalho e, principalmente, sua reinser\u00e7\u00e3o na sociedade como um todo\u201d, concluiu.&nbsp;<\/p>\n\n\n\n<p>O coronel Marcos Brand\u00e3o, secret\u00e1rio-executivo do Gabinete de Gest\u00e3o Integrada Municipal, por sua vez, destacou o papel da Semseg no apoio aos servidores que participar\u00e3o das abordagens.&nbsp;<\/p>\n\n\n\n<p>\u201cNosso papel principal ser\u00e1 prestar seguran\u00e7a aos servidores de outras secretarias que far\u00e3o parte das abordagens na regi\u00e3o central. Nosso objetivo \u00e9 garantir que se sintam \u00e0 vontade para que seus trabalhos possam ser realizados com agilidade e efici\u00eancia\u201d, concluiu.&nbsp;<\/p>\n\n\n\n<p>&#8212; &#8212; &#8212;<\/p>\n\n\n\n<p><strong>Texto<\/strong>&nbsp;&#8211; Guilherme Pacheco \/ Semasc<\/p>\n\n\n\n<p><strong>Fotos<\/strong>&nbsp;&#8211; Diego Lima \/ Semasc&nbsp;<\/p>\n","protected":false},"excerpt":{"rendered":"","protected":false},"author":31,"featured_media":208919,"comment_status":"closed","ping_status":"closed","sticky":false,"template":"","format":"standard","meta":{"footnotes":""},"categories":[422],"tags":[423,280,424],"acf":[],"yoast_head":"<!-- This site is optimized with the Yoast SEO plugin v23.0 - https:\/\/yoast.com\/wordpress\/plugins\/seo\/ -->\n<title>Prefeitura de Manaus alinha estrat\u00e9gias de abordagem social \u00e0 popula\u00e7\u00e3o em situa\u00e7\u00e3o de rua no Centro - SEMASC<\/title>\n<meta name=\"robots\" content=\"noindex, follow\" \/>\n<meta property=\"og:locale\" content=\"pt_BR\" \/>\n<meta property=\"og:type\" content=\"article\" \/>\n<meta property=\"og:title\" content=\"Prefeitura de Manaus alinha estrat\u00e9gias de abordagem social \u00e0 popula\u00e7\u00e3o em situa\u00e7\u00e3o de rua no Centro - SEMASC\" \/>\n<meta property=\"og:url\" content=\"https:\/\/www.manaus.am.gov.br\/semasc\/prefeitura-de-manaus-alinha-estrategias-de-abordagem-social-a-populacao-em-situacao-de-rua-no-centro\/\" \/>\n<meta property=\"og:site_name\" content=\"SEMASC\" \/>\n<meta property=\"article:publisher\" content=\"https:\/\/www.facebook.com\/semascmanaus\" \/>\n<meta property=\"article:published_time\" content=\"2023-09-21T23:37:26+00:00\" \/>\n<meta property=\"article:modified_time\" content=\"2023-09-21T23:37:28+00:00\" \/>\n<meta property=\"og:image\" content=\"https:\/\/www.manaus.am.gov.br\/semasc\/wp-content\/uploads\/sites\/17\/2023\/09\/IMG_2745-1024x683.jpeg\" \/>\n\t<meta property=\"og:image:width\" content=\"1024\" \/>\n\t<meta property=\"og:image:height\" content=\"683\" \/>\n\t<meta property=\"og:image:type\" content=\"image\/jpeg\" \/>\n<meta name=\"author\" content=\"Renata Felix\" \/>\n<meta name=\"twitter:card\" content=\"summary_large_image\" \/>\n<meta name=\"twitter:label1\" content=\"Written by\" \/>\n\t<meta name=\"twitter:data1\" content=\"Renata Felix\" \/>\n\t<meta name=\"twitter:label2\" content=\"Est. reading time\" \/>\n\t<meta name=\"twitter:data2\" content=\"5 minutos\" \/>\n<script type=\"application\/ld+json\" class=\"yoast-schema-graph\">{\"@context\":\"https:\/\/schema.org\",\"@graph\":[{\"@type\":\"Article\",\"@id\":\"https:\/\/www.manaus.am.gov.br\/semasc\/prefeitura-de-manaus-alinha-estrategias-de-abordagem-social-a-populacao-em-situacao-de-rua-no-centro\/#article\",\"isPartOf\":{\"@id\":\"https:\/\/www.manaus.am.gov.br\/semasc\/prefeitura-de-manaus-alinha-estrategias-de-abordagem-social-a-populacao-em-situacao-de-rua-no-centro\/\"},\"author\":{\"name\":\"Renata Felix\",\"@id\":\"https:\/\/www.manaus.am.gov.br\/semasc\/#\/schema\/person\/4eea2a8f78dc853097abb026f728aa06\"},\"headline\":\"Prefeitura de Manaus alinha estrat\u00e9gias de abordagem social \u00e0 popula\u00e7\u00e3o em situa\u00e7\u00e3o de rua no Centro\",\"datePublished\":\"2023-09-21T23:37:26+00:00\",\"dateModified\":\"2023-09-21T23:37:28+00:00\",\"mainEntityOfPage\":{\"@id\":\"https:\/\/www.manaus.am.gov.br\/semasc\/prefeitura-de-manaus-alinha-estrategias-de-abordagem-social-a-populacao-em-situacao-de-rua-no-centro\/\"},\"wordCount\":912,\"publisher\":{\"@id\":\"https:\/\/www.manaus.am.gov.br\/semasc\/#organization\"},\"image\":{\"@id\":\"https:\/\/www.manaus.am.gov.br\/semasc\/prefeitura-de-manaus-alinha-estrategias-de-abordagem-social-a-populacao-em-situacao-de-rua-no-centro\/#primaryimage\"},\"thumbnailUrl\":\"https:\/\/www.manaus.am.gov.br\/semasc\/wp-content\/uploads\/sites\/17\/2023\/09\/IMG_2745.jpeg\",\"keywords\":[\"abordagem social estrat\u00e9gia\",\"nosso centro\",\"popula\u00e7\u00e3o em situa\u00e7\u00e3o de rua\"],\"articleSection\":[\"Centro Hist\u00f3rico\"],\"inLanguage\":\"pt-BR\"},{\"@type\":\"WebPage\",\"@id\":\"https:\/\/www.manaus.am.gov.br\/semasc\/prefeitura-de-manaus-alinha-estrategias-de-abordagem-social-a-populacao-em-situacao-de-rua-no-centro\/\",\"url\":\"https:\/\/www.manaus.am.gov.br\/semasc\/prefeitura-de-manaus-alinha-estrategias-de-abordagem-social-a-populacao-em-situacao-de-rua-no-centro\/\",\"name\":\"Prefeitura de Manaus alinha estrat\u00e9gias de abordagem social \u00e0 popula\u00e7\u00e3o em situa\u00e7\u00e3o de rua no Centro - SEMASC\",\"isPartOf\":{\"@id\":\"https:\/\/www.manaus.am.gov.br\/semasc\/#website\"},\"primaryImageOfPage\":{\"@id\":\"https:\/\/www.manaus.am.gov.br\/semasc\/prefeitura-de-manaus-alinha-estrategias-de-abordagem-social-a-populacao-em-situacao-de-rua-no-centro\/#primaryimage\"},\"image\":{\"@id\":\"https:\/\/www.manaus.am.gov.br\/semasc\/prefeitura-de-manaus-alinha-estrategias-de-abordagem-social-a-populacao-em-situacao-de-rua-no-centro\/#primaryimage\"},\"thumbnailUrl\":\"https:\/\/www.manaus.am.gov.br\/semasc\/wp-content\/uploads\/sites\/17\/2023\/09\/IMG_2745.jpeg\",\"datePublished\":\"2023-09-21T23:37:26+00:00\",\"dateModified\":\"2023-09-21T23:37:28+00:00\",\"breadcrumb\":{\"@id\":\"https:\/\/www.manaus.am.gov.br\/semasc\/prefeitura-de-manaus-alinha-estrategias-de-abordagem-social-a-populacao-em-situacao-de-rua-no-centro\/#breadcrumb\"},\"inLanguage\":\"pt-BR\",\"potentialAction\":[{\"@type\":\"ReadAction\",\"target\":[\"https:\/\/www.manaus.am.gov.br\/semasc\/prefeitura-de-manaus-alinha-estrategias-de-abordagem-social-a-populacao-em-situacao-de-rua-no-centro\/\"]}]},{\"@type\":\"ImageObject\",\"inLanguage\":\"pt-BR\",\"@id\":\"https:\/\/www.manaus.am.gov.br\/semasc\/prefeitura-de-manaus-alinha-estrategias-de-abordagem-social-a-populacao-em-situacao-de-rua-no-centro\/#primaryimage\",\"url\":\"https:\/\/www.manaus.am.gov.br\/semasc\/wp-content\/uploads\/sites\/17\/2023\/09\/IMG_2745.jpeg\",\"contentUrl\":\"https:\/\/www.manaus.am.gov.br\/semasc\/wp-content\/uploads\/sites\/17\/2023\/09\/IMG_2745.jpeg\",\"width\":3456,\"height\":2304},{\"@type\":\"BreadcrumbList\",\"@id\":\"https:\/\/www.manaus.am.gov.br\/semasc\/prefeitura-de-manaus-alinha-estrategias-de-abordagem-social-a-populacao-em-situacao-de-rua-no-centro\/#breadcrumb\",\"itemListElement\":[{\"@type\":\"ListItem\",\"position\":1,\"name\":\"Home\",\"item\":\"https:\/\/www.manaus.am.gov.br\/semasc\/\"},{\"@type\":\"ListItem\",\"position\":2,\"name\":\"Prefeitura de Manaus alinha estrat\u00e9gias de abordagem social \u00e0 popula\u00e7\u00e3o em situa\u00e7\u00e3o de rua no Centro\"}]},{\"@type\":\"WebSite\",\"@id\":\"https:\/\/www.manaus.am.gov.br\/semasc\/#website\",\"url\":\"https:\/\/www.manaus.am.gov.br\/semasc\/\",\"name\":\"SEMASC\",\"description\":\"Secretaria Municipal da Mulher, Assist\u00eancia Social e Cidadania.\",\"publisher\":{\"@id\":\"https:\/\/www.manaus.am.gov.br\/semasc\/#organization\"},\"alternateName\":\"Secretaria Municipal da Mulher, Assist\u00eancia Social e Cidadania\",\"potentialAction\":[{\"@type\":\"SearchAction\",\"target\":{\"@type\":\"EntryPoint\",\"urlTemplate\":\"https:\/\/www.manaus.am.gov.br\/semasc\/?s={search_term_string}\"},\"query-input\":\"required name=search_term_string\"}],\"inLanguage\":\"pt-BR\"},{\"@type\":\"Organization\",\"@id\":\"https:\/\/www.manaus.am.gov.br\/semasc\/#organization\",\"name\":\"Prefeitura de Manaus\",\"alternateName\":\"Prefeitura Municipal de Manaus\",\"url\":\"https:\/\/www.manaus.am.gov.br\/semasc\/\",\"logo\":{\"@type\":\"ImageObject\",\"inLanguage\":\"pt-BR\",\"@id\":\"https:\/\/www.manaus.am.gov.br\/semasc\/#\/schema\/logo\/image\/\",\"url\":\"https:\/\/www.manaus.am.gov.br\/semasc\/wp-content\/uploads\/sites\/17\/2024\/07\/favicon.png\",\"contentUrl\":\"https:\/\/www.manaus.am.gov.br\/semasc\/wp-content\/uploads\/sites\/17\/2024\/07\/favicon.png\",\"width\":300,\"height\":300,\"caption\":\"Prefeitura de Manaus\"},\"image\":{\"@id\":\"https:\/\/www.manaus.am.gov.br\/semasc\/#\/schema\/logo\/image\/\"},\"sameAs\":[\"https:\/\/www.facebook.com\/semascmanaus\",\"https:\/\/www.instagram.com\/semascmanaus\/\"]},{\"@type\":\"Person\",\"@id\":\"https:\/\/www.manaus.am.gov.br\/semasc\/#\/schema\/person\/4eea2a8f78dc853097abb026f728aa06\",\"name\":\"Renata Felix\",\"image\":{\"@type\":\"ImageObject\",\"inLanguage\":\"pt-BR\",\"@id\":\"https:\/\/www.manaus.am.gov.br\/semasc\/#\/schema\/person\/image\/\",\"url\":\"https:\/\/secure.gravatar.com\/avatar\/3c196cf9d3b837b24c8edb2c50fd8f29?s=96&d=mm&r=g\",\"contentUrl\":\"https:\/\/secure.gravatar.com\/avatar\/3c196cf9d3b837b24c8edb2c50fd8f29?s=96&d=mm&r=g\",\"caption\":\"Renata Felix\"}}]}<\/script>\n<!-- \/ Yoast SEO plugin. -->","yoast_head_json":{"title":"Prefeitura de Manaus alinha estrat\u00e9gias de abordagem social \u00e0 popula\u00e7\u00e3o em situa\u00e7\u00e3o de rua no Centro - SEMASC","robots":{"index":"noindex","follow":"follow"},"og_locale":"pt_BR","og_type":"article","og_title":"Prefeitura de Manaus alinha estrat\u00e9gias de abordagem social \u00e0 popula\u00e7\u00e3o em situa\u00e7\u00e3o de rua no Centro - SEMASC","og_url":"https:\/\/www.manaus.am.gov.br\/semasc\/prefeitura-de-manaus-alinha-estrategias-de-abordagem-social-a-populacao-em-situacao-de-rua-no-centro\/","og_site_name":"SEMASC","article_publisher":"https:\/\/www.facebook.com\/semascmanaus","article_published_time":"2023-09-21T23:37:26+00:00","article_modified_time":"2023-09-21T23:37:28+00:00","og_image":[{"width":1024,"height":683,"url":"https:\/\/www.manaus.am.gov.br\/semasc\/wp-content\/uploads\/sites\/17\/2023\/09\/IMG_2745-1024x683.jpeg","type":"image\/jpeg"}],"author":"Renata Felix","twitter_card":"summary_large_image","twitter_misc":{"Written by":"Renata Felix","Est. reading time":"5 minutos"},"schema":{"@context":"https:\/\/schema.org","@graph":[{"@type":"Article","@id":"https:\/\/www.manaus.am.gov.br\/semasc\/prefeitura-de-manaus-alinha-estrategias-de-abordagem-social-a-populacao-em-situacao-de-rua-no-centro\/#article","isPartOf":{"@id":"https:\/\/www.manaus.am.gov.br\/semasc\/prefeitura-de-manaus-alinha-estrategias-de-abordagem-social-a-populacao-em-situacao-de-rua-no-centro\/"},"author":{"name":"Renata Felix","@id":"https:\/\/www.manaus.am.gov.br\/semasc\/#\/schema\/person\/4eea2a8f78dc853097abb026f728aa06"},"headline":"Prefeitura de Manaus alinha estrat\u00e9gias de abordagem social \u00e0 popula\u00e7\u00e3o em situa\u00e7\u00e3o de rua no Centro","datePublished":"2023-09-21T23:37:26+00:00","dateModified":"2023-09-21T23:37:28+00:00","mainEntityOfPage":{"@id":"https:\/\/www.manaus.am.gov.br\/semasc\/prefeitura-de-manaus-alinha-estrategias-de-abordagem-social-a-populacao-em-situacao-de-rua-no-centro\/"},"wordCount":912,"publisher":{"@id":"https:\/\/www.manaus.am.gov.br\/semasc\/#organization"},"image":{"@id":"https:\/\/www.manaus.am.gov.br\/semasc\/prefeitura-de-manaus-alinha-estrategias-de-abordagem-social-a-populacao-em-situacao-de-rua-no-centro\/#primaryimage"},"thumbnailUrl":"https:\/\/www.manaus.am.gov.br\/semasc\/wp-content\/uploads\/sites\/17\/2023\/09\/IMG_2745.jpeg","keywords":["abordagem social estrat\u00e9gia","nosso centro","popula\u00e7\u00e3o em situa\u00e7\u00e3o de rua"],"articleSection":["Centro Hist\u00f3rico"],"inLanguage":"pt-BR"},{"@type":"WebPage","@id":"https:\/\/www.manaus.am.gov.br\/semasc\/prefeitura-de-manaus-alinha-estrategias-de-abordagem-social-a-populacao-em-situacao-de-rua-no-centro\/","url":"https:\/\/www.manaus.am.gov.br\/semasc\/prefeitura-de-manaus-alinha-estrategias-de-abordagem-social-a-populacao-em-situacao-de-rua-no-centro\/","name":"Prefeitura de Manaus alinha estrat\u00e9gias de abordagem social \u00e0 popula\u00e7\u00e3o em situa\u00e7\u00e3o de rua no Centro - SEMASC","isPartOf":{"@id":"https:\/\/www.manaus.am.gov.br\/semasc\/#website"},"primaryImageOfPage":{"@id":"https:\/\/www.manaus.am.gov.br\/semasc\/prefeitura-de-manaus-alinha-estrategias-de-abordagem-social-a-populacao-em-situacao-de-rua-no-centro\/#primaryimage"},"image":{"@id":"https:\/\/www.manaus.am.gov.br\/semasc\/prefeitura-de-manaus-alinha-estrategias-de-abordagem-social-a-populacao-em-situacao-de-rua-no-centro\/#primaryimage"},"thumbnailUrl":"https:\/\/www.manaus.am.gov.br\/semasc\/wp-content\/uploads\/sites\/17\/2023\/09\/IMG_2745.jpeg","datePublished":"2023-09-21T23:37:26+00:00","dateModified":"2023-09-21T23:37:28+00:00","breadcrumb":{"@id":"https:\/\/www.manaus.am.gov.br\/semasc\/prefeitura-de-manaus-alinha-estrategias-de-abordagem-social-a-populacao-em-situacao-de-rua-no-centro\/#breadcrumb"},"inLanguage":"pt-BR","potentialAction":[{"@type":"ReadAction","target":["https:\/\/www.manaus.am.gov.br\/semasc\/prefeitura-de-manaus-alinha-estrategias-de-abordagem-social-a-populacao-em-situacao-de-rua-no-centro\/"]}]},{"@type":"ImageObject","inLanguage":"pt-BR","@id":"https:\/\/www.manaus.am.gov.br\/semasc\/prefeitura-de-manaus-alinha-estrategias-de-abordagem-social-a-populacao-em-situacao-de-rua-no-centro\/#primaryimage","url":"https:\/\/www.manaus.am.gov.br\/semasc\/wp-content\/uploads\/sites\/17\/2023\/09\/IMG_2745.jpeg","contentUrl":"https:\/\/www.manaus.am.gov.br\/semasc\/wp-content\/uploads\/sites\/17\/2023\/09\/IMG_2745.jpeg","width":3456,"height":2304},{"@type":"BreadcrumbList","@id":"https:\/\/www.manaus.am.gov.br\/semasc\/prefeitura-de-manaus-alinha-estrategias-de-abordagem-social-a-populacao-em-situacao-de-rua-no-centro\/#breadcrumb","itemListElement":[{"@type":"ListItem","position":1,"name":"Home","item":"https:\/\/www.manaus.am.gov.br\/semasc\/"},{"@type":"ListItem","position":2,"name":"Prefeitura de Manaus alinha estrat\u00e9gias de abordagem social \u00e0 popula\u00e7\u00e3o em situa\u00e7\u00e3o de rua no Centro"}]},{"@type":"WebSite","@id":"https:\/\/www.manaus.am.gov.br\/semasc\/#website","url":"https:\/\/www.manaus.am.gov.br\/semasc\/","name":"SEMASC","description":"Secretaria Municipal da Mulher, Assist\u00eancia Social e Cidadania.","publisher":{"@id":"https:\/\/www.manaus.am.gov.br\/semasc\/#organization"},"alternateName":"Secretaria Municipal da Mulher, Assist\u00eancia Social e Cidadania","potentialAction":[{"@type":"SearchAction","target":{"@type":"EntryPoint","urlTemplate":"https:\/\/www.manaus.am.gov.br\/semasc\/?s={search_term_string}"},"query-input":"required name=search_term_string"}],"inLanguage":"pt-BR"},{"@type":"Organization","@id":"https:\/\/www.manaus.am.gov.br\/semasc\/#organization","name":"Prefeitura de Manaus","alternateName":"Prefeitura Municipal de Manaus","url":"https:\/\/www.manaus.am.gov.br\/semasc\/","logo":{"@type":"ImageObject","inLanguage":"pt-BR","@id":"https:\/\/www.manaus.am.gov.br\/semasc\/#\/schema\/logo\/image\/","url":"https:\/\/www.manaus.am.gov.br\/semasc\/wp-content\/uploads\/sites\/17\/2024\/07\/favicon.png","contentUrl":"https:\/\/www.manaus.am.gov.br\/semasc\/wp-content\/uploads\/sites\/17\/2024\/07\/favicon.png","width":300,"height":300,"caption":"Prefeitura de Manaus"},"image":{"@id":"https:\/\/www.manaus.am.gov.br\/semasc\/#\/schema\/logo\/image\/"},"sameAs":["https:\/\/www.facebook.com\/semascmanaus","https:\/\/www.instagram.com\/semascmanaus\/"]},{"@type":"Person","@id":"https:\/\/www.manaus.am.gov.br\/semasc\/#\/schema\/person\/4eea2a8f78dc853097abb026f728aa06","name":"Renata Felix","image":{"@type":"ImageObject","inLanguage":"pt-BR","@id":"https:\/\/www.manaus.am.gov.br\/semasc\/#\/schema\/person\/image\/","url":"https:\/\/secure.gravatar.com\/avatar\/3c196cf9d3b837b24c8edb2c50fd8f29?s=96&d=mm&r=g","contentUrl":"https:\/\/secure.gravatar.com\/avatar\/3c196cf9d3b837b24c8edb2c50fd8f29?s=96&d=mm&r=g","caption":"Renata Felix"}}]}},"_links":{"self":[{"href":"https:\/\/www.manaus.am.gov.br\/semasc\/wp-json\/wp\/v2\/posts\/208918"}],"collection":[{"href":"https:\/\/www.manaus.am.gov.br\/semasc\/wp-json\/wp\/v2\/posts"}],"about":[{"href":"https:\/\/www.manaus.am.gov.br\/semasc\/wp-json\/wp\/v2\/types\/post"}],"author":[{"embeddable":true,"href":"https:\/\/www.manaus.am.gov.br\/semasc\/wp-json\/wp\/v2\/users\/31"}],"replies":[{"embeddable":true,"href":"https:\/\/www.manaus.am.gov.br\/semasc\/wp-json\/wp\/v2\/comments?post=208918"}],"version-history":[{"count":0,"href":"https:\/\/www.manaus.am.gov.br\/semasc\/wp-json\/wp\/v2\/posts\/208918\/revisions"}],"wp:featuredmedia":[{"embeddable":true,"href":"https:\/\/www.manaus.am.gov.br\/semasc\/wp-json\/wp\/v2\/media\/208919"}],"wp:attachment":[{"href":"https:\/\/www.manaus.am.gov.br\/semasc\/wp-json\/wp\/v2\/media?parent=208918"}],"wp:term":[{"taxonomy":"category","embeddable":true,"href":"https:\/\/www.manaus.am.gov.br\/semasc\/wp-json\/wp\/v2\/categories?post=208918"},{"taxonomy":"post_tag","embeddable":true,"href":"https:\/\/www.manaus.am.gov.br\/semasc\/wp-json\/wp\/v2\/tags?post=208918"}],"curies":[{"name":"wp","href":"https:\/\/api.w.org\/{rel}","templated":true}]}}