{"id":208916,"date":"2023-09-21T14:05:58","date_gmt":"2023-09-21T18:05:58","guid":{"rendered":"https:\/\/www.manaus.am.gov.br\/semasc\/prefeitura-e-senai-realizam-oficina-de-salgados-com-mulheres-atendidas-por-instituicao-social-da-zona-sul\/"},"modified":"2023-09-21T14:05:58","modified_gmt":"2023-09-21T18:05:58","slug":"prefeitura-e-senai-realizam-oficina-de-salgados-com-mulheres-atendidas-por-instituicao-social-da-zona-sul","status":"publish","type":"post","link":"https:\/\/www.manaus.am.gov.br\/semasc\/prefeitura-e-senai-realizam-oficina-de-salgados-com-mulheres-atendidas-por-instituicao-social-da-zona-sul\/","title":{"rendered":"<strong>Prefeitura e Senai realizam oficina de salgados com mulheres atendidas por institui\u00e7\u00e3o social da zona Sul&nbsp;<\/strong>"},"content":{"rendered":"\n<p>A Prefeitura de Manaus, por meio da Secretaria Municipal da Mulher, Assist\u00eancia Social e Cidadania (Semasc), e o Servi\u00e7o Nacional de Aprendizagem Industrial (Senai) realizaram, nesta quinta-feira, 21\/9, a conclus\u00e3o do curso de produ\u00e7\u00e3o de salgados diversos, promovido pelo Centro de Refer\u00eancia dos Direitos da Mulher (CRDM) a mulheres atendidas pela Associa\u00e7\u00e3o de Donas de Casa do Morro da Liberdade, Organiza\u00e7\u00e3o da Sociedade Civil (OSC) que oferece atendimento socioassistencial e atividades de capacita\u00e7\u00e3o a fam\u00edlias da zona Sul.&nbsp;<\/p>\n\n\n\n<p>Iniciada na sexta-feira, 15\/9, na escola Senai Ant\u00f4nio Sim\u00f5es, tamb\u00e9m na zona Sul, a capacita\u00e7\u00e3o trabalhou uma turma composta por 20 mulheres, ensinando as t\u00e9cnicas necess\u00e1rias para a produ\u00e7\u00e3o de salgados assados e fritos de diversos sabores, com o objetivo de desenvolver a autonomia financeira e autoestima das participantes.&nbsp;<\/p>\n\n\n\n<p>\u201cA Semasc, por meio do CRDM, realiza diversos tipos de atendimento a mulheres v\u00edtimas de viol\u00eancia, ent\u00e3o as parcerias com as organiza\u00e7\u00f5es da sociedade civil s\u00e3o de suma import\u00e2ncia, para que possamos chegar mais perto dessas comunidades. Nosso p\u00fablico tamb\u00e9m est\u00e1 l\u00e1, \u00e9 atendido por essas institui\u00e7\u00f5es. \u00c9 nosso dever realizar a promo\u00e7\u00e3o de cursos de capacita\u00e7\u00e3o, a fim de que essas mulheres possam ter acesso a um empoderamento, uma autoestima mais trabalhada e uma&nbsp;iindepend\u00eancia&nbsp;financeira que muitas almejam\u201d, explicou a diretora do Departamento de Enfrentamento \u00e0 Viol\u00eancia Contra a Mulher, Marley Fonseca.&nbsp;<\/p>\n\n\n\n<p>Lilia Gama, pedagoga da escola Senai de A\u00e7\u00f5es M\u00f3veis e Comunit\u00e1rias, destacou,&nbsp;ainda,&nbsp;a import\u00e2ncia da parceria para a institui\u00e7\u00e3o e para o mercado de trabalho do munic\u00edpio.&nbsp;<\/p>\n\n\n\n<p>\u201c\u00c9 com muito orgulho que somos respons\u00e1veis por toda essa parte de capacita\u00e7\u00e3o de m\u00e3o de obra para o nosso mercado. A perspectiva do Senai \u00e9 de que todas essas mulheres possam ser inseridas no mercado de trabalho, que tenham uma fonte de renda pr\u00f3pria e, \u00e9 claro, possam enfrentar os desafios de sua realidade. Nossa rela\u00e7\u00e3o com a prefeitura vem de muito tempo, \u00e9 uma parceria que cresce cada vez mais e que nos orgulhamos muito de fazer parte\u201d, afirmou.&nbsp;<\/p>\n\n\n\n<p>A dona de casa Ol\u00edvia Chagas, 55, atendida pela Associa\u00e7\u00e3o de Donas de Casa do Morro da Liberdade, agradeceu pela iniciativa e reafirmou a import\u00e2ncia dos cursos realizados para ela e suas colegas de bairro.&nbsp;<\/p>\n\n\n\n<p>\u201cTodas estamos admiradas e maravilhadas com o que aprendemos aqui durante a \u00faltima semana, pois \u00e9 uma oportunidade que pode abrir muitas outras portas e expandir os nossos horizontes. Aqui temos pessoas que j\u00e1 trabalham nesse ramo da culin\u00e1ria h\u00e1 muito tempo, profissionais respeitados, e justamente pela oportunidade de sermos aprendizes de pessoas assim \u00e9 que agradecemos \u00e0 Prefeitura de Manaus\u201d, afirmou.&nbsp;<\/p>\n\n\n\n<p>&#8212; &#8212; &#8212;<\/p>\n\n\n\n<p><strong>Texto<\/strong>&nbsp;&#8211; Guilherme Pacheco \/ Semasc&nbsp;<\/p>\n\n\n\n<p><strong>Fotos<\/strong>&nbsp;&#8211; Diego Lima \/ Semasc<\/p>\n\n\n\n<p><strong>Dispon\u00edveis em<\/strong> &#8211; <a href=\"https:\/\/flic.kr\/s\/aHBqjAVxRh\">https:\/\/flic.kr\/s\/aHBqjAVxRh<\/a><\/p>\n\n\n\n<p><\/p>\n","protected":false},"excerpt":{"rendered":"","protected":false},"author":23,"featured_media":208917,"comment_status":"closed","ping_status":"closed","sticky":false,"template":"","format":"standard","meta":{"footnotes":""},"categories":[76],"tags":[217,78,378,7,421,18],"acf":[],"yoast_head":"<!-- This site is optimized with the Yoast SEO plugin v23.0 - https:\/\/yoast.com\/wordpress\/plugins\/seo\/ -->\n<title>Prefeitura e Senai realizam oficina de salgados com mulheres atendidas por institui\u00e7\u00e3o social da zona Sul<\/title>\n<meta name=\"description\" content=\"A Prefeitura de Manaus, por meio da Secretaria Municipal da Mulher, Assist\u00eancia Social e Cidadania (Semasc), e o Servi\u00e7o Nacional de Aprendizagem Industrial (Senai) realizaram, nesta quinta-feira, 21\/9, a conclus\u00e3o do curso de produ\u00e7\u00e3o de salgados diversos, promovido pelo Centro de Refer\u00eancia dos Direitos da Mulher (CRDM) a mulheres atendidas pela Associa\u00e7\u00e3o de Donas de Casa do Morro da Liberdade, Organiza\u00e7\u00e3o da Sociedade Civil (OSC) que oferece atendimento socioassistencial e atividades de capacita\u00e7\u00e3o a fam\u00edlias da zona Sul.\u00a0\" \/>\n<meta name=\"robots\" content=\"noindex, follow\" \/>\n<meta property=\"og:locale\" content=\"pt_BR\" \/>\n<meta property=\"og:type\" content=\"article\" \/>\n<meta property=\"og:title\" content=\"Prefeitura e Senai realizam oficina de salgados com mulheres atendidas por institui\u00e7\u00e3o social da zona Sul\" \/>\n<meta property=\"og:description\" content=\"A Prefeitura de Manaus, por meio da Secretaria Municipal da Mulher, Assist\u00eancia Social e Cidadania (Semasc), e o Servi\u00e7o Nacional de Aprendizagem Industrial (Senai) realizaram, nesta quinta-feira, 21\/9, a conclus\u00e3o do curso de produ\u00e7\u00e3o de salgados diversos, promovido pelo Centro de Refer\u00eancia dos Direitos da Mulher (CRDM) a mulheres atendidas pela Associa\u00e7\u00e3o de Donas de Casa do Morro da Liberdade, Organiza\u00e7\u00e3o da Sociedade Civil (OSC) que oferece atendimento socioassistencial e atividades de capacita\u00e7\u00e3o a fam\u00edlias da zona Sul.\u00a0\" \/>\n<meta property=\"og:url\" content=\"https:\/\/www.manaus.am.gov.br\/semasc\/prefeitura-e-senai-realizam-oficina-de-salgados-com-mulheres-atendidas-por-instituicao-social-da-zona-sul\/\" \/>\n<meta property=\"og:site_name\" content=\"SEMASC\" \/>\n<meta property=\"article:publisher\" content=\"https:\/\/www.facebook.com\/semascmanaus\" \/>\n<meta property=\"article:published_time\" content=\"2023-09-21T18:05:58+00:00\" \/>\n<meta property=\"og:image\" content=\"https:\/\/www.manaus.am.gov.br\/semasc\/wp-content\/uploads\/sites\/17\/2023\/09\/53203736586_d2e7339df3_c.jpg\" \/>\n\t<meta property=\"og:image:width\" content=\"799\" \/>\n\t<meta property=\"og:image:height\" content=\"533\" \/>\n\t<meta property=\"og:image:type\" content=\"image\/jpeg\" \/>\n<meta name=\"author\" content=\"Adriana Costa\" \/>\n<meta name=\"twitter:card\" content=\"summary_large_image\" \/>\n<meta name=\"twitter:label1\" content=\"Written by\" \/>\n\t<meta name=\"twitter:data1\" content=\"Adriana Costa\" \/>\n\t<meta name=\"twitter:label2\" content=\"Est. reading time\" \/>\n\t<meta name=\"twitter:data2\" content=\"3 minutos\" \/>\n<script type=\"application\/ld+json\" class=\"yoast-schema-graph\">{\"@context\":\"https:\/\/schema.org\",\"@graph\":[{\"@type\":\"Article\",\"@id\":\"https:\/\/www.manaus.am.gov.br\/semasc\/prefeitura-e-senai-realizam-oficina-de-salgados-com-mulheres-atendidas-por-instituicao-social-da-zona-sul\/#article\",\"isPartOf\":{\"@id\":\"https:\/\/www.manaus.am.gov.br\/semasc\/prefeitura-e-senai-realizam-oficina-de-salgados-com-mulheres-atendidas-por-instituicao-social-da-zona-sul\/\"},\"author\":{\"name\":\"Adriana Costa\",\"@id\":\"https:\/\/www.manaus.am.gov.br\/semasc\/#\/schema\/person\/4e49f4e267757a06ca072ec61b2b9968\"},\"headline\":\"Prefeitura e Senai realizam oficina de salgados com mulheres atendidas por institui\u00e7\u00e3o social da zona Sul&nbsp;\",\"datePublished\":\"2023-09-21T18:05:58+00:00\",\"dateModified\":\"2023-09-21T18:05:58+00:00\",\"mainEntityOfPage\":{\"@id\":\"https:\/\/www.manaus.am.gov.br\/semasc\/prefeitura-e-senai-realizam-oficina-de-salgados-com-mulheres-atendidas-por-instituicao-social-da-zona-sul\/\"},\"wordCount\":511,\"publisher\":{\"@id\":\"https:\/\/www.manaus.am.gov.br\/semasc\/#organization\"},\"image\":{\"@id\":\"https:\/\/www.manaus.am.gov.br\/semasc\/prefeitura-e-senai-realizam-oficina-de-salgados-com-mulheres-atendidas-por-instituicao-social-da-zona-sul\/#primaryimage\"},\"thumbnailUrl\":\"https:\/\/www.manaus.am.gov.br\/semasc\/wp-content\/uploads\/sites\/17\/2023\/09\/53203736586_d2e7339df3_c.jpg\",\"keywords\":[\"mulheres v\u00edtimas de viol\u00eancia\",\"oficina\",\"OSC\",\"prefeitura de manaus\",\"salgados\",\"Semasc\"],\"articleSection\":[\"Capacita\u00e7\u00e3o\"],\"inLanguage\":\"pt-BR\"},{\"@type\":\"WebPage\",\"@id\":\"https:\/\/www.manaus.am.gov.br\/semasc\/prefeitura-e-senai-realizam-oficina-de-salgados-com-mulheres-atendidas-por-instituicao-social-da-zona-sul\/\",\"url\":\"https:\/\/www.manaus.am.gov.br\/semasc\/prefeitura-e-senai-realizam-oficina-de-salgados-com-mulheres-atendidas-por-instituicao-social-da-zona-sul\/\",\"name\":\"Prefeitura e Senai realizam oficina de salgados com mulheres atendidas por institui\u00e7\u00e3o social da zona Sul\",\"isPartOf\":{\"@id\":\"https:\/\/www.manaus.am.gov.br\/semasc\/#website\"},\"primaryImageOfPage\":{\"@id\":\"https:\/\/www.manaus.am.gov.br\/semasc\/prefeitura-e-senai-realizam-oficina-de-salgados-com-mulheres-atendidas-por-instituicao-social-da-zona-sul\/#primaryimage\"},\"image\":{\"@id\":\"https:\/\/www.manaus.am.gov.br\/semasc\/prefeitura-e-senai-realizam-oficina-de-salgados-com-mulheres-atendidas-por-instituicao-social-da-zona-sul\/#primaryimage\"},\"thumbnailUrl\":\"https:\/\/www.manaus.am.gov.br\/semasc\/wp-content\/uploads\/sites\/17\/2023\/09\/53203736586_d2e7339df3_c.jpg\",\"datePublished\":\"2023-09-21T18:05:58+00:00\",\"dateModified\":\"2023-09-21T18:05:58+00:00\",\"description\":\"A Prefeitura de Manaus, por meio da Secretaria Municipal da Mulher, Assist\u00eancia Social e Cidadania (Semasc), e o Servi\u00e7o Nacional de Aprendizagem Industrial (Senai) realizaram, nesta quinta-feira, 21\/9, a conclus\u00e3o do curso de produ\u00e7\u00e3o de salgados diversos, promovido pelo Centro de Refer\u00eancia dos Direitos da Mulher (CRDM) a mulheres atendidas pela Associa\u00e7\u00e3o de Donas de Casa do Morro da Liberdade, Organiza\u00e7\u00e3o da Sociedade Civil (OSC) que oferece atendimento socioassistencial e atividades de capacita\u00e7\u00e3o a fam\u00edlias da zona Sul.\u00a0\",\"breadcrumb\":{\"@id\":\"https:\/\/www.manaus.am.gov.br\/semasc\/prefeitura-e-senai-realizam-oficina-de-salgados-com-mulheres-atendidas-por-instituicao-social-da-zona-sul\/#breadcrumb\"},\"inLanguage\":\"pt-BR\",\"potentialAction\":[{\"@type\":\"ReadAction\",\"target\":[\"https:\/\/www.manaus.am.gov.br\/semasc\/prefeitura-e-senai-realizam-oficina-de-salgados-com-mulheres-atendidas-por-instituicao-social-da-zona-sul\/\"]}]},{\"@type\":\"ImageObject\",\"inLanguage\":\"pt-BR\",\"@id\":\"https:\/\/www.manaus.am.gov.br\/semasc\/prefeitura-e-senai-realizam-oficina-de-salgados-com-mulheres-atendidas-por-instituicao-social-da-zona-sul\/#primaryimage\",\"url\":\"https:\/\/www.manaus.am.gov.br\/semasc\/wp-content\/uploads\/sites\/17\/2023\/09\/53203736586_d2e7339df3_c.jpg\",\"contentUrl\":\"https:\/\/www.manaus.am.gov.br\/semasc\/wp-content\/uploads\/sites\/17\/2023\/09\/53203736586_d2e7339df3_c.jpg\",\"width\":799,\"height\":533},{\"@type\":\"BreadcrumbList\",\"@id\":\"https:\/\/www.manaus.am.gov.br\/semasc\/prefeitura-e-senai-realizam-oficina-de-salgados-com-mulheres-atendidas-por-instituicao-social-da-zona-sul\/#breadcrumb\",\"itemListElement\":[{\"@type\":\"ListItem\",\"position\":1,\"name\":\"Home\",\"item\":\"https:\/\/www.manaus.am.gov.br\/semasc\/\"},{\"@type\":\"ListItem\",\"position\":2,\"name\":\"Prefeitura e Senai realizam oficina de salgados com mulheres atendidas por institui\u00e7\u00e3o social da zona Sul&nbsp;\"}]},{\"@type\":\"WebSite\",\"@id\":\"https:\/\/www.manaus.am.gov.br\/semasc\/#website\",\"url\":\"https:\/\/www.manaus.am.gov.br\/semasc\/\",\"name\":\"SEMASC\",\"description\":\"Secretaria Municipal da Mulher, Assist\u00eancia Social e Cidadania.\",\"publisher\":{\"@id\":\"https:\/\/www.manaus.am.gov.br\/semasc\/#organization\"},\"alternateName\":\"Secretaria Municipal da Mulher, Assist\u00eancia Social e Cidadania\",\"potentialAction\":[{\"@type\":\"SearchAction\",\"target\":{\"@type\":\"EntryPoint\",\"urlTemplate\":\"https:\/\/www.manaus.am.gov.br\/semasc\/?s={search_term_string}\"},\"query-input\":\"required name=search_term_string\"}],\"inLanguage\":\"pt-BR\"},{\"@type\":\"Organization\",\"@id\":\"https:\/\/www.manaus.am.gov.br\/semasc\/#organization\",\"name\":\"Prefeitura de Manaus\",\"alternateName\":\"Prefeitura Municipal de Manaus\",\"url\":\"https:\/\/www.manaus.am.gov.br\/semasc\/\",\"logo\":{\"@type\":\"ImageObject\",\"inLanguage\":\"pt-BR\",\"@id\":\"https:\/\/www.manaus.am.gov.br\/semasc\/#\/schema\/logo\/image\/\",\"url\":\"https:\/\/www.manaus.am.gov.br\/semasc\/wp-content\/uploads\/sites\/17\/2024\/07\/favicon.png\",\"contentUrl\":\"https:\/\/www.manaus.am.gov.br\/semasc\/wp-content\/uploads\/sites\/17\/2024\/07\/favicon.png\",\"width\":300,\"height\":300,\"caption\":\"Prefeitura de Manaus\"},\"image\":{\"@id\":\"https:\/\/www.manaus.am.gov.br\/semasc\/#\/schema\/logo\/image\/\"},\"sameAs\":[\"https:\/\/www.facebook.com\/semascmanaus\",\"https:\/\/www.instagram.com\/semascmanaus\/\"]},{\"@type\":\"Person\",\"@id\":\"https:\/\/www.manaus.am.gov.br\/semasc\/#\/schema\/person\/4e49f4e267757a06ca072ec61b2b9968\",\"name\":\"Adriana Costa\",\"image\":{\"@type\":\"ImageObject\",\"inLanguage\":\"pt-BR\",\"@id\":\"https:\/\/www.manaus.am.gov.br\/semasc\/#\/schema\/person\/image\/\",\"url\":\"https:\/\/secure.gravatar.com\/avatar\/576258617ef7194f718179e766d57bd4?s=96&d=mm&r=g\",\"contentUrl\":\"https:\/\/secure.gravatar.com\/avatar\/576258617ef7194f718179e766d57bd4?s=96&d=mm&r=g\",\"caption\":\"Adriana Costa\"}}]}<\/script>\n<!-- \/ Yoast SEO plugin. -->","yoast_head_json":{"title":"Prefeitura e Senai realizam oficina de salgados com mulheres atendidas por institui\u00e7\u00e3o social da zona Sul","description":"A Prefeitura de Manaus, por meio da Secretaria Municipal da Mulher, Assist\u00eancia Social e Cidadania (Semasc), e o Servi\u00e7o Nacional de Aprendizagem Industrial (Senai) realizaram, nesta quinta-feira, 21\/9, a conclus\u00e3o do curso de produ\u00e7\u00e3o de salgados diversos, promovido pelo Centro de Refer\u00eancia dos Direitos da Mulher (CRDM) a mulheres atendidas pela Associa\u00e7\u00e3o de Donas de Casa do Morro da Liberdade, Organiza\u00e7\u00e3o da Sociedade Civil (OSC) que oferece atendimento socioassistencial e atividades de capacita\u00e7\u00e3o a fam\u00edlias da zona Sul.\u00a0","robots":{"index":"noindex","follow":"follow"},"og_locale":"pt_BR","og_type":"article","og_title":"Prefeitura e Senai realizam oficina de salgados com mulheres atendidas por institui\u00e7\u00e3o social da zona Sul","og_description":"A Prefeitura de Manaus, por meio da Secretaria Municipal da Mulher, Assist\u00eancia Social e Cidadania (Semasc), e o Servi\u00e7o Nacional de Aprendizagem Industrial (Senai) realizaram, nesta quinta-feira, 21\/9, a conclus\u00e3o do curso de produ\u00e7\u00e3o de salgados diversos, promovido pelo Centro de Refer\u00eancia dos Direitos da Mulher (CRDM) a mulheres atendidas pela Associa\u00e7\u00e3o de Donas de Casa do Morro da Liberdade, Organiza\u00e7\u00e3o da Sociedade Civil (OSC) que oferece atendimento socioassistencial e atividades de capacita\u00e7\u00e3o a fam\u00edlias da zona Sul.\u00a0","og_url":"https:\/\/www.manaus.am.gov.br\/semasc\/prefeitura-e-senai-realizam-oficina-de-salgados-com-mulheres-atendidas-por-instituicao-social-da-zona-sul\/","og_site_name":"SEMASC","article_publisher":"https:\/\/www.facebook.com\/semascmanaus","article_published_time":"2023-09-21T18:05:58+00:00","og_image":[{"width":799,"height":533,"url":"https:\/\/www.manaus.am.gov.br\/semasc\/wp-content\/uploads\/sites\/17\/2023\/09\/53203736586_d2e7339df3_c.jpg","type":"image\/jpeg"}],"author":"Adriana Costa","twitter_card":"summary_large_image","twitter_misc":{"Written by":"Adriana Costa","Est. reading time":"3 minutos"},"schema":{"@context":"https:\/\/schema.org","@graph":[{"@type":"Article","@id":"https:\/\/www.manaus.am.gov.br\/semasc\/prefeitura-e-senai-realizam-oficina-de-salgados-com-mulheres-atendidas-por-instituicao-social-da-zona-sul\/#article","isPartOf":{"@id":"https:\/\/www.manaus.am.gov.br\/semasc\/prefeitura-e-senai-realizam-oficina-de-salgados-com-mulheres-atendidas-por-instituicao-social-da-zona-sul\/"},"author":{"name":"Adriana Costa","@id":"https:\/\/www.manaus.am.gov.br\/semasc\/#\/schema\/person\/4e49f4e267757a06ca072ec61b2b9968"},"headline":"Prefeitura e Senai realizam oficina de salgados com mulheres atendidas por institui\u00e7\u00e3o social da zona Sul&nbsp;","datePublished":"2023-09-21T18:05:58+00:00","dateModified":"2023-09-21T18:05:58+00:00","mainEntityOfPage":{"@id":"https:\/\/www.manaus.am.gov.br\/semasc\/prefeitura-e-senai-realizam-oficina-de-salgados-com-mulheres-atendidas-por-instituicao-social-da-zona-sul\/"},"wordCount":511,"publisher":{"@id":"https:\/\/www.manaus.am.gov.br\/semasc\/#organization"},"image":{"@id":"https:\/\/www.manaus.am.gov.br\/semasc\/prefeitura-e-senai-realizam-oficina-de-salgados-com-mulheres-atendidas-por-instituicao-social-da-zona-sul\/#primaryimage"},"thumbnailUrl":"https:\/\/www.manaus.am.gov.br\/semasc\/wp-content\/uploads\/sites\/17\/2023\/09\/53203736586_d2e7339df3_c.jpg","keywords":["mulheres v\u00edtimas de viol\u00eancia","oficina","OSC","prefeitura de manaus","salgados","Semasc"],"articleSection":["Capacita\u00e7\u00e3o"],"inLanguage":"pt-BR"},{"@type":"WebPage","@id":"https:\/\/www.manaus.am.gov.br\/semasc\/prefeitura-e-senai-realizam-oficina-de-salgados-com-mulheres-atendidas-por-instituicao-social-da-zona-sul\/","url":"https:\/\/www.manaus.am.gov.br\/semasc\/prefeitura-e-senai-realizam-oficina-de-salgados-com-mulheres-atendidas-por-instituicao-social-da-zona-sul\/","name":"Prefeitura e Senai realizam oficina de salgados com mulheres atendidas por institui\u00e7\u00e3o social da zona Sul","isPartOf":{"@id":"https:\/\/www.manaus.am.gov.br\/semasc\/#website"},"primaryImageOfPage":{"@id":"https:\/\/www.manaus.am.gov.br\/semasc\/prefeitura-e-senai-realizam-oficina-de-salgados-com-mulheres-atendidas-por-instituicao-social-da-zona-sul\/#primaryimage"},"image":{"@id":"https:\/\/www.manaus.am.gov.br\/semasc\/prefeitura-e-senai-realizam-oficina-de-salgados-com-mulheres-atendidas-por-instituicao-social-da-zona-sul\/#primaryimage"},"thumbnailUrl":"https:\/\/www.manaus.am.gov.br\/semasc\/wp-content\/uploads\/sites\/17\/2023\/09\/53203736586_d2e7339df3_c.jpg","datePublished":"2023-09-21T18:05:58+00:00","dateModified":"2023-09-21T18:05:58+00:00","description":"A Prefeitura de Manaus, por meio da Secretaria Municipal da Mulher, Assist\u00eancia Social e Cidadania (Semasc), e o Servi\u00e7o Nacional de Aprendizagem Industrial (Senai) realizaram, nesta quinta-feira, 21\/9, a conclus\u00e3o do curso de produ\u00e7\u00e3o de salgados diversos, promovido pelo Centro de Refer\u00eancia dos Direitos da Mulher (CRDM) a mulheres atendidas pela Associa\u00e7\u00e3o de Donas de Casa do Morro da Liberdade, Organiza\u00e7\u00e3o da Sociedade Civil (OSC) que oferece atendimento socioassistencial e atividades de capacita\u00e7\u00e3o a fam\u00edlias da zona Sul.\u00a0","breadcrumb":{"@id":"https:\/\/www.manaus.am.gov.br\/semasc\/prefeitura-e-senai-realizam-oficina-de-salgados-com-mulheres-atendidas-por-instituicao-social-da-zona-sul\/#breadcrumb"},"inLanguage":"pt-BR","potentialAction":[{"@type":"ReadAction","target":["https:\/\/www.manaus.am.gov.br\/semasc\/prefeitura-e-senai-realizam-oficina-de-salgados-com-mulheres-atendidas-por-instituicao-social-da-zona-sul\/"]}]},{"@type":"ImageObject","inLanguage":"pt-BR","@id":"https:\/\/www.manaus.am.gov.br\/semasc\/prefeitura-e-senai-realizam-oficina-de-salgados-com-mulheres-atendidas-por-instituicao-social-da-zona-sul\/#primaryimage","url":"https:\/\/www.manaus.am.gov.br\/semasc\/wp-content\/uploads\/sites\/17\/2023\/09\/53203736586_d2e7339df3_c.jpg","contentUrl":"https:\/\/www.manaus.am.gov.br\/semasc\/wp-content\/uploads\/sites\/17\/2023\/09\/53203736586_d2e7339df3_c.jpg","width":799,"height":533},{"@type":"BreadcrumbList","@id":"https:\/\/www.manaus.am.gov.br\/semasc\/prefeitura-e-senai-realizam-oficina-de-salgados-com-mulheres-atendidas-por-instituicao-social-da-zona-sul\/#breadcrumb","itemListElement":[{"@type":"ListItem","position":1,"name":"Home","item":"https:\/\/www.manaus.am.gov.br\/semasc\/"},{"@type":"ListItem","position":2,"name":"Prefeitura e Senai realizam oficina de salgados com mulheres atendidas por institui\u00e7\u00e3o social da zona Sul&nbsp;"}]},{"@type":"WebSite","@id":"https:\/\/www.manaus.am.gov.br\/semasc\/#website","url":"https:\/\/www.manaus.am.gov.br\/semasc\/","name":"SEMASC","description":"Secretaria Municipal da Mulher, Assist\u00eancia Social e Cidadania.","publisher":{"@id":"https:\/\/www.manaus.am.gov.br\/semasc\/#organization"},"alternateName":"Secretaria Municipal da Mulher, Assist\u00eancia Social e Cidadania","potentialAction":[{"@type":"SearchAction","target":{"@type":"EntryPoint","urlTemplate":"https:\/\/www.manaus.am.gov.br\/semasc\/?s={search_term_string}"},"query-input":"required name=search_term_string"}],"inLanguage":"pt-BR"},{"@type":"Organization","@id":"https:\/\/www.manaus.am.gov.br\/semasc\/#organization","name":"Prefeitura de Manaus","alternateName":"Prefeitura Municipal de Manaus","url":"https:\/\/www.manaus.am.gov.br\/semasc\/","logo":{"@type":"ImageObject","inLanguage":"pt-BR","@id":"https:\/\/www.manaus.am.gov.br\/semasc\/#\/schema\/logo\/image\/","url":"https:\/\/www.manaus.am.gov.br\/semasc\/wp-content\/uploads\/sites\/17\/2024\/07\/favicon.png","contentUrl":"https:\/\/www.manaus.am.gov.br\/semasc\/wp-content\/uploads\/sites\/17\/2024\/07\/favicon.png","width":300,"height":300,"caption":"Prefeitura de Manaus"},"image":{"@id":"https:\/\/www.manaus.am.gov.br\/semasc\/#\/schema\/logo\/image\/"},"sameAs":["https:\/\/www.facebook.com\/semascmanaus","https:\/\/www.instagram.com\/semascmanaus\/"]},{"@type":"Person","@id":"https:\/\/www.manaus.am.gov.br\/semasc\/#\/schema\/person\/4e49f4e267757a06ca072ec61b2b9968","name":"Adriana Costa","image":{"@type":"ImageObject","inLanguage":"pt-BR","@id":"https:\/\/www.manaus.am.gov.br\/semasc\/#\/schema\/person\/image\/","url":"https:\/\/secure.gravatar.com\/avatar\/576258617ef7194f718179e766d57bd4?s=96&d=mm&r=g","contentUrl":"https:\/\/secure.gravatar.com\/avatar\/576258617ef7194f718179e766d57bd4?s=96&d=mm&r=g","caption":"Adriana Costa"}}]}},"_links":{"self":[{"href":"https:\/\/www.manaus.am.gov.br\/semasc\/wp-json\/wp\/v2\/posts\/208916"}],"collection":[{"href":"https:\/\/www.manaus.am.gov.br\/semasc\/wp-json\/wp\/v2\/posts"}],"about":[{"href":"https:\/\/www.manaus.am.gov.br\/semasc\/wp-json\/wp\/v2\/types\/post"}],"author":[{"embeddable":true,"href":"https:\/\/www.manaus.am.gov.br\/semasc\/wp-json\/wp\/v2\/users\/23"}],"replies":[{"embeddable":true,"href":"https:\/\/www.manaus.am.gov.br\/semasc\/wp-json\/wp\/v2\/comments?post=208916"}],"version-history":[{"count":0,"href":"https:\/\/www.manaus.am.gov.br\/semasc\/wp-json\/wp\/v2\/posts\/208916\/revisions"}],"wp:featuredmedia":[{"embeddable":true,"href":"https:\/\/www.manaus.am.gov.br\/semasc\/wp-json\/wp\/v2\/media\/208917"}],"wp:attachment":[{"href":"https:\/\/www.manaus.am.gov.br\/semasc\/wp-json\/wp\/v2\/media?parent=208916"}],"wp:term":[{"taxonomy":"category","embeddable":true,"href":"https:\/\/www.manaus.am.gov.br\/semasc\/wp-json\/wp\/v2\/categories?post=208916"},{"taxonomy":"post_tag","embeddable":true,"href":"https:\/\/www.manaus.am.gov.br\/semasc\/wp-json\/wp\/v2\/tags?post=208916"}],"curies":[{"name":"wp","href":"https:\/\/api.w.org\/{rel}","templated":true}]}}