{"id":208914,"date":"2023-09-20T19:47:47","date_gmt":"2023-09-20T23:47:47","guid":{"rendered":"https:\/\/www.manaus.am.gov.br\/semasc\/prefeitura-treina-servidores-que-atuarao-como-presidentes-de-mesa-na-eleicao-para-conselheiros-tutelares-de-manaus\/"},"modified":"2023-09-20T19:47:49","modified_gmt":"2023-09-20T23:47:49","slug":"prefeitura-treina-servidores-que-atuarao-como-presidentes-de-mesa-na-eleicao-para-conselheiros-tutelares-de-manaus","status":"publish","type":"post","link":"https:\/\/www.manaus.am.gov.br\/semasc\/prefeitura-treina-servidores-que-atuarao-como-presidentes-de-mesa-na-eleicao-para-conselheiros-tutelares-de-manaus\/","title":{"rendered":"<strong>Prefeitura treina servidores que atuar\u00e3o como presidentes de mesa na elei\u00e7\u00e3o para conselheiros tutelares de Manaus<\/strong>"},"content":{"rendered":"\n<p>Dando continuidade aos preparativos para a elei\u00e7\u00e3o de conselheiros tutelares na capital amazonense, a Prefeitura de Manaus, por meio da Secretaria Municipal da Mulher, Assist\u00eancia Social e Cidadania (Semasc), com apoio da Escola de Servi\u00e7o P\u00fablico Municipal e Inclus\u00e3o Socioeducacional (Espi), realizou, nesta quarta-feira, 20\/9, o primeiro dia de treinamento t\u00e9cnico para os servidores da Secretaria Municipal de Administra\u00e7\u00e3o, Planejamento e Gest\u00e3o (Semad) que atuar\u00e3o como presidentes de mesa durante a vota\u00e7\u00e3o.<\/p>\n\n\n\n<p>Ao todo, 297 servidores devem participar do treinamento ao longo de seus dois dias de dura\u00e7\u00e3o, recebendo orienta\u00e7\u00f5es sobre como conduzir as se\u00e7\u00f5es de vota\u00e7\u00e3o, o funcionamento das urnas eletr\u00f4nicas e os outros procedimentos t\u00e9cnicos. &nbsp;<\/p>\n\n\n\n<p>\u201cA Prefeitura de Manaus est\u00e1 envolvendo mais de 5 mil servidores de todas as secretarias para participar e prestar apoio durante as elei\u00e7\u00f5es para conselheiros tutelares, por isso, hoje iniciamos essa maratona de treinamentos que ocorrer\u00e1 ao longo da semana. Esta \u00e9 uma etapa de nosso processo eleitoral que visa garantir que todos os servidores que participar\u00e3o da vota\u00e7\u00e3o possuam a compet\u00eancia necess\u00e1ria para que tenhamos uma elei\u00e7\u00e3o tranquila, sem aborrecimentos, problemas t\u00e9cnicos ou de atendimento \u00e0 popula\u00e7\u00e3o\u201d, explicou a presidente do Conselho Municipal dos Direitos da Crian\u00e7a e do Adolescente (CMDCA) e subsecret\u00e1ria de Pol\u00edticas Afirmativas para Mulheres e Direitos Humanos, Gra\u00e7a Prola.<\/p>\n\n\n\n<p>Assessora T\u00e9cnica da Semad, a servidora Emmanuelly Rodrigues destacou a satisfa\u00e7\u00e3o em poder participar do processo eleitoral e da import\u00e2ncia deste para o munic\u00edpio.<\/p>\n\n\n\n<p>\u201c\u00c9 um treinamento muito importante para algu\u00e9m que nunca teve essa experi\u00eancia antes, al\u00e9m de ser uma oportunidade de conhecer como funciona todo o processo em volta da escolha de novos conselheiros tutelares. \u00c9 um diferencial muito grande para n\u00f3s, servidores, participar de um momento t\u00e3o importante como este\u201d, afirmou.<\/p>\n\n\n\n<p>A elei\u00e7\u00e3o para conselheiros tutelares acontece no dia 1\u00ba\/10, das 8h \u00e0s 17h. Os locais para vota\u00e7\u00e3o podem ser conferidos na edi\u00e7\u00e3o 5.672 do Di\u00e1rio Oficial do Munic\u00edpio, publicada no dia 19\/9 e dispon\u00edvel no endere\u00e7o&nbsp;<a href=\"http:\/\/dom.manaus.am.gov.br\/\" target=\"_blank\" rel=\"noreferrer noopener\">dom.manaus.am.gov.br<\/a>.&nbsp;<\/p>\n\n\n\n<p>&#8212; &#8212; &#8212;<\/p>\n\n\n\n<p><strong>Texto<\/strong>&nbsp;&#8211; Guilherme Pacheco \/ Semasc&nbsp;<\/p>\n\n\n\n<p><strong>Fotos<\/strong>&nbsp;&#8211; Diego Lima \/ Semasc&nbsp;<\/p>\n\n\n\n<p>&#8212; &#8212; &#8212;<\/p>\n\n\n\n<p>SEMASC &#8211; Secretaria Municipal da Mulher, Assist\u00eancia Social e Cidadania<\/p>\n\n\n\n<p>Assessor Respons\u00e1vel: Leonardo Fierro (92) 99446-4599<\/p>\n\n\n\n<p>E-mail:&nbsp;<a href=\"mailto:comunicacao.semasc@manaus.am.gov.br\" target=\"_blank\" rel=\"noreferrer noopener\">comunicacao.semasc@manaus.am.gov.br<\/a><\/p>\n","protected":false},"excerpt":{"rendered":"","protected":false},"author":31,"featured_media":208915,"comment_status":"closed","ping_status":"closed","sticky":false,"template":"","format":"standard","meta":{"footnotes":""},"categories":[76],"tags":[43,317,420],"acf":[],"yoast_head":"<!-- This site is optimized with the Yoast SEO plugin v23.0 - https:\/\/yoast.com\/wordpress\/plugins\/seo\/ -->\n<title>Prefeitura treina servidores que atuar\u00e3o como presidentes de mesa na elei\u00e7\u00e3o para conselheiros tutelares de Manaus - SEMASC<\/title>\n<meta name=\"robots\" content=\"noindex, follow\" \/>\n<meta property=\"og:locale\" content=\"pt_BR\" \/>\n<meta property=\"og:type\" content=\"article\" \/>\n<meta property=\"og:title\" content=\"Prefeitura treina servidores que atuar\u00e3o como presidentes de mesa na elei\u00e7\u00e3o para conselheiros tutelares de Manaus - SEMASC\" \/>\n<meta property=\"og:url\" content=\"https:\/\/www.manaus.am.gov.br\/semasc\/prefeitura-treina-servidores-que-atuarao-como-presidentes-de-mesa-na-eleicao-para-conselheiros-tutelares-de-manaus\/\" \/>\n<meta property=\"og:site_name\" content=\"SEMASC\" \/>\n<meta property=\"article:publisher\" content=\"https:\/\/www.facebook.com\/semascmanaus\" \/>\n<meta property=\"article:published_time\" content=\"2023-09-20T23:47:47+00:00\" \/>\n<meta property=\"article:modified_time\" content=\"2023-09-20T23:47:49+00:00\" \/>\n<meta property=\"og:image\" content=\"https:\/\/www.manaus.am.gov.br\/semasc\/wp-content\/uploads\/sites\/17\/2023\/09\/IMG_2625-1024x683.jpg\" \/>\n\t<meta property=\"og:image:width\" content=\"1024\" \/>\n\t<meta property=\"og:image:height\" content=\"683\" \/>\n\t<meta property=\"og:image:type\" content=\"image\/jpeg\" \/>\n<meta name=\"author\" content=\"Renata Felix\" \/>\n<meta name=\"twitter:card\" content=\"summary_large_image\" \/>\n<meta name=\"twitter:label1\" content=\"Written by\" \/>\n\t<meta name=\"twitter:data1\" content=\"Renata Felix\" \/>\n\t<meta name=\"twitter:label2\" content=\"Est. reading time\" \/>\n\t<meta name=\"twitter:data2\" content=\"2 minutos\" \/>\n<script type=\"application\/ld+json\" class=\"yoast-schema-graph\">{\"@context\":\"https:\/\/schema.org\",\"@graph\":[{\"@type\":\"Article\",\"@id\":\"https:\/\/www.manaus.am.gov.br\/semasc\/prefeitura-treina-servidores-que-atuarao-como-presidentes-de-mesa-na-eleicao-para-conselheiros-tutelares-de-manaus\/#article\",\"isPartOf\":{\"@id\":\"https:\/\/www.manaus.am.gov.br\/semasc\/prefeitura-treina-servidores-que-atuarao-como-presidentes-de-mesa-na-eleicao-para-conselheiros-tutelares-de-manaus\/\"},\"author\":{\"name\":\"Renata Felix\",\"@id\":\"https:\/\/www.manaus.am.gov.br\/semasc\/#\/schema\/person\/4eea2a8f78dc853097abb026f728aa06\"},\"headline\":\"Prefeitura treina servidores que atuar\u00e3o como presidentes de mesa na elei\u00e7\u00e3o para conselheiros tutelares de Manaus\",\"datePublished\":\"2023-09-20T23:47:47+00:00\",\"dateModified\":\"2023-09-20T23:47:49+00:00\",\"mainEntityOfPage\":{\"@id\":\"https:\/\/www.manaus.am.gov.br\/semasc\/prefeitura-treina-servidores-que-atuarao-como-presidentes-de-mesa-na-eleicao-para-conselheiros-tutelares-de-manaus\/\"},\"wordCount\":426,\"publisher\":{\"@id\":\"https:\/\/www.manaus.am.gov.br\/semasc\/#organization\"},\"image\":{\"@id\":\"https:\/\/www.manaus.am.gov.br\/semasc\/prefeitura-treina-servidores-que-atuarao-como-presidentes-de-mesa-na-eleicao-para-conselheiros-tutelares-de-manaus\/#primaryimage\"},\"thumbnailUrl\":\"https:\/\/www.manaus.am.gov.br\/semasc\/wp-content\/uploads\/sites\/17\/2023\/09\/IMG_2625.jpg\",\"keywords\":[\"conselheiros tutelares\",\"elei\u00e7\u00f5es\",\"treinamento\"],\"articleSection\":[\"Capacita\u00e7\u00e3o\"],\"inLanguage\":\"pt-BR\"},{\"@type\":\"WebPage\",\"@id\":\"https:\/\/www.manaus.am.gov.br\/semasc\/prefeitura-treina-servidores-que-atuarao-como-presidentes-de-mesa-na-eleicao-para-conselheiros-tutelares-de-manaus\/\",\"url\":\"https:\/\/www.manaus.am.gov.br\/semasc\/prefeitura-treina-servidores-que-atuarao-como-presidentes-de-mesa-na-eleicao-para-conselheiros-tutelares-de-manaus\/\",\"name\":\"Prefeitura treina servidores que atuar\u00e3o como presidentes de mesa na elei\u00e7\u00e3o para conselheiros tutelares de Manaus - SEMASC\",\"isPartOf\":{\"@id\":\"https:\/\/www.manaus.am.gov.br\/semasc\/#website\"},\"primaryImageOfPage\":{\"@id\":\"https:\/\/www.manaus.am.gov.br\/semasc\/prefeitura-treina-servidores-que-atuarao-como-presidentes-de-mesa-na-eleicao-para-conselheiros-tutelares-de-manaus\/#primaryimage\"},\"image\":{\"@id\":\"https:\/\/www.manaus.am.gov.br\/semasc\/prefeitura-treina-servidores-que-atuarao-como-presidentes-de-mesa-na-eleicao-para-conselheiros-tutelares-de-manaus\/#primaryimage\"},\"thumbnailUrl\":\"https:\/\/www.manaus.am.gov.br\/semasc\/wp-content\/uploads\/sites\/17\/2023\/09\/IMG_2625.jpg\",\"datePublished\":\"2023-09-20T23:47:47+00:00\",\"dateModified\":\"2023-09-20T23:47:49+00:00\",\"breadcrumb\":{\"@id\":\"https:\/\/www.manaus.am.gov.br\/semasc\/prefeitura-treina-servidores-que-atuarao-como-presidentes-de-mesa-na-eleicao-para-conselheiros-tutelares-de-manaus\/#breadcrumb\"},\"inLanguage\":\"pt-BR\",\"potentialAction\":[{\"@type\":\"ReadAction\",\"target\":[\"https:\/\/www.manaus.am.gov.br\/semasc\/prefeitura-treina-servidores-que-atuarao-como-presidentes-de-mesa-na-eleicao-para-conselheiros-tutelares-de-manaus\/\"]}]},{\"@type\":\"ImageObject\",\"inLanguage\":\"pt-BR\",\"@id\":\"https:\/\/www.manaus.am.gov.br\/semasc\/prefeitura-treina-servidores-que-atuarao-como-presidentes-de-mesa-na-eleicao-para-conselheiros-tutelares-de-manaus\/#primaryimage\",\"url\":\"https:\/\/www.manaus.am.gov.br\/semasc\/wp-content\/uploads\/sites\/17\/2023\/09\/IMG_2625.jpg\",\"contentUrl\":\"https:\/\/www.manaus.am.gov.br\/semasc\/wp-content\/uploads\/sites\/17\/2023\/09\/IMG_2625.jpg\",\"width\":3456,\"height\":2304},{\"@type\":\"BreadcrumbList\",\"@id\":\"https:\/\/www.manaus.am.gov.br\/semasc\/prefeitura-treina-servidores-que-atuarao-como-presidentes-de-mesa-na-eleicao-para-conselheiros-tutelares-de-manaus\/#breadcrumb\",\"itemListElement\":[{\"@type\":\"ListItem\",\"position\":1,\"name\":\"Home\",\"item\":\"https:\/\/www.manaus.am.gov.br\/semasc\/\"},{\"@type\":\"ListItem\",\"position\":2,\"name\":\"Prefeitura treina servidores que atuar\u00e3o como presidentes de mesa na elei\u00e7\u00e3o para conselheiros tutelares de Manaus\"}]},{\"@type\":\"WebSite\",\"@id\":\"https:\/\/www.manaus.am.gov.br\/semasc\/#website\",\"url\":\"https:\/\/www.manaus.am.gov.br\/semasc\/\",\"name\":\"SEMASC\",\"description\":\"Secretaria Municipal da Mulher, Assist\u00eancia Social e Cidadania.\",\"publisher\":{\"@id\":\"https:\/\/www.manaus.am.gov.br\/semasc\/#organization\"},\"alternateName\":\"Secretaria Municipal da Mulher, Assist\u00eancia Social e Cidadania\",\"potentialAction\":[{\"@type\":\"SearchAction\",\"target\":{\"@type\":\"EntryPoint\",\"urlTemplate\":\"https:\/\/www.manaus.am.gov.br\/semasc\/?s={search_term_string}\"},\"query-input\":\"required name=search_term_string\"}],\"inLanguage\":\"pt-BR\"},{\"@type\":\"Organization\",\"@id\":\"https:\/\/www.manaus.am.gov.br\/semasc\/#organization\",\"name\":\"Prefeitura de Manaus\",\"alternateName\":\"Prefeitura Municipal de Manaus\",\"url\":\"https:\/\/www.manaus.am.gov.br\/semasc\/\",\"logo\":{\"@type\":\"ImageObject\",\"inLanguage\":\"pt-BR\",\"@id\":\"https:\/\/www.manaus.am.gov.br\/semasc\/#\/schema\/logo\/image\/\",\"url\":\"https:\/\/www.manaus.am.gov.br\/semasc\/wp-content\/uploads\/sites\/17\/2024\/07\/favicon.png\",\"contentUrl\":\"https:\/\/www.manaus.am.gov.br\/semasc\/wp-content\/uploads\/sites\/17\/2024\/07\/favicon.png\",\"width\":300,\"height\":300,\"caption\":\"Prefeitura de Manaus\"},\"image\":{\"@id\":\"https:\/\/www.manaus.am.gov.br\/semasc\/#\/schema\/logo\/image\/\"},\"sameAs\":[\"https:\/\/www.facebook.com\/semascmanaus\",\"https:\/\/www.instagram.com\/semascmanaus\/\"]},{\"@type\":\"Person\",\"@id\":\"https:\/\/www.manaus.am.gov.br\/semasc\/#\/schema\/person\/4eea2a8f78dc853097abb026f728aa06\",\"name\":\"Renata Felix\",\"image\":{\"@type\":\"ImageObject\",\"inLanguage\":\"pt-BR\",\"@id\":\"https:\/\/www.manaus.am.gov.br\/semasc\/#\/schema\/person\/image\/\",\"url\":\"https:\/\/secure.gravatar.com\/avatar\/3c196cf9d3b837b24c8edb2c50fd8f29?s=96&d=mm&r=g\",\"contentUrl\":\"https:\/\/secure.gravatar.com\/avatar\/3c196cf9d3b837b24c8edb2c50fd8f29?s=96&d=mm&r=g\",\"caption\":\"Renata Felix\"}}]}<\/script>\n<!-- \/ Yoast SEO plugin. -->","yoast_head_json":{"title":"Prefeitura treina servidores que atuar\u00e3o como presidentes de mesa na elei\u00e7\u00e3o para conselheiros tutelares de Manaus - SEMASC","robots":{"index":"noindex","follow":"follow"},"og_locale":"pt_BR","og_type":"article","og_title":"Prefeitura treina servidores que atuar\u00e3o como presidentes de mesa na elei\u00e7\u00e3o para conselheiros tutelares de Manaus - SEMASC","og_url":"https:\/\/www.manaus.am.gov.br\/semasc\/prefeitura-treina-servidores-que-atuarao-como-presidentes-de-mesa-na-eleicao-para-conselheiros-tutelares-de-manaus\/","og_site_name":"SEMASC","article_publisher":"https:\/\/www.facebook.com\/semascmanaus","article_published_time":"2023-09-20T23:47:47+00:00","article_modified_time":"2023-09-20T23:47:49+00:00","og_image":[{"width":1024,"height":683,"url":"https:\/\/www.manaus.am.gov.br\/semasc\/wp-content\/uploads\/sites\/17\/2023\/09\/IMG_2625-1024x683.jpg","type":"image\/jpeg"}],"author":"Renata Felix","twitter_card":"summary_large_image","twitter_misc":{"Written by":"Renata Felix","Est. reading time":"2 minutos"},"schema":{"@context":"https:\/\/schema.org","@graph":[{"@type":"Article","@id":"https:\/\/www.manaus.am.gov.br\/semasc\/prefeitura-treina-servidores-que-atuarao-como-presidentes-de-mesa-na-eleicao-para-conselheiros-tutelares-de-manaus\/#article","isPartOf":{"@id":"https:\/\/www.manaus.am.gov.br\/semasc\/prefeitura-treina-servidores-que-atuarao-como-presidentes-de-mesa-na-eleicao-para-conselheiros-tutelares-de-manaus\/"},"author":{"name":"Renata Felix","@id":"https:\/\/www.manaus.am.gov.br\/semasc\/#\/schema\/person\/4eea2a8f78dc853097abb026f728aa06"},"headline":"Prefeitura treina servidores que atuar\u00e3o como presidentes de mesa na elei\u00e7\u00e3o para conselheiros tutelares de Manaus","datePublished":"2023-09-20T23:47:47+00:00","dateModified":"2023-09-20T23:47:49+00:00","mainEntityOfPage":{"@id":"https:\/\/www.manaus.am.gov.br\/semasc\/prefeitura-treina-servidores-que-atuarao-como-presidentes-de-mesa-na-eleicao-para-conselheiros-tutelares-de-manaus\/"},"wordCount":426,"publisher":{"@id":"https:\/\/www.manaus.am.gov.br\/semasc\/#organization"},"image":{"@id":"https:\/\/www.manaus.am.gov.br\/semasc\/prefeitura-treina-servidores-que-atuarao-como-presidentes-de-mesa-na-eleicao-para-conselheiros-tutelares-de-manaus\/#primaryimage"},"thumbnailUrl":"https:\/\/www.manaus.am.gov.br\/semasc\/wp-content\/uploads\/sites\/17\/2023\/09\/IMG_2625.jpg","keywords":["conselheiros tutelares","elei\u00e7\u00f5es","treinamento"],"articleSection":["Capacita\u00e7\u00e3o"],"inLanguage":"pt-BR"},{"@type":"WebPage","@id":"https:\/\/www.manaus.am.gov.br\/semasc\/prefeitura-treina-servidores-que-atuarao-como-presidentes-de-mesa-na-eleicao-para-conselheiros-tutelares-de-manaus\/","url":"https:\/\/www.manaus.am.gov.br\/semasc\/prefeitura-treina-servidores-que-atuarao-como-presidentes-de-mesa-na-eleicao-para-conselheiros-tutelares-de-manaus\/","name":"Prefeitura treina servidores que atuar\u00e3o como presidentes de mesa na elei\u00e7\u00e3o para conselheiros tutelares de Manaus - SEMASC","isPartOf":{"@id":"https:\/\/www.manaus.am.gov.br\/semasc\/#website"},"primaryImageOfPage":{"@id":"https:\/\/www.manaus.am.gov.br\/semasc\/prefeitura-treina-servidores-que-atuarao-como-presidentes-de-mesa-na-eleicao-para-conselheiros-tutelares-de-manaus\/#primaryimage"},"image":{"@id":"https:\/\/www.manaus.am.gov.br\/semasc\/prefeitura-treina-servidores-que-atuarao-como-presidentes-de-mesa-na-eleicao-para-conselheiros-tutelares-de-manaus\/#primaryimage"},"thumbnailUrl":"https:\/\/www.manaus.am.gov.br\/semasc\/wp-content\/uploads\/sites\/17\/2023\/09\/IMG_2625.jpg","datePublished":"2023-09-20T23:47:47+00:00","dateModified":"2023-09-20T23:47:49+00:00","breadcrumb":{"@id":"https:\/\/www.manaus.am.gov.br\/semasc\/prefeitura-treina-servidores-que-atuarao-como-presidentes-de-mesa-na-eleicao-para-conselheiros-tutelares-de-manaus\/#breadcrumb"},"inLanguage":"pt-BR","potentialAction":[{"@type":"ReadAction","target":["https:\/\/www.manaus.am.gov.br\/semasc\/prefeitura-treina-servidores-que-atuarao-como-presidentes-de-mesa-na-eleicao-para-conselheiros-tutelares-de-manaus\/"]}]},{"@type":"ImageObject","inLanguage":"pt-BR","@id":"https:\/\/www.manaus.am.gov.br\/semasc\/prefeitura-treina-servidores-que-atuarao-como-presidentes-de-mesa-na-eleicao-para-conselheiros-tutelares-de-manaus\/#primaryimage","url":"https:\/\/www.manaus.am.gov.br\/semasc\/wp-content\/uploads\/sites\/17\/2023\/09\/IMG_2625.jpg","contentUrl":"https:\/\/www.manaus.am.gov.br\/semasc\/wp-content\/uploads\/sites\/17\/2023\/09\/IMG_2625.jpg","width":3456,"height":2304},{"@type":"BreadcrumbList","@id":"https:\/\/www.manaus.am.gov.br\/semasc\/prefeitura-treina-servidores-que-atuarao-como-presidentes-de-mesa-na-eleicao-para-conselheiros-tutelares-de-manaus\/#breadcrumb","itemListElement":[{"@type":"ListItem","position":1,"name":"Home","item":"https:\/\/www.manaus.am.gov.br\/semasc\/"},{"@type":"ListItem","position":2,"name":"Prefeitura treina servidores que atuar\u00e3o como presidentes de mesa na elei\u00e7\u00e3o para conselheiros tutelares de Manaus"}]},{"@type":"WebSite","@id":"https:\/\/www.manaus.am.gov.br\/semasc\/#website","url":"https:\/\/www.manaus.am.gov.br\/semasc\/","name":"SEMASC","description":"Secretaria Municipal da Mulher, Assist\u00eancia Social e Cidadania.","publisher":{"@id":"https:\/\/www.manaus.am.gov.br\/semasc\/#organization"},"alternateName":"Secretaria Municipal da Mulher, Assist\u00eancia Social e Cidadania","potentialAction":[{"@type":"SearchAction","target":{"@type":"EntryPoint","urlTemplate":"https:\/\/www.manaus.am.gov.br\/semasc\/?s={search_term_string}"},"query-input":"required name=search_term_string"}],"inLanguage":"pt-BR"},{"@type":"Organization","@id":"https:\/\/www.manaus.am.gov.br\/semasc\/#organization","name":"Prefeitura de Manaus","alternateName":"Prefeitura Municipal de Manaus","url":"https:\/\/www.manaus.am.gov.br\/semasc\/","logo":{"@type":"ImageObject","inLanguage":"pt-BR","@id":"https:\/\/www.manaus.am.gov.br\/semasc\/#\/schema\/logo\/image\/","url":"https:\/\/www.manaus.am.gov.br\/semasc\/wp-content\/uploads\/sites\/17\/2024\/07\/favicon.png","contentUrl":"https:\/\/www.manaus.am.gov.br\/semasc\/wp-content\/uploads\/sites\/17\/2024\/07\/favicon.png","width":300,"height":300,"caption":"Prefeitura de Manaus"},"image":{"@id":"https:\/\/www.manaus.am.gov.br\/semasc\/#\/schema\/logo\/image\/"},"sameAs":["https:\/\/www.facebook.com\/semascmanaus","https:\/\/www.instagram.com\/semascmanaus\/"]},{"@type":"Person","@id":"https:\/\/www.manaus.am.gov.br\/semasc\/#\/schema\/person\/4eea2a8f78dc853097abb026f728aa06","name":"Renata Felix","image":{"@type":"ImageObject","inLanguage":"pt-BR","@id":"https:\/\/www.manaus.am.gov.br\/semasc\/#\/schema\/person\/image\/","url":"https:\/\/secure.gravatar.com\/avatar\/3c196cf9d3b837b24c8edb2c50fd8f29?s=96&d=mm&r=g","contentUrl":"https:\/\/secure.gravatar.com\/avatar\/3c196cf9d3b837b24c8edb2c50fd8f29?s=96&d=mm&r=g","caption":"Renata Felix"}}]}},"_links":{"self":[{"href":"https:\/\/www.manaus.am.gov.br\/semasc\/wp-json\/wp\/v2\/posts\/208914"}],"collection":[{"href":"https:\/\/www.manaus.am.gov.br\/semasc\/wp-json\/wp\/v2\/posts"}],"about":[{"href":"https:\/\/www.manaus.am.gov.br\/semasc\/wp-json\/wp\/v2\/types\/post"}],"author":[{"embeddable":true,"href":"https:\/\/www.manaus.am.gov.br\/semasc\/wp-json\/wp\/v2\/users\/31"}],"replies":[{"embeddable":true,"href":"https:\/\/www.manaus.am.gov.br\/semasc\/wp-json\/wp\/v2\/comments?post=208914"}],"version-history":[{"count":0,"href":"https:\/\/www.manaus.am.gov.br\/semasc\/wp-json\/wp\/v2\/posts\/208914\/revisions"}],"wp:featuredmedia":[{"embeddable":true,"href":"https:\/\/www.manaus.am.gov.br\/semasc\/wp-json\/wp\/v2\/media\/208915"}],"wp:attachment":[{"href":"https:\/\/www.manaus.am.gov.br\/semasc\/wp-json\/wp\/v2\/media?parent=208914"}],"wp:term":[{"taxonomy":"category","embeddable":true,"href":"https:\/\/www.manaus.am.gov.br\/semasc\/wp-json\/wp\/v2\/categories?post=208914"},{"taxonomy":"post_tag","embeddable":true,"href":"https:\/\/www.manaus.am.gov.br\/semasc\/wp-json\/wp\/v2\/tags?post=208914"}],"curies":[{"name":"wp","href":"https:\/\/api.w.org\/{rel}","templated":true}]}}