{"id":208912,"date":"2023-09-20T14:47:03","date_gmt":"2023-09-20T18:47:03","guid":{"rendered":"https:\/\/www.manaus.am.gov.br\/semasc\/prefeito-comemora-sucesso-social-do-soumanaus-2023-durante-entrega-simbolica-de-102-toneladas-de-alimentos-arrecadadas\/"},"modified":"2023-09-20T14:47:04","modified_gmt":"2023-09-20T18:47:04","slug":"prefeito-comemora-sucesso-social-do-soumanaus-2023-durante-entrega-simbolica-de-102-toneladas-de-alimentos-arrecadadas","status":"publish","type":"post","link":"https:\/\/www.manaus.am.gov.br\/semasc\/prefeito-comemora-sucesso-social-do-soumanaus-2023-durante-entrega-simbolica-de-102-toneladas-de-alimentos-arrecadadas\/","title":{"rendered":"<strong>Prefeito comemora sucesso social do \u2018#SouManaus 2023\u2019 durante entrega simb\u00f3lica de 102 toneladas de alimentos arrecadadas<\/strong>"},"content":{"rendered":"\n<p>O prefeito de Manaus, David Almeida, cumpriu, nesta quarta-feira, 20\/9, mais uma etapa importante do \u201c#SouManaus Passo a Pa\u00e7o 2023\u201d. Al\u00e9m do sucesso obtido durante os tr\u00eas dias de evento, o maior festival de artes integradas do Norte do Brasil segue fazendo hist\u00f3ria, desta vez, de cunho social, com a distribui\u00e7\u00e3o de 102 toneladas de alimentos arrecadadas durante a troca por pulseiras. A entrega simb\u00f3lica aconteceu na sede da Casa Militar, localizada na Vila da Prata, zona Oeste.<\/p>\n\n\n\n<p>Na ocasi\u00e3o, o prefeito David Almeida salientou a import\u00e2ncia e o sucesso do #SouManaus, uma vez que mais de 40 mil pessoas ser\u00e3o beneficiadas com esses alimentos arrecadados, que foram divididos em mais de 8 mil kits, que ser\u00e3o distribu\u00eddos para institui\u00e7\u00f5es de apoio social.<\/p>\n\n\n\n<p>\u201cQuero agradecer a popula\u00e7\u00e3o que nos auxiliou e ajudou no evento. Isso aqui faz parte daquela troca de alimentos por pulseiras e \u00e9 a finaliza\u00e7\u00e3o da parte social do evento. Ontem, tivemos o encerramento da parte ambiental com mais de 200 mil garrafas PETs de todos os tamanhos, que foram arrecadadas e doadas para associa\u00e7\u00e3o de catadores. N\u00f3s fizemos bem ao meio ambiente, agora fizemos bem \u00e0 popula\u00e7\u00e3o, com a entrega desses kits alimentares, frutos desse grande evento chamado #SouManaus\u201d, enfatizou Almeida.<\/p>\n\n\n\n<p>Realizado durante os dias 5, 6 e 7 de setembro, a edi\u00e7\u00e3o 2023 foi marcada pelos grandes espet\u00e1culos musicais proporcionados por cantores famosos como Humberto Gessinger, Zeca Pagodinho, Kevin o Cris, Marina Sena, e o DJ internacional David Guetta. No total, de acordo com dados da Funda\u00e7\u00e3o Municipal de Cultura, Turismo e Eventos (Manauscult), mais de 420 mil pessoas passaram pelo festival, que aconteceu no Centro Hist\u00f3rico de Manaus.<\/p>\n\n\n\n<p>Para o chefe do Executivo municipal, o festival cumpriu todos os seus objetivos, elevando o nome da capital amazonense e colocando a cidade na rota dos grandes eventos musicais do mundo.<\/p>\n\n\n\n<p>\u201cO evento cumpriu com a sua estrat\u00e9gia e o seu papel, que \u00e9 a parte social, ambiental, cultural, social e a gastronomia. S\u00e3o artes integradas e a\u00e7\u00f5es integradas. Vale destacar que seis toneladas de arroz ser\u00e3o distribu\u00eddas pelas cozinhas da prefeitura, que servem 1.200 pessoas por dia. Os demais itens v\u00e3o compor oito mil kits alimentares, que servem at\u00e9 40 mil pessoas por uma semana. O #SouManaus cumpre com todas as suas etapas de forma positiva. Assim podemos ver o tamanho e a import\u00e2ncia do evento #SouManaus. Isso nos d\u00e1 a sensa\u00e7\u00e3o de dever cumprido e nos desafia a superar em 2024 o que foi esse evento em 2023\u201d, ressaltou o prefeito.<\/p>\n\n\n\n<p>Nesta quarta-feira, por meio do Fundo Manaus Solid\u00e1ria (FMS) e da Secretaria Municipal da Mulher, Assist\u00eancia Social e Cidadania (Semasc),&nbsp;seis institui\u00e7\u00f5es foram beneficiadas com os kits. S\u00e3o elas: Borboletas Azuis; Espa\u00e7o de Atendimento Multidisciplinar ao Autista Amigo Ruy (EAMAAR); Coletivo de Mulheres da Cultura; Centro de Forma\u00e7\u00e3o Vida Alegre; Instituto do Alvorada do Estado do Amazonas; e Vila da Barra.<\/p>\n\n\n\n<p>Para o titular da Manauscult, Osvaldo Cardoso, os resultados obtidos pela edi\u00e7\u00e3o 2023 do #SouManaus credibilizam a Prefeitura de Manaus a al\u00e7ar novos voos e planejar um festival ainda maior para o pr\u00f3ximo ano.<\/p>\n\n\n\n<p>\u201cGra\u00e7as aos resultados obtidos pelo festival, n\u00e3o temos d\u00favidas que o #SouManaus foi o maior evento j\u00e1 realizado no nosso Estado. Tivemos tr\u00eas dias de uma grande festa e a popula\u00e7\u00e3o abra\u00e7ou, comemorou e se divertiu. S\u00e3o momentos que ficar\u00e3o para sempre na hist\u00f3ria da nossa cidade e a popula\u00e7\u00e3o pode ter certeza que isso s\u00f3 nos motiva a trabalhar mais, para que o evento de 2024 seja ainda maior\u201d, finalizou.<\/p>\n\n\n\n<p>&#8212; &#8212; &#8212;<\/p>\n\n\n\n<p><strong>Texto \u2013 <\/strong>Thiago Fernando \/ Semcom<\/p>\n\n\n\n<p><strong>Fotos \u2013 <\/strong>Ruan Souza \/ Semcom<\/p>\n\n\n\n<p><strong>Dispon\u00edveis em &#8211; <\/strong><a href=\"https:\/\/flic.kr\/s\/aHBqjAVqG8\">https:\/\/flic.kr\/s\/aHBqjAVqG8<\/a><\/p>\n","protected":false},"excerpt":{"rendered":"","protected":false},"author":39,"featured_media":208913,"comment_status":"closed","ping_status":"closed","sticky":false,"template":"","format":"standard","meta":{"footnotes":""},"categories":[383],"tags":[416,274,417,97,39,7,418,419],"acf":[],"yoast_head":"<!-- This site is optimized with the Yoast SEO plugin v23.0 - https:\/\/yoast.com\/wordpress\/plugins\/seo\/ -->\n<title>Prefeito comemora sucesso social do \u2018#SouManaus 2023\u2019 durante entrega simb\u00f3lica de 102 toneladas de alimentos arrecadadas<\/title>\n<meta name=\"description\" content=\"Al\u00e9m do sucesso obtido durante os tr\u00eas dias de evento, o maior festival de artes integradas do Norte do Brasil segue fazendo hist\u00f3ria, desta vez, de cunho social, com a distribui\u00e7\u00e3o de 102 toneladas de alimentos arrecadadas durante a troca por pulseiras.\" \/>\n<meta name=\"robots\" content=\"noindex, follow\" \/>\n<meta property=\"og:locale\" content=\"pt_BR\" \/>\n<meta property=\"og:type\" content=\"article\" \/>\n<meta property=\"og:title\" content=\"Prefeito comemora sucesso social do \u2018#SouManaus 2023\u2019 durante entrega simb\u00f3lica de 102 toneladas de alimentos arrecadadas\" \/>\n<meta property=\"og:description\" content=\"Al\u00e9m do sucesso obtido durante os tr\u00eas dias de evento, o maior festival de artes integradas do Norte do Brasil segue fazendo hist\u00f3ria, desta vez, de cunho social, com a distribui\u00e7\u00e3o de 102 toneladas de alimentos arrecadadas durante a troca por pulseiras.\" \/>\n<meta property=\"og:url\" content=\"https:\/\/www.manaus.am.gov.br\/semasc\/prefeito-comemora-sucesso-social-do-soumanaus-2023-durante-entrega-simbolica-de-102-toneladas-de-alimentos-arrecadadas\/\" \/>\n<meta property=\"og:site_name\" content=\"SEMASC\" \/>\n<meta property=\"article:publisher\" content=\"https:\/\/www.facebook.com\/semascmanaus\" \/>\n<meta property=\"article:published_time\" content=\"2023-09-20T18:47:03+00:00\" \/>\n<meta property=\"article:modified_time\" content=\"2023-09-20T18:47:04+00:00\" \/>\n<meta property=\"og:image\" content=\"https:\/\/www.manaus.am.gov.br\/semasc\/wp-content\/uploads\/sites\/17\/2023\/09\/53201678090_2c00e46a64_k.jpg\" \/>\n\t<meta property=\"og:image:width\" content=\"2047\" \/>\n\t<meta property=\"og:image:height\" content=\"1365\" \/>\n\t<meta property=\"og:image:type\" content=\"image\/jpeg\" \/>\n<meta name=\"author\" content=\"Bruna Greco\" \/>\n<meta name=\"twitter:card\" content=\"summary_large_image\" \/>\n<meta name=\"twitter:label1\" content=\"Written by\" \/>\n\t<meta name=\"twitter:data1\" content=\"Bruna Greco\" \/>\n\t<meta name=\"twitter:label2\" content=\"Est. reading time\" \/>\n\t<meta name=\"twitter:data2\" content=\"4 minutos\" \/>\n<script type=\"application\/ld+json\" class=\"yoast-schema-graph\">{\"@context\":\"https:\/\/schema.org\",\"@graph\":[{\"@type\":\"Article\",\"@id\":\"https:\/\/www.manaus.am.gov.br\/semasc\/prefeito-comemora-sucesso-social-do-soumanaus-2023-durante-entrega-simbolica-de-102-toneladas-de-alimentos-arrecadadas\/#article\",\"isPartOf\":{\"@id\":\"https:\/\/www.manaus.am.gov.br\/semasc\/prefeito-comemora-sucesso-social-do-soumanaus-2023-durante-entrega-simbolica-de-102-toneladas-de-alimentos-arrecadadas\/\"},\"author\":{\"name\":\"Bruna Greco\",\"@id\":\"https:\/\/www.manaus.am.gov.br\/semasc\/#\/schema\/person\/05d223aea2bf115f9883a6ff3683d81b\"},\"headline\":\"Prefeito comemora sucesso social do \u2018#SouManaus 2023\u2019 durante entrega simb\u00f3lica de 102 toneladas de alimentos arrecadadas\",\"datePublished\":\"2023-09-20T18:47:03+00:00\",\"dateModified\":\"2023-09-20T18:47:04+00:00\",\"mainEntityOfPage\":{\"@id\":\"https:\/\/www.manaus.am.gov.br\/semasc\/prefeito-comemora-sucesso-social-do-soumanaus-2023-durante-entrega-simbolica-de-102-toneladas-de-alimentos-arrecadadas\/\"},\"wordCount\":647,\"publisher\":{\"@id\":\"https:\/\/www.manaus.am.gov.br\/semasc\/#organization\"},\"image\":{\"@id\":\"https:\/\/www.manaus.am.gov.br\/semasc\/prefeito-comemora-sucesso-social-do-soumanaus-2023-durante-entrega-simbolica-de-102-toneladas-de-alimentos-arrecadadas\/#primaryimage\"},\"thumbnailUrl\":\"https:\/\/www.manaus.am.gov.br\/semasc\/wp-content\/uploads\/sites\/17\/2023\/09\/53201678090_2c00e46a64_k.jpg\",\"keywords\":[\"#SouManaus Passo a Pa\u00e7o 2023\",\"David Almeida\",\"entrega simb\u00f3lica de 102 toneladas de alimentos arrecadadas\",\"Manauscult\",\"prefeito de Manaus\",\"prefeitura de manaus\",\"seis institui\u00e7\u00f5es foram beneficiadas com os kits\",\"sucesso social\"],\"articleSection\":[\"#SouManaus\"],\"inLanguage\":\"pt-BR\"},{\"@type\":\"WebPage\",\"@id\":\"https:\/\/www.manaus.am.gov.br\/semasc\/prefeito-comemora-sucesso-social-do-soumanaus-2023-durante-entrega-simbolica-de-102-toneladas-de-alimentos-arrecadadas\/\",\"url\":\"https:\/\/www.manaus.am.gov.br\/semasc\/prefeito-comemora-sucesso-social-do-soumanaus-2023-durante-entrega-simbolica-de-102-toneladas-de-alimentos-arrecadadas\/\",\"name\":\"Prefeito comemora sucesso social do \u2018#SouManaus 2023\u2019 durante entrega simb\u00f3lica de 102 toneladas de alimentos arrecadadas\",\"isPartOf\":{\"@id\":\"https:\/\/www.manaus.am.gov.br\/semasc\/#website\"},\"primaryImageOfPage\":{\"@id\":\"https:\/\/www.manaus.am.gov.br\/semasc\/prefeito-comemora-sucesso-social-do-soumanaus-2023-durante-entrega-simbolica-de-102-toneladas-de-alimentos-arrecadadas\/#primaryimage\"},\"image\":{\"@id\":\"https:\/\/www.manaus.am.gov.br\/semasc\/prefeito-comemora-sucesso-social-do-soumanaus-2023-durante-entrega-simbolica-de-102-toneladas-de-alimentos-arrecadadas\/#primaryimage\"},\"thumbnailUrl\":\"https:\/\/www.manaus.am.gov.br\/semasc\/wp-content\/uploads\/sites\/17\/2023\/09\/53201678090_2c00e46a64_k.jpg\",\"datePublished\":\"2023-09-20T18:47:03+00:00\",\"dateModified\":\"2023-09-20T18:47:04+00:00\",\"description\":\"Al\u00e9m do sucesso obtido durante os tr\u00eas dias de evento, o maior festival de artes integradas do Norte do Brasil segue fazendo hist\u00f3ria, desta vez, de cunho social, com a distribui\u00e7\u00e3o de 102 toneladas de alimentos arrecadadas durante a troca por pulseiras.\",\"breadcrumb\":{\"@id\":\"https:\/\/www.manaus.am.gov.br\/semasc\/prefeito-comemora-sucesso-social-do-soumanaus-2023-durante-entrega-simbolica-de-102-toneladas-de-alimentos-arrecadadas\/#breadcrumb\"},\"inLanguage\":\"pt-BR\",\"potentialAction\":[{\"@type\":\"ReadAction\",\"target\":[\"https:\/\/www.manaus.am.gov.br\/semasc\/prefeito-comemora-sucesso-social-do-soumanaus-2023-durante-entrega-simbolica-de-102-toneladas-de-alimentos-arrecadadas\/\"]}]},{\"@type\":\"ImageObject\",\"inLanguage\":\"pt-BR\",\"@id\":\"https:\/\/www.manaus.am.gov.br\/semasc\/prefeito-comemora-sucesso-social-do-soumanaus-2023-durante-entrega-simbolica-de-102-toneladas-de-alimentos-arrecadadas\/#primaryimage\",\"url\":\"https:\/\/www.manaus.am.gov.br\/semasc\/wp-content\/uploads\/sites\/17\/2023\/09\/53201678090_2c00e46a64_k.jpg\",\"contentUrl\":\"https:\/\/www.manaus.am.gov.br\/semasc\/wp-content\/uploads\/sites\/17\/2023\/09\/53201678090_2c00e46a64_k.jpg\",\"width\":2047,\"height\":1365},{\"@type\":\"BreadcrumbList\",\"@id\":\"https:\/\/www.manaus.am.gov.br\/semasc\/prefeito-comemora-sucesso-social-do-soumanaus-2023-durante-entrega-simbolica-de-102-toneladas-de-alimentos-arrecadadas\/#breadcrumb\",\"itemListElement\":[{\"@type\":\"ListItem\",\"position\":1,\"name\":\"Home\",\"item\":\"https:\/\/www.manaus.am.gov.br\/semasc\/\"},{\"@type\":\"ListItem\",\"position\":2,\"name\":\"Prefeito comemora sucesso social do \u2018#SouManaus 2023\u2019 durante entrega simb\u00f3lica de 102 toneladas de alimentos arrecadadas\"}]},{\"@type\":\"WebSite\",\"@id\":\"https:\/\/www.manaus.am.gov.br\/semasc\/#website\",\"url\":\"https:\/\/www.manaus.am.gov.br\/semasc\/\",\"name\":\"SEMASC\",\"description\":\"Secretaria Municipal da Mulher, Assist\u00eancia Social e Cidadania.\",\"publisher\":{\"@id\":\"https:\/\/www.manaus.am.gov.br\/semasc\/#organization\"},\"alternateName\":\"Secretaria Municipal da Mulher, Assist\u00eancia Social e Cidadania\",\"potentialAction\":[{\"@type\":\"SearchAction\",\"target\":{\"@type\":\"EntryPoint\",\"urlTemplate\":\"https:\/\/www.manaus.am.gov.br\/semasc\/?s={search_term_string}\"},\"query-input\":\"required name=search_term_string\"}],\"inLanguage\":\"pt-BR\"},{\"@type\":\"Organization\",\"@id\":\"https:\/\/www.manaus.am.gov.br\/semasc\/#organization\",\"name\":\"Prefeitura de Manaus\",\"alternateName\":\"Prefeitura Municipal de Manaus\",\"url\":\"https:\/\/www.manaus.am.gov.br\/semasc\/\",\"logo\":{\"@type\":\"ImageObject\",\"inLanguage\":\"pt-BR\",\"@id\":\"https:\/\/www.manaus.am.gov.br\/semasc\/#\/schema\/logo\/image\/\",\"url\":\"https:\/\/www.manaus.am.gov.br\/semasc\/wp-content\/uploads\/sites\/17\/2024\/07\/favicon.png\",\"contentUrl\":\"https:\/\/www.manaus.am.gov.br\/semasc\/wp-content\/uploads\/sites\/17\/2024\/07\/favicon.png\",\"width\":300,\"height\":300,\"caption\":\"Prefeitura de Manaus\"},\"image\":{\"@id\":\"https:\/\/www.manaus.am.gov.br\/semasc\/#\/schema\/logo\/image\/\"},\"sameAs\":[\"https:\/\/www.facebook.com\/semascmanaus\",\"https:\/\/www.instagram.com\/semascmanaus\/\"]},{\"@type\":\"Person\",\"@id\":\"https:\/\/www.manaus.am.gov.br\/semasc\/#\/schema\/person\/05d223aea2bf115f9883a6ff3683d81b\",\"name\":\"Bruna Greco\",\"image\":{\"@type\":\"ImageObject\",\"inLanguage\":\"pt-BR\",\"@id\":\"https:\/\/www.manaus.am.gov.br\/semasc\/#\/schema\/person\/image\/\",\"url\":\"https:\/\/secure.gravatar.com\/avatar\/9c877d1a6adc2a055330e5c09a8653ce?s=96&d=mm&r=g\",\"contentUrl\":\"https:\/\/secure.gravatar.com\/avatar\/9c877d1a6adc2a055330e5c09a8653ce?s=96&d=mm&r=g\",\"caption\":\"Bruna Greco\"}}]}<\/script>\n<!-- \/ Yoast SEO plugin. -->","yoast_head_json":{"title":"Prefeito comemora sucesso social do \u2018#SouManaus 2023\u2019 durante entrega simb\u00f3lica de 102 toneladas de alimentos arrecadadas","description":"Al\u00e9m do sucesso obtido durante os tr\u00eas dias de evento, o maior festival de artes integradas do Norte do Brasil segue fazendo hist\u00f3ria, desta vez, de cunho social, com a distribui\u00e7\u00e3o de 102 toneladas de alimentos arrecadadas durante a troca por pulseiras.","robots":{"index":"noindex","follow":"follow"},"og_locale":"pt_BR","og_type":"article","og_title":"Prefeito comemora sucesso social do \u2018#SouManaus 2023\u2019 durante entrega simb\u00f3lica de 102 toneladas de alimentos arrecadadas","og_description":"Al\u00e9m do sucesso obtido durante os tr\u00eas dias de evento, o maior festival de artes integradas do Norte do Brasil segue fazendo hist\u00f3ria, desta vez, de cunho social, com a distribui\u00e7\u00e3o de 102 toneladas de alimentos arrecadadas durante a troca por pulseiras.","og_url":"https:\/\/www.manaus.am.gov.br\/semasc\/prefeito-comemora-sucesso-social-do-soumanaus-2023-durante-entrega-simbolica-de-102-toneladas-de-alimentos-arrecadadas\/","og_site_name":"SEMASC","article_publisher":"https:\/\/www.facebook.com\/semascmanaus","article_published_time":"2023-09-20T18:47:03+00:00","article_modified_time":"2023-09-20T18:47:04+00:00","og_image":[{"width":2047,"height":1365,"url":"https:\/\/www.manaus.am.gov.br\/semasc\/wp-content\/uploads\/sites\/17\/2023\/09\/53201678090_2c00e46a64_k.jpg","type":"image\/jpeg"}],"author":"Bruna Greco","twitter_card":"summary_large_image","twitter_misc":{"Written by":"Bruna Greco","Est. reading time":"4 minutos"},"schema":{"@context":"https:\/\/schema.org","@graph":[{"@type":"Article","@id":"https:\/\/www.manaus.am.gov.br\/semasc\/prefeito-comemora-sucesso-social-do-soumanaus-2023-durante-entrega-simbolica-de-102-toneladas-de-alimentos-arrecadadas\/#article","isPartOf":{"@id":"https:\/\/www.manaus.am.gov.br\/semasc\/prefeito-comemora-sucesso-social-do-soumanaus-2023-durante-entrega-simbolica-de-102-toneladas-de-alimentos-arrecadadas\/"},"author":{"name":"Bruna Greco","@id":"https:\/\/www.manaus.am.gov.br\/semasc\/#\/schema\/person\/05d223aea2bf115f9883a6ff3683d81b"},"headline":"Prefeito comemora sucesso social do \u2018#SouManaus 2023\u2019 durante entrega simb\u00f3lica de 102 toneladas de alimentos arrecadadas","datePublished":"2023-09-20T18:47:03+00:00","dateModified":"2023-09-20T18:47:04+00:00","mainEntityOfPage":{"@id":"https:\/\/www.manaus.am.gov.br\/semasc\/prefeito-comemora-sucesso-social-do-soumanaus-2023-durante-entrega-simbolica-de-102-toneladas-de-alimentos-arrecadadas\/"},"wordCount":647,"publisher":{"@id":"https:\/\/www.manaus.am.gov.br\/semasc\/#organization"},"image":{"@id":"https:\/\/www.manaus.am.gov.br\/semasc\/prefeito-comemora-sucesso-social-do-soumanaus-2023-durante-entrega-simbolica-de-102-toneladas-de-alimentos-arrecadadas\/#primaryimage"},"thumbnailUrl":"https:\/\/www.manaus.am.gov.br\/semasc\/wp-content\/uploads\/sites\/17\/2023\/09\/53201678090_2c00e46a64_k.jpg","keywords":["#SouManaus Passo a Pa\u00e7o 2023","David Almeida","entrega simb\u00f3lica de 102 toneladas de alimentos arrecadadas","Manauscult","prefeito de Manaus","prefeitura de manaus","seis institui\u00e7\u00f5es foram beneficiadas com os kits","sucesso social"],"articleSection":["#SouManaus"],"inLanguage":"pt-BR"},{"@type":"WebPage","@id":"https:\/\/www.manaus.am.gov.br\/semasc\/prefeito-comemora-sucesso-social-do-soumanaus-2023-durante-entrega-simbolica-de-102-toneladas-de-alimentos-arrecadadas\/","url":"https:\/\/www.manaus.am.gov.br\/semasc\/prefeito-comemora-sucesso-social-do-soumanaus-2023-durante-entrega-simbolica-de-102-toneladas-de-alimentos-arrecadadas\/","name":"Prefeito comemora sucesso social do \u2018#SouManaus 2023\u2019 durante entrega simb\u00f3lica de 102 toneladas de alimentos arrecadadas","isPartOf":{"@id":"https:\/\/www.manaus.am.gov.br\/semasc\/#website"},"primaryImageOfPage":{"@id":"https:\/\/www.manaus.am.gov.br\/semasc\/prefeito-comemora-sucesso-social-do-soumanaus-2023-durante-entrega-simbolica-de-102-toneladas-de-alimentos-arrecadadas\/#primaryimage"},"image":{"@id":"https:\/\/www.manaus.am.gov.br\/semasc\/prefeito-comemora-sucesso-social-do-soumanaus-2023-durante-entrega-simbolica-de-102-toneladas-de-alimentos-arrecadadas\/#primaryimage"},"thumbnailUrl":"https:\/\/www.manaus.am.gov.br\/semasc\/wp-content\/uploads\/sites\/17\/2023\/09\/53201678090_2c00e46a64_k.jpg","datePublished":"2023-09-20T18:47:03+00:00","dateModified":"2023-09-20T18:47:04+00:00","description":"Al\u00e9m do sucesso obtido durante os tr\u00eas dias de evento, o maior festival de artes integradas do Norte do Brasil segue fazendo hist\u00f3ria, desta vez, de cunho social, com a distribui\u00e7\u00e3o de 102 toneladas de alimentos arrecadadas durante a troca por pulseiras.","breadcrumb":{"@id":"https:\/\/www.manaus.am.gov.br\/semasc\/prefeito-comemora-sucesso-social-do-soumanaus-2023-durante-entrega-simbolica-de-102-toneladas-de-alimentos-arrecadadas\/#breadcrumb"},"inLanguage":"pt-BR","potentialAction":[{"@type":"ReadAction","target":["https:\/\/www.manaus.am.gov.br\/semasc\/prefeito-comemora-sucesso-social-do-soumanaus-2023-durante-entrega-simbolica-de-102-toneladas-de-alimentos-arrecadadas\/"]}]},{"@type":"ImageObject","inLanguage":"pt-BR","@id":"https:\/\/www.manaus.am.gov.br\/semasc\/prefeito-comemora-sucesso-social-do-soumanaus-2023-durante-entrega-simbolica-de-102-toneladas-de-alimentos-arrecadadas\/#primaryimage","url":"https:\/\/www.manaus.am.gov.br\/semasc\/wp-content\/uploads\/sites\/17\/2023\/09\/53201678090_2c00e46a64_k.jpg","contentUrl":"https:\/\/www.manaus.am.gov.br\/semasc\/wp-content\/uploads\/sites\/17\/2023\/09\/53201678090_2c00e46a64_k.jpg","width":2047,"height":1365},{"@type":"BreadcrumbList","@id":"https:\/\/www.manaus.am.gov.br\/semasc\/prefeito-comemora-sucesso-social-do-soumanaus-2023-durante-entrega-simbolica-de-102-toneladas-de-alimentos-arrecadadas\/#breadcrumb","itemListElement":[{"@type":"ListItem","position":1,"name":"Home","item":"https:\/\/www.manaus.am.gov.br\/semasc\/"},{"@type":"ListItem","position":2,"name":"Prefeito comemora sucesso social do \u2018#SouManaus 2023\u2019 durante entrega simb\u00f3lica de 102 toneladas de alimentos arrecadadas"}]},{"@type":"WebSite","@id":"https:\/\/www.manaus.am.gov.br\/semasc\/#website","url":"https:\/\/www.manaus.am.gov.br\/semasc\/","name":"SEMASC","description":"Secretaria Municipal da Mulher, Assist\u00eancia Social e Cidadania.","publisher":{"@id":"https:\/\/www.manaus.am.gov.br\/semasc\/#organization"},"alternateName":"Secretaria Municipal da Mulher, Assist\u00eancia Social e Cidadania","potentialAction":[{"@type":"SearchAction","target":{"@type":"EntryPoint","urlTemplate":"https:\/\/www.manaus.am.gov.br\/semasc\/?s={search_term_string}"},"query-input":"required name=search_term_string"}],"inLanguage":"pt-BR"},{"@type":"Organization","@id":"https:\/\/www.manaus.am.gov.br\/semasc\/#organization","name":"Prefeitura de Manaus","alternateName":"Prefeitura Municipal de Manaus","url":"https:\/\/www.manaus.am.gov.br\/semasc\/","logo":{"@type":"ImageObject","inLanguage":"pt-BR","@id":"https:\/\/www.manaus.am.gov.br\/semasc\/#\/schema\/logo\/image\/","url":"https:\/\/www.manaus.am.gov.br\/semasc\/wp-content\/uploads\/sites\/17\/2024\/07\/favicon.png","contentUrl":"https:\/\/www.manaus.am.gov.br\/semasc\/wp-content\/uploads\/sites\/17\/2024\/07\/favicon.png","width":300,"height":300,"caption":"Prefeitura de Manaus"},"image":{"@id":"https:\/\/www.manaus.am.gov.br\/semasc\/#\/schema\/logo\/image\/"},"sameAs":["https:\/\/www.facebook.com\/semascmanaus","https:\/\/www.instagram.com\/semascmanaus\/"]},{"@type":"Person","@id":"https:\/\/www.manaus.am.gov.br\/semasc\/#\/schema\/person\/05d223aea2bf115f9883a6ff3683d81b","name":"Bruna Greco","image":{"@type":"ImageObject","inLanguage":"pt-BR","@id":"https:\/\/www.manaus.am.gov.br\/semasc\/#\/schema\/person\/image\/","url":"https:\/\/secure.gravatar.com\/avatar\/9c877d1a6adc2a055330e5c09a8653ce?s=96&d=mm&r=g","contentUrl":"https:\/\/secure.gravatar.com\/avatar\/9c877d1a6adc2a055330e5c09a8653ce?s=96&d=mm&r=g","caption":"Bruna Greco"}}]}},"_links":{"self":[{"href":"https:\/\/www.manaus.am.gov.br\/semasc\/wp-json\/wp\/v2\/posts\/208912"}],"collection":[{"href":"https:\/\/www.manaus.am.gov.br\/semasc\/wp-json\/wp\/v2\/posts"}],"about":[{"href":"https:\/\/www.manaus.am.gov.br\/semasc\/wp-json\/wp\/v2\/types\/post"}],"author":[{"embeddable":true,"href":"https:\/\/www.manaus.am.gov.br\/semasc\/wp-json\/wp\/v2\/users\/39"}],"replies":[{"embeddable":true,"href":"https:\/\/www.manaus.am.gov.br\/semasc\/wp-json\/wp\/v2\/comments?post=208912"}],"version-history":[{"count":0,"href":"https:\/\/www.manaus.am.gov.br\/semasc\/wp-json\/wp\/v2\/posts\/208912\/revisions"}],"wp:featuredmedia":[{"embeddable":true,"href":"https:\/\/www.manaus.am.gov.br\/semasc\/wp-json\/wp\/v2\/media\/208913"}],"wp:attachment":[{"href":"https:\/\/www.manaus.am.gov.br\/semasc\/wp-json\/wp\/v2\/media?parent=208912"}],"wp:term":[{"taxonomy":"category","embeddable":true,"href":"https:\/\/www.manaus.am.gov.br\/semasc\/wp-json\/wp\/v2\/categories?post=208912"},{"taxonomy":"post_tag","embeddable":true,"href":"https:\/\/www.manaus.am.gov.br\/semasc\/wp-json\/wp\/v2\/tags?post=208912"}],"curies":[{"name":"wp","href":"https:\/\/api.w.org\/{rel}","templated":true}]}}