{"id":208905,"date":"2023-09-19T15:40:49","date_gmt":"2023-09-19T19:40:49","guid":{"rendered":"https:\/\/www.manaus.am.gov.br\/semasc\/prefeitura-garante-seguranca-alimentar-e-mais-de-15-milhao-de-refeicoes-sao-distribuidas-a-familias-em-vulnerabilidade-social\/"},"modified":"2023-09-19T15:40:49","modified_gmt":"2023-09-19T19:40:49","slug":"prefeitura-garante-seguranca-alimentar-e-mais-de-15-milhao-de-refeicoes-sao-distribuidas-a-familias-em-vulnerabilidade-social","status":"publish","type":"post","link":"https:\/\/www.manaus.am.gov.br\/semasc\/prefeitura-garante-seguranca-alimentar-e-mais-de-15-milhao-de-refeicoes-sao-distribuidas-a-familias-em-vulnerabilidade-social\/","title":{"rendered":"<strong>Prefeitura garante seguran\u00e7a alimentar e mais de 1,5 milh\u00e3o de refei\u00e7\u00f5es s\u00e3o distribu\u00eddas a fam\u00edlias em vulnerabilidade social<\/strong>"},"content":{"rendered":"\n<figure class=\"wp-block-image size-full\"><img decoding=\"async\" src=\"https:\/\/www.manaus.am.gov.br\/wp-content\/uploads\/2023\/09\/selo1000dias.png\" alt=\"\" class=\"wp-image-227963\" \/><\/figure>\n\n\n\n<p>A seguran\u00e7a alimentar e nutricional da popula\u00e7\u00e3o tamb\u00e9m ganhou novos ares na cidade nesses 1.000 dias de gest\u00e3o do prefeito David Almeida. Gra\u00e7as \u00e0 atua\u00e7\u00e3o di\u00e1ria das seis cozinhas comunit\u00e1rias presentes no munic\u00edpio,\u00a0dois restaurantes populares e um Prato do Povo,\u00a0equipamentos\u00a0socioassistenciais respons\u00e1veis pela promo\u00e7\u00e3o da melhoria das condi\u00e7\u00f5es de nutri\u00e7\u00e3o e acesso \u00e0 alimenta\u00e7\u00e3o de qualidade para a popula\u00e7\u00e3o de baixa renda, mais de 1,5 milh\u00e3o de refei\u00e7\u00f5es gratuitas foram distribu\u00eddas a fam\u00edlias em\u00a0estado de vulnerabilidade social nesse per\u00edodo.\u00a0<\/p>\n\n\n\n<p>Na parte estrutural, as cozinhas comunit\u00e1rias Vila da Felicidade e Santo Agostinho, localizadas nas zonas Sul e Oeste, respectivamente, passaram por revitaliza\u00e7\u00f5es completas, com o objetivo de melhor atender \u00e0s demandas da popula\u00e7\u00e3o.\u00a0<\/p>\n\n\n\n<figure class=\"wp-block-image size-full\"><img loading=\"lazy\" decoding=\"async\" width=\"799\" height=\"450\" src=\"https:\/\/www.manaus.am.gov.br\/semasc\/wp-content\/uploads\/sites\/17\/2023\/09\/WhatsApp-Image-2023-09-19-at-12.15.50-1.jpeg\" alt=\"\" class=\"wp-image-208907\" srcset=\"https:\/\/www.manaus.am.gov.br\/semasc\/wp-content\/uploads\/sites\/17\/2023\/09\/WhatsApp-Image-2023-09-19-at-12.15.50-1.jpeg 799w, https:\/\/www.manaus.am.gov.br\/semasc\/wp-content\/uploads\/sites\/17\/2023\/09\/WhatsApp-Image-2023-09-19-at-12.15.50-1-300x169.jpeg 300w, https:\/\/www.manaus.am.gov.br\/semasc\/wp-content\/uploads\/sites\/17\/2023\/09\/WhatsApp-Image-2023-09-19-at-12.15.50-1-768x433.jpeg 768w\" sizes=\"(max-width: 799px) 100vw, 799px\" \/><\/figure>\n\n\n\n<p>Cozinheira da cozinha comunit\u00e1ria Santo Agostinho, Ant\u00f4nia Batista de Souza se emocionou ao falar do pr\u00f3prio trabalho, enquanto agradecia \u00e0s in\u00fameras reformas realizadas na estrutura do equipamento.<\/p>\n\n\n\n<p>\u201cT\u00eam pessoas que chegam aqui em situa\u00e7\u00e3o de quebrar o cora\u00e7\u00e3o, pessoas que n\u00e3o t\u00eam o que comer, pessoas que sofrem muito todos os dias, mas que quando chegam aqui, v\u00eam com um sorriso no rosto, pois sabem que aqui eu e minhas colegas vamos atend\u00ea-los com amor. Isso, para mim, \u00e9 gratid\u00e3o. A fome d\u00f3i, s\u00f3 quem j\u00e1 sentiu sabe, e por isso aqui tratamos todos bem, por isso trabalhamos servindo tudo direitinho, o almo\u00e7o, o suco, as frutas, tudo mesmo\u201d, afirmou.<\/p>\n\n\n\n<p>Para o prefeito de Manaus, essas cozinhas comunit\u00e1rias e restaurantes populares t\u00eam papel fundamental na vida de milhares de fam\u00edlias que n\u00e3o t\u00eam seu alimento garantido diariamente. \u201cSeguran\u00e7a alimentar \u00e9 um direito do cidad\u00e3o. A fome \u00e9 um problema social que precisa ser resolvido, de forma emergencial, com alimentos, mas depois com trabalho e dignidade. Ficamos felizes em poder proporcionar a entrega de mais de 1,5 milh\u00e3o de refei\u00e7\u00f5es nesses 1.000 dias de gest\u00e3o. Um\u00a0atendimento humanizado, fruto de trabalho com muito amor e carinho por parte de nossas equipes\u00a0da Semasc\u201d, declarou David Almeida.<\/p>\n\n\n\n<figure class=\"wp-block-image size-full\"><img loading=\"lazy\" decoding=\"async\" width=\"799\" height=\"533\" src=\"https:\/\/www.manaus.am.gov.br\/semasc\/wp-content\/uploads\/sites\/17\/2023\/09\/52958667650_7ee6ea4846_c.jpg\" alt=\"\" class=\"wp-image-208906\" srcset=\"https:\/\/www.manaus.am.gov.br\/semasc\/wp-content\/uploads\/sites\/17\/2023\/09\/52958667650_7ee6ea4846_c.jpg 799w, https:\/\/www.manaus.am.gov.br\/semasc\/wp-content\/uploads\/sites\/17\/2023\/09\/52958667650_7ee6ea4846_c-300x200.jpg 300w, https:\/\/www.manaus.am.gov.br\/semasc\/wp-content\/uploads\/sites\/17\/2023\/09\/52958667650_7ee6ea4846_c-768x512.jpg 768w\" sizes=\"(max-width: 799px) 100vw, 799px\" \/><\/figure>\n\n\n\n<p><strong>Manaus Mais Cidad\u00e3<\/strong><\/p>\n\n\n\n<p>O programa \u201cManaus Mais Cidad\u00e3\u201d foi idealizado como uma forma de aproximar a gest\u00e3o municipal da popula\u00e7\u00e3o, ofertando em um \u00fanico espa\u00e7o uma s\u00e9rie de servi\u00e7os gratuitos e essenciais, como emiss\u00e3o de documentos, inser\u00e7\u00e3o no Cadastro \u00danico e servi\u00e7os de sa\u00fade. Mas, o que \u00e9 bom, sempre pode ficar ainda melhor.&nbsp;<\/p>\n\n\n\n<p>Ap\u00f3s 80 edi\u00e7\u00f5es do mutir\u00e3o de cidadania realizado em todas as zonas da cidade entre os anos de 2021 e 2022, a prefeitura decidiu reformular o formato do \u201cManaus Mais Cidad\u00e3\u201d e expandir seu tamanho e import\u00e2ncia.\u00a0<\/p>\n\n\n\n<figure class=\"wp-block-image size-full\"><img loading=\"lazy\" decoding=\"async\" width=\"799\" height=\"533\" src=\"https:\/\/www.manaus.am.gov.br\/semasc\/wp-content\/uploads\/sites\/17\/2023\/09\/53031974285_3a1e2f32b6_c.jpg\" alt=\"\" class=\"wp-image-208908\" srcset=\"https:\/\/www.manaus.am.gov.br\/semasc\/wp-content\/uploads\/sites\/17\/2023\/09\/53031974285_3a1e2f32b6_c.jpg 799w, https:\/\/www.manaus.am.gov.br\/semasc\/wp-content\/uploads\/sites\/17\/2023\/09\/53031974285_3a1e2f32b6_c-300x200.jpg 300w, https:\/\/www.manaus.am.gov.br\/semasc\/wp-content\/uploads\/sites\/17\/2023\/09\/53031974285_3a1e2f32b6_c-768x512.jpg 768w\" sizes=\"(max-width: 799px) 100vw, 799px\" \/><\/figure>\n\n\n\n<p>Com o novo formato, todas as secretarias municipais participaram do projeto, oferecendo servi\u00e7os de orienta\u00e7\u00f5es relacionados \u00e0s pol\u00edticas p\u00fablicas, contando ainda com o apoio de parceiros do governo do Estado, ag\u00eancias da ONU e cada vez mais Organiza\u00e7\u00f5es da Sociedade Civil (OSCs) dispostas a colaborar, somando mais de 30 parceiros e uma m\u00e9dia de cem servi\u00e7os totalmente gratuitos oferecidos \u00e0 popula\u00e7\u00e3o em cada uma das a\u00e7\u00f5es.&nbsp;<\/p>\n\n\n\n<p>\u201cPara as pessoas que, normalmente, n\u00e3o conseguem se dirigir at\u00e9 as secretarias e outras unidades de atendimento por conta de dificuldades log\u00edsticas e sociais, o \u2018Manaus Mais Cidad\u00e3\u2019 vem para ser uma alternativa, por reunir, no mesmo local, v\u00e1rios servi\u00e7os. Acessibilizar e levar&nbsp;&nbsp;\u00e0 plena cidadania a todos \u00e9, definitivamente, a principal miss\u00e3o da Prefeitura de Manaus e a popula\u00e7\u00e3o pode ver isso muito bem hoje\u201d, destacou o secret\u00e1rio da Semasc, Eduardo Lucas.<\/p>\n\n\n\n<p>A primeira edi\u00e7\u00e3o do \u201cManaus Mais Cidad\u00e3\u201d, em seu novo formato, foi realizada no dia 25 de mar\u00e7o de 2023, na escola municipal Frei M\u00e1rio Monacelli de Grello, no bairro Col\u00f4nia Ant\u00f4nio Aleixo, na zona Leste, atendendo mais de 2 mil pessoas ao longo do dia. Desde ent\u00e3o, mais quatro edi\u00e7\u00f5es da a\u00e7\u00e3o foram realizadas nas zonas Leste, Oeste e Norte da cidade, com o n\u00famero de pessoas atendidas aumentando a cada a\u00e7\u00e3o realizada e somando mais de 80 mil atendimentos somente entre mar\u00e7o e agosto deste ano.&nbsp;<\/p>\n\n\n\n<p>Uma das fam\u00edlias beneficiadas pelas a\u00e7\u00f5es do &#8220;Manaus Mais Cidad\u00e3&#8221; foi a de Ingrid Braga, que desde 2020 corria atr\u00e1s da emiss\u00e3o da Certid\u00e3o de Nascimento de sua filha ca\u00e7ula, a pequena Lumina. Sem perder tempo, a dona de casa logo aproveitou a participa\u00e7\u00e3o do Cart\u00f3rio do 5\u00b0 Of\u00edcio de Registro Civil de Pessoas Naturais de Manaus no mutir\u00e3o, e o al\u00edvio finalmente veio.<\/p>\n\n\n\n<p>\u201cFoi uma luta para conseguir, mas finalmente conseguimos e foi um al\u00edvio. O atendimento foi \u00f3timo, foi r\u00e1pido, gostei bastante, muito bom mesmo\u201d, afirmou.<\/p>\n\n\n\n<p>&#8212;-<\/p>\n\n\n\n<p><strong>Texto \u2013<\/strong> Guilherme Pacheco \/ Semasc<\/p>\n\n\n\n<p><strong>Fotos \u2013<\/strong>&nbsp;Divulga\u00e7\u00e3o \/ Semcom<\/p>\n","protected":false},"excerpt":{"rendered":"","protected":false},"author":52,"featured_media":208910,"comment_status":"closed","ping_status":"closed","sticky":false,"template":"","format":"standard","meta":{"footnotes":""},"categories":[410],"tags":[415,7,392,18],"acf":[],"yoast_head":"<!-- This site is optimized with the Yoast SEO plugin v23.0 - https:\/\/yoast.com\/wordpress\/plugins\/seo\/ -->\n<title>Prefeitura garante seguran\u00e7a alimentar e mais de 1,5 milh\u00e3o de refei\u00e7\u00f5es s\u00e3o distribu\u00eddas a fam\u00edlias em vulnerabilidade social<\/title>\n<meta name=\"description\" content=\"A seguran\u00e7a alimentar e nutricional da popula\u00e7\u00e3o tamb\u00e9m ganhou novos ares na cidade nesses 1.000 dias de gest\u00e3o do prefeito David Almeida.\" \/>\n<meta name=\"robots\" content=\"noindex, follow\" \/>\n<meta property=\"og:locale\" content=\"pt_BR\" \/>\n<meta property=\"og:type\" content=\"article\" \/>\n<meta property=\"og:title\" content=\"Prefeitura garante seguran\u00e7a alimentar e mais de 1,5 milh\u00e3o de refei\u00e7\u00f5es s\u00e3o distribu\u00eddas a fam\u00edlias em vulnerabilidade social\" \/>\n<meta property=\"og:description\" content=\"A seguran\u00e7a alimentar e nutricional da popula\u00e7\u00e3o tamb\u00e9m ganhou novos ares na cidade nesses 1.000 dias de gest\u00e3o do prefeito David Almeida.\" \/>\n<meta property=\"og:url\" content=\"https:\/\/www.manaus.am.gov.br\/semasc\/prefeitura-garante-seguranca-alimentar-e-mais-de-15-milhao-de-refeicoes-sao-distribuidas-a-familias-em-vulnerabilidade-social\/\" \/>\n<meta property=\"og:site_name\" content=\"SEMASC\" \/>\n<meta property=\"article:publisher\" content=\"https:\/\/www.facebook.com\/semascmanaus\" \/>\n<meta property=\"article:published_time\" content=\"2023-09-19T19:40:49+00:00\" \/>\n<meta property=\"og:image\" content=\"https:\/\/www.manaus.am.gov.br\/semasc\/wp-content\/uploads\/sites\/17\/2023\/09\/9f736c4f-f8f0-455d-8247-26e3cd99d8c9.jpg\" \/>\n\t<meta property=\"og:image:width\" content=\"823\" \/>\n\t<meta property=\"og:image:height\" content=\"592\" \/>\n\t<meta property=\"og:image:type\" content=\"image\/jpeg\" \/>\n<meta name=\"author\" content=\"csilveira\" \/>\n<meta name=\"twitter:card\" content=\"summary_large_image\" \/>\n<meta name=\"twitter:label1\" content=\"Written by\" \/>\n\t<meta name=\"twitter:data1\" content=\"csilveira\" \/>\n\t<meta name=\"twitter:label2\" content=\"Est. reading time\" \/>\n\t<meta name=\"twitter:data2\" content=\"5 minutos\" \/>\n<script type=\"application\/ld+json\" class=\"yoast-schema-graph\">{\"@context\":\"https:\/\/schema.org\",\"@graph\":[{\"@type\":\"Article\",\"@id\":\"https:\/\/www.manaus.am.gov.br\/semasc\/prefeitura-garante-seguranca-alimentar-e-mais-de-15-milhao-de-refeicoes-sao-distribuidas-a-familias-em-vulnerabilidade-social\/#article\",\"isPartOf\":{\"@id\":\"https:\/\/www.manaus.am.gov.br\/semasc\/prefeitura-garante-seguranca-alimentar-e-mais-de-15-milhao-de-refeicoes-sao-distribuidas-a-familias-em-vulnerabilidade-social\/\"},\"author\":{\"name\":\"csilveira\",\"@id\":\"https:\/\/www.manaus.am.gov.br\/semasc\/#\/schema\/person\/bfafc779be2e19b3d3ef4a59d418b606\"},\"headline\":\"Prefeitura garante seguran\u00e7a alimentar e mais de 1,5 milh\u00e3o de refei\u00e7\u00f5es s\u00e3o distribu\u00eddas a fam\u00edlias em vulnerabilidade social\",\"datePublished\":\"2023-09-19T19:40:49+00:00\",\"dateModified\":\"2023-09-19T19:40:49+00:00\",\"mainEntityOfPage\":{\"@id\":\"https:\/\/www.manaus.am.gov.br\/semasc\/prefeitura-garante-seguranca-alimentar-e-mais-de-15-milhao-de-refeicoes-sao-distribuidas-a-familias-em-vulnerabilidade-social\/\"},\"wordCount\":842,\"publisher\":{\"@id\":\"https:\/\/www.manaus.am.gov.br\/semasc\/#organization\"},\"image\":{\"@id\":\"https:\/\/www.manaus.am.gov.br\/semasc\/prefeitura-garante-seguranca-alimentar-e-mais-de-15-milhao-de-refeicoes-sao-distribuidas-a-familias-em-vulnerabilidade-social\/#primaryimage\"},\"thumbnailUrl\":\"https:\/\/www.manaus.am.gov.br\/semasc\/wp-content\/uploads\/sites\/17\/2023\/09\/9f736c4f-f8f0-455d-8247-26e3cd99d8c9.jpg\",\"keywords\":[\"assist\u00eancial social\",\"prefeitura de manaus\",\"Seguran\u00e7a Alimentar\",\"Semasc\"],\"articleSection\":[\"1.000 Dias\"],\"inLanguage\":\"pt-BR\"},{\"@type\":\"WebPage\",\"@id\":\"https:\/\/www.manaus.am.gov.br\/semasc\/prefeitura-garante-seguranca-alimentar-e-mais-de-15-milhao-de-refeicoes-sao-distribuidas-a-familias-em-vulnerabilidade-social\/\",\"url\":\"https:\/\/www.manaus.am.gov.br\/semasc\/prefeitura-garante-seguranca-alimentar-e-mais-de-15-milhao-de-refeicoes-sao-distribuidas-a-familias-em-vulnerabilidade-social\/\",\"name\":\"Prefeitura garante seguran\u00e7a alimentar e mais de 1,5 milh\u00e3o de refei\u00e7\u00f5es s\u00e3o distribu\u00eddas a fam\u00edlias em vulnerabilidade social\",\"isPartOf\":{\"@id\":\"https:\/\/www.manaus.am.gov.br\/semasc\/#website\"},\"primaryImageOfPage\":{\"@id\":\"https:\/\/www.manaus.am.gov.br\/semasc\/prefeitura-garante-seguranca-alimentar-e-mais-de-15-milhao-de-refeicoes-sao-distribuidas-a-familias-em-vulnerabilidade-social\/#primaryimage\"},\"image\":{\"@id\":\"https:\/\/www.manaus.am.gov.br\/semasc\/prefeitura-garante-seguranca-alimentar-e-mais-de-15-milhao-de-refeicoes-sao-distribuidas-a-familias-em-vulnerabilidade-social\/#primaryimage\"},\"thumbnailUrl\":\"https:\/\/www.manaus.am.gov.br\/semasc\/wp-content\/uploads\/sites\/17\/2023\/09\/9f736c4f-f8f0-455d-8247-26e3cd99d8c9.jpg\",\"datePublished\":\"2023-09-19T19:40:49+00:00\",\"dateModified\":\"2023-09-19T19:40:49+00:00\",\"description\":\"A seguran\u00e7a alimentar e nutricional da popula\u00e7\u00e3o tamb\u00e9m ganhou novos ares na cidade nesses 1.000 dias de gest\u00e3o do prefeito David Almeida.\",\"breadcrumb\":{\"@id\":\"https:\/\/www.manaus.am.gov.br\/semasc\/prefeitura-garante-seguranca-alimentar-e-mais-de-15-milhao-de-refeicoes-sao-distribuidas-a-familias-em-vulnerabilidade-social\/#breadcrumb\"},\"inLanguage\":\"pt-BR\",\"potentialAction\":[{\"@type\":\"ReadAction\",\"target\":[\"https:\/\/www.manaus.am.gov.br\/semasc\/prefeitura-garante-seguranca-alimentar-e-mais-de-15-milhao-de-refeicoes-sao-distribuidas-a-familias-em-vulnerabilidade-social\/\"]}]},{\"@type\":\"ImageObject\",\"inLanguage\":\"pt-BR\",\"@id\":\"https:\/\/www.manaus.am.gov.br\/semasc\/prefeitura-garante-seguranca-alimentar-e-mais-de-15-milhao-de-refeicoes-sao-distribuidas-a-familias-em-vulnerabilidade-social\/#primaryimage\",\"url\":\"https:\/\/www.manaus.am.gov.br\/semasc\/wp-content\/uploads\/sites\/17\/2023\/09\/9f736c4f-f8f0-455d-8247-26e3cd99d8c9.jpg\",\"contentUrl\":\"https:\/\/www.manaus.am.gov.br\/semasc\/wp-content\/uploads\/sites\/17\/2023\/09\/9f736c4f-f8f0-455d-8247-26e3cd99d8c9.jpg\",\"width\":823,\"height\":592},{\"@type\":\"BreadcrumbList\",\"@id\":\"https:\/\/www.manaus.am.gov.br\/semasc\/prefeitura-garante-seguranca-alimentar-e-mais-de-15-milhao-de-refeicoes-sao-distribuidas-a-familias-em-vulnerabilidade-social\/#breadcrumb\",\"itemListElement\":[{\"@type\":\"ListItem\",\"position\":1,\"name\":\"Home\",\"item\":\"https:\/\/www.manaus.am.gov.br\/semasc\/\"},{\"@type\":\"ListItem\",\"position\":2,\"name\":\"Prefeitura garante seguran\u00e7a alimentar e mais de 1,5 milh\u00e3o de refei\u00e7\u00f5es s\u00e3o distribu\u00eddas a fam\u00edlias em vulnerabilidade social\"}]},{\"@type\":\"WebSite\",\"@id\":\"https:\/\/www.manaus.am.gov.br\/semasc\/#website\",\"url\":\"https:\/\/www.manaus.am.gov.br\/semasc\/\",\"name\":\"SEMASC\",\"description\":\"Secretaria Municipal da Mulher, Assist\u00eancia Social e Cidadania.\",\"publisher\":{\"@id\":\"https:\/\/www.manaus.am.gov.br\/semasc\/#organization\"},\"alternateName\":\"Secretaria Municipal da Mulher, Assist\u00eancia Social e Cidadania\",\"potentialAction\":[{\"@type\":\"SearchAction\",\"target\":{\"@type\":\"EntryPoint\",\"urlTemplate\":\"https:\/\/www.manaus.am.gov.br\/semasc\/?s={search_term_string}\"},\"query-input\":\"required name=search_term_string\"}],\"inLanguage\":\"pt-BR\"},{\"@type\":\"Organization\",\"@id\":\"https:\/\/www.manaus.am.gov.br\/semasc\/#organization\",\"name\":\"Prefeitura de Manaus\",\"alternateName\":\"Prefeitura Municipal de Manaus\",\"url\":\"https:\/\/www.manaus.am.gov.br\/semasc\/\",\"logo\":{\"@type\":\"ImageObject\",\"inLanguage\":\"pt-BR\",\"@id\":\"https:\/\/www.manaus.am.gov.br\/semasc\/#\/schema\/logo\/image\/\",\"url\":\"https:\/\/www.manaus.am.gov.br\/semasc\/wp-content\/uploads\/sites\/17\/2024\/07\/favicon.png\",\"contentUrl\":\"https:\/\/www.manaus.am.gov.br\/semasc\/wp-content\/uploads\/sites\/17\/2024\/07\/favicon.png\",\"width\":300,\"height\":300,\"caption\":\"Prefeitura de Manaus\"},\"image\":{\"@id\":\"https:\/\/www.manaus.am.gov.br\/semasc\/#\/schema\/logo\/image\/\"},\"sameAs\":[\"https:\/\/www.facebook.com\/semascmanaus\",\"https:\/\/www.instagram.com\/semascmanaus\/\"]},{\"@type\":\"Person\",\"@id\":\"https:\/\/www.manaus.am.gov.br\/semasc\/#\/schema\/person\/bfafc779be2e19b3d3ef4a59d418b606\",\"name\":\"csilveira\",\"image\":{\"@type\":\"ImageObject\",\"inLanguage\":\"pt-BR\",\"@id\":\"https:\/\/www.manaus.am.gov.br\/semasc\/#\/schema\/person\/image\/\",\"url\":\"https:\/\/secure.gravatar.com\/avatar\/9c2e2f00138fcd35401c748bd030d3b5?s=96&d=mm&r=g\",\"contentUrl\":\"https:\/\/secure.gravatar.com\/avatar\/9c2e2f00138fcd35401c748bd030d3b5?s=96&d=mm&r=g\",\"caption\":\"csilveira\"}}]}<\/script>\n<!-- \/ Yoast SEO plugin. -->","yoast_head_json":{"title":"Prefeitura garante seguran\u00e7a alimentar e mais de 1,5 milh\u00e3o de refei\u00e7\u00f5es s\u00e3o distribu\u00eddas a fam\u00edlias em vulnerabilidade social","description":"A seguran\u00e7a alimentar e nutricional da popula\u00e7\u00e3o tamb\u00e9m ganhou novos ares na cidade nesses 1.000 dias de gest\u00e3o do prefeito David Almeida.","robots":{"index":"noindex","follow":"follow"},"og_locale":"pt_BR","og_type":"article","og_title":"Prefeitura garante seguran\u00e7a alimentar e mais de 1,5 milh\u00e3o de refei\u00e7\u00f5es s\u00e3o distribu\u00eddas a fam\u00edlias em vulnerabilidade social","og_description":"A seguran\u00e7a alimentar e nutricional da popula\u00e7\u00e3o tamb\u00e9m ganhou novos ares na cidade nesses 1.000 dias de gest\u00e3o do prefeito David Almeida.","og_url":"https:\/\/www.manaus.am.gov.br\/semasc\/prefeitura-garante-seguranca-alimentar-e-mais-de-15-milhao-de-refeicoes-sao-distribuidas-a-familias-em-vulnerabilidade-social\/","og_site_name":"SEMASC","article_publisher":"https:\/\/www.facebook.com\/semascmanaus","article_published_time":"2023-09-19T19:40:49+00:00","og_image":[{"width":823,"height":592,"url":"https:\/\/www.manaus.am.gov.br\/semasc\/wp-content\/uploads\/sites\/17\/2023\/09\/9f736c4f-f8f0-455d-8247-26e3cd99d8c9.jpg","type":"image\/jpeg"}],"author":"csilveira","twitter_card":"summary_large_image","twitter_misc":{"Written by":"csilveira","Est. reading time":"5 minutos"},"schema":{"@context":"https:\/\/schema.org","@graph":[{"@type":"Article","@id":"https:\/\/www.manaus.am.gov.br\/semasc\/prefeitura-garante-seguranca-alimentar-e-mais-de-15-milhao-de-refeicoes-sao-distribuidas-a-familias-em-vulnerabilidade-social\/#article","isPartOf":{"@id":"https:\/\/www.manaus.am.gov.br\/semasc\/prefeitura-garante-seguranca-alimentar-e-mais-de-15-milhao-de-refeicoes-sao-distribuidas-a-familias-em-vulnerabilidade-social\/"},"author":{"name":"csilveira","@id":"https:\/\/www.manaus.am.gov.br\/semasc\/#\/schema\/person\/bfafc779be2e19b3d3ef4a59d418b606"},"headline":"Prefeitura garante seguran\u00e7a alimentar e mais de 1,5 milh\u00e3o de refei\u00e7\u00f5es s\u00e3o distribu\u00eddas a fam\u00edlias em vulnerabilidade social","datePublished":"2023-09-19T19:40:49+00:00","dateModified":"2023-09-19T19:40:49+00:00","mainEntityOfPage":{"@id":"https:\/\/www.manaus.am.gov.br\/semasc\/prefeitura-garante-seguranca-alimentar-e-mais-de-15-milhao-de-refeicoes-sao-distribuidas-a-familias-em-vulnerabilidade-social\/"},"wordCount":842,"publisher":{"@id":"https:\/\/www.manaus.am.gov.br\/semasc\/#organization"},"image":{"@id":"https:\/\/www.manaus.am.gov.br\/semasc\/prefeitura-garante-seguranca-alimentar-e-mais-de-15-milhao-de-refeicoes-sao-distribuidas-a-familias-em-vulnerabilidade-social\/#primaryimage"},"thumbnailUrl":"https:\/\/www.manaus.am.gov.br\/semasc\/wp-content\/uploads\/sites\/17\/2023\/09\/9f736c4f-f8f0-455d-8247-26e3cd99d8c9.jpg","keywords":["assist\u00eancial social","prefeitura de manaus","Seguran\u00e7a Alimentar","Semasc"],"articleSection":["1.000 Dias"],"inLanguage":"pt-BR"},{"@type":"WebPage","@id":"https:\/\/www.manaus.am.gov.br\/semasc\/prefeitura-garante-seguranca-alimentar-e-mais-de-15-milhao-de-refeicoes-sao-distribuidas-a-familias-em-vulnerabilidade-social\/","url":"https:\/\/www.manaus.am.gov.br\/semasc\/prefeitura-garante-seguranca-alimentar-e-mais-de-15-milhao-de-refeicoes-sao-distribuidas-a-familias-em-vulnerabilidade-social\/","name":"Prefeitura garante seguran\u00e7a alimentar e mais de 1,5 milh\u00e3o de refei\u00e7\u00f5es s\u00e3o distribu\u00eddas a fam\u00edlias em vulnerabilidade social","isPartOf":{"@id":"https:\/\/www.manaus.am.gov.br\/semasc\/#website"},"primaryImageOfPage":{"@id":"https:\/\/www.manaus.am.gov.br\/semasc\/prefeitura-garante-seguranca-alimentar-e-mais-de-15-milhao-de-refeicoes-sao-distribuidas-a-familias-em-vulnerabilidade-social\/#primaryimage"},"image":{"@id":"https:\/\/www.manaus.am.gov.br\/semasc\/prefeitura-garante-seguranca-alimentar-e-mais-de-15-milhao-de-refeicoes-sao-distribuidas-a-familias-em-vulnerabilidade-social\/#primaryimage"},"thumbnailUrl":"https:\/\/www.manaus.am.gov.br\/semasc\/wp-content\/uploads\/sites\/17\/2023\/09\/9f736c4f-f8f0-455d-8247-26e3cd99d8c9.jpg","datePublished":"2023-09-19T19:40:49+00:00","dateModified":"2023-09-19T19:40:49+00:00","description":"A seguran\u00e7a alimentar e nutricional da popula\u00e7\u00e3o tamb\u00e9m ganhou novos ares na cidade nesses 1.000 dias de gest\u00e3o do prefeito David Almeida.","breadcrumb":{"@id":"https:\/\/www.manaus.am.gov.br\/semasc\/prefeitura-garante-seguranca-alimentar-e-mais-de-15-milhao-de-refeicoes-sao-distribuidas-a-familias-em-vulnerabilidade-social\/#breadcrumb"},"inLanguage":"pt-BR","potentialAction":[{"@type":"ReadAction","target":["https:\/\/www.manaus.am.gov.br\/semasc\/prefeitura-garante-seguranca-alimentar-e-mais-de-15-milhao-de-refeicoes-sao-distribuidas-a-familias-em-vulnerabilidade-social\/"]}]},{"@type":"ImageObject","inLanguage":"pt-BR","@id":"https:\/\/www.manaus.am.gov.br\/semasc\/prefeitura-garante-seguranca-alimentar-e-mais-de-15-milhao-de-refeicoes-sao-distribuidas-a-familias-em-vulnerabilidade-social\/#primaryimage","url":"https:\/\/www.manaus.am.gov.br\/semasc\/wp-content\/uploads\/sites\/17\/2023\/09\/9f736c4f-f8f0-455d-8247-26e3cd99d8c9.jpg","contentUrl":"https:\/\/www.manaus.am.gov.br\/semasc\/wp-content\/uploads\/sites\/17\/2023\/09\/9f736c4f-f8f0-455d-8247-26e3cd99d8c9.jpg","width":823,"height":592},{"@type":"BreadcrumbList","@id":"https:\/\/www.manaus.am.gov.br\/semasc\/prefeitura-garante-seguranca-alimentar-e-mais-de-15-milhao-de-refeicoes-sao-distribuidas-a-familias-em-vulnerabilidade-social\/#breadcrumb","itemListElement":[{"@type":"ListItem","position":1,"name":"Home","item":"https:\/\/www.manaus.am.gov.br\/semasc\/"},{"@type":"ListItem","position":2,"name":"Prefeitura garante seguran\u00e7a alimentar e mais de 1,5 milh\u00e3o de refei\u00e7\u00f5es s\u00e3o distribu\u00eddas a fam\u00edlias em vulnerabilidade social"}]},{"@type":"WebSite","@id":"https:\/\/www.manaus.am.gov.br\/semasc\/#website","url":"https:\/\/www.manaus.am.gov.br\/semasc\/","name":"SEMASC","description":"Secretaria Municipal da Mulher, Assist\u00eancia Social e Cidadania.","publisher":{"@id":"https:\/\/www.manaus.am.gov.br\/semasc\/#organization"},"alternateName":"Secretaria Municipal da Mulher, Assist\u00eancia Social e Cidadania","potentialAction":[{"@type":"SearchAction","target":{"@type":"EntryPoint","urlTemplate":"https:\/\/www.manaus.am.gov.br\/semasc\/?s={search_term_string}"},"query-input":"required name=search_term_string"}],"inLanguage":"pt-BR"},{"@type":"Organization","@id":"https:\/\/www.manaus.am.gov.br\/semasc\/#organization","name":"Prefeitura de Manaus","alternateName":"Prefeitura Municipal de Manaus","url":"https:\/\/www.manaus.am.gov.br\/semasc\/","logo":{"@type":"ImageObject","inLanguage":"pt-BR","@id":"https:\/\/www.manaus.am.gov.br\/semasc\/#\/schema\/logo\/image\/","url":"https:\/\/www.manaus.am.gov.br\/semasc\/wp-content\/uploads\/sites\/17\/2024\/07\/favicon.png","contentUrl":"https:\/\/www.manaus.am.gov.br\/semasc\/wp-content\/uploads\/sites\/17\/2024\/07\/favicon.png","width":300,"height":300,"caption":"Prefeitura de Manaus"},"image":{"@id":"https:\/\/www.manaus.am.gov.br\/semasc\/#\/schema\/logo\/image\/"},"sameAs":["https:\/\/www.facebook.com\/semascmanaus","https:\/\/www.instagram.com\/semascmanaus\/"]},{"@type":"Person","@id":"https:\/\/www.manaus.am.gov.br\/semasc\/#\/schema\/person\/bfafc779be2e19b3d3ef4a59d418b606","name":"csilveira","image":{"@type":"ImageObject","inLanguage":"pt-BR","@id":"https:\/\/www.manaus.am.gov.br\/semasc\/#\/schema\/person\/image\/","url":"https:\/\/secure.gravatar.com\/avatar\/9c2e2f00138fcd35401c748bd030d3b5?s=96&d=mm&r=g","contentUrl":"https:\/\/secure.gravatar.com\/avatar\/9c2e2f00138fcd35401c748bd030d3b5?s=96&d=mm&r=g","caption":"csilveira"}}]}},"_links":{"self":[{"href":"https:\/\/www.manaus.am.gov.br\/semasc\/wp-json\/wp\/v2\/posts\/208905"}],"collection":[{"href":"https:\/\/www.manaus.am.gov.br\/semasc\/wp-json\/wp\/v2\/posts"}],"about":[{"href":"https:\/\/www.manaus.am.gov.br\/semasc\/wp-json\/wp\/v2\/types\/post"}],"author":[{"embeddable":true,"href":"https:\/\/www.manaus.am.gov.br\/semasc\/wp-json\/wp\/v2\/users\/52"}],"replies":[{"embeddable":true,"href":"https:\/\/www.manaus.am.gov.br\/semasc\/wp-json\/wp\/v2\/comments?post=208905"}],"version-history":[{"count":1,"href":"https:\/\/www.manaus.am.gov.br\/semasc\/wp-json\/wp\/v2\/posts\/208905\/revisions"}],"predecessor-version":[{"id":208911,"href":"https:\/\/www.manaus.am.gov.br\/semasc\/wp-json\/wp\/v2\/posts\/208905\/revisions\/208911"}],"wp:featuredmedia":[{"embeddable":true,"href":"https:\/\/www.manaus.am.gov.br\/semasc\/wp-json\/wp\/v2\/media\/208910"}],"wp:attachment":[{"href":"https:\/\/www.manaus.am.gov.br\/semasc\/wp-json\/wp\/v2\/media?parent=208905"}],"wp:term":[{"taxonomy":"category","embeddable":true,"href":"https:\/\/www.manaus.am.gov.br\/semasc\/wp-json\/wp\/v2\/categories?post=208905"},{"taxonomy":"post_tag","embeddable":true,"href":"https:\/\/www.manaus.am.gov.br\/semasc\/wp-json\/wp\/v2\/tags?post=208905"}],"curies":[{"name":"wp","href":"https:\/\/api.w.org\/{rel}","templated":true}]}}