{"id":208895,"date":"2023-09-17T13:37:07","date_gmt":"2023-09-17T17:37:07","guid":{"rendered":"https:\/\/www.manaus.am.gov.br\/semasc\/prefeitura-reescreve-a-historia-da-assistencia-social-em-manaus\/"},"modified":"2023-09-17T15:43:27","modified_gmt":"2023-09-17T19:43:27","slug":"prefeitura-reescreve-a-historia-da-assistencia-social-em-manaus","status":"publish","type":"post","link":"https:\/\/www.manaus.am.gov.br\/semasc\/prefeitura-reescreve-a-historia-da-assistencia-social-em-manaus\/","title":{"rendered":"<strong>Prefeitura reescreve a hist\u00f3ria da assist\u00eancia social em Manaus<\/strong>"},"content":{"rendered":"\n<figure class=\"wp-block-gallery has-nested-images columns-default is-cropped wp-block-gallery-1 is-layout-flex wp-block-gallery-is-layout-flex\">\n<figure class=\"wp-block-image size-large\"><img decoding=\"async\" data-id=\"227963\" src=\"https:\/\/www.manaus.am.gov.br\/wp-content\/uploads\/2023\/09\/selo1000dias.png\" alt=\"\" class=\"wp-image-227963\" \/><\/figure>\n<\/figure>\n\n\n\n<p><\/p>\n\n\n\n<p>Ao assinar a ordem de servi\u00e7o que mudaria para sempre a hist\u00f3ria da rede de prote\u00e7\u00e3o b\u00e1sica da capital amazonense, o prefeito David Almeida afirmou, em junho de 2022, que o ato entraria para a hist\u00f3ria: &#8220;Estamos reescrevendo a hist\u00f3ria da Assist\u00eancia Social em Manaus&#8221;. O pacote de obras incluiu a constru\u00e7\u00e3o e a revitaliza\u00e7\u00e3o de 18 equipamentos socioassistenciais, al\u00e9m da amplia\u00e7\u00e3o e qualifica\u00e7\u00e3o no atendimento especializado da Secretaria Municipal da Mulher, Assist\u00eancia Social e Cidadania (Semasc), marcando os 1.000 dias da atual gest\u00e3o.<\/p>\n\n\n\n<p>Outro foco da administra\u00e7\u00e3o municipal que envolve a assist\u00eancia \u00e9 o &#8220;Prato do Povo&#8221;, na zona Norte, respons\u00e1vel pela seguran\u00e7a alimentar e nutricional de fam\u00edlias em estado de vulnerabilidade social, oferecendo uma alimenta\u00e7\u00e3o completa pelo valor simb\u00f3lico de R$ 1. Os mutir\u00f5es de Cadastro \u00danico realizados em todas as zonas de Manaus, e a amplia\u00e7\u00e3o da prote\u00e7\u00e3o social, incluindo as de assist\u00eancia \u00e0 mulher em situa\u00e7\u00e3o de viol\u00eancia, tamb\u00e9m merecem destaque.\u00a0<\/p>\n\n\n\n<p>O relato da dona de casa e usu\u00e1ria do Centro de Refer\u00eancia de Assist\u00eancia Social (Cras) Col\u00f4nia Ant\u00f4nio Aleixo h\u00e1 nove anos, Camila Magalh\u00e3es, resume bem os resultados do trabalho da gest\u00e3o municipal, com a reforma desses importantes equipamentos p\u00fablicos.&nbsp;<\/p>\n\n\n\n<p>&#8220;A diferen\u00e7a entre o antes e o depois \u00e9 evidente tamb\u00e9m, principalmente, na parte de pintura e estrutura. Agora, est\u00e1 tudo mais bonito e com mais comodidade. O atendimento est\u00e1 melhor e agora sa\u00edmos de casa sem pensar que estamos indo a um lugar que se tornou &#8216;feio&#8217; devido ao tempo&#8221;, afirmou.&nbsp;<\/p>\n\n\n\n<p><strong>Servi\u00e7os socioassistenciais<\/strong><\/p>\n\n\n\n<p>Foi no dia 23 de junho de 2022 que o prefeito David Almeida assinou a hist\u00f3rica ordem de servi\u00e7o para a reforma de 17 Centros de Refer\u00eancia de Assist\u00eancia Social (Cras) e um Centro de Refer\u00eancia Especializado de Assist\u00eancia Social (Creas).<\/p>\n\n\n\n<p>\u201cOs Cras e os Creas s\u00e3o os principais equipamentos de desenvolvimento dos servi\u00e7os socioassistenciais da rede de prote\u00e7\u00e3o b\u00e1sica e que fazem parte da pol\u00edtica de assist\u00eancia social. \u00c9 onde as fam\u00edlias em situa\u00e7\u00e3o de vulnerabilidade s\u00e3o recebidas para serem encaminhadas aos demais programas, ou seja, \u00e9 uma porta de entrada dos cidad\u00e3os. Por isso, recebem na nossa gest\u00e3o total aten\u00e7\u00e3o para funcionarem, oferecendo dignidade\u201d, aponta David Almeida.<\/p>\n\n\n\n<p><\/p>\n\n\n\n<figure class=\"wp-block-gallery has-nested-images columns-default is-cropped wp-block-gallery-2 is-layout-flex wp-block-gallery-is-layout-flex\">\n<figure class=\"wp-block-image size-large\"><img loading=\"lazy\" decoding=\"async\" width=\"1024\" height=\"699\" data-id=\"208896\" src=\"https:\/\/www.manaus.am.gov.br\/semasc\/wp-content\/uploads\/sites\/17\/2023\/09\/Cras-Japiim_-1024x699.jpg\" alt=\"\" class=\"wp-image-208896\" srcset=\"https:\/\/www.manaus.am.gov.br\/semasc\/wp-content\/uploads\/sites\/17\/2023\/09\/Cras-Japiim_-1024x699.jpg 1024w, https:\/\/www.manaus.am.gov.br\/semasc\/wp-content\/uploads\/sites\/17\/2023\/09\/Cras-Japiim_-300x205.jpg 300w, https:\/\/www.manaus.am.gov.br\/semasc\/wp-content\/uploads\/sites\/17\/2023\/09\/Cras-Japiim_-768x524.jpg 768w, https:\/\/www.manaus.am.gov.br\/semasc\/wp-content\/uploads\/sites\/17\/2023\/09\/Cras-Japiim_-1536x1048.jpg 1536w, https:\/\/www.manaus.am.gov.br\/semasc\/wp-content\/uploads\/sites\/17\/2023\/09\/Cras-Japiim_.jpg 1600w\" sizes=\"(max-width: 1024px) 100vw, 1024px\" \/><\/figure>\n<\/figure>\n\n\n\n<p><\/p>\n\n\n\n<p>Sem perda de tempo, j\u00e1 no m\u00eas seguinte \u00e0 assinatura da ordem de servi\u00e7o, no dia 28 de julho de 2022, a prefeitura inaugurou, em parceria com o Governo do Estado, por meio da Unidade Gestora de Projetos Especiais (UGPE), o Cras S\u00e3o Raimundo, nova unidade socioassistencial da zona Oeste e que substituiu o antigo Cras Gl\u00f3ria, na mesma zona.<\/p>\n\n\n\n<p><strong>Qualifica\u00e7\u00e3o e humaniza\u00e7\u00e3o<\/strong><\/p>\n\n\n\n<p>\u00c9 a partir de 10 de novembro de 2022, com a entrega do Cras e do Creas Prourbis, ambos localizados no bairro Jorge Teixeira, zona Leste, que os frutos da ordem de servi\u00e7o come\u00e7am a ser colhidos e entregues \u00e0 popula\u00e7\u00e3o.<\/p>\n\n\n\n<p>Em um produtivo per\u00edodo de dez meses, a Prefeitura de Manaus entregou um total de nove unidades Cras totalmente revitalizadas, com reformas el\u00e9tricas, hidr\u00e1ulicas, amplia\u00e7\u00e3o de salas, trocas de telhado, portas, janelas, mobili\u00e1rio, pintura e muito mais. A partir daqui, as palavras que definiriam a nova era da assist\u00eancia social em Manaus seriam duas: qualifica\u00e7\u00e3o e humaniza\u00e7\u00e3o.&nbsp;<\/p>\n\n\n\n<p>\u201cEstamos reformando e equipando esses espa\u00e7os para receber e prestar um servi\u00e7o de excel\u00eancia \u00e0 popula\u00e7\u00e3o referenciada neste equipamento\u201d, pontuou o titular da Semasc, Eduardo Lucas, \u00e0 \u00e9poca.<\/p>\n\n\n\n<p>Durante o mesmo per\u00edodo e em paralelo \u00e0s obras da ordem de servi\u00e7o, a Prefeitura de Manaus, por meio da Secretaria de Assist\u00eancia Social, p\u00f4s em pr\u00e1tica outros projetos de igual import\u00e2ncia.<\/p>\n\n\n\n<p>Em novembro de 2022, o Creas Centro-Sul foi reinaugurado em um novo e mais confort\u00e1vel endere\u00e7o de atendimento. J\u00e1 em maio deste ano, foi inaugurado o Centro de Conviv\u00eancia da Fam\u00edlia e do Idoso Prefeito Jos\u00e9 Fernandes, na zona Leste, o primeiro centro de conviv\u00eancia municipal da hist\u00f3ria de Manaus.<\/p>\n\n\n\n<p>Em junho de 2023, foi a vez da cozinha comunit\u00e1ria do bairro Santo Agostinho ser reinaugurada ap\u00f3s uma s\u00e9rie de reformas. E, em julho, ap\u00f3s muita expectativa e espera, a &#8220;Ycamiabas&nbsp;&#8211; Casa de Acolhimento para Mulheres&#8221;, finalmente foi inaugurada, garantindo&nbsp;\u00e0s sobreviventes&nbsp;da viol\u00eancia dom\u00e9stica um espa\u00e7o seguro e consolidando ainda mais o momento de ouro que a assist\u00eancia social manauara vive.<\/p>\n\n\n\n<p>&nbsp;<\/p>\n\n\n\n<figure class=\"wp-block-gallery has-nested-images columns-default is-cropped wp-block-gallery-3 is-layout-flex wp-block-gallery-is-layout-flex\">\n<figure class=\"wp-block-image size-large\"><img loading=\"lazy\" decoding=\"async\" width=\"799\" height=\"533\" data-id=\"208897\" src=\"https:\/\/www.manaus.am.gov.br\/semasc\/wp-content\/uploads\/sites\/17\/2023\/09\/Casa-Ycamiabas.jpg\" alt=\"\" class=\"wp-image-208897\" srcset=\"https:\/\/www.manaus.am.gov.br\/semasc\/wp-content\/uploads\/sites\/17\/2023\/09\/Casa-Ycamiabas.jpg 799w, https:\/\/www.manaus.am.gov.br\/semasc\/wp-content\/uploads\/sites\/17\/2023\/09\/Casa-Ycamiabas-300x200.jpg 300w, https:\/\/www.manaus.am.gov.br\/semasc\/wp-content\/uploads\/sites\/17\/2023\/09\/Casa-Ycamiabas-768x512.jpg 768w\" sizes=\"(max-width: 799px) 100vw, 799px\" \/><\/figure>\n<\/figure>\n\n\n\n<p><\/p>\n\n\n\n<p><strong>Prote\u00e7\u00e3o social&nbsp;<\/strong><\/p>\n\n\n\n<p>Com o intuito de evitar uma sobrecarga no sistema, devido ao per\u00edodo de revitaliza\u00e7\u00f5es nos pr\u00e9dios, a Semasc passou a realizar periodicamente os chamados &#8220;Mutir\u00f5es de Cadastro \u00danico&#8221;. Com isso, facilitou e acelerou o processo de atualiza\u00e7\u00e3o e inser\u00e7\u00e3o no Cad\u00danico, ferramenta do Governo Federal necess\u00e1ria para se ter acesso a uma s\u00e9rie de benef\u00edcios e programas sociais.&nbsp;&nbsp;<\/p>\n\n\n\n<p>E os n\u00fameros comprovam: em dezembro de 2020, Manaus possu\u00eda 258.871 fam\u00edlias inseridas no Cadastro \u00danico. J\u00e1 em junho de 2023, este n\u00famero passou a ser de 479.856 fam\u00edlias inseridas, o que representa um aumento de 85,36% desde o in\u00edcio da gest\u00e3o.<\/p>\n\n\n\n<p>&#8220;Trabalhei nove anos como cobradora de \u00f4nibus, mas as coisas ficaram dif\u00edceis para todos. Ent\u00e3o, hoje, eu vim atr\u00e1s de realizar meu cadastro, entender melhor os benef\u00edcios, o apoio que as pessoas podem receber com ele, e deu tudo certo, gra\u00e7as a Deus. Fui atendida por uma mo\u00e7a muito atenciosa e que me recebeu super bem, foi maravilhoso\u201d, afirmou Sandra da Costa, moradora do bairro Compensa, zona Oeste, durante um mutir\u00e3o realizado na escola municipal Elvira Borges, na zona Oeste.&nbsp;<\/p>\n\n\n\n<p>Durante o ano de 2022, um total de 20 edi\u00e7\u00f5es foram realizadas em diversas zonas da cidade, atendendo milhares de fam\u00edlias e facilitando a vida da popula\u00e7\u00e3o.&nbsp;<\/p>\n\n\n\n<p>&#8212; &#8212; &#8212;<\/p>\n\n\n\n<p><strong>Texto &#8211;&nbsp;<\/strong>Guilherme Pacheco \/ Semasc<\/p>\n\n\n\n<p><strong>Fotos &#8211;&nbsp;<\/strong>Divulga\u00e7\u00e3o \/ Semcom<\/p>\n","protected":false},"excerpt":{"rendered":"","protected":false},"author":39,"featured_media":208898,"comment_status":"closed","ping_status":"closed","sticky":false,"template":"","format":"standard","meta":{"footnotes":""},"categories":[410],"tags":[411,412,72,7,413,414,18],"acf":[],"yoast_head":"<!-- This site is optimized with the Yoast SEO plugin v23.0 - https:\/\/yoast.com\/wordpress\/plugins\/seo\/ -->\n<title>Prefeitura reescreve a hist\u00f3ria da assist\u00eancia social em Manaus<\/title>\n<meta name=\"description\" content=\"Ao assinar a ordem de servi\u00e7o que mudaria para sempre a hist\u00f3ria da rede de prote\u00e7\u00e3o b\u00e1sica da capital amazonense, o prefeito David Almeida afirmou, em junho de 2022, que o ato entraria para a hist\u00f3ria: &quot;Estamos reescrevendo a hist\u00f3ria da Assist\u00eancia Social em Manaus&quot;.\" \/>\n<meta name=\"robots\" content=\"noindex, follow\" \/>\n<meta property=\"og:locale\" content=\"pt_BR\" \/>\n<meta property=\"og:type\" content=\"article\" \/>\n<meta property=\"og:title\" content=\"Prefeitura reescreve a hist\u00f3ria da assist\u00eancia social em Manaus\" \/>\n<meta property=\"og:description\" content=\"Ao assinar a ordem de servi\u00e7o que mudaria para sempre a hist\u00f3ria da rede de prote\u00e7\u00e3o b\u00e1sica da capital amazonense, o prefeito David Almeida afirmou, em junho de 2022, que o ato entraria para a hist\u00f3ria: &quot;Estamos reescrevendo a hist\u00f3ria da Assist\u00eancia Social em Manaus&quot;.\" \/>\n<meta property=\"og:url\" content=\"https:\/\/www.manaus.am.gov.br\/semasc\/prefeitura-reescreve-a-historia-da-assistencia-social-em-manaus\/\" \/>\n<meta property=\"og:site_name\" content=\"SEMASC\" \/>\n<meta property=\"article:publisher\" content=\"https:\/\/www.facebook.com\/semascmanaus\" \/>\n<meta property=\"article:published_time\" content=\"2023-09-17T17:37:07+00:00\" \/>\n<meta property=\"article:modified_time\" content=\"2023-09-17T19:43:27+00:00\" \/>\n<meta property=\"og:image\" content=\"https:\/\/www.manaus.am.gov.br\/semasc\/wp-content\/uploads\/sites\/17\/2023\/09\/SELO-1000-DIAS-10.png\" \/>\n\t<meta property=\"og:image:width\" content=\"823\" \/>\n\t<meta property=\"og:image:height\" content=\"592\" \/>\n\t<meta property=\"og:image:type\" content=\"image\/png\" \/>\n<meta name=\"author\" content=\"Bruna Greco\" \/>\n<meta name=\"twitter:card\" content=\"summary_large_image\" \/>\n<meta name=\"twitter:label1\" content=\"Written by\" \/>\n\t<meta name=\"twitter:data1\" content=\"Bruna Greco\" \/>\n\t<meta name=\"twitter:label2\" content=\"Est. reading time\" \/>\n\t<meta name=\"twitter:data2\" content=\"6 minutos\" \/>\n<script type=\"application\/ld+json\" class=\"yoast-schema-graph\">{\"@context\":\"https:\/\/schema.org\",\"@graph\":[{\"@type\":\"Article\",\"@id\":\"https:\/\/www.manaus.am.gov.br\/semasc\/prefeitura-reescreve-a-historia-da-assistencia-social-em-manaus\/#article\",\"isPartOf\":{\"@id\":\"https:\/\/www.manaus.am.gov.br\/semasc\/prefeitura-reescreve-a-historia-da-assistencia-social-em-manaus\/\"},\"author\":{\"name\":\"Bruna Greco\",\"@id\":\"https:\/\/www.manaus.am.gov.br\/semasc\/#\/schema\/person\/05d223aea2bf115f9883a6ff3683d81b\"},\"headline\":\"Prefeitura reescreve a hist\u00f3ria da assist\u00eancia social em Manaus\",\"datePublished\":\"2023-09-17T17:37:07+00:00\",\"dateModified\":\"2023-09-17T19:43:27+00:00\",\"mainEntityOfPage\":{\"@id\":\"https:\/\/www.manaus.am.gov.br\/semasc\/prefeitura-reescreve-a-historia-da-assistencia-social-em-manaus\/\"},\"wordCount\":1036,\"publisher\":{\"@id\":\"https:\/\/www.manaus.am.gov.br\/semasc\/#organization\"},\"image\":{\"@id\":\"https:\/\/www.manaus.am.gov.br\/semasc\/prefeitura-reescreve-a-historia-da-assistencia-social-em-manaus\/#primaryimage\"},\"thumbnailUrl\":\"https:\/\/www.manaus.am.gov.br\/semasc\/wp-content\/uploads\/sites\/17\/2023\/09\/SELO-1000-DIAS-10.png\",\"keywords\":[\"1.000 dias\",\"amplia\u00e7\u00e3o e qualifica\u00e7\u00e3o no atendimento especializado\",\"assist\u00eancia social\",\"prefeitura de manaus\",\"rede de prote\u00e7\u00e3o b\u00e1sica\",\"revitaliza\u00e7\u00e3o de 18 equipamentos socioassistenciais\",\"Semasc\"],\"articleSection\":[\"1.000 Dias\"],\"inLanguage\":\"pt-BR\"},{\"@type\":\"WebPage\",\"@id\":\"https:\/\/www.manaus.am.gov.br\/semasc\/prefeitura-reescreve-a-historia-da-assistencia-social-em-manaus\/\",\"url\":\"https:\/\/www.manaus.am.gov.br\/semasc\/prefeitura-reescreve-a-historia-da-assistencia-social-em-manaus\/\",\"name\":\"Prefeitura reescreve a hist\u00f3ria da assist\u00eancia social em Manaus\",\"isPartOf\":{\"@id\":\"https:\/\/www.manaus.am.gov.br\/semasc\/#website\"},\"primaryImageOfPage\":{\"@id\":\"https:\/\/www.manaus.am.gov.br\/semasc\/prefeitura-reescreve-a-historia-da-assistencia-social-em-manaus\/#primaryimage\"},\"image\":{\"@id\":\"https:\/\/www.manaus.am.gov.br\/semasc\/prefeitura-reescreve-a-historia-da-assistencia-social-em-manaus\/#primaryimage\"},\"thumbnailUrl\":\"https:\/\/www.manaus.am.gov.br\/semasc\/wp-content\/uploads\/sites\/17\/2023\/09\/SELO-1000-DIAS-10.png\",\"datePublished\":\"2023-09-17T17:37:07+00:00\",\"dateModified\":\"2023-09-17T19:43:27+00:00\",\"description\":\"Ao assinar a ordem de servi\u00e7o que mudaria para sempre a hist\u00f3ria da rede de prote\u00e7\u00e3o b\u00e1sica da capital amazonense, o prefeito David Almeida afirmou, em junho de 2022, que o ato entraria para a hist\u00f3ria: \\\"Estamos reescrevendo a hist\u00f3ria da Assist\u00eancia Social em Manaus\\\".\",\"breadcrumb\":{\"@id\":\"https:\/\/www.manaus.am.gov.br\/semasc\/prefeitura-reescreve-a-historia-da-assistencia-social-em-manaus\/#breadcrumb\"},\"inLanguage\":\"pt-BR\",\"potentialAction\":[{\"@type\":\"ReadAction\",\"target\":[\"https:\/\/www.manaus.am.gov.br\/semasc\/prefeitura-reescreve-a-historia-da-assistencia-social-em-manaus\/\"]}]},{\"@type\":\"ImageObject\",\"inLanguage\":\"pt-BR\",\"@id\":\"https:\/\/www.manaus.am.gov.br\/semasc\/prefeitura-reescreve-a-historia-da-assistencia-social-em-manaus\/#primaryimage\",\"url\":\"https:\/\/www.manaus.am.gov.br\/semasc\/wp-content\/uploads\/sites\/17\/2023\/09\/SELO-1000-DIAS-10.png\",\"contentUrl\":\"https:\/\/www.manaus.am.gov.br\/semasc\/wp-content\/uploads\/sites\/17\/2023\/09\/SELO-1000-DIAS-10.png\",\"width\":823,\"height\":592},{\"@type\":\"BreadcrumbList\",\"@id\":\"https:\/\/www.manaus.am.gov.br\/semasc\/prefeitura-reescreve-a-historia-da-assistencia-social-em-manaus\/#breadcrumb\",\"itemListElement\":[{\"@type\":\"ListItem\",\"position\":1,\"name\":\"Home\",\"item\":\"https:\/\/www.manaus.am.gov.br\/semasc\/\"},{\"@type\":\"ListItem\",\"position\":2,\"name\":\"Prefeitura reescreve a hist\u00f3ria da assist\u00eancia social em Manaus\"}]},{\"@type\":\"WebSite\",\"@id\":\"https:\/\/www.manaus.am.gov.br\/semasc\/#website\",\"url\":\"https:\/\/www.manaus.am.gov.br\/semasc\/\",\"name\":\"SEMASC\",\"description\":\"Secretaria Municipal da Mulher, Assist\u00eancia Social e Cidadania.\",\"publisher\":{\"@id\":\"https:\/\/www.manaus.am.gov.br\/semasc\/#organization\"},\"alternateName\":\"Secretaria Municipal da Mulher, Assist\u00eancia Social e Cidadania\",\"potentialAction\":[{\"@type\":\"SearchAction\",\"target\":{\"@type\":\"EntryPoint\",\"urlTemplate\":\"https:\/\/www.manaus.am.gov.br\/semasc\/?s={search_term_string}\"},\"query-input\":\"required name=search_term_string\"}],\"inLanguage\":\"pt-BR\"},{\"@type\":\"Organization\",\"@id\":\"https:\/\/www.manaus.am.gov.br\/semasc\/#organization\",\"name\":\"Prefeitura de Manaus\",\"alternateName\":\"Prefeitura Municipal de Manaus\",\"url\":\"https:\/\/www.manaus.am.gov.br\/semasc\/\",\"logo\":{\"@type\":\"ImageObject\",\"inLanguage\":\"pt-BR\",\"@id\":\"https:\/\/www.manaus.am.gov.br\/semasc\/#\/schema\/logo\/image\/\",\"url\":\"https:\/\/www.manaus.am.gov.br\/semasc\/wp-content\/uploads\/sites\/17\/2024\/07\/favicon.png\",\"contentUrl\":\"https:\/\/www.manaus.am.gov.br\/semasc\/wp-content\/uploads\/sites\/17\/2024\/07\/favicon.png\",\"width\":300,\"height\":300,\"caption\":\"Prefeitura de Manaus\"},\"image\":{\"@id\":\"https:\/\/www.manaus.am.gov.br\/semasc\/#\/schema\/logo\/image\/\"},\"sameAs\":[\"https:\/\/www.facebook.com\/semascmanaus\",\"https:\/\/www.instagram.com\/semascmanaus\/\"]},{\"@type\":\"Person\",\"@id\":\"https:\/\/www.manaus.am.gov.br\/semasc\/#\/schema\/person\/05d223aea2bf115f9883a6ff3683d81b\",\"name\":\"Bruna Greco\",\"image\":{\"@type\":\"ImageObject\",\"inLanguage\":\"pt-BR\",\"@id\":\"https:\/\/www.manaus.am.gov.br\/semasc\/#\/schema\/person\/image\/\",\"url\":\"https:\/\/secure.gravatar.com\/avatar\/9c877d1a6adc2a055330e5c09a8653ce?s=96&d=mm&r=g\",\"contentUrl\":\"https:\/\/secure.gravatar.com\/avatar\/9c877d1a6adc2a055330e5c09a8653ce?s=96&d=mm&r=g\",\"caption\":\"Bruna Greco\"}}]}<\/script>\n<!-- \/ Yoast SEO plugin. -->","yoast_head_json":{"title":"Prefeitura reescreve a hist\u00f3ria da assist\u00eancia social em Manaus","description":"Ao assinar a ordem de servi\u00e7o que mudaria para sempre a hist\u00f3ria da rede de prote\u00e7\u00e3o b\u00e1sica da capital amazonense, o prefeito David Almeida afirmou, em junho de 2022, que o ato entraria para a hist\u00f3ria: \"Estamos reescrevendo a hist\u00f3ria da Assist\u00eancia Social em Manaus\".","robots":{"index":"noindex","follow":"follow"},"og_locale":"pt_BR","og_type":"article","og_title":"Prefeitura reescreve a hist\u00f3ria da assist\u00eancia social em Manaus","og_description":"Ao assinar a ordem de servi\u00e7o que mudaria para sempre a hist\u00f3ria da rede de prote\u00e7\u00e3o b\u00e1sica da capital amazonense, o prefeito David Almeida afirmou, em junho de 2022, que o ato entraria para a hist\u00f3ria: \"Estamos reescrevendo a hist\u00f3ria da Assist\u00eancia Social em Manaus\".","og_url":"https:\/\/www.manaus.am.gov.br\/semasc\/prefeitura-reescreve-a-historia-da-assistencia-social-em-manaus\/","og_site_name":"SEMASC","article_publisher":"https:\/\/www.facebook.com\/semascmanaus","article_published_time":"2023-09-17T17:37:07+00:00","article_modified_time":"2023-09-17T19:43:27+00:00","og_image":[{"width":823,"height":592,"url":"https:\/\/www.manaus.am.gov.br\/semasc\/wp-content\/uploads\/sites\/17\/2023\/09\/SELO-1000-DIAS-10.png","type":"image\/png"}],"author":"Bruna Greco","twitter_card":"summary_large_image","twitter_misc":{"Written by":"Bruna Greco","Est. reading time":"6 minutos"},"schema":{"@context":"https:\/\/schema.org","@graph":[{"@type":"Article","@id":"https:\/\/www.manaus.am.gov.br\/semasc\/prefeitura-reescreve-a-historia-da-assistencia-social-em-manaus\/#article","isPartOf":{"@id":"https:\/\/www.manaus.am.gov.br\/semasc\/prefeitura-reescreve-a-historia-da-assistencia-social-em-manaus\/"},"author":{"name":"Bruna Greco","@id":"https:\/\/www.manaus.am.gov.br\/semasc\/#\/schema\/person\/05d223aea2bf115f9883a6ff3683d81b"},"headline":"Prefeitura reescreve a hist\u00f3ria da assist\u00eancia social em Manaus","datePublished":"2023-09-17T17:37:07+00:00","dateModified":"2023-09-17T19:43:27+00:00","mainEntityOfPage":{"@id":"https:\/\/www.manaus.am.gov.br\/semasc\/prefeitura-reescreve-a-historia-da-assistencia-social-em-manaus\/"},"wordCount":1036,"publisher":{"@id":"https:\/\/www.manaus.am.gov.br\/semasc\/#organization"},"image":{"@id":"https:\/\/www.manaus.am.gov.br\/semasc\/prefeitura-reescreve-a-historia-da-assistencia-social-em-manaus\/#primaryimage"},"thumbnailUrl":"https:\/\/www.manaus.am.gov.br\/semasc\/wp-content\/uploads\/sites\/17\/2023\/09\/SELO-1000-DIAS-10.png","keywords":["1.000 dias","amplia\u00e7\u00e3o e qualifica\u00e7\u00e3o no atendimento especializado","assist\u00eancia social","prefeitura de manaus","rede de prote\u00e7\u00e3o b\u00e1sica","revitaliza\u00e7\u00e3o de 18 equipamentos socioassistenciais","Semasc"],"articleSection":["1.000 Dias"],"inLanguage":"pt-BR"},{"@type":"WebPage","@id":"https:\/\/www.manaus.am.gov.br\/semasc\/prefeitura-reescreve-a-historia-da-assistencia-social-em-manaus\/","url":"https:\/\/www.manaus.am.gov.br\/semasc\/prefeitura-reescreve-a-historia-da-assistencia-social-em-manaus\/","name":"Prefeitura reescreve a hist\u00f3ria da assist\u00eancia social em Manaus","isPartOf":{"@id":"https:\/\/www.manaus.am.gov.br\/semasc\/#website"},"primaryImageOfPage":{"@id":"https:\/\/www.manaus.am.gov.br\/semasc\/prefeitura-reescreve-a-historia-da-assistencia-social-em-manaus\/#primaryimage"},"image":{"@id":"https:\/\/www.manaus.am.gov.br\/semasc\/prefeitura-reescreve-a-historia-da-assistencia-social-em-manaus\/#primaryimage"},"thumbnailUrl":"https:\/\/www.manaus.am.gov.br\/semasc\/wp-content\/uploads\/sites\/17\/2023\/09\/SELO-1000-DIAS-10.png","datePublished":"2023-09-17T17:37:07+00:00","dateModified":"2023-09-17T19:43:27+00:00","description":"Ao assinar a ordem de servi\u00e7o que mudaria para sempre a hist\u00f3ria da rede de prote\u00e7\u00e3o b\u00e1sica da capital amazonense, o prefeito David Almeida afirmou, em junho de 2022, que o ato entraria para a hist\u00f3ria: \"Estamos reescrevendo a hist\u00f3ria da Assist\u00eancia Social em Manaus\".","breadcrumb":{"@id":"https:\/\/www.manaus.am.gov.br\/semasc\/prefeitura-reescreve-a-historia-da-assistencia-social-em-manaus\/#breadcrumb"},"inLanguage":"pt-BR","potentialAction":[{"@type":"ReadAction","target":["https:\/\/www.manaus.am.gov.br\/semasc\/prefeitura-reescreve-a-historia-da-assistencia-social-em-manaus\/"]}]},{"@type":"ImageObject","inLanguage":"pt-BR","@id":"https:\/\/www.manaus.am.gov.br\/semasc\/prefeitura-reescreve-a-historia-da-assistencia-social-em-manaus\/#primaryimage","url":"https:\/\/www.manaus.am.gov.br\/semasc\/wp-content\/uploads\/sites\/17\/2023\/09\/SELO-1000-DIAS-10.png","contentUrl":"https:\/\/www.manaus.am.gov.br\/semasc\/wp-content\/uploads\/sites\/17\/2023\/09\/SELO-1000-DIAS-10.png","width":823,"height":592},{"@type":"BreadcrumbList","@id":"https:\/\/www.manaus.am.gov.br\/semasc\/prefeitura-reescreve-a-historia-da-assistencia-social-em-manaus\/#breadcrumb","itemListElement":[{"@type":"ListItem","position":1,"name":"Home","item":"https:\/\/www.manaus.am.gov.br\/semasc\/"},{"@type":"ListItem","position":2,"name":"Prefeitura reescreve a hist\u00f3ria da assist\u00eancia social em Manaus"}]},{"@type":"WebSite","@id":"https:\/\/www.manaus.am.gov.br\/semasc\/#website","url":"https:\/\/www.manaus.am.gov.br\/semasc\/","name":"SEMASC","description":"Secretaria Municipal da Mulher, Assist\u00eancia Social e Cidadania.","publisher":{"@id":"https:\/\/www.manaus.am.gov.br\/semasc\/#organization"},"alternateName":"Secretaria Municipal da Mulher, Assist\u00eancia Social e Cidadania","potentialAction":[{"@type":"SearchAction","target":{"@type":"EntryPoint","urlTemplate":"https:\/\/www.manaus.am.gov.br\/semasc\/?s={search_term_string}"},"query-input":"required name=search_term_string"}],"inLanguage":"pt-BR"},{"@type":"Organization","@id":"https:\/\/www.manaus.am.gov.br\/semasc\/#organization","name":"Prefeitura de Manaus","alternateName":"Prefeitura Municipal de Manaus","url":"https:\/\/www.manaus.am.gov.br\/semasc\/","logo":{"@type":"ImageObject","inLanguage":"pt-BR","@id":"https:\/\/www.manaus.am.gov.br\/semasc\/#\/schema\/logo\/image\/","url":"https:\/\/www.manaus.am.gov.br\/semasc\/wp-content\/uploads\/sites\/17\/2024\/07\/favicon.png","contentUrl":"https:\/\/www.manaus.am.gov.br\/semasc\/wp-content\/uploads\/sites\/17\/2024\/07\/favicon.png","width":300,"height":300,"caption":"Prefeitura de Manaus"},"image":{"@id":"https:\/\/www.manaus.am.gov.br\/semasc\/#\/schema\/logo\/image\/"},"sameAs":["https:\/\/www.facebook.com\/semascmanaus","https:\/\/www.instagram.com\/semascmanaus\/"]},{"@type":"Person","@id":"https:\/\/www.manaus.am.gov.br\/semasc\/#\/schema\/person\/05d223aea2bf115f9883a6ff3683d81b","name":"Bruna Greco","image":{"@type":"ImageObject","inLanguage":"pt-BR","@id":"https:\/\/www.manaus.am.gov.br\/semasc\/#\/schema\/person\/image\/","url":"https:\/\/secure.gravatar.com\/avatar\/9c877d1a6adc2a055330e5c09a8653ce?s=96&d=mm&r=g","contentUrl":"https:\/\/secure.gravatar.com\/avatar\/9c877d1a6adc2a055330e5c09a8653ce?s=96&d=mm&r=g","caption":"Bruna Greco"}}]}},"_links":{"self":[{"href":"https:\/\/www.manaus.am.gov.br\/semasc\/wp-json\/wp\/v2\/posts\/208895"}],"collection":[{"href":"https:\/\/www.manaus.am.gov.br\/semasc\/wp-json\/wp\/v2\/posts"}],"about":[{"href":"https:\/\/www.manaus.am.gov.br\/semasc\/wp-json\/wp\/v2\/types\/post"}],"author":[{"embeddable":true,"href":"https:\/\/www.manaus.am.gov.br\/semasc\/wp-json\/wp\/v2\/users\/39"}],"replies":[{"embeddable":true,"href":"https:\/\/www.manaus.am.gov.br\/semasc\/wp-json\/wp\/v2\/comments?post=208895"}],"version-history":[{"count":3,"href":"https:\/\/www.manaus.am.gov.br\/semasc\/wp-json\/wp\/v2\/posts\/208895\/revisions"}],"predecessor-version":[{"id":208902,"href":"https:\/\/www.manaus.am.gov.br\/semasc\/wp-json\/wp\/v2\/posts\/208895\/revisions\/208902"}],"wp:featuredmedia":[{"embeddable":true,"href":"https:\/\/www.manaus.am.gov.br\/semasc\/wp-json\/wp\/v2\/media\/208898"}],"wp:attachment":[{"href":"https:\/\/www.manaus.am.gov.br\/semasc\/wp-json\/wp\/v2\/media?parent=208895"}],"wp:term":[{"taxonomy":"category","embeddable":true,"href":"https:\/\/www.manaus.am.gov.br\/semasc\/wp-json\/wp\/v2\/categories?post=208895"},{"taxonomy":"post_tag","embeddable":true,"href":"https:\/\/www.manaus.am.gov.br\/semasc\/wp-json\/wp\/v2\/tags?post=208895"}],"curies":[{"name":"wp","href":"https:\/\/api.w.org\/{rel}","templated":true}]}}