{"id":208893,"date":"2023-09-16T22:29:15","date_gmt":"2023-09-17T02:29:15","guid":{"rendered":"https:\/\/www.manaus.am.gov.br\/semasc\/nota-suporte-vitimas-acidente-barcelos\/"},"modified":"2023-09-16T22:30:12","modified_gmt":"2023-09-17T02:30:12","slug":"nota-suporte-vitimas-acidente-barcelos","status":"publish","type":"post","link":"https:\/\/www.manaus.am.gov.br\/semasc\/nota-suporte-vitimas-acidente-barcelos\/","title":{"rendered":"Prefeitura d\u00e1 suporte para chegada em Manaus dos corpos de v\u00edtimas de acidente a\u00e9reo em Barcelos"},"content":{"rendered":"\n<p>Ap\u00f3s o acidente a\u00e9reo ocorrido neste s\u00e1bado, 16\/9, em Barcelos (distante 400km em linha reta da capital), a Prefeitura de Manaus, por meio do servi\u00e7o SOS Funeral da Secretaria Municipal da Mulher, Assist\u00eancia Social e Cidadania (Semasc), em parceria com o Governo do Amazonas e o Instituto M\u00e9dico Legal (IML), est\u00e1 atuando de maneira conjunta para oferecer todo o suporte necess\u00e1rio e apoio log\u00edstico para a chegada dos corpos na capital, prevista para a manh\u00e3 deste domingo, 17\/9.<\/p>\n\n\n\n<p>O SOS Funeral tamb\u00e9m ir\u00e1 disponibilizar apoio psicol\u00f3gico para familiares dos 14 ocupantes da aeronave, diante da necessidade de suporte emocional nesse momento de luto.<\/p>\n\n\n\n<p><strong>Sobre o acidente<\/strong><\/p>\n\n\n\n<p>Uma aeronave de m\u00e9dio porte caiu na tarde deste s\u00e1bado na cidade de Barcelos deixando 14 mortos. O ve\u00edculo levava 12 turistas a bordo, al\u00e9m do piloto e copiloto. A Defesa Civil do munic\u00edpio confirmou a morte de todos os ocupantes.<\/p>\n\n\n\n<p><strong>&#8212; &#8212; &#8212;<\/strong><\/p>\n\n\n\n<p><strong>Texto &#8211; <\/strong>Leonardo Fierro \/ Semasc<\/p>\n","protected":false},"excerpt":{"rendered":"","protected":false},"author":25,"featured_media":208808,"comment_status":"closed","ping_status":"closed","sticky":false,"template":"","format":"standard","meta":{"footnotes":""},"categories":[156],"tags":[408,18,409],"acf":[],"yoast_head":"<!-- This site is optimized with the Yoast SEO plugin v23.0 - https:\/\/yoast.com\/wordpress\/plugins\/seo\/ -->\n<title>Prefeitura d\u00e1 suporte para chegada em Manaus dos corpos de v\u00edtimas de acidente a\u00e9reo em Barcelos<\/title>\n<meta name=\"description\" content=\"Ap\u00f3s o acidente a\u00e9reo ocorrido neste s\u00e1bado, 16\/9, em Barcelos (distante 400km em linha reta da capital), a Prefeitura de Manaus\" \/>\n<meta name=\"robots\" content=\"noindex, follow\" \/>\n<meta property=\"og:locale\" content=\"pt_BR\" \/>\n<meta property=\"og:type\" content=\"article\" \/>\n<meta property=\"og:title\" content=\"Prefeitura d\u00e1 suporte para chegada em Manaus dos corpos de v\u00edtimas de acidente a\u00e9reo em Barcelos\" \/>\n<meta property=\"og:description\" content=\"Ap\u00f3s o acidente a\u00e9reo ocorrido neste s\u00e1bado, 16\/9, em Barcelos (distante 400km em linha reta da capital), a Prefeitura de Manaus\" \/>\n<meta property=\"og:url\" content=\"https:\/\/www.manaus.am.gov.br\/semasc\/nota-suporte-vitimas-acidente-barcelos\/\" \/>\n<meta property=\"og:site_name\" content=\"SEMASC\" \/>\n<meta property=\"article:publisher\" content=\"https:\/\/www.facebook.com\/semascmanaus\" \/>\n<meta property=\"article:published_time\" content=\"2023-09-17T02:29:15+00:00\" \/>\n<meta property=\"article:modified_time\" content=\"2023-09-17T02:30:12+00:00\" \/>\n<meta property=\"og:image\" content=\"https:\/\/www.manaus.am.gov.br\/semasc\/wp-content\/uploads\/sites\/17\/2023\/08\/Nota-1.png\" \/>\n\t<meta property=\"og:image:width\" content=\"900\" \/>\n\t<meta property=\"og:image:height\" content=\"509\" \/>\n\t<meta property=\"og:image:type\" content=\"image\/png\" \/>\n<meta name=\"author\" content=\"Maur\u00edcio Freire\" \/>\n<meta name=\"twitter:card\" content=\"summary_large_image\" \/>\n<meta name=\"twitter:label1\" content=\"Written by\" \/>\n\t<meta name=\"twitter:data1\" content=\"Maur\u00edcio Freire\" \/>\n\t<meta name=\"twitter:label2\" content=\"Est. reading time\" \/>\n\t<meta name=\"twitter:data2\" content=\"1 minuto\" \/>\n<script type=\"application\/ld+json\" class=\"yoast-schema-graph\">{\"@context\":\"https:\/\/schema.org\",\"@graph\":[{\"@type\":\"Article\",\"@id\":\"https:\/\/www.manaus.am.gov.br\/semasc\/nota-suporte-vitimas-acidente-barcelos\/#article\",\"isPartOf\":{\"@id\":\"https:\/\/www.manaus.am.gov.br\/semasc\/nota-suporte-vitimas-acidente-barcelos\/\"},\"author\":{\"name\":\"Maur\u00edcio Freire\",\"@id\":\"https:\/\/www.manaus.am.gov.br\/semasc\/#\/schema\/person\/587989a23a463cde5618e6a028977a9a\"},\"headline\":\"Prefeitura d\u00e1 suporte para chegada em Manaus dos corpos de v\u00edtimas de acidente a\u00e9reo em Barcelos\",\"datePublished\":\"2023-09-17T02:29:15+00:00\",\"dateModified\":\"2023-09-17T02:30:12+00:00\",\"mainEntityOfPage\":{\"@id\":\"https:\/\/www.manaus.am.gov.br\/semasc\/nota-suporte-vitimas-acidente-barcelos\/\"},\"wordCount\":183,\"publisher\":{\"@id\":\"https:\/\/www.manaus.am.gov.br\/semasc\/#organization\"},\"image\":{\"@id\":\"https:\/\/www.manaus.am.gov.br\/semasc\/nota-suporte-vitimas-acidente-barcelos\/#primaryimage\"},\"thumbnailUrl\":\"https:\/\/www.manaus.am.gov.br\/semasc\/wp-content\/uploads\/sites\/17\/2023\/08\/Nota-1.png\",\"keywords\":[\"Barcelos\",\"Semasc\",\"SOS Funeral\"],\"articleSection\":[\"Nota\"],\"inLanguage\":\"pt-BR\"},{\"@type\":\"WebPage\",\"@id\":\"https:\/\/www.manaus.am.gov.br\/semasc\/nota-suporte-vitimas-acidente-barcelos\/\",\"url\":\"https:\/\/www.manaus.am.gov.br\/semasc\/nota-suporte-vitimas-acidente-barcelos\/\",\"name\":\"Prefeitura d\u00e1 suporte para chegada em Manaus dos corpos de v\u00edtimas de acidente a\u00e9reo em Barcelos\",\"isPartOf\":{\"@id\":\"https:\/\/www.manaus.am.gov.br\/semasc\/#website\"},\"primaryImageOfPage\":{\"@id\":\"https:\/\/www.manaus.am.gov.br\/semasc\/nota-suporte-vitimas-acidente-barcelos\/#primaryimage\"},\"image\":{\"@id\":\"https:\/\/www.manaus.am.gov.br\/semasc\/nota-suporte-vitimas-acidente-barcelos\/#primaryimage\"},\"thumbnailUrl\":\"https:\/\/www.manaus.am.gov.br\/semasc\/wp-content\/uploads\/sites\/17\/2023\/08\/Nota-1.png\",\"datePublished\":\"2023-09-17T02:29:15+00:00\",\"dateModified\":\"2023-09-17T02:30:12+00:00\",\"description\":\"Ap\u00f3s o acidente a\u00e9reo ocorrido neste s\u00e1bado, 16\/9, em Barcelos (distante 400km em linha reta da capital), a Prefeitura de Manaus\",\"breadcrumb\":{\"@id\":\"https:\/\/www.manaus.am.gov.br\/semasc\/nota-suporte-vitimas-acidente-barcelos\/#breadcrumb\"},\"inLanguage\":\"pt-BR\",\"potentialAction\":[{\"@type\":\"ReadAction\",\"target\":[\"https:\/\/www.manaus.am.gov.br\/semasc\/nota-suporte-vitimas-acidente-barcelos\/\"]}]},{\"@type\":\"ImageObject\",\"inLanguage\":\"pt-BR\",\"@id\":\"https:\/\/www.manaus.am.gov.br\/semasc\/nota-suporte-vitimas-acidente-barcelos\/#primaryimage\",\"url\":\"https:\/\/www.manaus.am.gov.br\/semasc\/wp-content\/uploads\/sites\/17\/2023\/08\/Nota-1.png\",\"contentUrl\":\"https:\/\/www.manaus.am.gov.br\/semasc\/wp-content\/uploads\/sites\/17\/2023\/08\/Nota-1.png\",\"width\":900,\"height\":509},{\"@type\":\"BreadcrumbList\",\"@id\":\"https:\/\/www.manaus.am.gov.br\/semasc\/nota-suporte-vitimas-acidente-barcelos\/#breadcrumb\",\"itemListElement\":[{\"@type\":\"ListItem\",\"position\":1,\"name\":\"Home\",\"item\":\"https:\/\/www.manaus.am.gov.br\/semasc\/\"},{\"@type\":\"ListItem\",\"position\":2,\"name\":\"Prefeitura d\u00e1 suporte para chegada em Manaus dos corpos de v\u00edtimas de acidente a\u00e9reo em Barcelos\"}]},{\"@type\":\"WebSite\",\"@id\":\"https:\/\/www.manaus.am.gov.br\/semasc\/#website\",\"url\":\"https:\/\/www.manaus.am.gov.br\/semasc\/\",\"name\":\"SEMASC\",\"description\":\"Secretaria Municipal da Mulher, Assist\u00eancia Social e Cidadania.\",\"publisher\":{\"@id\":\"https:\/\/www.manaus.am.gov.br\/semasc\/#organization\"},\"alternateName\":\"Secretaria Municipal da Mulher, Assist\u00eancia Social e Cidadania\",\"potentialAction\":[{\"@type\":\"SearchAction\",\"target\":{\"@type\":\"EntryPoint\",\"urlTemplate\":\"https:\/\/www.manaus.am.gov.br\/semasc\/?s={search_term_string}\"},\"query-input\":\"required name=search_term_string\"}],\"inLanguage\":\"pt-BR\"},{\"@type\":\"Organization\",\"@id\":\"https:\/\/www.manaus.am.gov.br\/semasc\/#organization\",\"name\":\"Prefeitura de Manaus\",\"alternateName\":\"Prefeitura Municipal de Manaus\",\"url\":\"https:\/\/www.manaus.am.gov.br\/semasc\/\",\"logo\":{\"@type\":\"ImageObject\",\"inLanguage\":\"pt-BR\",\"@id\":\"https:\/\/www.manaus.am.gov.br\/semasc\/#\/schema\/logo\/image\/\",\"url\":\"https:\/\/www.manaus.am.gov.br\/semasc\/wp-content\/uploads\/sites\/17\/2024\/07\/favicon.png\",\"contentUrl\":\"https:\/\/www.manaus.am.gov.br\/semasc\/wp-content\/uploads\/sites\/17\/2024\/07\/favicon.png\",\"width\":300,\"height\":300,\"caption\":\"Prefeitura de Manaus\"},\"image\":{\"@id\":\"https:\/\/www.manaus.am.gov.br\/semasc\/#\/schema\/logo\/image\/\"},\"sameAs\":[\"https:\/\/www.facebook.com\/semascmanaus\",\"https:\/\/www.instagram.com\/semascmanaus\/\"]},{\"@type\":\"Person\",\"@id\":\"https:\/\/www.manaus.am.gov.br\/semasc\/#\/schema\/person\/587989a23a463cde5618e6a028977a9a\",\"name\":\"Maur\u00edcio Freire\",\"image\":{\"@type\":\"ImageObject\",\"inLanguage\":\"pt-BR\",\"@id\":\"https:\/\/www.manaus.am.gov.br\/semasc\/#\/schema\/person\/image\/\",\"url\":\"https:\/\/secure.gravatar.com\/avatar\/dc1481799a1f75c733ac3b2634cd6749?s=96&d=mm&r=g\",\"contentUrl\":\"https:\/\/secure.gravatar.com\/avatar\/dc1481799a1f75c733ac3b2634cd6749?s=96&d=mm&r=g\",\"caption\":\"Maur\u00edcio Freire\"}}]}<\/script>\n<!-- \/ Yoast SEO plugin. -->","yoast_head_json":{"title":"Prefeitura d\u00e1 suporte para chegada em Manaus dos corpos de v\u00edtimas de acidente a\u00e9reo em Barcelos","description":"Ap\u00f3s o acidente a\u00e9reo ocorrido neste s\u00e1bado, 16\/9, em Barcelos (distante 400km em linha reta da capital), a Prefeitura de Manaus","robots":{"index":"noindex","follow":"follow"},"og_locale":"pt_BR","og_type":"article","og_title":"Prefeitura d\u00e1 suporte para chegada em Manaus dos corpos de v\u00edtimas de acidente a\u00e9reo em Barcelos","og_description":"Ap\u00f3s o acidente a\u00e9reo ocorrido neste s\u00e1bado, 16\/9, em Barcelos (distante 400km em linha reta da capital), a Prefeitura de Manaus","og_url":"https:\/\/www.manaus.am.gov.br\/semasc\/nota-suporte-vitimas-acidente-barcelos\/","og_site_name":"SEMASC","article_publisher":"https:\/\/www.facebook.com\/semascmanaus","article_published_time":"2023-09-17T02:29:15+00:00","article_modified_time":"2023-09-17T02:30:12+00:00","og_image":[{"width":900,"height":509,"url":"https:\/\/www.manaus.am.gov.br\/semasc\/wp-content\/uploads\/sites\/17\/2023\/08\/Nota-1.png","type":"image\/png"}],"author":"Maur\u00edcio Freire","twitter_card":"summary_large_image","twitter_misc":{"Written by":"Maur\u00edcio Freire","Est. reading time":"1 minuto"},"schema":{"@context":"https:\/\/schema.org","@graph":[{"@type":"Article","@id":"https:\/\/www.manaus.am.gov.br\/semasc\/nota-suporte-vitimas-acidente-barcelos\/#article","isPartOf":{"@id":"https:\/\/www.manaus.am.gov.br\/semasc\/nota-suporte-vitimas-acidente-barcelos\/"},"author":{"name":"Maur\u00edcio Freire","@id":"https:\/\/www.manaus.am.gov.br\/semasc\/#\/schema\/person\/587989a23a463cde5618e6a028977a9a"},"headline":"Prefeitura d\u00e1 suporte para chegada em Manaus dos corpos de v\u00edtimas de acidente a\u00e9reo em Barcelos","datePublished":"2023-09-17T02:29:15+00:00","dateModified":"2023-09-17T02:30:12+00:00","mainEntityOfPage":{"@id":"https:\/\/www.manaus.am.gov.br\/semasc\/nota-suporte-vitimas-acidente-barcelos\/"},"wordCount":183,"publisher":{"@id":"https:\/\/www.manaus.am.gov.br\/semasc\/#organization"},"image":{"@id":"https:\/\/www.manaus.am.gov.br\/semasc\/nota-suporte-vitimas-acidente-barcelos\/#primaryimage"},"thumbnailUrl":"https:\/\/www.manaus.am.gov.br\/semasc\/wp-content\/uploads\/sites\/17\/2023\/08\/Nota-1.png","keywords":["Barcelos","Semasc","SOS Funeral"],"articleSection":["Nota"],"inLanguage":"pt-BR"},{"@type":"WebPage","@id":"https:\/\/www.manaus.am.gov.br\/semasc\/nota-suporte-vitimas-acidente-barcelos\/","url":"https:\/\/www.manaus.am.gov.br\/semasc\/nota-suporte-vitimas-acidente-barcelos\/","name":"Prefeitura d\u00e1 suporte para chegada em Manaus dos corpos de v\u00edtimas de acidente a\u00e9reo em Barcelos","isPartOf":{"@id":"https:\/\/www.manaus.am.gov.br\/semasc\/#website"},"primaryImageOfPage":{"@id":"https:\/\/www.manaus.am.gov.br\/semasc\/nota-suporte-vitimas-acidente-barcelos\/#primaryimage"},"image":{"@id":"https:\/\/www.manaus.am.gov.br\/semasc\/nota-suporte-vitimas-acidente-barcelos\/#primaryimage"},"thumbnailUrl":"https:\/\/www.manaus.am.gov.br\/semasc\/wp-content\/uploads\/sites\/17\/2023\/08\/Nota-1.png","datePublished":"2023-09-17T02:29:15+00:00","dateModified":"2023-09-17T02:30:12+00:00","description":"Ap\u00f3s o acidente a\u00e9reo ocorrido neste s\u00e1bado, 16\/9, em Barcelos (distante 400km em linha reta da capital), a Prefeitura de Manaus","breadcrumb":{"@id":"https:\/\/www.manaus.am.gov.br\/semasc\/nota-suporte-vitimas-acidente-barcelos\/#breadcrumb"},"inLanguage":"pt-BR","potentialAction":[{"@type":"ReadAction","target":["https:\/\/www.manaus.am.gov.br\/semasc\/nota-suporte-vitimas-acidente-barcelos\/"]}]},{"@type":"ImageObject","inLanguage":"pt-BR","@id":"https:\/\/www.manaus.am.gov.br\/semasc\/nota-suporte-vitimas-acidente-barcelos\/#primaryimage","url":"https:\/\/www.manaus.am.gov.br\/semasc\/wp-content\/uploads\/sites\/17\/2023\/08\/Nota-1.png","contentUrl":"https:\/\/www.manaus.am.gov.br\/semasc\/wp-content\/uploads\/sites\/17\/2023\/08\/Nota-1.png","width":900,"height":509},{"@type":"BreadcrumbList","@id":"https:\/\/www.manaus.am.gov.br\/semasc\/nota-suporte-vitimas-acidente-barcelos\/#breadcrumb","itemListElement":[{"@type":"ListItem","position":1,"name":"Home","item":"https:\/\/www.manaus.am.gov.br\/semasc\/"},{"@type":"ListItem","position":2,"name":"Prefeitura d\u00e1 suporte para chegada em Manaus dos corpos de v\u00edtimas de acidente a\u00e9reo em Barcelos"}]},{"@type":"WebSite","@id":"https:\/\/www.manaus.am.gov.br\/semasc\/#website","url":"https:\/\/www.manaus.am.gov.br\/semasc\/","name":"SEMASC","description":"Secretaria Municipal da Mulher, Assist\u00eancia Social e Cidadania.","publisher":{"@id":"https:\/\/www.manaus.am.gov.br\/semasc\/#organization"},"alternateName":"Secretaria Municipal da Mulher, Assist\u00eancia Social e Cidadania","potentialAction":[{"@type":"SearchAction","target":{"@type":"EntryPoint","urlTemplate":"https:\/\/www.manaus.am.gov.br\/semasc\/?s={search_term_string}"},"query-input":"required name=search_term_string"}],"inLanguage":"pt-BR"},{"@type":"Organization","@id":"https:\/\/www.manaus.am.gov.br\/semasc\/#organization","name":"Prefeitura de Manaus","alternateName":"Prefeitura Municipal de Manaus","url":"https:\/\/www.manaus.am.gov.br\/semasc\/","logo":{"@type":"ImageObject","inLanguage":"pt-BR","@id":"https:\/\/www.manaus.am.gov.br\/semasc\/#\/schema\/logo\/image\/","url":"https:\/\/www.manaus.am.gov.br\/semasc\/wp-content\/uploads\/sites\/17\/2024\/07\/favicon.png","contentUrl":"https:\/\/www.manaus.am.gov.br\/semasc\/wp-content\/uploads\/sites\/17\/2024\/07\/favicon.png","width":300,"height":300,"caption":"Prefeitura de Manaus"},"image":{"@id":"https:\/\/www.manaus.am.gov.br\/semasc\/#\/schema\/logo\/image\/"},"sameAs":["https:\/\/www.facebook.com\/semascmanaus","https:\/\/www.instagram.com\/semascmanaus\/"]},{"@type":"Person","@id":"https:\/\/www.manaus.am.gov.br\/semasc\/#\/schema\/person\/587989a23a463cde5618e6a028977a9a","name":"Maur\u00edcio Freire","image":{"@type":"ImageObject","inLanguage":"pt-BR","@id":"https:\/\/www.manaus.am.gov.br\/semasc\/#\/schema\/person\/image\/","url":"https:\/\/secure.gravatar.com\/avatar\/dc1481799a1f75c733ac3b2634cd6749?s=96&d=mm&r=g","contentUrl":"https:\/\/secure.gravatar.com\/avatar\/dc1481799a1f75c733ac3b2634cd6749?s=96&d=mm&r=g","caption":"Maur\u00edcio Freire"}}]}},"_links":{"self":[{"href":"https:\/\/www.manaus.am.gov.br\/semasc\/wp-json\/wp\/v2\/posts\/208893"}],"collection":[{"href":"https:\/\/www.manaus.am.gov.br\/semasc\/wp-json\/wp\/v2\/posts"}],"about":[{"href":"https:\/\/www.manaus.am.gov.br\/semasc\/wp-json\/wp\/v2\/types\/post"}],"author":[{"embeddable":true,"href":"https:\/\/www.manaus.am.gov.br\/semasc\/wp-json\/wp\/v2\/users\/25"}],"replies":[{"embeddable":true,"href":"https:\/\/www.manaus.am.gov.br\/semasc\/wp-json\/wp\/v2\/comments?post=208893"}],"version-history":[{"count":1,"href":"https:\/\/www.manaus.am.gov.br\/semasc\/wp-json\/wp\/v2\/posts\/208893\/revisions"}],"predecessor-version":[{"id":208894,"href":"https:\/\/www.manaus.am.gov.br\/semasc\/wp-json\/wp\/v2\/posts\/208893\/revisions\/208894"}],"wp:featuredmedia":[{"embeddable":true,"href":"https:\/\/www.manaus.am.gov.br\/semasc\/wp-json\/wp\/v2\/media\/208808"}],"wp:attachment":[{"href":"https:\/\/www.manaus.am.gov.br\/semasc\/wp-json\/wp\/v2\/media?parent=208893"}],"wp:term":[{"taxonomy":"category","embeddable":true,"href":"https:\/\/www.manaus.am.gov.br\/semasc\/wp-json\/wp\/v2\/categories?post=208893"},{"taxonomy":"post_tag","embeddable":true,"href":"https:\/\/www.manaus.am.gov.br\/semasc\/wp-json\/wp\/v2\/tags?post=208893"}],"curies":[{"name":"wp","href":"https:\/\/api.w.org\/{rel}","templated":true}]}}