{"id":208891,"date":"2023-09-15T15:50:44","date_gmt":"2023-09-15T19:50:44","guid":{"rendered":"https:\/\/www.manaus.am.gov.br\/semasc\/conselho-dos-direitos-humanos-de-manaus-convoca-oscs-para-assembleia-geral-de-recomposicao-do-orgao\/"},"modified":"2023-09-15T15:50:46","modified_gmt":"2023-09-15T19:50:46","slug":"conselho-dos-direitos-humanos-de-manaus-convoca-oscs-para-assembleia-geral-de-recomposicao-do-orgao","status":"publish","type":"post","link":"https:\/\/www.manaus.am.gov.br\/semasc\/conselho-dos-direitos-humanos-de-manaus-convoca-oscs-para-assembleia-geral-de-recomposicao-do-orgao\/","title":{"rendered":"<strong>Conselho dos Direitos Humanos de Manaus convoca Oscs para assembleia geral de recomposi\u00e7\u00e3o do \u00f3rg\u00e3o<\/strong>"},"content":{"rendered":"\n<p>Em uma iniciativa que ressalta o compromisso com a participa\u00e7\u00e3o ativa da sociedade nas decis\u00f5es de interesse p\u00fablico, o Conselho Municipal dos Direitos Humanos de Manaus convoca as Organiza\u00e7\u00f5es da Sociedade Civil (OSCs) para a assembleia geral, agendada para o dia 7 de novembro. O encontro ser\u00e1 das 14h \u00e0s 17h e tem como pauta a recomposi\u00e7\u00e3o dos assentos do conselho para o bi\u00eanio 2024-2026.<\/p>\n\n\n\n<p>A participa\u00e7\u00e3o das OSCs na recomposi\u00e7\u00e3o do CMDH \u00e9 fundamental para garantir que os diversos segmentos da sociedade estejam representados, assegurando assim uma abordagem ampla e inclusiva em rela\u00e7\u00e3o \u00e0s quest\u00f5es de direitos humanos na cidade.<\/p>\n\n\n\n<p>A participa\u00e7\u00e3o das organiza\u00e7\u00f5es e seus representantes na assembleia geral est\u00e1 condicionada \u00e0 apresenta\u00e7\u00e3o no ato da inscri\u00e7\u00e3o, com os seguintes documentos:<\/p>\n\n\n\n<p>a) Ficha de inscri\u00e7\u00e3o (requerimento de habilita\u00e7\u00e3o);<\/p>\n\n\n\n<p>b) Original e c\u00f3pia do estatuto da entidade ou organiza\u00e7\u00e3o, em vigor; devidamente registrado e atualizado de acordo com o c\u00f3digo civil;<\/p>\n\n\n\n<p>c) Original e c\u00f3pia da ata de elei\u00e7\u00e3o e posse da atual diretoria;<\/p>\n\n\n\n<p>d) Declara\u00e7\u00e3o de funcionamento, devidamente assinada pelo representante legal da entidade da organiza\u00e7\u00e3o;<\/p>\n\n\n\n<p>e) CNPJ atualizado;<\/p>\n\n\n\n<p>f) Formul\u00e1rio com informa\u00e7\u00f5es para comunica\u00e7\u00e3o com a entidade ou organiza\u00e7\u00e3o, na qual conste endere\u00e7o completo, telefone, e-mail, pessoa de refer\u00eancia e outras informa\u00e7\u00f5es importantes em tempo h\u00e1bil.<\/p>\n\n\n\n<p>As inscri\u00e7\u00f5es dever\u00e3o ser realizadas entre os dias 18\/9 e 9\/10 de outubro, das 8h \u00e0s 12h e 14h \u00e0s 16h, e a entrega de documentos dever\u00e1 ser feita na sede do Conselho Municipal dos Direitos Humanos, localizada no Centro Social Urbano (CSU) do Parque 10, zona Centro-Sul.<\/p>\n\n\n\n<p>As vagas destinadas aos assentos do conselho ser\u00e3o distribu\u00eddas entre as entidades que trabalhem fam\u00edlia, crian\u00e7a e adolescente, idoso, ind\u00edgenas, entidades mesti\u00e7as, afrodescendentes e representantes de outras minorias.<\/p>\n\n\n\n<p>A divulga\u00e7\u00e3o dos resultados do processo de habilita\u00e7\u00e3o acontecer\u00e1 no dia 25 de outubro. O prazo para interposi\u00e7\u00e3o de recursos ser\u00e1 entre os dias 26 e 27 de outubro, das 8h \u00e0s 12h e 14h \u00e0s 16h. J\u00e1 a divulga\u00e7\u00e3o final acontece no dia 1\u00ba de novembro.<\/p>\n\n\n\n<p><strong>Sobre a Assembleia<\/strong><\/p>\n\n\n\n<p>A assembleia geral ser\u00e1 realizada no dia 7\/11 (ter\u00e7a-feira), no hor\u00e1rio de 14h \u00e0s 17h, na modalidade presencial, na Escola do Legislativo na Assembleia Legislativa do Estado do Amazonas (ALE-AM), localizada na avenida M\u00e1rio Ypiranga, bairro Flores.<\/p>\n\n\n\n<p>O voto ser\u00e1 secreto, \u00fanico, livre, sigiloso e intransfer\u00edvel, n\u00e3o sendo aceito voto por procura\u00e7\u00e3o, por segmento da sociedade civil (entidades ou organiza\u00e7\u00f5es da sociedade civil votam apenas no pr\u00f3prio segmento). Ter\u00e3o direito a voz e voto representantes das organiza\u00e7\u00f5es de cada segmento da sociedade civil devidamente habilitadas junto \u00e0 comiss\u00e3o eleitoral.<\/p>\n\n\n\n<p>As organiza\u00e7\u00f5es mais votadas ser\u00e3o consideradas titulares das vagas no Conselho Municipal dos Direitos Humanos e os demais, os respectivos suplentes para o exerc\u00edcio em quest\u00e3o. Em caso de empate para a ocupa\u00e7\u00e3o da vaga, o desempate dar-se-\u00e1 por antiguidade de atua\u00e7\u00e3o, no ato da Assembleia.<\/p>\n\n\n\n<p>A publica\u00e7\u00e3o do resultado final ocorrer\u00e1 no dia 14 de novembro, na sede do conselho.<\/p>\n\n\n\n<p>O CMDH\/Manaus \u00e9 um espa\u00e7o estrat\u00e9gico para promover os direitos humanos em nosso munic\u00edpio, fazendo a ponte entre a sociedade civil e o poder p\u00fablico. Assim, \u00e9 essencial que a recomposi\u00e7\u00e3o de seus assentos seja realizada com a presen\u00e7a e atua\u00e7\u00e3o ativa das OSCs.<\/p>\n\n\n\n<p>&#8212; &#8212; &#8212;<\/p>\n\n\n\n<p><strong>Texto &#8211;&nbsp;<\/strong>Leonardo Fierro \/ Semasc<\/p>\n\n\n\n<p><strong>Foto &#8211;&nbsp;<\/strong>Semcom \/ Arquivo<\/p>\n\n\n\n<p>&#8212; &#8212; &#8212;<\/p>\n\n\n\n<p>SEMASC &#8211; Secretaria Municipal da Mulher, Assist\u00eancia Social e Cidadania<\/p>\n\n\n\n<p>Assessor Respons\u00e1vel: Leonardo Fierro&nbsp;(92) 99446-4599<\/p>\n\n\n\n<p>E-mail:&nbsp;<a href=\"mailto:comunicacao.semasc@gmail.com\" target=\"_blank\" rel=\"noreferrer noopener\">comunicacao.semasc@gmail.com<\/a><\/p>\n\n\n\n<p><\/p>\n","protected":false},"excerpt":{"rendered":"","protected":false},"author":31,"featured_media":208892,"comment_status":"closed","ping_status":"closed","sticky":false,"template":"","format":"standard","meta":{"footnotes":""},"categories":[272],"tags":[404,405,406,407],"acf":[],"yoast_head":"<!-- This site is optimized with the Yoast SEO plugin v23.0 - https:\/\/yoast.com\/wordpress\/plugins\/seo\/ -->\n<title>Conselho dos Direitos Humanos de Manaus convoca Oscs para assembleia geral de recomposi\u00e7\u00e3o do \u00f3rg\u00e3o - SEMASC<\/title>\n<meta name=\"robots\" content=\"noindex, follow\" \/>\n<meta property=\"og:locale\" content=\"pt_BR\" \/>\n<meta property=\"og:type\" content=\"article\" \/>\n<meta property=\"og:title\" content=\"Conselho dos Direitos Humanos de Manaus convoca Oscs para assembleia geral de recomposi\u00e7\u00e3o do \u00f3rg\u00e3o - SEMASC\" \/>\n<meta property=\"og:url\" content=\"https:\/\/www.manaus.am.gov.br\/semasc\/conselho-dos-direitos-humanos-de-manaus-convoca-oscs-para-assembleia-geral-de-recomposicao-do-orgao\/\" \/>\n<meta property=\"og:site_name\" content=\"SEMASC\" \/>\n<meta property=\"article:publisher\" content=\"https:\/\/www.facebook.com\/semascmanaus\" \/>\n<meta property=\"article:published_time\" content=\"2023-09-15T19:50:44+00:00\" \/>\n<meta property=\"article:modified_time\" content=\"2023-09-15T19:50:46+00:00\" \/>\n<meta property=\"og:image\" content=\"https:\/\/www.manaus.am.gov.br\/semasc\/wp-content\/uploads\/sites\/17\/2023\/09\/50975866433_8805d3a223_o.jpg\" \/>\n\t<meta property=\"og:image:width\" content=\"3456\" \/>\n\t<meta property=\"og:image:height\" content=\"2304\" \/>\n\t<meta property=\"og:image:type\" content=\"image\/jpeg\" \/>\n<meta name=\"author\" content=\"Renata Felix\" \/>\n<meta name=\"twitter:card\" content=\"summary_large_image\" \/>\n<meta name=\"twitter:label1\" content=\"Written by\" \/>\n\t<meta name=\"twitter:data1\" content=\"Renata Felix\" \/>\n\t<meta name=\"twitter:label2\" content=\"Est. reading time\" \/>\n\t<meta name=\"twitter:data2\" content=\"4 minutos\" \/>\n<script type=\"application\/ld+json\" class=\"yoast-schema-graph\">{\"@context\":\"https:\/\/schema.org\",\"@graph\":[{\"@type\":\"Article\",\"@id\":\"https:\/\/www.manaus.am.gov.br\/semasc\/conselho-dos-direitos-humanos-de-manaus-convoca-oscs-para-assembleia-geral-de-recomposicao-do-orgao\/#article\",\"isPartOf\":{\"@id\":\"https:\/\/www.manaus.am.gov.br\/semasc\/conselho-dos-direitos-humanos-de-manaus-convoca-oscs-para-assembleia-geral-de-recomposicao-do-orgao\/\"},\"author\":{\"name\":\"Renata Felix\",\"@id\":\"https:\/\/www.manaus.am.gov.br\/semasc\/#\/schema\/person\/4eea2a8f78dc853097abb026f728aa06\"},\"headline\":\"Conselho dos Direitos Humanos de Manaus convoca Oscs para assembleia geral de recomposi\u00e7\u00e3o do \u00f3rg\u00e3o\",\"datePublished\":\"2023-09-15T19:50:44+00:00\",\"dateModified\":\"2023-09-15T19:50:46+00:00\",\"mainEntityOfPage\":{\"@id\":\"https:\/\/www.manaus.am.gov.br\/semasc\/conselho-dos-direitos-humanos-de-manaus-convoca-oscs-para-assembleia-geral-de-recomposicao-do-orgao\/\"},\"wordCount\":641,\"publisher\":{\"@id\":\"https:\/\/www.manaus.am.gov.br\/semasc\/#organization\"},\"image\":{\"@id\":\"https:\/\/www.manaus.am.gov.br\/semasc\/conselho-dos-direitos-humanos-de-manaus-convoca-oscs-para-assembleia-geral-de-recomposicao-do-orgao\/#primaryimage\"},\"thumbnailUrl\":\"https:\/\/www.manaus.am.gov.br\/semasc\/wp-content\/uploads\/sites\/17\/2023\/09\/50975866433_8805d3a223_o.jpg\",\"keywords\":[\"assembleia geral\",\"Conselho Municipal dos Direitos Humanos\",\"convoca\u00e7\u00e3o\",\"sociedade civil\"],\"articleSection\":[\"Reuni\u00e3o\"],\"inLanguage\":\"pt-BR\"},{\"@type\":\"WebPage\",\"@id\":\"https:\/\/www.manaus.am.gov.br\/semasc\/conselho-dos-direitos-humanos-de-manaus-convoca-oscs-para-assembleia-geral-de-recomposicao-do-orgao\/\",\"url\":\"https:\/\/www.manaus.am.gov.br\/semasc\/conselho-dos-direitos-humanos-de-manaus-convoca-oscs-para-assembleia-geral-de-recomposicao-do-orgao\/\",\"name\":\"Conselho dos Direitos Humanos de Manaus convoca Oscs para assembleia geral de recomposi\u00e7\u00e3o do \u00f3rg\u00e3o - SEMASC\",\"isPartOf\":{\"@id\":\"https:\/\/www.manaus.am.gov.br\/semasc\/#website\"},\"primaryImageOfPage\":{\"@id\":\"https:\/\/www.manaus.am.gov.br\/semasc\/conselho-dos-direitos-humanos-de-manaus-convoca-oscs-para-assembleia-geral-de-recomposicao-do-orgao\/#primaryimage\"},\"image\":{\"@id\":\"https:\/\/www.manaus.am.gov.br\/semasc\/conselho-dos-direitos-humanos-de-manaus-convoca-oscs-para-assembleia-geral-de-recomposicao-do-orgao\/#primaryimage\"},\"thumbnailUrl\":\"https:\/\/www.manaus.am.gov.br\/semasc\/wp-content\/uploads\/sites\/17\/2023\/09\/50975866433_8805d3a223_o.jpg\",\"datePublished\":\"2023-09-15T19:50:44+00:00\",\"dateModified\":\"2023-09-15T19:50:46+00:00\",\"breadcrumb\":{\"@id\":\"https:\/\/www.manaus.am.gov.br\/semasc\/conselho-dos-direitos-humanos-de-manaus-convoca-oscs-para-assembleia-geral-de-recomposicao-do-orgao\/#breadcrumb\"},\"inLanguage\":\"pt-BR\",\"potentialAction\":[{\"@type\":\"ReadAction\",\"target\":[\"https:\/\/www.manaus.am.gov.br\/semasc\/conselho-dos-direitos-humanos-de-manaus-convoca-oscs-para-assembleia-geral-de-recomposicao-do-orgao\/\"]}]},{\"@type\":\"ImageObject\",\"inLanguage\":\"pt-BR\",\"@id\":\"https:\/\/www.manaus.am.gov.br\/semasc\/conselho-dos-direitos-humanos-de-manaus-convoca-oscs-para-assembleia-geral-de-recomposicao-do-orgao\/#primaryimage\",\"url\":\"https:\/\/www.manaus.am.gov.br\/semasc\/wp-content\/uploads\/sites\/17\/2023\/09\/50975866433_8805d3a223_o.jpg\",\"contentUrl\":\"https:\/\/www.manaus.am.gov.br\/semasc\/wp-content\/uploads\/sites\/17\/2023\/09\/50975866433_8805d3a223_o.jpg\",\"width\":3456,\"height\":2304},{\"@type\":\"BreadcrumbList\",\"@id\":\"https:\/\/www.manaus.am.gov.br\/semasc\/conselho-dos-direitos-humanos-de-manaus-convoca-oscs-para-assembleia-geral-de-recomposicao-do-orgao\/#breadcrumb\",\"itemListElement\":[{\"@type\":\"ListItem\",\"position\":1,\"name\":\"Home\",\"item\":\"https:\/\/www.manaus.am.gov.br\/semasc\/\"},{\"@type\":\"ListItem\",\"position\":2,\"name\":\"Conselho dos Direitos Humanos de Manaus convoca Oscs para assembleia geral de recomposi\u00e7\u00e3o do \u00f3rg\u00e3o\"}]},{\"@type\":\"WebSite\",\"@id\":\"https:\/\/www.manaus.am.gov.br\/semasc\/#website\",\"url\":\"https:\/\/www.manaus.am.gov.br\/semasc\/\",\"name\":\"SEMASC\",\"description\":\"Secretaria Municipal da Mulher, Assist\u00eancia Social e Cidadania.\",\"publisher\":{\"@id\":\"https:\/\/www.manaus.am.gov.br\/semasc\/#organization\"},\"alternateName\":\"Secretaria Municipal da Mulher, Assist\u00eancia Social e Cidadania\",\"potentialAction\":[{\"@type\":\"SearchAction\",\"target\":{\"@type\":\"EntryPoint\",\"urlTemplate\":\"https:\/\/www.manaus.am.gov.br\/semasc\/?s={search_term_string}\"},\"query-input\":\"required name=search_term_string\"}],\"inLanguage\":\"pt-BR\"},{\"@type\":\"Organization\",\"@id\":\"https:\/\/www.manaus.am.gov.br\/semasc\/#organization\",\"name\":\"Prefeitura de Manaus\",\"alternateName\":\"Prefeitura Municipal de Manaus\",\"url\":\"https:\/\/www.manaus.am.gov.br\/semasc\/\",\"logo\":{\"@type\":\"ImageObject\",\"inLanguage\":\"pt-BR\",\"@id\":\"https:\/\/www.manaus.am.gov.br\/semasc\/#\/schema\/logo\/image\/\",\"url\":\"https:\/\/www.manaus.am.gov.br\/semasc\/wp-content\/uploads\/sites\/17\/2024\/07\/favicon.png\",\"contentUrl\":\"https:\/\/www.manaus.am.gov.br\/semasc\/wp-content\/uploads\/sites\/17\/2024\/07\/favicon.png\",\"width\":300,\"height\":300,\"caption\":\"Prefeitura de Manaus\"},\"image\":{\"@id\":\"https:\/\/www.manaus.am.gov.br\/semasc\/#\/schema\/logo\/image\/\"},\"sameAs\":[\"https:\/\/www.facebook.com\/semascmanaus\",\"https:\/\/www.instagram.com\/semascmanaus\/\"]},{\"@type\":\"Person\",\"@id\":\"https:\/\/www.manaus.am.gov.br\/semasc\/#\/schema\/person\/4eea2a8f78dc853097abb026f728aa06\",\"name\":\"Renata Felix\",\"image\":{\"@type\":\"ImageObject\",\"inLanguage\":\"pt-BR\",\"@id\":\"https:\/\/www.manaus.am.gov.br\/semasc\/#\/schema\/person\/image\/\",\"url\":\"https:\/\/secure.gravatar.com\/avatar\/3c196cf9d3b837b24c8edb2c50fd8f29?s=96&d=mm&r=g\",\"contentUrl\":\"https:\/\/secure.gravatar.com\/avatar\/3c196cf9d3b837b24c8edb2c50fd8f29?s=96&d=mm&r=g\",\"caption\":\"Renata Felix\"}}]}<\/script>\n<!-- \/ Yoast SEO plugin. -->","yoast_head_json":{"title":"Conselho dos Direitos Humanos de Manaus convoca Oscs para assembleia geral de recomposi\u00e7\u00e3o do \u00f3rg\u00e3o - SEMASC","robots":{"index":"noindex","follow":"follow"},"og_locale":"pt_BR","og_type":"article","og_title":"Conselho dos Direitos Humanos de Manaus convoca Oscs para assembleia geral de recomposi\u00e7\u00e3o do \u00f3rg\u00e3o - SEMASC","og_url":"https:\/\/www.manaus.am.gov.br\/semasc\/conselho-dos-direitos-humanos-de-manaus-convoca-oscs-para-assembleia-geral-de-recomposicao-do-orgao\/","og_site_name":"SEMASC","article_publisher":"https:\/\/www.facebook.com\/semascmanaus","article_published_time":"2023-09-15T19:50:44+00:00","article_modified_time":"2023-09-15T19:50:46+00:00","og_image":[{"width":3456,"height":2304,"url":"https:\/\/www.manaus.am.gov.br\/semasc\/wp-content\/uploads\/sites\/17\/2023\/09\/50975866433_8805d3a223_o.jpg","type":"image\/jpeg"}],"author":"Renata Felix","twitter_card":"summary_large_image","twitter_misc":{"Written by":"Renata Felix","Est. reading time":"4 minutos"},"schema":{"@context":"https:\/\/schema.org","@graph":[{"@type":"Article","@id":"https:\/\/www.manaus.am.gov.br\/semasc\/conselho-dos-direitos-humanos-de-manaus-convoca-oscs-para-assembleia-geral-de-recomposicao-do-orgao\/#article","isPartOf":{"@id":"https:\/\/www.manaus.am.gov.br\/semasc\/conselho-dos-direitos-humanos-de-manaus-convoca-oscs-para-assembleia-geral-de-recomposicao-do-orgao\/"},"author":{"name":"Renata Felix","@id":"https:\/\/www.manaus.am.gov.br\/semasc\/#\/schema\/person\/4eea2a8f78dc853097abb026f728aa06"},"headline":"Conselho dos Direitos Humanos de Manaus convoca Oscs para assembleia geral de recomposi\u00e7\u00e3o do \u00f3rg\u00e3o","datePublished":"2023-09-15T19:50:44+00:00","dateModified":"2023-09-15T19:50:46+00:00","mainEntityOfPage":{"@id":"https:\/\/www.manaus.am.gov.br\/semasc\/conselho-dos-direitos-humanos-de-manaus-convoca-oscs-para-assembleia-geral-de-recomposicao-do-orgao\/"},"wordCount":641,"publisher":{"@id":"https:\/\/www.manaus.am.gov.br\/semasc\/#organization"},"image":{"@id":"https:\/\/www.manaus.am.gov.br\/semasc\/conselho-dos-direitos-humanos-de-manaus-convoca-oscs-para-assembleia-geral-de-recomposicao-do-orgao\/#primaryimage"},"thumbnailUrl":"https:\/\/www.manaus.am.gov.br\/semasc\/wp-content\/uploads\/sites\/17\/2023\/09\/50975866433_8805d3a223_o.jpg","keywords":["assembleia geral","Conselho Municipal dos Direitos Humanos","convoca\u00e7\u00e3o","sociedade civil"],"articleSection":["Reuni\u00e3o"],"inLanguage":"pt-BR"},{"@type":"WebPage","@id":"https:\/\/www.manaus.am.gov.br\/semasc\/conselho-dos-direitos-humanos-de-manaus-convoca-oscs-para-assembleia-geral-de-recomposicao-do-orgao\/","url":"https:\/\/www.manaus.am.gov.br\/semasc\/conselho-dos-direitos-humanos-de-manaus-convoca-oscs-para-assembleia-geral-de-recomposicao-do-orgao\/","name":"Conselho dos Direitos Humanos de Manaus convoca Oscs para assembleia geral de recomposi\u00e7\u00e3o do \u00f3rg\u00e3o - SEMASC","isPartOf":{"@id":"https:\/\/www.manaus.am.gov.br\/semasc\/#website"},"primaryImageOfPage":{"@id":"https:\/\/www.manaus.am.gov.br\/semasc\/conselho-dos-direitos-humanos-de-manaus-convoca-oscs-para-assembleia-geral-de-recomposicao-do-orgao\/#primaryimage"},"image":{"@id":"https:\/\/www.manaus.am.gov.br\/semasc\/conselho-dos-direitos-humanos-de-manaus-convoca-oscs-para-assembleia-geral-de-recomposicao-do-orgao\/#primaryimage"},"thumbnailUrl":"https:\/\/www.manaus.am.gov.br\/semasc\/wp-content\/uploads\/sites\/17\/2023\/09\/50975866433_8805d3a223_o.jpg","datePublished":"2023-09-15T19:50:44+00:00","dateModified":"2023-09-15T19:50:46+00:00","breadcrumb":{"@id":"https:\/\/www.manaus.am.gov.br\/semasc\/conselho-dos-direitos-humanos-de-manaus-convoca-oscs-para-assembleia-geral-de-recomposicao-do-orgao\/#breadcrumb"},"inLanguage":"pt-BR","potentialAction":[{"@type":"ReadAction","target":["https:\/\/www.manaus.am.gov.br\/semasc\/conselho-dos-direitos-humanos-de-manaus-convoca-oscs-para-assembleia-geral-de-recomposicao-do-orgao\/"]}]},{"@type":"ImageObject","inLanguage":"pt-BR","@id":"https:\/\/www.manaus.am.gov.br\/semasc\/conselho-dos-direitos-humanos-de-manaus-convoca-oscs-para-assembleia-geral-de-recomposicao-do-orgao\/#primaryimage","url":"https:\/\/www.manaus.am.gov.br\/semasc\/wp-content\/uploads\/sites\/17\/2023\/09\/50975866433_8805d3a223_o.jpg","contentUrl":"https:\/\/www.manaus.am.gov.br\/semasc\/wp-content\/uploads\/sites\/17\/2023\/09\/50975866433_8805d3a223_o.jpg","width":3456,"height":2304},{"@type":"BreadcrumbList","@id":"https:\/\/www.manaus.am.gov.br\/semasc\/conselho-dos-direitos-humanos-de-manaus-convoca-oscs-para-assembleia-geral-de-recomposicao-do-orgao\/#breadcrumb","itemListElement":[{"@type":"ListItem","position":1,"name":"Home","item":"https:\/\/www.manaus.am.gov.br\/semasc\/"},{"@type":"ListItem","position":2,"name":"Conselho dos Direitos Humanos de Manaus convoca Oscs para assembleia geral de recomposi\u00e7\u00e3o do \u00f3rg\u00e3o"}]},{"@type":"WebSite","@id":"https:\/\/www.manaus.am.gov.br\/semasc\/#website","url":"https:\/\/www.manaus.am.gov.br\/semasc\/","name":"SEMASC","description":"Secretaria Municipal da Mulher, Assist\u00eancia Social e Cidadania.","publisher":{"@id":"https:\/\/www.manaus.am.gov.br\/semasc\/#organization"},"alternateName":"Secretaria Municipal da Mulher, Assist\u00eancia Social e Cidadania","potentialAction":[{"@type":"SearchAction","target":{"@type":"EntryPoint","urlTemplate":"https:\/\/www.manaus.am.gov.br\/semasc\/?s={search_term_string}"},"query-input":"required name=search_term_string"}],"inLanguage":"pt-BR"},{"@type":"Organization","@id":"https:\/\/www.manaus.am.gov.br\/semasc\/#organization","name":"Prefeitura de Manaus","alternateName":"Prefeitura Municipal de Manaus","url":"https:\/\/www.manaus.am.gov.br\/semasc\/","logo":{"@type":"ImageObject","inLanguage":"pt-BR","@id":"https:\/\/www.manaus.am.gov.br\/semasc\/#\/schema\/logo\/image\/","url":"https:\/\/www.manaus.am.gov.br\/semasc\/wp-content\/uploads\/sites\/17\/2024\/07\/favicon.png","contentUrl":"https:\/\/www.manaus.am.gov.br\/semasc\/wp-content\/uploads\/sites\/17\/2024\/07\/favicon.png","width":300,"height":300,"caption":"Prefeitura de Manaus"},"image":{"@id":"https:\/\/www.manaus.am.gov.br\/semasc\/#\/schema\/logo\/image\/"},"sameAs":["https:\/\/www.facebook.com\/semascmanaus","https:\/\/www.instagram.com\/semascmanaus\/"]},{"@type":"Person","@id":"https:\/\/www.manaus.am.gov.br\/semasc\/#\/schema\/person\/4eea2a8f78dc853097abb026f728aa06","name":"Renata Felix","image":{"@type":"ImageObject","inLanguage":"pt-BR","@id":"https:\/\/www.manaus.am.gov.br\/semasc\/#\/schema\/person\/image\/","url":"https:\/\/secure.gravatar.com\/avatar\/3c196cf9d3b837b24c8edb2c50fd8f29?s=96&d=mm&r=g","contentUrl":"https:\/\/secure.gravatar.com\/avatar\/3c196cf9d3b837b24c8edb2c50fd8f29?s=96&d=mm&r=g","caption":"Renata Felix"}}]}},"_links":{"self":[{"href":"https:\/\/www.manaus.am.gov.br\/semasc\/wp-json\/wp\/v2\/posts\/208891"}],"collection":[{"href":"https:\/\/www.manaus.am.gov.br\/semasc\/wp-json\/wp\/v2\/posts"}],"about":[{"href":"https:\/\/www.manaus.am.gov.br\/semasc\/wp-json\/wp\/v2\/types\/post"}],"author":[{"embeddable":true,"href":"https:\/\/www.manaus.am.gov.br\/semasc\/wp-json\/wp\/v2\/users\/31"}],"replies":[{"embeddable":true,"href":"https:\/\/www.manaus.am.gov.br\/semasc\/wp-json\/wp\/v2\/comments?post=208891"}],"version-history":[{"count":0,"href":"https:\/\/www.manaus.am.gov.br\/semasc\/wp-json\/wp\/v2\/posts\/208891\/revisions"}],"wp:featuredmedia":[{"embeddable":true,"href":"https:\/\/www.manaus.am.gov.br\/semasc\/wp-json\/wp\/v2\/media\/208892"}],"wp:attachment":[{"href":"https:\/\/www.manaus.am.gov.br\/semasc\/wp-json\/wp\/v2\/media?parent=208891"}],"wp:term":[{"taxonomy":"category","embeddable":true,"href":"https:\/\/www.manaus.am.gov.br\/semasc\/wp-json\/wp\/v2\/categories?post=208891"},{"taxonomy":"post_tag","embeddable":true,"href":"https:\/\/www.manaus.am.gov.br\/semasc\/wp-json\/wp\/v2\/tags?post=208891"}],"curies":[{"name":"wp","href":"https:\/\/api.w.org\/{rel}","templated":true}]}}