{"id":208876,"date":"2023-09-13T12:46:44","date_gmt":"2023-09-13T16:46:44","guid":{"rendered":"https:\/\/www.manaus.am.gov.br\/semasc\/prefeitura-realiza-passeio-em-zoologico-com-criancas-atendidas-pelo-cras\/"},"modified":"2023-09-13T12:46:45","modified_gmt":"2023-09-13T16:46:45","slug":"prefeitura-realiza-passeio-em-zoologico-com-criancas-atendidas-pelo-cras","status":"publish","type":"post","link":"https:\/\/www.manaus.am.gov.br\/semasc\/prefeitura-realiza-passeio-em-zoologico-com-criancas-atendidas-pelo-cras\/","title":{"rendered":"<strong>Prefeitura realiza passeio em zool\u00f3gico com crian\u00e7as atendidas pelo Cras<\/strong>"},"content":{"rendered":"\n<p>Em alus\u00e3o ao Dia da Amaz\u00f4nia, celebrado nacionalmente no dia 5 de setembro, a Prefeitura de Manaus, por meio da Secretaria Municipal da Mulher, Assist\u00eancia Social e Cidadania (Semasc), realizou, nesta quarta-feira, 13\/9, um passeio ao Zool\u00f3gico do Centro de Instru\u00e7\u00e3o de Guerra na Selva (Cigs), na zona Oeste, com crian\u00e7as atendidas pelo Servi\u00e7o de Conviv\u00eancia e Fortalecimento de V\u00ednculos e referenciadas no Centro de Refer\u00eancia de Assist\u00eancia Social (Cras) Alvorada III.<\/p>\n\n\n\n<p>Ao longo da manh\u00e3, o grupo formado por 15 crian\u00e7as p\u00f4de conhecer as diversas instala\u00e7\u00f5es e esp\u00e9cies presentes no espa\u00e7o.<\/p>\n\n\n\n<p>\u201cPasseios como este s\u00e3o muito importantes, pois a finalidade do servi\u00e7o \u00e9 justamente a garantia dos direitos de mulheres, idosos e, no nosso caso, crian\u00e7as. A partir do momento que propomos e executamos uma programa\u00e7\u00e3o alusiva ao Dia da Amaz\u00f4nia e trazemos eles para c\u00e1, estamos garantindo o acesso \u00e0 cultura, ao lazer e \u00e0 educa\u00e7\u00e3o\u201d, destacou a assistente social Adria Vinhote, respons\u00e1vel pelo grupo durante a programa\u00e7\u00e3o.<\/p>\n\n\n\n<p>O pequeno Jos\u00e9 Miguel, de 10 anos, elogiou o zool\u00f3gico e disse que quer voltar a visit\u00e1-lo futuramente. \u201cEu gostei muito das on\u00e7as e dos macacos, foi muito legal ver eles ali. Quero vir de novo, quando der\u201d, afirmou.<\/p>\n\n\n\n<p>Para Jefferson Rolim, professor da Secretaria Municipal de Educa\u00e7\u00e3o (Semed) e um dos respons\u00e1veis pelo espa\u00e7o \u201cOca do Conhecimento\u201d, a visita dos mais jovens ao zool\u00f3gico \u00e9 sempre recebida com muito carinho e satisfa\u00e7\u00e3o.<\/p>\n\n\n\n<p>\u201c\u00c9 gratificante, muito gratificante. Al\u00e9m da sala de aula, \u00e9 fundamental que as crian\u00e7as tenham acesso a espa\u00e7os p\u00fablicos como este, que sempre buscam promover a educa\u00e7\u00e3o ambiental e o conhecimento em rela\u00e7\u00e3o a nossa fauna e flora\u201d, explicou o educador.<\/p>\n\n\n\n<p><strong>Hor\u00e1rio de funcionamento do zool\u00f3gico<\/strong><\/p>\n\n\n\n<p>A visita\u00e7\u00e3o ao zool\u00f3gico do Cigs funciona das 9h \u00e0s 16h durante a semana (ter\u00e7a \u00e0 sexta-feira), e das 9h \u00e0s 16h30 aos s\u00e1bados, domingos e feriados.<\/p>\n\n\n\n<p>A taxa para visita\u00e7\u00e3o atualmente custa R$ 10 para visitantes que comprovem a naturalidade amazonense por meio da apresenta\u00e7\u00e3o do documento de identidade e R$ 20 para visitantes de outros estados. Crian\u00e7as de at\u00e9 12 anos de idade, idosos acima dos 60 anos e Pessoas com Defici\u00eancia (PcDs) s\u00e3o isentos da taxa.<\/p>\n\n\n\n<p>&#8212; &#8212; &#8212;<\/p>\n\n\n\n<p><strong>Texto &#8211;<\/strong> Guilherme Pacheco \/ Semasc&nbsp;<\/p>\n\n\n\n<p><strong>Foto &#8211; <\/strong>Diego Lima \/ Semasc\u00a0<\/p>\n","protected":false},"excerpt":{"rendered":"","protected":false},"author":39,"featured_media":208877,"comment_status":"closed","ping_status":"closed","sticky":false,"template":"","format":"standard","meta":{"footnotes":""},"categories":[204],"tags":[396,397,7,18,141],"acf":[],"yoast_head":"<!-- This site is optimized with the Yoast SEO plugin v23.0 - https:\/\/yoast.com\/wordpress\/plugins\/seo\/ -->\n<title>Prefeitura realiza passeio em zool\u00f3gico com crian\u00e7as atendidas pelo Cras<\/title>\n<meta name=\"description\" content=\"Em alus\u00e3o ao Dia da Amaz\u00f4nia, celebrado nacionalmente no dia 5 de setembro, a Prefeitura de Manaus, por meio da Secretaria Municipal da Mulher, Assist\u00eancia Social e Cidadania (Semasc), realizou, nesta quarta-feira, 13\/9, um passeio ao Zool\u00f3gico do Centro de Instru\u00e7\u00e3o de Guerra na Selva (Cigs), na zona Oeste, com crian\u00e7as atendidas pelo Servi\u00e7o de Conviv\u00eancia e Fortalecimento de V\u00ednculos e referenciadas no Centro de Refer\u00eancia de Assist\u00eancia Social (Cras) Alvorada III.\" \/>\n<meta name=\"robots\" content=\"noindex, follow\" \/>\n<meta property=\"og:locale\" content=\"pt_BR\" \/>\n<meta property=\"og:type\" content=\"article\" \/>\n<meta property=\"og:title\" content=\"Prefeitura realiza passeio em zool\u00f3gico com crian\u00e7as atendidas pelo Cras\" \/>\n<meta property=\"og:description\" content=\"Em alus\u00e3o ao Dia da Amaz\u00f4nia, celebrado nacionalmente no dia 5 de setembro, a Prefeitura de Manaus, por meio da Secretaria Municipal da Mulher, Assist\u00eancia Social e Cidadania (Semasc), realizou, nesta quarta-feira, 13\/9, um passeio ao Zool\u00f3gico do Centro de Instru\u00e7\u00e3o de Guerra na Selva (Cigs), na zona Oeste, com crian\u00e7as atendidas pelo Servi\u00e7o de Conviv\u00eancia e Fortalecimento de V\u00ednculos e referenciadas no Centro de Refer\u00eancia de Assist\u00eancia Social (Cras) Alvorada III.\" \/>\n<meta property=\"og:url\" content=\"https:\/\/www.manaus.am.gov.br\/semasc\/prefeitura-realiza-passeio-em-zoologico-com-criancas-atendidas-pelo-cras\/\" \/>\n<meta property=\"og:site_name\" content=\"SEMASC\" \/>\n<meta property=\"article:publisher\" content=\"https:\/\/www.facebook.com\/semascmanaus\" \/>\n<meta property=\"article:published_time\" content=\"2023-09-13T16:46:44+00:00\" \/>\n<meta property=\"article:modified_time\" content=\"2023-09-13T16:46:45+00:00\" \/>\n<meta property=\"og:image\" content=\"https:\/\/www.manaus.am.gov.br\/semasc\/wp-content\/uploads\/sites\/17\/2023\/09\/Passeio-em-zoologico-com-criancas-atendidas-pelo-Cras-1.jpeg\" \/>\n\t<meta property=\"og:image:width\" content=\"1600\" \/>\n\t<meta property=\"og:image:height\" content=\"1066\" \/>\n\t<meta property=\"og:image:type\" content=\"image\/jpeg\" \/>\n<meta name=\"author\" content=\"Bruna Greco\" \/>\n<meta name=\"twitter:card\" content=\"summary_large_image\" \/>\n<meta name=\"twitter:label1\" content=\"Written by\" \/>\n\t<meta name=\"twitter:data1\" content=\"Bruna Greco\" \/>\n\t<meta name=\"twitter:label2\" content=\"Est. reading time\" \/>\n\t<meta name=\"twitter:data2\" content=\"3 minutos\" \/>\n<script type=\"application\/ld+json\" class=\"yoast-schema-graph\">{\"@context\":\"https:\/\/schema.org\",\"@graph\":[{\"@type\":\"Article\",\"@id\":\"https:\/\/www.manaus.am.gov.br\/semasc\/prefeitura-realiza-passeio-em-zoologico-com-criancas-atendidas-pelo-cras\/#article\",\"isPartOf\":{\"@id\":\"https:\/\/www.manaus.am.gov.br\/semasc\/prefeitura-realiza-passeio-em-zoologico-com-criancas-atendidas-pelo-cras\/\"},\"author\":{\"name\":\"Bruna Greco\",\"@id\":\"https:\/\/www.manaus.am.gov.br\/semasc\/#\/schema\/person\/05d223aea2bf115f9883a6ff3683d81b\"},\"headline\":\"Prefeitura realiza passeio em zool\u00f3gico com crian\u00e7as atendidas pelo Cras\",\"datePublished\":\"2023-09-13T16:46:44+00:00\",\"dateModified\":\"2023-09-13T16:46:45+00:00\",\"mainEntityOfPage\":{\"@id\":\"https:\/\/www.manaus.am.gov.br\/semasc\/prefeitura-realiza-passeio-em-zoologico-com-criancas-atendidas-pelo-cras\/\"},\"wordCount\":418,\"publisher\":{\"@id\":\"https:\/\/www.manaus.am.gov.br\/semasc\/#organization\"},\"image\":{\"@id\":\"https:\/\/www.manaus.am.gov.br\/semasc\/prefeitura-realiza-passeio-em-zoologico-com-criancas-atendidas-pelo-cras\/#primaryimage\"},\"thumbnailUrl\":\"https:\/\/www.manaus.am.gov.br\/semasc\/wp-content\/uploads\/sites\/17\/2023\/09\/Passeio-em-zoologico-com-criancas-atendidas-pelo-Cras-1.jpeg\",\"keywords\":[\"Centro de Refer\u00eancia de Assist\u00eancia Social (Cras) Alvorada III\",\"passeio em zool\u00f3gico\",\"prefeitura de manaus\",\"Semasc\",\"Zool\u00f3gico do Centro de Instru\u00e7\u00e3o de Guerra na Selva (CIGS)\"],\"articleSection\":[\"Inclus\u00e3o\"],\"inLanguage\":\"pt-BR\"},{\"@type\":\"WebPage\",\"@id\":\"https:\/\/www.manaus.am.gov.br\/semasc\/prefeitura-realiza-passeio-em-zoologico-com-criancas-atendidas-pelo-cras\/\",\"url\":\"https:\/\/www.manaus.am.gov.br\/semasc\/prefeitura-realiza-passeio-em-zoologico-com-criancas-atendidas-pelo-cras\/\",\"name\":\"Prefeitura realiza passeio em zool\u00f3gico com crian\u00e7as atendidas pelo Cras\",\"isPartOf\":{\"@id\":\"https:\/\/www.manaus.am.gov.br\/semasc\/#website\"},\"primaryImageOfPage\":{\"@id\":\"https:\/\/www.manaus.am.gov.br\/semasc\/prefeitura-realiza-passeio-em-zoologico-com-criancas-atendidas-pelo-cras\/#primaryimage\"},\"image\":{\"@id\":\"https:\/\/www.manaus.am.gov.br\/semasc\/prefeitura-realiza-passeio-em-zoologico-com-criancas-atendidas-pelo-cras\/#primaryimage\"},\"thumbnailUrl\":\"https:\/\/www.manaus.am.gov.br\/semasc\/wp-content\/uploads\/sites\/17\/2023\/09\/Passeio-em-zoologico-com-criancas-atendidas-pelo-Cras-1.jpeg\",\"datePublished\":\"2023-09-13T16:46:44+00:00\",\"dateModified\":\"2023-09-13T16:46:45+00:00\",\"description\":\"Em alus\u00e3o ao Dia da Amaz\u00f4nia, celebrado nacionalmente no dia 5 de setembro, a Prefeitura de Manaus, por meio da Secretaria Municipal da Mulher, Assist\u00eancia Social e Cidadania (Semasc), realizou, nesta quarta-feira, 13\/9, um passeio ao Zool\u00f3gico do Centro de Instru\u00e7\u00e3o de Guerra na Selva (Cigs), na zona Oeste, com crian\u00e7as atendidas pelo Servi\u00e7o de Conviv\u00eancia e Fortalecimento de V\u00ednculos e referenciadas no Centro de Refer\u00eancia de Assist\u00eancia Social (Cras) Alvorada III.\",\"breadcrumb\":{\"@id\":\"https:\/\/www.manaus.am.gov.br\/semasc\/prefeitura-realiza-passeio-em-zoologico-com-criancas-atendidas-pelo-cras\/#breadcrumb\"},\"inLanguage\":\"pt-BR\",\"potentialAction\":[{\"@type\":\"ReadAction\",\"target\":[\"https:\/\/www.manaus.am.gov.br\/semasc\/prefeitura-realiza-passeio-em-zoologico-com-criancas-atendidas-pelo-cras\/\"]}]},{\"@type\":\"ImageObject\",\"inLanguage\":\"pt-BR\",\"@id\":\"https:\/\/www.manaus.am.gov.br\/semasc\/prefeitura-realiza-passeio-em-zoologico-com-criancas-atendidas-pelo-cras\/#primaryimage\",\"url\":\"https:\/\/www.manaus.am.gov.br\/semasc\/wp-content\/uploads\/sites\/17\/2023\/09\/Passeio-em-zoologico-com-criancas-atendidas-pelo-Cras-1.jpeg\",\"contentUrl\":\"https:\/\/www.manaus.am.gov.br\/semasc\/wp-content\/uploads\/sites\/17\/2023\/09\/Passeio-em-zoologico-com-criancas-atendidas-pelo-Cras-1.jpeg\",\"width\":1600,\"height\":1066},{\"@type\":\"BreadcrumbList\",\"@id\":\"https:\/\/www.manaus.am.gov.br\/semasc\/prefeitura-realiza-passeio-em-zoologico-com-criancas-atendidas-pelo-cras\/#breadcrumb\",\"itemListElement\":[{\"@type\":\"ListItem\",\"position\":1,\"name\":\"Home\",\"item\":\"https:\/\/www.manaus.am.gov.br\/semasc\/\"},{\"@type\":\"ListItem\",\"position\":2,\"name\":\"Prefeitura realiza passeio em zool\u00f3gico com crian\u00e7as atendidas pelo Cras\"}]},{\"@type\":\"WebSite\",\"@id\":\"https:\/\/www.manaus.am.gov.br\/semasc\/#website\",\"url\":\"https:\/\/www.manaus.am.gov.br\/semasc\/\",\"name\":\"SEMASC\",\"description\":\"Secretaria Municipal da Mulher, Assist\u00eancia Social e Cidadania.\",\"publisher\":{\"@id\":\"https:\/\/www.manaus.am.gov.br\/semasc\/#organization\"},\"alternateName\":\"Secretaria Municipal da Mulher, Assist\u00eancia Social e Cidadania\",\"potentialAction\":[{\"@type\":\"SearchAction\",\"target\":{\"@type\":\"EntryPoint\",\"urlTemplate\":\"https:\/\/www.manaus.am.gov.br\/semasc\/?s={search_term_string}\"},\"query-input\":\"required name=search_term_string\"}],\"inLanguage\":\"pt-BR\"},{\"@type\":\"Organization\",\"@id\":\"https:\/\/www.manaus.am.gov.br\/semasc\/#organization\",\"name\":\"Prefeitura de Manaus\",\"alternateName\":\"Prefeitura Municipal de Manaus\",\"url\":\"https:\/\/www.manaus.am.gov.br\/semasc\/\",\"logo\":{\"@type\":\"ImageObject\",\"inLanguage\":\"pt-BR\",\"@id\":\"https:\/\/www.manaus.am.gov.br\/semasc\/#\/schema\/logo\/image\/\",\"url\":\"https:\/\/www.manaus.am.gov.br\/semasc\/wp-content\/uploads\/sites\/17\/2024\/07\/favicon.png\",\"contentUrl\":\"https:\/\/www.manaus.am.gov.br\/semasc\/wp-content\/uploads\/sites\/17\/2024\/07\/favicon.png\",\"width\":300,\"height\":300,\"caption\":\"Prefeitura de Manaus\"},\"image\":{\"@id\":\"https:\/\/www.manaus.am.gov.br\/semasc\/#\/schema\/logo\/image\/\"},\"sameAs\":[\"https:\/\/www.facebook.com\/semascmanaus\",\"https:\/\/www.instagram.com\/semascmanaus\/\"]},{\"@type\":\"Person\",\"@id\":\"https:\/\/www.manaus.am.gov.br\/semasc\/#\/schema\/person\/05d223aea2bf115f9883a6ff3683d81b\",\"name\":\"Bruna Greco\",\"image\":{\"@type\":\"ImageObject\",\"inLanguage\":\"pt-BR\",\"@id\":\"https:\/\/www.manaus.am.gov.br\/semasc\/#\/schema\/person\/image\/\",\"url\":\"https:\/\/secure.gravatar.com\/avatar\/9c877d1a6adc2a055330e5c09a8653ce?s=96&d=mm&r=g\",\"contentUrl\":\"https:\/\/secure.gravatar.com\/avatar\/9c877d1a6adc2a055330e5c09a8653ce?s=96&d=mm&r=g\",\"caption\":\"Bruna Greco\"}}]}<\/script>\n<!-- \/ Yoast SEO plugin. -->","yoast_head_json":{"title":"Prefeitura realiza passeio em zool\u00f3gico com crian\u00e7as atendidas pelo Cras","description":"Em alus\u00e3o ao Dia da Amaz\u00f4nia, celebrado nacionalmente no dia 5 de setembro, a Prefeitura de Manaus, por meio da Secretaria Municipal da Mulher, Assist\u00eancia Social e Cidadania (Semasc), realizou, nesta quarta-feira, 13\/9, um passeio ao Zool\u00f3gico do Centro de Instru\u00e7\u00e3o de Guerra na Selva (Cigs), na zona Oeste, com crian\u00e7as atendidas pelo Servi\u00e7o de Conviv\u00eancia e Fortalecimento de V\u00ednculos e referenciadas no Centro de Refer\u00eancia de Assist\u00eancia Social (Cras) Alvorada III.","robots":{"index":"noindex","follow":"follow"},"og_locale":"pt_BR","og_type":"article","og_title":"Prefeitura realiza passeio em zool\u00f3gico com crian\u00e7as atendidas pelo Cras","og_description":"Em alus\u00e3o ao Dia da Amaz\u00f4nia, celebrado nacionalmente no dia 5 de setembro, a Prefeitura de Manaus, por meio da Secretaria Municipal da Mulher, Assist\u00eancia Social e Cidadania (Semasc), realizou, nesta quarta-feira, 13\/9, um passeio ao Zool\u00f3gico do Centro de Instru\u00e7\u00e3o de Guerra na Selva (Cigs), na zona Oeste, com crian\u00e7as atendidas pelo Servi\u00e7o de Conviv\u00eancia e Fortalecimento de V\u00ednculos e referenciadas no Centro de Refer\u00eancia de Assist\u00eancia Social (Cras) Alvorada III.","og_url":"https:\/\/www.manaus.am.gov.br\/semasc\/prefeitura-realiza-passeio-em-zoologico-com-criancas-atendidas-pelo-cras\/","og_site_name":"SEMASC","article_publisher":"https:\/\/www.facebook.com\/semascmanaus","article_published_time":"2023-09-13T16:46:44+00:00","article_modified_time":"2023-09-13T16:46:45+00:00","og_image":[{"width":1600,"height":1066,"url":"https:\/\/www.manaus.am.gov.br\/semasc\/wp-content\/uploads\/sites\/17\/2023\/09\/Passeio-em-zoologico-com-criancas-atendidas-pelo-Cras-1.jpeg","type":"image\/jpeg"}],"author":"Bruna Greco","twitter_card":"summary_large_image","twitter_misc":{"Written by":"Bruna Greco","Est. reading time":"3 minutos"},"schema":{"@context":"https:\/\/schema.org","@graph":[{"@type":"Article","@id":"https:\/\/www.manaus.am.gov.br\/semasc\/prefeitura-realiza-passeio-em-zoologico-com-criancas-atendidas-pelo-cras\/#article","isPartOf":{"@id":"https:\/\/www.manaus.am.gov.br\/semasc\/prefeitura-realiza-passeio-em-zoologico-com-criancas-atendidas-pelo-cras\/"},"author":{"name":"Bruna Greco","@id":"https:\/\/www.manaus.am.gov.br\/semasc\/#\/schema\/person\/05d223aea2bf115f9883a6ff3683d81b"},"headline":"Prefeitura realiza passeio em zool\u00f3gico com crian\u00e7as atendidas pelo Cras","datePublished":"2023-09-13T16:46:44+00:00","dateModified":"2023-09-13T16:46:45+00:00","mainEntityOfPage":{"@id":"https:\/\/www.manaus.am.gov.br\/semasc\/prefeitura-realiza-passeio-em-zoologico-com-criancas-atendidas-pelo-cras\/"},"wordCount":418,"publisher":{"@id":"https:\/\/www.manaus.am.gov.br\/semasc\/#organization"},"image":{"@id":"https:\/\/www.manaus.am.gov.br\/semasc\/prefeitura-realiza-passeio-em-zoologico-com-criancas-atendidas-pelo-cras\/#primaryimage"},"thumbnailUrl":"https:\/\/www.manaus.am.gov.br\/semasc\/wp-content\/uploads\/sites\/17\/2023\/09\/Passeio-em-zoologico-com-criancas-atendidas-pelo-Cras-1.jpeg","keywords":["Centro de Refer\u00eancia de Assist\u00eancia Social (Cras) Alvorada III","passeio em zool\u00f3gico","prefeitura de manaus","Semasc","Zool\u00f3gico do Centro de Instru\u00e7\u00e3o de Guerra na Selva (CIGS)"],"articleSection":["Inclus\u00e3o"],"inLanguage":"pt-BR"},{"@type":"WebPage","@id":"https:\/\/www.manaus.am.gov.br\/semasc\/prefeitura-realiza-passeio-em-zoologico-com-criancas-atendidas-pelo-cras\/","url":"https:\/\/www.manaus.am.gov.br\/semasc\/prefeitura-realiza-passeio-em-zoologico-com-criancas-atendidas-pelo-cras\/","name":"Prefeitura realiza passeio em zool\u00f3gico com crian\u00e7as atendidas pelo Cras","isPartOf":{"@id":"https:\/\/www.manaus.am.gov.br\/semasc\/#website"},"primaryImageOfPage":{"@id":"https:\/\/www.manaus.am.gov.br\/semasc\/prefeitura-realiza-passeio-em-zoologico-com-criancas-atendidas-pelo-cras\/#primaryimage"},"image":{"@id":"https:\/\/www.manaus.am.gov.br\/semasc\/prefeitura-realiza-passeio-em-zoologico-com-criancas-atendidas-pelo-cras\/#primaryimage"},"thumbnailUrl":"https:\/\/www.manaus.am.gov.br\/semasc\/wp-content\/uploads\/sites\/17\/2023\/09\/Passeio-em-zoologico-com-criancas-atendidas-pelo-Cras-1.jpeg","datePublished":"2023-09-13T16:46:44+00:00","dateModified":"2023-09-13T16:46:45+00:00","description":"Em alus\u00e3o ao Dia da Amaz\u00f4nia, celebrado nacionalmente no dia 5 de setembro, a Prefeitura de Manaus, por meio da Secretaria Municipal da Mulher, Assist\u00eancia Social e Cidadania (Semasc), realizou, nesta quarta-feira, 13\/9, um passeio ao Zool\u00f3gico do Centro de Instru\u00e7\u00e3o de Guerra na Selva (Cigs), na zona Oeste, com crian\u00e7as atendidas pelo Servi\u00e7o de Conviv\u00eancia e Fortalecimento de V\u00ednculos e referenciadas no Centro de Refer\u00eancia de Assist\u00eancia Social (Cras) Alvorada III.","breadcrumb":{"@id":"https:\/\/www.manaus.am.gov.br\/semasc\/prefeitura-realiza-passeio-em-zoologico-com-criancas-atendidas-pelo-cras\/#breadcrumb"},"inLanguage":"pt-BR","potentialAction":[{"@type":"ReadAction","target":["https:\/\/www.manaus.am.gov.br\/semasc\/prefeitura-realiza-passeio-em-zoologico-com-criancas-atendidas-pelo-cras\/"]}]},{"@type":"ImageObject","inLanguage":"pt-BR","@id":"https:\/\/www.manaus.am.gov.br\/semasc\/prefeitura-realiza-passeio-em-zoologico-com-criancas-atendidas-pelo-cras\/#primaryimage","url":"https:\/\/www.manaus.am.gov.br\/semasc\/wp-content\/uploads\/sites\/17\/2023\/09\/Passeio-em-zoologico-com-criancas-atendidas-pelo-Cras-1.jpeg","contentUrl":"https:\/\/www.manaus.am.gov.br\/semasc\/wp-content\/uploads\/sites\/17\/2023\/09\/Passeio-em-zoologico-com-criancas-atendidas-pelo-Cras-1.jpeg","width":1600,"height":1066},{"@type":"BreadcrumbList","@id":"https:\/\/www.manaus.am.gov.br\/semasc\/prefeitura-realiza-passeio-em-zoologico-com-criancas-atendidas-pelo-cras\/#breadcrumb","itemListElement":[{"@type":"ListItem","position":1,"name":"Home","item":"https:\/\/www.manaus.am.gov.br\/semasc\/"},{"@type":"ListItem","position":2,"name":"Prefeitura realiza passeio em zool\u00f3gico com crian\u00e7as atendidas pelo Cras"}]},{"@type":"WebSite","@id":"https:\/\/www.manaus.am.gov.br\/semasc\/#website","url":"https:\/\/www.manaus.am.gov.br\/semasc\/","name":"SEMASC","description":"Secretaria Municipal da Mulher, Assist\u00eancia Social e Cidadania.","publisher":{"@id":"https:\/\/www.manaus.am.gov.br\/semasc\/#organization"},"alternateName":"Secretaria Municipal da Mulher, Assist\u00eancia Social e Cidadania","potentialAction":[{"@type":"SearchAction","target":{"@type":"EntryPoint","urlTemplate":"https:\/\/www.manaus.am.gov.br\/semasc\/?s={search_term_string}"},"query-input":"required name=search_term_string"}],"inLanguage":"pt-BR"},{"@type":"Organization","@id":"https:\/\/www.manaus.am.gov.br\/semasc\/#organization","name":"Prefeitura de Manaus","alternateName":"Prefeitura Municipal de Manaus","url":"https:\/\/www.manaus.am.gov.br\/semasc\/","logo":{"@type":"ImageObject","inLanguage":"pt-BR","@id":"https:\/\/www.manaus.am.gov.br\/semasc\/#\/schema\/logo\/image\/","url":"https:\/\/www.manaus.am.gov.br\/semasc\/wp-content\/uploads\/sites\/17\/2024\/07\/favicon.png","contentUrl":"https:\/\/www.manaus.am.gov.br\/semasc\/wp-content\/uploads\/sites\/17\/2024\/07\/favicon.png","width":300,"height":300,"caption":"Prefeitura de Manaus"},"image":{"@id":"https:\/\/www.manaus.am.gov.br\/semasc\/#\/schema\/logo\/image\/"},"sameAs":["https:\/\/www.facebook.com\/semascmanaus","https:\/\/www.instagram.com\/semascmanaus\/"]},{"@type":"Person","@id":"https:\/\/www.manaus.am.gov.br\/semasc\/#\/schema\/person\/05d223aea2bf115f9883a6ff3683d81b","name":"Bruna Greco","image":{"@type":"ImageObject","inLanguage":"pt-BR","@id":"https:\/\/www.manaus.am.gov.br\/semasc\/#\/schema\/person\/image\/","url":"https:\/\/secure.gravatar.com\/avatar\/9c877d1a6adc2a055330e5c09a8653ce?s=96&d=mm&r=g","contentUrl":"https:\/\/secure.gravatar.com\/avatar\/9c877d1a6adc2a055330e5c09a8653ce?s=96&d=mm&r=g","caption":"Bruna Greco"}}]}},"_links":{"self":[{"href":"https:\/\/www.manaus.am.gov.br\/semasc\/wp-json\/wp\/v2\/posts\/208876"}],"collection":[{"href":"https:\/\/www.manaus.am.gov.br\/semasc\/wp-json\/wp\/v2\/posts"}],"about":[{"href":"https:\/\/www.manaus.am.gov.br\/semasc\/wp-json\/wp\/v2\/types\/post"}],"author":[{"embeddable":true,"href":"https:\/\/www.manaus.am.gov.br\/semasc\/wp-json\/wp\/v2\/users\/39"}],"replies":[{"embeddable":true,"href":"https:\/\/www.manaus.am.gov.br\/semasc\/wp-json\/wp\/v2\/comments?post=208876"}],"version-history":[{"count":0,"href":"https:\/\/www.manaus.am.gov.br\/semasc\/wp-json\/wp\/v2\/posts\/208876\/revisions"}],"wp:featuredmedia":[{"embeddable":true,"href":"https:\/\/www.manaus.am.gov.br\/semasc\/wp-json\/wp\/v2\/media\/208877"}],"wp:attachment":[{"href":"https:\/\/www.manaus.am.gov.br\/semasc\/wp-json\/wp\/v2\/media?parent=208876"}],"wp:term":[{"taxonomy":"category","embeddable":true,"href":"https:\/\/www.manaus.am.gov.br\/semasc\/wp-json\/wp\/v2\/categories?post=208876"},{"taxonomy":"post_tag","embeddable":true,"href":"https:\/\/www.manaus.am.gov.br\/semasc\/wp-json\/wp\/v2\/tags?post=208876"}],"curies":[{"name":"wp","href":"https:\/\/api.w.org\/{rel}","templated":true}]}}