{"id":208874,"date":"2023-09-13T09:53:43","date_gmt":"2023-09-13T13:53:43","guid":{"rendered":"https:\/\/www.manaus.am.gov.br\/semasc\/conselho-direitos-da-mulher\/"},"modified":"2023-09-13T09:53:44","modified_gmt":"2023-09-13T13:53:44","slug":"conselho-direitos-da-mulher","status":"publish","type":"post","link":"https:\/\/www.manaus.am.gov.br\/semasc\/conselho-direitos-da-mulher\/","title":{"rendered":"<strong>Conselho Municipal dos Direitos da Mulher realiza reuni\u00e3o para revis\u00e3o do plano de trabalho<\/strong>"},"content":{"rendered":"\n<p>A&nbsp;Prefeitura&nbsp;de&nbsp;Manaus, por meio da Secretaria Municipal da Mulher, Assist\u00eancia Social e Cidadania (Semasc) e do Conselho Municipal dos Direitos da Mulher (CMDM), realizou, nesta ter\u00e7a-feira, 12\/9, uma reuni\u00e3o de revis\u00e3o do plano de trabalho a ser desenvolvido pelo colegiado, que empossou 18 novas conselheiras ainda na primeira semana do m\u00eas de agosto.<\/p>\n\n\n\n<p>Realizada na sede do CMDM, instalada no Centro Social Urbano do Parque 10, na zona Centro-Sul, a reuni\u00e3o tratou de avaliar as a\u00e7\u00f5es a serem realizadas e promovidas, ainda este ano, dentro de tem\u00e1ticas como o combate ao feminic\u00eddio no m\u00eas de setembro, a conscientiza\u00e7\u00e3o e o combate ao c\u00e2ncer de mama durante o chamado \u201cOutubro Rosa\u201d e outras atividades relativas ao Dia Internacional de Combate \u00e0 Viol\u00eancia Contra a Mulher, a ser celebrado no dia 25\/11, entre outros.<\/p>\n\n\n\n<p>\u201cNossa primeira atividade enquanto conselho rec\u00e9m-empossado \u00e9 rever o plano de trabalho elaborado na gest\u00e3o anterior e avaliar o que pode ser feito neste ano e no pr\u00f3ximo, sem perder de vista, \u00e9 claro, o papel do conselho de controle social e combate \u00e0 viol\u00eancia contra mulheres, nossos principais eixos. De antem\u00e3o, j\u00e1 percebemos que grande parte das datas emblem\u00e1ticas que o CMDM sempre atuou ativamente continuar\u00e3o presentes em nosso calend\u00e1rio\u201d, afirmou Gra\u00e7a Prola, presidente do CMDM e subsecret\u00e1ria de Pol\u00edticas Afirmativas para Mulheres e Direitos Humanos da Semasc.<\/p>\n\n\n\n<p><strong>Forma\u00e7\u00e3o e import\u00e2ncia do CMDM<\/strong><\/p>\n\n\n\n<p>O Conselho Municipal dos Direitos da Mulher (CMDM) \u00e9 formado por 18 conselheiras, sendo nove representantes de Organiza\u00e7\u00f5es da Sociedade Civil (OSCs) e outras nove de entidades do poder p\u00fablico municipal. Juntas, elas t\u00eam o objetivo de exercer, de forma democr\u00e1tica e cont\u00ednua, a luta pela defesa dos direitos das mulheres, por todos que comp\u00f5em a sociedade.<\/p>\n\n\n\n<p>&#8212; &#8212; &#8212;<\/p>\n\n\n\n<p><strong>Texto<\/strong>&nbsp;&#8211; Guilherme Pacheco \/ Semasc&nbsp;<\/p>\n\n\n\n<p><strong>Fotos<\/strong>&nbsp;&#8211; Diego Lima \/ Semasc&nbsp;<\/p>\n","protected":false},"excerpt":{"rendered":"","protected":false},"author":25,"featured_media":208875,"comment_status":"closed","ping_status":"closed","sticky":false,"template":"","format":"standard","meta":{"footnotes":""},"categories":[34],"tags":[395,296,18],"acf":[],"yoast_head":"<!-- This site is optimized with the Yoast SEO plugin v23.0 - https:\/\/yoast.com\/wordpress\/plugins\/seo\/ -->\n<title>Conselho Municipal dos Direitos da Mulher realiza reuni\u00e3o para revis\u00e3o do plano de trabalho<\/title>\n<meta name=\"description\" content=\"A\u00a0Prefeitura\u00a0de\u00a0Manaus, por meio da Semasc e do CMDM, realizou, nesta ter\u00e7a-feira, 12\/9, uma reuni\u00e3o de revis\u00e3o do plano de trabalho\" \/>\n<meta name=\"robots\" content=\"noindex, follow\" \/>\n<meta property=\"og:locale\" content=\"pt_BR\" \/>\n<meta property=\"og:type\" content=\"article\" \/>\n<meta property=\"og:title\" content=\"Conselho Municipal dos Direitos da Mulher realiza reuni\u00e3o para revis\u00e3o do plano de trabalho\" \/>\n<meta property=\"og:description\" content=\"A\u00a0Prefeitura\u00a0de\u00a0Manaus, por meio da Semasc e do CMDM, realizou, nesta ter\u00e7a-feira, 12\/9, uma reuni\u00e3o de revis\u00e3o do plano de trabalho\" \/>\n<meta property=\"og:url\" content=\"https:\/\/www.manaus.am.gov.br\/semasc\/conselho-direitos-da-mulher\/\" \/>\n<meta property=\"og:site_name\" content=\"SEMASC\" \/>\n<meta property=\"article:publisher\" content=\"https:\/\/www.facebook.com\/semascmanaus\" \/>\n<meta property=\"article:published_time\" content=\"2023-09-13T13:53:43+00:00\" \/>\n<meta property=\"article:modified_time\" content=\"2023-09-13T13:53:44+00:00\" \/>\n<meta property=\"og:image\" content=\"https:\/\/www.manaus.am.gov.br\/semasc\/wp-content\/uploads\/sites\/17\/2023\/09\/SEMASC-2-1024x683.jpg\" \/>\n\t<meta property=\"og:image:width\" content=\"1024\" \/>\n\t<meta property=\"og:image:height\" content=\"683\" \/>\n\t<meta property=\"og:image:type\" content=\"image\/jpeg\" \/>\n<meta name=\"author\" content=\"Maur\u00edcio Freire\" \/>\n<meta name=\"twitter:card\" content=\"summary_large_image\" \/>\n<meta name=\"twitter:label1\" content=\"Written by\" \/>\n\t<meta name=\"twitter:data1\" content=\"Maur\u00edcio Freire\" \/>\n\t<meta name=\"twitter:label2\" content=\"Est. reading time\" \/>\n\t<meta name=\"twitter:data2\" content=\"2 minutos\" \/>\n<script type=\"application\/ld+json\" class=\"yoast-schema-graph\">{\"@context\":\"https:\/\/schema.org\",\"@graph\":[{\"@type\":\"Article\",\"@id\":\"https:\/\/www.manaus.am.gov.br\/semasc\/conselho-direitos-da-mulher\/#article\",\"isPartOf\":{\"@id\":\"https:\/\/www.manaus.am.gov.br\/semasc\/conselho-direitos-da-mulher\/\"},\"author\":{\"name\":\"Maur\u00edcio Freire\",\"@id\":\"https:\/\/www.manaus.am.gov.br\/semasc\/#\/schema\/person\/587989a23a463cde5618e6a028977a9a\"},\"headline\":\"Conselho Municipal dos Direitos da Mulher realiza reuni\u00e3o para revis\u00e3o do plano de trabalho\",\"datePublished\":\"2023-09-13T13:53:43+00:00\",\"dateModified\":\"2023-09-13T13:53:44+00:00\",\"mainEntityOfPage\":{\"@id\":\"https:\/\/www.manaus.am.gov.br\/semasc\/conselho-direitos-da-mulher\/\"},\"wordCount\":343,\"publisher\":{\"@id\":\"https:\/\/www.manaus.am.gov.br\/semasc\/#organization\"},\"image\":{\"@id\":\"https:\/\/www.manaus.am.gov.br\/semasc\/conselho-direitos-da-mulher\/#primaryimage\"},\"thumbnailUrl\":\"https:\/\/www.manaus.am.gov.br\/semasc\/wp-content\/uploads\/sites\/17\/2023\/09\/SEMASC-2.jpg\",\"keywords\":[\"Centro Social Urbano\",\"Conselho Municipal dos Direitos da Mulher\",\"Semasc\"],\"articleSection\":[\"Assist\u00eancia Social\"],\"inLanguage\":\"pt-BR\"},{\"@type\":\"WebPage\",\"@id\":\"https:\/\/www.manaus.am.gov.br\/semasc\/conselho-direitos-da-mulher\/\",\"url\":\"https:\/\/www.manaus.am.gov.br\/semasc\/conselho-direitos-da-mulher\/\",\"name\":\"Conselho Municipal dos Direitos da Mulher realiza reuni\u00e3o para revis\u00e3o do plano de trabalho\",\"isPartOf\":{\"@id\":\"https:\/\/www.manaus.am.gov.br\/semasc\/#website\"},\"primaryImageOfPage\":{\"@id\":\"https:\/\/www.manaus.am.gov.br\/semasc\/conselho-direitos-da-mulher\/#primaryimage\"},\"image\":{\"@id\":\"https:\/\/www.manaus.am.gov.br\/semasc\/conselho-direitos-da-mulher\/#primaryimage\"},\"thumbnailUrl\":\"https:\/\/www.manaus.am.gov.br\/semasc\/wp-content\/uploads\/sites\/17\/2023\/09\/SEMASC-2.jpg\",\"datePublished\":\"2023-09-13T13:53:43+00:00\",\"dateModified\":\"2023-09-13T13:53:44+00:00\",\"description\":\"A\u00a0Prefeitura\u00a0de\u00a0Manaus, por meio da Semasc e do CMDM, realizou, nesta ter\u00e7a-feira, 12\/9, uma reuni\u00e3o de revis\u00e3o do plano de trabalho\",\"breadcrumb\":{\"@id\":\"https:\/\/www.manaus.am.gov.br\/semasc\/conselho-direitos-da-mulher\/#breadcrumb\"},\"inLanguage\":\"pt-BR\",\"potentialAction\":[{\"@type\":\"ReadAction\",\"target\":[\"https:\/\/www.manaus.am.gov.br\/semasc\/conselho-direitos-da-mulher\/\"]}]},{\"@type\":\"ImageObject\",\"inLanguage\":\"pt-BR\",\"@id\":\"https:\/\/www.manaus.am.gov.br\/semasc\/conselho-direitos-da-mulher\/#primaryimage\",\"url\":\"https:\/\/www.manaus.am.gov.br\/semasc\/wp-content\/uploads\/sites\/17\/2023\/09\/SEMASC-2.jpg\",\"contentUrl\":\"https:\/\/www.manaus.am.gov.br\/semasc\/wp-content\/uploads\/sites\/17\/2023\/09\/SEMASC-2.jpg\",\"width\":5184,\"height\":3456},{\"@type\":\"BreadcrumbList\",\"@id\":\"https:\/\/www.manaus.am.gov.br\/semasc\/conselho-direitos-da-mulher\/#breadcrumb\",\"itemListElement\":[{\"@type\":\"ListItem\",\"position\":1,\"name\":\"Home\",\"item\":\"https:\/\/www.manaus.am.gov.br\/semasc\/\"},{\"@type\":\"ListItem\",\"position\":2,\"name\":\"Conselho Municipal dos Direitos da Mulher realiza reuni\u00e3o para revis\u00e3o do plano de trabalho\"}]},{\"@type\":\"WebSite\",\"@id\":\"https:\/\/www.manaus.am.gov.br\/semasc\/#website\",\"url\":\"https:\/\/www.manaus.am.gov.br\/semasc\/\",\"name\":\"SEMASC\",\"description\":\"Secretaria Municipal da Mulher, Assist\u00eancia Social e Cidadania.\",\"publisher\":{\"@id\":\"https:\/\/www.manaus.am.gov.br\/semasc\/#organization\"},\"alternateName\":\"Secretaria Municipal da Mulher, Assist\u00eancia Social e Cidadania\",\"potentialAction\":[{\"@type\":\"SearchAction\",\"target\":{\"@type\":\"EntryPoint\",\"urlTemplate\":\"https:\/\/www.manaus.am.gov.br\/semasc\/?s={search_term_string}\"},\"query-input\":\"required name=search_term_string\"}],\"inLanguage\":\"pt-BR\"},{\"@type\":\"Organization\",\"@id\":\"https:\/\/www.manaus.am.gov.br\/semasc\/#organization\",\"name\":\"Prefeitura de Manaus\",\"alternateName\":\"Prefeitura Municipal de Manaus\",\"url\":\"https:\/\/www.manaus.am.gov.br\/semasc\/\",\"logo\":{\"@type\":\"ImageObject\",\"inLanguage\":\"pt-BR\",\"@id\":\"https:\/\/www.manaus.am.gov.br\/semasc\/#\/schema\/logo\/image\/\",\"url\":\"https:\/\/www.manaus.am.gov.br\/semasc\/wp-content\/uploads\/sites\/17\/2024\/07\/favicon.png\",\"contentUrl\":\"https:\/\/www.manaus.am.gov.br\/semasc\/wp-content\/uploads\/sites\/17\/2024\/07\/favicon.png\",\"width\":300,\"height\":300,\"caption\":\"Prefeitura de Manaus\"},\"image\":{\"@id\":\"https:\/\/www.manaus.am.gov.br\/semasc\/#\/schema\/logo\/image\/\"},\"sameAs\":[\"https:\/\/www.facebook.com\/semascmanaus\",\"https:\/\/www.instagram.com\/semascmanaus\/\"]},{\"@type\":\"Person\",\"@id\":\"https:\/\/www.manaus.am.gov.br\/semasc\/#\/schema\/person\/587989a23a463cde5618e6a028977a9a\",\"name\":\"Maur\u00edcio Freire\",\"image\":{\"@type\":\"ImageObject\",\"inLanguage\":\"pt-BR\",\"@id\":\"https:\/\/www.manaus.am.gov.br\/semasc\/#\/schema\/person\/image\/\",\"url\":\"https:\/\/secure.gravatar.com\/avatar\/dc1481799a1f75c733ac3b2634cd6749?s=96&d=mm&r=g\",\"contentUrl\":\"https:\/\/secure.gravatar.com\/avatar\/dc1481799a1f75c733ac3b2634cd6749?s=96&d=mm&r=g\",\"caption\":\"Maur\u00edcio Freire\"}}]}<\/script>\n<!-- \/ Yoast SEO plugin. -->","yoast_head_json":{"title":"Conselho Municipal dos Direitos da Mulher realiza reuni\u00e3o para revis\u00e3o do plano de trabalho","description":"A\u00a0Prefeitura\u00a0de\u00a0Manaus, por meio da Semasc e do CMDM, realizou, nesta ter\u00e7a-feira, 12\/9, uma reuni\u00e3o de revis\u00e3o do plano de trabalho","robots":{"index":"noindex","follow":"follow"},"og_locale":"pt_BR","og_type":"article","og_title":"Conselho Municipal dos Direitos da Mulher realiza reuni\u00e3o para revis\u00e3o do plano de trabalho","og_description":"A\u00a0Prefeitura\u00a0de\u00a0Manaus, por meio da Semasc e do CMDM, realizou, nesta ter\u00e7a-feira, 12\/9, uma reuni\u00e3o de revis\u00e3o do plano de trabalho","og_url":"https:\/\/www.manaus.am.gov.br\/semasc\/conselho-direitos-da-mulher\/","og_site_name":"SEMASC","article_publisher":"https:\/\/www.facebook.com\/semascmanaus","article_published_time":"2023-09-13T13:53:43+00:00","article_modified_time":"2023-09-13T13:53:44+00:00","og_image":[{"width":1024,"height":683,"url":"https:\/\/www.manaus.am.gov.br\/semasc\/wp-content\/uploads\/sites\/17\/2023\/09\/SEMASC-2-1024x683.jpg","type":"image\/jpeg"}],"author":"Maur\u00edcio Freire","twitter_card":"summary_large_image","twitter_misc":{"Written by":"Maur\u00edcio Freire","Est. reading time":"2 minutos"},"schema":{"@context":"https:\/\/schema.org","@graph":[{"@type":"Article","@id":"https:\/\/www.manaus.am.gov.br\/semasc\/conselho-direitos-da-mulher\/#article","isPartOf":{"@id":"https:\/\/www.manaus.am.gov.br\/semasc\/conselho-direitos-da-mulher\/"},"author":{"name":"Maur\u00edcio Freire","@id":"https:\/\/www.manaus.am.gov.br\/semasc\/#\/schema\/person\/587989a23a463cde5618e6a028977a9a"},"headline":"Conselho Municipal dos Direitos da Mulher realiza reuni\u00e3o para revis\u00e3o do plano de trabalho","datePublished":"2023-09-13T13:53:43+00:00","dateModified":"2023-09-13T13:53:44+00:00","mainEntityOfPage":{"@id":"https:\/\/www.manaus.am.gov.br\/semasc\/conselho-direitos-da-mulher\/"},"wordCount":343,"publisher":{"@id":"https:\/\/www.manaus.am.gov.br\/semasc\/#organization"},"image":{"@id":"https:\/\/www.manaus.am.gov.br\/semasc\/conselho-direitos-da-mulher\/#primaryimage"},"thumbnailUrl":"https:\/\/www.manaus.am.gov.br\/semasc\/wp-content\/uploads\/sites\/17\/2023\/09\/SEMASC-2.jpg","keywords":["Centro Social Urbano","Conselho Municipal dos Direitos da Mulher","Semasc"],"articleSection":["Assist\u00eancia Social"],"inLanguage":"pt-BR"},{"@type":"WebPage","@id":"https:\/\/www.manaus.am.gov.br\/semasc\/conselho-direitos-da-mulher\/","url":"https:\/\/www.manaus.am.gov.br\/semasc\/conselho-direitos-da-mulher\/","name":"Conselho Municipal dos Direitos da Mulher realiza reuni\u00e3o para revis\u00e3o do plano de trabalho","isPartOf":{"@id":"https:\/\/www.manaus.am.gov.br\/semasc\/#website"},"primaryImageOfPage":{"@id":"https:\/\/www.manaus.am.gov.br\/semasc\/conselho-direitos-da-mulher\/#primaryimage"},"image":{"@id":"https:\/\/www.manaus.am.gov.br\/semasc\/conselho-direitos-da-mulher\/#primaryimage"},"thumbnailUrl":"https:\/\/www.manaus.am.gov.br\/semasc\/wp-content\/uploads\/sites\/17\/2023\/09\/SEMASC-2.jpg","datePublished":"2023-09-13T13:53:43+00:00","dateModified":"2023-09-13T13:53:44+00:00","description":"A\u00a0Prefeitura\u00a0de\u00a0Manaus, por meio da Semasc e do CMDM, realizou, nesta ter\u00e7a-feira, 12\/9, uma reuni\u00e3o de revis\u00e3o do plano de trabalho","breadcrumb":{"@id":"https:\/\/www.manaus.am.gov.br\/semasc\/conselho-direitos-da-mulher\/#breadcrumb"},"inLanguage":"pt-BR","potentialAction":[{"@type":"ReadAction","target":["https:\/\/www.manaus.am.gov.br\/semasc\/conselho-direitos-da-mulher\/"]}]},{"@type":"ImageObject","inLanguage":"pt-BR","@id":"https:\/\/www.manaus.am.gov.br\/semasc\/conselho-direitos-da-mulher\/#primaryimage","url":"https:\/\/www.manaus.am.gov.br\/semasc\/wp-content\/uploads\/sites\/17\/2023\/09\/SEMASC-2.jpg","contentUrl":"https:\/\/www.manaus.am.gov.br\/semasc\/wp-content\/uploads\/sites\/17\/2023\/09\/SEMASC-2.jpg","width":5184,"height":3456},{"@type":"BreadcrumbList","@id":"https:\/\/www.manaus.am.gov.br\/semasc\/conselho-direitos-da-mulher\/#breadcrumb","itemListElement":[{"@type":"ListItem","position":1,"name":"Home","item":"https:\/\/www.manaus.am.gov.br\/semasc\/"},{"@type":"ListItem","position":2,"name":"Conselho Municipal dos Direitos da Mulher realiza reuni\u00e3o para revis\u00e3o do plano de trabalho"}]},{"@type":"WebSite","@id":"https:\/\/www.manaus.am.gov.br\/semasc\/#website","url":"https:\/\/www.manaus.am.gov.br\/semasc\/","name":"SEMASC","description":"Secretaria Municipal da Mulher, Assist\u00eancia Social e Cidadania.","publisher":{"@id":"https:\/\/www.manaus.am.gov.br\/semasc\/#organization"},"alternateName":"Secretaria Municipal da Mulher, Assist\u00eancia Social e Cidadania","potentialAction":[{"@type":"SearchAction","target":{"@type":"EntryPoint","urlTemplate":"https:\/\/www.manaus.am.gov.br\/semasc\/?s={search_term_string}"},"query-input":"required name=search_term_string"}],"inLanguage":"pt-BR"},{"@type":"Organization","@id":"https:\/\/www.manaus.am.gov.br\/semasc\/#organization","name":"Prefeitura de Manaus","alternateName":"Prefeitura Municipal de Manaus","url":"https:\/\/www.manaus.am.gov.br\/semasc\/","logo":{"@type":"ImageObject","inLanguage":"pt-BR","@id":"https:\/\/www.manaus.am.gov.br\/semasc\/#\/schema\/logo\/image\/","url":"https:\/\/www.manaus.am.gov.br\/semasc\/wp-content\/uploads\/sites\/17\/2024\/07\/favicon.png","contentUrl":"https:\/\/www.manaus.am.gov.br\/semasc\/wp-content\/uploads\/sites\/17\/2024\/07\/favicon.png","width":300,"height":300,"caption":"Prefeitura de Manaus"},"image":{"@id":"https:\/\/www.manaus.am.gov.br\/semasc\/#\/schema\/logo\/image\/"},"sameAs":["https:\/\/www.facebook.com\/semascmanaus","https:\/\/www.instagram.com\/semascmanaus\/"]},{"@type":"Person","@id":"https:\/\/www.manaus.am.gov.br\/semasc\/#\/schema\/person\/587989a23a463cde5618e6a028977a9a","name":"Maur\u00edcio Freire","image":{"@type":"ImageObject","inLanguage":"pt-BR","@id":"https:\/\/www.manaus.am.gov.br\/semasc\/#\/schema\/person\/image\/","url":"https:\/\/secure.gravatar.com\/avatar\/dc1481799a1f75c733ac3b2634cd6749?s=96&d=mm&r=g","contentUrl":"https:\/\/secure.gravatar.com\/avatar\/dc1481799a1f75c733ac3b2634cd6749?s=96&d=mm&r=g","caption":"Maur\u00edcio Freire"}}]}},"_links":{"self":[{"href":"https:\/\/www.manaus.am.gov.br\/semasc\/wp-json\/wp\/v2\/posts\/208874"}],"collection":[{"href":"https:\/\/www.manaus.am.gov.br\/semasc\/wp-json\/wp\/v2\/posts"}],"about":[{"href":"https:\/\/www.manaus.am.gov.br\/semasc\/wp-json\/wp\/v2\/types\/post"}],"author":[{"embeddable":true,"href":"https:\/\/www.manaus.am.gov.br\/semasc\/wp-json\/wp\/v2\/users\/25"}],"replies":[{"embeddable":true,"href":"https:\/\/www.manaus.am.gov.br\/semasc\/wp-json\/wp\/v2\/comments?post=208874"}],"version-history":[{"count":0,"href":"https:\/\/www.manaus.am.gov.br\/semasc\/wp-json\/wp\/v2\/posts\/208874\/revisions"}],"wp:featuredmedia":[{"embeddable":true,"href":"https:\/\/www.manaus.am.gov.br\/semasc\/wp-json\/wp\/v2\/media\/208875"}],"wp:attachment":[{"href":"https:\/\/www.manaus.am.gov.br\/semasc\/wp-json\/wp\/v2\/media?parent=208874"}],"wp:term":[{"taxonomy":"category","embeddable":true,"href":"https:\/\/www.manaus.am.gov.br\/semasc\/wp-json\/wp\/v2\/categories?post=208874"},{"taxonomy":"post_tag","embeddable":true,"href":"https:\/\/www.manaus.am.gov.br\/semasc\/wp-json\/wp\/v2\/tags?post=208874"}],"curies":[{"name":"wp","href":"https:\/\/api.w.org\/{rel}","templated":true}]}}