{"id":208872,"date":"2023-09-13T09:50:38","date_gmt":"2023-09-13T13:50:38","guid":{"rendered":"https:\/\/www.manaus.am.gov.br\/semasc\/prefeitura-de-manaus-recebe-doacao-de-computadores-da-agencia-da-onu-para-trabalhos-assistenciais\/"},"modified":"2023-09-13T09:50:38","modified_gmt":"2023-09-13T13:50:38","slug":"prefeitura-de-manaus-recebe-doacao-de-computadores-da-agencia-da-onu-para-trabalhos-assistenciais","status":"publish","type":"post","link":"https:\/\/www.manaus.am.gov.br\/semasc\/prefeitura-de-manaus-recebe-doacao-de-computadores-da-agencia-da-onu-para-trabalhos-assistenciais\/","title":{"rendered":"<strong>Prefeitura de Manaus recebe doa\u00e7\u00e3o de computadores da ag\u00eancia da ONU para trabalhos assistenciais<\/strong>"},"content":{"rendered":"\n<p>A Prefeitura de Manaus, via Secretaria Municipal da Mulher, Assist\u00eancia Social e Cidadania (Semasc), recebeu uma importante doa\u00e7\u00e3o feita pelo Acnur, a Ag\u00eancia da Organiza\u00e7\u00e3o das Na\u00e7\u00f5es Unidas (ONU) para Refugiados, nesta ter\u00e7a-feira, 12\/9. Tratam-se de computadores modernos, destinados a potencializar as atividades administrativas e projetos sociais do \u00f3rg\u00e3o de assist\u00eancia.<\/p>\n\n\n\n<p>A parceria entre a Semasc e o Acnur demonstra o compromisso conjunto em prol do fortalecimento das pol\u00edticas p\u00fablicas municipais, sobretudo aquelas voltadas para a assist\u00eancia social e a promo\u00e7\u00e3o da cidadania em Manaus. Os equipamentos doados possibilitar\u00e3o a otimiza\u00e7\u00e3o dos registros, acompanhamentos e planejamentos das a\u00e7\u00f5es realizadas pela secretaria, por meio do Departamento de Gest\u00e3o Sistema \u00danico de Assist\u00eancia Social (Suas).<\/p>\n\n\n\n<p>\u201cEsta doa\u00e7\u00e3o marca uma etapa significativa para n\u00f3s. Com os novos equipamentos, poderemos melhorar ainda mais nossos servi\u00e7os, alcan\u00e7ando um n\u00famero maior de pessoas e garantindo uma gest\u00e3o mais eficiente\u201d, declarou o secret\u00e1rio Eduardo Lucas.<\/p>\n\n\n\n<p>J\u00e1 a chefe do Escrit\u00f3rio do Acnur em Manaus, Laura Lima, ressaltou a import\u00e2ncia da colabora\u00e7\u00e3o. &#8220;Acreditamos que apoiar as institui\u00e7\u00f5es locais \u00e9 essencial para garantir que os direitos e necessidades dos cidad\u00e3os, incluindo refugiados e outros grupos vulner\u00e1veis, sejam atendidos. Este \u00e9 apenas um passo em nossa cont\u00ednua parceria com a cidade de Manaus\u201d, finalizou.<\/p>\n\n\n\n<p>&#8212; &#8212; &#8212;<\/p>\n\n\n\n<p><strong>Texto &#8211;&nbsp;<\/strong>Leonardo Fierro \/ Semasc<\/p>\n\n\n\n<p><strong>Fotos &#8211;&nbsp;<\/strong>Maria Fernanda Prola \/ Semasc<\/p>\n","protected":false},"excerpt":{"rendered":"","protected":false},"author":23,"featured_media":208873,"comment_status":"closed","ping_status":"closed","sticky":false,"template":"","format":"standard","meta":{"footnotes":""},"categories":[311],"tags":[393,394,135,7,18],"acf":[],"yoast_head":"<!-- This site is optimized with the Yoast SEO plugin v23.0 - https:\/\/yoast.com\/wordpress\/plugins\/seo\/ -->\n<title>Prefeitura de Manaus recebe doa\u00e7\u00e3o de computadores da ag\u00eancia da ONU para trabalhos assistenciais<\/title>\n<meta name=\"description\" content=\"A Prefeitura de Manaus, via Secretaria Municipal da Mulher, Assist\u00eancia Social e Cidadania (Semasc), recebeu uma importante doa\u00e7\u00e3o feita pelo Acnur, a Ag\u00eancia da Organiza\u00e7\u00e3o das Na\u00e7\u00f5es Unidas (ONU) para Refugiados, nesta ter\u00e7a-feira, 12\/9. Tratam-se de computadores modernos, destinados a potencializar as atividades administrativas e projetos sociais do \u00f3rg\u00e3o de assist\u00eancia.\" \/>\n<meta name=\"robots\" content=\"noindex, follow\" \/>\n<meta property=\"og:locale\" content=\"pt_BR\" \/>\n<meta property=\"og:type\" content=\"article\" \/>\n<meta property=\"og:title\" content=\"Prefeitura de Manaus recebe doa\u00e7\u00e3o de computadores da ag\u00eancia da ONU para trabalhos assistenciais\" \/>\n<meta property=\"og:description\" content=\"A Prefeitura de Manaus, via Secretaria Municipal da Mulher, Assist\u00eancia Social e Cidadania (Semasc), recebeu uma importante doa\u00e7\u00e3o feita pelo Acnur, a Ag\u00eancia da Organiza\u00e7\u00e3o das Na\u00e7\u00f5es Unidas (ONU) para Refugiados, nesta ter\u00e7a-feira, 12\/9. Tratam-se de computadores modernos, destinados a potencializar as atividades administrativas e projetos sociais do \u00f3rg\u00e3o de assist\u00eancia.\" \/>\n<meta property=\"og:url\" content=\"https:\/\/www.manaus.am.gov.br\/semasc\/prefeitura-de-manaus-recebe-doacao-de-computadores-da-agencia-da-onu-para-trabalhos-assistenciais\/\" \/>\n<meta property=\"og:site_name\" content=\"SEMASC\" \/>\n<meta property=\"article:publisher\" content=\"https:\/\/www.facebook.com\/semascmanaus\" \/>\n<meta property=\"article:published_time\" content=\"2023-09-13T13:50:38+00:00\" \/>\n<meta property=\"og:image\" content=\"https:\/\/www.manaus.am.gov.br\/semasc\/wp-content\/uploads\/sites\/17\/2023\/09\/12.09-Doacao-Computadores-Acnur-4.jpeg\" \/>\n\t<meta property=\"og:image:width\" content=\"2172\" \/>\n\t<meta property=\"og:image:height\" content=\"1448\" \/>\n\t<meta property=\"og:image:type\" content=\"image\/jpeg\" \/>\n<meta name=\"author\" content=\"Adriana Costa\" \/>\n<meta name=\"twitter:card\" content=\"summary_large_image\" \/>\n<meta name=\"twitter:label1\" content=\"Written by\" \/>\n\t<meta name=\"twitter:data1\" content=\"Adriana Costa\" \/>\n\t<meta name=\"twitter:label2\" content=\"Est. reading time\" \/>\n\t<meta name=\"twitter:data2\" content=\"2 minutos\" \/>\n<script type=\"application\/ld+json\" class=\"yoast-schema-graph\">{\"@context\":\"https:\/\/schema.org\",\"@graph\":[{\"@type\":\"Article\",\"@id\":\"https:\/\/www.manaus.am.gov.br\/semasc\/prefeitura-de-manaus-recebe-doacao-de-computadores-da-agencia-da-onu-para-trabalhos-assistenciais\/#article\",\"isPartOf\":{\"@id\":\"https:\/\/www.manaus.am.gov.br\/semasc\/prefeitura-de-manaus-recebe-doacao-de-computadores-da-agencia-da-onu-para-trabalhos-assistenciais\/\"},\"author\":{\"name\":\"Adriana Costa\",\"@id\":\"https:\/\/www.manaus.am.gov.br\/semasc\/#\/schema\/person\/4e49f4e267757a06ca072ec61b2b9968\"},\"headline\":\"Prefeitura de Manaus recebe doa\u00e7\u00e3o de computadores da ag\u00eancia da ONU para trabalhos assistenciais\",\"datePublished\":\"2023-09-13T13:50:38+00:00\",\"dateModified\":\"2023-09-13T13:50:38+00:00\",\"mainEntityOfPage\":{\"@id\":\"https:\/\/www.manaus.am.gov.br\/semasc\/prefeitura-de-manaus-recebe-doacao-de-computadores-da-agencia-da-onu-para-trabalhos-assistenciais\/\"},\"wordCount\":264,\"publisher\":{\"@id\":\"https:\/\/www.manaus.am.gov.br\/semasc\/#organization\"},\"image\":{\"@id\":\"https:\/\/www.manaus.am.gov.br\/semasc\/prefeitura-de-manaus-recebe-doacao-de-computadores-da-agencia-da-onu-para-trabalhos-assistenciais\/#primaryimage\"},\"thumbnailUrl\":\"https:\/\/www.manaus.am.gov.br\/semasc\/wp-content\/uploads\/sites\/17\/2023\/09\/12.09-Doacao-Computadores-Acnur-4.jpeg\",\"keywords\":[\"Acnur\",\"doa\u00e7\u00e3o de computadores\",\"onu\",\"prefeitura de manaus\",\"Semasc\"],\"articleSection\":[\"Parceria\"],\"inLanguage\":\"pt-BR\"},{\"@type\":\"WebPage\",\"@id\":\"https:\/\/www.manaus.am.gov.br\/semasc\/prefeitura-de-manaus-recebe-doacao-de-computadores-da-agencia-da-onu-para-trabalhos-assistenciais\/\",\"url\":\"https:\/\/www.manaus.am.gov.br\/semasc\/prefeitura-de-manaus-recebe-doacao-de-computadores-da-agencia-da-onu-para-trabalhos-assistenciais\/\",\"name\":\"Prefeitura de Manaus recebe doa\u00e7\u00e3o de computadores da ag\u00eancia da ONU para trabalhos assistenciais\",\"isPartOf\":{\"@id\":\"https:\/\/www.manaus.am.gov.br\/semasc\/#website\"},\"primaryImageOfPage\":{\"@id\":\"https:\/\/www.manaus.am.gov.br\/semasc\/prefeitura-de-manaus-recebe-doacao-de-computadores-da-agencia-da-onu-para-trabalhos-assistenciais\/#primaryimage\"},\"image\":{\"@id\":\"https:\/\/www.manaus.am.gov.br\/semasc\/prefeitura-de-manaus-recebe-doacao-de-computadores-da-agencia-da-onu-para-trabalhos-assistenciais\/#primaryimage\"},\"thumbnailUrl\":\"https:\/\/www.manaus.am.gov.br\/semasc\/wp-content\/uploads\/sites\/17\/2023\/09\/12.09-Doacao-Computadores-Acnur-4.jpeg\",\"datePublished\":\"2023-09-13T13:50:38+00:00\",\"dateModified\":\"2023-09-13T13:50:38+00:00\",\"description\":\"A Prefeitura de Manaus, via Secretaria Municipal da Mulher, Assist\u00eancia Social e Cidadania (Semasc), recebeu uma importante doa\u00e7\u00e3o feita pelo Acnur, a Ag\u00eancia da Organiza\u00e7\u00e3o das Na\u00e7\u00f5es Unidas (ONU) para Refugiados, nesta ter\u00e7a-feira, 12\/9. Tratam-se de computadores modernos, destinados a potencializar as atividades administrativas e projetos sociais do \u00f3rg\u00e3o de assist\u00eancia.\",\"breadcrumb\":{\"@id\":\"https:\/\/www.manaus.am.gov.br\/semasc\/prefeitura-de-manaus-recebe-doacao-de-computadores-da-agencia-da-onu-para-trabalhos-assistenciais\/#breadcrumb\"},\"inLanguage\":\"pt-BR\",\"potentialAction\":[{\"@type\":\"ReadAction\",\"target\":[\"https:\/\/www.manaus.am.gov.br\/semasc\/prefeitura-de-manaus-recebe-doacao-de-computadores-da-agencia-da-onu-para-trabalhos-assistenciais\/\"]}]},{\"@type\":\"ImageObject\",\"inLanguage\":\"pt-BR\",\"@id\":\"https:\/\/www.manaus.am.gov.br\/semasc\/prefeitura-de-manaus-recebe-doacao-de-computadores-da-agencia-da-onu-para-trabalhos-assistenciais\/#primaryimage\",\"url\":\"https:\/\/www.manaus.am.gov.br\/semasc\/wp-content\/uploads\/sites\/17\/2023\/09\/12.09-Doacao-Computadores-Acnur-4.jpeg\",\"contentUrl\":\"https:\/\/www.manaus.am.gov.br\/semasc\/wp-content\/uploads\/sites\/17\/2023\/09\/12.09-Doacao-Computadores-Acnur-4.jpeg\",\"width\":2172,\"height\":1448},{\"@type\":\"BreadcrumbList\",\"@id\":\"https:\/\/www.manaus.am.gov.br\/semasc\/prefeitura-de-manaus-recebe-doacao-de-computadores-da-agencia-da-onu-para-trabalhos-assistenciais\/#breadcrumb\",\"itemListElement\":[{\"@type\":\"ListItem\",\"position\":1,\"name\":\"Home\",\"item\":\"https:\/\/www.manaus.am.gov.br\/semasc\/\"},{\"@type\":\"ListItem\",\"position\":2,\"name\":\"Prefeitura de Manaus recebe doa\u00e7\u00e3o de computadores da ag\u00eancia da ONU para trabalhos assistenciais\"}]},{\"@type\":\"WebSite\",\"@id\":\"https:\/\/www.manaus.am.gov.br\/semasc\/#website\",\"url\":\"https:\/\/www.manaus.am.gov.br\/semasc\/\",\"name\":\"SEMASC\",\"description\":\"Secretaria Municipal da Mulher, Assist\u00eancia Social e Cidadania.\",\"publisher\":{\"@id\":\"https:\/\/www.manaus.am.gov.br\/semasc\/#organization\"},\"alternateName\":\"Secretaria Municipal da Mulher, Assist\u00eancia Social e Cidadania\",\"potentialAction\":[{\"@type\":\"SearchAction\",\"target\":{\"@type\":\"EntryPoint\",\"urlTemplate\":\"https:\/\/www.manaus.am.gov.br\/semasc\/?s={search_term_string}\"},\"query-input\":\"required name=search_term_string\"}],\"inLanguage\":\"pt-BR\"},{\"@type\":\"Organization\",\"@id\":\"https:\/\/www.manaus.am.gov.br\/semasc\/#organization\",\"name\":\"Prefeitura de Manaus\",\"alternateName\":\"Prefeitura Municipal de Manaus\",\"url\":\"https:\/\/www.manaus.am.gov.br\/semasc\/\",\"logo\":{\"@type\":\"ImageObject\",\"inLanguage\":\"pt-BR\",\"@id\":\"https:\/\/www.manaus.am.gov.br\/semasc\/#\/schema\/logo\/image\/\",\"url\":\"https:\/\/www.manaus.am.gov.br\/semasc\/wp-content\/uploads\/sites\/17\/2024\/07\/favicon.png\",\"contentUrl\":\"https:\/\/www.manaus.am.gov.br\/semasc\/wp-content\/uploads\/sites\/17\/2024\/07\/favicon.png\",\"width\":300,\"height\":300,\"caption\":\"Prefeitura de Manaus\"},\"image\":{\"@id\":\"https:\/\/www.manaus.am.gov.br\/semasc\/#\/schema\/logo\/image\/\"},\"sameAs\":[\"https:\/\/www.facebook.com\/semascmanaus\",\"https:\/\/www.instagram.com\/semascmanaus\/\"]},{\"@type\":\"Person\",\"@id\":\"https:\/\/www.manaus.am.gov.br\/semasc\/#\/schema\/person\/4e49f4e267757a06ca072ec61b2b9968\",\"name\":\"Adriana Costa\",\"image\":{\"@type\":\"ImageObject\",\"inLanguage\":\"pt-BR\",\"@id\":\"https:\/\/www.manaus.am.gov.br\/semasc\/#\/schema\/person\/image\/\",\"url\":\"https:\/\/secure.gravatar.com\/avatar\/576258617ef7194f718179e766d57bd4?s=96&d=mm&r=g\",\"contentUrl\":\"https:\/\/secure.gravatar.com\/avatar\/576258617ef7194f718179e766d57bd4?s=96&d=mm&r=g\",\"caption\":\"Adriana Costa\"}}]}<\/script>\n<!-- \/ Yoast SEO plugin. -->","yoast_head_json":{"title":"Prefeitura de Manaus recebe doa\u00e7\u00e3o de computadores da ag\u00eancia da ONU para trabalhos assistenciais","description":"A Prefeitura de Manaus, via Secretaria Municipal da Mulher, Assist\u00eancia Social e Cidadania (Semasc), recebeu uma importante doa\u00e7\u00e3o feita pelo Acnur, a Ag\u00eancia da Organiza\u00e7\u00e3o das Na\u00e7\u00f5es Unidas (ONU) para Refugiados, nesta ter\u00e7a-feira, 12\/9. Tratam-se de computadores modernos, destinados a potencializar as atividades administrativas e projetos sociais do \u00f3rg\u00e3o de assist\u00eancia.","robots":{"index":"noindex","follow":"follow"},"og_locale":"pt_BR","og_type":"article","og_title":"Prefeitura de Manaus recebe doa\u00e7\u00e3o de computadores da ag\u00eancia da ONU para trabalhos assistenciais","og_description":"A Prefeitura de Manaus, via Secretaria Municipal da Mulher, Assist\u00eancia Social e Cidadania (Semasc), recebeu uma importante doa\u00e7\u00e3o feita pelo Acnur, a Ag\u00eancia da Organiza\u00e7\u00e3o das Na\u00e7\u00f5es Unidas (ONU) para Refugiados, nesta ter\u00e7a-feira, 12\/9. Tratam-se de computadores modernos, destinados a potencializar as atividades administrativas e projetos sociais do \u00f3rg\u00e3o de assist\u00eancia.","og_url":"https:\/\/www.manaus.am.gov.br\/semasc\/prefeitura-de-manaus-recebe-doacao-de-computadores-da-agencia-da-onu-para-trabalhos-assistenciais\/","og_site_name":"SEMASC","article_publisher":"https:\/\/www.facebook.com\/semascmanaus","article_published_time":"2023-09-13T13:50:38+00:00","og_image":[{"width":2172,"height":1448,"url":"https:\/\/www.manaus.am.gov.br\/semasc\/wp-content\/uploads\/sites\/17\/2023\/09\/12.09-Doacao-Computadores-Acnur-4.jpeg","type":"image\/jpeg"}],"author":"Adriana Costa","twitter_card":"summary_large_image","twitter_misc":{"Written by":"Adriana Costa","Est. reading time":"2 minutos"},"schema":{"@context":"https:\/\/schema.org","@graph":[{"@type":"Article","@id":"https:\/\/www.manaus.am.gov.br\/semasc\/prefeitura-de-manaus-recebe-doacao-de-computadores-da-agencia-da-onu-para-trabalhos-assistenciais\/#article","isPartOf":{"@id":"https:\/\/www.manaus.am.gov.br\/semasc\/prefeitura-de-manaus-recebe-doacao-de-computadores-da-agencia-da-onu-para-trabalhos-assistenciais\/"},"author":{"name":"Adriana Costa","@id":"https:\/\/www.manaus.am.gov.br\/semasc\/#\/schema\/person\/4e49f4e267757a06ca072ec61b2b9968"},"headline":"Prefeitura de Manaus recebe doa\u00e7\u00e3o de computadores da ag\u00eancia da ONU para trabalhos assistenciais","datePublished":"2023-09-13T13:50:38+00:00","dateModified":"2023-09-13T13:50:38+00:00","mainEntityOfPage":{"@id":"https:\/\/www.manaus.am.gov.br\/semasc\/prefeitura-de-manaus-recebe-doacao-de-computadores-da-agencia-da-onu-para-trabalhos-assistenciais\/"},"wordCount":264,"publisher":{"@id":"https:\/\/www.manaus.am.gov.br\/semasc\/#organization"},"image":{"@id":"https:\/\/www.manaus.am.gov.br\/semasc\/prefeitura-de-manaus-recebe-doacao-de-computadores-da-agencia-da-onu-para-trabalhos-assistenciais\/#primaryimage"},"thumbnailUrl":"https:\/\/www.manaus.am.gov.br\/semasc\/wp-content\/uploads\/sites\/17\/2023\/09\/12.09-Doacao-Computadores-Acnur-4.jpeg","keywords":["Acnur","doa\u00e7\u00e3o de computadores","onu","prefeitura de manaus","Semasc"],"articleSection":["Parceria"],"inLanguage":"pt-BR"},{"@type":"WebPage","@id":"https:\/\/www.manaus.am.gov.br\/semasc\/prefeitura-de-manaus-recebe-doacao-de-computadores-da-agencia-da-onu-para-trabalhos-assistenciais\/","url":"https:\/\/www.manaus.am.gov.br\/semasc\/prefeitura-de-manaus-recebe-doacao-de-computadores-da-agencia-da-onu-para-trabalhos-assistenciais\/","name":"Prefeitura de Manaus recebe doa\u00e7\u00e3o de computadores da ag\u00eancia da ONU para trabalhos assistenciais","isPartOf":{"@id":"https:\/\/www.manaus.am.gov.br\/semasc\/#website"},"primaryImageOfPage":{"@id":"https:\/\/www.manaus.am.gov.br\/semasc\/prefeitura-de-manaus-recebe-doacao-de-computadores-da-agencia-da-onu-para-trabalhos-assistenciais\/#primaryimage"},"image":{"@id":"https:\/\/www.manaus.am.gov.br\/semasc\/prefeitura-de-manaus-recebe-doacao-de-computadores-da-agencia-da-onu-para-trabalhos-assistenciais\/#primaryimage"},"thumbnailUrl":"https:\/\/www.manaus.am.gov.br\/semasc\/wp-content\/uploads\/sites\/17\/2023\/09\/12.09-Doacao-Computadores-Acnur-4.jpeg","datePublished":"2023-09-13T13:50:38+00:00","dateModified":"2023-09-13T13:50:38+00:00","description":"A Prefeitura de Manaus, via Secretaria Municipal da Mulher, Assist\u00eancia Social e Cidadania (Semasc), recebeu uma importante doa\u00e7\u00e3o feita pelo Acnur, a Ag\u00eancia da Organiza\u00e7\u00e3o das Na\u00e7\u00f5es Unidas (ONU) para Refugiados, nesta ter\u00e7a-feira, 12\/9. Tratam-se de computadores modernos, destinados a potencializar as atividades administrativas e projetos sociais do \u00f3rg\u00e3o de assist\u00eancia.","breadcrumb":{"@id":"https:\/\/www.manaus.am.gov.br\/semasc\/prefeitura-de-manaus-recebe-doacao-de-computadores-da-agencia-da-onu-para-trabalhos-assistenciais\/#breadcrumb"},"inLanguage":"pt-BR","potentialAction":[{"@type":"ReadAction","target":["https:\/\/www.manaus.am.gov.br\/semasc\/prefeitura-de-manaus-recebe-doacao-de-computadores-da-agencia-da-onu-para-trabalhos-assistenciais\/"]}]},{"@type":"ImageObject","inLanguage":"pt-BR","@id":"https:\/\/www.manaus.am.gov.br\/semasc\/prefeitura-de-manaus-recebe-doacao-de-computadores-da-agencia-da-onu-para-trabalhos-assistenciais\/#primaryimage","url":"https:\/\/www.manaus.am.gov.br\/semasc\/wp-content\/uploads\/sites\/17\/2023\/09\/12.09-Doacao-Computadores-Acnur-4.jpeg","contentUrl":"https:\/\/www.manaus.am.gov.br\/semasc\/wp-content\/uploads\/sites\/17\/2023\/09\/12.09-Doacao-Computadores-Acnur-4.jpeg","width":2172,"height":1448},{"@type":"BreadcrumbList","@id":"https:\/\/www.manaus.am.gov.br\/semasc\/prefeitura-de-manaus-recebe-doacao-de-computadores-da-agencia-da-onu-para-trabalhos-assistenciais\/#breadcrumb","itemListElement":[{"@type":"ListItem","position":1,"name":"Home","item":"https:\/\/www.manaus.am.gov.br\/semasc\/"},{"@type":"ListItem","position":2,"name":"Prefeitura de Manaus recebe doa\u00e7\u00e3o de computadores da ag\u00eancia da ONU para trabalhos assistenciais"}]},{"@type":"WebSite","@id":"https:\/\/www.manaus.am.gov.br\/semasc\/#website","url":"https:\/\/www.manaus.am.gov.br\/semasc\/","name":"SEMASC","description":"Secretaria Municipal da Mulher, Assist\u00eancia Social e Cidadania.","publisher":{"@id":"https:\/\/www.manaus.am.gov.br\/semasc\/#organization"},"alternateName":"Secretaria Municipal da Mulher, Assist\u00eancia Social e Cidadania","potentialAction":[{"@type":"SearchAction","target":{"@type":"EntryPoint","urlTemplate":"https:\/\/www.manaus.am.gov.br\/semasc\/?s={search_term_string}"},"query-input":"required name=search_term_string"}],"inLanguage":"pt-BR"},{"@type":"Organization","@id":"https:\/\/www.manaus.am.gov.br\/semasc\/#organization","name":"Prefeitura de Manaus","alternateName":"Prefeitura Municipal de Manaus","url":"https:\/\/www.manaus.am.gov.br\/semasc\/","logo":{"@type":"ImageObject","inLanguage":"pt-BR","@id":"https:\/\/www.manaus.am.gov.br\/semasc\/#\/schema\/logo\/image\/","url":"https:\/\/www.manaus.am.gov.br\/semasc\/wp-content\/uploads\/sites\/17\/2024\/07\/favicon.png","contentUrl":"https:\/\/www.manaus.am.gov.br\/semasc\/wp-content\/uploads\/sites\/17\/2024\/07\/favicon.png","width":300,"height":300,"caption":"Prefeitura de Manaus"},"image":{"@id":"https:\/\/www.manaus.am.gov.br\/semasc\/#\/schema\/logo\/image\/"},"sameAs":["https:\/\/www.facebook.com\/semascmanaus","https:\/\/www.instagram.com\/semascmanaus\/"]},{"@type":"Person","@id":"https:\/\/www.manaus.am.gov.br\/semasc\/#\/schema\/person\/4e49f4e267757a06ca072ec61b2b9968","name":"Adriana Costa","image":{"@type":"ImageObject","inLanguage":"pt-BR","@id":"https:\/\/www.manaus.am.gov.br\/semasc\/#\/schema\/person\/image\/","url":"https:\/\/secure.gravatar.com\/avatar\/576258617ef7194f718179e766d57bd4?s=96&d=mm&r=g","contentUrl":"https:\/\/secure.gravatar.com\/avatar\/576258617ef7194f718179e766d57bd4?s=96&d=mm&r=g","caption":"Adriana Costa"}}]}},"_links":{"self":[{"href":"https:\/\/www.manaus.am.gov.br\/semasc\/wp-json\/wp\/v2\/posts\/208872"}],"collection":[{"href":"https:\/\/www.manaus.am.gov.br\/semasc\/wp-json\/wp\/v2\/posts"}],"about":[{"href":"https:\/\/www.manaus.am.gov.br\/semasc\/wp-json\/wp\/v2\/types\/post"}],"author":[{"embeddable":true,"href":"https:\/\/www.manaus.am.gov.br\/semasc\/wp-json\/wp\/v2\/users\/23"}],"replies":[{"embeddable":true,"href":"https:\/\/www.manaus.am.gov.br\/semasc\/wp-json\/wp\/v2\/comments?post=208872"}],"version-history":[{"count":0,"href":"https:\/\/www.manaus.am.gov.br\/semasc\/wp-json\/wp\/v2\/posts\/208872\/revisions"}],"wp:featuredmedia":[{"embeddable":true,"href":"https:\/\/www.manaus.am.gov.br\/semasc\/wp-json\/wp\/v2\/media\/208873"}],"wp:attachment":[{"href":"https:\/\/www.manaus.am.gov.br\/semasc\/wp-json\/wp\/v2\/media?parent=208872"}],"wp:term":[{"taxonomy":"category","embeddable":true,"href":"https:\/\/www.manaus.am.gov.br\/semasc\/wp-json\/wp\/v2\/categories?post=208872"},{"taxonomy":"post_tag","embeddable":true,"href":"https:\/\/www.manaus.am.gov.br\/semasc\/wp-json\/wp\/v2\/tags?post=208872"}],"curies":[{"name":"wp","href":"https:\/\/api.w.org\/{rel}","templated":true}]}}