{"id":208870,"date":"2023-09-13T09:48:57","date_gmt":"2023-09-13T13:48:57","guid":{"rendered":"https:\/\/www.manaus.am.gov.br\/semasc\/conferencia-seguranca-alimentar\/"},"modified":"2023-09-13T09:48:58","modified_gmt":"2023-09-13T13:48:58","slug":"conferencia-seguranca-alimentar","status":"publish","type":"post","link":"https:\/\/www.manaus.am.gov.br\/semasc\/conferencia-seguranca-alimentar\/","title":{"rendered":"<strong>6\u00aa Confer\u00eancia Municipal de Seguran\u00e7a Alimentar e Nutricional ser\u00e1 realizada em&nbsp;Manaus&nbsp;com apoio da&nbsp;prefeitura<\/strong>"},"content":{"rendered":"\n<p>Nos pr\u00f3ximos dias 28 e 29\/9, a capital amazonense ser\u00e1 palco da 6\u00aa Confer\u00eancia Municipal de Seguran\u00e7a Alimentar e Nutricional, promovida pelo Conselho Municipal de Seguran\u00e7a Alimentar (Comsean), com apoio da&nbsp;Prefeitura&nbsp;de&nbsp;Manaus, por meio da Secretaria Municipal da Mulher, Assist\u00eancia Social e Cidadania (Semasc). O evento, que tem por objetivo discutir e propor estrat\u00e9gias para a garantia do direito \u00e0 alimenta\u00e7\u00e3o adequada, contar\u00e1 com a participa\u00e7\u00e3o de especialistas, gestores p\u00fablicos, representantes de organiza\u00e7\u00f5es n\u00e3o governamentais e da sociedade civil.<\/p>\n\n\n\n<p>A confer\u00eancia tem como tema \u201cAmaz\u00f4nia sem fome \u2013 sistema alimentar sustent\u00e1vel com a agricultura familiar\u201d, ser\u00e1 realizada no audit\u00f3rio do Parque Municipal do Idoso, no bairro Nossa Senhora das Gra\u00e7as, e pretende abordar temas que est\u00e3o no centro das pol\u00edticas p\u00fablicas de alimenta\u00e7\u00e3o e nutri\u00e7\u00e3o, como o combate \u00e0 inseguran\u00e7a alimentar e ao desperd\u00edcio de alimentos, o incentivo \u00e0 agricultura familiar e a garantia do acesso a alimentos de qualidade para todos os manauaras.<\/p>\n\n\n\n<p>O secret\u00e1rio da Semasc, Eduardo Lucas, destaca a import\u00e2ncia da realiza\u00e7\u00e3o do evento em&nbsp;Manaus. \u201cNossa cidade tem desafios \u00fanicos quando se trata de seguran\u00e7a alimentar, dada a nossa localiza\u00e7\u00e3o geogr\u00e1fica e diversidade cultural. A confer\u00eancia \u00e9 uma oportunidade de reunir diferentes atores sociais para pensar solu\u00e7\u00f5es conjuntas e inovadoras, voltadas para a realidade local\u201d.<\/p>\n\n\n\n<p>Al\u00e9m de palestras, haver\u00e1 mesas-redondas, grupos de trabalho e apresenta\u00e7\u00f5es culturais, proporcionando um ambiente rico para trocas e aprendizados. A confer\u00eancia ter\u00e1 discuss\u00f5es em tr\u00eas eixos: Determinantes Estruturais e Macrodesafios para a Soberania e Seguran\u00e7a Alimentar e Nutricional; Sistema Nacional de Seguran\u00e7a Alimentar e Nutricional e Pol\u00edticas P\u00fablicas Garantidoras do Direito Humano \u00e0 Alimenta\u00e7\u00e3o Adequada; Democracia e Participa\u00e7\u00e3o Social.<\/p>\n\n\n\n<p>As inscri\u00e7\u00f5es para o evento s\u00e3o gratuitas e podem ser realizadas at\u00e9 as 18h do dia 22 de setembro por meio do link&nbsp;<a href=\"https:\/\/www.sympla.com.br\/vi-conferencia-municipal-de-seguranca-alimentar-e-nutricional__2157353\" target=\"_blank\" rel=\"noreferrer noopener\">https:\/\/www.sympla.com.br\/vi-conferencia-municipal-de-seguranca-alimentar-e-nutricional__2157353<\/a>. A expectativa \u00e9 que a confer\u00eancia re\u00fana mais de 200 pessoas, consolidando-se como uma importante ferramenta de participa\u00e7\u00e3o social na constru\u00e7\u00e3o de pol\u00edticas p\u00fablicas para a cidade.<\/p>\n\n\n\n<p>&#8212; &#8212; &#8212;<\/p>\n\n\n\n<p><strong>Texto &#8211;&nbsp;<\/strong>Leonardo Fierro \/ Semasc<\/p>\n\n\n\n<p><strong>Foto \u2013&nbsp;<\/strong>Semcom \/ Arquivo<\/p>\n","protected":false},"excerpt":{"rendered":"","protected":false},"author":25,"featured_media":208871,"comment_status":"closed","ping_status":"closed","sticky":false,"template":"","format":"standard","meta":{"footnotes":""},"categories":[34],"tags":[391,392],"acf":[],"yoast_head":"<!-- This site is optimized with the Yoast SEO plugin v23.0 - https:\/\/yoast.com\/wordpress\/plugins\/seo\/ -->\n<title>6\u00aa Confer\u00eancia Municipal de Seguran\u00e7a Alimentar e Nutricional ser\u00e1 realizada em\u00a0Manaus\u00a0com apoio da\u00a0prefeitura<\/title>\n<meta name=\"description\" content=\"Nos pr\u00f3ximos dias 28 e 29\/9, a capital amazonense ser\u00e1 palco da 6\u00aa Confer\u00eancia Municipal de Seguran\u00e7a Alimentar e Nutricional,\" \/>\n<meta name=\"robots\" content=\"noindex, follow\" \/>\n<meta property=\"og:locale\" content=\"pt_BR\" \/>\n<meta property=\"og:type\" content=\"article\" \/>\n<meta property=\"og:title\" content=\"6\u00aa Confer\u00eancia Municipal de Seguran\u00e7a Alimentar e Nutricional ser\u00e1 realizada em\u00a0Manaus\u00a0com apoio da\u00a0prefeitura\" \/>\n<meta property=\"og:description\" content=\"Nos pr\u00f3ximos dias 28 e 29\/9, a capital amazonense ser\u00e1 palco da 6\u00aa Confer\u00eancia Municipal de Seguran\u00e7a Alimentar e Nutricional,\" \/>\n<meta property=\"og:url\" content=\"https:\/\/www.manaus.am.gov.br\/semasc\/conferencia-seguranca-alimentar\/\" \/>\n<meta property=\"og:site_name\" content=\"SEMASC\" \/>\n<meta property=\"article:publisher\" content=\"https:\/\/www.facebook.com\/semascmanaus\" \/>\n<meta property=\"article:published_time\" content=\"2023-09-13T13:48:57+00:00\" \/>\n<meta property=\"article:modified_time\" content=\"2023-09-13T13:48:58+00:00\" \/>\n<meta property=\"og:image\" content=\"https:\/\/www.manaus.am.gov.br\/semasc\/wp-content\/uploads\/sites\/17\/2023\/09\/SEMASC.jpg\" \/>\n\t<meta property=\"og:image:width\" content=\"1024\" \/>\n\t<meta property=\"og:image:height\" content=\"683\" \/>\n\t<meta property=\"og:image:type\" content=\"image\/jpeg\" \/>\n<meta name=\"author\" content=\"Maur\u00edcio Freire\" \/>\n<meta name=\"twitter:card\" content=\"summary_large_image\" \/>\n<meta name=\"twitter:label1\" content=\"Written by\" \/>\n\t<meta name=\"twitter:data1\" content=\"Maur\u00edcio Freire\" \/>\n\t<meta name=\"twitter:label2\" content=\"Est. reading time\" \/>\n\t<meta name=\"twitter:data2\" content=\"2 minutos\" \/>\n<script type=\"application\/ld+json\" class=\"yoast-schema-graph\">{\"@context\":\"https:\/\/schema.org\",\"@graph\":[{\"@type\":\"Article\",\"@id\":\"https:\/\/www.manaus.am.gov.br\/semasc\/conferencia-seguranca-alimentar\/#article\",\"isPartOf\":{\"@id\":\"https:\/\/www.manaus.am.gov.br\/semasc\/conferencia-seguranca-alimentar\/\"},\"author\":{\"name\":\"Maur\u00edcio Freire\",\"@id\":\"https:\/\/www.manaus.am.gov.br\/semasc\/#\/schema\/person\/587989a23a463cde5618e6a028977a9a\"},\"headline\":\"6\u00aa Confer\u00eancia Municipal de Seguran\u00e7a Alimentar e Nutricional ser\u00e1 realizada em&nbsp;Manaus&nbsp;com apoio da&nbsp;prefeitura\",\"datePublished\":\"2023-09-13T13:48:57+00:00\",\"dateModified\":\"2023-09-13T13:48:58+00:00\",\"mainEntityOfPage\":{\"@id\":\"https:\/\/www.manaus.am.gov.br\/semasc\/conferencia-seguranca-alimentar\/\"},\"wordCount\":402,\"publisher\":{\"@id\":\"https:\/\/www.manaus.am.gov.br\/semasc\/#organization\"},\"image\":{\"@id\":\"https:\/\/www.manaus.am.gov.br\/semasc\/conferencia-seguranca-alimentar\/#primaryimage\"},\"thumbnailUrl\":\"https:\/\/www.manaus.am.gov.br\/semasc\/wp-content\/uploads\/sites\/17\/2023\/09\/SEMASC.jpg\",\"keywords\":[\"Comsean\",\"Seguran\u00e7a Alimentar\"],\"articleSection\":[\"Assist\u00eancia Social\"],\"inLanguage\":\"pt-BR\"},{\"@type\":\"WebPage\",\"@id\":\"https:\/\/www.manaus.am.gov.br\/semasc\/conferencia-seguranca-alimentar\/\",\"url\":\"https:\/\/www.manaus.am.gov.br\/semasc\/conferencia-seguranca-alimentar\/\",\"name\":\"6\u00aa Confer\u00eancia Municipal de Seguran\u00e7a Alimentar e Nutricional ser\u00e1 realizada em\u00a0Manaus\u00a0com apoio da\u00a0prefeitura\",\"isPartOf\":{\"@id\":\"https:\/\/www.manaus.am.gov.br\/semasc\/#website\"},\"primaryImageOfPage\":{\"@id\":\"https:\/\/www.manaus.am.gov.br\/semasc\/conferencia-seguranca-alimentar\/#primaryimage\"},\"image\":{\"@id\":\"https:\/\/www.manaus.am.gov.br\/semasc\/conferencia-seguranca-alimentar\/#primaryimage\"},\"thumbnailUrl\":\"https:\/\/www.manaus.am.gov.br\/semasc\/wp-content\/uploads\/sites\/17\/2023\/09\/SEMASC.jpg\",\"datePublished\":\"2023-09-13T13:48:57+00:00\",\"dateModified\":\"2023-09-13T13:48:58+00:00\",\"description\":\"Nos pr\u00f3ximos dias 28 e 29\/9, a capital amazonense ser\u00e1 palco da 6\u00aa Confer\u00eancia Municipal de Seguran\u00e7a Alimentar e Nutricional,\",\"breadcrumb\":{\"@id\":\"https:\/\/www.manaus.am.gov.br\/semasc\/conferencia-seguranca-alimentar\/#breadcrumb\"},\"inLanguage\":\"pt-BR\",\"potentialAction\":[{\"@type\":\"ReadAction\",\"target\":[\"https:\/\/www.manaus.am.gov.br\/semasc\/conferencia-seguranca-alimentar\/\"]}]},{\"@type\":\"ImageObject\",\"inLanguage\":\"pt-BR\",\"@id\":\"https:\/\/www.manaus.am.gov.br\/semasc\/conferencia-seguranca-alimentar\/#primaryimage\",\"url\":\"https:\/\/www.manaus.am.gov.br\/semasc\/wp-content\/uploads\/sites\/17\/2023\/09\/SEMASC.jpg\",\"contentUrl\":\"https:\/\/www.manaus.am.gov.br\/semasc\/wp-content\/uploads\/sites\/17\/2023\/09\/SEMASC.jpg\",\"width\":1024,\"height\":683,\"caption\":\"05.06.19 V Confer\u00eancia Municipal discute sobre os Desafios de Envelhecer e o Papel das Politicas P\u00fablicas. Divulga\u00e7\u00e3o FDT.\"},{\"@type\":\"BreadcrumbList\",\"@id\":\"https:\/\/www.manaus.am.gov.br\/semasc\/conferencia-seguranca-alimentar\/#breadcrumb\",\"itemListElement\":[{\"@type\":\"ListItem\",\"position\":1,\"name\":\"Home\",\"item\":\"https:\/\/www.manaus.am.gov.br\/semasc\/\"},{\"@type\":\"ListItem\",\"position\":2,\"name\":\"6\u00aa Confer\u00eancia Municipal de Seguran\u00e7a Alimentar e Nutricional ser\u00e1 realizada em&nbsp;Manaus&nbsp;com apoio da&nbsp;prefeitura\"}]},{\"@type\":\"WebSite\",\"@id\":\"https:\/\/www.manaus.am.gov.br\/semasc\/#website\",\"url\":\"https:\/\/www.manaus.am.gov.br\/semasc\/\",\"name\":\"SEMASC\",\"description\":\"Secretaria Municipal da Mulher, Assist\u00eancia Social e Cidadania.\",\"publisher\":{\"@id\":\"https:\/\/www.manaus.am.gov.br\/semasc\/#organization\"},\"alternateName\":\"Secretaria Municipal da Mulher, Assist\u00eancia Social e Cidadania\",\"potentialAction\":[{\"@type\":\"SearchAction\",\"target\":{\"@type\":\"EntryPoint\",\"urlTemplate\":\"https:\/\/www.manaus.am.gov.br\/semasc\/?s={search_term_string}\"},\"query-input\":\"required name=search_term_string\"}],\"inLanguage\":\"pt-BR\"},{\"@type\":\"Organization\",\"@id\":\"https:\/\/www.manaus.am.gov.br\/semasc\/#organization\",\"name\":\"Prefeitura de Manaus\",\"alternateName\":\"Prefeitura Municipal de Manaus\",\"url\":\"https:\/\/www.manaus.am.gov.br\/semasc\/\",\"logo\":{\"@type\":\"ImageObject\",\"inLanguage\":\"pt-BR\",\"@id\":\"https:\/\/www.manaus.am.gov.br\/semasc\/#\/schema\/logo\/image\/\",\"url\":\"https:\/\/www.manaus.am.gov.br\/semasc\/wp-content\/uploads\/sites\/17\/2024\/07\/favicon.png\",\"contentUrl\":\"https:\/\/www.manaus.am.gov.br\/semasc\/wp-content\/uploads\/sites\/17\/2024\/07\/favicon.png\",\"width\":300,\"height\":300,\"caption\":\"Prefeitura de Manaus\"},\"image\":{\"@id\":\"https:\/\/www.manaus.am.gov.br\/semasc\/#\/schema\/logo\/image\/\"},\"sameAs\":[\"https:\/\/www.facebook.com\/semascmanaus\",\"https:\/\/www.instagram.com\/semascmanaus\/\"]},{\"@type\":\"Person\",\"@id\":\"https:\/\/www.manaus.am.gov.br\/semasc\/#\/schema\/person\/587989a23a463cde5618e6a028977a9a\",\"name\":\"Maur\u00edcio Freire\",\"image\":{\"@type\":\"ImageObject\",\"inLanguage\":\"pt-BR\",\"@id\":\"https:\/\/www.manaus.am.gov.br\/semasc\/#\/schema\/person\/image\/\",\"url\":\"https:\/\/secure.gravatar.com\/avatar\/dc1481799a1f75c733ac3b2634cd6749?s=96&d=mm&r=g\",\"contentUrl\":\"https:\/\/secure.gravatar.com\/avatar\/dc1481799a1f75c733ac3b2634cd6749?s=96&d=mm&r=g\",\"caption\":\"Maur\u00edcio Freire\"}}]}<\/script>\n<!-- \/ Yoast SEO plugin. -->","yoast_head_json":{"title":"6\u00aa Confer\u00eancia Municipal de Seguran\u00e7a Alimentar e Nutricional ser\u00e1 realizada em\u00a0Manaus\u00a0com apoio da\u00a0prefeitura","description":"Nos pr\u00f3ximos dias 28 e 29\/9, a capital amazonense ser\u00e1 palco da 6\u00aa Confer\u00eancia Municipal de Seguran\u00e7a Alimentar e Nutricional,","robots":{"index":"noindex","follow":"follow"},"og_locale":"pt_BR","og_type":"article","og_title":"6\u00aa Confer\u00eancia Municipal de Seguran\u00e7a Alimentar e Nutricional ser\u00e1 realizada em\u00a0Manaus\u00a0com apoio da\u00a0prefeitura","og_description":"Nos pr\u00f3ximos dias 28 e 29\/9, a capital amazonense ser\u00e1 palco da 6\u00aa Confer\u00eancia Municipal de Seguran\u00e7a Alimentar e Nutricional,","og_url":"https:\/\/www.manaus.am.gov.br\/semasc\/conferencia-seguranca-alimentar\/","og_site_name":"SEMASC","article_publisher":"https:\/\/www.facebook.com\/semascmanaus","article_published_time":"2023-09-13T13:48:57+00:00","article_modified_time":"2023-09-13T13:48:58+00:00","og_image":[{"width":1024,"height":683,"url":"https:\/\/www.manaus.am.gov.br\/semasc\/wp-content\/uploads\/sites\/17\/2023\/09\/SEMASC.jpg","type":"image\/jpeg"}],"author":"Maur\u00edcio Freire","twitter_card":"summary_large_image","twitter_misc":{"Written by":"Maur\u00edcio Freire","Est. reading time":"2 minutos"},"schema":{"@context":"https:\/\/schema.org","@graph":[{"@type":"Article","@id":"https:\/\/www.manaus.am.gov.br\/semasc\/conferencia-seguranca-alimentar\/#article","isPartOf":{"@id":"https:\/\/www.manaus.am.gov.br\/semasc\/conferencia-seguranca-alimentar\/"},"author":{"name":"Maur\u00edcio Freire","@id":"https:\/\/www.manaus.am.gov.br\/semasc\/#\/schema\/person\/587989a23a463cde5618e6a028977a9a"},"headline":"6\u00aa Confer\u00eancia Municipal de Seguran\u00e7a Alimentar e Nutricional ser\u00e1 realizada em&nbsp;Manaus&nbsp;com apoio da&nbsp;prefeitura","datePublished":"2023-09-13T13:48:57+00:00","dateModified":"2023-09-13T13:48:58+00:00","mainEntityOfPage":{"@id":"https:\/\/www.manaus.am.gov.br\/semasc\/conferencia-seguranca-alimentar\/"},"wordCount":402,"publisher":{"@id":"https:\/\/www.manaus.am.gov.br\/semasc\/#organization"},"image":{"@id":"https:\/\/www.manaus.am.gov.br\/semasc\/conferencia-seguranca-alimentar\/#primaryimage"},"thumbnailUrl":"https:\/\/www.manaus.am.gov.br\/semasc\/wp-content\/uploads\/sites\/17\/2023\/09\/SEMASC.jpg","keywords":["Comsean","Seguran\u00e7a Alimentar"],"articleSection":["Assist\u00eancia Social"],"inLanguage":"pt-BR"},{"@type":"WebPage","@id":"https:\/\/www.manaus.am.gov.br\/semasc\/conferencia-seguranca-alimentar\/","url":"https:\/\/www.manaus.am.gov.br\/semasc\/conferencia-seguranca-alimentar\/","name":"6\u00aa Confer\u00eancia Municipal de Seguran\u00e7a Alimentar e Nutricional ser\u00e1 realizada em\u00a0Manaus\u00a0com apoio da\u00a0prefeitura","isPartOf":{"@id":"https:\/\/www.manaus.am.gov.br\/semasc\/#website"},"primaryImageOfPage":{"@id":"https:\/\/www.manaus.am.gov.br\/semasc\/conferencia-seguranca-alimentar\/#primaryimage"},"image":{"@id":"https:\/\/www.manaus.am.gov.br\/semasc\/conferencia-seguranca-alimentar\/#primaryimage"},"thumbnailUrl":"https:\/\/www.manaus.am.gov.br\/semasc\/wp-content\/uploads\/sites\/17\/2023\/09\/SEMASC.jpg","datePublished":"2023-09-13T13:48:57+00:00","dateModified":"2023-09-13T13:48:58+00:00","description":"Nos pr\u00f3ximos dias 28 e 29\/9, a capital amazonense ser\u00e1 palco da 6\u00aa Confer\u00eancia Municipal de Seguran\u00e7a Alimentar e Nutricional,","breadcrumb":{"@id":"https:\/\/www.manaus.am.gov.br\/semasc\/conferencia-seguranca-alimentar\/#breadcrumb"},"inLanguage":"pt-BR","potentialAction":[{"@type":"ReadAction","target":["https:\/\/www.manaus.am.gov.br\/semasc\/conferencia-seguranca-alimentar\/"]}]},{"@type":"ImageObject","inLanguage":"pt-BR","@id":"https:\/\/www.manaus.am.gov.br\/semasc\/conferencia-seguranca-alimentar\/#primaryimage","url":"https:\/\/www.manaus.am.gov.br\/semasc\/wp-content\/uploads\/sites\/17\/2023\/09\/SEMASC.jpg","contentUrl":"https:\/\/www.manaus.am.gov.br\/semasc\/wp-content\/uploads\/sites\/17\/2023\/09\/SEMASC.jpg","width":1024,"height":683,"caption":"05.06.19 V Confer\u00eancia Municipal discute sobre os Desafios de Envelhecer e o Papel das Politicas P\u00fablicas. Divulga\u00e7\u00e3o FDT."},{"@type":"BreadcrumbList","@id":"https:\/\/www.manaus.am.gov.br\/semasc\/conferencia-seguranca-alimentar\/#breadcrumb","itemListElement":[{"@type":"ListItem","position":1,"name":"Home","item":"https:\/\/www.manaus.am.gov.br\/semasc\/"},{"@type":"ListItem","position":2,"name":"6\u00aa Confer\u00eancia Municipal de Seguran\u00e7a Alimentar e Nutricional ser\u00e1 realizada em&nbsp;Manaus&nbsp;com apoio da&nbsp;prefeitura"}]},{"@type":"WebSite","@id":"https:\/\/www.manaus.am.gov.br\/semasc\/#website","url":"https:\/\/www.manaus.am.gov.br\/semasc\/","name":"SEMASC","description":"Secretaria Municipal da Mulher, Assist\u00eancia Social e Cidadania.","publisher":{"@id":"https:\/\/www.manaus.am.gov.br\/semasc\/#organization"},"alternateName":"Secretaria Municipal da Mulher, Assist\u00eancia Social e Cidadania","potentialAction":[{"@type":"SearchAction","target":{"@type":"EntryPoint","urlTemplate":"https:\/\/www.manaus.am.gov.br\/semasc\/?s={search_term_string}"},"query-input":"required name=search_term_string"}],"inLanguage":"pt-BR"},{"@type":"Organization","@id":"https:\/\/www.manaus.am.gov.br\/semasc\/#organization","name":"Prefeitura de Manaus","alternateName":"Prefeitura Municipal de Manaus","url":"https:\/\/www.manaus.am.gov.br\/semasc\/","logo":{"@type":"ImageObject","inLanguage":"pt-BR","@id":"https:\/\/www.manaus.am.gov.br\/semasc\/#\/schema\/logo\/image\/","url":"https:\/\/www.manaus.am.gov.br\/semasc\/wp-content\/uploads\/sites\/17\/2024\/07\/favicon.png","contentUrl":"https:\/\/www.manaus.am.gov.br\/semasc\/wp-content\/uploads\/sites\/17\/2024\/07\/favicon.png","width":300,"height":300,"caption":"Prefeitura de Manaus"},"image":{"@id":"https:\/\/www.manaus.am.gov.br\/semasc\/#\/schema\/logo\/image\/"},"sameAs":["https:\/\/www.facebook.com\/semascmanaus","https:\/\/www.instagram.com\/semascmanaus\/"]},{"@type":"Person","@id":"https:\/\/www.manaus.am.gov.br\/semasc\/#\/schema\/person\/587989a23a463cde5618e6a028977a9a","name":"Maur\u00edcio Freire","image":{"@type":"ImageObject","inLanguage":"pt-BR","@id":"https:\/\/www.manaus.am.gov.br\/semasc\/#\/schema\/person\/image\/","url":"https:\/\/secure.gravatar.com\/avatar\/dc1481799a1f75c733ac3b2634cd6749?s=96&d=mm&r=g","contentUrl":"https:\/\/secure.gravatar.com\/avatar\/dc1481799a1f75c733ac3b2634cd6749?s=96&d=mm&r=g","caption":"Maur\u00edcio Freire"}}]}},"_links":{"self":[{"href":"https:\/\/www.manaus.am.gov.br\/semasc\/wp-json\/wp\/v2\/posts\/208870"}],"collection":[{"href":"https:\/\/www.manaus.am.gov.br\/semasc\/wp-json\/wp\/v2\/posts"}],"about":[{"href":"https:\/\/www.manaus.am.gov.br\/semasc\/wp-json\/wp\/v2\/types\/post"}],"author":[{"embeddable":true,"href":"https:\/\/www.manaus.am.gov.br\/semasc\/wp-json\/wp\/v2\/users\/25"}],"replies":[{"embeddable":true,"href":"https:\/\/www.manaus.am.gov.br\/semasc\/wp-json\/wp\/v2\/comments?post=208870"}],"version-history":[{"count":0,"href":"https:\/\/www.manaus.am.gov.br\/semasc\/wp-json\/wp\/v2\/posts\/208870\/revisions"}],"wp:featuredmedia":[{"embeddable":true,"href":"https:\/\/www.manaus.am.gov.br\/semasc\/wp-json\/wp\/v2\/media\/208871"}],"wp:attachment":[{"href":"https:\/\/www.manaus.am.gov.br\/semasc\/wp-json\/wp\/v2\/media?parent=208870"}],"wp:term":[{"taxonomy":"category","embeddable":true,"href":"https:\/\/www.manaus.am.gov.br\/semasc\/wp-json\/wp\/v2\/categories?post=208870"},{"taxonomy":"post_tag","embeddable":true,"href":"https:\/\/www.manaus.am.gov.br\/semasc\/wp-json\/wp\/v2\/tags?post=208870"}],"curies":[{"name":"wp","href":"https:\/\/api.w.org\/{rel}","templated":true}]}}