{"id":208865,"date":"2023-09-12T14:15:20","date_gmt":"2023-09-12T18:15:20","guid":{"rendered":"https:\/\/www.manaus.am.gov.br\/semasc\/prefeitura-realiza-roda-de-conversa-alusiva-ao-setembro-amarelo-para-pessoas-em-situacao-de-rua\/"},"modified":"2023-09-12T14:15:21","modified_gmt":"2023-09-12T18:15:21","slug":"prefeitura-realiza-roda-de-conversa-alusiva-ao-setembro-amarelo-para-pessoas-em-situacao-de-rua","status":"publish","type":"post","link":"https:\/\/www.manaus.am.gov.br\/semasc\/prefeitura-realiza-roda-de-conversa-alusiva-ao-setembro-amarelo-para-pessoas-em-situacao-de-rua\/","title":{"rendered":"<strong>Prefeitura realiza roda de conversa alusiva ao \u2018Setembro Amarelo\u2019 para pessoas em situa\u00e7\u00e3o de rua<\/strong>"},"content":{"rendered":"\n<p>Dando in\u00edcio \u00e0s atividades alusivas ao \u201cSetembro Amarelo\u201d, campanha nacional de preven\u00e7\u00e3o ao suic\u00eddio, a Prefeitura de Manaus, por meio da Secretaria Municipal da Mulher, Assist\u00eancia Social e Cidadania (Semasc), realizou, nesta ter\u00e7a-feira, 12\/9, uma roda de conversa com usu\u00e1rios do Centro de Refer\u00eancia Especializado para Pessoas em Situa\u00e7\u00f5es de Rua&nbsp;(Centro POP), localizado na zona Sul da cidade.<\/p>\n\n\n\n<p>\u201cIniciamos nossas atividades com os olhos voltados para essa popula\u00e7\u00e3o, porque s\u00e3o pessoas que vivem em um estado de extrema vulnerabilidade social, muitas tendo que lidar com problemas relacionados ao v\u00edcio e sem o devido apoio psicossocial. O trabalho que estamos realizando aqui hoje \u00e9 de extrema import\u00e2ncia para o cuidado com a sa\u00fade f\u00edsica e psicol\u00f3gica dos nossos usu\u00e1rios\u201d, explicou a diretora do Departamento de Prote\u00e7\u00e3o Social Especial, Neila Sardinha.<\/p>\n\n\n\n<p>De acordo com Marcos Coutinho, gerente do&nbsp;Centro POP,&nbsp;atendimentos psicossociais e momentos de conscientiza\u00e7\u00e3o s\u00e3o demandas crescentes apresentadas pelos usu\u00e1rios recebidos no equipamento.<\/p>\n\n\n\n<p>\u201cA depend\u00eancia qu\u00edmica e alco\u00f3lica \u00e9 uma porta para o sofrimento dessas pessoas. Muitos, quando chegam aqui, apresentam sinais claros de abstin\u00eancia, e s\u00e3o nesses momentos de claridade em que a dor da realidade realmente bate mais forte para eles. Realizamos um trabalho de escuta cont\u00ednua e sempre ouvimos usu\u00e1rios relatarem pensamentos suicidas. Ent\u00e3o, entendemos que o atendimento psicossocial de qualidade, rodas de conversa, palestras e outras atividades s\u00e3o essenciais para o cuidado com eles\u201d, afirmou.<\/p>\n\n\n\n<p>Respons\u00e1vel pela condu\u00e7\u00e3o da roda de conversa, o psic\u00f3logo cl\u00ednico Andr\u00e9 Paiva tamb\u00e9m destacou a import\u00e2ncia a longo prazo de um momento de escuta e troca como esse.<\/p>\n\n\n\n<p>\u201cHoje falamos com pessoas que sofreram e sofrem coisas inimagin\u00e1veis todos os dias. Ent\u00e3o, \u00e9 preciso valorizar este momento. Para tentar trazer uma mudan\u00e7a na vida de todos e em suas perspectivas, hoje trouxemos uma palavra de apoio, de compreens\u00e3o e, principalmente, de enfrentamento \u00e0s adversidades da vida. Queremos trabalhar a for\u00e7a dentro de cada um e mostrar que tudo \u00e9 poss\u00edvel quando eles prop\u00f5em a se movimentar e a trabalhar com aquilo que t\u00eam em m\u00e3os\u201d, afirmou o psic\u00f3logo.<\/p>\n\n\n\n<p><strong>Centro POP<\/strong><\/p>\n\n\n\n<p>O\u00a0Centro POP\u00a0\u00e9 um equipamento socioassistencial administrado pela Prefeitura de Manaus, por meio da Semasc, respons\u00e1vel por oferecer orienta\u00e7\u00f5es e encaminhamentos a outros servi\u00e7os socioassistenciais das demais pol\u00edticas p\u00fablicas, que possam contribuir na constru\u00e7\u00e3o da autonomia, da inser\u00e7\u00e3o social e da prote\u00e7\u00e3o \u00e0s situa\u00e7\u00f5es de viol\u00eancia vividas por pessoas em situa\u00e7\u00e3o de rua na capital amazonense.<\/p>\n\n\n\n<p>O local promove o acesso a espa\u00e7os de guarda de pertences, distribui\u00e7\u00e3o de kits de higiene pessoal, alimenta\u00e7\u00e3o (caf\u00e9 e almo\u00e7o), al\u00e9m de proporcionar um endere\u00e7o institucional para utiliza\u00e7\u00e3o como refer\u00eancia do usu\u00e1rio durante a provis\u00e3o de documenta\u00e7\u00e3o civil e encaminhamentos para a rede socioassistencial.<\/p>\n\n\n\n<p>&#8212; &#8212; &#8212;<\/p>\n\n\n\n<p><strong>Texto &#8211;<\/strong> Guilherme Pacheco \/ Semasc&nbsp;<\/p>\n\n\n\n<p><strong>Foto &#8211;<\/strong> Diego Lima \/ Semasc&nbsp;<\/p>\n","protected":false},"excerpt":{"rendered":"","protected":false},"author":39,"featured_media":208866,"comment_status":"closed","ping_status":"closed","sticky":false,"template":"","format":"standard","meta":{"footnotes":""},"categories":[4],"tags":[386,387,388,7,389,18,390],"acf":[],"yoast_head":"<!-- This site is optimized with the Yoast SEO plugin v23.0 - https:\/\/yoast.com\/wordpress\/plugins\/seo\/ -->\n<title>Prefeitura realiza roda de conversa alusiva ao \u2018Setembro Amarelo\u2019 para pessoas em situa\u00e7\u00e3o de rua<\/title>\n<meta name=\"description\" content=\"Dando in\u00edcio \u00e0s atividades alusivas ao \u201cSetembro Amarelo\u201d, campanha nacional de preven\u00e7\u00e3o ao suic\u00eddio, a Prefeitura de Manaus, por meio da Secretaria Municipal da Mulher, Assist\u00eancia Social e Cidadania (Semasc), realizou, nesta ter\u00e7a-feira, 12\/9, uma roda de conversa com usu\u00e1rios do Centro de Refer\u00eancia Especializado para Pessoas em Situa\u00e7\u00f5es de Rua\u00a0(Centro POP), localizado na zona Sul da cidade.\" \/>\n<meta name=\"robots\" content=\"noindex, follow\" \/>\n<meta property=\"og:locale\" content=\"pt_BR\" \/>\n<meta property=\"og:type\" content=\"article\" \/>\n<meta property=\"og:title\" content=\"Prefeitura realiza roda de conversa alusiva ao \u2018Setembro Amarelo\u2019 para pessoas em situa\u00e7\u00e3o de rua\" \/>\n<meta property=\"og:description\" content=\"Dando in\u00edcio \u00e0s atividades alusivas ao \u201cSetembro Amarelo\u201d, campanha nacional de preven\u00e7\u00e3o ao suic\u00eddio, a Prefeitura de Manaus, por meio da Secretaria Municipal da Mulher, Assist\u00eancia Social e Cidadania (Semasc), realizou, nesta ter\u00e7a-feira, 12\/9, uma roda de conversa com usu\u00e1rios do Centro de Refer\u00eancia Especializado para Pessoas em Situa\u00e7\u00f5es de Rua\u00a0(Centro POP), localizado na zona Sul da cidade.\" \/>\n<meta property=\"og:url\" content=\"https:\/\/www.manaus.am.gov.br\/semasc\/prefeitura-realiza-roda-de-conversa-alusiva-ao-setembro-amarelo-para-pessoas-em-situacao-de-rua\/\" \/>\n<meta property=\"og:site_name\" content=\"SEMASC\" \/>\n<meta property=\"article:publisher\" content=\"https:\/\/www.facebook.com\/semascmanaus\" \/>\n<meta property=\"article:published_time\" content=\"2023-09-12T18:15:20+00:00\" \/>\n<meta property=\"article:modified_time\" content=\"2023-09-12T18:15:21+00:00\" \/>\n<meta property=\"og:image\" content=\"https:\/\/www.manaus.am.gov.br\/semasc\/wp-content\/uploads\/sites\/17\/2023\/09\/Atividade-alusiva-ao-Setembro-Amarelo-no-Centro-Pop-1024x683.jpg\" \/>\n\t<meta property=\"og:image:width\" content=\"1024\" \/>\n\t<meta property=\"og:image:height\" content=\"683\" \/>\n\t<meta property=\"og:image:type\" content=\"image\/jpeg\" \/>\n<meta name=\"author\" content=\"Bruna Greco\" \/>\n<meta name=\"twitter:card\" content=\"summary_large_image\" \/>\n<meta name=\"twitter:label1\" content=\"Written by\" \/>\n\t<meta name=\"twitter:data1\" content=\"Bruna Greco\" \/>\n\t<meta name=\"twitter:label2\" content=\"Est. reading time\" \/>\n\t<meta name=\"twitter:data2\" content=\"3 minutos\" \/>\n<script type=\"application\/ld+json\" class=\"yoast-schema-graph\">{\"@context\":\"https:\/\/schema.org\",\"@graph\":[{\"@type\":\"Article\",\"@id\":\"https:\/\/www.manaus.am.gov.br\/semasc\/prefeitura-realiza-roda-de-conversa-alusiva-ao-setembro-amarelo-para-pessoas-em-situacao-de-rua\/#article\",\"isPartOf\":{\"@id\":\"https:\/\/www.manaus.am.gov.br\/semasc\/prefeitura-realiza-roda-de-conversa-alusiva-ao-setembro-amarelo-para-pessoas-em-situacao-de-rua\/\"},\"author\":{\"name\":\"Bruna Greco\",\"@id\":\"https:\/\/www.manaus.am.gov.br\/semasc\/#\/schema\/person\/05d223aea2bf115f9883a6ff3683d81b\"},\"headline\":\"Prefeitura realiza roda de conversa alusiva ao \u2018Setembro Amarelo\u2019 para pessoas em situa\u00e7\u00e3o de rua\",\"datePublished\":\"2023-09-12T18:15:20+00:00\",\"dateModified\":\"2023-09-12T18:15:21+00:00\",\"mainEntityOfPage\":{\"@id\":\"https:\/\/www.manaus.am.gov.br\/semasc\/prefeitura-realiza-roda-de-conversa-alusiva-ao-setembro-amarelo-para-pessoas-em-situacao-de-rua\/\"},\"wordCount\":537,\"publisher\":{\"@id\":\"https:\/\/www.manaus.am.gov.br\/semasc\/#organization\"},\"image\":{\"@id\":\"https:\/\/www.manaus.am.gov.br\/semasc\/prefeitura-realiza-roda-de-conversa-alusiva-ao-setembro-amarelo-para-pessoas-em-situacao-de-rua\/#primaryimage\"},\"thumbnailUrl\":\"https:\/\/www.manaus.am.gov.br\/semasc\/wp-content\/uploads\/sites\/17\/2023\/09\/Atividade-alusiva-ao-Setembro-Amarelo-no-Centro-Pop.jpg\",\"keywords\":[\"campanha nacional de preven\u00e7\u00e3o ao suic\u00eddio\",\"Centro de Refer\u00eancia Especializado para Pessoas em Situa\u00e7\u00f5es de Rua\u00a0(Centro POP)\",\"equipamento socioassistencial\",\"prefeitura de manaus\",\"roda de conversa\",\"Semasc\",\"setembro amarelo\"],\"articleSection\":[\"Preven\u00e7\u00e3o\"],\"inLanguage\":\"pt-BR\"},{\"@type\":\"WebPage\",\"@id\":\"https:\/\/www.manaus.am.gov.br\/semasc\/prefeitura-realiza-roda-de-conversa-alusiva-ao-setembro-amarelo-para-pessoas-em-situacao-de-rua\/\",\"url\":\"https:\/\/www.manaus.am.gov.br\/semasc\/prefeitura-realiza-roda-de-conversa-alusiva-ao-setembro-amarelo-para-pessoas-em-situacao-de-rua\/\",\"name\":\"Prefeitura realiza roda de conversa alusiva ao \u2018Setembro Amarelo\u2019 para pessoas em situa\u00e7\u00e3o de rua\",\"isPartOf\":{\"@id\":\"https:\/\/www.manaus.am.gov.br\/semasc\/#website\"},\"primaryImageOfPage\":{\"@id\":\"https:\/\/www.manaus.am.gov.br\/semasc\/prefeitura-realiza-roda-de-conversa-alusiva-ao-setembro-amarelo-para-pessoas-em-situacao-de-rua\/#primaryimage\"},\"image\":{\"@id\":\"https:\/\/www.manaus.am.gov.br\/semasc\/prefeitura-realiza-roda-de-conversa-alusiva-ao-setembro-amarelo-para-pessoas-em-situacao-de-rua\/#primaryimage\"},\"thumbnailUrl\":\"https:\/\/www.manaus.am.gov.br\/semasc\/wp-content\/uploads\/sites\/17\/2023\/09\/Atividade-alusiva-ao-Setembro-Amarelo-no-Centro-Pop.jpg\",\"datePublished\":\"2023-09-12T18:15:20+00:00\",\"dateModified\":\"2023-09-12T18:15:21+00:00\",\"description\":\"Dando in\u00edcio \u00e0s atividades alusivas ao \u201cSetembro Amarelo\u201d, campanha nacional de preven\u00e7\u00e3o ao suic\u00eddio, a Prefeitura de Manaus, por meio da Secretaria Municipal da Mulher, Assist\u00eancia Social e Cidadania (Semasc), realizou, nesta ter\u00e7a-feira, 12\/9, uma roda de conversa com usu\u00e1rios do Centro de Refer\u00eancia Especializado para Pessoas em Situa\u00e7\u00f5es de Rua\u00a0(Centro POP), localizado na zona Sul da cidade.\",\"breadcrumb\":{\"@id\":\"https:\/\/www.manaus.am.gov.br\/semasc\/prefeitura-realiza-roda-de-conversa-alusiva-ao-setembro-amarelo-para-pessoas-em-situacao-de-rua\/#breadcrumb\"},\"inLanguage\":\"pt-BR\",\"potentialAction\":[{\"@type\":\"ReadAction\",\"target\":[\"https:\/\/www.manaus.am.gov.br\/semasc\/prefeitura-realiza-roda-de-conversa-alusiva-ao-setembro-amarelo-para-pessoas-em-situacao-de-rua\/\"]}]},{\"@type\":\"ImageObject\",\"inLanguage\":\"pt-BR\",\"@id\":\"https:\/\/www.manaus.am.gov.br\/semasc\/prefeitura-realiza-roda-de-conversa-alusiva-ao-setembro-amarelo-para-pessoas-em-situacao-de-rua\/#primaryimage\",\"url\":\"https:\/\/www.manaus.am.gov.br\/semasc\/wp-content\/uploads\/sites\/17\/2023\/09\/Atividade-alusiva-ao-Setembro-Amarelo-no-Centro-Pop.jpg\",\"contentUrl\":\"https:\/\/www.manaus.am.gov.br\/semasc\/wp-content\/uploads\/sites\/17\/2023\/09\/Atividade-alusiva-ao-Setembro-Amarelo-no-Centro-Pop.jpg\",\"width\":5184,\"height\":3456},{\"@type\":\"BreadcrumbList\",\"@id\":\"https:\/\/www.manaus.am.gov.br\/semasc\/prefeitura-realiza-roda-de-conversa-alusiva-ao-setembro-amarelo-para-pessoas-em-situacao-de-rua\/#breadcrumb\",\"itemListElement\":[{\"@type\":\"ListItem\",\"position\":1,\"name\":\"Home\",\"item\":\"https:\/\/www.manaus.am.gov.br\/semasc\/\"},{\"@type\":\"ListItem\",\"position\":2,\"name\":\"Prefeitura realiza roda de conversa alusiva ao \u2018Setembro Amarelo\u2019 para pessoas em situa\u00e7\u00e3o de rua\"}]},{\"@type\":\"WebSite\",\"@id\":\"https:\/\/www.manaus.am.gov.br\/semasc\/#website\",\"url\":\"https:\/\/www.manaus.am.gov.br\/semasc\/\",\"name\":\"SEMASC\",\"description\":\"Secretaria Municipal da Mulher, Assist\u00eancia Social e Cidadania.\",\"publisher\":{\"@id\":\"https:\/\/www.manaus.am.gov.br\/semasc\/#organization\"},\"alternateName\":\"Secretaria Municipal da Mulher, Assist\u00eancia Social e Cidadania\",\"potentialAction\":[{\"@type\":\"SearchAction\",\"target\":{\"@type\":\"EntryPoint\",\"urlTemplate\":\"https:\/\/www.manaus.am.gov.br\/semasc\/?s={search_term_string}\"},\"query-input\":\"required name=search_term_string\"}],\"inLanguage\":\"pt-BR\"},{\"@type\":\"Organization\",\"@id\":\"https:\/\/www.manaus.am.gov.br\/semasc\/#organization\",\"name\":\"Prefeitura de Manaus\",\"alternateName\":\"Prefeitura Municipal de Manaus\",\"url\":\"https:\/\/www.manaus.am.gov.br\/semasc\/\",\"logo\":{\"@type\":\"ImageObject\",\"inLanguage\":\"pt-BR\",\"@id\":\"https:\/\/www.manaus.am.gov.br\/semasc\/#\/schema\/logo\/image\/\",\"url\":\"https:\/\/www.manaus.am.gov.br\/semasc\/wp-content\/uploads\/sites\/17\/2024\/07\/favicon.png\",\"contentUrl\":\"https:\/\/www.manaus.am.gov.br\/semasc\/wp-content\/uploads\/sites\/17\/2024\/07\/favicon.png\",\"width\":300,\"height\":300,\"caption\":\"Prefeitura de Manaus\"},\"image\":{\"@id\":\"https:\/\/www.manaus.am.gov.br\/semasc\/#\/schema\/logo\/image\/\"},\"sameAs\":[\"https:\/\/www.facebook.com\/semascmanaus\",\"https:\/\/www.instagram.com\/semascmanaus\/\"]},{\"@type\":\"Person\",\"@id\":\"https:\/\/www.manaus.am.gov.br\/semasc\/#\/schema\/person\/05d223aea2bf115f9883a6ff3683d81b\",\"name\":\"Bruna Greco\",\"image\":{\"@type\":\"ImageObject\",\"inLanguage\":\"pt-BR\",\"@id\":\"https:\/\/www.manaus.am.gov.br\/semasc\/#\/schema\/person\/image\/\",\"url\":\"https:\/\/secure.gravatar.com\/avatar\/9c877d1a6adc2a055330e5c09a8653ce?s=96&d=mm&r=g\",\"contentUrl\":\"https:\/\/secure.gravatar.com\/avatar\/9c877d1a6adc2a055330e5c09a8653ce?s=96&d=mm&r=g\",\"caption\":\"Bruna Greco\"}}]}<\/script>\n<!-- \/ Yoast SEO plugin. -->","yoast_head_json":{"title":"Prefeitura realiza roda de conversa alusiva ao \u2018Setembro Amarelo\u2019 para pessoas em situa\u00e7\u00e3o de rua","description":"Dando in\u00edcio \u00e0s atividades alusivas ao \u201cSetembro Amarelo\u201d, campanha nacional de preven\u00e7\u00e3o ao suic\u00eddio, a Prefeitura de Manaus, por meio da Secretaria Municipal da Mulher, Assist\u00eancia Social e Cidadania (Semasc), realizou, nesta ter\u00e7a-feira, 12\/9, uma roda de conversa com usu\u00e1rios do Centro de Refer\u00eancia Especializado para Pessoas em Situa\u00e7\u00f5es de Rua\u00a0(Centro POP), localizado na zona Sul da cidade.","robots":{"index":"noindex","follow":"follow"},"og_locale":"pt_BR","og_type":"article","og_title":"Prefeitura realiza roda de conversa alusiva ao \u2018Setembro Amarelo\u2019 para pessoas em situa\u00e7\u00e3o de rua","og_description":"Dando in\u00edcio \u00e0s atividades alusivas ao \u201cSetembro Amarelo\u201d, campanha nacional de preven\u00e7\u00e3o ao suic\u00eddio, a Prefeitura de Manaus, por meio da Secretaria Municipal da Mulher, Assist\u00eancia Social e Cidadania (Semasc), realizou, nesta ter\u00e7a-feira, 12\/9, uma roda de conversa com usu\u00e1rios do Centro de Refer\u00eancia Especializado para Pessoas em Situa\u00e7\u00f5es de Rua\u00a0(Centro POP), localizado na zona Sul da cidade.","og_url":"https:\/\/www.manaus.am.gov.br\/semasc\/prefeitura-realiza-roda-de-conversa-alusiva-ao-setembro-amarelo-para-pessoas-em-situacao-de-rua\/","og_site_name":"SEMASC","article_publisher":"https:\/\/www.facebook.com\/semascmanaus","article_published_time":"2023-09-12T18:15:20+00:00","article_modified_time":"2023-09-12T18:15:21+00:00","og_image":[{"width":1024,"height":683,"url":"https:\/\/www.manaus.am.gov.br\/semasc\/wp-content\/uploads\/sites\/17\/2023\/09\/Atividade-alusiva-ao-Setembro-Amarelo-no-Centro-Pop-1024x683.jpg","type":"image\/jpeg"}],"author":"Bruna Greco","twitter_card":"summary_large_image","twitter_misc":{"Written by":"Bruna Greco","Est. reading time":"3 minutos"},"schema":{"@context":"https:\/\/schema.org","@graph":[{"@type":"Article","@id":"https:\/\/www.manaus.am.gov.br\/semasc\/prefeitura-realiza-roda-de-conversa-alusiva-ao-setembro-amarelo-para-pessoas-em-situacao-de-rua\/#article","isPartOf":{"@id":"https:\/\/www.manaus.am.gov.br\/semasc\/prefeitura-realiza-roda-de-conversa-alusiva-ao-setembro-amarelo-para-pessoas-em-situacao-de-rua\/"},"author":{"name":"Bruna Greco","@id":"https:\/\/www.manaus.am.gov.br\/semasc\/#\/schema\/person\/05d223aea2bf115f9883a6ff3683d81b"},"headline":"Prefeitura realiza roda de conversa alusiva ao \u2018Setembro Amarelo\u2019 para pessoas em situa\u00e7\u00e3o de rua","datePublished":"2023-09-12T18:15:20+00:00","dateModified":"2023-09-12T18:15:21+00:00","mainEntityOfPage":{"@id":"https:\/\/www.manaus.am.gov.br\/semasc\/prefeitura-realiza-roda-de-conversa-alusiva-ao-setembro-amarelo-para-pessoas-em-situacao-de-rua\/"},"wordCount":537,"publisher":{"@id":"https:\/\/www.manaus.am.gov.br\/semasc\/#organization"},"image":{"@id":"https:\/\/www.manaus.am.gov.br\/semasc\/prefeitura-realiza-roda-de-conversa-alusiva-ao-setembro-amarelo-para-pessoas-em-situacao-de-rua\/#primaryimage"},"thumbnailUrl":"https:\/\/www.manaus.am.gov.br\/semasc\/wp-content\/uploads\/sites\/17\/2023\/09\/Atividade-alusiva-ao-Setembro-Amarelo-no-Centro-Pop.jpg","keywords":["campanha nacional de preven\u00e7\u00e3o ao suic\u00eddio","Centro de Refer\u00eancia Especializado para Pessoas em Situa\u00e7\u00f5es de Rua\u00a0(Centro POP)","equipamento socioassistencial","prefeitura de manaus","roda de conversa","Semasc","setembro amarelo"],"articleSection":["Preven\u00e7\u00e3o"],"inLanguage":"pt-BR"},{"@type":"WebPage","@id":"https:\/\/www.manaus.am.gov.br\/semasc\/prefeitura-realiza-roda-de-conversa-alusiva-ao-setembro-amarelo-para-pessoas-em-situacao-de-rua\/","url":"https:\/\/www.manaus.am.gov.br\/semasc\/prefeitura-realiza-roda-de-conversa-alusiva-ao-setembro-amarelo-para-pessoas-em-situacao-de-rua\/","name":"Prefeitura realiza roda de conversa alusiva ao \u2018Setembro Amarelo\u2019 para pessoas em situa\u00e7\u00e3o de rua","isPartOf":{"@id":"https:\/\/www.manaus.am.gov.br\/semasc\/#website"},"primaryImageOfPage":{"@id":"https:\/\/www.manaus.am.gov.br\/semasc\/prefeitura-realiza-roda-de-conversa-alusiva-ao-setembro-amarelo-para-pessoas-em-situacao-de-rua\/#primaryimage"},"image":{"@id":"https:\/\/www.manaus.am.gov.br\/semasc\/prefeitura-realiza-roda-de-conversa-alusiva-ao-setembro-amarelo-para-pessoas-em-situacao-de-rua\/#primaryimage"},"thumbnailUrl":"https:\/\/www.manaus.am.gov.br\/semasc\/wp-content\/uploads\/sites\/17\/2023\/09\/Atividade-alusiva-ao-Setembro-Amarelo-no-Centro-Pop.jpg","datePublished":"2023-09-12T18:15:20+00:00","dateModified":"2023-09-12T18:15:21+00:00","description":"Dando in\u00edcio \u00e0s atividades alusivas ao \u201cSetembro Amarelo\u201d, campanha nacional de preven\u00e7\u00e3o ao suic\u00eddio, a Prefeitura de Manaus, por meio da Secretaria Municipal da Mulher, Assist\u00eancia Social e Cidadania (Semasc), realizou, nesta ter\u00e7a-feira, 12\/9, uma roda de conversa com usu\u00e1rios do Centro de Refer\u00eancia Especializado para Pessoas em Situa\u00e7\u00f5es de Rua\u00a0(Centro POP), localizado na zona Sul da cidade.","breadcrumb":{"@id":"https:\/\/www.manaus.am.gov.br\/semasc\/prefeitura-realiza-roda-de-conversa-alusiva-ao-setembro-amarelo-para-pessoas-em-situacao-de-rua\/#breadcrumb"},"inLanguage":"pt-BR","potentialAction":[{"@type":"ReadAction","target":["https:\/\/www.manaus.am.gov.br\/semasc\/prefeitura-realiza-roda-de-conversa-alusiva-ao-setembro-amarelo-para-pessoas-em-situacao-de-rua\/"]}]},{"@type":"ImageObject","inLanguage":"pt-BR","@id":"https:\/\/www.manaus.am.gov.br\/semasc\/prefeitura-realiza-roda-de-conversa-alusiva-ao-setembro-amarelo-para-pessoas-em-situacao-de-rua\/#primaryimage","url":"https:\/\/www.manaus.am.gov.br\/semasc\/wp-content\/uploads\/sites\/17\/2023\/09\/Atividade-alusiva-ao-Setembro-Amarelo-no-Centro-Pop.jpg","contentUrl":"https:\/\/www.manaus.am.gov.br\/semasc\/wp-content\/uploads\/sites\/17\/2023\/09\/Atividade-alusiva-ao-Setembro-Amarelo-no-Centro-Pop.jpg","width":5184,"height":3456},{"@type":"BreadcrumbList","@id":"https:\/\/www.manaus.am.gov.br\/semasc\/prefeitura-realiza-roda-de-conversa-alusiva-ao-setembro-amarelo-para-pessoas-em-situacao-de-rua\/#breadcrumb","itemListElement":[{"@type":"ListItem","position":1,"name":"Home","item":"https:\/\/www.manaus.am.gov.br\/semasc\/"},{"@type":"ListItem","position":2,"name":"Prefeitura realiza roda de conversa alusiva ao \u2018Setembro Amarelo\u2019 para pessoas em situa\u00e7\u00e3o de rua"}]},{"@type":"WebSite","@id":"https:\/\/www.manaus.am.gov.br\/semasc\/#website","url":"https:\/\/www.manaus.am.gov.br\/semasc\/","name":"SEMASC","description":"Secretaria Municipal da Mulher, Assist\u00eancia Social e Cidadania.","publisher":{"@id":"https:\/\/www.manaus.am.gov.br\/semasc\/#organization"},"alternateName":"Secretaria Municipal da Mulher, Assist\u00eancia Social e Cidadania","potentialAction":[{"@type":"SearchAction","target":{"@type":"EntryPoint","urlTemplate":"https:\/\/www.manaus.am.gov.br\/semasc\/?s={search_term_string}"},"query-input":"required name=search_term_string"}],"inLanguage":"pt-BR"},{"@type":"Organization","@id":"https:\/\/www.manaus.am.gov.br\/semasc\/#organization","name":"Prefeitura de Manaus","alternateName":"Prefeitura Municipal de Manaus","url":"https:\/\/www.manaus.am.gov.br\/semasc\/","logo":{"@type":"ImageObject","inLanguage":"pt-BR","@id":"https:\/\/www.manaus.am.gov.br\/semasc\/#\/schema\/logo\/image\/","url":"https:\/\/www.manaus.am.gov.br\/semasc\/wp-content\/uploads\/sites\/17\/2024\/07\/favicon.png","contentUrl":"https:\/\/www.manaus.am.gov.br\/semasc\/wp-content\/uploads\/sites\/17\/2024\/07\/favicon.png","width":300,"height":300,"caption":"Prefeitura de Manaus"},"image":{"@id":"https:\/\/www.manaus.am.gov.br\/semasc\/#\/schema\/logo\/image\/"},"sameAs":["https:\/\/www.facebook.com\/semascmanaus","https:\/\/www.instagram.com\/semascmanaus\/"]},{"@type":"Person","@id":"https:\/\/www.manaus.am.gov.br\/semasc\/#\/schema\/person\/05d223aea2bf115f9883a6ff3683d81b","name":"Bruna Greco","image":{"@type":"ImageObject","inLanguage":"pt-BR","@id":"https:\/\/www.manaus.am.gov.br\/semasc\/#\/schema\/person\/image\/","url":"https:\/\/secure.gravatar.com\/avatar\/9c877d1a6adc2a055330e5c09a8653ce?s=96&d=mm&r=g","contentUrl":"https:\/\/secure.gravatar.com\/avatar\/9c877d1a6adc2a055330e5c09a8653ce?s=96&d=mm&r=g","caption":"Bruna Greco"}}]}},"_links":{"self":[{"href":"https:\/\/www.manaus.am.gov.br\/semasc\/wp-json\/wp\/v2\/posts\/208865"}],"collection":[{"href":"https:\/\/www.manaus.am.gov.br\/semasc\/wp-json\/wp\/v2\/posts"}],"about":[{"href":"https:\/\/www.manaus.am.gov.br\/semasc\/wp-json\/wp\/v2\/types\/post"}],"author":[{"embeddable":true,"href":"https:\/\/www.manaus.am.gov.br\/semasc\/wp-json\/wp\/v2\/users\/39"}],"replies":[{"embeddable":true,"href":"https:\/\/www.manaus.am.gov.br\/semasc\/wp-json\/wp\/v2\/comments?post=208865"}],"version-history":[{"count":0,"href":"https:\/\/www.manaus.am.gov.br\/semasc\/wp-json\/wp\/v2\/posts\/208865\/revisions"}],"wp:featuredmedia":[{"embeddable":true,"href":"https:\/\/www.manaus.am.gov.br\/semasc\/wp-json\/wp\/v2\/media\/208866"}],"wp:attachment":[{"href":"https:\/\/www.manaus.am.gov.br\/semasc\/wp-json\/wp\/v2\/media?parent=208865"}],"wp:term":[{"taxonomy":"category","embeddable":true,"href":"https:\/\/www.manaus.am.gov.br\/semasc\/wp-json\/wp\/v2\/categories?post=208865"},{"taxonomy":"post_tag","embeddable":true,"href":"https:\/\/www.manaus.am.gov.br\/semasc\/wp-json\/wp\/v2\/tags?post=208865"}],"curies":[{"name":"wp","href":"https:\/\/api.w.org\/{rel}","templated":true}]}}