{"id":208854,"date":"2023-09-08T00:11:42","date_gmt":"2023-09-08T04:11:42","guid":{"rendered":"https:\/\/www.manaus.am.gov.br\/semasc\/direitos-humanos-em-foco-no-soumanaus-acoes-que-ampliam-a-conscientizacao\/"},"modified":"2023-09-08T00:11:43","modified_gmt":"2023-09-08T04:11:43","slug":"direitos-humanos-em-foco-no-soumanaus-acoes-que-ampliam-a-conscientizacao","status":"publish","type":"post","link":"https:\/\/www.manaus.am.gov.br\/semasc\/direitos-humanos-em-foco-no-soumanaus-acoes-que-ampliam-a-conscientizacao\/","title":{"rendered":"<strong>Direitos Humanos em foco no #SouManaus: a\u00e7\u00f5es que ampliam a conscientiza\u00e7\u00e3o<\/strong>"},"content":{"rendered":"\n<p>O maior festival de artes integradas do norte do pa\u00eds, o \u201c#SouManaus Passo a Pa\u00e7o\u201d, \u00e9 conhecido por sua diversidade cultural, com uma programa\u00e7\u00e3o que inclui m\u00fasica, dan\u00e7a, teatro, exposi\u00e7\u00f5es de arte e uma variedade de atividades ao ar livre. No entanto, este ano, a organiza\u00e7\u00e3o do evento decidiu dar um passo al\u00e9m, reconhecendo a import\u00e2ncia de usar sua plataforma para promover a conscientiza\u00e7\u00e3o sobre os direitos humanos.<\/p>\n\n\n\n<p>A\u00e7\u00f5es que ampliam a conscientiza\u00e7\u00e3o refletem o compromisso do festival em destacar quest\u00f5es relacionadas \u00e0 conscientiza\u00e7\u00e3o da explora\u00e7\u00e3o sexual, trabalho infantil, igualdade, inclus\u00e3o, diversidade e justi\u00e7a social. O evento contou com atividades que visam educar, informar e inspirar o p\u00fablico a se engajar em a\u00e7\u00f5es positivas para promover os direitos humanos na nossa cidade.<\/p>\n\n\n\n<p>Neila Sardinha, diretora do Departamento de Prote\u00e7\u00e3o Social Especial da Secretaria Municipal da Mulher, Assist\u00eancia Social e Cidadania (Semasc), explicou como \u00e9 feito o trabalho no festival de combate \u00e0 explora\u00e7\u00e3o sexual e o trabalho infantil. \u201cEstamos sensibilizando as pessoas a n\u00e3o trazem crian\u00e7as para trabalhar, e tamb\u00e9m orientando e encaminhando, caso necess\u00e1rio. Trabalhamos as tr\u00eas noites das 17h at\u00e9 meia-noite, e estamos encerramento a \u00faltima noite com sucesso\u201d, destacou.<\/p>\n\n\n\n<p>A a\u00e7\u00e3o foi aprovada por Taise Brasil, que destacou os pontos positivos. \u201cEssa a\u00e7\u00e3o \u00e9 muito importante, principalmente porque a gente v\u00ea muitas crian\u00e7as e muitas fam\u00edlias, e isso faz com que todos n\u00f3s tenhamos mais conhecimento e sabendo de alguma situa\u00e7\u00e3o sabemos a quem procurar e pra onde ligar\u201d, disse.<\/p>\n\n\n\n<p>Durante o festival, o centro hist\u00f3rico de Manaus foi palco de performances art\u00edsticas, interven\u00e7\u00f5es culturais e exposi\u00e7\u00f5es que destacaram quest\u00f5es de direitos humanos, como igualdade de g\u00eanero, direitos ind\u00edgenas, inclus\u00e3o LGBTQIAPN+, e muito mais. Os visitantes puderam interagir com ativistas, artistas e organiza\u00e7\u00f5es que trabalham incansavelmente para promover uma sociedade mais justa.<\/p>\n\n\n\n<p>&#8212; &#8212; &#8212;<\/p>\n\n\n\n<p><strong>Texto<\/strong> &#8211; Messias Ramos \/ Semcom<\/p>\n\n\n\n<p><strong>Fotos <\/strong>&#8211; &nbsp;Jovana Ferreira \/ Semcom<\/p>\n","protected":false},"excerpt":{"rendered":"","protected":false},"author":25,"featured_media":208855,"comment_status":"closed","ping_status":"closed","sticky":false,"template":"","format":"standard","meta":{"footnotes":""},"categories":[383],"tags":[384,18,385],"acf":[],"yoast_head":"<!-- This site is optimized with the Yoast SEO plugin v23.0 - https:\/\/yoast.com\/wordpress\/plugins\/seo\/ -->\n<title>Direitos Humanos em foco no #SouManaus: a\u00e7\u00f5es que ampliam a conscientiza\u00e7\u00e3o<\/title>\n<meta name=\"description\" content=\"O maior festival de artes integradas do norte do pa\u00eds, o \u201c#SouManaus Passo a Pa\u00e7o\u201d, \u00e9 conhecido por sua diversidade cultural, com uma programa\u00e7\u00e3o\" \/>\n<meta name=\"robots\" content=\"noindex, follow\" \/>\n<meta property=\"og:locale\" content=\"pt_BR\" \/>\n<meta property=\"og:type\" content=\"article\" \/>\n<meta property=\"og:title\" content=\"Direitos Humanos em foco no #SouManaus: a\u00e7\u00f5es que ampliam a conscientiza\u00e7\u00e3o\" \/>\n<meta property=\"og:description\" content=\"O maior festival de artes integradas do norte do pa\u00eds, o \u201c#SouManaus Passo a Pa\u00e7o\u201d, \u00e9 conhecido por sua diversidade cultural, com uma programa\u00e7\u00e3o\" \/>\n<meta property=\"og:url\" content=\"https:\/\/www.manaus.am.gov.br\/semasc\/direitos-humanos-em-foco-no-soumanaus-acoes-que-ampliam-a-conscientizacao\/\" \/>\n<meta property=\"og:site_name\" content=\"SEMASC\" \/>\n<meta property=\"article:publisher\" content=\"https:\/\/www.facebook.com\/semascmanaus\" \/>\n<meta property=\"article:published_time\" content=\"2023-09-08T04:11:42+00:00\" \/>\n<meta property=\"article:modified_time\" content=\"2023-09-08T04:11:43+00:00\" \/>\n<meta property=\"og:image\" content=\"https:\/\/www.manaus.am.gov.br\/semasc\/wp-content\/uploads\/sites\/17\/2023\/09\/dh1.jpeg\" \/>\n\t<meta property=\"og:image:width\" content=\"1280\" \/>\n\t<meta property=\"og:image:height\" content=\"960\" \/>\n\t<meta property=\"og:image:type\" content=\"image\/jpeg\" \/>\n<meta name=\"author\" content=\"Maur\u00edcio Freire\" \/>\n<meta name=\"twitter:card\" content=\"summary_large_image\" \/>\n<meta name=\"twitter:label1\" content=\"Written by\" \/>\n\t<meta name=\"twitter:data1\" content=\"Maur\u00edcio Freire\" \/>\n\t<meta name=\"twitter:label2\" content=\"Est. reading time\" \/>\n\t<meta name=\"twitter:data2\" content=\"2 minutos\" \/>\n<script type=\"application\/ld+json\" class=\"yoast-schema-graph\">{\"@context\":\"https:\/\/schema.org\",\"@graph\":[{\"@type\":\"Article\",\"@id\":\"https:\/\/www.manaus.am.gov.br\/semasc\/direitos-humanos-em-foco-no-soumanaus-acoes-que-ampliam-a-conscientizacao\/#article\",\"isPartOf\":{\"@id\":\"https:\/\/www.manaus.am.gov.br\/semasc\/direitos-humanos-em-foco-no-soumanaus-acoes-que-ampliam-a-conscientizacao\/\"},\"author\":{\"name\":\"Maur\u00edcio Freire\",\"@id\":\"https:\/\/www.manaus.am.gov.br\/semasc\/#\/schema\/person\/587989a23a463cde5618e6a028977a9a\"},\"headline\":\"Direitos Humanos em foco no #SouManaus: a\u00e7\u00f5es que ampliam a conscientiza\u00e7\u00e3o\",\"datePublished\":\"2023-09-08T04:11:42+00:00\",\"dateModified\":\"2023-09-08T04:11:43+00:00\",\"mainEntityOfPage\":{\"@id\":\"https:\/\/www.manaus.am.gov.br\/semasc\/direitos-humanos-em-foco-no-soumanaus-acoes-que-ampliam-a-conscientizacao\/\"},\"wordCount\":359,\"publisher\":{\"@id\":\"https:\/\/www.manaus.am.gov.br\/semasc\/#organization\"},\"image\":{\"@id\":\"https:\/\/www.manaus.am.gov.br\/semasc\/direitos-humanos-em-foco-no-soumanaus-acoes-que-ampliam-a-conscientizacao\/#primaryimage\"},\"thumbnailUrl\":\"https:\/\/www.manaus.am.gov.br\/semasc\/wp-content\/uploads\/sites\/17\/2023\/09\/dh1.jpeg\",\"keywords\":[\"direitos humanos\",\"Semasc\",\"sou manaus passo a pa\u00e7o 2023\"],\"articleSection\":[\"#SouManaus\"],\"inLanguage\":\"pt-BR\"},{\"@type\":\"WebPage\",\"@id\":\"https:\/\/www.manaus.am.gov.br\/semasc\/direitos-humanos-em-foco-no-soumanaus-acoes-que-ampliam-a-conscientizacao\/\",\"url\":\"https:\/\/www.manaus.am.gov.br\/semasc\/direitos-humanos-em-foco-no-soumanaus-acoes-que-ampliam-a-conscientizacao\/\",\"name\":\"Direitos Humanos em foco no #SouManaus: a\u00e7\u00f5es que ampliam a conscientiza\u00e7\u00e3o\",\"isPartOf\":{\"@id\":\"https:\/\/www.manaus.am.gov.br\/semasc\/#website\"},\"primaryImageOfPage\":{\"@id\":\"https:\/\/www.manaus.am.gov.br\/semasc\/direitos-humanos-em-foco-no-soumanaus-acoes-que-ampliam-a-conscientizacao\/#primaryimage\"},\"image\":{\"@id\":\"https:\/\/www.manaus.am.gov.br\/semasc\/direitos-humanos-em-foco-no-soumanaus-acoes-que-ampliam-a-conscientizacao\/#primaryimage\"},\"thumbnailUrl\":\"https:\/\/www.manaus.am.gov.br\/semasc\/wp-content\/uploads\/sites\/17\/2023\/09\/dh1.jpeg\",\"datePublished\":\"2023-09-08T04:11:42+00:00\",\"dateModified\":\"2023-09-08T04:11:43+00:00\",\"description\":\"O maior festival de artes integradas do norte do pa\u00eds, o \u201c#SouManaus Passo a Pa\u00e7o\u201d, \u00e9 conhecido por sua diversidade cultural, com uma programa\u00e7\u00e3o\",\"breadcrumb\":{\"@id\":\"https:\/\/www.manaus.am.gov.br\/semasc\/direitos-humanos-em-foco-no-soumanaus-acoes-que-ampliam-a-conscientizacao\/#breadcrumb\"},\"inLanguage\":\"pt-BR\",\"potentialAction\":[{\"@type\":\"ReadAction\",\"target\":[\"https:\/\/www.manaus.am.gov.br\/semasc\/direitos-humanos-em-foco-no-soumanaus-acoes-que-ampliam-a-conscientizacao\/\"]}]},{\"@type\":\"ImageObject\",\"inLanguage\":\"pt-BR\",\"@id\":\"https:\/\/www.manaus.am.gov.br\/semasc\/direitos-humanos-em-foco-no-soumanaus-acoes-que-ampliam-a-conscientizacao\/#primaryimage\",\"url\":\"https:\/\/www.manaus.am.gov.br\/semasc\/wp-content\/uploads\/sites\/17\/2023\/09\/dh1.jpeg\",\"contentUrl\":\"https:\/\/www.manaus.am.gov.br\/semasc\/wp-content\/uploads\/sites\/17\/2023\/09\/dh1.jpeg\",\"width\":1280,\"height\":960},{\"@type\":\"BreadcrumbList\",\"@id\":\"https:\/\/www.manaus.am.gov.br\/semasc\/direitos-humanos-em-foco-no-soumanaus-acoes-que-ampliam-a-conscientizacao\/#breadcrumb\",\"itemListElement\":[{\"@type\":\"ListItem\",\"position\":1,\"name\":\"Home\",\"item\":\"https:\/\/www.manaus.am.gov.br\/semasc\/\"},{\"@type\":\"ListItem\",\"position\":2,\"name\":\"Direitos Humanos em foco no #SouManaus: a\u00e7\u00f5es que ampliam a conscientiza\u00e7\u00e3o\"}]},{\"@type\":\"WebSite\",\"@id\":\"https:\/\/www.manaus.am.gov.br\/semasc\/#website\",\"url\":\"https:\/\/www.manaus.am.gov.br\/semasc\/\",\"name\":\"SEMASC\",\"description\":\"Secretaria Municipal da Mulher, Assist\u00eancia Social e Cidadania.\",\"publisher\":{\"@id\":\"https:\/\/www.manaus.am.gov.br\/semasc\/#organization\"},\"alternateName\":\"Secretaria Municipal da Mulher, Assist\u00eancia Social e Cidadania\",\"potentialAction\":[{\"@type\":\"SearchAction\",\"target\":{\"@type\":\"EntryPoint\",\"urlTemplate\":\"https:\/\/www.manaus.am.gov.br\/semasc\/?s={search_term_string}\"},\"query-input\":\"required name=search_term_string\"}],\"inLanguage\":\"pt-BR\"},{\"@type\":\"Organization\",\"@id\":\"https:\/\/www.manaus.am.gov.br\/semasc\/#organization\",\"name\":\"Prefeitura de Manaus\",\"alternateName\":\"Prefeitura Municipal de Manaus\",\"url\":\"https:\/\/www.manaus.am.gov.br\/semasc\/\",\"logo\":{\"@type\":\"ImageObject\",\"inLanguage\":\"pt-BR\",\"@id\":\"https:\/\/www.manaus.am.gov.br\/semasc\/#\/schema\/logo\/image\/\",\"url\":\"https:\/\/www.manaus.am.gov.br\/semasc\/wp-content\/uploads\/sites\/17\/2024\/07\/favicon.png\",\"contentUrl\":\"https:\/\/www.manaus.am.gov.br\/semasc\/wp-content\/uploads\/sites\/17\/2024\/07\/favicon.png\",\"width\":300,\"height\":300,\"caption\":\"Prefeitura de Manaus\"},\"image\":{\"@id\":\"https:\/\/www.manaus.am.gov.br\/semasc\/#\/schema\/logo\/image\/\"},\"sameAs\":[\"https:\/\/www.facebook.com\/semascmanaus\",\"https:\/\/www.instagram.com\/semascmanaus\/\"]},{\"@type\":\"Person\",\"@id\":\"https:\/\/www.manaus.am.gov.br\/semasc\/#\/schema\/person\/587989a23a463cde5618e6a028977a9a\",\"name\":\"Maur\u00edcio Freire\",\"image\":{\"@type\":\"ImageObject\",\"inLanguage\":\"pt-BR\",\"@id\":\"https:\/\/www.manaus.am.gov.br\/semasc\/#\/schema\/person\/image\/\",\"url\":\"https:\/\/secure.gravatar.com\/avatar\/dc1481799a1f75c733ac3b2634cd6749?s=96&d=mm&r=g\",\"contentUrl\":\"https:\/\/secure.gravatar.com\/avatar\/dc1481799a1f75c733ac3b2634cd6749?s=96&d=mm&r=g\",\"caption\":\"Maur\u00edcio Freire\"}}]}<\/script>\n<!-- \/ Yoast SEO plugin. -->","yoast_head_json":{"title":"Direitos Humanos em foco no #SouManaus: a\u00e7\u00f5es que ampliam a conscientiza\u00e7\u00e3o","description":"O maior festival de artes integradas do norte do pa\u00eds, o \u201c#SouManaus Passo a Pa\u00e7o\u201d, \u00e9 conhecido por sua diversidade cultural, com uma programa\u00e7\u00e3o","robots":{"index":"noindex","follow":"follow"},"og_locale":"pt_BR","og_type":"article","og_title":"Direitos Humanos em foco no #SouManaus: a\u00e7\u00f5es que ampliam a conscientiza\u00e7\u00e3o","og_description":"O maior festival de artes integradas do norte do pa\u00eds, o \u201c#SouManaus Passo a Pa\u00e7o\u201d, \u00e9 conhecido por sua diversidade cultural, com uma programa\u00e7\u00e3o","og_url":"https:\/\/www.manaus.am.gov.br\/semasc\/direitos-humanos-em-foco-no-soumanaus-acoes-que-ampliam-a-conscientizacao\/","og_site_name":"SEMASC","article_publisher":"https:\/\/www.facebook.com\/semascmanaus","article_published_time":"2023-09-08T04:11:42+00:00","article_modified_time":"2023-09-08T04:11:43+00:00","og_image":[{"width":1280,"height":960,"url":"https:\/\/www.manaus.am.gov.br\/semasc\/wp-content\/uploads\/sites\/17\/2023\/09\/dh1.jpeg","type":"image\/jpeg"}],"author":"Maur\u00edcio Freire","twitter_card":"summary_large_image","twitter_misc":{"Written by":"Maur\u00edcio Freire","Est. reading time":"2 minutos"},"schema":{"@context":"https:\/\/schema.org","@graph":[{"@type":"Article","@id":"https:\/\/www.manaus.am.gov.br\/semasc\/direitos-humanos-em-foco-no-soumanaus-acoes-que-ampliam-a-conscientizacao\/#article","isPartOf":{"@id":"https:\/\/www.manaus.am.gov.br\/semasc\/direitos-humanos-em-foco-no-soumanaus-acoes-que-ampliam-a-conscientizacao\/"},"author":{"name":"Maur\u00edcio Freire","@id":"https:\/\/www.manaus.am.gov.br\/semasc\/#\/schema\/person\/587989a23a463cde5618e6a028977a9a"},"headline":"Direitos Humanos em foco no #SouManaus: a\u00e7\u00f5es que ampliam a conscientiza\u00e7\u00e3o","datePublished":"2023-09-08T04:11:42+00:00","dateModified":"2023-09-08T04:11:43+00:00","mainEntityOfPage":{"@id":"https:\/\/www.manaus.am.gov.br\/semasc\/direitos-humanos-em-foco-no-soumanaus-acoes-que-ampliam-a-conscientizacao\/"},"wordCount":359,"publisher":{"@id":"https:\/\/www.manaus.am.gov.br\/semasc\/#organization"},"image":{"@id":"https:\/\/www.manaus.am.gov.br\/semasc\/direitos-humanos-em-foco-no-soumanaus-acoes-que-ampliam-a-conscientizacao\/#primaryimage"},"thumbnailUrl":"https:\/\/www.manaus.am.gov.br\/semasc\/wp-content\/uploads\/sites\/17\/2023\/09\/dh1.jpeg","keywords":["direitos humanos","Semasc","sou manaus passo a pa\u00e7o 2023"],"articleSection":["#SouManaus"],"inLanguage":"pt-BR"},{"@type":"WebPage","@id":"https:\/\/www.manaus.am.gov.br\/semasc\/direitos-humanos-em-foco-no-soumanaus-acoes-que-ampliam-a-conscientizacao\/","url":"https:\/\/www.manaus.am.gov.br\/semasc\/direitos-humanos-em-foco-no-soumanaus-acoes-que-ampliam-a-conscientizacao\/","name":"Direitos Humanos em foco no #SouManaus: a\u00e7\u00f5es que ampliam a conscientiza\u00e7\u00e3o","isPartOf":{"@id":"https:\/\/www.manaus.am.gov.br\/semasc\/#website"},"primaryImageOfPage":{"@id":"https:\/\/www.manaus.am.gov.br\/semasc\/direitos-humanos-em-foco-no-soumanaus-acoes-que-ampliam-a-conscientizacao\/#primaryimage"},"image":{"@id":"https:\/\/www.manaus.am.gov.br\/semasc\/direitos-humanos-em-foco-no-soumanaus-acoes-que-ampliam-a-conscientizacao\/#primaryimage"},"thumbnailUrl":"https:\/\/www.manaus.am.gov.br\/semasc\/wp-content\/uploads\/sites\/17\/2023\/09\/dh1.jpeg","datePublished":"2023-09-08T04:11:42+00:00","dateModified":"2023-09-08T04:11:43+00:00","description":"O maior festival de artes integradas do norte do pa\u00eds, o \u201c#SouManaus Passo a Pa\u00e7o\u201d, \u00e9 conhecido por sua diversidade cultural, com uma programa\u00e7\u00e3o","breadcrumb":{"@id":"https:\/\/www.manaus.am.gov.br\/semasc\/direitos-humanos-em-foco-no-soumanaus-acoes-que-ampliam-a-conscientizacao\/#breadcrumb"},"inLanguage":"pt-BR","potentialAction":[{"@type":"ReadAction","target":["https:\/\/www.manaus.am.gov.br\/semasc\/direitos-humanos-em-foco-no-soumanaus-acoes-que-ampliam-a-conscientizacao\/"]}]},{"@type":"ImageObject","inLanguage":"pt-BR","@id":"https:\/\/www.manaus.am.gov.br\/semasc\/direitos-humanos-em-foco-no-soumanaus-acoes-que-ampliam-a-conscientizacao\/#primaryimage","url":"https:\/\/www.manaus.am.gov.br\/semasc\/wp-content\/uploads\/sites\/17\/2023\/09\/dh1.jpeg","contentUrl":"https:\/\/www.manaus.am.gov.br\/semasc\/wp-content\/uploads\/sites\/17\/2023\/09\/dh1.jpeg","width":1280,"height":960},{"@type":"BreadcrumbList","@id":"https:\/\/www.manaus.am.gov.br\/semasc\/direitos-humanos-em-foco-no-soumanaus-acoes-que-ampliam-a-conscientizacao\/#breadcrumb","itemListElement":[{"@type":"ListItem","position":1,"name":"Home","item":"https:\/\/www.manaus.am.gov.br\/semasc\/"},{"@type":"ListItem","position":2,"name":"Direitos Humanos em foco no #SouManaus: a\u00e7\u00f5es que ampliam a conscientiza\u00e7\u00e3o"}]},{"@type":"WebSite","@id":"https:\/\/www.manaus.am.gov.br\/semasc\/#website","url":"https:\/\/www.manaus.am.gov.br\/semasc\/","name":"SEMASC","description":"Secretaria Municipal da Mulher, Assist\u00eancia Social e Cidadania.","publisher":{"@id":"https:\/\/www.manaus.am.gov.br\/semasc\/#organization"},"alternateName":"Secretaria Municipal da Mulher, Assist\u00eancia Social e Cidadania","potentialAction":[{"@type":"SearchAction","target":{"@type":"EntryPoint","urlTemplate":"https:\/\/www.manaus.am.gov.br\/semasc\/?s={search_term_string}"},"query-input":"required name=search_term_string"}],"inLanguage":"pt-BR"},{"@type":"Organization","@id":"https:\/\/www.manaus.am.gov.br\/semasc\/#organization","name":"Prefeitura de Manaus","alternateName":"Prefeitura Municipal de Manaus","url":"https:\/\/www.manaus.am.gov.br\/semasc\/","logo":{"@type":"ImageObject","inLanguage":"pt-BR","@id":"https:\/\/www.manaus.am.gov.br\/semasc\/#\/schema\/logo\/image\/","url":"https:\/\/www.manaus.am.gov.br\/semasc\/wp-content\/uploads\/sites\/17\/2024\/07\/favicon.png","contentUrl":"https:\/\/www.manaus.am.gov.br\/semasc\/wp-content\/uploads\/sites\/17\/2024\/07\/favicon.png","width":300,"height":300,"caption":"Prefeitura de Manaus"},"image":{"@id":"https:\/\/www.manaus.am.gov.br\/semasc\/#\/schema\/logo\/image\/"},"sameAs":["https:\/\/www.facebook.com\/semascmanaus","https:\/\/www.instagram.com\/semascmanaus\/"]},{"@type":"Person","@id":"https:\/\/www.manaus.am.gov.br\/semasc\/#\/schema\/person\/587989a23a463cde5618e6a028977a9a","name":"Maur\u00edcio Freire","image":{"@type":"ImageObject","inLanguage":"pt-BR","@id":"https:\/\/www.manaus.am.gov.br\/semasc\/#\/schema\/person\/image\/","url":"https:\/\/secure.gravatar.com\/avatar\/dc1481799a1f75c733ac3b2634cd6749?s=96&d=mm&r=g","contentUrl":"https:\/\/secure.gravatar.com\/avatar\/dc1481799a1f75c733ac3b2634cd6749?s=96&d=mm&r=g","caption":"Maur\u00edcio Freire"}}]}},"_links":{"self":[{"href":"https:\/\/www.manaus.am.gov.br\/semasc\/wp-json\/wp\/v2\/posts\/208854"}],"collection":[{"href":"https:\/\/www.manaus.am.gov.br\/semasc\/wp-json\/wp\/v2\/posts"}],"about":[{"href":"https:\/\/www.manaus.am.gov.br\/semasc\/wp-json\/wp\/v2\/types\/post"}],"author":[{"embeddable":true,"href":"https:\/\/www.manaus.am.gov.br\/semasc\/wp-json\/wp\/v2\/users\/25"}],"replies":[{"embeddable":true,"href":"https:\/\/www.manaus.am.gov.br\/semasc\/wp-json\/wp\/v2\/comments?post=208854"}],"version-history":[{"count":0,"href":"https:\/\/www.manaus.am.gov.br\/semasc\/wp-json\/wp\/v2\/posts\/208854\/revisions"}],"wp:featuredmedia":[{"embeddable":true,"href":"https:\/\/www.manaus.am.gov.br\/semasc\/wp-json\/wp\/v2\/media\/208855"}],"wp:attachment":[{"href":"https:\/\/www.manaus.am.gov.br\/semasc\/wp-json\/wp\/v2\/media?parent=208854"}],"wp:term":[{"taxonomy":"category","embeddable":true,"href":"https:\/\/www.manaus.am.gov.br\/semasc\/wp-json\/wp\/v2\/categories?post=208854"},{"taxonomy":"post_tag","embeddable":true,"href":"https:\/\/www.manaus.am.gov.br\/semasc\/wp-json\/wp\/v2\/tags?post=208854"}],"curies":[{"name":"wp","href":"https:\/\/api.w.org\/{rel}","templated":true}]}}