{"id":208852,"date":"2023-09-04T10:48:41","date_gmt":"2023-09-04T14:48:41","guid":{"rendered":"https:\/\/www.manaus.am.gov.br\/semasc\/prefeitura-garante-acolhimento-institucional-a-mulheres-vitimas-de-violencia-atraves-da-ycamiabas\/"},"modified":"2023-09-04T10:48:51","modified_gmt":"2023-09-04T14:48:51","slug":"prefeitura-garante-acolhimento-institucional-a-mulheres-vitimas-de-violencia-atraves-da-ycamiabas","status":"publish","type":"post","link":"https:\/\/www.manaus.am.gov.br\/semasc\/prefeitura-garante-acolhimento-institucional-a-mulheres-vitimas-de-violencia-atraves-da-ycamiabas\/","title":{"rendered":"<strong>Prefeitura garante acolhimento institucional a mulheres v\u00edtimas de viol\u00eancia atrav\u00e9s da Ycamiabas<\/strong>"},"content":{"rendered":"\n<p>Pouco mais de um m\u00eas ap\u00f3s a inaugura\u00e7\u00e3o, a \u201cYcamiabas &#8211; Casa de Acolhimento para Mulheres\u201d, na zona Sul, j\u00e1 se consolida como um dos mais importantes equipamentos socioassistenciais da capital amazonense no atendimento 24 horas a mulheres v\u00edtimas de viol\u00eancia. Administrada pela Prefeitura de Manaus, por meio da Secretaria Municipal da Mulher, Assist\u00eancia Social e Cidadania (Semasc), a Ycamiabas \u00e9 respons\u00e1vel por fornecer abrigo e atendimento psicossocial para mulheres e seus filhos que se encontram em situa\u00e7\u00e3o de viol\u00eancia ou vulnerabilidade social.<\/p>\n\n\n\n<p>Desde o in\u00edcio dos trabalhos, o equipamento, que possui seis dormit\u00f3rios para receber at\u00e9 30 pessoas em suas depend\u00eancias, j\u00e1 acolheu e encaminhou a outros servi\u00e7os da rede de apoio 12 mulheres e 27 crian\u00e7as e adolescentes ao longo do \u00faltimo m\u00eas.<\/p>\n\n\n\n<p>\u201cO trabalho da Ycamiabas para o munic\u00edpio de Manaus \u00e9 de suma import\u00e2ncia, pois atendemos dois tipos de perfis que muitas vezes s\u00e3o considerados um s\u00f3, que s\u00e3o as mulheres v\u00edtimas de viol\u00eancia e as mulheres em estado de vulnerabilidade social. S\u00e3o situa\u00e7\u00f5es diferentes e que requerem atendimentos diferentes, e \u00e9 exatamente isso que buscamos ofertar aqui\u201d, explicou a coordenadora do equipamento, Gessilvia Lima.<\/p>\n\n\n\n<p>Iniciado o processo de acolhimento, tanto as mulheres atendidas quanto seus filhos s\u00e3o recebidos por uma equipe multidisciplinar composta por assistentes sociais, psic\u00f3logas e pedagogas para que o devido apoio seja prestado durante o per\u00edodo em que a fam\u00edlia se encontrar\u00e1 no equipamento.<\/p>\n\n\n\n<p><strong>Processo de acolhimento<\/strong><\/p>\n\n\n\n<p>O abrigo tempor\u00e1rio fornecido pela Ycamiabas tem dura\u00e7\u00e3o de at\u00e9 90 dias, variando de acordo com a gravidade de cada caso recebido. O atendimento \u00e9 realizado somente por meio de encaminhamentos expedidos por outros equipamentos e institui\u00e7\u00f5es da Rede de Atendimento \u00e0 Mulher, como delegacias, varas especializadas no combate \u00e0 viol\u00eancia dom\u00e9stica e familiar e Organiza\u00e7\u00f5es da Sociedade Civil (OSCs).<\/p>\n\n\n\n<p>O p\u00fablico-alvo \u00e9 composto por mulheres, a partir dos 18 anos de idade, que se encontrem em situa\u00e7\u00e3o de extrema vulnerabilidade e\/ou em situa\u00e7\u00e3o de viol\u00eancia baseada em g\u00eanero, mas que n\u00e3o estejam sob risco iminente de morte.<\/p>\n\n\n\n<p>\u201cUma vez acolhida, essa mulher passa a ser atendida por nossa equipe t\u00e9cnica, que realiza um trabalho fundamental na identifica\u00e7\u00e3o de quais encaminhamentos ser\u00e3o necess\u00e1rios para viabilizar a sua sa\u00edda segura do abrigo. Buscamos ainda, no per\u00edodo em que elas se encontram aqui, empoderar essas mulheres para que elas possam entender o seu valor e entender que s\u00e3o cidad\u00e3s detentoras de direitos\u201d, finalizou Gessilvia.<\/p>\n\n\n\n<p><strong>Trabalho que salva e muda vidas<\/strong><\/p>\n\n\n\n<p>Com uma filha de dois anos sob sua responsabilidade em um ambiente altamente violento e ainda em uma situa\u00e7\u00e3o de extrema vulnerabilidade social, a senhora O. S. T., de 47 anos, chegou \u00e0 Ycamiabas por meio de encaminhamento da Delegacia Especializada em Crimes Contra a Mulher.<\/p>\n\n\n\n<p>H\u00e1 pouco mais de um m\u00eas vivendo no acolhimento, hoje, ela e sua filha vivem um momento de esperan\u00e7a. \u201c\u00c9 como um sonho, n\u00e9? As meninas do equipamento se juntaram para pagar um tratamento para os meus dentes. Quando minha filha chegou aqui, doente, elas se juntaram para me ajudar a comprar os rem\u00e9dios. \u00c9 uma equipe nota dez, como uma fam\u00edlia mesmo. Eu n\u00e3o tenho palavras o suficiente para agradecer\u201d.<\/p>\n\n\n\n<p>Para a supervisora t\u00e9cnica da Ycamiabas, Simone Menezes, ainda que emocionalmente dif\u00edcil para todos os envolvidos, o trabalho realizado pelo equipamento \u00e9 um trabalho que faz valer a pena todo o esfor\u00e7o e carinho depositado nele.<\/p>\n\n\n\n<p>\u201cComo mulheres, nos colocamos no lugar delas, \u00e9 imposs\u00edvel n\u00e3o se envolver com a hist\u00f3ria de vida de cada e nos imaginarmos nessas situa\u00e7\u00f5es. \u00c9 uma coisa que d\u00f3i, que faz com que nos identifiquemos umas com as outras, mas que tamb\u00e9m nos motiva a dar as m\u00e3os e falar para elas que vamos lutar e fazer o poss\u00edvel e o imposs\u00edvel para mudar sua vida\u201d, afirmou.<\/p>\n\n\n\n<p><strong>Sobre as Ycamiabas<\/strong><\/p>\n\n\n\n<p>As Ycamiabas eram uma tribo de mulheres guerreiras descrita em relatos e lendas durante o per\u00edodo colonial da Am\u00e9rica do Sul. Segundo essas narrativas, as Ycamiabas viveriam em uma regi\u00e3o inexplorada e seriam conhecidas por sua for\u00e7a f\u00edsica, habilidades de combate e pela forma\u00e7\u00e3o de uma sociedade matriarcal, em que as mulheres detinham o poder pol\u00edtico e militar.<\/p>\n\n\n\n<p>Essas hist\u00f3rias foram registradas por viajantes e exploradores europeus, como o alem\u00e3o Georg Heinrich von Langsdorff e o franc\u00eas Charles-Marie de La Condamine, no s\u00e9culo 18. Esses relatos geralmente descreviam as Ycamiabas como uma tribo de mulheres belas e valentes, que viviam sem a presen\u00e7a de homens.<\/p>\n\n\n\n<p>&#8212; &#8212; &#8212;<\/p>\n\n\n\n<p><strong>Texto &#8211;<\/strong> Guilherme Pacheco \/ Semasc<\/p>\n\n\n\n<p><strong>Fotos &#8211;<\/strong> Marcely Gomes \/ Semasc<\/p>\n","protected":false},"excerpt":{"rendered":"","protected":false},"author":39,"featured_media":208853,"comment_status":"closed","ping_status":"closed","sticky":false,"template":"","format":"standard","meta":{"footnotes":""},"categories":[34],"tags":[380,72,381,382,7,18,239],"acf":[],"yoast_head":"<!-- This site is optimized with the Yoast SEO plugin v23.0 - https:\/\/yoast.com\/wordpress\/plugins\/seo\/ -->\n<title>Prefeitura garante acolhimento institucional a mulheres v\u00edtimas de viol\u00eancia atrav\u00e9s da Ycamiabas<\/title>\n<meta name=\"description\" content=\"Administrada pela Prefeitura de Manaus, por meio da Secretaria Municipal da Mulher, Assist\u00eancia Social e Cidadania (Semasc), a Ycamiabas \u00e9 respons\u00e1vel por fornecer abrigo e atendimento psicossocial para mulheres e seus filhos que se encontram em situa\u00e7\u00e3o de viol\u00eancia ou vulnerabilidade social.\" \/>\n<meta name=\"robots\" content=\"noindex, follow\" \/>\n<meta property=\"og:locale\" content=\"pt_BR\" \/>\n<meta property=\"og:type\" content=\"article\" \/>\n<meta property=\"og:title\" content=\"Prefeitura garante acolhimento institucional a mulheres v\u00edtimas de viol\u00eancia atrav\u00e9s da Ycamiabas\" \/>\n<meta property=\"og:description\" content=\"Administrada pela Prefeitura de Manaus, por meio da Secretaria Municipal da Mulher, Assist\u00eancia Social e Cidadania (Semasc), a Ycamiabas \u00e9 respons\u00e1vel por fornecer abrigo e atendimento psicossocial para mulheres e seus filhos que se encontram em situa\u00e7\u00e3o de viol\u00eancia ou vulnerabilidade social.\" \/>\n<meta property=\"og:url\" content=\"https:\/\/www.manaus.am.gov.br\/semasc\/prefeitura-garante-acolhimento-institucional-a-mulheres-vitimas-de-violencia-atraves-da-ycamiabas\/\" \/>\n<meta property=\"og:site_name\" content=\"SEMASC\" \/>\n<meta property=\"article:publisher\" content=\"https:\/\/www.facebook.com\/semascmanaus\" \/>\n<meta property=\"article:published_time\" content=\"2023-09-04T14:48:41+00:00\" \/>\n<meta property=\"article:modified_time\" content=\"2023-09-04T14:48:51+00:00\" \/>\n<meta property=\"og:image\" content=\"https:\/\/www.manaus.am.gov.br\/semasc\/wp-content\/uploads\/sites\/17\/2023\/09\/Ycamiabas-Casa-de-Acolhimento-para-Mulheres-1-1024x683.jpg\" \/>\n\t<meta property=\"og:image:width\" content=\"1024\" \/>\n\t<meta property=\"og:image:height\" content=\"683\" \/>\n\t<meta property=\"og:image:type\" content=\"image\/jpeg\" \/>\n<meta name=\"author\" content=\"Bruna Greco\" \/>\n<meta name=\"twitter:card\" content=\"summary_large_image\" \/>\n<meta name=\"twitter:label1\" content=\"Written by\" \/>\n\t<meta name=\"twitter:data1\" content=\"Bruna Greco\" \/>\n\t<meta name=\"twitter:label2\" content=\"Est. reading time\" \/>\n\t<meta name=\"twitter:data2\" content=\"5 minutos\" \/>\n<script type=\"application\/ld+json\" class=\"yoast-schema-graph\">{\"@context\":\"https:\/\/schema.org\",\"@graph\":[{\"@type\":\"Article\",\"@id\":\"https:\/\/www.manaus.am.gov.br\/semasc\/prefeitura-garante-acolhimento-institucional-a-mulheres-vitimas-de-violencia-atraves-da-ycamiabas\/#article\",\"isPartOf\":{\"@id\":\"https:\/\/www.manaus.am.gov.br\/semasc\/prefeitura-garante-acolhimento-institucional-a-mulheres-vitimas-de-violencia-atraves-da-ycamiabas\/\"},\"author\":{\"name\":\"Bruna Greco\",\"@id\":\"https:\/\/www.manaus.am.gov.br\/semasc\/#\/schema\/person\/05d223aea2bf115f9883a6ff3683d81b\"},\"headline\":\"Prefeitura garante acolhimento institucional a mulheres v\u00edtimas de viol\u00eancia atrav\u00e9s da Ycamiabas\",\"datePublished\":\"2023-09-04T14:48:41+00:00\",\"dateModified\":\"2023-09-04T14:48:51+00:00\",\"mainEntityOfPage\":{\"@id\":\"https:\/\/www.manaus.am.gov.br\/semasc\/prefeitura-garante-acolhimento-institucional-a-mulheres-vitimas-de-violencia-atraves-da-ycamiabas\/\"},\"wordCount\":816,\"publisher\":{\"@id\":\"https:\/\/www.manaus.am.gov.br\/semasc\/#organization\"},\"image\":{\"@id\":\"https:\/\/www.manaus.am.gov.br\/semasc\/prefeitura-garante-acolhimento-institucional-a-mulheres-vitimas-de-violencia-atraves-da-ycamiabas\/#primaryimage\"},\"thumbnailUrl\":\"https:\/\/www.manaus.am.gov.br\/semasc\/wp-content\/uploads\/sites\/17\/2023\/09\/Ycamiabas-Casa-de-Acolhimento-para-Mulheres-1.jpg\",\"keywords\":[\"acolhimento institucional a mulheres v\u00edtimas de viol\u00eancia\",\"assist\u00eancia social\",\"at\u00e9 30 pessoas em suas depend\u00eancias\",\"atendimento 24 horas\",\"prefeitura de manaus\",\"Semasc\",\"Ycamiabas - Casa de Acolhimento para Mulheres\"],\"articleSection\":[\"Assist\u00eancia Social\"],\"inLanguage\":\"pt-BR\"},{\"@type\":\"WebPage\",\"@id\":\"https:\/\/www.manaus.am.gov.br\/semasc\/prefeitura-garante-acolhimento-institucional-a-mulheres-vitimas-de-violencia-atraves-da-ycamiabas\/\",\"url\":\"https:\/\/www.manaus.am.gov.br\/semasc\/prefeitura-garante-acolhimento-institucional-a-mulheres-vitimas-de-violencia-atraves-da-ycamiabas\/\",\"name\":\"Prefeitura garante acolhimento institucional a mulheres v\u00edtimas de viol\u00eancia atrav\u00e9s da Ycamiabas\",\"isPartOf\":{\"@id\":\"https:\/\/www.manaus.am.gov.br\/semasc\/#website\"},\"primaryImageOfPage\":{\"@id\":\"https:\/\/www.manaus.am.gov.br\/semasc\/prefeitura-garante-acolhimento-institucional-a-mulheres-vitimas-de-violencia-atraves-da-ycamiabas\/#primaryimage\"},\"image\":{\"@id\":\"https:\/\/www.manaus.am.gov.br\/semasc\/prefeitura-garante-acolhimento-institucional-a-mulheres-vitimas-de-violencia-atraves-da-ycamiabas\/#primaryimage\"},\"thumbnailUrl\":\"https:\/\/www.manaus.am.gov.br\/semasc\/wp-content\/uploads\/sites\/17\/2023\/09\/Ycamiabas-Casa-de-Acolhimento-para-Mulheres-1.jpg\",\"datePublished\":\"2023-09-04T14:48:41+00:00\",\"dateModified\":\"2023-09-04T14:48:51+00:00\",\"description\":\"Administrada pela Prefeitura de Manaus, por meio da Secretaria Municipal da Mulher, Assist\u00eancia Social e Cidadania (Semasc), a Ycamiabas \u00e9 respons\u00e1vel por fornecer abrigo e atendimento psicossocial para mulheres e seus filhos que se encontram em situa\u00e7\u00e3o de viol\u00eancia ou vulnerabilidade social.\",\"breadcrumb\":{\"@id\":\"https:\/\/www.manaus.am.gov.br\/semasc\/prefeitura-garante-acolhimento-institucional-a-mulheres-vitimas-de-violencia-atraves-da-ycamiabas\/#breadcrumb\"},\"inLanguage\":\"pt-BR\",\"potentialAction\":[{\"@type\":\"ReadAction\",\"target\":[\"https:\/\/www.manaus.am.gov.br\/semasc\/prefeitura-garante-acolhimento-institucional-a-mulheres-vitimas-de-violencia-atraves-da-ycamiabas\/\"]}]},{\"@type\":\"ImageObject\",\"inLanguage\":\"pt-BR\",\"@id\":\"https:\/\/www.manaus.am.gov.br\/semasc\/prefeitura-garante-acolhimento-institucional-a-mulheres-vitimas-de-violencia-atraves-da-ycamiabas\/#primaryimage\",\"url\":\"https:\/\/www.manaus.am.gov.br\/semasc\/wp-content\/uploads\/sites\/17\/2023\/09\/Ycamiabas-Casa-de-Acolhimento-para-Mulheres-1.jpg\",\"contentUrl\":\"https:\/\/www.manaus.am.gov.br\/semasc\/wp-content\/uploads\/sites\/17\/2023\/09\/Ycamiabas-Casa-de-Acolhimento-para-Mulheres-1.jpg\",\"width\":3984,\"height\":2656},{\"@type\":\"BreadcrumbList\",\"@id\":\"https:\/\/www.manaus.am.gov.br\/semasc\/prefeitura-garante-acolhimento-institucional-a-mulheres-vitimas-de-violencia-atraves-da-ycamiabas\/#breadcrumb\",\"itemListElement\":[{\"@type\":\"ListItem\",\"position\":1,\"name\":\"Home\",\"item\":\"https:\/\/www.manaus.am.gov.br\/semasc\/\"},{\"@type\":\"ListItem\",\"position\":2,\"name\":\"Prefeitura garante acolhimento institucional a mulheres v\u00edtimas de viol\u00eancia atrav\u00e9s da Ycamiabas\"}]},{\"@type\":\"WebSite\",\"@id\":\"https:\/\/www.manaus.am.gov.br\/semasc\/#website\",\"url\":\"https:\/\/www.manaus.am.gov.br\/semasc\/\",\"name\":\"SEMASC\",\"description\":\"Secretaria Municipal da Mulher, Assist\u00eancia Social e Cidadania.\",\"publisher\":{\"@id\":\"https:\/\/www.manaus.am.gov.br\/semasc\/#organization\"},\"alternateName\":\"Secretaria Municipal da Mulher, Assist\u00eancia Social e Cidadania\",\"potentialAction\":[{\"@type\":\"SearchAction\",\"target\":{\"@type\":\"EntryPoint\",\"urlTemplate\":\"https:\/\/www.manaus.am.gov.br\/semasc\/?s={search_term_string}\"},\"query-input\":\"required name=search_term_string\"}],\"inLanguage\":\"pt-BR\"},{\"@type\":\"Organization\",\"@id\":\"https:\/\/www.manaus.am.gov.br\/semasc\/#organization\",\"name\":\"Prefeitura de Manaus\",\"alternateName\":\"Prefeitura Municipal de Manaus\",\"url\":\"https:\/\/www.manaus.am.gov.br\/semasc\/\",\"logo\":{\"@type\":\"ImageObject\",\"inLanguage\":\"pt-BR\",\"@id\":\"https:\/\/www.manaus.am.gov.br\/semasc\/#\/schema\/logo\/image\/\",\"url\":\"https:\/\/www.manaus.am.gov.br\/semasc\/wp-content\/uploads\/sites\/17\/2024\/07\/favicon.png\",\"contentUrl\":\"https:\/\/www.manaus.am.gov.br\/semasc\/wp-content\/uploads\/sites\/17\/2024\/07\/favicon.png\",\"width\":300,\"height\":300,\"caption\":\"Prefeitura de Manaus\"},\"image\":{\"@id\":\"https:\/\/www.manaus.am.gov.br\/semasc\/#\/schema\/logo\/image\/\"},\"sameAs\":[\"https:\/\/www.facebook.com\/semascmanaus\",\"https:\/\/www.instagram.com\/semascmanaus\/\"]},{\"@type\":\"Person\",\"@id\":\"https:\/\/www.manaus.am.gov.br\/semasc\/#\/schema\/person\/05d223aea2bf115f9883a6ff3683d81b\",\"name\":\"Bruna Greco\",\"image\":{\"@type\":\"ImageObject\",\"inLanguage\":\"pt-BR\",\"@id\":\"https:\/\/www.manaus.am.gov.br\/semasc\/#\/schema\/person\/image\/\",\"url\":\"https:\/\/secure.gravatar.com\/avatar\/9c877d1a6adc2a055330e5c09a8653ce?s=96&d=mm&r=g\",\"contentUrl\":\"https:\/\/secure.gravatar.com\/avatar\/9c877d1a6adc2a055330e5c09a8653ce?s=96&d=mm&r=g\",\"caption\":\"Bruna Greco\"}}]}<\/script>\n<!-- \/ Yoast SEO plugin. -->","yoast_head_json":{"title":"Prefeitura garante acolhimento institucional a mulheres v\u00edtimas de viol\u00eancia atrav\u00e9s da Ycamiabas","description":"Administrada pela Prefeitura de Manaus, por meio da Secretaria Municipal da Mulher, Assist\u00eancia Social e Cidadania (Semasc), a Ycamiabas \u00e9 respons\u00e1vel por fornecer abrigo e atendimento psicossocial para mulheres e seus filhos que se encontram em situa\u00e7\u00e3o de viol\u00eancia ou vulnerabilidade social.","robots":{"index":"noindex","follow":"follow"},"og_locale":"pt_BR","og_type":"article","og_title":"Prefeitura garante acolhimento institucional a mulheres v\u00edtimas de viol\u00eancia atrav\u00e9s da Ycamiabas","og_description":"Administrada pela Prefeitura de Manaus, por meio da Secretaria Municipal da Mulher, Assist\u00eancia Social e Cidadania (Semasc), a Ycamiabas \u00e9 respons\u00e1vel por fornecer abrigo e atendimento psicossocial para mulheres e seus filhos que se encontram em situa\u00e7\u00e3o de viol\u00eancia ou vulnerabilidade social.","og_url":"https:\/\/www.manaus.am.gov.br\/semasc\/prefeitura-garante-acolhimento-institucional-a-mulheres-vitimas-de-violencia-atraves-da-ycamiabas\/","og_site_name":"SEMASC","article_publisher":"https:\/\/www.facebook.com\/semascmanaus","article_published_time":"2023-09-04T14:48:41+00:00","article_modified_time":"2023-09-04T14:48:51+00:00","og_image":[{"width":1024,"height":683,"url":"https:\/\/www.manaus.am.gov.br\/semasc\/wp-content\/uploads\/sites\/17\/2023\/09\/Ycamiabas-Casa-de-Acolhimento-para-Mulheres-1-1024x683.jpg","type":"image\/jpeg"}],"author":"Bruna Greco","twitter_card":"summary_large_image","twitter_misc":{"Written by":"Bruna Greco","Est. reading time":"5 minutos"},"schema":{"@context":"https:\/\/schema.org","@graph":[{"@type":"Article","@id":"https:\/\/www.manaus.am.gov.br\/semasc\/prefeitura-garante-acolhimento-institucional-a-mulheres-vitimas-de-violencia-atraves-da-ycamiabas\/#article","isPartOf":{"@id":"https:\/\/www.manaus.am.gov.br\/semasc\/prefeitura-garante-acolhimento-institucional-a-mulheres-vitimas-de-violencia-atraves-da-ycamiabas\/"},"author":{"name":"Bruna Greco","@id":"https:\/\/www.manaus.am.gov.br\/semasc\/#\/schema\/person\/05d223aea2bf115f9883a6ff3683d81b"},"headline":"Prefeitura garante acolhimento institucional a mulheres v\u00edtimas de viol\u00eancia atrav\u00e9s da Ycamiabas","datePublished":"2023-09-04T14:48:41+00:00","dateModified":"2023-09-04T14:48:51+00:00","mainEntityOfPage":{"@id":"https:\/\/www.manaus.am.gov.br\/semasc\/prefeitura-garante-acolhimento-institucional-a-mulheres-vitimas-de-violencia-atraves-da-ycamiabas\/"},"wordCount":816,"publisher":{"@id":"https:\/\/www.manaus.am.gov.br\/semasc\/#organization"},"image":{"@id":"https:\/\/www.manaus.am.gov.br\/semasc\/prefeitura-garante-acolhimento-institucional-a-mulheres-vitimas-de-violencia-atraves-da-ycamiabas\/#primaryimage"},"thumbnailUrl":"https:\/\/www.manaus.am.gov.br\/semasc\/wp-content\/uploads\/sites\/17\/2023\/09\/Ycamiabas-Casa-de-Acolhimento-para-Mulheres-1.jpg","keywords":["acolhimento institucional a mulheres v\u00edtimas de viol\u00eancia","assist\u00eancia social","at\u00e9 30 pessoas em suas depend\u00eancias","atendimento 24 horas","prefeitura de manaus","Semasc","Ycamiabas - Casa de Acolhimento para Mulheres"],"articleSection":["Assist\u00eancia Social"],"inLanguage":"pt-BR"},{"@type":"WebPage","@id":"https:\/\/www.manaus.am.gov.br\/semasc\/prefeitura-garante-acolhimento-institucional-a-mulheres-vitimas-de-violencia-atraves-da-ycamiabas\/","url":"https:\/\/www.manaus.am.gov.br\/semasc\/prefeitura-garante-acolhimento-institucional-a-mulheres-vitimas-de-violencia-atraves-da-ycamiabas\/","name":"Prefeitura garante acolhimento institucional a mulheres v\u00edtimas de viol\u00eancia atrav\u00e9s da Ycamiabas","isPartOf":{"@id":"https:\/\/www.manaus.am.gov.br\/semasc\/#website"},"primaryImageOfPage":{"@id":"https:\/\/www.manaus.am.gov.br\/semasc\/prefeitura-garante-acolhimento-institucional-a-mulheres-vitimas-de-violencia-atraves-da-ycamiabas\/#primaryimage"},"image":{"@id":"https:\/\/www.manaus.am.gov.br\/semasc\/prefeitura-garante-acolhimento-institucional-a-mulheres-vitimas-de-violencia-atraves-da-ycamiabas\/#primaryimage"},"thumbnailUrl":"https:\/\/www.manaus.am.gov.br\/semasc\/wp-content\/uploads\/sites\/17\/2023\/09\/Ycamiabas-Casa-de-Acolhimento-para-Mulheres-1.jpg","datePublished":"2023-09-04T14:48:41+00:00","dateModified":"2023-09-04T14:48:51+00:00","description":"Administrada pela Prefeitura de Manaus, por meio da Secretaria Municipal da Mulher, Assist\u00eancia Social e Cidadania (Semasc), a Ycamiabas \u00e9 respons\u00e1vel por fornecer abrigo e atendimento psicossocial para mulheres e seus filhos que se encontram em situa\u00e7\u00e3o de viol\u00eancia ou vulnerabilidade social.","breadcrumb":{"@id":"https:\/\/www.manaus.am.gov.br\/semasc\/prefeitura-garante-acolhimento-institucional-a-mulheres-vitimas-de-violencia-atraves-da-ycamiabas\/#breadcrumb"},"inLanguage":"pt-BR","potentialAction":[{"@type":"ReadAction","target":["https:\/\/www.manaus.am.gov.br\/semasc\/prefeitura-garante-acolhimento-institucional-a-mulheres-vitimas-de-violencia-atraves-da-ycamiabas\/"]}]},{"@type":"ImageObject","inLanguage":"pt-BR","@id":"https:\/\/www.manaus.am.gov.br\/semasc\/prefeitura-garante-acolhimento-institucional-a-mulheres-vitimas-de-violencia-atraves-da-ycamiabas\/#primaryimage","url":"https:\/\/www.manaus.am.gov.br\/semasc\/wp-content\/uploads\/sites\/17\/2023\/09\/Ycamiabas-Casa-de-Acolhimento-para-Mulheres-1.jpg","contentUrl":"https:\/\/www.manaus.am.gov.br\/semasc\/wp-content\/uploads\/sites\/17\/2023\/09\/Ycamiabas-Casa-de-Acolhimento-para-Mulheres-1.jpg","width":3984,"height":2656},{"@type":"BreadcrumbList","@id":"https:\/\/www.manaus.am.gov.br\/semasc\/prefeitura-garante-acolhimento-institucional-a-mulheres-vitimas-de-violencia-atraves-da-ycamiabas\/#breadcrumb","itemListElement":[{"@type":"ListItem","position":1,"name":"Home","item":"https:\/\/www.manaus.am.gov.br\/semasc\/"},{"@type":"ListItem","position":2,"name":"Prefeitura garante acolhimento institucional a mulheres v\u00edtimas de viol\u00eancia atrav\u00e9s da Ycamiabas"}]},{"@type":"WebSite","@id":"https:\/\/www.manaus.am.gov.br\/semasc\/#website","url":"https:\/\/www.manaus.am.gov.br\/semasc\/","name":"SEMASC","description":"Secretaria Municipal da Mulher, Assist\u00eancia Social e Cidadania.","publisher":{"@id":"https:\/\/www.manaus.am.gov.br\/semasc\/#organization"},"alternateName":"Secretaria Municipal da Mulher, Assist\u00eancia Social e Cidadania","potentialAction":[{"@type":"SearchAction","target":{"@type":"EntryPoint","urlTemplate":"https:\/\/www.manaus.am.gov.br\/semasc\/?s={search_term_string}"},"query-input":"required name=search_term_string"}],"inLanguage":"pt-BR"},{"@type":"Organization","@id":"https:\/\/www.manaus.am.gov.br\/semasc\/#organization","name":"Prefeitura de Manaus","alternateName":"Prefeitura Municipal de Manaus","url":"https:\/\/www.manaus.am.gov.br\/semasc\/","logo":{"@type":"ImageObject","inLanguage":"pt-BR","@id":"https:\/\/www.manaus.am.gov.br\/semasc\/#\/schema\/logo\/image\/","url":"https:\/\/www.manaus.am.gov.br\/semasc\/wp-content\/uploads\/sites\/17\/2024\/07\/favicon.png","contentUrl":"https:\/\/www.manaus.am.gov.br\/semasc\/wp-content\/uploads\/sites\/17\/2024\/07\/favicon.png","width":300,"height":300,"caption":"Prefeitura de Manaus"},"image":{"@id":"https:\/\/www.manaus.am.gov.br\/semasc\/#\/schema\/logo\/image\/"},"sameAs":["https:\/\/www.facebook.com\/semascmanaus","https:\/\/www.instagram.com\/semascmanaus\/"]},{"@type":"Person","@id":"https:\/\/www.manaus.am.gov.br\/semasc\/#\/schema\/person\/05d223aea2bf115f9883a6ff3683d81b","name":"Bruna Greco","image":{"@type":"ImageObject","inLanguage":"pt-BR","@id":"https:\/\/www.manaus.am.gov.br\/semasc\/#\/schema\/person\/image\/","url":"https:\/\/secure.gravatar.com\/avatar\/9c877d1a6adc2a055330e5c09a8653ce?s=96&d=mm&r=g","contentUrl":"https:\/\/secure.gravatar.com\/avatar\/9c877d1a6adc2a055330e5c09a8653ce?s=96&d=mm&r=g","caption":"Bruna Greco"}}]}},"_links":{"self":[{"href":"https:\/\/www.manaus.am.gov.br\/semasc\/wp-json\/wp\/v2\/posts\/208852"}],"collection":[{"href":"https:\/\/www.manaus.am.gov.br\/semasc\/wp-json\/wp\/v2\/posts"}],"about":[{"href":"https:\/\/www.manaus.am.gov.br\/semasc\/wp-json\/wp\/v2\/types\/post"}],"author":[{"embeddable":true,"href":"https:\/\/www.manaus.am.gov.br\/semasc\/wp-json\/wp\/v2\/users\/39"}],"replies":[{"embeddable":true,"href":"https:\/\/www.manaus.am.gov.br\/semasc\/wp-json\/wp\/v2\/comments?post=208852"}],"version-history":[{"count":0,"href":"https:\/\/www.manaus.am.gov.br\/semasc\/wp-json\/wp\/v2\/posts\/208852\/revisions"}],"wp:featuredmedia":[{"embeddable":true,"href":"https:\/\/www.manaus.am.gov.br\/semasc\/wp-json\/wp\/v2\/media\/208853"}],"wp:attachment":[{"href":"https:\/\/www.manaus.am.gov.br\/semasc\/wp-json\/wp\/v2\/media?parent=208852"}],"wp:term":[{"taxonomy":"category","embeddable":true,"href":"https:\/\/www.manaus.am.gov.br\/semasc\/wp-json\/wp\/v2\/categories?post=208852"},{"taxonomy":"post_tag","embeddable":true,"href":"https:\/\/www.manaus.am.gov.br\/semasc\/wp-json\/wp\/v2\/tags?post=208852"}],"curies":[{"name":"wp","href":"https:\/\/api.w.org\/{rel}","templated":true}]}}