{"id":208848,"date":"2023-09-01T15:41:05","date_gmt":"2023-09-01T19:41:05","guid":{"rendered":"https:\/\/www.manaus.am.gov.br\/semasc\/prefeitura-de-manaus-faz-visita-tecnica-a-osc-parceira-que-atua-na-zona-rural\/"},"modified":"2023-09-01T15:41:05","modified_gmt":"2023-09-01T19:41:05","slug":"prefeitura-de-manaus-faz-visita-tecnica-a-osc-parceira-que-atua-na-zona-rural","status":"publish","type":"post","link":"https:\/\/www.manaus.am.gov.br\/semasc\/prefeitura-de-manaus-faz-visita-tecnica-a-osc-parceira-que-atua-na-zona-rural\/","title":{"rendered":"<strong>Prefeitura de Manaus faz visita t\u00e9cnica \u00e0 OSC parceira que atua na zona Rural<\/strong>"},"content":{"rendered":"\n<p>A Prefeitura de Manaus, por meio da Secretaria Municipal da Mulher, Assist\u00eancia Social e da Cidadania (Semasc) e da Controladoria-Geral do Munic\u00edpio (CGM), realizou, nesta sexta-feira, 1\u00ba\/9, uma visita t\u00e9cnica \u00e0 escola agr\u00edcola Rainha dos Ap\u00f3stolos, Organiza\u00e7\u00e3o da Sociedade Civil (OSC) que possui uma parceria de longa data com a gest\u00e3o municipal, localizada no Distrito Agropecu\u00e1rio de Manaus, no quil\u00f4metro 23 da BR-174, com o fim de avaliar a atua\u00e7\u00e3o da institui\u00e7\u00e3o. &nbsp;&nbsp;&nbsp;&nbsp;&nbsp;&nbsp;<\/p>\n\n\n\n<p>Fundada em 1974, a escola agr\u00edcola Rainha dos Ap\u00f3stolos vem h\u00e1 quase cinco d\u00e9cadas capacitando e garantindo um ensino de qualidade e gratuito a crian\u00e7as e adolescentes da zona rural do munic\u00edpio e do interior do estado, com ensinos fundamental I e II, m\u00e9dio e t\u00e9cnico sendo oferecidos na institui\u00e7\u00e3o. As parcerias firmadas com a Semasc e outras secretarias para a capta\u00e7\u00e3o de recursos materiais e humanos s\u00e3o respons\u00e1veis pela viabiliza\u00e7\u00e3o do projeto. A escola ainda funciona como internato para os alunos do curso t\u00e9cnico de agropecu\u00e1ria oferecido.<\/p>\n\n\n\n<figure class=\"wp-block-image size-large\"><img loading=\"lazy\" decoding=\"async\" width=\"1024\" height=\"683\" src=\"https:\/\/www.manaus.am.gov.br\/semasc\/wp-content\/uploads\/sites\/17\/2023\/09\/image00010-1024x683.jpeg\" alt=\"\" class=\"wp-image-208849\" srcset=\"https:\/\/www.manaus.am.gov.br\/semasc\/wp-content\/uploads\/sites\/17\/2023\/09\/image00010-1024x683.jpeg 1024w, https:\/\/www.manaus.am.gov.br\/semasc\/wp-content\/uploads\/sites\/17\/2023\/09\/image00010-300x200.jpeg 300w, https:\/\/www.manaus.am.gov.br\/semasc\/wp-content\/uploads\/sites\/17\/2023\/09\/image00010-768x512.jpeg 768w, https:\/\/www.manaus.am.gov.br\/semasc\/wp-content\/uploads\/sites\/17\/2023\/09\/image00010-1536x1024.jpeg 1536w, https:\/\/www.manaus.am.gov.br\/semasc\/wp-content\/uploads\/sites\/17\/2023\/09\/image00010-2048x1365.jpeg 2048w\" sizes=\"(max-width: 1024px) 100vw, 1024px\" \/><\/figure>\n\n\n\n<p>\u201cA Prefeitura de Manaus, por meio da Semasc e outras secretarias, apoia as institui\u00e7\u00f5es sociais que atuam na cidade prestando servi\u00e7os socioassistenciais, repassando recursos e orienta\u00e7\u00f5es para que continuem a se desenvolver e apoiar a pol\u00edtica de assist\u00eancia social do munic\u00edpio. A visita de hoje visa avaliar e estreitar essa parceria\u201d, explicou o gerente de Presta\u00e7\u00e3o de Contas da Semasc, Josias Martins.&nbsp;<\/p>\n\n\n\n<p>Ainda de acordo com Josias, a parceria com a Semasc \u00e9 desenvolvida atrav\u00e9s de editais de fomento e o repasse de emendas parlamentares especificamente para a adequa\u00e7\u00e3o do espa\u00e7o f\u00edsico da institui\u00e7\u00e3o, como reformas nos dormit\u00f3rios e a compra de combust\u00edvel para o gerador de energia utilizado, essenciais para o seu funcionamento.<\/p>\n\n\n\n<p>\u201cA escola agr\u00edcola Rainha dos Ap\u00f3stolos realiza in\u00fameras a\u00e7\u00f5es de import\u00e2ncia social para as crian\u00e7as e adolescentes que estudam aqui, ent\u00e3o ela \u00e9 um bra\u00e7o da Semasc no que concerne \u00e0 continua\u00e7\u00e3o da pol\u00edtica de assist\u00eancia social em \u00e1reas do munic\u00edpio em que o poder p\u00fablico n\u00e3o consegue chegar de forma igualit\u00e1ria. S\u00f3 temos a agradecer pela parceria\u201d, concluiu.<\/p>\n\n\n\n<p>Diretora pedag\u00f3gica de ensino e professora da institui\u00e7\u00e3o, a educadora Darlete Sansereth de Oliveira destacou a import\u00e2ncia das parcerias firmadas para a escola e os mais de 600 alunos matriculados.<\/p>\n\n\n\n<p>\u201cSem qualquer tipo de parceria, n\u00f3s j\u00e1 ter\u00edamos fechado as portas. Tudo o que podemos receber de ajuda, doa\u00e7\u00f5es, projetos e afins, representam uma coopera\u00e7\u00e3o pela educa\u00e7\u00e3o desses jovens. Muitos saem do interior com uma perspectiva de vida diferente, muitos v\u00eam de lares carentes e a \u00fanica coisa que os faz ter esperan\u00e7a \u00e9 a escola, a educa\u00e7\u00e3o. Hoje, somos o \u00fanico lugar na zona rural que possui a estrutura necess\u00e1ria para manter esses jovens por perto e perseverando\u201d, afirmou.<\/p>\n\n\n\n<p>&#8212; &#8212; &#8212;<\/p>\n\n\n\n<p><strong>Texto<\/strong> &#8211; Guilherme Pacheco \/ Semasc<\/p>\n\n\n\n<p><strong>Fotos<\/strong> &#8211; Diego Lima \/ Semasc&nbsp;<\/p>\n","protected":false},"excerpt":{"rendered":"","protected":false},"author":31,"featured_media":208850,"comment_status":"closed","ping_status":"closed","sticky":false,"template":"","format":"standard","meta":{"footnotes":""},"categories":[376],"tags":[377,378,314,379],"acf":[],"yoast_head":"<!-- This site is optimized with the Yoast SEO plugin v23.0 - https:\/\/yoast.com\/wordpress\/plugins\/seo\/ -->\n<title>Prefeitura de Manaus faz visita t\u00e9cnica \u00e0 OSC parceira que atua na zona Rural - SEMASC<\/title>\n<meta name=\"robots\" content=\"noindex, follow\" \/>\n<meta property=\"og:locale\" content=\"pt_BR\" \/>\n<meta property=\"og:type\" content=\"article\" \/>\n<meta property=\"og:title\" content=\"Prefeitura de Manaus faz visita t\u00e9cnica \u00e0 OSC parceira que atua na zona Rural - SEMASC\" \/>\n<meta property=\"og:url\" content=\"https:\/\/www.manaus.am.gov.br\/semasc\/prefeitura-de-manaus-faz-visita-tecnica-a-osc-parceira-que-atua-na-zona-rural\/\" \/>\n<meta property=\"og:site_name\" content=\"SEMASC\" \/>\n<meta property=\"article:publisher\" content=\"https:\/\/www.facebook.com\/semascmanaus\" \/>\n<meta property=\"article:published_time\" content=\"2023-09-01T19:41:05+00:00\" \/>\n<meta property=\"og:image\" content=\"https:\/\/www.manaus.am.gov.br\/semasc\/wp-content\/uploads\/sites\/17\/2023\/09\/image00059-1024x683.jpeg\" \/>\n\t<meta property=\"og:image:width\" content=\"1024\" \/>\n\t<meta property=\"og:image:height\" content=\"683\" \/>\n\t<meta property=\"og:image:type\" content=\"image\/jpeg\" \/>\n<meta name=\"author\" content=\"Renata Felix\" \/>\n<meta name=\"twitter:card\" content=\"summary_large_image\" \/>\n<meta name=\"twitter:label1\" content=\"Written by\" \/>\n\t<meta name=\"twitter:data1\" content=\"Renata Felix\" \/>\n\t<meta name=\"twitter:label2\" content=\"Est. reading time\" \/>\n\t<meta name=\"twitter:data2\" content=\"3 minutos\" \/>\n<script type=\"application\/ld+json\" class=\"yoast-schema-graph\">{\"@context\":\"https:\/\/schema.org\",\"@graph\":[{\"@type\":\"Article\",\"@id\":\"https:\/\/www.manaus.am.gov.br\/semasc\/prefeitura-de-manaus-faz-visita-tecnica-a-osc-parceira-que-atua-na-zona-rural\/#article\",\"isPartOf\":{\"@id\":\"https:\/\/www.manaus.am.gov.br\/semasc\/prefeitura-de-manaus-faz-visita-tecnica-a-osc-parceira-que-atua-na-zona-rural\/\"},\"author\":{\"name\":\"Renata Felix\",\"@id\":\"https:\/\/www.manaus.am.gov.br\/semasc\/#\/schema\/person\/4eea2a8f78dc853097abb026f728aa06\"},\"headline\":\"Prefeitura de Manaus faz visita t\u00e9cnica \u00e0 OSC parceira que atua na zona Rural\",\"datePublished\":\"2023-09-01T19:41:05+00:00\",\"dateModified\":\"2023-09-01T19:41:05+00:00\",\"mainEntityOfPage\":{\"@id\":\"https:\/\/www.manaus.am.gov.br\/semasc\/prefeitura-de-manaus-faz-visita-tecnica-a-osc-parceira-que-atua-na-zona-rural\/\"},\"wordCount\":535,\"publisher\":{\"@id\":\"https:\/\/www.manaus.am.gov.br\/semasc\/#organization\"},\"image\":{\"@id\":\"https:\/\/www.manaus.am.gov.br\/semasc\/prefeitura-de-manaus-faz-visita-tecnica-a-osc-parceira-que-atua-na-zona-rural\/#primaryimage\"},\"thumbnailUrl\":\"https:\/\/www.manaus.am.gov.br\/semasc\/wp-content\/uploads\/sites\/17\/2023\/09\/image00059.jpeg\",\"keywords\":[\"escola agr\u00edcola Rainha dos Ap\u00f3stolos\",\"OSC\",\"parceria\",\"visita t\u00e9cnica\"],\"articleSection\":[\"Transpar\u00eancia\"],\"inLanguage\":\"pt-BR\"},{\"@type\":\"WebPage\",\"@id\":\"https:\/\/www.manaus.am.gov.br\/semasc\/prefeitura-de-manaus-faz-visita-tecnica-a-osc-parceira-que-atua-na-zona-rural\/\",\"url\":\"https:\/\/www.manaus.am.gov.br\/semasc\/prefeitura-de-manaus-faz-visita-tecnica-a-osc-parceira-que-atua-na-zona-rural\/\",\"name\":\"Prefeitura de Manaus faz visita t\u00e9cnica \u00e0 OSC parceira que atua na zona Rural - SEMASC\",\"isPartOf\":{\"@id\":\"https:\/\/www.manaus.am.gov.br\/semasc\/#website\"},\"primaryImageOfPage\":{\"@id\":\"https:\/\/www.manaus.am.gov.br\/semasc\/prefeitura-de-manaus-faz-visita-tecnica-a-osc-parceira-que-atua-na-zona-rural\/#primaryimage\"},\"image\":{\"@id\":\"https:\/\/www.manaus.am.gov.br\/semasc\/prefeitura-de-manaus-faz-visita-tecnica-a-osc-parceira-que-atua-na-zona-rural\/#primaryimage\"},\"thumbnailUrl\":\"https:\/\/www.manaus.am.gov.br\/semasc\/wp-content\/uploads\/sites\/17\/2023\/09\/image00059.jpeg\",\"datePublished\":\"2023-09-01T19:41:05+00:00\",\"dateModified\":\"2023-09-01T19:41:05+00:00\",\"breadcrumb\":{\"@id\":\"https:\/\/www.manaus.am.gov.br\/semasc\/prefeitura-de-manaus-faz-visita-tecnica-a-osc-parceira-que-atua-na-zona-rural\/#breadcrumb\"},\"inLanguage\":\"pt-BR\",\"potentialAction\":[{\"@type\":\"ReadAction\",\"target\":[\"https:\/\/www.manaus.am.gov.br\/semasc\/prefeitura-de-manaus-faz-visita-tecnica-a-osc-parceira-que-atua-na-zona-rural\/\"]}]},{\"@type\":\"ImageObject\",\"inLanguage\":\"pt-BR\",\"@id\":\"https:\/\/www.manaus.am.gov.br\/semasc\/prefeitura-de-manaus-faz-visita-tecnica-a-osc-parceira-que-atua-na-zona-rural\/#primaryimage\",\"url\":\"https:\/\/www.manaus.am.gov.br\/semasc\/wp-content\/uploads\/sites\/17\/2023\/09\/image00059.jpeg\",\"contentUrl\":\"https:\/\/www.manaus.am.gov.br\/semasc\/wp-content\/uploads\/sites\/17\/2023\/09\/image00059.jpeg\",\"width\":5184,\"height\":3456},{\"@type\":\"BreadcrumbList\",\"@id\":\"https:\/\/www.manaus.am.gov.br\/semasc\/prefeitura-de-manaus-faz-visita-tecnica-a-osc-parceira-que-atua-na-zona-rural\/#breadcrumb\",\"itemListElement\":[{\"@type\":\"ListItem\",\"position\":1,\"name\":\"Home\",\"item\":\"https:\/\/www.manaus.am.gov.br\/semasc\/\"},{\"@type\":\"ListItem\",\"position\":2,\"name\":\"Prefeitura de Manaus faz visita t\u00e9cnica \u00e0 OSC parceira que atua na zona Rural\"}]},{\"@type\":\"WebSite\",\"@id\":\"https:\/\/www.manaus.am.gov.br\/semasc\/#website\",\"url\":\"https:\/\/www.manaus.am.gov.br\/semasc\/\",\"name\":\"SEMASC\",\"description\":\"Secretaria Municipal da Mulher, Assist\u00eancia Social e Cidadania.\",\"publisher\":{\"@id\":\"https:\/\/www.manaus.am.gov.br\/semasc\/#organization\"},\"alternateName\":\"Secretaria Municipal da Mulher, Assist\u00eancia Social e Cidadania\",\"potentialAction\":[{\"@type\":\"SearchAction\",\"target\":{\"@type\":\"EntryPoint\",\"urlTemplate\":\"https:\/\/www.manaus.am.gov.br\/semasc\/?s={search_term_string}\"},\"query-input\":\"required name=search_term_string\"}],\"inLanguage\":\"pt-BR\"},{\"@type\":\"Organization\",\"@id\":\"https:\/\/www.manaus.am.gov.br\/semasc\/#organization\",\"name\":\"Prefeitura de Manaus\",\"alternateName\":\"Prefeitura Municipal de Manaus\",\"url\":\"https:\/\/www.manaus.am.gov.br\/semasc\/\",\"logo\":{\"@type\":\"ImageObject\",\"inLanguage\":\"pt-BR\",\"@id\":\"https:\/\/www.manaus.am.gov.br\/semasc\/#\/schema\/logo\/image\/\",\"url\":\"https:\/\/www.manaus.am.gov.br\/semasc\/wp-content\/uploads\/sites\/17\/2024\/07\/favicon.png\",\"contentUrl\":\"https:\/\/www.manaus.am.gov.br\/semasc\/wp-content\/uploads\/sites\/17\/2024\/07\/favicon.png\",\"width\":300,\"height\":300,\"caption\":\"Prefeitura de Manaus\"},\"image\":{\"@id\":\"https:\/\/www.manaus.am.gov.br\/semasc\/#\/schema\/logo\/image\/\"},\"sameAs\":[\"https:\/\/www.facebook.com\/semascmanaus\",\"https:\/\/www.instagram.com\/semascmanaus\/\"]},{\"@type\":\"Person\",\"@id\":\"https:\/\/www.manaus.am.gov.br\/semasc\/#\/schema\/person\/4eea2a8f78dc853097abb026f728aa06\",\"name\":\"Renata Felix\",\"image\":{\"@type\":\"ImageObject\",\"inLanguage\":\"pt-BR\",\"@id\":\"https:\/\/www.manaus.am.gov.br\/semasc\/#\/schema\/person\/image\/\",\"url\":\"https:\/\/secure.gravatar.com\/avatar\/3c196cf9d3b837b24c8edb2c50fd8f29?s=96&d=mm&r=g\",\"contentUrl\":\"https:\/\/secure.gravatar.com\/avatar\/3c196cf9d3b837b24c8edb2c50fd8f29?s=96&d=mm&r=g\",\"caption\":\"Renata Felix\"}}]}<\/script>\n<!-- \/ Yoast SEO plugin. -->","yoast_head_json":{"title":"Prefeitura de Manaus faz visita t\u00e9cnica \u00e0 OSC parceira que atua na zona Rural - SEMASC","robots":{"index":"noindex","follow":"follow"},"og_locale":"pt_BR","og_type":"article","og_title":"Prefeitura de Manaus faz visita t\u00e9cnica \u00e0 OSC parceira que atua na zona Rural - SEMASC","og_url":"https:\/\/www.manaus.am.gov.br\/semasc\/prefeitura-de-manaus-faz-visita-tecnica-a-osc-parceira-que-atua-na-zona-rural\/","og_site_name":"SEMASC","article_publisher":"https:\/\/www.facebook.com\/semascmanaus","article_published_time":"2023-09-01T19:41:05+00:00","og_image":[{"width":1024,"height":683,"url":"https:\/\/www.manaus.am.gov.br\/semasc\/wp-content\/uploads\/sites\/17\/2023\/09\/image00059-1024x683.jpeg","type":"image\/jpeg"}],"author":"Renata Felix","twitter_card":"summary_large_image","twitter_misc":{"Written by":"Renata Felix","Est. reading time":"3 minutos"},"schema":{"@context":"https:\/\/schema.org","@graph":[{"@type":"Article","@id":"https:\/\/www.manaus.am.gov.br\/semasc\/prefeitura-de-manaus-faz-visita-tecnica-a-osc-parceira-que-atua-na-zona-rural\/#article","isPartOf":{"@id":"https:\/\/www.manaus.am.gov.br\/semasc\/prefeitura-de-manaus-faz-visita-tecnica-a-osc-parceira-que-atua-na-zona-rural\/"},"author":{"name":"Renata Felix","@id":"https:\/\/www.manaus.am.gov.br\/semasc\/#\/schema\/person\/4eea2a8f78dc853097abb026f728aa06"},"headline":"Prefeitura de Manaus faz visita t\u00e9cnica \u00e0 OSC parceira que atua na zona Rural","datePublished":"2023-09-01T19:41:05+00:00","dateModified":"2023-09-01T19:41:05+00:00","mainEntityOfPage":{"@id":"https:\/\/www.manaus.am.gov.br\/semasc\/prefeitura-de-manaus-faz-visita-tecnica-a-osc-parceira-que-atua-na-zona-rural\/"},"wordCount":535,"publisher":{"@id":"https:\/\/www.manaus.am.gov.br\/semasc\/#organization"},"image":{"@id":"https:\/\/www.manaus.am.gov.br\/semasc\/prefeitura-de-manaus-faz-visita-tecnica-a-osc-parceira-que-atua-na-zona-rural\/#primaryimage"},"thumbnailUrl":"https:\/\/www.manaus.am.gov.br\/semasc\/wp-content\/uploads\/sites\/17\/2023\/09\/image00059.jpeg","keywords":["escola agr\u00edcola Rainha dos Ap\u00f3stolos","OSC","parceria","visita t\u00e9cnica"],"articleSection":["Transpar\u00eancia"],"inLanguage":"pt-BR"},{"@type":"WebPage","@id":"https:\/\/www.manaus.am.gov.br\/semasc\/prefeitura-de-manaus-faz-visita-tecnica-a-osc-parceira-que-atua-na-zona-rural\/","url":"https:\/\/www.manaus.am.gov.br\/semasc\/prefeitura-de-manaus-faz-visita-tecnica-a-osc-parceira-que-atua-na-zona-rural\/","name":"Prefeitura de Manaus faz visita t\u00e9cnica \u00e0 OSC parceira que atua na zona Rural - SEMASC","isPartOf":{"@id":"https:\/\/www.manaus.am.gov.br\/semasc\/#website"},"primaryImageOfPage":{"@id":"https:\/\/www.manaus.am.gov.br\/semasc\/prefeitura-de-manaus-faz-visita-tecnica-a-osc-parceira-que-atua-na-zona-rural\/#primaryimage"},"image":{"@id":"https:\/\/www.manaus.am.gov.br\/semasc\/prefeitura-de-manaus-faz-visita-tecnica-a-osc-parceira-que-atua-na-zona-rural\/#primaryimage"},"thumbnailUrl":"https:\/\/www.manaus.am.gov.br\/semasc\/wp-content\/uploads\/sites\/17\/2023\/09\/image00059.jpeg","datePublished":"2023-09-01T19:41:05+00:00","dateModified":"2023-09-01T19:41:05+00:00","breadcrumb":{"@id":"https:\/\/www.manaus.am.gov.br\/semasc\/prefeitura-de-manaus-faz-visita-tecnica-a-osc-parceira-que-atua-na-zona-rural\/#breadcrumb"},"inLanguage":"pt-BR","potentialAction":[{"@type":"ReadAction","target":["https:\/\/www.manaus.am.gov.br\/semasc\/prefeitura-de-manaus-faz-visita-tecnica-a-osc-parceira-que-atua-na-zona-rural\/"]}]},{"@type":"ImageObject","inLanguage":"pt-BR","@id":"https:\/\/www.manaus.am.gov.br\/semasc\/prefeitura-de-manaus-faz-visita-tecnica-a-osc-parceira-que-atua-na-zona-rural\/#primaryimage","url":"https:\/\/www.manaus.am.gov.br\/semasc\/wp-content\/uploads\/sites\/17\/2023\/09\/image00059.jpeg","contentUrl":"https:\/\/www.manaus.am.gov.br\/semasc\/wp-content\/uploads\/sites\/17\/2023\/09\/image00059.jpeg","width":5184,"height":3456},{"@type":"BreadcrumbList","@id":"https:\/\/www.manaus.am.gov.br\/semasc\/prefeitura-de-manaus-faz-visita-tecnica-a-osc-parceira-que-atua-na-zona-rural\/#breadcrumb","itemListElement":[{"@type":"ListItem","position":1,"name":"Home","item":"https:\/\/www.manaus.am.gov.br\/semasc\/"},{"@type":"ListItem","position":2,"name":"Prefeitura de Manaus faz visita t\u00e9cnica \u00e0 OSC parceira que atua na zona Rural"}]},{"@type":"WebSite","@id":"https:\/\/www.manaus.am.gov.br\/semasc\/#website","url":"https:\/\/www.manaus.am.gov.br\/semasc\/","name":"SEMASC","description":"Secretaria Municipal da Mulher, Assist\u00eancia Social e Cidadania.","publisher":{"@id":"https:\/\/www.manaus.am.gov.br\/semasc\/#organization"},"alternateName":"Secretaria Municipal da Mulher, Assist\u00eancia Social e Cidadania","potentialAction":[{"@type":"SearchAction","target":{"@type":"EntryPoint","urlTemplate":"https:\/\/www.manaus.am.gov.br\/semasc\/?s={search_term_string}"},"query-input":"required name=search_term_string"}],"inLanguage":"pt-BR"},{"@type":"Organization","@id":"https:\/\/www.manaus.am.gov.br\/semasc\/#organization","name":"Prefeitura de Manaus","alternateName":"Prefeitura Municipal de Manaus","url":"https:\/\/www.manaus.am.gov.br\/semasc\/","logo":{"@type":"ImageObject","inLanguage":"pt-BR","@id":"https:\/\/www.manaus.am.gov.br\/semasc\/#\/schema\/logo\/image\/","url":"https:\/\/www.manaus.am.gov.br\/semasc\/wp-content\/uploads\/sites\/17\/2024\/07\/favicon.png","contentUrl":"https:\/\/www.manaus.am.gov.br\/semasc\/wp-content\/uploads\/sites\/17\/2024\/07\/favicon.png","width":300,"height":300,"caption":"Prefeitura de Manaus"},"image":{"@id":"https:\/\/www.manaus.am.gov.br\/semasc\/#\/schema\/logo\/image\/"},"sameAs":["https:\/\/www.facebook.com\/semascmanaus","https:\/\/www.instagram.com\/semascmanaus\/"]},{"@type":"Person","@id":"https:\/\/www.manaus.am.gov.br\/semasc\/#\/schema\/person\/4eea2a8f78dc853097abb026f728aa06","name":"Renata Felix","image":{"@type":"ImageObject","inLanguage":"pt-BR","@id":"https:\/\/www.manaus.am.gov.br\/semasc\/#\/schema\/person\/image\/","url":"https:\/\/secure.gravatar.com\/avatar\/3c196cf9d3b837b24c8edb2c50fd8f29?s=96&d=mm&r=g","contentUrl":"https:\/\/secure.gravatar.com\/avatar\/3c196cf9d3b837b24c8edb2c50fd8f29?s=96&d=mm&r=g","caption":"Renata Felix"}}]}},"_links":{"self":[{"href":"https:\/\/www.manaus.am.gov.br\/semasc\/wp-json\/wp\/v2\/posts\/208848"}],"collection":[{"href":"https:\/\/www.manaus.am.gov.br\/semasc\/wp-json\/wp\/v2\/posts"}],"about":[{"href":"https:\/\/www.manaus.am.gov.br\/semasc\/wp-json\/wp\/v2\/types\/post"}],"author":[{"embeddable":true,"href":"https:\/\/www.manaus.am.gov.br\/semasc\/wp-json\/wp\/v2\/users\/31"}],"replies":[{"embeddable":true,"href":"https:\/\/www.manaus.am.gov.br\/semasc\/wp-json\/wp\/v2\/comments?post=208848"}],"version-history":[{"count":1,"href":"https:\/\/www.manaus.am.gov.br\/semasc\/wp-json\/wp\/v2\/posts\/208848\/revisions"}],"predecessor-version":[{"id":208851,"href":"https:\/\/www.manaus.am.gov.br\/semasc\/wp-json\/wp\/v2\/posts\/208848\/revisions\/208851"}],"wp:featuredmedia":[{"embeddable":true,"href":"https:\/\/www.manaus.am.gov.br\/semasc\/wp-json\/wp\/v2\/media\/208850"}],"wp:attachment":[{"href":"https:\/\/www.manaus.am.gov.br\/semasc\/wp-json\/wp\/v2\/media?parent=208848"}],"wp:term":[{"taxonomy":"category","embeddable":true,"href":"https:\/\/www.manaus.am.gov.br\/semasc\/wp-json\/wp\/v2\/categories?post=208848"},{"taxonomy":"post_tag","embeddable":true,"href":"https:\/\/www.manaus.am.gov.br\/semasc\/wp-json\/wp\/v2\/tags?post=208848"}],"curies":[{"name":"wp","href":"https:\/\/api.w.org\/{rel}","templated":true}]}}