{"id":208844,"date":"2023-08-29T19:05:27","date_gmt":"2023-08-29T23:05:27","guid":{"rendered":"https:\/\/www.manaus.am.gov.br\/semasc\/prefeitura-certifica-comunitarios-do-bairro-betania-apos-capacitacao-para-formacao-de-cuidadores-de-idosos\/"},"modified":"2023-08-29T19:05:27","modified_gmt":"2023-08-29T23:05:27","slug":"prefeitura-certifica-comunitarios-do-bairro-betania-apos-capacitacao-para-formacao-de-cuidadores-de-idosos","status":"publish","type":"post","link":"https:\/\/www.manaus.am.gov.br\/semasc\/prefeitura-certifica-comunitarios-do-bairro-betania-apos-capacitacao-para-formacao-de-cuidadores-de-idosos\/","title":{"rendered":"<strong>Prefeitura certifica comunit\u00e1rios do bairro Bet\u00e2nia ap\u00f3s capacita\u00e7\u00e3o para forma\u00e7\u00e3o de cuidadores de idosos<\/strong>"},"content":{"rendered":"\n<p>A Prefeitura de Manaus, por meio da Secretaria Municipal da Mulher, Assist\u00eancia Social e Cidadania (Semasc), da Escola de Servi\u00e7o P\u00fablico Municipal e Inclus\u00e3o Socioeducacional (Espi) e da Funda\u00e7\u00e3o Dr. Thomas (FDT), realizou, nesta ter\u00e7a-feira, 29\/8, a certifica\u00e7\u00e3o de 58 comunit\u00e1rios do bairro Bet\u00e2nia, zona Sul, que participaram da capacita\u00e7\u00e3o \u201cCuidador Comunit\u00e1rio\u201d, para a forma\u00e7\u00e3o de cuidadores de idosos.<\/p>\n\n\n\n<p>Iniciada na primeira semana de agosto, a capacita\u00e7\u00e3o buscou atingir, de forma especial, familiares de idosos atendidos pelo Servi\u00e7o de Conviv\u00eancia e Fortalecimento de V\u00ednculos do Centro de Refer\u00eancia de Assist\u00eancia Social (Cras) Bet\u00e2nia, o que, de acordo com a coordenadora do equipamento, Lucicleide Campos, \u00e9 uma forma de consolidar o trabalho realizado dentro e fora da unidade.<\/p>\n\n\n\n<p>\u201cPara n\u00f3s, a certifica\u00e7\u00e3o desses alunos \u00e9 uma realiza\u00e7\u00e3o a todo o servi\u00e7o que prestamos dentro do equipamento e a nossa miss\u00e3o de trazer a assist\u00eancia social e o fortalecimento de v\u00ednculos para dentro dessas fam\u00edlias. Quando oferecemos uma capacita\u00e7\u00e3o como essa \u00e0s fam\u00edlias dos idosos que atendemos, garantimos a qualidade de seu acompanhamento\u201d, afirmou Lucicleide.<\/p>\n\n\n\n<p>Ao longo das mais de 20 horas de carga hor\u00e1ria da capacita\u00e7\u00e3o, foram trabalhados, em sete m\u00f3dulos de ensino, quest\u00f5es como o processo de envelhecimento, cuidados b\u00e1sicos com a higiene de pessoas idosas e aten\u00e7\u00e3o \u00e0 alimenta\u00e7\u00e3o saud\u00e1vel deste p\u00fablico.<\/p>\n\n\n\n<p>De acordo com Caroline Ara\u00fajo, instrutora da Espi e respons\u00e1vel pelas aulas, as aulas expositivas e as din\u00e2micas em grupo ministradas aos participantes possuem uma imensa import\u00e2ncia social para a comunidade na qual os rec\u00e9m-certificados vivem e agradeceu a oportunidade.<\/p>\n\n\n\n<p>&#8220;Cuidar \u00e9 um ato de amor, de carinho, de prote\u00e7\u00e3o com os nossos idosos, ent\u00e3o foi realmente um prazer ministrar esse curso para essas pessoas e suas fam\u00edlias. Espero ter contribu\u00eddo com a vida profissional de todos e com a qualidade de vida de nossos idosos de forma geral&#8221;, concluiu.<\/p>\n\n\n\n<p>Para Joel Cabral, professor de Alfabetiza\u00e7\u00e3o para Idosos da FDT, e que representou a institui\u00e7\u00e3o durante a entrega de certificados, essa melhora na qualidade de vida dos idosos atendidos pelo equipamento de toda a comunidade em volta \u00e9 o ponto central a ser celebrado com a realiza\u00e7\u00e3o da capacita\u00e7\u00e3o.<\/p>\n\n\n\n<p>&#8220;\u00c9 fundamental que entendamos que s\u00e3o a\u00e7\u00f5es como essa que elevam a qualidade de vida da pessoa idosa e da pessoa n\u00e3o idosa tamb\u00e9m. Quando a Funda\u00e7\u00e3o Dr. Thomas se prop\u00f5e a promover uma capacita\u00e7\u00e3o como essa, estamos trabalhando para melhorar as condi\u00e7\u00f5es de vida de todas essas pessoas envolvidas&#8221;, afirmou o educador.<\/p>\n\n\n\n<p>Estudando para se tornar t\u00e9cnica de enfermagem, Nina Pereira, de 31 anos, procurou a capacita\u00e7\u00e3o para aumentar seu repert\u00f3rio no curr\u00edculo e se qualificar. Com o certificado em m\u00e3os, Nina destacou a import\u00e2ncia do que aprendeu para sua vida e tamb\u00e9m agradeceu.<\/p>\n\n\n\n<p>&#8220;Cuidar de pessoas \u00e9 uma coisa que sempre me agradou, sempre me chamou a aten\u00e7\u00e3o e que eu sempre fiz com muito amor e carinho. Com o certificado, al\u00e9m do amor e carinho, agora eu tenho o conhecimento t\u00e9cnico necess\u00e1rio para fazer aquilo que amo&#8221;, finalizou.<\/p>\n\n\n\n<p>&#8212; &#8212; &#8212;<\/p>\n\n\n\n<p><strong>Texto &#8211;<\/strong> Guilherme Pacheco \/ Semasc<\/p>\n\n\n\n<p><strong>Fotos &#8211;<\/strong> Marcely Gomes \/ Semasc<\/p>\n\n\n\n<p><strong>Dispon\u00edveis em<\/strong> &#8211; <a href=\"https:\/\/flic.kr\/s\/aHBqjASTLw\">https:\/\/flic.kr\/s\/aHBqjASTLw<\/a><\/p>\n","protected":false},"excerpt":{"rendered":"","protected":false},"author":39,"featured_media":208845,"comment_status":"closed","ping_status":"closed","sticky":false,"template":"","format":"standard","meta":{"footnotes":""},"categories":[76],"tags":[373,322,374,7,18],"acf":[],"yoast_head":"<!-- This site is optimized with the Yoast SEO plugin v23.0 - https:\/\/yoast.com\/wordpress\/plugins\/seo\/ -->\n<title>Prefeitura certifica comunit\u00e1rios do bairro Bet\u00e2nia ap\u00f3s capacita\u00e7\u00e3o para forma\u00e7\u00e3o de cuidadores de idosos<\/title>\n<meta name=\"description\" content=\"A Prefeitura de Manaus, por meio da Secretaria Municipal da Mulher, Assist\u00eancia Social e Cidadania (Semasc), da Escola de Servi\u00e7o P\u00fablico Municipal e Inclus\u00e3o Socioeducacional (Espi) e da Funda\u00e7\u00e3o Dr. Thomas (FDT), realizou, nesta ter\u00e7a-feira, 29\/8, a certifica\u00e7\u00e3o de 58 comunit\u00e1rios do bairro Bet\u00e2nia, zona Sul, que participaram da capacita\u00e7\u00e3o \u201cCuidador Comunit\u00e1rio\u201d, para a forma\u00e7\u00e3o de cuidadores de idosos.\" \/>\n<meta name=\"robots\" content=\"noindex, follow\" \/>\n<meta property=\"og:locale\" content=\"pt_BR\" \/>\n<meta property=\"og:type\" content=\"article\" \/>\n<meta property=\"og:title\" content=\"Prefeitura certifica comunit\u00e1rios do bairro Bet\u00e2nia ap\u00f3s capacita\u00e7\u00e3o para forma\u00e7\u00e3o de cuidadores de idosos\" \/>\n<meta property=\"og:description\" content=\"A Prefeitura de Manaus, por meio da Secretaria Municipal da Mulher, Assist\u00eancia Social e Cidadania (Semasc), da Escola de Servi\u00e7o P\u00fablico Municipal e Inclus\u00e3o Socioeducacional (Espi) e da Funda\u00e7\u00e3o Dr. Thomas (FDT), realizou, nesta ter\u00e7a-feira, 29\/8, a certifica\u00e7\u00e3o de 58 comunit\u00e1rios do bairro Bet\u00e2nia, zona Sul, que participaram da capacita\u00e7\u00e3o \u201cCuidador Comunit\u00e1rio\u201d, para a forma\u00e7\u00e3o de cuidadores de idosos.\" \/>\n<meta property=\"og:url\" content=\"https:\/\/www.manaus.am.gov.br\/semasc\/prefeitura-certifica-comunitarios-do-bairro-betania-apos-capacitacao-para-formacao-de-cuidadores-de-idosos\/\" \/>\n<meta property=\"og:site_name\" content=\"SEMASC\" \/>\n<meta property=\"article:publisher\" content=\"https:\/\/www.facebook.com\/semascmanaus\" \/>\n<meta property=\"article:published_time\" content=\"2023-08-29T23:05:27+00:00\" \/>\n<meta property=\"og:image\" content=\"https:\/\/www.manaus.am.gov.br\/semasc\/wp-content\/uploads\/sites\/17\/2023\/08\/20230829155002_IMG_1843-1024x605.jpg\" \/>\n\t<meta property=\"og:image:width\" content=\"1024\" \/>\n\t<meta property=\"og:image:height\" content=\"605\" \/>\n\t<meta property=\"og:image:type\" content=\"image\/jpeg\" \/>\n<meta name=\"author\" content=\"Bruna Greco\" \/>\n<meta name=\"twitter:card\" content=\"summary_large_image\" \/>\n<meta name=\"twitter:label1\" content=\"Written by\" \/>\n\t<meta name=\"twitter:data1\" content=\"Bruna Greco\" \/>\n\t<meta name=\"twitter:label2\" content=\"Est. reading time\" \/>\n\t<meta name=\"twitter:data2\" content=\"3 minutos\" \/>\n<script type=\"application\/ld+json\" class=\"yoast-schema-graph\">{\"@context\":\"https:\/\/schema.org\",\"@graph\":[{\"@type\":\"Article\",\"@id\":\"https:\/\/www.manaus.am.gov.br\/semasc\/prefeitura-certifica-comunitarios-do-bairro-betania-apos-capacitacao-para-formacao-de-cuidadores-de-idosos\/#article\",\"isPartOf\":{\"@id\":\"https:\/\/www.manaus.am.gov.br\/semasc\/prefeitura-certifica-comunitarios-do-bairro-betania-apos-capacitacao-para-formacao-de-cuidadores-de-idosos\/\"},\"author\":{\"name\":\"Bruna Greco\",\"@id\":\"https:\/\/www.manaus.am.gov.br\/semasc\/#\/schema\/person\/05d223aea2bf115f9883a6ff3683d81b\"},\"headline\":\"Prefeitura certifica comunit\u00e1rios do bairro Bet\u00e2nia ap\u00f3s capacita\u00e7\u00e3o para forma\u00e7\u00e3o de cuidadores de idosos\",\"datePublished\":\"2023-08-29T23:05:27+00:00\",\"dateModified\":\"2023-08-29T23:05:27+00:00\",\"mainEntityOfPage\":{\"@id\":\"https:\/\/www.manaus.am.gov.br\/semasc\/prefeitura-certifica-comunitarios-do-bairro-betania-apos-capacitacao-para-formacao-de-cuidadores-de-idosos\/\"},\"wordCount\":593,\"publisher\":{\"@id\":\"https:\/\/www.manaus.am.gov.br\/semasc\/#organization\"},\"image\":{\"@id\":\"https:\/\/www.manaus.am.gov.br\/semasc\/prefeitura-certifica-comunitarios-do-bairro-betania-apos-capacitacao-para-formacao-de-cuidadores-de-idosos\/#primaryimage\"},\"thumbnailUrl\":\"https:\/\/www.manaus.am.gov.br\/semasc\/wp-content\/uploads\/sites\/17\/2023\/08\/20230829155002_IMG_1843.jpg\",\"keywords\":[\"capacita\u00e7\u00e3o para forma\u00e7\u00e3o de cuidadores de idosos\",\"certifica\u00e7\u00e3o\",\"comunit\u00e1rios do bairro Bet\u00e2nia\",\"prefeitura de manaus\",\"Semasc\"],\"articleSection\":[\"Capacita\u00e7\u00e3o\"],\"inLanguage\":\"pt-BR\"},{\"@type\":\"WebPage\",\"@id\":\"https:\/\/www.manaus.am.gov.br\/semasc\/prefeitura-certifica-comunitarios-do-bairro-betania-apos-capacitacao-para-formacao-de-cuidadores-de-idosos\/\",\"url\":\"https:\/\/www.manaus.am.gov.br\/semasc\/prefeitura-certifica-comunitarios-do-bairro-betania-apos-capacitacao-para-formacao-de-cuidadores-de-idosos\/\",\"name\":\"Prefeitura certifica comunit\u00e1rios do bairro Bet\u00e2nia ap\u00f3s capacita\u00e7\u00e3o para forma\u00e7\u00e3o de cuidadores de idosos\",\"isPartOf\":{\"@id\":\"https:\/\/www.manaus.am.gov.br\/semasc\/#website\"},\"primaryImageOfPage\":{\"@id\":\"https:\/\/www.manaus.am.gov.br\/semasc\/prefeitura-certifica-comunitarios-do-bairro-betania-apos-capacitacao-para-formacao-de-cuidadores-de-idosos\/#primaryimage\"},\"image\":{\"@id\":\"https:\/\/www.manaus.am.gov.br\/semasc\/prefeitura-certifica-comunitarios-do-bairro-betania-apos-capacitacao-para-formacao-de-cuidadores-de-idosos\/#primaryimage\"},\"thumbnailUrl\":\"https:\/\/www.manaus.am.gov.br\/semasc\/wp-content\/uploads\/sites\/17\/2023\/08\/20230829155002_IMG_1843.jpg\",\"datePublished\":\"2023-08-29T23:05:27+00:00\",\"dateModified\":\"2023-08-29T23:05:27+00:00\",\"description\":\"A Prefeitura de Manaus, por meio da Secretaria Municipal da Mulher, Assist\u00eancia Social e Cidadania (Semasc), da Escola de Servi\u00e7o P\u00fablico Municipal e Inclus\u00e3o Socioeducacional (Espi) e da Funda\u00e7\u00e3o Dr. Thomas (FDT), realizou, nesta ter\u00e7a-feira, 29\/8, a certifica\u00e7\u00e3o de 58 comunit\u00e1rios do bairro Bet\u00e2nia, zona Sul, que participaram da capacita\u00e7\u00e3o \u201cCuidador Comunit\u00e1rio\u201d, para a forma\u00e7\u00e3o de cuidadores de idosos.\",\"breadcrumb\":{\"@id\":\"https:\/\/www.manaus.am.gov.br\/semasc\/prefeitura-certifica-comunitarios-do-bairro-betania-apos-capacitacao-para-formacao-de-cuidadores-de-idosos\/#breadcrumb\"},\"inLanguage\":\"pt-BR\",\"potentialAction\":[{\"@type\":\"ReadAction\",\"target\":[\"https:\/\/www.manaus.am.gov.br\/semasc\/prefeitura-certifica-comunitarios-do-bairro-betania-apos-capacitacao-para-formacao-de-cuidadores-de-idosos\/\"]}]},{\"@type\":\"ImageObject\",\"inLanguage\":\"pt-BR\",\"@id\":\"https:\/\/www.manaus.am.gov.br\/semasc\/prefeitura-certifica-comunitarios-do-bairro-betania-apos-capacitacao-para-formacao-de-cuidadores-de-idosos\/#primaryimage\",\"url\":\"https:\/\/www.manaus.am.gov.br\/semasc\/wp-content\/uploads\/sites\/17\/2023\/08\/20230829155002_IMG_1843.jpg\",\"contentUrl\":\"https:\/\/www.manaus.am.gov.br\/semasc\/wp-content\/uploads\/sites\/17\/2023\/08\/20230829155002_IMG_1843.jpg\",\"width\":3980,\"height\":2352},{\"@type\":\"BreadcrumbList\",\"@id\":\"https:\/\/www.manaus.am.gov.br\/semasc\/prefeitura-certifica-comunitarios-do-bairro-betania-apos-capacitacao-para-formacao-de-cuidadores-de-idosos\/#breadcrumb\",\"itemListElement\":[{\"@type\":\"ListItem\",\"position\":1,\"name\":\"Home\",\"item\":\"https:\/\/www.manaus.am.gov.br\/semasc\/\"},{\"@type\":\"ListItem\",\"position\":2,\"name\":\"Prefeitura certifica comunit\u00e1rios do bairro Bet\u00e2nia ap\u00f3s capacita\u00e7\u00e3o para forma\u00e7\u00e3o de cuidadores de idosos\"}]},{\"@type\":\"WebSite\",\"@id\":\"https:\/\/www.manaus.am.gov.br\/semasc\/#website\",\"url\":\"https:\/\/www.manaus.am.gov.br\/semasc\/\",\"name\":\"SEMASC\",\"description\":\"Secretaria Municipal da Mulher, Assist\u00eancia Social e Cidadania.\",\"publisher\":{\"@id\":\"https:\/\/www.manaus.am.gov.br\/semasc\/#organization\"},\"alternateName\":\"Secretaria Municipal da Mulher, Assist\u00eancia Social e Cidadania\",\"potentialAction\":[{\"@type\":\"SearchAction\",\"target\":{\"@type\":\"EntryPoint\",\"urlTemplate\":\"https:\/\/www.manaus.am.gov.br\/semasc\/?s={search_term_string}\"},\"query-input\":\"required name=search_term_string\"}],\"inLanguage\":\"pt-BR\"},{\"@type\":\"Organization\",\"@id\":\"https:\/\/www.manaus.am.gov.br\/semasc\/#organization\",\"name\":\"Prefeitura de Manaus\",\"alternateName\":\"Prefeitura Municipal de Manaus\",\"url\":\"https:\/\/www.manaus.am.gov.br\/semasc\/\",\"logo\":{\"@type\":\"ImageObject\",\"inLanguage\":\"pt-BR\",\"@id\":\"https:\/\/www.manaus.am.gov.br\/semasc\/#\/schema\/logo\/image\/\",\"url\":\"https:\/\/www.manaus.am.gov.br\/semasc\/wp-content\/uploads\/sites\/17\/2024\/07\/favicon.png\",\"contentUrl\":\"https:\/\/www.manaus.am.gov.br\/semasc\/wp-content\/uploads\/sites\/17\/2024\/07\/favicon.png\",\"width\":300,\"height\":300,\"caption\":\"Prefeitura de Manaus\"},\"image\":{\"@id\":\"https:\/\/www.manaus.am.gov.br\/semasc\/#\/schema\/logo\/image\/\"},\"sameAs\":[\"https:\/\/www.facebook.com\/semascmanaus\",\"https:\/\/www.instagram.com\/semascmanaus\/\"]},{\"@type\":\"Person\",\"@id\":\"https:\/\/www.manaus.am.gov.br\/semasc\/#\/schema\/person\/05d223aea2bf115f9883a6ff3683d81b\",\"name\":\"Bruna Greco\",\"image\":{\"@type\":\"ImageObject\",\"inLanguage\":\"pt-BR\",\"@id\":\"https:\/\/www.manaus.am.gov.br\/semasc\/#\/schema\/person\/image\/\",\"url\":\"https:\/\/secure.gravatar.com\/avatar\/9c877d1a6adc2a055330e5c09a8653ce?s=96&d=mm&r=g\",\"contentUrl\":\"https:\/\/secure.gravatar.com\/avatar\/9c877d1a6adc2a055330e5c09a8653ce?s=96&d=mm&r=g\",\"caption\":\"Bruna Greco\"}}]}<\/script>\n<!-- \/ Yoast SEO plugin. -->","yoast_head_json":{"title":"Prefeitura certifica comunit\u00e1rios do bairro Bet\u00e2nia ap\u00f3s capacita\u00e7\u00e3o para forma\u00e7\u00e3o de cuidadores de idosos","description":"A Prefeitura de Manaus, por meio da Secretaria Municipal da Mulher, Assist\u00eancia Social e Cidadania (Semasc), da Escola de Servi\u00e7o P\u00fablico Municipal e Inclus\u00e3o Socioeducacional (Espi) e da Funda\u00e7\u00e3o Dr. Thomas (FDT), realizou, nesta ter\u00e7a-feira, 29\/8, a certifica\u00e7\u00e3o de 58 comunit\u00e1rios do bairro Bet\u00e2nia, zona Sul, que participaram da capacita\u00e7\u00e3o \u201cCuidador Comunit\u00e1rio\u201d, para a forma\u00e7\u00e3o de cuidadores de idosos.","robots":{"index":"noindex","follow":"follow"},"og_locale":"pt_BR","og_type":"article","og_title":"Prefeitura certifica comunit\u00e1rios do bairro Bet\u00e2nia ap\u00f3s capacita\u00e7\u00e3o para forma\u00e7\u00e3o de cuidadores de idosos","og_description":"A Prefeitura de Manaus, por meio da Secretaria Municipal da Mulher, Assist\u00eancia Social e Cidadania (Semasc), da Escola de Servi\u00e7o P\u00fablico Municipal e Inclus\u00e3o Socioeducacional (Espi) e da Funda\u00e7\u00e3o Dr. Thomas (FDT), realizou, nesta ter\u00e7a-feira, 29\/8, a certifica\u00e7\u00e3o de 58 comunit\u00e1rios do bairro Bet\u00e2nia, zona Sul, que participaram da capacita\u00e7\u00e3o \u201cCuidador Comunit\u00e1rio\u201d, para a forma\u00e7\u00e3o de cuidadores de idosos.","og_url":"https:\/\/www.manaus.am.gov.br\/semasc\/prefeitura-certifica-comunitarios-do-bairro-betania-apos-capacitacao-para-formacao-de-cuidadores-de-idosos\/","og_site_name":"SEMASC","article_publisher":"https:\/\/www.facebook.com\/semascmanaus","article_published_time":"2023-08-29T23:05:27+00:00","og_image":[{"width":1024,"height":605,"url":"https:\/\/www.manaus.am.gov.br\/semasc\/wp-content\/uploads\/sites\/17\/2023\/08\/20230829155002_IMG_1843-1024x605.jpg","type":"image\/jpeg"}],"author":"Bruna Greco","twitter_card":"summary_large_image","twitter_misc":{"Written by":"Bruna Greco","Est. reading time":"3 minutos"},"schema":{"@context":"https:\/\/schema.org","@graph":[{"@type":"Article","@id":"https:\/\/www.manaus.am.gov.br\/semasc\/prefeitura-certifica-comunitarios-do-bairro-betania-apos-capacitacao-para-formacao-de-cuidadores-de-idosos\/#article","isPartOf":{"@id":"https:\/\/www.manaus.am.gov.br\/semasc\/prefeitura-certifica-comunitarios-do-bairro-betania-apos-capacitacao-para-formacao-de-cuidadores-de-idosos\/"},"author":{"name":"Bruna Greco","@id":"https:\/\/www.manaus.am.gov.br\/semasc\/#\/schema\/person\/05d223aea2bf115f9883a6ff3683d81b"},"headline":"Prefeitura certifica comunit\u00e1rios do bairro Bet\u00e2nia ap\u00f3s capacita\u00e7\u00e3o para forma\u00e7\u00e3o de cuidadores de idosos","datePublished":"2023-08-29T23:05:27+00:00","dateModified":"2023-08-29T23:05:27+00:00","mainEntityOfPage":{"@id":"https:\/\/www.manaus.am.gov.br\/semasc\/prefeitura-certifica-comunitarios-do-bairro-betania-apos-capacitacao-para-formacao-de-cuidadores-de-idosos\/"},"wordCount":593,"publisher":{"@id":"https:\/\/www.manaus.am.gov.br\/semasc\/#organization"},"image":{"@id":"https:\/\/www.manaus.am.gov.br\/semasc\/prefeitura-certifica-comunitarios-do-bairro-betania-apos-capacitacao-para-formacao-de-cuidadores-de-idosos\/#primaryimage"},"thumbnailUrl":"https:\/\/www.manaus.am.gov.br\/semasc\/wp-content\/uploads\/sites\/17\/2023\/08\/20230829155002_IMG_1843.jpg","keywords":["capacita\u00e7\u00e3o para forma\u00e7\u00e3o de cuidadores de idosos","certifica\u00e7\u00e3o","comunit\u00e1rios do bairro Bet\u00e2nia","prefeitura de manaus","Semasc"],"articleSection":["Capacita\u00e7\u00e3o"],"inLanguage":"pt-BR"},{"@type":"WebPage","@id":"https:\/\/www.manaus.am.gov.br\/semasc\/prefeitura-certifica-comunitarios-do-bairro-betania-apos-capacitacao-para-formacao-de-cuidadores-de-idosos\/","url":"https:\/\/www.manaus.am.gov.br\/semasc\/prefeitura-certifica-comunitarios-do-bairro-betania-apos-capacitacao-para-formacao-de-cuidadores-de-idosos\/","name":"Prefeitura certifica comunit\u00e1rios do bairro Bet\u00e2nia ap\u00f3s capacita\u00e7\u00e3o para forma\u00e7\u00e3o de cuidadores de idosos","isPartOf":{"@id":"https:\/\/www.manaus.am.gov.br\/semasc\/#website"},"primaryImageOfPage":{"@id":"https:\/\/www.manaus.am.gov.br\/semasc\/prefeitura-certifica-comunitarios-do-bairro-betania-apos-capacitacao-para-formacao-de-cuidadores-de-idosos\/#primaryimage"},"image":{"@id":"https:\/\/www.manaus.am.gov.br\/semasc\/prefeitura-certifica-comunitarios-do-bairro-betania-apos-capacitacao-para-formacao-de-cuidadores-de-idosos\/#primaryimage"},"thumbnailUrl":"https:\/\/www.manaus.am.gov.br\/semasc\/wp-content\/uploads\/sites\/17\/2023\/08\/20230829155002_IMG_1843.jpg","datePublished":"2023-08-29T23:05:27+00:00","dateModified":"2023-08-29T23:05:27+00:00","description":"A Prefeitura de Manaus, por meio da Secretaria Municipal da Mulher, Assist\u00eancia Social e Cidadania (Semasc), da Escola de Servi\u00e7o P\u00fablico Municipal e Inclus\u00e3o Socioeducacional (Espi) e da Funda\u00e7\u00e3o Dr. Thomas (FDT), realizou, nesta ter\u00e7a-feira, 29\/8, a certifica\u00e7\u00e3o de 58 comunit\u00e1rios do bairro Bet\u00e2nia, zona Sul, que participaram da capacita\u00e7\u00e3o \u201cCuidador Comunit\u00e1rio\u201d, para a forma\u00e7\u00e3o de cuidadores de idosos.","breadcrumb":{"@id":"https:\/\/www.manaus.am.gov.br\/semasc\/prefeitura-certifica-comunitarios-do-bairro-betania-apos-capacitacao-para-formacao-de-cuidadores-de-idosos\/#breadcrumb"},"inLanguage":"pt-BR","potentialAction":[{"@type":"ReadAction","target":["https:\/\/www.manaus.am.gov.br\/semasc\/prefeitura-certifica-comunitarios-do-bairro-betania-apos-capacitacao-para-formacao-de-cuidadores-de-idosos\/"]}]},{"@type":"ImageObject","inLanguage":"pt-BR","@id":"https:\/\/www.manaus.am.gov.br\/semasc\/prefeitura-certifica-comunitarios-do-bairro-betania-apos-capacitacao-para-formacao-de-cuidadores-de-idosos\/#primaryimage","url":"https:\/\/www.manaus.am.gov.br\/semasc\/wp-content\/uploads\/sites\/17\/2023\/08\/20230829155002_IMG_1843.jpg","contentUrl":"https:\/\/www.manaus.am.gov.br\/semasc\/wp-content\/uploads\/sites\/17\/2023\/08\/20230829155002_IMG_1843.jpg","width":3980,"height":2352},{"@type":"BreadcrumbList","@id":"https:\/\/www.manaus.am.gov.br\/semasc\/prefeitura-certifica-comunitarios-do-bairro-betania-apos-capacitacao-para-formacao-de-cuidadores-de-idosos\/#breadcrumb","itemListElement":[{"@type":"ListItem","position":1,"name":"Home","item":"https:\/\/www.manaus.am.gov.br\/semasc\/"},{"@type":"ListItem","position":2,"name":"Prefeitura certifica comunit\u00e1rios do bairro Bet\u00e2nia ap\u00f3s capacita\u00e7\u00e3o para forma\u00e7\u00e3o de cuidadores de idosos"}]},{"@type":"WebSite","@id":"https:\/\/www.manaus.am.gov.br\/semasc\/#website","url":"https:\/\/www.manaus.am.gov.br\/semasc\/","name":"SEMASC","description":"Secretaria Municipal da Mulher, Assist\u00eancia Social e Cidadania.","publisher":{"@id":"https:\/\/www.manaus.am.gov.br\/semasc\/#organization"},"alternateName":"Secretaria Municipal da Mulher, Assist\u00eancia Social e Cidadania","potentialAction":[{"@type":"SearchAction","target":{"@type":"EntryPoint","urlTemplate":"https:\/\/www.manaus.am.gov.br\/semasc\/?s={search_term_string}"},"query-input":"required name=search_term_string"}],"inLanguage":"pt-BR"},{"@type":"Organization","@id":"https:\/\/www.manaus.am.gov.br\/semasc\/#organization","name":"Prefeitura de Manaus","alternateName":"Prefeitura Municipal de Manaus","url":"https:\/\/www.manaus.am.gov.br\/semasc\/","logo":{"@type":"ImageObject","inLanguage":"pt-BR","@id":"https:\/\/www.manaus.am.gov.br\/semasc\/#\/schema\/logo\/image\/","url":"https:\/\/www.manaus.am.gov.br\/semasc\/wp-content\/uploads\/sites\/17\/2024\/07\/favicon.png","contentUrl":"https:\/\/www.manaus.am.gov.br\/semasc\/wp-content\/uploads\/sites\/17\/2024\/07\/favicon.png","width":300,"height":300,"caption":"Prefeitura de Manaus"},"image":{"@id":"https:\/\/www.manaus.am.gov.br\/semasc\/#\/schema\/logo\/image\/"},"sameAs":["https:\/\/www.facebook.com\/semascmanaus","https:\/\/www.instagram.com\/semascmanaus\/"]},{"@type":"Person","@id":"https:\/\/www.manaus.am.gov.br\/semasc\/#\/schema\/person\/05d223aea2bf115f9883a6ff3683d81b","name":"Bruna Greco","image":{"@type":"ImageObject","inLanguage":"pt-BR","@id":"https:\/\/www.manaus.am.gov.br\/semasc\/#\/schema\/person\/image\/","url":"https:\/\/secure.gravatar.com\/avatar\/9c877d1a6adc2a055330e5c09a8653ce?s=96&d=mm&r=g","contentUrl":"https:\/\/secure.gravatar.com\/avatar\/9c877d1a6adc2a055330e5c09a8653ce?s=96&d=mm&r=g","caption":"Bruna Greco"}}]}},"_links":{"self":[{"href":"https:\/\/www.manaus.am.gov.br\/semasc\/wp-json\/wp\/v2\/posts\/208844"}],"collection":[{"href":"https:\/\/www.manaus.am.gov.br\/semasc\/wp-json\/wp\/v2\/posts"}],"about":[{"href":"https:\/\/www.manaus.am.gov.br\/semasc\/wp-json\/wp\/v2\/types\/post"}],"author":[{"embeddable":true,"href":"https:\/\/www.manaus.am.gov.br\/semasc\/wp-json\/wp\/v2\/users\/39"}],"replies":[{"embeddable":true,"href":"https:\/\/www.manaus.am.gov.br\/semasc\/wp-json\/wp\/v2\/comments?post=208844"}],"version-history":[{"count":0,"href":"https:\/\/www.manaus.am.gov.br\/semasc\/wp-json\/wp\/v2\/posts\/208844\/revisions"}],"wp:featuredmedia":[{"embeddable":true,"href":"https:\/\/www.manaus.am.gov.br\/semasc\/wp-json\/wp\/v2\/media\/208845"}],"wp:attachment":[{"href":"https:\/\/www.manaus.am.gov.br\/semasc\/wp-json\/wp\/v2\/media?parent=208844"}],"wp:term":[{"taxonomy":"category","embeddable":true,"href":"https:\/\/www.manaus.am.gov.br\/semasc\/wp-json\/wp\/v2\/categories?post=208844"},{"taxonomy":"post_tag","embeddable":true,"href":"https:\/\/www.manaus.am.gov.br\/semasc\/wp-json\/wp\/v2\/tags?post=208844"}],"curies":[{"name":"wp","href":"https:\/\/api.w.org\/{rel}","templated":true}]}}