{"id":208842,"date":"2023-08-29T13:55:57","date_gmt":"2023-08-29T17:55:57","guid":{"rendered":"https:\/\/www.manaus.am.gov.br\/semasc\/prefeitura-apresenta-planejamento-de-visitas-tecnicas-para-atualizacao-de-dados-do-suas\/"},"modified":"2023-08-29T13:56:04","modified_gmt":"2023-08-29T17:56:04","slug":"prefeitura-apresenta-planejamento-de-visitas-tecnicas-para-atualizacao-de-dados-do-suas","status":"publish","type":"post","link":"https:\/\/www.manaus.am.gov.br\/semasc\/prefeitura-apresenta-planejamento-de-visitas-tecnicas-para-atualizacao-de-dados-do-suas\/","title":{"rendered":"<strong>Prefeitura apresenta planejamento de visitas t\u00e9cnicas para atualiza\u00e7\u00e3o de dados do Suas<\/strong>"},"content":{"rendered":"\n<p>A Prefeitura de Manaus, por meio da Secretaria Municipal da Mulher, Assist\u00eancia Social e Cidadania (Semasc),&nbsp;realizou, nesta ter\u00e7a-feira, 29\/8, uma reuni\u00e3o para a apresenta\u00e7\u00e3o do plano de a\u00e7\u00e3o das visitas t\u00e9cnicas para atualiza\u00e7\u00e3o de dados do Sistema \u00danico da Assist\u00eancia Social (Suas), determinadas pelo governo federal, via Minist\u00e9rio deDesenvolvimento e Assist\u00eancia Social, Fam\u00edlia e Combate \u00e0 Fome (MDS). A a\u00e7\u00e3o \u00e9&nbsp;em resposta ao aumento significativo de fam\u00edlias unipessoais inseridas no Cadastro \u00danico e tentativas de fraude ao longo do \u00faltimo ano&nbsp;em todo o pa\u00eds.&nbsp;<\/p>\n\n\n\n<p>O poder p\u00fablico municipal segue as medidas e orienta\u00e7\u00f5es publicadas na Portaria MDS n\u00ba 871, de 29 de mar\u00e7o de 2023, que regulamenta as a\u00e7\u00f5es do&nbsp;Programa de Fortalecimento Emergencial do Atendimento do Cadastro \u00danico no Sistema \u00danico da Assist\u00eancia Social (Procad-Suas).<\/p>\n\n\n\n<p>Realizada no audit\u00f3rio da sede administrativa da concession\u00e1ria \u00c1guas de Manaus, na zona Centro-Sul, e com mais de 50 servidores da Rede de Prote\u00e7\u00e3o Social B\u00e1sica do munic\u00edpio presentes, entre coordenadores de Centros de Refer\u00eancia de Assist\u00eancia Social (Cras), cadastradores, t\u00e9cnicos de refer\u00eancia e psic\u00f3logos, a reuni\u00e3o detalhou a log\u00edstica humana e material que ser\u00e1 utilizada ao longo das visitas.<\/p>\n\n\n\n<p>\u201c\u00c9 uma reuni\u00e3o muito importante para o Suas e para o munic\u00edpio de Manaus, pois \u00e9 o in\u00edcio de uma opera\u00e7\u00e3o que visa chegar nessas fam\u00edlias registradas como unipessoais e realizar a apura\u00e7\u00e3o de seus dados. \u00c9 uma forma de qualificar as informa\u00e7\u00f5es presentes no sistema e assim garantir sua seguran\u00e7a e a seguran\u00e7a dos usu\u00e1rios\u201d, destacou o secret\u00e1rio da Semasc, Eduardo Lucas.<\/p>\n\n\n\n<p>De acordo com dados coletados pela secretaria, atualmente, a capital amazonense possui 87.668 fam\u00edlias unipessoais, isto \u00e9, fam\u00edlias formadas por um \u00fanico membro, inseridas no Cadastro \u00danico e com pend\u00eancias cadastrais. Segundo o MDS, a exist\u00eancia de cadastros com informa\u00e7\u00f5es inconsistentes ou desatualizadas tem permitido que pessoas de uma mesma fam\u00edlia recebam mais de um benef\u00edcio, ao mesmo tempo em que segmentos mais vulner\u00e1veis da popula\u00e7\u00e3o n\u00e3o consigam acessar programas sociais.<\/p>\n\n\n\n<p>Diretora de \u00c1rea de Gest\u00e3o do Suas na Semasc, Lorena Barreto explicou que, al\u00e9m das zonas urbanas, a opera\u00e7\u00e3o dar\u00e1 uma aten\u00e7\u00e3o especial \u00e0s \u00e1reas rurais e agr\u00edcolas da capital amazonense a partir da mobiliza\u00e7\u00e3o ativa de t\u00e9cnicos de atendimento e a realiza\u00e7\u00e3o de mutir\u00f5es nas comunidades localizadas em \u00e1reas de dif\u00edcil acesso. \u201cTemos tra\u00e7adas diversas estrat\u00e9gias de atua\u00e7\u00e3o nas 20 unidades de Cras e nas duas subcentrais de Cadastro \u00danico, ent\u00e3o garantimos \u00e0 popula\u00e7\u00e3o que realizaremos essa busca ativa, independentemente da localidade\u201d, assegurou.&nbsp;<\/p>\n\n\n\n<p>Conforme o plano de a\u00e7\u00e3o apresentado, as visitas domiciliares para averigua\u00e7\u00e3o cadastral ter\u00e3o in\u00edcio j\u00e1 a partir do dia 11\/9, em todas as zonas da cidade.&nbsp;<\/p>\n\n\n\n<p>&#8212; &#8212; &#8212;<\/p>\n\n\n\n<p><strong>Texto<\/strong>&nbsp;&#8211; Guilherme Pacheco \/ Semasc&nbsp;<\/p>\n\n\n\n<p><strong>Fotos<\/strong>&nbsp;&#8211; Marcely Gomes \/ Semasc&nbsp;<\/p>\n\n\n\n<p><strong>Dispon\u00edveis em <\/strong>&#8211; <a href=\"https:\/\/flic.kr\/s\/aHBqjASNve\">https:\/\/flic.kr\/s\/aHBqjASNve<\/a><\/p>\n","protected":false},"excerpt":{"rendered":"","protected":false},"author":23,"featured_media":208843,"comment_status":"closed","ping_status":"closed","sticky":false,"template":"","format":"standard","meta":{"footnotes":""},"categories":[34],"tags":[7,8,372],"acf":[],"yoast_head":"<!-- This site is optimized with the Yoast SEO plugin v23.0 - https:\/\/yoast.com\/wordpress\/plugins\/seo\/ -->\n<title>Prefeitura apresenta planejamento de visitas t\u00e9cnicas para atualiza\u00e7\u00e3o de dados do Suas<\/title>\n<meta name=\"description\" content=\"A Prefeitura de Manaus, por meio da Secretaria Municipal da Mulher, Assist\u00eancia Social e Cidadania (Semasc), realizou, nesta ter\u00e7a-feira, 29\/8, uma reuni\u00e3o para a apresenta\u00e7\u00e3o do plano de a\u00e7\u00e3o das visitas t\u00e9cnicas para atualiza\u00e7\u00e3o de dados do Sistema \u00danico da Assist\u00eancia Social (Suas), determinadas pelo governo federal, via Minist\u00e9rio de Desenvolvimento e Assist\u00eancia Social, Fam\u00edlia e Combate \u00e0 Fome (MDS). A a\u00e7\u00e3o \u00e9 em resposta ao aumento significativo de fam\u00edlias unipessoais inseridas no Cadastro \u00danico e tentativas de fraude ao longo do \u00faltimo ano em todo o pa\u00eds.\" \/>\n<meta name=\"robots\" content=\"noindex, follow\" \/>\n<meta property=\"og:locale\" content=\"pt_BR\" \/>\n<meta property=\"og:type\" content=\"article\" \/>\n<meta property=\"og:title\" content=\"Prefeitura apresenta planejamento de visitas t\u00e9cnicas para atualiza\u00e7\u00e3o de dados do Suas\" \/>\n<meta property=\"og:description\" content=\"A Prefeitura de Manaus, por meio da Secretaria Municipal da Mulher, Assist\u00eancia Social e Cidadania (Semasc), realizou, nesta ter\u00e7a-feira, 29\/8, uma reuni\u00e3o para a apresenta\u00e7\u00e3o do plano de a\u00e7\u00e3o das visitas t\u00e9cnicas para atualiza\u00e7\u00e3o de dados do Sistema \u00danico da Assist\u00eancia Social (Suas), determinadas pelo governo federal, via Minist\u00e9rio de Desenvolvimento e Assist\u00eancia Social, Fam\u00edlia e Combate \u00e0 Fome (MDS). A a\u00e7\u00e3o \u00e9 em resposta ao aumento significativo de fam\u00edlias unipessoais inseridas no Cadastro \u00danico e tentativas de fraude ao longo do \u00faltimo ano em todo o pa\u00eds.\" \/>\n<meta property=\"og:url\" content=\"https:\/\/www.manaus.am.gov.br\/semasc\/prefeitura-apresenta-planejamento-de-visitas-tecnicas-para-atualizacao-de-dados-do-suas\/\" \/>\n<meta property=\"og:site_name\" content=\"SEMASC\" \/>\n<meta property=\"article:publisher\" content=\"https:\/\/www.facebook.com\/semascmanaus\" \/>\n<meta property=\"article:published_time\" content=\"2023-08-29T17:55:57+00:00\" \/>\n<meta property=\"article:modified_time\" content=\"2023-08-29T17:56:04+00:00\" \/>\n<meta property=\"og:image\" content=\"https:\/\/www.manaus.am.gov.br\/semasc\/wp-content\/uploads\/sites\/17\/2023\/08\/53151238523_faeb74582f_c.jpg\" \/>\n\t<meta property=\"og:image:width\" content=\"799\" \/>\n\t<meta property=\"og:image:height\" content=\"533\" \/>\n\t<meta property=\"og:image:type\" content=\"image\/jpeg\" \/>\n<meta name=\"author\" content=\"Adriana Costa\" \/>\n<meta name=\"twitter:card\" content=\"summary_large_image\" \/>\n<meta name=\"twitter:label1\" content=\"Written by\" \/>\n\t<meta name=\"twitter:data1\" content=\"Adriana Costa\" \/>\n\t<meta name=\"twitter:label2\" content=\"Est. reading time\" \/>\n\t<meta name=\"twitter:data2\" content=\"3 minutos\" \/>\n<script type=\"application\/ld+json\" class=\"yoast-schema-graph\">{\"@context\":\"https:\/\/schema.org\",\"@graph\":[{\"@type\":\"Article\",\"@id\":\"https:\/\/www.manaus.am.gov.br\/semasc\/prefeitura-apresenta-planejamento-de-visitas-tecnicas-para-atualizacao-de-dados-do-suas\/#article\",\"isPartOf\":{\"@id\":\"https:\/\/www.manaus.am.gov.br\/semasc\/prefeitura-apresenta-planejamento-de-visitas-tecnicas-para-atualizacao-de-dados-do-suas\/\"},\"author\":{\"name\":\"Adriana Costa\",\"@id\":\"https:\/\/www.manaus.am.gov.br\/semasc\/#\/schema\/person\/4e49f4e267757a06ca072ec61b2b9968\"},\"headline\":\"Prefeitura apresenta planejamento de visitas t\u00e9cnicas para atualiza\u00e7\u00e3o de dados do Suas\",\"datePublished\":\"2023-08-29T17:55:57+00:00\",\"dateModified\":\"2023-08-29T17:56:04+00:00\",\"mainEntityOfPage\":{\"@id\":\"https:\/\/www.manaus.am.gov.br\/semasc\/prefeitura-apresenta-planejamento-de-visitas-tecnicas-para-atualizacao-de-dados-do-suas\/\"},\"wordCount\":536,\"publisher\":{\"@id\":\"https:\/\/www.manaus.am.gov.br\/semasc\/#organization\"},\"image\":{\"@id\":\"https:\/\/www.manaus.am.gov.br\/semasc\/prefeitura-apresenta-planejamento-de-visitas-tecnicas-para-atualizacao-de-dados-do-suas\/#primaryimage\"},\"thumbnailUrl\":\"https:\/\/www.manaus.am.gov.br\/semasc\/wp-content\/uploads\/sites\/17\/2023\/08\/53151238523_faeb74582f_c.jpg\",\"keywords\":[\"prefeitura de manaus\",\"reuni\u00e3o\",\"visitas t\u00e9cnicas\"],\"articleSection\":[\"Assist\u00eancia Social\"],\"inLanguage\":\"pt-BR\"},{\"@type\":\"WebPage\",\"@id\":\"https:\/\/www.manaus.am.gov.br\/semasc\/prefeitura-apresenta-planejamento-de-visitas-tecnicas-para-atualizacao-de-dados-do-suas\/\",\"url\":\"https:\/\/www.manaus.am.gov.br\/semasc\/prefeitura-apresenta-planejamento-de-visitas-tecnicas-para-atualizacao-de-dados-do-suas\/\",\"name\":\"Prefeitura apresenta planejamento de visitas t\u00e9cnicas para atualiza\u00e7\u00e3o de dados do Suas\",\"isPartOf\":{\"@id\":\"https:\/\/www.manaus.am.gov.br\/semasc\/#website\"},\"primaryImageOfPage\":{\"@id\":\"https:\/\/www.manaus.am.gov.br\/semasc\/prefeitura-apresenta-planejamento-de-visitas-tecnicas-para-atualizacao-de-dados-do-suas\/#primaryimage\"},\"image\":{\"@id\":\"https:\/\/www.manaus.am.gov.br\/semasc\/prefeitura-apresenta-planejamento-de-visitas-tecnicas-para-atualizacao-de-dados-do-suas\/#primaryimage\"},\"thumbnailUrl\":\"https:\/\/www.manaus.am.gov.br\/semasc\/wp-content\/uploads\/sites\/17\/2023\/08\/53151238523_faeb74582f_c.jpg\",\"datePublished\":\"2023-08-29T17:55:57+00:00\",\"dateModified\":\"2023-08-29T17:56:04+00:00\",\"description\":\"A Prefeitura de Manaus, por meio da Secretaria Municipal da Mulher, Assist\u00eancia Social e Cidadania (Semasc), realizou, nesta ter\u00e7a-feira, 29\/8, uma reuni\u00e3o para a apresenta\u00e7\u00e3o do plano de a\u00e7\u00e3o das visitas t\u00e9cnicas para atualiza\u00e7\u00e3o de dados do Sistema \u00danico da Assist\u00eancia Social (Suas), determinadas pelo governo federal, via Minist\u00e9rio de Desenvolvimento e Assist\u00eancia Social, Fam\u00edlia e Combate \u00e0 Fome (MDS). A a\u00e7\u00e3o \u00e9 em resposta ao aumento significativo de fam\u00edlias unipessoais inseridas no Cadastro \u00danico e tentativas de fraude ao longo do \u00faltimo ano em todo o pa\u00eds.\",\"breadcrumb\":{\"@id\":\"https:\/\/www.manaus.am.gov.br\/semasc\/prefeitura-apresenta-planejamento-de-visitas-tecnicas-para-atualizacao-de-dados-do-suas\/#breadcrumb\"},\"inLanguage\":\"pt-BR\",\"potentialAction\":[{\"@type\":\"ReadAction\",\"target\":[\"https:\/\/www.manaus.am.gov.br\/semasc\/prefeitura-apresenta-planejamento-de-visitas-tecnicas-para-atualizacao-de-dados-do-suas\/\"]}]},{\"@type\":\"ImageObject\",\"inLanguage\":\"pt-BR\",\"@id\":\"https:\/\/www.manaus.am.gov.br\/semasc\/prefeitura-apresenta-planejamento-de-visitas-tecnicas-para-atualizacao-de-dados-do-suas\/#primaryimage\",\"url\":\"https:\/\/www.manaus.am.gov.br\/semasc\/wp-content\/uploads\/sites\/17\/2023\/08\/53151238523_faeb74582f_c.jpg\",\"contentUrl\":\"https:\/\/www.manaus.am.gov.br\/semasc\/wp-content\/uploads\/sites\/17\/2023\/08\/53151238523_faeb74582f_c.jpg\",\"width\":799,\"height\":533},{\"@type\":\"BreadcrumbList\",\"@id\":\"https:\/\/www.manaus.am.gov.br\/semasc\/prefeitura-apresenta-planejamento-de-visitas-tecnicas-para-atualizacao-de-dados-do-suas\/#breadcrumb\",\"itemListElement\":[{\"@type\":\"ListItem\",\"position\":1,\"name\":\"Home\",\"item\":\"https:\/\/www.manaus.am.gov.br\/semasc\/\"},{\"@type\":\"ListItem\",\"position\":2,\"name\":\"Prefeitura apresenta planejamento de visitas t\u00e9cnicas para atualiza\u00e7\u00e3o de dados do Suas\"}]},{\"@type\":\"WebSite\",\"@id\":\"https:\/\/www.manaus.am.gov.br\/semasc\/#website\",\"url\":\"https:\/\/www.manaus.am.gov.br\/semasc\/\",\"name\":\"SEMASC\",\"description\":\"Secretaria Municipal da Mulher, Assist\u00eancia Social e Cidadania.\",\"publisher\":{\"@id\":\"https:\/\/www.manaus.am.gov.br\/semasc\/#organization\"},\"alternateName\":\"Secretaria Municipal da Mulher, Assist\u00eancia Social e Cidadania\",\"potentialAction\":[{\"@type\":\"SearchAction\",\"target\":{\"@type\":\"EntryPoint\",\"urlTemplate\":\"https:\/\/www.manaus.am.gov.br\/semasc\/?s={search_term_string}\"},\"query-input\":\"required name=search_term_string\"}],\"inLanguage\":\"pt-BR\"},{\"@type\":\"Organization\",\"@id\":\"https:\/\/www.manaus.am.gov.br\/semasc\/#organization\",\"name\":\"Prefeitura de Manaus\",\"alternateName\":\"Prefeitura Municipal de Manaus\",\"url\":\"https:\/\/www.manaus.am.gov.br\/semasc\/\",\"logo\":{\"@type\":\"ImageObject\",\"inLanguage\":\"pt-BR\",\"@id\":\"https:\/\/www.manaus.am.gov.br\/semasc\/#\/schema\/logo\/image\/\",\"url\":\"https:\/\/www.manaus.am.gov.br\/semasc\/wp-content\/uploads\/sites\/17\/2024\/07\/favicon.png\",\"contentUrl\":\"https:\/\/www.manaus.am.gov.br\/semasc\/wp-content\/uploads\/sites\/17\/2024\/07\/favicon.png\",\"width\":300,\"height\":300,\"caption\":\"Prefeitura de Manaus\"},\"image\":{\"@id\":\"https:\/\/www.manaus.am.gov.br\/semasc\/#\/schema\/logo\/image\/\"},\"sameAs\":[\"https:\/\/www.facebook.com\/semascmanaus\",\"https:\/\/www.instagram.com\/semascmanaus\/\"]},{\"@type\":\"Person\",\"@id\":\"https:\/\/www.manaus.am.gov.br\/semasc\/#\/schema\/person\/4e49f4e267757a06ca072ec61b2b9968\",\"name\":\"Adriana Costa\",\"image\":{\"@type\":\"ImageObject\",\"inLanguage\":\"pt-BR\",\"@id\":\"https:\/\/www.manaus.am.gov.br\/semasc\/#\/schema\/person\/image\/\",\"url\":\"https:\/\/secure.gravatar.com\/avatar\/576258617ef7194f718179e766d57bd4?s=96&d=mm&r=g\",\"contentUrl\":\"https:\/\/secure.gravatar.com\/avatar\/576258617ef7194f718179e766d57bd4?s=96&d=mm&r=g\",\"caption\":\"Adriana Costa\"}}]}<\/script>\n<!-- \/ Yoast SEO plugin. -->","yoast_head_json":{"title":"Prefeitura apresenta planejamento de visitas t\u00e9cnicas para atualiza\u00e7\u00e3o de dados do Suas","description":"A Prefeitura de Manaus, por meio da Secretaria Municipal da Mulher, Assist\u00eancia Social e Cidadania (Semasc), realizou, nesta ter\u00e7a-feira, 29\/8, uma reuni\u00e3o para a apresenta\u00e7\u00e3o do plano de a\u00e7\u00e3o das visitas t\u00e9cnicas para atualiza\u00e7\u00e3o de dados do Sistema \u00danico da Assist\u00eancia Social (Suas), determinadas pelo governo federal, via Minist\u00e9rio de Desenvolvimento e Assist\u00eancia Social, Fam\u00edlia e Combate \u00e0 Fome (MDS). A a\u00e7\u00e3o \u00e9 em resposta ao aumento significativo de fam\u00edlias unipessoais inseridas no Cadastro \u00danico e tentativas de fraude ao longo do \u00faltimo ano em todo o pa\u00eds.","robots":{"index":"noindex","follow":"follow"},"og_locale":"pt_BR","og_type":"article","og_title":"Prefeitura apresenta planejamento de visitas t\u00e9cnicas para atualiza\u00e7\u00e3o de dados do Suas","og_description":"A Prefeitura de Manaus, por meio da Secretaria Municipal da Mulher, Assist\u00eancia Social e Cidadania (Semasc), realizou, nesta ter\u00e7a-feira, 29\/8, uma reuni\u00e3o para a apresenta\u00e7\u00e3o do plano de a\u00e7\u00e3o das visitas t\u00e9cnicas para atualiza\u00e7\u00e3o de dados do Sistema \u00danico da Assist\u00eancia Social (Suas), determinadas pelo governo federal, via Minist\u00e9rio de Desenvolvimento e Assist\u00eancia Social, Fam\u00edlia e Combate \u00e0 Fome (MDS). A a\u00e7\u00e3o \u00e9 em resposta ao aumento significativo de fam\u00edlias unipessoais inseridas no Cadastro \u00danico e tentativas de fraude ao longo do \u00faltimo ano em todo o pa\u00eds.","og_url":"https:\/\/www.manaus.am.gov.br\/semasc\/prefeitura-apresenta-planejamento-de-visitas-tecnicas-para-atualizacao-de-dados-do-suas\/","og_site_name":"SEMASC","article_publisher":"https:\/\/www.facebook.com\/semascmanaus","article_published_time":"2023-08-29T17:55:57+00:00","article_modified_time":"2023-08-29T17:56:04+00:00","og_image":[{"width":799,"height":533,"url":"https:\/\/www.manaus.am.gov.br\/semasc\/wp-content\/uploads\/sites\/17\/2023\/08\/53151238523_faeb74582f_c.jpg","type":"image\/jpeg"}],"author":"Adriana Costa","twitter_card":"summary_large_image","twitter_misc":{"Written by":"Adriana Costa","Est. reading time":"3 minutos"},"schema":{"@context":"https:\/\/schema.org","@graph":[{"@type":"Article","@id":"https:\/\/www.manaus.am.gov.br\/semasc\/prefeitura-apresenta-planejamento-de-visitas-tecnicas-para-atualizacao-de-dados-do-suas\/#article","isPartOf":{"@id":"https:\/\/www.manaus.am.gov.br\/semasc\/prefeitura-apresenta-planejamento-de-visitas-tecnicas-para-atualizacao-de-dados-do-suas\/"},"author":{"name":"Adriana Costa","@id":"https:\/\/www.manaus.am.gov.br\/semasc\/#\/schema\/person\/4e49f4e267757a06ca072ec61b2b9968"},"headline":"Prefeitura apresenta planejamento de visitas t\u00e9cnicas para atualiza\u00e7\u00e3o de dados do Suas","datePublished":"2023-08-29T17:55:57+00:00","dateModified":"2023-08-29T17:56:04+00:00","mainEntityOfPage":{"@id":"https:\/\/www.manaus.am.gov.br\/semasc\/prefeitura-apresenta-planejamento-de-visitas-tecnicas-para-atualizacao-de-dados-do-suas\/"},"wordCount":536,"publisher":{"@id":"https:\/\/www.manaus.am.gov.br\/semasc\/#organization"},"image":{"@id":"https:\/\/www.manaus.am.gov.br\/semasc\/prefeitura-apresenta-planejamento-de-visitas-tecnicas-para-atualizacao-de-dados-do-suas\/#primaryimage"},"thumbnailUrl":"https:\/\/www.manaus.am.gov.br\/semasc\/wp-content\/uploads\/sites\/17\/2023\/08\/53151238523_faeb74582f_c.jpg","keywords":["prefeitura de manaus","reuni\u00e3o","visitas t\u00e9cnicas"],"articleSection":["Assist\u00eancia Social"],"inLanguage":"pt-BR"},{"@type":"WebPage","@id":"https:\/\/www.manaus.am.gov.br\/semasc\/prefeitura-apresenta-planejamento-de-visitas-tecnicas-para-atualizacao-de-dados-do-suas\/","url":"https:\/\/www.manaus.am.gov.br\/semasc\/prefeitura-apresenta-planejamento-de-visitas-tecnicas-para-atualizacao-de-dados-do-suas\/","name":"Prefeitura apresenta planejamento de visitas t\u00e9cnicas para atualiza\u00e7\u00e3o de dados do Suas","isPartOf":{"@id":"https:\/\/www.manaus.am.gov.br\/semasc\/#website"},"primaryImageOfPage":{"@id":"https:\/\/www.manaus.am.gov.br\/semasc\/prefeitura-apresenta-planejamento-de-visitas-tecnicas-para-atualizacao-de-dados-do-suas\/#primaryimage"},"image":{"@id":"https:\/\/www.manaus.am.gov.br\/semasc\/prefeitura-apresenta-planejamento-de-visitas-tecnicas-para-atualizacao-de-dados-do-suas\/#primaryimage"},"thumbnailUrl":"https:\/\/www.manaus.am.gov.br\/semasc\/wp-content\/uploads\/sites\/17\/2023\/08\/53151238523_faeb74582f_c.jpg","datePublished":"2023-08-29T17:55:57+00:00","dateModified":"2023-08-29T17:56:04+00:00","description":"A Prefeitura de Manaus, por meio da Secretaria Municipal da Mulher, Assist\u00eancia Social e Cidadania (Semasc), realizou, nesta ter\u00e7a-feira, 29\/8, uma reuni\u00e3o para a apresenta\u00e7\u00e3o do plano de a\u00e7\u00e3o das visitas t\u00e9cnicas para atualiza\u00e7\u00e3o de dados do Sistema \u00danico da Assist\u00eancia Social (Suas), determinadas pelo governo federal, via Minist\u00e9rio de Desenvolvimento e Assist\u00eancia Social, Fam\u00edlia e Combate \u00e0 Fome (MDS). A a\u00e7\u00e3o \u00e9 em resposta ao aumento significativo de fam\u00edlias unipessoais inseridas no Cadastro \u00danico e tentativas de fraude ao longo do \u00faltimo ano em todo o pa\u00eds.","breadcrumb":{"@id":"https:\/\/www.manaus.am.gov.br\/semasc\/prefeitura-apresenta-planejamento-de-visitas-tecnicas-para-atualizacao-de-dados-do-suas\/#breadcrumb"},"inLanguage":"pt-BR","potentialAction":[{"@type":"ReadAction","target":["https:\/\/www.manaus.am.gov.br\/semasc\/prefeitura-apresenta-planejamento-de-visitas-tecnicas-para-atualizacao-de-dados-do-suas\/"]}]},{"@type":"ImageObject","inLanguage":"pt-BR","@id":"https:\/\/www.manaus.am.gov.br\/semasc\/prefeitura-apresenta-planejamento-de-visitas-tecnicas-para-atualizacao-de-dados-do-suas\/#primaryimage","url":"https:\/\/www.manaus.am.gov.br\/semasc\/wp-content\/uploads\/sites\/17\/2023\/08\/53151238523_faeb74582f_c.jpg","contentUrl":"https:\/\/www.manaus.am.gov.br\/semasc\/wp-content\/uploads\/sites\/17\/2023\/08\/53151238523_faeb74582f_c.jpg","width":799,"height":533},{"@type":"BreadcrumbList","@id":"https:\/\/www.manaus.am.gov.br\/semasc\/prefeitura-apresenta-planejamento-de-visitas-tecnicas-para-atualizacao-de-dados-do-suas\/#breadcrumb","itemListElement":[{"@type":"ListItem","position":1,"name":"Home","item":"https:\/\/www.manaus.am.gov.br\/semasc\/"},{"@type":"ListItem","position":2,"name":"Prefeitura apresenta planejamento de visitas t\u00e9cnicas para atualiza\u00e7\u00e3o de dados do Suas"}]},{"@type":"WebSite","@id":"https:\/\/www.manaus.am.gov.br\/semasc\/#website","url":"https:\/\/www.manaus.am.gov.br\/semasc\/","name":"SEMASC","description":"Secretaria Municipal da Mulher, Assist\u00eancia Social e Cidadania.","publisher":{"@id":"https:\/\/www.manaus.am.gov.br\/semasc\/#organization"},"alternateName":"Secretaria Municipal da Mulher, Assist\u00eancia Social e Cidadania","potentialAction":[{"@type":"SearchAction","target":{"@type":"EntryPoint","urlTemplate":"https:\/\/www.manaus.am.gov.br\/semasc\/?s={search_term_string}"},"query-input":"required name=search_term_string"}],"inLanguage":"pt-BR"},{"@type":"Organization","@id":"https:\/\/www.manaus.am.gov.br\/semasc\/#organization","name":"Prefeitura de Manaus","alternateName":"Prefeitura Municipal de Manaus","url":"https:\/\/www.manaus.am.gov.br\/semasc\/","logo":{"@type":"ImageObject","inLanguage":"pt-BR","@id":"https:\/\/www.manaus.am.gov.br\/semasc\/#\/schema\/logo\/image\/","url":"https:\/\/www.manaus.am.gov.br\/semasc\/wp-content\/uploads\/sites\/17\/2024\/07\/favicon.png","contentUrl":"https:\/\/www.manaus.am.gov.br\/semasc\/wp-content\/uploads\/sites\/17\/2024\/07\/favicon.png","width":300,"height":300,"caption":"Prefeitura de Manaus"},"image":{"@id":"https:\/\/www.manaus.am.gov.br\/semasc\/#\/schema\/logo\/image\/"},"sameAs":["https:\/\/www.facebook.com\/semascmanaus","https:\/\/www.instagram.com\/semascmanaus\/"]},{"@type":"Person","@id":"https:\/\/www.manaus.am.gov.br\/semasc\/#\/schema\/person\/4e49f4e267757a06ca072ec61b2b9968","name":"Adriana Costa","image":{"@type":"ImageObject","inLanguage":"pt-BR","@id":"https:\/\/www.manaus.am.gov.br\/semasc\/#\/schema\/person\/image\/","url":"https:\/\/secure.gravatar.com\/avatar\/576258617ef7194f718179e766d57bd4?s=96&d=mm&r=g","contentUrl":"https:\/\/secure.gravatar.com\/avatar\/576258617ef7194f718179e766d57bd4?s=96&d=mm&r=g","caption":"Adriana Costa"}}]}},"_links":{"self":[{"href":"https:\/\/www.manaus.am.gov.br\/semasc\/wp-json\/wp\/v2\/posts\/208842"}],"collection":[{"href":"https:\/\/www.manaus.am.gov.br\/semasc\/wp-json\/wp\/v2\/posts"}],"about":[{"href":"https:\/\/www.manaus.am.gov.br\/semasc\/wp-json\/wp\/v2\/types\/post"}],"author":[{"embeddable":true,"href":"https:\/\/www.manaus.am.gov.br\/semasc\/wp-json\/wp\/v2\/users\/23"}],"replies":[{"embeddable":true,"href":"https:\/\/www.manaus.am.gov.br\/semasc\/wp-json\/wp\/v2\/comments?post=208842"}],"version-history":[{"count":0,"href":"https:\/\/www.manaus.am.gov.br\/semasc\/wp-json\/wp\/v2\/posts\/208842\/revisions"}],"wp:featuredmedia":[{"embeddable":true,"href":"https:\/\/www.manaus.am.gov.br\/semasc\/wp-json\/wp\/v2\/media\/208843"}],"wp:attachment":[{"href":"https:\/\/www.manaus.am.gov.br\/semasc\/wp-json\/wp\/v2\/media?parent=208842"}],"wp:term":[{"taxonomy":"category","embeddable":true,"href":"https:\/\/www.manaus.am.gov.br\/semasc\/wp-json\/wp\/v2\/categories?post=208842"},{"taxonomy":"post_tag","embeddable":true,"href":"https:\/\/www.manaus.am.gov.br\/semasc\/wp-json\/wp\/v2\/tags?post=208842"}],"curies":[{"name":"wp","href":"https:\/\/api.w.org\/{rel}","templated":true}]}}